{"id":13491,"date":"2017-03-07T11:48:00","date_gmt":"2017-03-07T10:48:00","guid":{"rendered":"https:\/\/www.iemj.org\/2017\/03\/09\/classique-vous-avez-dit-classique-martin-barral-and-the-orchestra-from-orsay\/"},"modified":"2025-09-25T10:00:14","modified_gmt":"2025-09-25T08:00:14","slug":"classique-vous-avez-dit-classique-martin-barral-and-the-orchestra-from-orsay","status":"publish","type":"post","link":"https:\/\/www.iemj.org\/en\/classique-vous-avez-dit-classique-martin-barral-and-the-orchestra-from-orsay\/","title":{"rendered":"Classique vous avez dit classique : Martin Barral and the orchestra from Orsay"},"content":{"rendered":"\n<p class=\"post_excerpt\"><strong>Classique vous avez dit classique &#8211; March 1, 2017, Juda\u00efques FM (94,8)<\/strong><\/p>\n\n\n\n<!--more-->\n\n\n\n<p><br>Laure Schnapper, with Martin Barral, present the orchestra of Orsay&#8217;s Campus, that will perform in March 2017 four concerts of music from the composers Fernand Halphen, Gabriel Faur\u00e9 and Camille Saint-Sa\u00ebns.<br>We will hear excerpts from the 2nd symphony by F\u00e9lix Mendelsohn, the Andante religioso by Fernand Halphen and the concerto for violin by Camille Saint-Sa\u00ebns.<\/p>\n\n\n<div class=\"wp-block-image\">\n<figure class=\"alignleft size-full is-resized\"><img fetchpriority=\"high\" decoding=\"async\" width=\"379\" height=\"411\" src=\"https:\/\/www.iemj.org\/wp-content\/uploads\/2025\/09\/Laure-Schnapper_emissions-radio.jpg\" alt=\"\" class=\"wp-image-125326\" style=\"width:150px;height:auto\" srcset=\"https:\/\/www.iemj.org\/wp-content\/uploads\/2025\/09\/Laure-Schnapper_emissions-radio.jpg 379w, https:\/\/www.iemj.org\/wp-content\/uploads\/2025\/09\/Laure-Schnapper_emissions-radio-277x300.jpg 277w\" sizes=\"(max-width: 379px) 100vw, 379px\" \/><\/figure>\n<\/div>\n\n\n<p><br class=\"autobr\"><i><span class=\"spip_document_5545 spip_documents spip_documents_left\"> <\/span>Laure Schnapper is a musicologist in the G. Simmel Centre in EHESS university where she teaches. She is also president of the European Institute for Jewish Music.<br class=\"autobr\">After the publication of her PhD, L\u2019ostinato, proc\u00e9d\u00e9 musical universel (Champion, 1998), she wrote many articles about music in France in the 19th century, as well as a book on Henri Herz, magnat du piano. La vie musicale en France au XIXe si\u00e8cle (Editions de l\u2019EHESS, 2011), which received the Prix des Muses award. She also dedicated several articles on &#8220;degenerated&#8221; music, to the exiled composer Joseph Kosma, and to the composer <a class=\"spip_out\" href=\"https:\/\/www.iemj.org\/en\/halphen-fernand-1872-1917\/\" target=\"_blank\" rel=\"external noopener\">Fernand Halphen (1872-1917)<\/a>.<br class=\"autobr\">In 2017, she directed the publication of the book <a class=\"spip_out\" href=\"https:\/\/www.iemj.org\/en\/du-salon-au-front-fernand-halphen-1872-1917-compositeur-mecene-et-chef-de-musique-militaire\/\" target=\"_blank\" rel=\"external noopener\">Du salon au front. Fernand Halphen (1872-1917), compositeur, m\u00e9c\u00e8ne et chef de musique militaire<\/a> at the Hermann editions.<\/i><\/p>\n\n\n\n<figure class=\"wp-block-image alignwide size-large\"><img decoding=\"async\" width=\"1024\" height=\"133\" src=\"https:\/\/www.iemj.org\/wp-content\/uploads\/2024\/03\/AUDIO-PLAYER-1024x133.png\" alt=\"\" class=\"wp-image-110607\" srcset=\"https:\/\/www.iemj.org\/wp-content\/uploads\/2024\/03\/AUDIO-PLAYER-1024x133.png 1024w, https:\/\/www.iemj.org\/wp-content\/uploads\/2024\/03\/AUDIO-PLAYER-300x39.png 300w, https:\/\/www.iemj.org\/wp-content\/uploads\/2024\/03\/AUDIO-PLAYER-768x100.png 768w, https:\/\/www.iemj.org\/wp-content\/uploads\/2024\/03\/AUDIO-PLAYER-600x78.png 600w, https:\/\/www.iemj.org\/wp-content\/uploads\/2024\/03\/AUDIO-PLAYER.png 1210w\" sizes=\"(max-width: 1024px) 100vw, 1024px\" \/><\/figure>\n\n\n\n<div class=\"wp-block-file\"><a href=\"https:\/\/www.iemj.org\/wp-content\/uploads\/2017\/03\/17-03_-_classique-vous-avez-dit-classique_-_laure_schnapper_-_martin_barral_chef_de_l_orchestre_du_campus_d_orsay.mp3\">Martin Barral et l&#8217;Orchestre du Campus d&#8217;Orsay &#8211; Laure Schnapper (Juda\u00efques FM 94,8)<\/a><\/div>\n","protected":false},"excerpt":{"rendered":"<p>Classique vous avez dit classique &#8211; March 1, 2017, Juda\u00efques FM (94,8)<\/p>\n","protected":false},"author":1048,"featured_media":13489,"comment_status":"closed","ping_status":"open","sticky":false,"template":"","format":"standard","meta":{"_acf_changed":false,"footnotes":""},"categories":[2164,899],"tags":[],"technique":[],"squelettes":[],"sujet":[],"formation":[],"genre":[1117],"fonds":[],"tradition":[],"type-de-contenu":[],"interprete-compositeur":[],"frise":[],"type-devenement":[],"tableaux-liens-externes":[],"class_list":["post-13491","post","type-post","status-publish","format-standard","has-post-thumbnail","hentry","category-laure-schnappers-programs-en","category-radio-programs-en","genre-classical-music"],"acf":[],"yoast_head":"<!-- This site is optimized with the Yoast SEO plugin v27.3 - https:\/\/yoast.com\/product\/yoast-seo-wordpress\/ -->\n<title>Classique vous avez dit classique : Martin Barral and the orchestra from Orsay - Institut Europ\u00e9en des Musiques Juives<\/title>\n<meta name=\"robots\" content=\"index, follow, max-snippet:-1, max-image-preview:large, max-video-preview:-1\" \/>\n<link rel=\"canonical\" href=\"https:\/\/www.iemj.org\/en\/classique-vous-avez-dit-classique-martin-barral-and-the-orchestra-from-orsay\/\" \/>\n<meta property=\"og:locale\" content=\"en_US\" \/>\n<meta property=\"og:type\" content=\"article\" \/>\n<meta property=\"og:title\" content=\"Classique vous avez dit classique : Martin Barral and the orchestra from Orsay - Institut Europ\u00e9en des Musiques Juives\" \/>\n<meta property=\"og:description\" content=\"Classique vous avez dit classique &#8211; March 1, 2017, Juda\u00efques FM (94,8)\" \/>\n<meta property=\"og:url\" content=\"https:\/\/www.iemj.org\/en\/classique-vous-avez-dit-classique-martin-barral-and-the-orchestra-from-orsay\/\" \/>\n<meta property=\"og:site_name\" content=\"Institut Europ\u00e9en des Musiques Juives\" \/>\n<meta property=\"article:publisher\" content=\"https:\/\/www.facebook.com\/MusiquesJuives\/\" \/>\n<meta property=\"article:published_time\" content=\"2017-03-07T10:48:00+00:00\" \/>\n<meta property=\"article:modified_time\" content=\"2025-09-25T08:00:14+00:00\" \/>\n<meta property=\"og:image\" content=\"https:\/\/www.iemj.org\/wp-content\/uploads\/2017\/03\/arton2170.jpg\" \/>\n\t<meta property=\"og:image:width\" content=\"255\" \/>\n\t<meta property=\"og:image:height\" content=\"192\" \/>\n\t<meta property=\"og:image:type\" content=\"image\/jpeg\" \/>\n<meta name=\"author\" content=\"Jean-Gabriel Davis\" \/>\n<meta name=\"twitter:card\" content=\"summary_large_image\" \/>\n<meta name=\"twitter:label1\" content=\"Written by\" \/>\n\t<meta name=\"twitter:data1\" content=\"Jean-Gabriel Davis\" \/>\n\t<meta name=\"twitter:label2\" content=\"Est. reading time\" \/>\n\t<meta name=\"twitter:data2\" content=\"2 minutes\" \/>\n<script type=\"application\/ld+json\" class=\"yoast-schema-graph\">{\"@context\":\"https:\\\/\\\/schema.org\",\"@graph\":[{\"@type\":\"Article\",\"@id\":\"https:\\\/\\\/www.iemj.org\\\/en\\\/classique-vous-avez-dit-classique-martin-barral-and-the-orchestra-from-orsay\\\/#article\",\"isPartOf\":{\"@id\":\"https:\\\/\\\/www.iemj.org\\\/en\\\/classique-vous-avez-dit-classique-martin-barral-and-the-orchestra-from-orsay\\\/\"},\"author\":{\"name\":\"Jean-Gabriel Davis\",\"@id\":\"https:\\\/\\\/www.iemj.org\\\/en\\\/#\\\/schema\\\/person\\\/c9bc1c386a3749579a2d675e72a18666\"},\"headline\":\"Classique vous avez dit classique : Martin Barral and the orchestra from Orsay\",\"datePublished\":\"2017-03-07T10:48:00+00:00\",\"dateModified\":\"2025-09-25T08:00:14+00:00\",\"mainEntityOfPage\":{\"@id\":\"https:\\\/\\\/www.iemj.org\\\/en\\\/classique-vous-avez-dit-classique-martin-barral-and-the-orchestra-from-orsay\\\/\"},\"wordCount\":228,\"publisher\":{\"@id\":\"https:\\\/\\\/www.iemj.org\\\/en\\\/#organization\"},\"image\":{\"@id\":\"https:\\\/\\\/www.iemj.org\\\/en\\\/classique-vous-avez-dit-classique-martin-barral-and-the-orchestra-from-orsay\\\/#primaryimage\"},\"thumbnailUrl\":\"https:\\\/\\\/www.iemj.org\\\/wp-content\\\/uploads\\\/2017\\\/03\\\/arton2170.jpg\",\"articleSection\":[\"Laure Schnapper's Programs\",\"Radio programs\"],\"inLanguage\":\"en-US\"},{\"@type\":\"WebPage\",\"@id\":\"https:\\\/\\\/www.iemj.org\\\/en\\\/classique-vous-avez-dit-classique-martin-barral-and-the-orchestra-from-orsay\\\/\",\"url\":\"https:\\\/\\\/www.iemj.org\\\/en\\\/classique-vous-avez-dit-classique-martin-barral-and-the-orchestra-from-orsay\\\/\",\"name\":\"Classique vous avez dit classique : Martin Barral and the orchestra from Orsay - Institut Europ\u00e9en des Musiques Juives\",\"isPartOf\":{\"@id\":\"https:\\\/\\\/www.iemj.org\\\/en\\\/#website\"},\"primaryImageOfPage\":{\"@id\":\"https:\\\/\\\/www.iemj.org\\\/en\\\/classique-vous-avez-dit-classique-martin-barral-and-the-orchestra-from-orsay\\\/#primaryimage\"},\"image\":{\"@id\":\"https:\\\/\\\/www.iemj.org\\\/en\\\/classique-vous-avez-dit-classique-martin-barral-and-the-orchestra-from-orsay\\\/#primaryimage\"},\"thumbnailUrl\":\"https:\\\/\\\/www.iemj.org\\\/wp-content\\\/uploads\\\/2017\\\/03\\\/arton2170.jpg\",\"datePublished\":\"2017-03-07T10:48:00+00:00\",\"dateModified\":\"2025-09-25T08:00:14+00:00\",\"breadcrumb\":{\"@id\":\"https:\\\/\\\/www.iemj.org\\\/en\\\/classique-vous-avez-dit-classique-martin-barral-and-the-orchestra-from-orsay\\\/#breadcrumb\"},\"inLanguage\":\"en-US\",\"potentialAction\":[{\"@type\":\"ReadAction\",\"target\":[\"https:\\\/\\\/www.iemj.org\\\/en\\\/classique-vous-avez-dit-classique-martin-barral-and-the-orchestra-from-orsay\\\/\"]}]},{\"@type\":\"ImageObject\",\"inLanguage\":\"en-US\",\"@id\":\"https:\\\/\\\/www.iemj.org\\\/en\\\/classique-vous-avez-dit-classique-martin-barral-and-the-orchestra-from-orsay\\\/#primaryimage\",\"url\":\"https:\\\/\\\/www.iemj.org\\\/wp-content\\\/uploads\\\/2017\\\/03\\\/arton2170.jpg\",\"contentUrl\":\"https:\\\/\\\/www.iemj.org\\\/wp-content\\\/uploads\\\/2017\\\/03\\\/arton2170.jpg\",\"width\":255,\"height\":192},{\"@type\":\"BreadcrumbList\",\"@id\":\"https:\\\/\\\/www.iemj.org\\\/en\\\/classique-vous-avez-dit-classique-martin-barral-and-the-orchestra-from-orsay\\\/#breadcrumb\",\"itemListElement\":[{\"@type\":\"ListItem\",\"position\":1,\"name\":\"Accueil\",\"item\":\"https:\\\/\\\/www.iemj.org\\\/en\\\/\"},{\"@type\":\"ListItem\",\"position\":2,\"name\":\"Classique vous avez dit classique : Martin Barral and the orchestra from Orsay\"}]},{\"@type\":\"WebSite\",\"@id\":\"https:\\\/\\\/www.iemj.org\\\/en\\\/#website\",\"url\":\"https:\\\/\\\/www.iemj.org\\\/en\\\/\",\"name\":\"Institut Europ\u00e9en des Musiques Juives\",\"description\":\"Des traditions musicales \u00e0 la port\u00e9e de tous\",\"publisher\":{\"@id\":\"https:\\\/\\\/www.iemj.org\\\/en\\\/#organization\"},\"potentialAction\":[{\"@type\":\"SearchAction\",\"target\":{\"@type\":\"EntryPoint\",\"urlTemplate\":\"https:\\\/\\\/www.iemj.org\\\/en\\\/?s={search_term_string}\"},\"query-input\":{\"@type\":\"PropertyValueSpecification\",\"valueRequired\":true,\"valueName\":\"search_term_string\"}}],\"inLanguage\":\"en-US\"},{\"@type\":\"Organization\",\"@id\":\"https:\\\/\\\/www.iemj.org\\\/en\\\/#organization\",\"name\":\"Institut Europ\u00e9en des Musiques Juives\",\"url\":\"https:\\\/\\\/www.iemj.org\\\/en\\\/\",\"logo\":{\"@type\":\"ImageObject\",\"inLanguage\":\"en-US\",\"@id\":\"https:\\\/\\\/www.iemj.org\\\/en\\\/#\\\/schema\\\/logo\\\/image\\\/\",\"url\":\"https:\\\/\\\/www.iemj.org\\\/wp-content\\\/uploads\\\/2021\\\/09\\\/Logo-IEMJ-Paypal.jpg\",\"contentUrl\":\"https:\\\/\\\/www.iemj.org\\\/wp-content\\\/uploads\\\/2021\\\/09\\\/Logo-IEMJ-Paypal.jpg\",\"width\":150,\"height\":50,\"caption\":\"Institut Europ\u00e9en des Musiques Juives\"},\"image\":{\"@id\":\"https:\\\/\\\/www.iemj.org\\\/en\\\/#\\\/schema\\\/logo\\\/image\\\/\"},\"sameAs\":[\"https:\\\/\\\/www.facebook.com\\\/MusiquesJuives\\\/\",\"https:\\\/\\\/www.instagram.com\\\/musiquesjuives\\\/\",\"https:\\\/\\\/www.youtube.com\\\/user\\\/musiquesjuives\"]},{\"@type\":\"Person\",\"@id\":\"https:\\\/\\\/www.iemj.org\\\/en\\\/#\\\/schema\\\/person\\\/c9bc1c386a3749579a2d675e72a18666\",\"name\":\"Jean-Gabriel Davis\",\"image\":{\"@type\":\"ImageObject\",\"inLanguage\":\"en-US\",\"@id\":\"https:\\\/\\\/secure.gravatar.com\\\/avatar\\\/2b90d67bdf392c9b3a21fab87c0fa7edaf1fb3a058172a1ffd61033fcec7aec1?s=96&d=mm&r=g\",\"url\":\"https:\\\/\\\/secure.gravatar.com\\\/avatar\\\/2b90d67bdf392c9b3a21fab87c0fa7edaf1fb3a058172a1ffd61033fcec7aec1?s=96&d=mm&r=g\",\"contentUrl\":\"https:\\\/\\\/secure.gravatar.com\\\/avatar\\\/2b90d67bdf392c9b3a21fab87c0fa7edaf1fb3a058172a1ffd61033fcec7aec1?s=96&d=mm&r=g\",\"caption\":\"Jean-Gabriel Davis\"}}]}<\/script>\n<!-- \/ Yoast SEO plugin. -->","yoast_head_json":{"title":"Classique vous avez dit classique : Martin Barral and the orchestra from Orsay - Institut Europ\u00e9en des Musiques Juives","robots":{"index":"index","follow":"follow","max-snippet":"max-snippet:-1","max-image-preview":"max-image-preview:large","max-video-preview":"max-video-preview:-1"},"canonical":"https:\/\/www.iemj.org\/en\/classique-vous-avez-dit-classique-martin-barral-and-the-orchestra-from-orsay\/","og_locale":"en_US","og_type":"article","og_title":"Classique vous avez dit classique : Martin Barral and the orchestra from Orsay - Institut Europ\u00e9en des Musiques Juives","og_description":"Classique vous avez dit classique &#8211; March 1, 2017, Juda\u00efques FM (94,8)","og_url":"https:\/\/www.iemj.org\/en\/classique-vous-avez-dit-classique-martin-barral-and-the-orchestra-from-orsay\/","og_site_name":"Institut Europ\u00e9en des Musiques Juives","article_publisher":"https:\/\/www.facebook.com\/MusiquesJuives\/","article_published_time":"2017-03-07T10:48:00+00:00","article_modified_time":"2025-09-25T08:00:14+00:00","og_image":[{"width":255,"height":192,"url":"https:\/\/www.iemj.org\/wp-content\/uploads\/2017\/03\/arton2170.jpg","type":"image\/jpeg"}],"author":"Jean-Gabriel Davis","twitter_card":"summary_large_image","twitter_misc":{"Written by":"Jean-Gabriel Davis","Est. reading time":"2 minutes"},"schema":{"@context":"https:\/\/schema.org","@graph":[{"@type":"Article","@id":"https:\/\/www.iemj.org\/en\/classique-vous-avez-dit-classique-martin-barral-and-the-orchestra-from-orsay\/#article","isPartOf":{"@id":"https:\/\/www.iemj.org\/en\/classique-vous-avez-dit-classique-martin-barral-and-the-orchestra-from-orsay\/"},"author":{"name":"Jean-Gabriel Davis","@id":"https:\/\/www.iemj.org\/en\/#\/schema\/person\/c9bc1c386a3749579a2d675e72a18666"},"headline":"Classique vous avez dit classique : Martin Barral and the orchestra from Orsay","datePublished":"2017-03-07T10:48:00+00:00","dateModified":"2025-09-25T08:00:14+00:00","mainEntityOfPage":{"@id":"https:\/\/www.iemj.org\/en\/classique-vous-avez-dit-classique-martin-barral-and-the-orchestra-from-orsay\/"},"wordCount":228,"publisher":{"@id":"https:\/\/www.iemj.org\/en\/#organization"},"image":{"@id":"https:\/\/www.iemj.org\/en\/classique-vous-avez-dit-classique-martin-barral-and-the-orchestra-from-orsay\/#primaryimage"},"thumbnailUrl":"https:\/\/www.iemj.org\/wp-content\/uploads\/2017\/03\/arton2170.jpg","articleSection":["Laure Schnapper's Programs","Radio programs"],"inLanguage":"en-US"},{"@type":"WebPage","@id":"https:\/\/www.iemj.org\/en\/classique-vous-avez-dit-classique-martin-barral-and-the-orchestra-from-orsay\/","url":"https:\/\/www.iemj.org\/en\/classique-vous-avez-dit-classique-martin-barral-and-the-orchestra-from-orsay\/","name":"Classique vous avez dit classique : Martin Barral and the orchestra from Orsay - Institut Europ\u00e9en des Musiques Juives","isPartOf":{"@id":"https:\/\/www.iemj.org\/en\/#website"},"primaryImageOfPage":{"@id":"https:\/\/www.iemj.org\/en\/classique-vous-avez-dit-classique-martin-barral-and-the-orchestra-from-orsay\/#primaryimage"},"image":{"@id":"https:\/\/www.iemj.org\/en\/classique-vous-avez-dit-classique-martin-barral-and-the-orchestra-from-orsay\/#primaryimage"},"thumbnailUrl":"https:\/\/www.iemj.org\/wp-content\/uploads\/2017\/03\/arton2170.jpg","datePublished":"2017-03-07T10:48:00+00:00","dateModified":"2025-09-25T08:00:14+00:00","breadcrumb":{"@id":"https:\/\/www.iemj.org\/en\/classique-vous-avez-dit-classique-martin-barral-and-the-orchestra-from-orsay\/#breadcrumb"},"inLanguage":"en-US","potentialAction":[{"@type":"ReadAction","target":["https:\/\/www.iemj.org\/en\/classique-vous-avez-dit-classique-martin-barral-and-the-orchestra-from-orsay\/"]}]},{"@type":"ImageObject","inLanguage":"en-US","@id":"https:\/\/www.iemj.org\/en\/classique-vous-avez-dit-classique-martin-barral-and-the-orchestra-from-orsay\/#primaryimage","url":"https:\/\/www.iemj.org\/wp-content\/uploads\/2017\/03\/arton2170.jpg","contentUrl":"https:\/\/www.iemj.org\/wp-content\/uploads\/2017\/03\/arton2170.jpg","width":255,"height":192},{"@type":"BreadcrumbList","@id":"https:\/\/www.iemj.org\/en\/classique-vous-avez-dit-classique-martin-barral-and-the-orchestra-from-orsay\/#breadcrumb","itemListElement":[{"@type":"ListItem","position":1,"name":"Accueil","item":"https:\/\/www.iemj.org\/en\/"},{"@type":"ListItem","position":2,"name":"Classique vous avez dit classique : Martin Barral and the orchestra from Orsay"}]},{"@type":"WebSite","@id":"https:\/\/www.iemj.org\/en\/#website","url":"https:\/\/www.iemj.org\/en\/","name":"Institut Europ\u00e9en des Musiques Juives","description":"Des traditions musicales \u00e0 la port\u00e9e de tous","publisher":{"@id":"https:\/\/www.iemj.org\/en\/#organization"},"potentialAction":[{"@type":"SearchAction","target":{"@type":"EntryPoint","urlTemplate":"https:\/\/www.iemj.org\/en\/?s={search_term_string}"},"query-input":{"@type":"PropertyValueSpecification","valueRequired":true,"valueName":"search_term_string"}}],"inLanguage":"en-US"},{"@type":"Organization","@id":"https:\/\/www.iemj.org\/en\/#organization","name":"Institut Europ\u00e9en des Musiques Juives","url":"https:\/\/www.iemj.org\/en\/","logo":{"@type":"ImageObject","inLanguage":"en-US","@id":"https:\/\/www.iemj.org\/en\/#\/schema\/logo\/image\/","url":"https:\/\/www.iemj.org\/wp-content\/uploads\/2021\/09\/Logo-IEMJ-Paypal.jpg","contentUrl":"https:\/\/www.iemj.org\/wp-content\/uploads\/2021\/09\/Logo-IEMJ-Paypal.jpg","width":150,"height":50,"caption":"Institut Europ\u00e9en des Musiques Juives"},"image":{"@id":"https:\/\/www.iemj.org\/en\/#\/schema\/logo\/image\/"},"sameAs":["https:\/\/www.facebook.com\/MusiquesJuives\/","https:\/\/www.instagram.com\/musiquesjuives\/","https:\/\/www.youtube.com\/user\/musiquesjuives"]},{"@type":"Person","@id":"https:\/\/www.iemj.org\/en\/#\/schema\/person\/c9bc1c386a3749579a2d675e72a18666","name":"Jean-Gabriel Davis","image":{"@type":"ImageObject","inLanguage":"en-US","@id":"https:\/\/secure.gravatar.com\/avatar\/2b90d67bdf392c9b3a21fab87c0fa7edaf1fb3a058172a1ffd61033fcec7aec1?s=96&d=mm&r=g","url":"https:\/\/secure.gravatar.com\/avatar\/2b90d67bdf392c9b3a21fab87c0fa7edaf1fb3a058172a1ffd61033fcec7aec1?s=96&d=mm&r=g","contentUrl":"https:\/\/secure.gravatar.com\/avatar\/2b90d67bdf392c9b3a21fab87c0fa7edaf1fb3a058172a1ffd61033fcec7aec1?s=96&d=mm&r=g","caption":"Jean-Gabriel Davis"}}]}},"_links":{"self":[{"href":"https:\/\/www.iemj.org\/en\/wp-json\/wp\/v2\/posts\/13491","targetHints":{"allow":["GET"]}}],"collection":[{"href":"https:\/\/www.iemj.org\/en\/wp-json\/wp\/v2\/posts"}],"about":[{"href":"https:\/\/www.iemj.org\/en\/wp-json\/wp\/v2\/types\/post"}],"author":[{"embeddable":true,"href":"https:\/\/www.iemj.org\/en\/wp-json\/wp\/v2\/users\/1048"}],"replies":[{"embeddable":true,"href":"https:\/\/www.iemj.org\/en\/wp-json\/wp\/v2\/comments?post=13491"}],"version-history":[{"count":0,"href":"https:\/\/www.iemj.org\/en\/wp-json\/wp\/v2\/posts\/13491\/revisions"}],"wp:featuredmedia":[{"embeddable":true,"href":"https:\/\/www.iemj.org\/en\/wp-json\/wp\/v2\/media\/13489"}],"wp:attachment":[{"href":"https:\/\/www.iemj.org\/en\/wp-json\/wp\/v2\/media?parent=13491"}],"wp:term":[{"taxonomy":"category","embeddable":true,"href":"https:\/\/www.iemj.org\/en\/wp-json\/wp\/v2\/categories?post=13491"},{"taxonomy":"post_tag","embeddable":true,"href":"https:\/\/www.iemj.org\/en\/wp-json\/wp\/v2\/tags?post=13491"},{"taxonomy":"technique","embeddable":true,"href":"https:\/\/www.iemj.org\/en\/wp-json\/wp\/v2\/technique?post=13491"},{"taxonomy":"squelettes","embeddable":true,"href":"https:\/\/www.iemj.org\/en\/wp-json\/wp\/v2\/squelettes?post=13491"},{"taxonomy":"sujet","embeddable":true,"href":"https:\/\/www.iemj.org\/en\/wp-json\/wp\/v2\/sujet?post=13491"},{"taxonomy":"formation","embeddable":true,"href":"https:\/\/www.iemj.org\/en\/wp-json\/wp\/v2\/formation?post=13491"},{"taxonomy":"genre","embeddable":true,"href":"https:\/\/www.iemj.org\/en\/wp-json\/wp\/v2\/genre?post=13491"},{"taxonomy":"fonds","embeddable":true,"href":"https:\/\/www.iemj.org\/en\/wp-json\/wp\/v2\/fonds?post=13491"},{"taxonomy":"tradition","embeddable":true,"href":"https:\/\/www.iemj.org\/en\/wp-json\/wp\/v2\/tradition?post=13491"},{"taxonomy":"type-de-contenu","embeddable":true,"href":"https:\/\/www.iemj.org\/en\/wp-json\/wp\/v2\/type-de-contenu?post=13491"},{"taxonomy":"interprete-compositeur","embeddable":true,"href":"https:\/\/www.iemj.org\/en\/wp-json\/wp\/v2\/interprete-compositeur?post=13491"},{"taxonomy":"frise","embeddable":true,"href":"https:\/\/www.iemj.org\/en\/wp-json\/wp\/v2\/frise?post=13491"},{"taxonomy":"type-devenement","embeddable":true,"href":"https:\/\/www.iemj.org\/en\/wp-json\/wp\/v2\/type-devenement?post=13491"},{"taxonomy":"tableaux-liens-externes","embeddable":true,"href":"https:\/\/www.iemj.org\/en\/wp-json\/wp\/v2\/tableaux-liens-externes?post=13491"}],"curies":[{"name":"wp","href":"https:\/\/api.w.org\/{rel}","templated":true}]}}