{"id":13576,"date":"2017-03-15T11:44:55","date_gmt":"2017-03-15T10:44:55","guid":{"rendered":"https:\/\/www.iemj.org\/2017\/03\/15\/zara-levina-the-piano-concertos-2\/"},"modified":"2025-10-20T12:19:31","modified_gmt":"2025-10-20T10:19:31","slug":"zara-levina-the-piano-concertos-2","status":"publish","type":"post","link":"https:\/\/www.iemj.org\/en\/zara-levina-the-piano-concertos-2\/","title":{"rendered":"ZARA LEVINA &#8211; The piano concertos"},"content":{"rendered":"<p><!--more--><\/p>\n<p>Zara Alexandrovna Levina, born in 1906 in Alexandrovsk (Ukraine), was witness to two world wars, the Russian Revolution and the collapse and totalitarian reconstruction of her homeland.<\/p>\n<p>She lived all her life under the ideological pressure, continuous and frightful, of the State censorship, especially applied by the RAPM (Russian Association of Proletarian Musicians) in the 1920\u2019s and 1930\u2019s.<br \/>Nevertheless, Zara Levina succeeded brilliantly in keeping her own musical genius facing such difficulties.<\/p>\n<p><strong>30 years separate the composition of these 2 piano-concertos<\/strong><\/p>\n<ul>\n<li>The 1st Concerto, written in 1942 and created in 1945, evokes the great tradition of the romantic concerto for piano, with its virtuosity and orchestration, reminding surely Rachmaninov and Rimsky-Korsakov.<\/li>\n<li>The 2nd Concerto which is more introspective and enigmatic was written in 1975, one year before the death of Zara Levina. It was her last composition that she considered also as her best. Zara Levina often said about this concerto that it was her own struggle against death and her chronic heart disease.<\/li>\n<\/ul>\n<p>These two works are different, and at the same time very linked. They can be enrooted in tradition, but not eclectic. It is often surprising, whether it\u2019s the harmony or the theme, the tone\u2026 But violence is completely absent in the composition.<\/p>\n<p>Nevertheless, who listens to these 2 concertos will think of them as harmonically and melodically linked\u2026<\/p>\n<p><strong>Maria Lettberg<\/strong>, piano<br \/>Since her beginning with the Concerto n\u00b01 by Peter Tcha\u00efkovsky with the symphonic orchestra of the Swedish radio, in addition to the traditional repertoire, Maria Lettberg is fascinated in rediscovering the treasures of the past.<br \/>Native of Riga, she lives now in Berlin and is liked by the public and international critics, especially for her performances of Russian and Scandinavian music.<br \/>With the two Concertos for piano by Zara Levina, Maria Lettberg continues her discoveries of difficult pieces in its composition and piano technique.<br \/>Her first recording.<\/p>\n<p><strong>Ariane Matiakh<\/strong>, conductor<br \/>Since the replacement of James Conlon in Chostakovitch\u2019s 7th Symphony in 2006 at the National Orchestra of Montpellier, Ariane Matiakh has an international profile of chief conductor in the symphonic repertoire and in the opera and ballet.<br \/>Ariane Matiakh Studied the orchestra conducting with Leopold Hager and Yuji Yuasa in Vienna and participated to master classes with Seiji Ozawa, before receiving the Revelation prize to the \u201cVictoires de la Musique Classique\u201d in 2009, and winner of the 1st edition of the \u201cADAMI\u201d contest. She also was finalist to the Donatella Flick contest in London in 2008.<\/p>\n<p><strong>Symphonic Orchestra of the Radio of Berlin (RSB)<\/strong><br \/>The Symphonic Orchestra of the Radio of Berlin (RundfunkSinfonieorchester Berlin, RSB) was founded at the beginning of the radio broadcasting in 1923. The orchestra\u2019s musical directors like Sergiu Celibidache, Eugen Jochum and Rafael Fr\u00fchbeck de Burgos all helped in creating the sound of the orchestra. Since its creation, many important composers, such as Sergey Prokofiev, Richard Strauss, Igor Stravinsky and J\u00f6rg Widmann conducted the orchestra, as well as young promising conductors like Andris Nelsons, Vasily Petrenko, Jakub Hrusa, Lahav Shani and Omer Meir Wellber.<\/p>\n<p><a href=\"https:\/\/www.iemj.org\/en\/classique-vous-avez-dit-classique-ariane-matiakh-conductor-for-her-new-cd-concertos-for-piano-by-zara-levina\/\" target=\"_blank\" rel=\"noopener\">Listen to the radio podcast hosted by Laure Schnapper about Zara Levina \u201cAriane Matiakh, conductor, for her new CD <em>Concertos for piano by Zara Levina<\/em><\/a><\/p>\n<p><a href=\"http:\/\/www.capriccio.at\/zara-levina-1906-1976\" target=\"_blank\" rel=\"noopener\">Learn more<\/a><br \/><a href=\"https:\/\/www.amazon.fr\/Concertos-pour-piano-n\/dp\/B01NAS0U8L\" target=\"_blank\" rel=\"noopener\">Purchase the CD on Amazon<\/a><\/p>\n\n<div class=\"wp-block-image\">\n<figure class=\"aligncenter size-large\"><img fetchpriority=\"high\" decoding=\"async\" width=\"1024\" height=\"133\" src=\"https:\/\/www.iemj.org\/wp-content\/uploads\/2024\/03\/AUDIO-PLAYER-1024x133.png\" alt=\"\" class=\"wp-image-110607\" srcset=\"https:\/\/www.iemj.org\/wp-content\/uploads\/2024\/03\/AUDIO-PLAYER-1024x133.png 1024w, https:\/\/www.iemj.org\/wp-content\/uploads\/2024\/03\/AUDIO-PLAYER-300x39.png 300w, https:\/\/www.iemj.org\/wp-content\/uploads\/2024\/03\/AUDIO-PLAYER-768x100.png 768w, https:\/\/www.iemj.org\/wp-content\/uploads\/2024\/03\/AUDIO-PLAYER-600x78.png 600w, https:\/\/www.iemj.org\/wp-content\/uploads\/2024\/03\/AUDIO-PLAYER.png 1210w\" sizes=\"(max-width: 1024px) 100vw, 1024px\" \/><\/figure>\n<\/div>\n\n\n<div class=\"wp-block-file\"><a id=\"wp-block-file--media-4586461f-c353-41c5-9565-23a27669828d\" href=\"https:\/\/www.iemj.org\/wp-content\/uploads\/2017\/03\/1.zara_levina_concertos_pour_piano_-_1.allegro.mp3\">Concerto pour piano et orchestre N\u00b01 de Zara Levina &#8211; I. Allegro (EXTRAIT)<\/a><\/div>\n\n\n\n<div class=\"wp-block-file\"><a id=\"wp-block-file--media-e41fb46c-cf3e-4bee-b83d-4909df2f827c\" href=\"https:\/\/www.iemj.org\/wp-content\/uploads\/2017\/03\/2.zara_levina_concertos_pour_piano_-_2.andante.mp3\">Concerto pour piano et orchestre N\u00b01 de Zara Levina &#8211; II. Andante (EXTRAIT)<\/a><\/div>\n\n\n\n<div class=\"wp-block-file\"><a id=\"wp-block-file--media-3e76b93d-17db-4ad1-b387-c292449d9ef6\" href=\"https:\/\/www.iemj.org\/wp-content\/uploads\/2017\/03\/3.zara_levina_concertos_pour_piano_-_3.allegro.mp3\">Concerto pour piano et orchestre N\u00b01 de Zara Levina &#8211; III. Allegro (EXTRAIT)<\/a><\/div>\n\n\n\n<div class=\"wp-block-file\"><a id=\"wp-block-file--media-e4545fb4-b1c4-4268-b26e-f16f06e82583\" href=\"https:\/\/www.iemj.org\/wp-content\/uploads\/2017\/03\/4.zara_levina_concertos_pour_piano_-_4.moderato_sostenuto.mp3\">Concerto pour piano et orchestre N\u00b02 de Zara Levina (EXTRAIT)<\/a><\/div>\n","protected":false},"excerpt":{"rendered":"","protected":false},"author":1048,"featured_media":13574,"comment_status":"closed","ping_status":"open","sticky":false,"template":"","format":"standard","meta":{"_acf_changed":false,"footnotes":""},"categories":[1570,1562],"tags":[],"technique":[],"squelettes":[],"sujet":[],"formation":[],"genre":[1117],"fonds":[],"tradition":[],"type-de-contenu":[],"interprete-compositeur":[],"frise":[],"type-devenement":[],"tableaux-liens-externes":[],"class_list":["post-13576","post","type-post","status-publish","format-standard","has-post-thumbnail","hentry","category-cd-latest-acquisition-en","category-latest-acquisitions-en","genre-classical-music"],"acf":[],"yoast_head":"<!-- This site is optimized with the Yoast SEO plugin v27.3 - https:\/\/yoast.com\/product\/yoast-seo-wordpress\/ -->\n<title>ZARA LEVINA - The piano concertos - Institut Europ\u00e9en des Musiques Juives<\/title>\n<meta name=\"robots\" content=\"index, follow, max-snippet:-1, max-image-preview:large, max-video-preview:-1\" \/>\n<link rel=\"canonical\" href=\"https:\/\/www.iemj.org\/en\/zara-levina-the-piano-concertos-2\/\" \/>\n<meta property=\"og:locale\" content=\"en_US\" \/>\n<meta property=\"og:type\" content=\"article\" \/>\n<meta property=\"og:title\" content=\"ZARA LEVINA - The piano concertos - Institut Europ\u00e9en des Musiques Juives\" \/>\n<meta property=\"og:url\" content=\"https:\/\/www.iemj.org\/en\/zara-levina-the-piano-concertos-2\/\" \/>\n<meta property=\"og:site_name\" content=\"Institut Europ\u00e9en des Musiques Juives\" \/>\n<meta property=\"article:publisher\" content=\"https:\/\/www.facebook.com\/MusiquesJuives\/\" \/>\n<meta property=\"article:published_time\" content=\"2017-03-15T10:44:55+00:00\" \/>\n<meta property=\"article:modified_time\" content=\"2025-10-20T10:19:31+00:00\" \/>\n<meta property=\"og:image\" content=\"https:\/\/www.iemj.org\/wp-content\/uploads\/2017\/03\/arton2180.jpg\" \/>\n\t<meta property=\"og:image:width\" content=\"386\" \/>\n\t<meta property=\"og:image:height\" content=\"336\" \/>\n\t<meta property=\"og:image:type\" content=\"image\/jpeg\" \/>\n<meta name=\"author\" content=\"Jean-Gabriel Davis\" \/>\n<meta name=\"twitter:card\" content=\"summary_large_image\" \/>\n<meta name=\"twitter:label1\" content=\"Written by\" \/>\n\t<meta name=\"twitter:data1\" content=\"Jean-Gabriel Davis\" \/>\n\t<meta name=\"twitter:label2\" content=\"Est. reading time\" \/>\n\t<meta name=\"twitter:data2\" content=\"4 minutes\" \/>\n<script type=\"application\/ld+json\" class=\"yoast-schema-graph\">{\"@context\":\"https:\\\/\\\/schema.org\",\"@graph\":[{\"@type\":\"Article\",\"@id\":\"https:\\\/\\\/www.iemj.org\\\/en\\\/zara-levina-the-piano-concertos-2\\\/#article\",\"isPartOf\":{\"@id\":\"https:\\\/\\\/www.iemj.org\\\/en\\\/zara-levina-the-piano-concertos-2\\\/\"},\"author\":{\"name\":\"Jean-Gabriel Davis\",\"@id\":\"https:\\\/\\\/www.iemj.org\\\/en\\\/#\\\/schema\\\/person\\\/c9bc1c386a3749579a2d675e72a18666\"},\"headline\":\"ZARA LEVINA &#8211; The piano concertos\",\"datePublished\":\"2017-03-15T10:44:55+00:00\",\"dateModified\":\"2025-10-20T10:19:31+00:00\",\"mainEntityOfPage\":{\"@id\":\"https:\\\/\\\/www.iemj.org\\\/en\\\/zara-levina-the-piano-concertos-2\\\/\"},\"wordCount\":583,\"publisher\":{\"@id\":\"https:\\\/\\\/www.iemj.org\\\/en\\\/#organization\"},\"image\":{\"@id\":\"https:\\\/\\\/www.iemj.org\\\/en\\\/zara-levina-the-piano-concertos-2\\\/#primaryimage\"},\"thumbnailUrl\":\"https:\\\/\\\/www.iemj.org\\\/wp-content\\\/uploads\\\/2017\\\/03\\\/arton2180.jpg\",\"articleSection\":[\"CD\",\"Latest Acquisitions\"],\"inLanguage\":\"en-US\"},{\"@type\":\"WebPage\",\"@id\":\"https:\\\/\\\/www.iemj.org\\\/en\\\/zara-levina-the-piano-concertos-2\\\/\",\"url\":\"https:\\\/\\\/www.iemj.org\\\/en\\\/zara-levina-the-piano-concertos-2\\\/\",\"name\":\"ZARA LEVINA - The piano concertos - Institut Europ\u00e9en des Musiques Juives\",\"isPartOf\":{\"@id\":\"https:\\\/\\\/www.iemj.org\\\/en\\\/#website\"},\"primaryImageOfPage\":{\"@id\":\"https:\\\/\\\/www.iemj.org\\\/en\\\/zara-levina-the-piano-concertos-2\\\/#primaryimage\"},\"image\":{\"@id\":\"https:\\\/\\\/www.iemj.org\\\/en\\\/zara-levina-the-piano-concertos-2\\\/#primaryimage\"},\"thumbnailUrl\":\"https:\\\/\\\/www.iemj.org\\\/wp-content\\\/uploads\\\/2017\\\/03\\\/arton2180.jpg\",\"datePublished\":\"2017-03-15T10:44:55+00:00\",\"dateModified\":\"2025-10-20T10:19:31+00:00\",\"breadcrumb\":{\"@id\":\"https:\\\/\\\/www.iemj.org\\\/en\\\/zara-levina-the-piano-concertos-2\\\/#breadcrumb\"},\"inLanguage\":\"en-US\",\"potentialAction\":[{\"@type\":\"ReadAction\",\"target\":[\"https:\\\/\\\/www.iemj.org\\\/en\\\/zara-levina-the-piano-concertos-2\\\/\"]}]},{\"@type\":\"ImageObject\",\"inLanguage\":\"en-US\",\"@id\":\"https:\\\/\\\/www.iemj.org\\\/en\\\/zara-levina-the-piano-concertos-2\\\/#primaryimage\",\"url\":\"https:\\\/\\\/www.iemj.org\\\/wp-content\\\/uploads\\\/2017\\\/03\\\/arton2180.jpg\",\"contentUrl\":\"https:\\\/\\\/www.iemj.org\\\/wp-content\\\/uploads\\\/2017\\\/03\\\/arton2180.jpg\",\"width\":386,\"height\":336},{\"@type\":\"BreadcrumbList\",\"@id\":\"https:\\\/\\\/www.iemj.org\\\/en\\\/zara-levina-the-piano-concertos-2\\\/#breadcrumb\",\"itemListElement\":[{\"@type\":\"ListItem\",\"position\":1,\"name\":\"Accueil\",\"item\":\"https:\\\/\\\/www.iemj.org\\\/en\\\/\"},{\"@type\":\"ListItem\",\"position\":2,\"name\":\"ZARA LEVINA &#8211; The piano concertos\"}]},{\"@type\":\"WebSite\",\"@id\":\"https:\\\/\\\/www.iemj.org\\\/en\\\/#website\",\"url\":\"https:\\\/\\\/www.iemj.org\\\/en\\\/\",\"name\":\"Institut Europ\u00e9en des Musiques Juives\",\"description\":\"Des traditions musicales \u00e0 la port\u00e9e de tous\",\"publisher\":{\"@id\":\"https:\\\/\\\/www.iemj.org\\\/en\\\/#organization\"},\"potentialAction\":[{\"@type\":\"SearchAction\",\"target\":{\"@type\":\"EntryPoint\",\"urlTemplate\":\"https:\\\/\\\/www.iemj.org\\\/en\\\/?s={search_term_string}\"},\"query-input\":{\"@type\":\"PropertyValueSpecification\",\"valueRequired\":true,\"valueName\":\"search_term_string\"}}],\"inLanguage\":\"en-US\"},{\"@type\":\"Organization\",\"@id\":\"https:\\\/\\\/www.iemj.org\\\/en\\\/#organization\",\"name\":\"Institut Europ\u00e9en des Musiques Juives\",\"url\":\"https:\\\/\\\/www.iemj.org\\\/en\\\/\",\"logo\":{\"@type\":\"ImageObject\",\"inLanguage\":\"en-US\",\"@id\":\"https:\\\/\\\/www.iemj.org\\\/en\\\/#\\\/schema\\\/logo\\\/image\\\/\",\"url\":\"https:\\\/\\\/www.iemj.org\\\/wp-content\\\/uploads\\\/2021\\\/09\\\/Logo-IEMJ-Paypal.jpg\",\"contentUrl\":\"https:\\\/\\\/www.iemj.org\\\/wp-content\\\/uploads\\\/2021\\\/09\\\/Logo-IEMJ-Paypal.jpg\",\"width\":150,\"height\":50,\"caption\":\"Institut Europ\u00e9en des Musiques Juives\"},\"image\":{\"@id\":\"https:\\\/\\\/www.iemj.org\\\/en\\\/#\\\/schema\\\/logo\\\/image\\\/\"},\"sameAs\":[\"https:\\\/\\\/www.facebook.com\\\/MusiquesJuives\\\/\",\"https:\\\/\\\/www.instagram.com\\\/musiquesjuives\\\/\",\"https:\\\/\\\/www.youtube.com\\\/user\\\/musiquesjuives\"]},{\"@type\":\"Person\",\"@id\":\"https:\\\/\\\/www.iemj.org\\\/en\\\/#\\\/schema\\\/person\\\/c9bc1c386a3749579a2d675e72a18666\",\"name\":\"Jean-Gabriel Davis\",\"image\":{\"@type\":\"ImageObject\",\"inLanguage\":\"en-US\",\"@id\":\"https:\\\/\\\/secure.gravatar.com\\\/avatar\\\/2b90d67bdf392c9b3a21fab87c0fa7edaf1fb3a058172a1ffd61033fcec7aec1?s=96&d=mm&r=g\",\"url\":\"https:\\\/\\\/secure.gravatar.com\\\/avatar\\\/2b90d67bdf392c9b3a21fab87c0fa7edaf1fb3a058172a1ffd61033fcec7aec1?s=96&d=mm&r=g\",\"contentUrl\":\"https:\\\/\\\/secure.gravatar.com\\\/avatar\\\/2b90d67bdf392c9b3a21fab87c0fa7edaf1fb3a058172a1ffd61033fcec7aec1?s=96&d=mm&r=g\",\"caption\":\"Jean-Gabriel Davis\"}}]}<\/script>\n<!-- \/ Yoast SEO plugin. -->","yoast_head_json":{"title":"ZARA LEVINA - The piano concertos - Institut Europ\u00e9en des Musiques Juives","robots":{"index":"index","follow":"follow","max-snippet":"max-snippet:-1","max-image-preview":"max-image-preview:large","max-video-preview":"max-video-preview:-1"},"canonical":"https:\/\/www.iemj.org\/en\/zara-levina-the-piano-concertos-2\/","og_locale":"en_US","og_type":"article","og_title":"ZARA LEVINA - The piano concertos - Institut Europ\u00e9en des Musiques Juives","og_url":"https:\/\/www.iemj.org\/en\/zara-levina-the-piano-concertos-2\/","og_site_name":"Institut Europ\u00e9en des Musiques Juives","article_publisher":"https:\/\/www.facebook.com\/MusiquesJuives\/","article_published_time":"2017-03-15T10:44:55+00:00","article_modified_time":"2025-10-20T10:19:31+00:00","og_image":[{"width":386,"height":336,"url":"https:\/\/www.iemj.org\/wp-content\/uploads\/2017\/03\/arton2180.jpg","type":"image\/jpeg"}],"author":"Jean-Gabriel Davis","twitter_card":"summary_large_image","twitter_misc":{"Written by":"Jean-Gabriel Davis","Est. reading time":"4 minutes"},"schema":{"@context":"https:\/\/schema.org","@graph":[{"@type":"Article","@id":"https:\/\/www.iemj.org\/en\/zara-levina-the-piano-concertos-2\/#article","isPartOf":{"@id":"https:\/\/www.iemj.org\/en\/zara-levina-the-piano-concertos-2\/"},"author":{"name":"Jean-Gabriel Davis","@id":"https:\/\/www.iemj.org\/en\/#\/schema\/person\/c9bc1c386a3749579a2d675e72a18666"},"headline":"ZARA LEVINA &#8211; The piano concertos","datePublished":"2017-03-15T10:44:55+00:00","dateModified":"2025-10-20T10:19:31+00:00","mainEntityOfPage":{"@id":"https:\/\/www.iemj.org\/en\/zara-levina-the-piano-concertos-2\/"},"wordCount":583,"publisher":{"@id":"https:\/\/www.iemj.org\/en\/#organization"},"image":{"@id":"https:\/\/www.iemj.org\/en\/zara-levina-the-piano-concertos-2\/#primaryimage"},"thumbnailUrl":"https:\/\/www.iemj.org\/wp-content\/uploads\/2017\/03\/arton2180.jpg","articleSection":["CD","Latest Acquisitions"],"inLanguage":"en-US"},{"@type":"WebPage","@id":"https:\/\/www.iemj.org\/en\/zara-levina-the-piano-concertos-2\/","url":"https:\/\/www.iemj.org\/en\/zara-levina-the-piano-concertos-2\/","name":"ZARA LEVINA - The piano concertos - Institut Europ\u00e9en des Musiques Juives","isPartOf":{"@id":"https:\/\/www.iemj.org\/en\/#website"},"primaryImageOfPage":{"@id":"https:\/\/www.iemj.org\/en\/zara-levina-the-piano-concertos-2\/#primaryimage"},"image":{"@id":"https:\/\/www.iemj.org\/en\/zara-levina-the-piano-concertos-2\/#primaryimage"},"thumbnailUrl":"https:\/\/www.iemj.org\/wp-content\/uploads\/2017\/03\/arton2180.jpg","datePublished":"2017-03-15T10:44:55+00:00","dateModified":"2025-10-20T10:19:31+00:00","breadcrumb":{"@id":"https:\/\/www.iemj.org\/en\/zara-levina-the-piano-concertos-2\/#breadcrumb"},"inLanguage":"en-US","potentialAction":[{"@type":"ReadAction","target":["https:\/\/www.iemj.org\/en\/zara-levina-the-piano-concertos-2\/"]}]},{"@type":"ImageObject","inLanguage":"en-US","@id":"https:\/\/www.iemj.org\/en\/zara-levina-the-piano-concertos-2\/#primaryimage","url":"https:\/\/www.iemj.org\/wp-content\/uploads\/2017\/03\/arton2180.jpg","contentUrl":"https:\/\/www.iemj.org\/wp-content\/uploads\/2017\/03\/arton2180.jpg","width":386,"height":336},{"@type":"BreadcrumbList","@id":"https:\/\/www.iemj.org\/en\/zara-levina-the-piano-concertos-2\/#breadcrumb","itemListElement":[{"@type":"ListItem","position":1,"name":"Accueil","item":"https:\/\/www.iemj.org\/en\/"},{"@type":"ListItem","position":2,"name":"ZARA LEVINA &#8211; The piano concertos"}]},{"@type":"WebSite","@id":"https:\/\/www.iemj.org\/en\/#website","url":"https:\/\/www.iemj.org\/en\/","name":"Institut Europ\u00e9en des Musiques Juives","description":"Des traditions musicales \u00e0 la port\u00e9e de tous","publisher":{"@id":"https:\/\/www.iemj.org\/en\/#organization"},"potentialAction":[{"@type":"SearchAction","target":{"@type":"EntryPoint","urlTemplate":"https:\/\/www.iemj.org\/en\/?s={search_term_string}"},"query-input":{"@type":"PropertyValueSpecification","valueRequired":true,"valueName":"search_term_string"}}],"inLanguage":"en-US"},{"@type":"Organization","@id":"https:\/\/www.iemj.org\/en\/#organization","name":"Institut Europ\u00e9en des Musiques Juives","url":"https:\/\/www.iemj.org\/en\/","logo":{"@type":"ImageObject","inLanguage":"en-US","@id":"https:\/\/www.iemj.org\/en\/#\/schema\/logo\/image\/","url":"https:\/\/www.iemj.org\/wp-content\/uploads\/2021\/09\/Logo-IEMJ-Paypal.jpg","contentUrl":"https:\/\/www.iemj.org\/wp-content\/uploads\/2021\/09\/Logo-IEMJ-Paypal.jpg","width":150,"height":50,"caption":"Institut Europ\u00e9en des Musiques Juives"},"image":{"@id":"https:\/\/www.iemj.org\/en\/#\/schema\/logo\/image\/"},"sameAs":["https:\/\/www.facebook.com\/MusiquesJuives\/","https:\/\/www.instagram.com\/musiquesjuives\/","https:\/\/www.youtube.com\/user\/musiquesjuives"]},{"@type":"Person","@id":"https:\/\/www.iemj.org\/en\/#\/schema\/person\/c9bc1c386a3749579a2d675e72a18666","name":"Jean-Gabriel Davis","image":{"@type":"ImageObject","inLanguage":"en-US","@id":"https:\/\/secure.gravatar.com\/avatar\/2b90d67bdf392c9b3a21fab87c0fa7edaf1fb3a058172a1ffd61033fcec7aec1?s=96&d=mm&r=g","url":"https:\/\/secure.gravatar.com\/avatar\/2b90d67bdf392c9b3a21fab87c0fa7edaf1fb3a058172a1ffd61033fcec7aec1?s=96&d=mm&r=g","contentUrl":"https:\/\/secure.gravatar.com\/avatar\/2b90d67bdf392c9b3a21fab87c0fa7edaf1fb3a058172a1ffd61033fcec7aec1?s=96&d=mm&r=g","caption":"Jean-Gabriel Davis"}}]}},"_links":{"self":[{"href":"https:\/\/www.iemj.org\/en\/wp-json\/wp\/v2\/posts\/13576","targetHints":{"allow":["GET"]}}],"collection":[{"href":"https:\/\/www.iemj.org\/en\/wp-json\/wp\/v2\/posts"}],"about":[{"href":"https:\/\/www.iemj.org\/en\/wp-json\/wp\/v2\/types\/post"}],"author":[{"embeddable":true,"href":"https:\/\/www.iemj.org\/en\/wp-json\/wp\/v2\/users\/1048"}],"replies":[{"embeddable":true,"href":"https:\/\/www.iemj.org\/en\/wp-json\/wp\/v2\/comments?post=13576"}],"version-history":[{"count":1,"href":"https:\/\/www.iemj.org\/en\/wp-json\/wp\/v2\/posts\/13576\/revisions"}],"predecessor-version":[{"id":127289,"href":"https:\/\/www.iemj.org\/en\/wp-json\/wp\/v2\/posts\/13576\/revisions\/127289"}],"wp:featuredmedia":[{"embeddable":true,"href":"https:\/\/www.iemj.org\/en\/wp-json\/wp\/v2\/media\/13574"}],"wp:attachment":[{"href":"https:\/\/www.iemj.org\/en\/wp-json\/wp\/v2\/media?parent=13576"}],"wp:term":[{"taxonomy":"category","embeddable":true,"href":"https:\/\/www.iemj.org\/en\/wp-json\/wp\/v2\/categories?post=13576"},{"taxonomy":"post_tag","embeddable":true,"href":"https:\/\/www.iemj.org\/en\/wp-json\/wp\/v2\/tags?post=13576"},{"taxonomy":"technique","embeddable":true,"href":"https:\/\/www.iemj.org\/en\/wp-json\/wp\/v2\/technique?post=13576"},{"taxonomy":"squelettes","embeddable":true,"href":"https:\/\/www.iemj.org\/en\/wp-json\/wp\/v2\/squelettes?post=13576"},{"taxonomy":"sujet","embeddable":true,"href":"https:\/\/www.iemj.org\/en\/wp-json\/wp\/v2\/sujet?post=13576"},{"taxonomy":"formation","embeddable":true,"href":"https:\/\/www.iemj.org\/en\/wp-json\/wp\/v2\/formation?post=13576"},{"taxonomy":"genre","embeddable":true,"href":"https:\/\/www.iemj.org\/en\/wp-json\/wp\/v2\/genre?post=13576"},{"taxonomy":"fonds","embeddable":true,"href":"https:\/\/www.iemj.org\/en\/wp-json\/wp\/v2\/fonds?post=13576"},{"taxonomy":"tradition","embeddable":true,"href":"https:\/\/www.iemj.org\/en\/wp-json\/wp\/v2\/tradition?post=13576"},{"taxonomy":"type-de-contenu","embeddable":true,"href":"https:\/\/www.iemj.org\/en\/wp-json\/wp\/v2\/type-de-contenu?post=13576"},{"taxonomy":"interprete-compositeur","embeddable":true,"href":"https:\/\/www.iemj.org\/en\/wp-json\/wp\/v2\/interprete-compositeur?post=13576"},{"taxonomy":"frise","embeddable":true,"href":"https:\/\/www.iemj.org\/en\/wp-json\/wp\/v2\/frise?post=13576"},{"taxonomy":"type-devenement","embeddable":true,"href":"https:\/\/www.iemj.org\/en\/wp-json\/wp\/v2\/type-devenement?post=13576"},{"taxonomy":"tableaux-liens-externes","embeddable":true,"href":"https:\/\/www.iemj.org\/en\/wp-json\/wp\/v2\/tableaux-liens-externes?post=13576"}],"curies":[{"name":"wp","href":"https:\/\/api.w.org\/{rel}","templated":true}]}}