{"id":13790,"date":"2017-04-06T09:47:11","date_gmt":"2017-04-06T07:47:11","guid":{"rendered":"https:\/\/www.iemj.org\/2017\/04\/06\/marc-alain-ouaknin-invites-herve-roten-on-his-radio-show-talmudiques-broadcasted-on-france-culture\/"},"modified":"2025-09-29T11:51:04","modified_gmt":"2025-09-29T09:51:04","slug":"marc-alain-ouaknin-invites-herve-roten-on-his-radio-show-talmudiques-broadcasted-on-france-culture","status":"publish","type":"post","link":"https:\/\/www.iemj.org\/en\/marc-alain-ouaknin-invites-herve-roten-on-his-radio-show-talmudiques-broadcasted-on-france-culture\/","title":{"rendered":"Marc-Alain Ouaknin invites Herv\u00e9 Roten on his radio show \u00ab Talmudiques \u00bb broadcasted on France Culture"},"content":{"rendered":"<p><strong>Jewish songs, French songs: a creative interaction<\/strong><\/p>\n<p>TALMUDIQUES &#8211; April 9 and 16, 2017, FRANCE CULTURE. Marc-Alain Ouaknin invites Herv\u00e9 Roten to talk about the encounter of Jewish and French songs.<\/p>\n<p><strong>Broadcast of April 9, 2017<\/strong><br \/>\nIn all times, Jews blended with their environment by adopting the cultural references of the populations with whom they lived. In many cases, this integration comes with the adoption of the local language, as well as its customs, particularly concerning food and music.<br \/>\nIn this first part, Herv\u00e9 Roten, ethnomusicologist and director of the European Institute for Jewish Music, shows the creative interactions that existed between Jewish traditional songs (Yiddish, Oriental, Ladino\u2026) and French songs.<\/p>\n<p><strong>Broadcast of April 16, 2017<\/strong><br \/>\nIn this second part, Herv\u00e9 Roten speaks more specifically on the emergence of French songs through which several Jewish artists \u2013 who often belong to the 2nd or 3rd generation of immigrants \u2013 express their attachment to their double identity, French and Jewish.<\/p>\n<p>These two shows are illustrated with many musical examples, performed in particular by Dave Cash, Richard Inger, Lili Boniche, Line Monty, Louisa Tounsia, Ren\u00e9e Lebas, Jacques Grober, R\u00e9gine, Moustaki and Jean-Luc Goldmann.<\/p>\n<p><strong><a href=\"https:\/\/www.franceculture.fr\/emissions\/talmudiques\" target=\"_blank\" rel=\"noopener\">Talmudiques: By Marc-Alain Ouaknin<\/a> \u2013 Sundays from 9h10 am to 9h42 am.<\/strong><br \/>\n<em>An exploration of the many aspects of Jewish philosophy, their resonance in Western culture, and their contrast with the other cultures.<\/em><\/p>\n<h3><a href=\"https:\/\/www.iemj.org\/en\/produit\/coffret-6-cds-musiques-juives-dans-le-paris-d-apres-guerre\/\">Order the 6 CD Boxset \u201cJewish Music in Paris in the aftermath of WWII\u201d.<\/a><\/h3>\n<p>&nbsp;<\/p>\n<p><img fetchpriority=\"high\" decoding=\"async\" class=\"alignnone wp-image-110607\" src=\"https:\/\/www.iemj.org\/wp-content\/uploads\/2024\/03\/AUDIO-PLAYER-300x39.png\" alt=\"\" width=\"931\" height=\"121\" srcset=\"https:\/\/www.iemj.org\/wp-content\/uploads\/2024\/03\/AUDIO-PLAYER-300x39.png 300w, https:\/\/www.iemj.org\/wp-content\/uploads\/2024\/03\/AUDIO-PLAYER-1024x133.png 1024w, https:\/\/www.iemj.org\/wp-content\/uploads\/2024\/03\/AUDIO-PLAYER-768x100.png 768w, https:\/\/www.iemj.org\/wp-content\/uploads\/2024\/03\/AUDIO-PLAYER-600x78.png 600w, https:\/\/www.iemj.org\/wp-content\/uploads\/2024\/03\/AUDIO-PLAYER.png 1210w\" sizes=\"(max-width: 931px) 100vw, 931px\" \/><\/p>\n","protected":false},"excerpt":{"rendered":"<p>Jewish songs, French songs: a creative interaction TALMUDIQUES &#8211; April 9 and 16, 2017, FRANCE CULTURE. Marc-Alain Ouaknin invites Herv\u00e9 Roten to talk about the encounter of Jewish and French<\/p>\n","protected":false},"author":1048,"featured_media":13788,"comment_status":"closed","ping_status":"open","sticky":false,"template":"","format":"standard","meta":{"_acf_changed":false,"footnotes":""},"categories":[3975,899],"tags":[],"technique":[],"squelettes":[],"sujet":[],"formation":[],"genre":[1121],"fonds":[],"tradition":[],"type-de-contenu":[],"interprete-compositeur":[],"frise":[],"type-devenement":[],"tableaux-liens-externes":[],"class_list":["post-13790","post","type-post","status-publish","format-standard","has-post-thumbnail","hentry","category-m-a-ouaknin-s-programs","category-radio-programs-en","genre-french-song"],"acf":[],"yoast_head":"<!-- This site is optimized with the Yoast SEO plugin v27.3 - https:\/\/yoast.com\/product\/yoast-seo-wordpress\/ -->\n<title>Marc-Alain Ouaknin invites Herv\u00e9 Roten on his radio show \u00ab Talmudiques \u00bb broadcasted on France Culture - Institut Europ\u00e9en des Musiques Juives<\/title>\n<meta name=\"robots\" content=\"noindex, follow\" \/>\n<meta property=\"og:locale\" content=\"en_US\" \/>\n<meta property=\"og:type\" content=\"article\" \/>\n<meta property=\"og:title\" content=\"Marc-Alain Ouaknin invites Herv\u00e9 Roten on his radio show \u00ab Talmudiques \u00bb broadcasted on France Culture - Institut Europ\u00e9en des Musiques Juives\" \/>\n<meta property=\"og:description\" content=\"Jewish songs, French songs: a creative interaction TALMUDIQUES &#8211; April 9 and 16, 2017, FRANCE CULTURE. Marc-Alain Ouaknin invites Herv\u00e9 Roten to talk about the encounter of Jewish and French\" \/>\n<meta property=\"og:url\" content=\"https:\/\/www.iemj.org\/en\/marc-alain-ouaknin-invites-herve-roten-on-his-radio-show-talmudiques-broadcasted-on-france-culture\/\" \/>\n<meta property=\"og:site_name\" content=\"Institut Europ\u00e9en des Musiques Juives\" \/>\n<meta property=\"article:publisher\" content=\"https:\/\/www.facebook.com\/MusiquesJuives\/\" \/>\n<meta property=\"article:published_time\" content=\"2017-04-06T07:47:11+00:00\" \/>\n<meta property=\"article:modified_time\" content=\"2025-09-29T09:51:04+00:00\" \/>\n<meta property=\"og:image\" content=\"https:\/\/www.iemj.org\/wp-content\/uploads\/2017\/04\/arton2224.jpg\" \/>\n\t<meta property=\"og:image:width\" content=\"300\" \/>\n\t<meta property=\"og:image:height\" content=\"300\" \/>\n\t<meta property=\"og:image:type\" content=\"image\/jpeg\" \/>\n<meta name=\"author\" content=\"Jean-Gabriel Davis\" \/>\n<meta name=\"twitter:card\" content=\"summary_large_image\" \/>\n<meta name=\"twitter:label1\" content=\"Written by\" \/>\n\t<meta name=\"twitter:data1\" content=\"Jean-Gabriel Davis\" \/>\n\t<meta name=\"twitter:label2\" content=\"Est. reading time\" \/>\n\t<meta name=\"twitter:data2\" content=\"2 minutes\" \/>\n<script type=\"application\/ld+json\" class=\"yoast-schema-graph\">{\"@context\":\"https:\\\/\\\/schema.org\",\"@graph\":[{\"@type\":\"Article\",\"@id\":\"https:\\\/\\\/www.iemj.org\\\/en\\\/marc-alain-ouaknin-invites-herve-roten-on-his-radio-show-talmudiques-broadcasted-on-france-culture\\\/#article\",\"isPartOf\":{\"@id\":\"https:\\\/\\\/www.iemj.org\\\/en\\\/marc-alain-ouaknin-invites-herve-roten-on-his-radio-show-talmudiques-broadcasted-on-france-culture\\\/\"},\"author\":{\"name\":\"Jean-Gabriel Davis\",\"@id\":\"https:\\\/\\\/www.iemj.org\\\/en\\\/#\\\/schema\\\/person\\\/c9bc1c386a3749579a2d675e72a18666\"},\"headline\":\"Marc-Alain Ouaknin invites Herv\u00e9 Roten on his radio show \u00ab Talmudiques \u00bb broadcasted on France Culture\",\"datePublished\":\"2017-04-06T07:47:11+00:00\",\"dateModified\":\"2025-09-29T09:51:04+00:00\",\"mainEntityOfPage\":{\"@id\":\"https:\\\/\\\/www.iemj.org\\\/en\\\/marc-alain-ouaknin-invites-herve-roten-on-his-radio-show-talmudiques-broadcasted-on-france-culture\\\/\"},\"wordCount\":244,\"publisher\":{\"@id\":\"https:\\\/\\\/www.iemj.org\\\/en\\\/#organization\"},\"image\":{\"@id\":\"https:\\\/\\\/www.iemj.org\\\/en\\\/marc-alain-ouaknin-invites-herve-roten-on-his-radio-show-talmudiques-broadcasted-on-france-culture\\\/#primaryimage\"},\"thumbnailUrl\":\"https:\\\/\\\/www.iemj.org\\\/wp-content\\\/uploads\\\/2017\\\/04\\\/arton2224.jpg\",\"articleSection\":[\"Marc-Alain Ouaknin's programs\",\"Radio programs\"],\"inLanguage\":\"en-US\"},{\"@type\":\"WebPage\",\"@id\":\"https:\\\/\\\/www.iemj.org\\\/en\\\/marc-alain-ouaknin-invites-herve-roten-on-his-radio-show-talmudiques-broadcasted-on-france-culture\\\/\",\"url\":\"https:\\\/\\\/www.iemj.org\\\/en\\\/marc-alain-ouaknin-invites-herve-roten-on-his-radio-show-talmudiques-broadcasted-on-france-culture\\\/\",\"name\":\"Marc-Alain Ouaknin invites Herv\u00e9 Roten on his radio show \u00ab Talmudiques \u00bb broadcasted on France Culture - Institut Europ\u00e9en des Musiques Juives\",\"isPartOf\":{\"@id\":\"https:\\\/\\\/www.iemj.org\\\/en\\\/#website\"},\"primaryImageOfPage\":{\"@id\":\"https:\\\/\\\/www.iemj.org\\\/en\\\/marc-alain-ouaknin-invites-herve-roten-on-his-radio-show-talmudiques-broadcasted-on-france-culture\\\/#primaryimage\"},\"image\":{\"@id\":\"https:\\\/\\\/www.iemj.org\\\/en\\\/marc-alain-ouaknin-invites-herve-roten-on-his-radio-show-talmudiques-broadcasted-on-france-culture\\\/#primaryimage\"},\"thumbnailUrl\":\"https:\\\/\\\/www.iemj.org\\\/wp-content\\\/uploads\\\/2017\\\/04\\\/arton2224.jpg\",\"datePublished\":\"2017-04-06T07:47:11+00:00\",\"dateModified\":\"2025-09-29T09:51:04+00:00\",\"breadcrumb\":{\"@id\":\"https:\\\/\\\/www.iemj.org\\\/en\\\/marc-alain-ouaknin-invites-herve-roten-on-his-radio-show-talmudiques-broadcasted-on-france-culture\\\/#breadcrumb\"},\"inLanguage\":\"en-US\",\"potentialAction\":[{\"@type\":\"ReadAction\",\"target\":[\"https:\\\/\\\/www.iemj.org\\\/en\\\/marc-alain-ouaknin-invites-herve-roten-on-his-radio-show-talmudiques-broadcasted-on-france-culture\\\/\"]}]},{\"@type\":\"ImageObject\",\"inLanguage\":\"en-US\",\"@id\":\"https:\\\/\\\/www.iemj.org\\\/en\\\/marc-alain-ouaknin-invites-herve-roten-on-his-radio-show-talmudiques-broadcasted-on-france-culture\\\/#primaryimage\",\"url\":\"https:\\\/\\\/www.iemj.org\\\/wp-content\\\/uploads\\\/2017\\\/04\\\/arton2224.jpg\",\"contentUrl\":\"https:\\\/\\\/www.iemj.org\\\/wp-content\\\/uploads\\\/2017\\\/04\\\/arton2224.jpg\",\"width\":300,\"height\":300},{\"@type\":\"BreadcrumbList\",\"@id\":\"https:\\\/\\\/www.iemj.org\\\/en\\\/marc-alain-ouaknin-invites-herve-roten-on-his-radio-show-talmudiques-broadcasted-on-france-culture\\\/#breadcrumb\",\"itemListElement\":[{\"@type\":\"ListItem\",\"position\":1,\"name\":\"Accueil\",\"item\":\"https:\\\/\\\/www.iemj.org\\\/en\\\/\"},{\"@type\":\"ListItem\",\"position\":2,\"name\":\"Marc-Alain Ouaknin invites Herv\u00e9 Roten on his radio show \u00ab Talmudiques \u00bb broadcasted on France Culture\"}]},{\"@type\":\"WebSite\",\"@id\":\"https:\\\/\\\/www.iemj.org\\\/en\\\/#website\",\"url\":\"https:\\\/\\\/www.iemj.org\\\/en\\\/\",\"name\":\"Institut Europ\u00e9en des Musiques Juives\",\"description\":\"Des traditions musicales \u00e0 la port\u00e9e de tous\",\"publisher\":{\"@id\":\"https:\\\/\\\/www.iemj.org\\\/en\\\/#organization\"},\"potentialAction\":[{\"@type\":\"SearchAction\",\"target\":{\"@type\":\"EntryPoint\",\"urlTemplate\":\"https:\\\/\\\/www.iemj.org\\\/en\\\/?s={search_term_string}\"},\"query-input\":{\"@type\":\"PropertyValueSpecification\",\"valueRequired\":true,\"valueName\":\"search_term_string\"}}],\"inLanguage\":\"en-US\"},{\"@type\":\"Organization\",\"@id\":\"https:\\\/\\\/www.iemj.org\\\/en\\\/#organization\",\"name\":\"Institut Europ\u00e9en des Musiques Juives\",\"url\":\"https:\\\/\\\/www.iemj.org\\\/en\\\/\",\"logo\":{\"@type\":\"ImageObject\",\"inLanguage\":\"en-US\",\"@id\":\"https:\\\/\\\/www.iemj.org\\\/en\\\/#\\\/schema\\\/logo\\\/image\\\/\",\"url\":\"https:\\\/\\\/www.iemj.org\\\/wp-content\\\/uploads\\\/2021\\\/09\\\/Logo-IEMJ-Paypal.jpg\",\"contentUrl\":\"https:\\\/\\\/www.iemj.org\\\/wp-content\\\/uploads\\\/2021\\\/09\\\/Logo-IEMJ-Paypal.jpg\",\"width\":150,\"height\":50,\"caption\":\"Institut Europ\u00e9en des Musiques Juives\"},\"image\":{\"@id\":\"https:\\\/\\\/www.iemj.org\\\/en\\\/#\\\/schema\\\/logo\\\/image\\\/\"},\"sameAs\":[\"https:\\\/\\\/www.facebook.com\\\/MusiquesJuives\\\/\",\"https:\\\/\\\/www.instagram.com\\\/musiquesjuives\\\/\",\"https:\\\/\\\/www.youtube.com\\\/user\\\/musiquesjuives\"]},{\"@type\":\"Person\",\"@id\":\"https:\\\/\\\/www.iemj.org\\\/en\\\/#\\\/schema\\\/person\\\/c9bc1c386a3749579a2d675e72a18666\",\"name\":\"Jean-Gabriel Davis\",\"image\":{\"@type\":\"ImageObject\",\"inLanguage\":\"en-US\",\"@id\":\"https:\\\/\\\/secure.gravatar.com\\\/avatar\\\/2b90d67bdf392c9b3a21fab87c0fa7edaf1fb3a058172a1ffd61033fcec7aec1?s=96&d=mm&r=g\",\"url\":\"https:\\\/\\\/secure.gravatar.com\\\/avatar\\\/2b90d67bdf392c9b3a21fab87c0fa7edaf1fb3a058172a1ffd61033fcec7aec1?s=96&d=mm&r=g\",\"contentUrl\":\"https:\\\/\\\/secure.gravatar.com\\\/avatar\\\/2b90d67bdf392c9b3a21fab87c0fa7edaf1fb3a058172a1ffd61033fcec7aec1?s=96&d=mm&r=g\",\"caption\":\"Jean-Gabriel Davis\"}}]}<\/script>\n<!-- \/ Yoast SEO plugin. -->","yoast_head_json":{"title":"Marc-Alain Ouaknin invites Herv\u00e9 Roten on his radio show \u00ab Talmudiques \u00bb broadcasted on France Culture - Institut Europ\u00e9en des Musiques Juives","robots":{"index":"noindex","follow":"follow"},"og_locale":"en_US","og_type":"article","og_title":"Marc-Alain Ouaknin invites Herv\u00e9 Roten on his radio show \u00ab Talmudiques \u00bb broadcasted on France Culture - Institut Europ\u00e9en des Musiques Juives","og_description":"Jewish songs, French songs: a creative interaction TALMUDIQUES &#8211; April 9 and 16, 2017, FRANCE CULTURE. Marc-Alain Ouaknin invites Herv\u00e9 Roten to talk about the encounter of Jewish and French","og_url":"https:\/\/www.iemj.org\/en\/marc-alain-ouaknin-invites-herve-roten-on-his-radio-show-talmudiques-broadcasted-on-france-culture\/","og_site_name":"Institut Europ\u00e9en des Musiques Juives","article_publisher":"https:\/\/www.facebook.com\/MusiquesJuives\/","article_published_time":"2017-04-06T07:47:11+00:00","article_modified_time":"2025-09-29T09:51:04+00:00","og_image":[{"width":300,"height":300,"url":"https:\/\/www.iemj.org\/wp-content\/uploads\/2017\/04\/arton2224.jpg","type":"image\/jpeg"}],"author":"Jean-Gabriel Davis","twitter_card":"summary_large_image","twitter_misc":{"Written by":"Jean-Gabriel Davis","Est. reading time":"2 minutes"},"schema":{"@context":"https:\/\/schema.org","@graph":[{"@type":"Article","@id":"https:\/\/www.iemj.org\/en\/marc-alain-ouaknin-invites-herve-roten-on-his-radio-show-talmudiques-broadcasted-on-france-culture\/#article","isPartOf":{"@id":"https:\/\/www.iemj.org\/en\/marc-alain-ouaknin-invites-herve-roten-on-his-radio-show-talmudiques-broadcasted-on-france-culture\/"},"author":{"name":"Jean-Gabriel Davis","@id":"https:\/\/www.iemj.org\/en\/#\/schema\/person\/c9bc1c386a3749579a2d675e72a18666"},"headline":"Marc-Alain Ouaknin invites Herv\u00e9 Roten on his radio show \u00ab Talmudiques \u00bb broadcasted on France Culture","datePublished":"2017-04-06T07:47:11+00:00","dateModified":"2025-09-29T09:51:04+00:00","mainEntityOfPage":{"@id":"https:\/\/www.iemj.org\/en\/marc-alain-ouaknin-invites-herve-roten-on-his-radio-show-talmudiques-broadcasted-on-france-culture\/"},"wordCount":244,"publisher":{"@id":"https:\/\/www.iemj.org\/en\/#organization"},"image":{"@id":"https:\/\/www.iemj.org\/en\/marc-alain-ouaknin-invites-herve-roten-on-his-radio-show-talmudiques-broadcasted-on-france-culture\/#primaryimage"},"thumbnailUrl":"https:\/\/www.iemj.org\/wp-content\/uploads\/2017\/04\/arton2224.jpg","articleSection":["Marc-Alain Ouaknin's programs","Radio programs"],"inLanguage":"en-US"},{"@type":"WebPage","@id":"https:\/\/www.iemj.org\/en\/marc-alain-ouaknin-invites-herve-roten-on-his-radio-show-talmudiques-broadcasted-on-france-culture\/","url":"https:\/\/www.iemj.org\/en\/marc-alain-ouaknin-invites-herve-roten-on-his-radio-show-talmudiques-broadcasted-on-france-culture\/","name":"Marc-Alain Ouaknin invites Herv\u00e9 Roten on his radio show \u00ab Talmudiques \u00bb broadcasted on France Culture - Institut Europ\u00e9en des Musiques Juives","isPartOf":{"@id":"https:\/\/www.iemj.org\/en\/#website"},"primaryImageOfPage":{"@id":"https:\/\/www.iemj.org\/en\/marc-alain-ouaknin-invites-herve-roten-on-his-radio-show-talmudiques-broadcasted-on-france-culture\/#primaryimage"},"image":{"@id":"https:\/\/www.iemj.org\/en\/marc-alain-ouaknin-invites-herve-roten-on-his-radio-show-talmudiques-broadcasted-on-france-culture\/#primaryimage"},"thumbnailUrl":"https:\/\/www.iemj.org\/wp-content\/uploads\/2017\/04\/arton2224.jpg","datePublished":"2017-04-06T07:47:11+00:00","dateModified":"2025-09-29T09:51:04+00:00","breadcrumb":{"@id":"https:\/\/www.iemj.org\/en\/marc-alain-ouaknin-invites-herve-roten-on-his-radio-show-talmudiques-broadcasted-on-france-culture\/#breadcrumb"},"inLanguage":"en-US","potentialAction":[{"@type":"ReadAction","target":["https:\/\/www.iemj.org\/en\/marc-alain-ouaknin-invites-herve-roten-on-his-radio-show-talmudiques-broadcasted-on-france-culture\/"]}]},{"@type":"ImageObject","inLanguage":"en-US","@id":"https:\/\/www.iemj.org\/en\/marc-alain-ouaknin-invites-herve-roten-on-his-radio-show-talmudiques-broadcasted-on-france-culture\/#primaryimage","url":"https:\/\/www.iemj.org\/wp-content\/uploads\/2017\/04\/arton2224.jpg","contentUrl":"https:\/\/www.iemj.org\/wp-content\/uploads\/2017\/04\/arton2224.jpg","width":300,"height":300},{"@type":"BreadcrumbList","@id":"https:\/\/www.iemj.org\/en\/marc-alain-ouaknin-invites-herve-roten-on-his-radio-show-talmudiques-broadcasted-on-france-culture\/#breadcrumb","itemListElement":[{"@type":"ListItem","position":1,"name":"Accueil","item":"https:\/\/www.iemj.org\/en\/"},{"@type":"ListItem","position":2,"name":"Marc-Alain Ouaknin invites Herv\u00e9 Roten on his radio show \u00ab Talmudiques \u00bb broadcasted on France Culture"}]},{"@type":"WebSite","@id":"https:\/\/www.iemj.org\/en\/#website","url":"https:\/\/www.iemj.org\/en\/","name":"Institut Europ\u00e9en des Musiques Juives","description":"Des traditions musicales \u00e0 la port\u00e9e de tous","publisher":{"@id":"https:\/\/www.iemj.org\/en\/#organization"},"potentialAction":[{"@type":"SearchAction","target":{"@type":"EntryPoint","urlTemplate":"https:\/\/www.iemj.org\/en\/?s={search_term_string}"},"query-input":{"@type":"PropertyValueSpecification","valueRequired":true,"valueName":"search_term_string"}}],"inLanguage":"en-US"},{"@type":"Organization","@id":"https:\/\/www.iemj.org\/en\/#organization","name":"Institut Europ\u00e9en des Musiques Juives","url":"https:\/\/www.iemj.org\/en\/","logo":{"@type":"ImageObject","inLanguage":"en-US","@id":"https:\/\/www.iemj.org\/en\/#\/schema\/logo\/image\/","url":"https:\/\/www.iemj.org\/wp-content\/uploads\/2021\/09\/Logo-IEMJ-Paypal.jpg","contentUrl":"https:\/\/www.iemj.org\/wp-content\/uploads\/2021\/09\/Logo-IEMJ-Paypal.jpg","width":150,"height":50,"caption":"Institut Europ\u00e9en des Musiques Juives"},"image":{"@id":"https:\/\/www.iemj.org\/en\/#\/schema\/logo\/image\/"},"sameAs":["https:\/\/www.facebook.com\/MusiquesJuives\/","https:\/\/www.instagram.com\/musiquesjuives\/","https:\/\/www.youtube.com\/user\/musiquesjuives"]},{"@type":"Person","@id":"https:\/\/www.iemj.org\/en\/#\/schema\/person\/c9bc1c386a3749579a2d675e72a18666","name":"Jean-Gabriel Davis","image":{"@type":"ImageObject","inLanguage":"en-US","@id":"https:\/\/secure.gravatar.com\/avatar\/2b90d67bdf392c9b3a21fab87c0fa7edaf1fb3a058172a1ffd61033fcec7aec1?s=96&d=mm&r=g","url":"https:\/\/secure.gravatar.com\/avatar\/2b90d67bdf392c9b3a21fab87c0fa7edaf1fb3a058172a1ffd61033fcec7aec1?s=96&d=mm&r=g","contentUrl":"https:\/\/secure.gravatar.com\/avatar\/2b90d67bdf392c9b3a21fab87c0fa7edaf1fb3a058172a1ffd61033fcec7aec1?s=96&d=mm&r=g","caption":"Jean-Gabriel Davis"}}]}},"_links":{"self":[{"href":"https:\/\/www.iemj.org\/en\/wp-json\/wp\/v2\/posts\/13790","targetHints":{"allow":["GET"]}}],"collection":[{"href":"https:\/\/www.iemj.org\/en\/wp-json\/wp\/v2\/posts"}],"about":[{"href":"https:\/\/www.iemj.org\/en\/wp-json\/wp\/v2\/types\/post"}],"author":[{"embeddable":true,"href":"https:\/\/www.iemj.org\/en\/wp-json\/wp\/v2\/users\/1048"}],"replies":[{"embeddable":true,"href":"https:\/\/www.iemj.org\/en\/wp-json\/wp\/v2\/comments?post=13790"}],"version-history":[{"count":0,"href":"https:\/\/www.iemj.org\/en\/wp-json\/wp\/v2\/posts\/13790\/revisions"}],"wp:featuredmedia":[{"embeddable":true,"href":"https:\/\/www.iemj.org\/en\/wp-json\/wp\/v2\/media\/13788"}],"wp:attachment":[{"href":"https:\/\/www.iemj.org\/en\/wp-json\/wp\/v2\/media?parent=13790"}],"wp:term":[{"taxonomy":"category","embeddable":true,"href":"https:\/\/www.iemj.org\/en\/wp-json\/wp\/v2\/categories?post=13790"},{"taxonomy":"post_tag","embeddable":true,"href":"https:\/\/www.iemj.org\/en\/wp-json\/wp\/v2\/tags?post=13790"},{"taxonomy":"technique","embeddable":true,"href":"https:\/\/www.iemj.org\/en\/wp-json\/wp\/v2\/technique?post=13790"},{"taxonomy":"squelettes","embeddable":true,"href":"https:\/\/www.iemj.org\/en\/wp-json\/wp\/v2\/squelettes?post=13790"},{"taxonomy":"sujet","embeddable":true,"href":"https:\/\/www.iemj.org\/en\/wp-json\/wp\/v2\/sujet?post=13790"},{"taxonomy":"formation","embeddable":true,"href":"https:\/\/www.iemj.org\/en\/wp-json\/wp\/v2\/formation?post=13790"},{"taxonomy":"genre","embeddable":true,"href":"https:\/\/www.iemj.org\/en\/wp-json\/wp\/v2\/genre?post=13790"},{"taxonomy":"fonds","embeddable":true,"href":"https:\/\/www.iemj.org\/en\/wp-json\/wp\/v2\/fonds?post=13790"},{"taxonomy":"tradition","embeddable":true,"href":"https:\/\/www.iemj.org\/en\/wp-json\/wp\/v2\/tradition?post=13790"},{"taxonomy":"type-de-contenu","embeddable":true,"href":"https:\/\/www.iemj.org\/en\/wp-json\/wp\/v2\/type-de-contenu?post=13790"},{"taxonomy":"interprete-compositeur","embeddable":true,"href":"https:\/\/www.iemj.org\/en\/wp-json\/wp\/v2\/interprete-compositeur?post=13790"},{"taxonomy":"frise","embeddable":true,"href":"https:\/\/www.iemj.org\/en\/wp-json\/wp\/v2\/frise?post=13790"},{"taxonomy":"type-devenement","embeddable":true,"href":"https:\/\/www.iemj.org\/en\/wp-json\/wp\/v2\/type-devenement?post=13790"},{"taxonomy":"tableaux-liens-externes","embeddable":true,"href":"https:\/\/www.iemj.org\/en\/wp-json\/wp\/v2\/tableaux-liens-externes?post=13790"}],"curies":[{"name":"wp","href":"https:\/\/api.w.org\/{rel}","templated":true}]}}