{"id":14363,"date":"2016-06-03T13:31:00","date_gmt":"2016-06-03T11:31:00","guid":{"rendered":"https:\/\/www.iemj.org\/2016\/06\/03\/the-revival-of-klezmer-music-herve-roten-and-denis-cuniot\/"},"modified":"2025-05-18T14:20:10","modified_gmt":"2025-05-18T12:20:10","slug":"the-revival-of-klezmer-music-herve-roten-and-denis-cuniot","status":"publish","type":"post","link":"https:\/\/www.iemj.org\/en\/the-revival-of-klezmer-music-herve-roten-and-denis-cuniot\/","title":{"rendered":"The revival of klezmer music &#8211; Herv\u00e9 Roten and Denis Cuniot"},"content":{"rendered":"\n<p><strong>As part of the Days of Yiddish Culture 2010, Herv\u00e9 Roten, ethnomusicologist and director of the European Institute of Jewish Music and Denis Cuniot, klezmer pianist, present to us a general view on the revival of klezmer music<\/strong>.<\/p>\n\n\n\n<!--more-->\n\n\n<p>This conference organized by the <a href=\"http:\/\/www.centrecomparis.com\/\">Centre Communautaire de Paris<\/a>, on March 17, 2010 invites us to a journey on the routes of klezmer music.<\/p>\n<p>Illustrated with many audio and video examples, this journey takes us to the origins of this music, revealing the context in which it was created.<br \/>The practice of music, between fidelity of the traditional way and renewal will be a subject of discussion.<br \/>The personal view of Denis Cuniot, one of the first French craftsmen of the klezmer revival, will help us understand how today\u2019s musicians situate themselves with this heritage. With his experience, he will share his questions and doubts concerning his work of renewal of this repertoire.<\/p>\n<p><a href=\"https:\/\/www.iemj.org\/en\/cuniot-denis-1953\/\" target=\"_blank\" rel=\"noopener\">Learn more about Denis Cuniot<\/a><br \/><a href=\"http:\/\/www.deniscuniot.fr\/\">Website of Denis Cuniot<\/a><\/p>\n<p>The video of this conference was filmed by <a href=\"http:\/\/www.akadem.org\/\">AKADEM<\/a><\/p>\n\n\n<figure class=\"wp-block-embed is-type-video is-provider-youtube wp-block-embed-youtube wp-embed-aspect-4-3 wp-has-aspect-ratio\"><div class=\"wp-block-embed__wrapper\">\n<iframe title=\"Le renouveau du klezmer - Herv\u00e9 Roten et Denis Cuniot\" width=\"640\" height=\"480\" src=\"https:\/\/www.youtube.com\/embed\/HUVHgb8ybqc?feature=oembed\" frameborder=\"0\" allow=\"accelerometer; autoplay; clipboard-write; encrypted-media; gyroscope; picture-in-picture; web-share\" referrerpolicy=\"strict-origin-when-cross-origin\" allowfullscreen><\/iframe>\n<\/div><\/figure>\n","protected":false},"excerpt":{"rendered":"<p>As part of the Days of Yiddish Culture 2010, Herv\u00e9 Roten, ethnomusicologist and director of the European Institute of Jewish Music and Denis Cuniot, klezmer pianist, present to us a<\/p>\n","protected":false},"author":1048,"featured_media":9433,"comment_status":"closed","ping_status":"open","sticky":false,"template":"","format":"standard","meta":{"_acf_changed":false,"footnotes":""},"categories":[1366],"tags":[],"technique":[],"squelettes":[],"sujet":[],"formation":[],"genre":[],"fonds":[],"tradition":[],"type-de-contenu":[],"interprete-compositeur":[],"frise":[],"type-devenement":[],"tableaux-liens-externes":[],"class_list":["post-14363","post","type-post","status-publish","format-standard","has-post-thumbnail","hentry","category-lectures-conferences-discover-en"],"acf":[],"yoast_head":"<!-- This site is optimized with the Yoast SEO plugin v27.3 - https:\/\/yoast.com\/product\/yoast-seo-wordpress\/ -->\n<title>The revival of klezmer music - Herv\u00e9 Roten and Denis Cuniot - Institut Europ\u00e9en des Musiques Juives<\/title>\n<meta name=\"robots\" content=\"index, follow, max-snippet:-1, max-image-preview:large, max-video-preview:-1\" \/>\n<link rel=\"canonical\" href=\"https:\/\/www.iemj.org\/en\/the-revival-of-klezmer-music-herve-roten-and-denis-cuniot\/\" \/>\n<meta property=\"og:locale\" content=\"en_US\" \/>\n<meta property=\"og:type\" content=\"article\" \/>\n<meta property=\"og:title\" content=\"The revival of klezmer music - Herv\u00e9 Roten and Denis Cuniot - Institut Europ\u00e9en des Musiques Juives\" \/>\n<meta property=\"og:description\" content=\"As part of the Days of Yiddish Culture 2010, Herv\u00e9 Roten, ethnomusicologist and director of the European Institute of Jewish Music and Denis Cuniot, klezmer pianist, present to us a\" \/>\n<meta property=\"og:url\" content=\"https:\/\/www.iemj.org\/en\/the-revival-of-klezmer-music-herve-roten-and-denis-cuniot\/\" \/>\n<meta property=\"og:site_name\" content=\"Institut Europ\u00e9en des Musiques Juives\" \/>\n<meta property=\"article:publisher\" content=\"https:\/\/www.facebook.com\/MusiquesJuives\/\" \/>\n<meta property=\"article:published_time\" content=\"2016-06-03T11:31:00+00:00\" \/>\n<meta property=\"article:modified_time\" content=\"2025-05-18T12:20:10+00:00\" \/>\n<meta property=\"og:image\" content=\"https:\/\/www.iemj.org\/wp-content\/uploads\/2016\/02\/arton1483-e1622546078393.jpg\" \/>\n\t<meta property=\"og:image:width\" content=\"476\" \/>\n\t<meta property=\"og:image:height\" content=\"354\" \/>\n\t<meta property=\"og:image:type\" content=\"image\/jpeg\" \/>\n<meta name=\"author\" content=\"Jean-Gabriel Davis\" \/>\n<meta name=\"twitter:card\" content=\"summary_large_image\" \/>\n<meta name=\"twitter:label1\" content=\"Written by\" \/>\n\t<meta name=\"twitter:data1\" content=\"Jean-Gabriel Davis\" \/>\n\t<meta name=\"twitter:label2\" content=\"Est. reading time\" \/>\n\t<meta name=\"twitter:data2\" content=\"2 minutes\" \/>\n<script type=\"application\/ld+json\" class=\"yoast-schema-graph\">{\"@context\":\"https:\\\/\\\/schema.org\",\"@graph\":[{\"@type\":\"Article\",\"@id\":\"https:\\\/\\\/www.iemj.org\\\/en\\\/the-revival-of-klezmer-music-herve-roten-and-denis-cuniot\\\/#article\",\"isPartOf\":{\"@id\":\"https:\\\/\\\/www.iemj.org\\\/en\\\/the-revival-of-klezmer-music-herve-roten-and-denis-cuniot\\\/\"},\"author\":{\"name\":\"Jean-Gabriel Davis\",\"@id\":\"https:\\\/\\\/www.iemj.org\\\/en\\\/#\\\/schema\\\/person\\\/c9bc1c386a3749579a2d675e72a18666\"},\"headline\":\"The revival of klezmer music &#8211; Herv\u00e9 Roten and Denis Cuniot\",\"datePublished\":\"2016-06-03T11:31:00+00:00\",\"dateModified\":\"2025-05-18T12:20:10+00:00\",\"mainEntityOfPage\":{\"@id\":\"https:\\\/\\\/www.iemj.org\\\/en\\\/the-revival-of-klezmer-music-herve-roten-and-denis-cuniot\\\/\"},\"wordCount\":183,\"publisher\":{\"@id\":\"https:\\\/\\\/www.iemj.org\\\/en\\\/#organization\"},\"image\":{\"@id\":\"https:\\\/\\\/www.iemj.org\\\/en\\\/the-revival-of-klezmer-music-herve-roten-and-denis-cuniot\\\/#primaryimage\"},\"thumbnailUrl\":\"https:\\\/\\\/www.iemj.org\\\/wp-content\\\/uploads\\\/2016\\\/02\\\/arton1483-e1622546078393.jpg\",\"articleSection\":[\"Lectures \\\/ conferences\"],\"inLanguage\":\"en-US\"},{\"@type\":\"WebPage\",\"@id\":\"https:\\\/\\\/www.iemj.org\\\/en\\\/the-revival-of-klezmer-music-herve-roten-and-denis-cuniot\\\/\",\"url\":\"https:\\\/\\\/www.iemj.org\\\/en\\\/the-revival-of-klezmer-music-herve-roten-and-denis-cuniot\\\/\",\"name\":\"The revival of klezmer music - Herv\u00e9 Roten and Denis Cuniot - Institut Europ\u00e9en des Musiques Juives\",\"isPartOf\":{\"@id\":\"https:\\\/\\\/www.iemj.org\\\/en\\\/#website\"},\"primaryImageOfPage\":{\"@id\":\"https:\\\/\\\/www.iemj.org\\\/en\\\/the-revival-of-klezmer-music-herve-roten-and-denis-cuniot\\\/#primaryimage\"},\"image\":{\"@id\":\"https:\\\/\\\/www.iemj.org\\\/en\\\/the-revival-of-klezmer-music-herve-roten-and-denis-cuniot\\\/#primaryimage\"},\"thumbnailUrl\":\"https:\\\/\\\/www.iemj.org\\\/wp-content\\\/uploads\\\/2016\\\/02\\\/arton1483-e1622546078393.jpg\",\"datePublished\":\"2016-06-03T11:31:00+00:00\",\"dateModified\":\"2025-05-18T12:20:10+00:00\",\"breadcrumb\":{\"@id\":\"https:\\\/\\\/www.iemj.org\\\/en\\\/the-revival-of-klezmer-music-herve-roten-and-denis-cuniot\\\/#breadcrumb\"},\"inLanguage\":\"en-US\",\"potentialAction\":[{\"@type\":\"ReadAction\",\"target\":[\"https:\\\/\\\/www.iemj.org\\\/en\\\/the-revival-of-klezmer-music-herve-roten-and-denis-cuniot\\\/\"]}]},{\"@type\":\"ImageObject\",\"inLanguage\":\"en-US\",\"@id\":\"https:\\\/\\\/www.iemj.org\\\/en\\\/the-revival-of-klezmer-music-herve-roten-and-denis-cuniot\\\/#primaryimage\",\"url\":\"https:\\\/\\\/www.iemj.org\\\/wp-content\\\/uploads\\\/2016\\\/02\\\/arton1483-e1622546078393.jpg\",\"contentUrl\":\"https:\\\/\\\/www.iemj.org\\\/wp-content\\\/uploads\\\/2016\\\/02\\\/arton1483-e1622546078393.jpg\",\"width\":476,\"height\":354},{\"@type\":\"BreadcrumbList\",\"@id\":\"https:\\\/\\\/www.iemj.org\\\/en\\\/the-revival-of-klezmer-music-herve-roten-and-denis-cuniot\\\/#breadcrumb\",\"itemListElement\":[{\"@type\":\"ListItem\",\"position\":1,\"name\":\"Accueil\",\"item\":\"https:\\\/\\\/www.iemj.org\\\/en\\\/\"},{\"@type\":\"ListItem\",\"position\":2,\"name\":\"The revival of klezmer music &#8211; Herv\u00e9 Roten and Denis Cuniot\"}]},{\"@type\":\"WebSite\",\"@id\":\"https:\\\/\\\/www.iemj.org\\\/en\\\/#website\",\"url\":\"https:\\\/\\\/www.iemj.org\\\/en\\\/\",\"name\":\"Institut Europ\u00e9en des Musiques Juives\",\"description\":\"Des traditions musicales \u00e0 la port\u00e9e de tous\",\"publisher\":{\"@id\":\"https:\\\/\\\/www.iemj.org\\\/en\\\/#organization\"},\"potentialAction\":[{\"@type\":\"SearchAction\",\"target\":{\"@type\":\"EntryPoint\",\"urlTemplate\":\"https:\\\/\\\/www.iemj.org\\\/en\\\/?s={search_term_string}\"},\"query-input\":{\"@type\":\"PropertyValueSpecification\",\"valueRequired\":true,\"valueName\":\"search_term_string\"}}],\"inLanguage\":\"en-US\"},{\"@type\":\"Organization\",\"@id\":\"https:\\\/\\\/www.iemj.org\\\/en\\\/#organization\",\"name\":\"Institut Europ\u00e9en des Musiques Juives\",\"url\":\"https:\\\/\\\/www.iemj.org\\\/en\\\/\",\"logo\":{\"@type\":\"ImageObject\",\"inLanguage\":\"en-US\",\"@id\":\"https:\\\/\\\/www.iemj.org\\\/en\\\/#\\\/schema\\\/logo\\\/image\\\/\",\"url\":\"https:\\\/\\\/www.iemj.org\\\/wp-content\\\/uploads\\\/2021\\\/09\\\/Logo-IEMJ-Paypal.jpg\",\"contentUrl\":\"https:\\\/\\\/www.iemj.org\\\/wp-content\\\/uploads\\\/2021\\\/09\\\/Logo-IEMJ-Paypal.jpg\",\"width\":150,\"height\":50,\"caption\":\"Institut Europ\u00e9en des Musiques Juives\"},\"image\":{\"@id\":\"https:\\\/\\\/www.iemj.org\\\/en\\\/#\\\/schema\\\/logo\\\/image\\\/\"},\"sameAs\":[\"https:\\\/\\\/www.facebook.com\\\/MusiquesJuives\\\/\",\"https:\\\/\\\/www.instagram.com\\\/musiquesjuives\\\/\",\"https:\\\/\\\/www.youtube.com\\\/user\\\/musiquesjuives\"]},{\"@type\":\"Person\",\"@id\":\"https:\\\/\\\/www.iemj.org\\\/en\\\/#\\\/schema\\\/person\\\/c9bc1c386a3749579a2d675e72a18666\",\"name\":\"Jean-Gabriel Davis\",\"image\":{\"@type\":\"ImageObject\",\"inLanguage\":\"en-US\",\"@id\":\"https:\\\/\\\/secure.gravatar.com\\\/avatar\\\/2b90d67bdf392c9b3a21fab87c0fa7edaf1fb3a058172a1ffd61033fcec7aec1?s=96&d=mm&r=g\",\"url\":\"https:\\\/\\\/secure.gravatar.com\\\/avatar\\\/2b90d67bdf392c9b3a21fab87c0fa7edaf1fb3a058172a1ffd61033fcec7aec1?s=96&d=mm&r=g\",\"contentUrl\":\"https:\\\/\\\/secure.gravatar.com\\\/avatar\\\/2b90d67bdf392c9b3a21fab87c0fa7edaf1fb3a058172a1ffd61033fcec7aec1?s=96&d=mm&r=g\",\"caption\":\"Jean-Gabriel Davis\"}}]}<\/script>\n<!-- \/ Yoast SEO plugin. -->","yoast_head_json":{"title":"The revival of klezmer music - Herv\u00e9 Roten and Denis Cuniot - Institut Europ\u00e9en des Musiques Juives","robots":{"index":"index","follow":"follow","max-snippet":"max-snippet:-1","max-image-preview":"max-image-preview:large","max-video-preview":"max-video-preview:-1"},"canonical":"https:\/\/www.iemj.org\/en\/the-revival-of-klezmer-music-herve-roten-and-denis-cuniot\/","og_locale":"en_US","og_type":"article","og_title":"The revival of klezmer music - Herv\u00e9 Roten and Denis Cuniot - Institut Europ\u00e9en des Musiques Juives","og_description":"As part of the Days of Yiddish Culture 2010, Herv\u00e9 Roten, ethnomusicologist and director of the European Institute of Jewish Music and Denis Cuniot, klezmer pianist, present to us a","og_url":"https:\/\/www.iemj.org\/en\/the-revival-of-klezmer-music-herve-roten-and-denis-cuniot\/","og_site_name":"Institut Europ\u00e9en des Musiques Juives","article_publisher":"https:\/\/www.facebook.com\/MusiquesJuives\/","article_published_time":"2016-06-03T11:31:00+00:00","article_modified_time":"2025-05-18T12:20:10+00:00","og_image":[{"width":476,"height":354,"url":"https:\/\/www.iemj.org\/wp-content\/uploads\/2016\/02\/arton1483-e1622546078393.jpg","type":"image\/jpeg"}],"author":"Jean-Gabriel Davis","twitter_card":"summary_large_image","twitter_misc":{"Written by":"Jean-Gabriel Davis","Est. reading time":"2 minutes"},"schema":{"@context":"https:\/\/schema.org","@graph":[{"@type":"Article","@id":"https:\/\/www.iemj.org\/en\/the-revival-of-klezmer-music-herve-roten-and-denis-cuniot\/#article","isPartOf":{"@id":"https:\/\/www.iemj.org\/en\/the-revival-of-klezmer-music-herve-roten-and-denis-cuniot\/"},"author":{"name":"Jean-Gabriel Davis","@id":"https:\/\/www.iemj.org\/en\/#\/schema\/person\/c9bc1c386a3749579a2d675e72a18666"},"headline":"The revival of klezmer music &#8211; Herv\u00e9 Roten and Denis Cuniot","datePublished":"2016-06-03T11:31:00+00:00","dateModified":"2025-05-18T12:20:10+00:00","mainEntityOfPage":{"@id":"https:\/\/www.iemj.org\/en\/the-revival-of-klezmer-music-herve-roten-and-denis-cuniot\/"},"wordCount":183,"publisher":{"@id":"https:\/\/www.iemj.org\/en\/#organization"},"image":{"@id":"https:\/\/www.iemj.org\/en\/the-revival-of-klezmer-music-herve-roten-and-denis-cuniot\/#primaryimage"},"thumbnailUrl":"https:\/\/www.iemj.org\/wp-content\/uploads\/2016\/02\/arton1483-e1622546078393.jpg","articleSection":["Lectures \/ conferences"],"inLanguage":"en-US"},{"@type":"WebPage","@id":"https:\/\/www.iemj.org\/en\/the-revival-of-klezmer-music-herve-roten-and-denis-cuniot\/","url":"https:\/\/www.iemj.org\/en\/the-revival-of-klezmer-music-herve-roten-and-denis-cuniot\/","name":"The revival of klezmer music - Herv\u00e9 Roten and Denis Cuniot - Institut Europ\u00e9en des Musiques Juives","isPartOf":{"@id":"https:\/\/www.iemj.org\/en\/#website"},"primaryImageOfPage":{"@id":"https:\/\/www.iemj.org\/en\/the-revival-of-klezmer-music-herve-roten-and-denis-cuniot\/#primaryimage"},"image":{"@id":"https:\/\/www.iemj.org\/en\/the-revival-of-klezmer-music-herve-roten-and-denis-cuniot\/#primaryimage"},"thumbnailUrl":"https:\/\/www.iemj.org\/wp-content\/uploads\/2016\/02\/arton1483-e1622546078393.jpg","datePublished":"2016-06-03T11:31:00+00:00","dateModified":"2025-05-18T12:20:10+00:00","breadcrumb":{"@id":"https:\/\/www.iemj.org\/en\/the-revival-of-klezmer-music-herve-roten-and-denis-cuniot\/#breadcrumb"},"inLanguage":"en-US","potentialAction":[{"@type":"ReadAction","target":["https:\/\/www.iemj.org\/en\/the-revival-of-klezmer-music-herve-roten-and-denis-cuniot\/"]}]},{"@type":"ImageObject","inLanguage":"en-US","@id":"https:\/\/www.iemj.org\/en\/the-revival-of-klezmer-music-herve-roten-and-denis-cuniot\/#primaryimage","url":"https:\/\/www.iemj.org\/wp-content\/uploads\/2016\/02\/arton1483-e1622546078393.jpg","contentUrl":"https:\/\/www.iemj.org\/wp-content\/uploads\/2016\/02\/arton1483-e1622546078393.jpg","width":476,"height":354},{"@type":"BreadcrumbList","@id":"https:\/\/www.iemj.org\/en\/the-revival-of-klezmer-music-herve-roten-and-denis-cuniot\/#breadcrumb","itemListElement":[{"@type":"ListItem","position":1,"name":"Accueil","item":"https:\/\/www.iemj.org\/en\/"},{"@type":"ListItem","position":2,"name":"The revival of klezmer music &#8211; Herv\u00e9 Roten and Denis Cuniot"}]},{"@type":"WebSite","@id":"https:\/\/www.iemj.org\/en\/#website","url":"https:\/\/www.iemj.org\/en\/","name":"Institut Europ\u00e9en des Musiques Juives","description":"Des traditions musicales \u00e0 la port\u00e9e de tous","publisher":{"@id":"https:\/\/www.iemj.org\/en\/#organization"},"potentialAction":[{"@type":"SearchAction","target":{"@type":"EntryPoint","urlTemplate":"https:\/\/www.iemj.org\/en\/?s={search_term_string}"},"query-input":{"@type":"PropertyValueSpecification","valueRequired":true,"valueName":"search_term_string"}}],"inLanguage":"en-US"},{"@type":"Organization","@id":"https:\/\/www.iemj.org\/en\/#organization","name":"Institut Europ\u00e9en des Musiques Juives","url":"https:\/\/www.iemj.org\/en\/","logo":{"@type":"ImageObject","inLanguage":"en-US","@id":"https:\/\/www.iemj.org\/en\/#\/schema\/logo\/image\/","url":"https:\/\/www.iemj.org\/wp-content\/uploads\/2021\/09\/Logo-IEMJ-Paypal.jpg","contentUrl":"https:\/\/www.iemj.org\/wp-content\/uploads\/2021\/09\/Logo-IEMJ-Paypal.jpg","width":150,"height":50,"caption":"Institut Europ\u00e9en des Musiques Juives"},"image":{"@id":"https:\/\/www.iemj.org\/en\/#\/schema\/logo\/image\/"},"sameAs":["https:\/\/www.facebook.com\/MusiquesJuives\/","https:\/\/www.instagram.com\/musiquesjuives\/","https:\/\/www.youtube.com\/user\/musiquesjuives"]},{"@type":"Person","@id":"https:\/\/www.iemj.org\/en\/#\/schema\/person\/c9bc1c386a3749579a2d675e72a18666","name":"Jean-Gabriel Davis","image":{"@type":"ImageObject","inLanguage":"en-US","@id":"https:\/\/secure.gravatar.com\/avatar\/2b90d67bdf392c9b3a21fab87c0fa7edaf1fb3a058172a1ffd61033fcec7aec1?s=96&d=mm&r=g","url":"https:\/\/secure.gravatar.com\/avatar\/2b90d67bdf392c9b3a21fab87c0fa7edaf1fb3a058172a1ffd61033fcec7aec1?s=96&d=mm&r=g","contentUrl":"https:\/\/secure.gravatar.com\/avatar\/2b90d67bdf392c9b3a21fab87c0fa7edaf1fb3a058172a1ffd61033fcec7aec1?s=96&d=mm&r=g","caption":"Jean-Gabriel Davis"}}]}},"_links":{"self":[{"href":"https:\/\/www.iemj.org\/en\/wp-json\/wp\/v2\/posts\/14363","targetHints":{"allow":["GET"]}}],"collection":[{"href":"https:\/\/www.iemj.org\/en\/wp-json\/wp\/v2\/posts"}],"about":[{"href":"https:\/\/www.iemj.org\/en\/wp-json\/wp\/v2\/types\/post"}],"author":[{"embeddable":true,"href":"https:\/\/www.iemj.org\/en\/wp-json\/wp\/v2\/users\/1048"}],"replies":[{"embeddable":true,"href":"https:\/\/www.iemj.org\/en\/wp-json\/wp\/v2\/comments?post=14363"}],"version-history":[{"count":0,"href":"https:\/\/www.iemj.org\/en\/wp-json\/wp\/v2\/posts\/14363\/revisions"}],"wp:featuredmedia":[{"embeddable":true,"href":"https:\/\/www.iemj.org\/en\/wp-json\/wp\/v2\/media\/9433"}],"wp:attachment":[{"href":"https:\/\/www.iemj.org\/en\/wp-json\/wp\/v2\/media?parent=14363"}],"wp:term":[{"taxonomy":"category","embeddable":true,"href":"https:\/\/www.iemj.org\/en\/wp-json\/wp\/v2\/categories?post=14363"},{"taxonomy":"post_tag","embeddable":true,"href":"https:\/\/www.iemj.org\/en\/wp-json\/wp\/v2\/tags?post=14363"},{"taxonomy":"technique","embeddable":true,"href":"https:\/\/www.iemj.org\/en\/wp-json\/wp\/v2\/technique?post=14363"},{"taxonomy":"squelettes","embeddable":true,"href":"https:\/\/www.iemj.org\/en\/wp-json\/wp\/v2\/squelettes?post=14363"},{"taxonomy":"sujet","embeddable":true,"href":"https:\/\/www.iemj.org\/en\/wp-json\/wp\/v2\/sujet?post=14363"},{"taxonomy":"formation","embeddable":true,"href":"https:\/\/www.iemj.org\/en\/wp-json\/wp\/v2\/formation?post=14363"},{"taxonomy":"genre","embeddable":true,"href":"https:\/\/www.iemj.org\/en\/wp-json\/wp\/v2\/genre?post=14363"},{"taxonomy":"fonds","embeddable":true,"href":"https:\/\/www.iemj.org\/en\/wp-json\/wp\/v2\/fonds?post=14363"},{"taxonomy":"tradition","embeddable":true,"href":"https:\/\/www.iemj.org\/en\/wp-json\/wp\/v2\/tradition?post=14363"},{"taxonomy":"type-de-contenu","embeddable":true,"href":"https:\/\/www.iemj.org\/en\/wp-json\/wp\/v2\/type-de-contenu?post=14363"},{"taxonomy":"interprete-compositeur","embeddable":true,"href":"https:\/\/www.iemj.org\/en\/wp-json\/wp\/v2\/interprete-compositeur?post=14363"},{"taxonomy":"frise","embeddable":true,"href":"https:\/\/www.iemj.org\/en\/wp-json\/wp\/v2\/frise?post=14363"},{"taxonomy":"type-devenement","embeddable":true,"href":"https:\/\/www.iemj.org\/en\/wp-json\/wp\/v2\/type-devenement?post=14363"},{"taxonomy":"tableaux-liens-externes","embeddable":true,"href":"https:\/\/www.iemj.org\/en\/wp-json\/wp\/v2\/tableaux-liens-externes?post=14363"}],"curies":[{"name":"wp","href":"https:\/\/api.w.org\/{rel}","templated":true}]}}