{"id":14890,"date":"2017-08-25T13:29:45","date_gmt":"2017-08-25T11:29:45","guid":{"rendered":"https:\/\/www.iemj.org\/2017\/08\/25\/the-sillamy-archives\/"},"modified":"2021-09-14T16:28:55","modified_gmt":"2021-09-14T14:28:55","slug":"the-sillamy-archives","status":"publish","type":"post","link":"https:\/\/www.iemj.org\/en\/the-sillamy-archives\/","title":{"rendered":"The Sillamy Collection"},"content":{"rendered":"<p>Born on July 24, 1932 in Algiers and deceased on July 9, 2016 in Ajaccio (Corsica), <a href=\"https:\/\/www.iemj.org\/en\/sillamy-jean-claude-1932-2016\/\" target=\"_blank\" rel=\"noopener\">Jean-Claude Sillamy<\/a> was a French musicologist and composer of stage music, sacred music and films music. Specialized in antique music (Sumer, Babylon, Mesopotamia&#8230;), he published several books and studies dedicated notably to Jewish music. (<em>Essai de reconstitution de la musique de la Bible, 1957 ; La musique dans l\u2019ancien Orient (2 tomes), 1986 ; La musique des communaut\u00e9s juives d&#8217;Afrique du Nord, 1987 ; <a href=\"https:\/\/www.iemj.org\/en\/le-principe-de-la-modulation-dans-le-fragment-babylonien-dur-u-7-80-xviiieme-siecle-av-j-c-a-partir-dun-instrument-de-lepoque-non-identifie-le-gis-za-mi\/\" target=\"_blank\" rel=\"noopener\">Le principe de la modulation dans le fragment babylonien d\u2019Ur : U.7\/80 (XVIII\u00e8me si\u00e8cle av. J.C.) (\u00e0 partir d\u2019un instrument de l\u2019\u00e9poque non identifi\u00e9 : le \u00ab gis za mi \u00bb, 1991<\/a><\/em>). His archives, given in November 2016 by his widow Lina Sillamy, comprise approximately 80 documents (discs, field recordings, articles, books, pictures\u2026) which can not be seen elsewhere for most of them.<\/p>\n<p><img fetchpriority=\"high\" decoding=\"async\" class=\" aligncenter size-full wp-image-14888\" src=\"https:\/\/www.iemj.org\/wp-content\/uploads\/2017\/08\/montage_sillamy2-scaled.jpg\" alt=\"montage_sillamy2.jpg\" width=\"2560\" height=\"1541\" align=\"middle\" srcset=\"https:\/\/www.iemj.org\/wp-content\/uploads\/2017\/08\/montage_sillamy2-scaled.jpg 2560w, https:\/\/www.iemj.org\/wp-content\/uploads\/2017\/08\/montage_sillamy2-300x181.jpg 300w, https:\/\/www.iemj.org\/wp-content\/uploads\/2017\/08\/montage_sillamy2-1024x616.jpg 1024w, https:\/\/www.iemj.org\/wp-content\/uploads\/2017\/08\/montage_sillamy2-768x462.jpg 768w, https:\/\/www.iemj.org\/wp-content\/uploads\/2017\/08\/montage_sillamy2-1536x924.jpg 1536w, https:\/\/www.iemj.org\/wp-content\/uploads\/2017\/08\/montage_sillamy2-2048x1233.jpg 2048w, https:\/\/www.iemj.org\/wp-content\/uploads\/2017\/08\/montage_sillamy2-600x361.jpg 600w\" sizes=\"(max-width: 2560px) 100vw, 2560px\" \/><\/p>\n<p>In detail, the Sillamy Collection gathers:<\/p>\n<ul>\n<li>27 discs, among them traditionnal music (Judeo Arab, Sefardi, antique Greece, Jewish, Israeli&#8230;), music inspired from the Bible (<em>Die Musik der Bibel : in der tradition althebr\u00e4ischer Melodien, Morasha : Traditional Jewish Musical Heritage\u2026<\/em>), classical music with some of Sillamy&#8217;s own compositions (<em>Bloch : Concerto pour violon et orchestre, L\u2019Arche d\u2019Alliance \/ Kaddisch de J-C Sillamy<\/em>), and <a href=\"http:\/\/www.rachelnet.net\/F\/?func=find-c&amp;ccl_term=WHOL+%3D+Sillamy+AND+WRD+%3D+Taamim+or+prayers&amp;local_base=iemcg\" target=\"_blank\" rel=\"noopener\">etnomusicological recordings (Taamims and prayers in several rituals<\/a>).<\/li>\n<li>26 books and articles in French, English and Italian.<\/li>\n<li>19 music scores of classical, litugical (<em>Thesaurus of Hebrew Oriental Melodies d\u2019Abraham Zwi Idelsohn<\/em>), traditional music and some of his compositions,<\/li>\n<li>11 archives various archives (pictures, programs, biography&#8230;)<\/li>\n<\/ul>\n<p>These archives are now available for consultation on the online catalog of our collections (<a href=\"http:\/\/www.rachelnet.net\/F\/?func=find-c&amp;ccl_term=WHOL+%3D+Sillamy&amp;local_base=iemcg\" target=\"_blank\" rel=\"noopener\"><strong>browse the Jean-Claude Sillamy collection<\/strong><\/a>) or by making an appointment with the European Institute of Jewish Music (<a href=\"contact@iemj.org\">contact@iemj.org<\/a>)<\/p>\n","protected":false},"excerpt":{"rendered":"<p>Born on July 24, 1932 in Algiers and deceased on July 9, 2016 in Ajaccio (Corsica), Jean-Claude Sillamy was a French musicologist and composer of stage music, sacred music and<\/p>\n","protected":false},"author":1048,"featured_media":14886,"comment_status":"closed","ping_status":"open","sticky":false,"template":"","format":"standard","meta":{"_acf_changed":false,"footnotes":""},"categories":[1584],"tags":[],"technique":[],"squelettes":[],"sujet":[],"formation":[],"genre":[],"fonds":[],"tradition":[],"type-de-contenu":[],"interprete-compositeur":[],"frise":[],"type-devenement":[],"tableaux-liens-externes":[],"class_list":["post-14890","post","type-post","status-publish","format-standard","has-post-thumbnail","hentry","category-main-holdings-en"],"acf":[],"yoast_head":"<!-- This site is optimized with the Yoast SEO plugin v27.3 - https:\/\/yoast.com\/product\/yoast-seo-wordpress\/ -->\n<title>The Sillamy Collection - Institut Europ\u00e9en des Musiques Juives<\/title>\n<meta name=\"robots\" content=\"index, follow, max-snippet:-1, max-image-preview:large, max-video-preview:-1\" \/>\n<link rel=\"canonical\" href=\"https:\/\/www.iemj.org\/en\/the-sillamy-archives\/\" \/>\n<meta property=\"og:locale\" content=\"en_US\" \/>\n<meta property=\"og:type\" content=\"article\" \/>\n<meta property=\"og:title\" content=\"The Sillamy Collection - Institut Europ\u00e9en des Musiques Juives\" \/>\n<meta property=\"og:description\" content=\"Born on July 24, 1932 in Algiers and deceased on July 9, 2016 in Ajaccio (Corsica), Jean-Claude Sillamy was a French musicologist and composer of stage music, sacred music and\" \/>\n<meta property=\"og:url\" content=\"https:\/\/www.iemj.org\/en\/the-sillamy-archives\/\" \/>\n<meta property=\"og:site_name\" content=\"Institut Europ\u00e9en des Musiques Juives\" \/>\n<meta property=\"article:publisher\" content=\"https:\/\/www.facebook.com\/MusiquesJuives\/\" \/>\n<meta property=\"article:published_time\" content=\"2017-08-25T11:29:45+00:00\" \/>\n<meta property=\"article:modified_time\" content=\"2021-09-14T14:28:55+00:00\" \/>\n<meta property=\"og:image\" content=\"https:\/\/www.iemj.org\/wp-content\/uploads\/2017\/08\/arton2427-e1631627875181.jpg\" \/>\n\t<meta property=\"og:image:width\" content=\"350\" \/>\n\t<meta property=\"og:image:height\" content=\"290\" \/>\n\t<meta property=\"og:image:type\" content=\"image\/jpeg\" \/>\n<meta name=\"author\" content=\"Jean-Gabriel Davis\" \/>\n<meta name=\"twitter:card\" content=\"summary_large_image\" \/>\n<meta name=\"twitter:label1\" content=\"Written by\" \/>\n\t<meta name=\"twitter:data1\" content=\"Jean-Gabriel Davis\" \/>\n\t<meta name=\"twitter:label2\" content=\"Est. reading time\" \/>\n\t<meta name=\"twitter:data2\" content=\"2 minutes\" \/>\n<script type=\"application\/ld+json\" class=\"yoast-schema-graph\">{\"@context\":\"https:\\\/\\\/schema.org\",\"@graph\":[{\"@type\":\"Article\",\"@id\":\"https:\\\/\\\/www.iemj.org\\\/en\\\/the-sillamy-archives\\\/#article\",\"isPartOf\":{\"@id\":\"https:\\\/\\\/www.iemj.org\\\/en\\\/the-sillamy-archives\\\/\"},\"author\":{\"name\":\"Jean-Gabriel Davis\",\"@id\":\"https:\\\/\\\/www.iemj.org\\\/en\\\/#\\\/schema\\\/person\\\/c9bc1c386a3749579a2d675e72a18666\"},\"headline\":\"The Sillamy Collection\",\"datePublished\":\"2017-08-25T11:29:45+00:00\",\"dateModified\":\"2021-09-14T14:28:55+00:00\",\"mainEntityOfPage\":{\"@id\":\"https:\\\/\\\/www.iemj.org\\\/en\\\/the-sillamy-archives\\\/\"},\"wordCount\":275,\"publisher\":{\"@id\":\"https:\\\/\\\/www.iemj.org\\\/en\\\/#organization\"},\"image\":{\"@id\":\"https:\\\/\\\/www.iemj.org\\\/en\\\/the-sillamy-archives\\\/#primaryimage\"},\"thumbnailUrl\":\"https:\\\/\\\/www.iemj.org\\\/wp-content\\\/uploads\\\/2017\\\/08\\\/arton2427-e1631627875181.jpg\",\"articleSection\":[\"Main Holdings\"],\"inLanguage\":\"en-US\"},{\"@type\":\"WebPage\",\"@id\":\"https:\\\/\\\/www.iemj.org\\\/en\\\/the-sillamy-archives\\\/\",\"url\":\"https:\\\/\\\/www.iemj.org\\\/en\\\/the-sillamy-archives\\\/\",\"name\":\"The Sillamy Collection - Institut Europ\u00e9en des Musiques Juives\",\"isPartOf\":{\"@id\":\"https:\\\/\\\/www.iemj.org\\\/en\\\/#website\"},\"primaryImageOfPage\":{\"@id\":\"https:\\\/\\\/www.iemj.org\\\/en\\\/the-sillamy-archives\\\/#primaryimage\"},\"image\":{\"@id\":\"https:\\\/\\\/www.iemj.org\\\/en\\\/the-sillamy-archives\\\/#primaryimage\"},\"thumbnailUrl\":\"https:\\\/\\\/www.iemj.org\\\/wp-content\\\/uploads\\\/2017\\\/08\\\/arton2427-e1631627875181.jpg\",\"datePublished\":\"2017-08-25T11:29:45+00:00\",\"dateModified\":\"2021-09-14T14:28:55+00:00\",\"breadcrumb\":{\"@id\":\"https:\\\/\\\/www.iemj.org\\\/en\\\/the-sillamy-archives\\\/#breadcrumb\"},\"inLanguage\":\"en-US\",\"potentialAction\":[{\"@type\":\"ReadAction\",\"target\":[\"https:\\\/\\\/www.iemj.org\\\/en\\\/the-sillamy-archives\\\/\"]}]},{\"@type\":\"ImageObject\",\"inLanguage\":\"en-US\",\"@id\":\"https:\\\/\\\/www.iemj.org\\\/en\\\/the-sillamy-archives\\\/#primaryimage\",\"url\":\"https:\\\/\\\/www.iemj.org\\\/wp-content\\\/uploads\\\/2017\\\/08\\\/arton2427-e1631627875181.jpg\",\"contentUrl\":\"https:\\\/\\\/www.iemj.org\\\/wp-content\\\/uploads\\\/2017\\\/08\\\/arton2427-e1631627875181.jpg\",\"width\":350,\"height\":290},{\"@type\":\"BreadcrumbList\",\"@id\":\"https:\\\/\\\/www.iemj.org\\\/en\\\/the-sillamy-archives\\\/#breadcrumb\",\"itemListElement\":[{\"@type\":\"ListItem\",\"position\":1,\"name\":\"Accueil\",\"item\":\"https:\\\/\\\/www.iemj.org\\\/en\\\/\"},{\"@type\":\"ListItem\",\"position\":2,\"name\":\"The Sillamy Collection\"}]},{\"@type\":\"WebSite\",\"@id\":\"https:\\\/\\\/www.iemj.org\\\/en\\\/#website\",\"url\":\"https:\\\/\\\/www.iemj.org\\\/en\\\/\",\"name\":\"Institut Europ\u00e9en des Musiques Juives\",\"description\":\"Des traditions musicales \u00e0 la port\u00e9e de tous\",\"publisher\":{\"@id\":\"https:\\\/\\\/www.iemj.org\\\/en\\\/#organization\"},\"potentialAction\":[{\"@type\":\"SearchAction\",\"target\":{\"@type\":\"EntryPoint\",\"urlTemplate\":\"https:\\\/\\\/www.iemj.org\\\/en\\\/?s={search_term_string}\"},\"query-input\":{\"@type\":\"PropertyValueSpecification\",\"valueRequired\":true,\"valueName\":\"search_term_string\"}}],\"inLanguage\":\"en-US\"},{\"@type\":\"Organization\",\"@id\":\"https:\\\/\\\/www.iemj.org\\\/en\\\/#organization\",\"name\":\"Institut Europ\u00e9en des Musiques Juives\",\"url\":\"https:\\\/\\\/www.iemj.org\\\/en\\\/\",\"logo\":{\"@type\":\"ImageObject\",\"inLanguage\":\"en-US\",\"@id\":\"https:\\\/\\\/www.iemj.org\\\/en\\\/#\\\/schema\\\/logo\\\/image\\\/\",\"url\":\"https:\\\/\\\/www.iemj.org\\\/wp-content\\\/uploads\\\/2021\\\/09\\\/Logo-IEMJ-Paypal.jpg\",\"contentUrl\":\"https:\\\/\\\/www.iemj.org\\\/wp-content\\\/uploads\\\/2021\\\/09\\\/Logo-IEMJ-Paypal.jpg\",\"width\":150,\"height\":50,\"caption\":\"Institut Europ\u00e9en des Musiques Juives\"},\"image\":{\"@id\":\"https:\\\/\\\/www.iemj.org\\\/en\\\/#\\\/schema\\\/logo\\\/image\\\/\"},\"sameAs\":[\"https:\\\/\\\/www.facebook.com\\\/MusiquesJuives\\\/\",\"https:\\\/\\\/www.instagram.com\\\/musiquesjuives\\\/\",\"https:\\\/\\\/www.youtube.com\\\/user\\\/musiquesjuives\"]},{\"@type\":\"Person\",\"@id\":\"https:\\\/\\\/www.iemj.org\\\/en\\\/#\\\/schema\\\/person\\\/c9bc1c386a3749579a2d675e72a18666\",\"name\":\"Jean-Gabriel Davis\",\"image\":{\"@type\":\"ImageObject\",\"inLanguage\":\"en-US\",\"@id\":\"https:\\\/\\\/secure.gravatar.com\\\/avatar\\\/2b90d67bdf392c9b3a21fab87c0fa7edaf1fb3a058172a1ffd61033fcec7aec1?s=96&d=mm&r=g\",\"url\":\"https:\\\/\\\/secure.gravatar.com\\\/avatar\\\/2b90d67bdf392c9b3a21fab87c0fa7edaf1fb3a058172a1ffd61033fcec7aec1?s=96&d=mm&r=g\",\"contentUrl\":\"https:\\\/\\\/secure.gravatar.com\\\/avatar\\\/2b90d67bdf392c9b3a21fab87c0fa7edaf1fb3a058172a1ffd61033fcec7aec1?s=96&d=mm&r=g\",\"caption\":\"Jean-Gabriel Davis\"}}]}<\/script>\n<!-- \/ Yoast SEO plugin. -->","yoast_head_json":{"title":"The Sillamy Collection - Institut Europ\u00e9en des Musiques Juives","robots":{"index":"index","follow":"follow","max-snippet":"max-snippet:-1","max-image-preview":"max-image-preview:large","max-video-preview":"max-video-preview:-1"},"canonical":"https:\/\/www.iemj.org\/en\/the-sillamy-archives\/","og_locale":"en_US","og_type":"article","og_title":"The Sillamy Collection - Institut Europ\u00e9en des Musiques Juives","og_description":"Born on July 24, 1932 in Algiers and deceased on July 9, 2016 in Ajaccio (Corsica), Jean-Claude Sillamy was a French musicologist and composer of stage music, sacred music and","og_url":"https:\/\/www.iemj.org\/en\/the-sillamy-archives\/","og_site_name":"Institut Europ\u00e9en des Musiques Juives","article_publisher":"https:\/\/www.facebook.com\/MusiquesJuives\/","article_published_time":"2017-08-25T11:29:45+00:00","article_modified_time":"2021-09-14T14:28:55+00:00","og_image":[{"width":350,"height":290,"url":"https:\/\/www.iemj.org\/wp-content\/uploads\/2017\/08\/arton2427-e1631627875181.jpg","type":"image\/jpeg"}],"author":"Jean-Gabriel Davis","twitter_card":"summary_large_image","twitter_misc":{"Written by":"Jean-Gabriel Davis","Est. reading time":"2 minutes"},"schema":{"@context":"https:\/\/schema.org","@graph":[{"@type":"Article","@id":"https:\/\/www.iemj.org\/en\/the-sillamy-archives\/#article","isPartOf":{"@id":"https:\/\/www.iemj.org\/en\/the-sillamy-archives\/"},"author":{"name":"Jean-Gabriel Davis","@id":"https:\/\/www.iemj.org\/en\/#\/schema\/person\/c9bc1c386a3749579a2d675e72a18666"},"headline":"The Sillamy Collection","datePublished":"2017-08-25T11:29:45+00:00","dateModified":"2021-09-14T14:28:55+00:00","mainEntityOfPage":{"@id":"https:\/\/www.iemj.org\/en\/the-sillamy-archives\/"},"wordCount":275,"publisher":{"@id":"https:\/\/www.iemj.org\/en\/#organization"},"image":{"@id":"https:\/\/www.iemj.org\/en\/the-sillamy-archives\/#primaryimage"},"thumbnailUrl":"https:\/\/www.iemj.org\/wp-content\/uploads\/2017\/08\/arton2427-e1631627875181.jpg","articleSection":["Main Holdings"],"inLanguage":"en-US"},{"@type":"WebPage","@id":"https:\/\/www.iemj.org\/en\/the-sillamy-archives\/","url":"https:\/\/www.iemj.org\/en\/the-sillamy-archives\/","name":"The Sillamy Collection - Institut Europ\u00e9en des Musiques Juives","isPartOf":{"@id":"https:\/\/www.iemj.org\/en\/#website"},"primaryImageOfPage":{"@id":"https:\/\/www.iemj.org\/en\/the-sillamy-archives\/#primaryimage"},"image":{"@id":"https:\/\/www.iemj.org\/en\/the-sillamy-archives\/#primaryimage"},"thumbnailUrl":"https:\/\/www.iemj.org\/wp-content\/uploads\/2017\/08\/arton2427-e1631627875181.jpg","datePublished":"2017-08-25T11:29:45+00:00","dateModified":"2021-09-14T14:28:55+00:00","breadcrumb":{"@id":"https:\/\/www.iemj.org\/en\/the-sillamy-archives\/#breadcrumb"},"inLanguage":"en-US","potentialAction":[{"@type":"ReadAction","target":["https:\/\/www.iemj.org\/en\/the-sillamy-archives\/"]}]},{"@type":"ImageObject","inLanguage":"en-US","@id":"https:\/\/www.iemj.org\/en\/the-sillamy-archives\/#primaryimage","url":"https:\/\/www.iemj.org\/wp-content\/uploads\/2017\/08\/arton2427-e1631627875181.jpg","contentUrl":"https:\/\/www.iemj.org\/wp-content\/uploads\/2017\/08\/arton2427-e1631627875181.jpg","width":350,"height":290},{"@type":"BreadcrumbList","@id":"https:\/\/www.iemj.org\/en\/the-sillamy-archives\/#breadcrumb","itemListElement":[{"@type":"ListItem","position":1,"name":"Accueil","item":"https:\/\/www.iemj.org\/en\/"},{"@type":"ListItem","position":2,"name":"The Sillamy Collection"}]},{"@type":"WebSite","@id":"https:\/\/www.iemj.org\/en\/#website","url":"https:\/\/www.iemj.org\/en\/","name":"Institut Europ\u00e9en des Musiques Juives","description":"Des traditions musicales \u00e0 la port\u00e9e de tous","publisher":{"@id":"https:\/\/www.iemj.org\/en\/#organization"},"potentialAction":[{"@type":"SearchAction","target":{"@type":"EntryPoint","urlTemplate":"https:\/\/www.iemj.org\/en\/?s={search_term_string}"},"query-input":{"@type":"PropertyValueSpecification","valueRequired":true,"valueName":"search_term_string"}}],"inLanguage":"en-US"},{"@type":"Organization","@id":"https:\/\/www.iemj.org\/en\/#organization","name":"Institut Europ\u00e9en des Musiques Juives","url":"https:\/\/www.iemj.org\/en\/","logo":{"@type":"ImageObject","inLanguage":"en-US","@id":"https:\/\/www.iemj.org\/en\/#\/schema\/logo\/image\/","url":"https:\/\/www.iemj.org\/wp-content\/uploads\/2021\/09\/Logo-IEMJ-Paypal.jpg","contentUrl":"https:\/\/www.iemj.org\/wp-content\/uploads\/2021\/09\/Logo-IEMJ-Paypal.jpg","width":150,"height":50,"caption":"Institut Europ\u00e9en des Musiques Juives"},"image":{"@id":"https:\/\/www.iemj.org\/en\/#\/schema\/logo\/image\/"},"sameAs":["https:\/\/www.facebook.com\/MusiquesJuives\/","https:\/\/www.instagram.com\/musiquesjuives\/","https:\/\/www.youtube.com\/user\/musiquesjuives"]},{"@type":"Person","@id":"https:\/\/www.iemj.org\/en\/#\/schema\/person\/c9bc1c386a3749579a2d675e72a18666","name":"Jean-Gabriel Davis","image":{"@type":"ImageObject","inLanguage":"en-US","@id":"https:\/\/secure.gravatar.com\/avatar\/2b90d67bdf392c9b3a21fab87c0fa7edaf1fb3a058172a1ffd61033fcec7aec1?s=96&d=mm&r=g","url":"https:\/\/secure.gravatar.com\/avatar\/2b90d67bdf392c9b3a21fab87c0fa7edaf1fb3a058172a1ffd61033fcec7aec1?s=96&d=mm&r=g","contentUrl":"https:\/\/secure.gravatar.com\/avatar\/2b90d67bdf392c9b3a21fab87c0fa7edaf1fb3a058172a1ffd61033fcec7aec1?s=96&d=mm&r=g","caption":"Jean-Gabriel Davis"}}]}},"_links":{"self":[{"href":"https:\/\/www.iemj.org\/en\/wp-json\/wp\/v2\/posts\/14890","targetHints":{"allow":["GET"]}}],"collection":[{"href":"https:\/\/www.iemj.org\/en\/wp-json\/wp\/v2\/posts"}],"about":[{"href":"https:\/\/www.iemj.org\/en\/wp-json\/wp\/v2\/types\/post"}],"author":[{"embeddable":true,"href":"https:\/\/www.iemj.org\/en\/wp-json\/wp\/v2\/users\/1048"}],"replies":[{"embeddable":true,"href":"https:\/\/www.iemj.org\/en\/wp-json\/wp\/v2\/comments?post=14890"}],"version-history":[{"count":0,"href":"https:\/\/www.iemj.org\/en\/wp-json\/wp\/v2\/posts\/14890\/revisions"}],"wp:featuredmedia":[{"embeddable":true,"href":"https:\/\/www.iemj.org\/en\/wp-json\/wp\/v2\/media\/14886"}],"wp:attachment":[{"href":"https:\/\/www.iemj.org\/en\/wp-json\/wp\/v2\/media?parent=14890"}],"wp:term":[{"taxonomy":"category","embeddable":true,"href":"https:\/\/www.iemj.org\/en\/wp-json\/wp\/v2\/categories?post=14890"},{"taxonomy":"post_tag","embeddable":true,"href":"https:\/\/www.iemj.org\/en\/wp-json\/wp\/v2\/tags?post=14890"},{"taxonomy":"technique","embeddable":true,"href":"https:\/\/www.iemj.org\/en\/wp-json\/wp\/v2\/technique?post=14890"},{"taxonomy":"squelettes","embeddable":true,"href":"https:\/\/www.iemj.org\/en\/wp-json\/wp\/v2\/squelettes?post=14890"},{"taxonomy":"sujet","embeddable":true,"href":"https:\/\/www.iemj.org\/en\/wp-json\/wp\/v2\/sujet?post=14890"},{"taxonomy":"formation","embeddable":true,"href":"https:\/\/www.iemj.org\/en\/wp-json\/wp\/v2\/formation?post=14890"},{"taxonomy":"genre","embeddable":true,"href":"https:\/\/www.iemj.org\/en\/wp-json\/wp\/v2\/genre?post=14890"},{"taxonomy":"fonds","embeddable":true,"href":"https:\/\/www.iemj.org\/en\/wp-json\/wp\/v2\/fonds?post=14890"},{"taxonomy":"tradition","embeddable":true,"href":"https:\/\/www.iemj.org\/en\/wp-json\/wp\/v2\/tradition?post=14890"},{"taxonomy":"type-de-contenu","embeddable":true,"href":"https:\/\/www.iemj.org\/en\/wp-json\/wp\/v2\/type-de-contenu?post=14890"},{"taxonomy":"interprete-compositeur","embeddable":true,"href":"https:\/\/www.iemj.org\/en\/wp-json\/wp\/v2\/interprete-compositeur?post=14890"},{"taxonomy":"frise","embeddable":true,"href":"https:\/\/www.iemj.org\/en\/wp-json\/wp\/v2\/frise?post=14890"},{"taxonomy":"type-devenement","embeddable":true,"href":"https:\/\/www.iemj.org\/en\/wp-json\/wp\/v2\/type-devenement?post=14890"},{"taxonomy":"tableaux-liens-externes","embeddable":true,"href":"https:\/\/www.iemj.org\/en\/wp-json\/wp\/v2\/tableaux-liens-externes?post=14890"}],"curies":[{"name":"wp","href":"https:\/\/api.w.org\/{rel}","templated":true}]}}