{"id":16735,"date":"2017-11-25T10:23:27","date_gmt":"2017-11-25T09:23:27","guid":{"rendered":"https:\/\/www.iemj.org\/2017\/11\/25\/music-and-the-holocaust-2\/"},"modified":"2024-03-12T14:48:24","modified_gmt":"2024-03-12T13:48:24","slug":"music-and-the-holocaust-2","status":"publish","type":"post","link":"https:\/\/www.iemj.org\/en\/music-and-the-holocaust-2\/","title":{"rendered":"Music and the Holocaust"},"content":{"rendered":"<p>From Hitler\u2019s rise to power in 1933 until the liberation in 1945, music played an integral role in daily life under Nazism. On this website, you can learn about diverse composers and musicians, including those who supported the Nazis and those who became their victims. Visit the music page for a wide range of sound recordings of music and songs, or explore musical life in ghettos and camps across Europe using the interactive map. The resources section provides educational and reference material for further reading and listening.<\/p>\n<p><a href=\"http:\/\/holocaustmusic.ort.org\/\">Visit the websitet<\/a><\/p>\n","protected":false},"excerpt":{"rendered":"<p>From Hitler\u2019s rise to power in 1933 until the liberation in 1945, music played an integral role in daily life under Nazism. On this website, you can learn about diverse<\/p>\n","protected":false},"author":1048,"featured_media":110047,"comment_status":"closed","ping_status":"open","sticky":false,"template":"","format":"standard","meta":{"_acf_changed":false,"footnotes":""},"categories":[1365,1421,969],"tags":[],"technique":[],"squelettes":[],"sujet":[],"formation":[],"genre":[],"fonds":[],"tradition":[],"type-de-contenu":[],"interprete-compositeur":[],"frise":[],"type-devenement":[],"tableaux-liens-externes":[],"class_list":["post-16735","post","type-post","status-publish","format-standard","has-post-thumbnail","hentry","category-discover-en","category-external-links-en","category-online-resources-en"],"acf":[],"yoast_head":"<!-- This site is optimized with the Yoast SEO plugin v27.3 - https:\/\/yoast.com\/product\/yoast-seo-wordpress\/ -->\n<title>Music and the Holocaust - Institut Europ\u00e9en des Musiques Juives<\/title>\n<meta name=\"robots\" content=\"index, follow, max-snippet:-1, max-image-preview:large, max-video-preview:-1\" \/>\n<link rel=\"canonical\" href=\"https:\/\/www.iemj.org\/en\/music-and-the-holocaust-2\/\" \/>\n<meta property=\"og:locale\" content=\"en_US\" \/>\n<meta property=\"og:type\" content=\"article\" \/>\n<meta property=\"og:title\" content=\"Music and the Holocaust - Institut Europ\u00e9en des Musiques Juives\" \/>\n<meta property=\"og:description\" content=\"From Hitler\u2019s rise to power in 1933 until the liberation in 1945, music played an integral role in daily life under Nazism. On this website, you can learn about diverse\" \/>\n<meta property=\"og:url\" content=\"https:\/\/www.iemj.org\/en\/music-and-the-holocaust-2\/\" \/>\n<meta property=\"og:site_name\" content=\"Institut Europ\u00e9en des Musiques Juives\" \/>\n<meta property=\"article:publisher\" content=\"https:\/\/www.facebook.com\/MusiquesJuives\/\" \/>\n<meta property=\"article:published_time\" content=\"2017-11-25T09:23:27+00:00\" \/>\n<meta property=\"article:modified_time\" content=\"2024-03-12T13:48:24+00:00\" \/>\n<meta property=\"og:image\" content=\"https:\/\/www.iemj.org\/wp-content\/uploads\/2017\/11\/Music-and-the-Holocaust.jpg\" \/>\n\t<meta property=\"og:image:width\" content=\"350\" \/>\n\t<meta property=\"og:image:height\" content=\"129\" \/>\n\t<meta property=\"og:image:type\" content=\"image\/jpeg\" \/>\n<meta name=\"author\" content=\"Jean-Gabriel Davis\" \/>\n<meta name=\"twitter:card\" content=\"summary_large_image\" \/>\n<meta name=\"twitter:label1\" content=\"Written by\" \/>\n\t<meta name=\"twitter:data1\" content=\"Jean-Gabriel Davis\" \/>\n\t<meta name=\"twitter:label2\" content=\"Est. reading time\" \/>\n\t<meta name=\"twitter:data2\" content=\"1 minute\" \/>\n<script type=\"application\/ld+json\" class=\"yoast-schema-graph\">{\"@context\":\"https:\\\/\\\/schema.org\",\"@graph\":[{\"@type\":\"Article\",\"@id\":\"https:\\\/\\\/www.iemj.org\\\/en\\\/music-and-the-holocaust-2\\\/#article\",\"isPartOf\":{\"@id\":\"https:\\\/\\\/www.iemj.org\\\/en\\\/music-and-the-holocaust-2\\\/\"},\"author\":{\"name\":\"Jean-Gabriel Davis\",\"@id\":\"https:\\\/\\\/www.iemj.org\\\/en\\\/#\\\/schema\\\/person\\\/c9bc1c386a3749579a2d675e72a18666\"},\"headline\":\"Music and the Holocaust\",\"datePublished\":\"2017-11-25T09:23:27+00:00\",\"dateModified\":\"2024-03-12T13:48:24+00:00\",\"mainEntityOfPage\":{\"@id\":\"https:\\\/\\\/www.iemj.org\\\/en\\\/music-and-the-holocaust-2\\\/\"},\"wordCount\":93,\"publisher\":{\"@id\":\"https:\\\/\\\/www.iemj.org\\\/en\\\/#organization\"},\"image\":{\"@id\":\"https:\\\/\\\/www.iemj.org\\\/en\\\/music-and-the-holocaust-2\\\/#primaryimage\"},\"thumbnailUrl\":\"https:\\\/\\\/www.iemj.org\\\/wp-content\\\/uploads\\\/2017\\\/11\\\/Music-and-the-Holocaust.jpg\",\"articleSection\":[\"Discover\",\"External links\",\"Online resources\"],\"inLanguage\":\"en-US\"},{\"@type\":\"WebPage\",\"@id\":\"https:\\\/\\\/www.iemj.org\\\/en\\\/music-and-the-holocaust-2\\\/\",\"url\":\"https:\\\/\\\/www.iemj.org\\\/en\\\/music-and-the-holocaust-2\\\/\",\"name\":\"Music and the Holocaust - Institut Europ\u00e9en des Musiques Juives\",\"isPartOf\":{\"@id\":\"https:\\\/\\\/www.iemj.org\\\/en\\\/#website\"},\"primaryImageOfPage\":{\"@id\":\"https:\\\/\\\/www.iemj.org\\\/en\\\/music-and-the-holocaust-2\\\/#primaryimage\"},\"image\":{\"@id\":\"https:\\\/\\\/www.iemj.org\\\/en\\\/music-and-the-holocaust-2\\\/#primaryimage\"},\"thumbnailUrl\":\"https:\\\/\\\/www.iemj.org\\\/wp-content\\\/uploads\\\/2017\\\/11\\\/Music-and-the-Holocaust.jpg\",\"datePublished\":\"2017-11-25T09:23:27+00:00\",\"dateModified\":\"2024-03-12T13:48:24+00:00\",\"breadcrumb\":{\"@id\":\"https:\\\/\\\/www.iemj.org\\\/en\\\/music-and-the-holocaust-2\\\/#breadcrumb\"},\"inLanguage\":\"en-US\",\"potentialAction\":[{\"@type\":\"ReadAction\",\"target\":[\"https:\\\/\\\/www.iemj.org\\\/en\\\/music-and-the-holocaust-2\\\/\"]}]},{\"@type\":\"ImageObject\",\"inLanguage\":\"en-US\",\"@id\":\"https:\\\/\\\/www.iemj.org\\\/en\\\/music-and-the-holocaust-2\\\/#primaryimage\",\"url\":\"https:\\\/\\\/www.iemj.org\\\/wp-content\\\/uploads\\\/2017\\\/11\\\/Music-and-the-Holocaust.jpg\",\"contentUrl\":\"https:\\\/\\\/www.iemj.org\\\/wp-content\\\/uploads\\\/2017\\\/11\\\/Music-and-the-Holocaust.jpg\",\"width\":350,\"height\":129},{\"@type\":\"BreadcrumbList\",\"@id\":\"https:\\\/\\\/www.iemj.org\\\/en\\\/music-and-the-holocaust-2\\\/#breadcrumb\",\"itemListElement\":[{\"@type\":\"ListItem\",\"position\":1,\"name\":\"Accueil\",\"item\":\"https:\\\/\\\/www.iemj.org\\\/en\\\/\"},{\"@type\":\"ListItem\",\"position\":2,\"name\":\"Music and the Holocaust\"}]},{\"@type\":\"WebSite\",\"@id\":\"https:\\\/\\\/www.iemj.org\\\/en\\\/#website\",\"url\":\"https:\\\/\\\/www.iemj.org\\\/en\\\/\",\"name\":\"Institut Europ\u00e9en des Musiques Juives\",\"description\":\"Des traditions musicales \u00e0 la port\u00e9e de tous\",\"publisher\":{\"@id\":\"https:\\\/\\\/www.iemj.org\\\/en\\\/#organization\"},\"potentialAction\":[{\"@type\":\"SearchAction\",\"target\":{\"@type\":\"EntryPoint\",\"urlTemplate\":\"https:\\\/\\\/www.iemj.org\\\/en\\\/?s={search_term_string}\"},\"query-input\":{\"@type\":\"PropertyValueSpecification\",\"valueRequired\":true,\"valueName\":\"search_term_string\"}}],\"inLanguage\":\"en-US\"},{\"@type\":\"Organization\",\"@id\":\"https:\\\/\\\/www.iemj.org\\\/en\\\/#organization\",\"name\":\"Institut Europ\u00e9en des Musiques Juives\",\"url\":\"https:\\\/\\\/www.iemj.org\\\/en\\\/\",\"logo\":{\"@type\":\"ImageObject\",\"inLanguage\":\"en-US\",\"@id\":\"https:\\\/\\\/www.iemj.org\\\/en\\\/#\\\/schema\\\/logo\\\/image\\\/\",\"url\":\"https:\\\/\\\/www.iemj.org\\\/wp-content\\\/uploads\\\/2021\\\/09\\\/Logo-IEMJ-Paypal.jpg\",\"contentUrl\":\"https:\\\/\\\/www.iemj.org\\\/wp-content\\\/uploads\\\/2021\\\/09\\\/Logo-IEMJ-Paypal.jpg\",\"width\":150,\"height\":50,\"caption\":\"Institut Europ\u00e9en des Musiques Juives\"},\"image\":{\"@id\":\"https:\\\/\\\/www.iemj.org\\\/en\\\/#\\\/schema\\\/logo\\\/image\\\/\"},\"sameAs\":[\"https:\\\/\\\/www.facebook.com\\\/MusiquesJuives\\\/\",\"https:\\\/\\\/www.instagram.com\\\/musiquesjuives\\\/\",\"https:\\\/\\\/www.youtube.com\\\/user\\\/musiquesjuives\"]},{\"@type\":\"Person\",\"@id\":\"https:\\\/\\\/www.iemj.org\\\/en\\\/#\\\/schema\\\/person\\\/c9bc1c386a3749579a2d675e72a18666\",\"name\":\"Jean-Gabriel Davis\",\"image\":{\"@type\":\"ImageObject\",\"inLanguage\":\"en-US\",\"@id\":\"https:\\\/\\\/secure.gravatar.com\\\/avatar\\\/2b90d67bdf392c9b3a21fab87c0fa7edaf1fb3a058172a1ffd61033fcec7aec1?s=96&d=mm&r=g\",\"url\":\"https:\\\/\\\/secure.gravatar.com\\\/avatar\\\/2b90d67bdf392c9b3a21fab87c0fa7edaf1fb3a058172a1ffd61033fcec7aec1?s=96&d=mm&r=g\",\"contentUrl\":\"https:\\\/\\\/secure.gravatar.com\\\/avatar\\\/2b90d67bdf392c9b3a21fab87c0fa7edaf1fb3a058172a1ffd61033fcec7aec1?s=96&d=mm&r=g\",\"caption\":\"Jean-Gabriel Davis\"}}]}<\/script>\n<!-- \/ Yoast SEO plugin. -->","yoast_head_json":{"title":"Music and the Holocaust - Institut Europ\u00e9en des Musiques Juives","robots":{"index":"index","follow":"follow","max-snippet":"max-snippet:-1","max-image-preview":"max-image-preview:large","max-video-preview":"max-video-preview:-1"},"canonical":"https:\/\/www.iemj.org\/en\/music-and-the-holocaust-2\/","og_locale":"en_US","og_type":"article","og_title":"Music and the Holocaust - Institut Europ\u00e9en des Musiques Juives","og_description":"From Hitler\u2019s rise to power in 1933 until the liberation in 1945, music played an integral role in daily life under Nazism. On this website, you can learn about diverse","og_url":"https:\/\/www.iemj.org\/en\/music-and-the-holocaust-2\/","og_site_name":"Institut Europ\u00e9en des Musiques Juives","article_publisher":"https:\/\/www.facebook.com\/MusiquesJuives\/","article_published_time":"2017-11-25T09:23:27+00:00","article_modified_time":"2024-03-12T13:48:24+00:00","og_image":[{"width":350,"height":129,"url":"https:\/\/www.iemj.org\/wp-content\/uploads\/2017\/11\/Music-and-the-Holocaust.jpg","type":"image\/jpeg"}],"author":"Jean-Gabriel Davis","twitter_card":"summary_large_image","twitter_misc":{"Written by":"Jean-Gabriel Davis","Est. reading time":"1 minute"},"schema":{"@context":"https:\/\/schema.org","@graph":[{"@type":"Article","@id":"https:\/\/www.iemj.org\/en\/music-and-the-holocaust-2\/#article","isPartOf":{"@id":"https:\/\/www.iemj.org\/en\/music-and-the-holocaust-2\/"},"author":{"name":"Jean-Gabriel Davis","@id":"https:\/\/www.iemj.org\/en\/#\/schema\/person\/c9bc1c386a3749579a2d675e72a18666"},"headline":"Music and the Holocaust","datePublished":"2017-11-25T09:23:27+00:00","dateModified":"2024-03-12T13:48:24+00:00","mainEntityOfPage":{"@id":"https:\/\/www.iemj.org\/en\/music-and-the-holocaust-2\/"},"wordCount":93,"publisher":{"@id":"https:\/\/www.iemj.org\/en\/#organization"},"image":{"@id":"https:\/\/www.iemj.org\/en\/music-and-the-holocaust-2\/#primaryimage"},"thumbnailUrl":"https:\/\/www.iemj.org\/wp-content\/uploads\/2017\/11\/Music-and-the-Holocaust.jpg","articleSection":["Discover","External links","Online resources"],"inLanguage":"en-US"},{"@type":"WebPage","@id":"https:\/\/www.iemj.org\/en\/music-and-the-holocaust-2\/","url":"https:\/\/www.iemj.org\/en\/music-and-the-holocaust-2\/","name":"Music and the Holocaust - Institut Europ\u00e9en des Musiques Juives","isPartOf":{"@id":"https:\/\/www.iemj.org\/en\/#website"},"primaryImageOfPage":{"@id":"https:\/\/www.iemj.org\/en\/music-and-the-holocaust-2\/#primaryimage"},"image":{"@id":"https:\/\/www.iemj.org\/en\/music-and-the-holocaust-2\/#primaryimage"},"thumbnailUrl":"https:\/\/www.iemj.org\/wp-content\/uploads\/2017\/11\/Music-and-the-Holocaust.jpg","datePublished":"2017-11-25T09:23:27+00:00","dateModified":"2024-03-12T13:48:24+00:00","breadcrumb":{"@id":"https:\/\/www.iemj.org\/en\/music-and-the-holocaust-2\/#breadcrumb"},"inLanguage":"en-US","potentialAction":[{"@type":"ReadAction","target":["https:\/\/www.iemj.org\/en\/music-and-the-holocaust-2\/"]}]},{"@type":"ImageObject","inLanguage":"en-US","@id":"https:\/\/www.iemj.org\/en\/music-and-the-holocaust-2\/#primaryimage","url":"https:\/\/www.iemj.org\/wp-content\/uploads\/2017\/11\/Music-and-the-Holocaust.jpg","contentUrl":"https:\/\/www.iemj.org\/wp-content\/uploads\/2017\/11\/Music-and-the-Holocaust.jpg","width":350,"height":129},{"@type":"BreadcrumbList","@id":"https:\/\/www.iemj.org\/en\/music-and-the-holocaust-2\/#breadcrumb","itemListElement":[{"@type":"ListItem","position":1,"name":"Accueil","item":"https:\/\/www.iemj.org\/en\/"},{"@type":"ListItem","position":2,"name":"Music and the Holocaust"}]},{"@type":"WebSite","@id":"https:\/\/www.iemj.org\/en\/#website","url":"https:\/\/www.iemj.org\/en\/","name":"Institut Europ\u00e9en des Musiques Juives","description":"Des traditions musicales \u00e0 la port\u00e9e de tous","publisher":{"@id":"https:\/\/www.iemj.org\/en\/#organization"},"potentialAction":[{"@type":"SearchAction","target":{"@type":"EntryPoint","urlTemplate":"https:\/\/www.iemj.org\/en\/?s={search_term_string}"},"query-input":{"@type":"PropertyValueSpecification","valueRequired":true,"valueName":"search_term_string"}}],"inLanguage":"en-US"},{"@type":"Organization","@id":"https:\/\/www.iemj.org\/en\/#organization","name":"Institut Europ\u00e9en des Musiques Juives","url":"https:\/\/www.iemj.org\/en\/","logo":{"@type":"ImageObject","inLanguage":"en-US","@id":"https:\/\/www.iemj.org\/en\/#\/schema\/logo\/image\/","url":"https:\/\/www.iemj.org\/wp-content\/uploads\/2021\/09\/Logo-IEMJ-Paypal.jpg","contentUrl":"https:\/\/www.iemj.org\/wp-content\/uploads\/2021\/09\/Logo-IEMJ-Paypal.jpg","width":150,"height":50,"caption":"Institut Europ\u00e9en des Musiques Juives"},"image":{"@id":"https:\/\/www.iemj.org\/en\/#\/schema\/logo\/image\/"},"sameAs":["https:\/\/www.facebook.com\/MusiquesJuives\/","https:\/\/www.instagram.com\/musiquesjuives\/","https:\/\/www.youtube.com\/user\/musiquesjuives"]},{"@type":"Person","@id":"https:\/\/www.iemj.org\/en\/#\/schema\/person\/c9bc1c386a3749579a2d675e72a18666","name":"Jean-Gabriel Davis","image":{"@type":"ImageObject","inLanguage":"en-US","@id":"https:\/\/secure.gravatar.com\/avatar\/2b90d67bdf392c9b3a21fab87c0fa7edaf1fb3a058172a1ffd61033fcec7aec1?s=96&d=mm&r=g","url":"https:\/\/secure.gravatar.com\/avatar\/2b90d67bdf392c9b3a21fab87c0fa7edaf1fb3a058172a1ffd61033fcec7aec1?s=96&d=mm&r=g","contentUrl":"https:\/\/secure.gravatar.com\/avatar\/2b90d67bdf392c9b3a21fab87c0fa7edaf1fb3a058172a1ffd61033fcec7aec1?s=96&d=mm&r=g","caption":"Jean-Gabriel Davis"}}]}},"_links":{"self":[{"href":"https:\/\/www.iemj.org\/en\/wp-json\/wp\/v2\/posts\/16735","targetHints":{"allow":["GET"]}}],"collection":[{"href":"https:\/\/www.iemj.org\/en\/wp-json\/wp\/v2\/posts"}],"about":[{"href":"https:\/\/www.iemj.org\/en\/wp-json\/wp\/v2\/types\/post"}],"author":[{"embeddable":true,"href":"https:\/\/www.iemj.org\/en\/wp-json\/wp\/v2\/users\/1048"}],"replies":[{"embeddable":true,"href":"https:\/\/www.iemj.org\/en\/wp-json\/wp\/v2\/comments?post=16735"}],"version-history":[{"count":0,"href":"https:\/\/www.iemj.org\/en\/wp-json\/wp\/v2\/posts\/16735\/revisions"}],"wp:featuredmedia":[{"embeddable":true,"href":"https:\/\/www.iemj.org\/en\/wp-json\/wp\/v2\/media\/110047"}],"wp:attachment":[{"href":"https:\/\/www.iemj.org\/en\/wp-json\/wp\/v2\/media?parent=16735"}],"wp:term":[{"taxonomy":"category","embeddable":true,"href":"https:\/\/www.iemj.org\/en\/wp-json\/wp\/v2\/categories?post=16735"},{"taxonomy":"post_tag","embeddable":true,"href":"https:\/\/www.iemj.org\/en\/wp-json\/wp\/v2\/tags?post=16735"},{"taxonomy":"technique","embeddable":true,"href":"https:\/\/www.iemj.org\/en\/wp-json\/wp\/v2\/technique?post=16735"},{"taxonomy":"squelettes","embeddable":true,"href":"https:\/\/www.iemj.org\/en\/wp-json\/wp\/v2\/squelettes?post=16735"},{"taxonomy":"sujet","embeddable":true,"href":"https:\/\/www.iemj.org\/en\/wp-json\/wp\/v2\/sujet?post=16735"},{"taxonomy":"formation","embeddable":true,"href":"https:\/\/www.iemj.org\/en\/wp-json\/wp\/v2\/formation?post=16735"},{"taxonomy":"genre","embeddable":true,"href":"https:\/\/www.iemj.org\/en\/wp-json\/wp\/v2\/genre?post=16735"},{"taxonomy":"fonds","embeddable":true,"href":"https:\/\/www.iemj.org\/en\/wp-json\/wp\/v2\/fonds?post=16735"},{"taxonomy":"tradition","embeddable":true,"href":"https:\/\/www.iemj.org\/en\/wp-json\/wp\/v2\/tradition?post=16735"},{"taxonomy":"type-de-contenu","embeddable":true,"href":"https:\/\/www.iemj.org\/en\/wp-json\/wp\/v2\/type-de-contenu?post=16735"},{"taxonomy":"interprete-compositeur","embeddable":true,"href":"https:\/\/www.iemj.org\/en\/wp-json\/wp\/v2\/interprete-compositeur?post=16735"},{"taxonomy":"frise","embeddable":true,"href":"https:\/\/www.iemj.org\/en\/wp-json\/wp\/v2\/frise?post=16735"},{"taxonomy":"type-devenement","embeddable":true,"href":"https:\/\/www.iemj.org\/en\/wp-json\/wp\/v2\/type-devenement?post=16735"},{"taxonomy":"tableaux-liens-externes","embeddable":true,"href":"https:\/\/www.iemj.org\/en\/wp-json\/wp\/v2\/tableaux-liens-externes?post=16735"}],"curies":[{"name":"wp","href":"https:\/\/api.w.org\/{rel}","templated":true}]}}