{"id":17933,"date":"2018-01-18T12:01:29","date_gmt":"2018-01-18T11:01:29","guid":{"rendered":"https:\/\/www.iemj.org\/2018\/01\/18\/study-and-application-handbook-of-the-hebrew-liturgy-in-the-sephardi-portuguese-ritual\/"},"modified":"2025-08-18T17:12:07","modified_gmt":"2025-08-18T15:12:07","slug":"study-and-application-handbook-of-the-hebrew-liturgy-in-the-sephardi-portuguese-ritual","status":"publish","type":"post","link":"https:\/\/www.iemj.org\/en\/study-and-application-handbook-of-the-hebrew-liturgy-in-the-sephardi-portuguese-ritual\/","title":{"rendered":"Study and application handbook of the Hebrew liturgy in the Sephardi-Portuguese ritual"},"content":{"rendered":"<p>Fine connoisseur and faithful pillar of the Portuguese ritual of Bordeaux, Gilbert L\u00e9on devoted years of work to the elaboration of the present &#8220;Manual study and application of the Hebrew liturgy in the Sephardi-Portuguese ritual&#8221;.<br \/>This book, unique in its kind, is accompanied by 65 CDs of recordings of all the religious services in Portuguese ritual, made by Gilbert L\u00e9on.<\/p>\n<p>This monumental work is divided into three major parts. The first part is dedicated to the history of Biblical accents (tahamim) and how to frame them when reading the Torah. The second part describes the cantillation of poetic books: Psalms, Proverbs, Job &#8230; Finally, the third part presents the different services of the liturgical year, their prayers and their tunes in the Portuguese ritual.<\/p>\n<p>In addition to the recordings to memorize each prayer, the manual contains a set of scores, including: the entirety of the <em>Hebrew collection of traditional and liturgical songs of the Portuguese sefardi ritual used in the community of Bordeaux<\/em>, by Mr. Salomon Foy &#8221; , three religious songs (<em>Achquibenou<\/em>, <em>Ymlorh<\/em> and <em>Song of Feast<\/em>), also by Salomon Foy, printed in 1917 and performed in the Israelite Temple of Bordeaux, nine religious songs noted by A. Nunes in the late 19th century, A <em>L\u00e9rhha dodi<\/em> of the liturgical collection of Alphonse de Villers (1872), organist at the Portuguese Temple of the rue Lamartine in Paris, and finally extracts from the preface and the collection <em>Traditional Hebrew Songs<\/em> of Maurice Benharoche-Baralia, published in Bayonne in 1958.<\/p>\n<p>A fundamental book for all those who want to learn or deepen their knowledge of the Portuguese ritual &#8230;<\/p>\n<div style=\"text-align: center;\">\n<div style=\"margin: 8px 0px 4px;\"><a href=\"http:\/\/www.calameo.com\/books\/0046127492cae846d97fd\" target=\"_blank\" rel=\"noopener noreferrer\">Study and application handbook of the Hebrew liturgy in the Sephardi-Portuguese ritual<\/a><\/div>\n<p><iframe style=\"margin: 0 auto;\" src=\"\/\/v.calameo.com\/?bkcode=0046127492cae846d97fd&amp;mode=mini\" width=\"480\" height=\"300\" frameborder=\"0\" scrolling=\"no\" allowfullscreen=\"allowfullscreen\"><\/iframe><\/p>\n<div style=\"margin: 4px 0px 8px;\"><a href=\"http:\/\/www.calameo.com\/\" target=\"_blank\" rel=\"noopener noreferrer\">Read more publications on Calameo<\/a><\/div>\n<\/div>\n<p><a href=\"http:\/\/www.rachelnet.net\/F\/?func=find-c&amp;ccl_term=WCC+%3D+p_4840&amp;local_base=iemcg\" target=\"_blank\" rel=\"noopener\">Look at the description of Study Handbook by Gilbert L\u00e9on on the online catalog RACHEL<\/a><br \/><a href=\"http:\/\/www.rachelnet.net\/F\/?func=find-c&amp;ccl_term=WRD+%3D+manuel+ET+WRD+%3D+enregistrements&amp;local_base=iemcg\" target=\"_blank\" rel=\"noopener\">Look at the description of the 65 CD on the online catalog RACHEL<\/a><br \/><a href=\"https:\/\/www.iemj.org\/en\/leon-gilbert-1934\/\" target=\"_blank\" rel=\"noopener\">Read a biography of Gilbert L\u00e9on<\/a><\/p>\n\n<div class=\"wp-block-image\">\n<figure class=\"aligncenter size-large\"><img fetchpriority=\"high\" decoding=\"async\" width=\"1024\" height=\"133\" src=\"https:\/\/www.iemj.org\/wp-content\/uploads\/2024\/03\/AUDIO-PLAYER-1024x133.png\" alt=\"\" class=\"wp-image-110607\" srcset=\"https:\/\/www.iemj.org\/wp-content\/uploads\/2024\/03\/AUDIO-PLAYER-1024x133.png 1024w, https:\/\/www.iemj.org\/wp-content\/uploads\/2024\/03\/AUDIO-PLAYER-300x39.png 300w, https:\/\/www.iemj.org\/wp-content\/uploads\/2024\/03\/AUDIO-PLAYER-768x100.png 768w, https:\/\/www.iemj.org\/wp-content\/uploads\/2024\/03\/AUDIO-PLAYER-600x78.png 600w, https:\/\/www.iemj.org\/wp-content\/uploads\/2024\/03\/AUDIO-PLAYER.png 1210w\" sizes=\"(max-width: 1024px) 100vw, 1024px\" \/><\/figure>\n<\/div>\n\n\n<h2 class=\"wp-block-heading\"><\/h2>\n\n\n\n<div class=\"wp-block-file\"><a id=\"wp-block-file--media-0b1964a1-f29e-4eb3-94b8-4e80fb6e6051\" href=\"https:\/\/www.iemj.org\/wp-content\/uploads\/2018\/01\/cd_856_01_extrait_.mp3\">Prologue et explication sur les Tahamim (extrait)<\/a><\/div>\n\n\n\n<div class=\"wp-block-file\"><a id=\"wp-block-file--media-d3b095a0-6c50-4956-9d8f-f7f370f6b603\" href=\"https:\/\/www.iemj.org\/wp-content\/uploads\/2018\/01\/cd_526_03_theme_musical_des_tahamim_pour_la_lecture_de_la_thora_ex.mp3\">Theme musical des tahamim pour la lecture de la thora (extrait)<\/a><\/div>\n\n\n\n<div class=\"wp-block-file\"><a id=\"wp-block-file--media-43b0373a-4a5e-4a72-bcf7-2e2810930956\" href=\"https:\/\/www.iemj.org\/wp-content\/uploads\/2018\/01\/cd_527_09_ps_92.mp3\">Psaume 92<\/a><\/div>\n\n\n\n<div class=\"wp-block-file\"><a id=\"wp-block-file--media-a936cbbf-9edd-48c8-b84a-bad5babc90a2\" href=\"https:\/\/www.iemj.org\/wp-content\/uploads\/2018\/01\/cd_529_04_lerha_dodi.mp3\">Lerha dodi (extrait)<\/a><\/div>\n\n\n\n<div class=\"wp-block-file\"><a id=\"wp-block-file--media-4ea9a0dd-e611-4d6b-917e-cb54526249fa\" href=\"https:\/\/www.iemj.org\/wp-content\/uploads\/2018\/01\/cd_530_14_bendigamos.mp3\">Bendigamos (extrait)<\/a><\/div>\n\n\n\n<div class=\"wp-block-file\"><a id=\"wp-block-file--media-670cbf20-af8f-410e-8ea1-4107feba5315\" href=\"https:\/\/www.iemj.org\/wp-content\/uploads\/2018\/01\/cd_551_03_en_souviense_y_entendiense.mp3\">En Souviense y entendiense (extrait)<\/a><\/div>\n\n\n\n<div class=\"wp-block-file\"><a id=\"wp-block-file--media-8d2e46c0-916f-435c-93a8-f812069323af\" href=\"https:\/\/www.iemj.org\/wp-content\/uploads\/2018\/01\/cd_569_09_keter.mp3\">Keter (extrait)<\/a><\/div>\n","protected":false},"excerpt":{"rendered":"<p>Fine connoisseur and faithful pillar of the Portuguese ritual of Bordeaux, Gilbert L\u00e9on devoted years of work to the elaboration of the present &#8220;Manual study and application of the Hebrew<\/p>\n","protected":false},"author":1048,"featured_media":17931,"comment_status":"closed","ping_status":"open","sticky":false,"template":"","format":"standard","meta":{"_acf_changed":false,"footnotes":""},"categories":[963],"tags":[],"technique":[],"squelettes":[],"sujet":[],"formation":[],"genre":[],"fonds":[],"tradition":[],"type-de-contenu":[],"interprete-compositeur":[],"frise":[],"type-devenement":[],"tableaux-liens-externes":[],"class_list":["post-17933","post","type-post","status-publish","format-standard","has-post-thumbnail","hentry","category-highlights-en"],"acf":[],"yoast_head":"<!-- This site is optimized with the Yoast SEO plugin v27.3 - https:\/\/yoast.com\/product\/yoast-seo-wordpress\/ -->\n<title>Study and application handbook of the Hebrew liturgy in the Sephardi-Portuguese ritual - Institut Europ\u00e9en des Musiques Juives<\/title>\n<meta name=\"robots\" content=\"index, follow, max-snippet:-1, max-image-preview:large, max-video-preview:-1\" \/>\n<link rel=\"canonical\" href=\"https:\/\/www.iemj.org\/en\/study-and-application-handbook-of-the-hebrew-liturgy-in-the-sephardi-portuguese-ritual\/\" \/>\n<meta property=\"og:locale\" content=\"en_US\" \/>\n<meta property=\"og:type\" content=\"article\" \/>\n<meta property=\"og:title\" content=\"Study and application handbook of the Hebrew liturgy in the Sephardi-Portuguese ritual - Institut Europ\u00e9en des Musiques Juives\" \/>\n<meta property=\"og:description\" content=\"Fine connoisseur and faithful pillar of the Portuguese ritual of Bordeaux, Gilbert L\u00e9on devoted years of work to the elaboration of the present &#8220;Manual study and application of the Hebrew\" \/>\n<meta property=\"og:url\" content=\"https:\/\/www.iemj.org\/en\/study-and-application-handbook-of-the-hebrew-liturgy-in-the-sephardi-portuguese-ritual\/\" \/>\n<meta property=\"og:site_name\" content=\"Institut Europ\u00e9en des Musiques Juives\" \/>\n<meta property=\"article:publisher\" content=\"https:\/\/www.facebook.com\/MusiquesJuives\/\" \/>\n<meta property=\"article:published_time\" content=\"2018-01-18T11:01:29+00:00\" \/>\n<meta property=\"article:modified_time\" content=\"2025-08-18T15:12:07+00:00\" \/>\n<meta property=\"og:image\" content=\"https:\/\/www.iemj.org\/wp-content\/uploads\/2018\/01\/arton3074.jpg\" \/>\n\t<meta property=\"og:image:width\" content=\"304\" \/>\n\t<meta property=\"og:image:height\" content=\"400\" \/>\n\t<meta property=\"og:image:type\" content=\"image\/jpeg\" \/>\n<meta name=\"author\" content=\"Jean-Gabriel Davis\" \/>\n<meta name=\"twitter:card\" content=\"summary_large_image\" \/>\n<meta name=\"twitter:label1\" content=\"Written by\" \/>\n\t<meta name=\"twitter:data1\" content=\"Jean-Gabriel Davis\" \/>\n\t<meta name=\"twitter:label2\" content=\"Est. reading time\" \/>\n\t<meta name=\"twitter:data2\" content=\"3 minutes\" \/>\n<script type=\"application\/ld+json\" class=\"yoast-schema-graph\">{\"@context\":\"https:\\\/\\\/schema.org\",\"@graph\":[{\"@type\":\"Article\",\"@id\":\"https:\\\/\\\/www.iemj.org\\\/en\\\/study-and-application-handbook-of-the-hebrew-liturgy-in-the-sephardi-portuguese-ritual\\\/#article\",\"isPartOf\":{\"@id\":\"https:\\\/\\\/www.iemj.org\\\/en\\\/study-and-application-handbook-of-the-hebrew-liturgy-in-the-sephardi-portuguese-ritual\\\/\"},\"author\":{\"name\":\"Jean-Gabriel Davis\",\"@id\":\"https:\\\/\\\/www.iemj.org\\\/en\\\/#\\\/schema\\\/person\\\/c9bc1c386a3749579a2d675e72a18666\"},\"headline\":\"Study and application handbook of the Hebrew liturgy in the Sephardi-Portuguese ritual\",\"datePublished\":\"2018-01-18T11:01:29+00:00\",\"dateModified\":\"2025-08-18T15:12:07+00:00\",\"mainEntityOfPage\":{\"@id\":\"https:\\\/\\\/www.iemj.org\\\/en\\\/study-and-application-handbook-of-the-hebrew-liturgy-in-the-sephardi-portuguese-ritual\\\/\"},\"wordCount\":357,\"publisher\":{\"@id\":\"https:\\\/\\\/www.iemj.org\\\/en\\\/#organization\"},\"image\":{\"@id\":\"https:\\\/\\\/www.iemj.org\\\/en\\\/study-and-application-handbook-of-the-hebrew-liturgy-in-the-sephardi-portuguese-ritual\\\/#primaryimage\"},\"thumbnailUrl\":\"https:\\\/\\\/www.iemj.org\\\/wp-content\\\/uploads\\\/2018\\\/01\\\/arton3074.jpg\",\"articleSection\":[\"Highlights\"],\"inLanguage\":\"en-US\"},{\"@type\":\"WebPage\",\"@id\":\"https:\\\/\\\/www.iemj.org\\\/en\\\/study-and-application-handbook-of-the-hebrew-liturgy-in-the-sephardi-portuguese-ritual\\\/\",\"url\":\"https:\\\/\\\/www.iemj.org\\\/en\\\/study-and-application-handbook-of-the-hebrew-liturgy-in-the-sephardi-portuguese-ritual\\\/\",\"name\":\"Study and application handbook of the Hebrew liturgy in the Sephardi-Portuguese ritual - Institut Europ\u00e9en des Musiques Juives\",\"isPartOf\":{\"@id\":\"https:\\\/\\\/www.iemj.org\\\/en\\\/#website\"},\"primaryImageOfPage\":{\"@id\":\"https:\\\/\\\/www.iemj.org\\\/en\\\/study-and-application-handbook-of-the-hebrew-liturgy-in-the-sephardi-portuguese-ritual\\\/#primaryimage\"},\"image\":{\"@id\":\"https:\\\/\\\/www.iemj.org\\\/en\\\/study-and-application-handbook-of-the-hebrew-liturgy-in-the-sephardi-portuguese-ritual\\\/#primaryimage\"},\"thumbnailUrl\":\"https:\\\/\\\/www.iemj.org\\\/wp-content\\\/uploads\\\/2018\\\/01\\\/arton3074.jpg\",\"datePublished\":\"2018-01-18T11:01:29+00:00\",\"dateModified\":\"2025-08-18T15:12:07+00:00\",\"breadcrumb\":{\"@id\":\"https:\\\/\\\/www.iemj.org\\\/en\\\/study-and-application-handbook-of-the-hebrew-liturgy-in-the-sephardi-portuguese-ritual\\\/#breadcrumb\"},\"inLanguage\":\"en-US\",\"potentialAction\":[{\"@type\":\"ReadAction\",\"target\":[\"https:\\\/\\\/www.iemj.org\\\/en\\\/study-and-application-handbook-of-the-hebrew-liturgy-in-the-sephardi-portuguese-ritual\\\/\"]}]},{\"@type\":\"ImageObject\",\"inLanguage\":\"en-US\",\"@id\":\"https:\\\/\\\/www.iemj.org\\\/en\\\/study-and-application-handbook-of-the-hebrew-liturgy-in-the-sephardi-portuguese-ritual\\\/#primaryimage\",\"url\":\"https:\\\/\\\/www.iemj.org\\\/wp-content\\\/uploads\\\/2018\\\/01\\\/arton3074.jpg\",\"contentUrl\":\"https:\\\/\\\/www.iemj.org\\\/wp-content\\\/uploads\\\/2018\\\/01\\\/arton3074.jpg\",\"width\":304,\"height\":400},{\"@type\":\"BreadcrumbList\",\"@id\":\"https:\\\/\\\/www.iemj.org\\\/en\\\/study-and-application-handbook-of-the-hebrew-liturgy-in-the-sephardi-portuguese-ritual\\\/#breadcrumb\",\"itemListElement\":[{\"@type\":\"ListItem\",\"position\":1,\"name\":\"Accueil\",\"item\":\"https:\\\/\\\/www.iemj.org\\\/en\\\/\"},{\"@type\":\"ListItem\",\"position\":2,\"name\":\"Study and application handbook of the Hebrew liturgy in the Sephardi-Portuguese ritual\"}]},{\"@type\":\"WebSite\",\"@id\":\"https:\\\/\\\/www.iemj.org\\\/en\\\/#website\",\"url\":\"https:\\\/\\\/www.iemj.org\\\/en\\\/\",\"name\":\"Institut Europ\u00e9en des Musiques Juives\",\"description\":\"Des traditions musicales \u00e0 la port\u00e9e de tous\",\"publisher\":{\"@id\":\"https:\\\/\\\/www.iemj.org\\\/en\\\/#organization\"},\"potentialAction\":[{\"@type\":\"SearchAction\",\"target\":{\"@type\":\"EntryPoint\",\"urlTemplate\":\"https:\\\/\\\/www.iemj.org\\\/en\\\/?s={search_term_string}\"},\"query-input\":{\"@type\":\"PropertyValueSpecification\",\"valueRequired\":true,\"valueName\":\"search_term_string\"}}],\"inLanguage\":\"en-US\"},{\"@type\":\"Organization\",\"@id\":\"https:\\\/\\\/www.iemj.org\\\/en\\\/#organization\",\"name\":\"Institut Europ\u00e9en des Musiques Juives\",\"url\":\"https:\\\/\\\/www.iemj.org\\\/en\\\/\",\"logo\":{\"@type\":\"ImageObject\",\"inLanguage\":\"en-US\",\"@id\":\"https:\\\/\\\/www.iemj.org\\\/en\\\/#\\\/schema\\\/logo\\\/image\\\/\",\"url\":\"https:\\\/\\\/www.iemj.org\\\/wp-content\\\/uploads\\\/2021\\\/09\\\/Logo-IEMJ-Paypal.jpg\",\"contentUrl\":\"https:\\\/\\\/www.iemj.org\\\/wp-content\\\/uploads\\\/2021\\\/09\\\/Logo-IEMJ-Paypal.jpg\",\"width\":150,\"height\":50,\"caption\":\"Institut Europ\u00e9en des Musiques Juives\"},\"image\":{\"@id\":\"https:\\\/\\\/www.iemj.org\\\/en\\\/#\\\/schema\\\/logo\\\/image\\\/\"},\"sameAs\":[\"https:\\\/\\\/www.facebook.com\\\/MusiquesJuives\\\/\",\"https:\\\/\\\/www.instagram.com\\\/musiquesjuives\\\/\",\"https:\\\/\\\/www.youtube.com\\\/user\\\/musiquesjuives\"]},{\"@type\":\"Person\",\"@id\":\"https:\\\/\\\/www.iemj.org\\\/en\\\/#\\\/schema\\\/person\\\/c9bc1c386a3749579a2d675e72a18666\",\"name\":\"Jean-Gabriel Davis\",\"image\":{\"@type\":\"ImageObject\",\"inLanguage\":\"en-US\",\"@id\":\"https:\\\/\\\/secure.gravatar.com\\\/avatar\\\/2b90d67bdf392c9b3a21fab87c0fa7edaf1fb3a058172a1ffd61033fcec7aec1?s=96&d=mm&r=g\",\"url\":\"https:\\\/\\\/secure.gravatar.com\\\/avatar\\\/2b90d67bdf392c9b3a21fab87c0fa7edaf1fb3a058172a1ffd61033fcec7aec1?s=96&d=mm&r=g\",\"contentUrl\":\"https:\\\/\\\/secure.gravatar.com\\\/avatar\\\/2b90d67bdf392c9b3a21fab87c0fa7edaf1fb3a058172a1ffd61033fcec7aec1?s=96&d=mm&r=g\",\"caption\":\"Jean-Gabriel Davis\"}}]}<\/script>\n<!-- \/ Yoast SEO plugin. -->","yoast_head_json":{"title":"Study and application handbook of the Hebrew liturgy in the Sephardi-Portuguese ritual - Institut Europ\u00e9en des Musiques Juives","robots":{"index":"index","follow":"follow","max-snippet":"max-snippet:-1","max-image-preview":"max-image-preview:large","max-video-preview":"max-video-preview:-1"},"canonical":"https:\/\/www.iemj.org\/en\/study-and-application-handbook-of-the-hebrew-liturgy-in-the-sephardi-portuguese-ritual\/","og_locale":"en_US","og_type":"article","og_title":"Study and application handbook of the Hebrew liturgy in the Sephardi-Portuguese ritual - Institut Europ\u00e9en des Musiques Juives","og_description":"Fine connoisseur and faithful pillar of the Portuguese ritual of Bordeaux, Gilbert L\u00e9on devoted years of work to the elaboration of the present &#8220;Manual study and application of the Hebrew","og_url":"https:\/\/www.iemj.org\/en\/study-and-application-handbook-of-the-hebrew-liturgy-in-the-sephardi-portuguese-ritual\/","og_site_name":"Institut Europ\u00e9en des Musiques Juives","article_publisher":"https:\/\/www.facebook.com\/MusiquesJuives\/","article_published_time":"2018-01-18T11:01:29+00:00","article_modified_time":"2025-08-18T15:12:07+00:00","og_image":[{"width":304,"height":400,"url":"https:\/\/www.iemj.org\/wp-content\/uploads\/2018\/01\/arton3074.jpg","type":"image\/jpeg"}],"author":"Jean-Gabriel Davis","twitter_card":"summary_large_image","twitter_misc":{"Written by":"Jean-Gabriel Davis","Est. reading time":"3 minutes"},"schema":{"@context":"https:\/\/schema.org","@graph":[{"@type":"Article","@id":"https:\/\/www.iemj.org\/en\/study-and-application-handbook-of-the-hebrew-liturgy-in-the-sephardi-portuguese-ritual\/#article","isPartOf":{"@id":"https:\/\/www.iemj.org\/en\/study-and-application-handbook-of-the-hebrew-liturgy-in-the-sephardi-portuguese-ritual\/"},"author":{"name":"Jean-Gabriel Davis","@id":"https:\/\/www.iemj.org\/en\/#\/schema\/person\/c9bc1c386a3749579a2d675e72a18666"},"headline":"Study and application handbook of the Hebrew liturgy in the Sephardi-Portuguese ritual","datePublished":"2018-01-18T11:01:29+00:00","dateModified":"2025-08-18T15:12:07+00:00","mainEntityOfPage":{"@id":"https:\/\/www.iemj.org\/en\/study-and-application-handbook-of-the-hebrew-liturgy-in-the-sephardi-portuguese-ritual\/"},"wordCount":357,"publisher":{"@id":"https:\/\/www.iemj.org\/en\/#organization"},"image":{"@id":"https:\/\/www.iemj.org\/en\/study-and-application-handbook-of-the-hebrew-liturgy-in-the-sephardi-portuguese-ritual\/#primaryimage"},"thumbnailUrl":"https:\/\/www.iemj.org\/wp-content\/uploads\/2018\/01\/arton3074.jpg","articleSection":["Highlights"],"inLanguage":"en-US"},{"@type":"WebPage","@id":"https:\/\/www.iemj.org\/en\/study-and-application-handbook-of-the-hebrew-liturgy-in-the-sephardi-portuguese-ritual\/","url":"https:\/\/www.iemj.org\/en\/study-and-application-handbook-of-the-hebrew-liturgy-in-the-sephardi-portuguese-ritual\/","name":"Study and application handbook of the Hebrew liturgy in the Sephardi-Portuguese ritual - Institut Europ\u00e9en des Musiques Juives","isPartOf":{"@id":"https:\/\/www.iemj.org\/en\/#website"},"primaryImageOfPage":{"@id":"https:\/\/www.iemj.org\/en\/study-and-application-handbook-of-the-hebrew-liturgy-in-the-sephardi-portuguese-ritual\/#primaryimage"},"image":{"@id":"https:\/\/www.iemj.org\/en\/study-and-application-handbook-of-the-hebrew-liturgy-in-the-sephardi-portuguese-ritual\/#primaryimage"},"thumbnailUrl":"https:\/\/www.iemj.org\/wp-content\/uploads\/2018\/01\/arton3074.jpg","datePublished":"2018-01-18T11:01:29+00:00","dateModified":"2025-08-18T15:12:07+00:00","breadcrumb":{"@id":"https:\/\/www.iemj.org\/en\/study-and-application-handbook-of-the-hebrew-liturgy-in-the-sephardi-portuguese-ritual\/#breadcrumb"},"inLanguage":"en-US","potentialAction":[{"@type":"ReadAction","target":["https:\/\/www.iemj.org\/en\/study-and-application-handbook-of-the-hebrew-liturgy-in-the-sephardi-portuguese-ritual\/"]}]},{"@type":"ImageObject","inLanguage":"en-US","@id":"https:\/\/www.iemj.org\/en\/study-and-application-handbook-of-the-hebrew-liturgy-in-the-sephardi-portuguese-ritual\/#primaryimage","url":"https:\/\/www.iemj.org\/wp-content\/uploads\/2018\/01\/arton3074.jpg","contentUrl":"https:\/\/www.iemj.org\/wp-content\/uploads\/2018\/01\/arton3074.jpg","width":304,"height":400},{"@type":"BreadcrumbList","@id":"https:\/\/www.iemj.org\/en\/study-and-application-handbook-of-the-hebrew-liturgy-in-the-sephardi-portuguese-ritual\/#breadcrumb","itemListElement":[{"@type":"ListItem","position":1,"name":"Accueil","item":"https:\/\/www.iemj.org\/en\/"},{"@type":"ListItem","position":2,"name":"Study and application handbook of the Hebrew liturgy in the Sephardi-Portuguese ritual"}]},{"@type":"WebSite","@id":"https:\/\/www.iemj.org\/en\/#website","url":"https:\/\/www.iemj.org\/en\/","name":"Institut Europ\u00e9en des Musiques Juives","description":"Des traditions musicales \u00e0 la port\u00e9e de tous","publisher":{"@id":"https:\/\/www.iemj.org\/en\/#organization"},"potentialAction":[{"@type":"SearchAction","target":{"@type":"EntryPoint","urlTemplate":"https:\/\/www.iemj.org\/en\/?s={search_term_string}"},"query-input":{"@type":"PropertyValueSpecification","valueRequired":true,"valueName":"search_term_string"}}],"inLanguage":"en-US"},{"@type":"Organization","@id":"https:\/\/www.iemj.org\/en\/#organization","name":"Institut Europ\u00e9en des Musiques Juives","url":"https:\/\/www.iemj.org\/en\/","logo":{"@type":"ImageObject","inLanguage":"en-US","@id":"https:\/\/www.iemj.org\/en\/#\/schema\/logo\/image\/","url":"https:\/\/www.iemj.org\/wp-content\/uploads\/2021\/09\/Logo-IEMJ-Paypal.jpg","contentUrl":"https:\/\/www.iemj.org\/wp-content\/uploads\/2021\/09\/Logo-IEMJ-Paypal.jpg","width":150,"height":50,"caption":"Institut Europ\u00e9en des Musiques Juives"},"image":{"@id":"https:\/\/www.iemj.org\/en\/#\/schema\/logo\/image\/"},"sameAs":["https:\/\/www.facebook.com\/MusiquesJuives\/","https:\/\/www.instagram.com\/musiquesjuives\/","https:\/\/www.youtube.com\/user\/musiquesjuives"]},{"@type":"Person","@id":"https:\/\/www.iemj.org\/en\/#\/schema\/person\/c9bc1c386a3749579a2d675e72a18666","name":"Jean-Gabriel Davis","image":{"@type":"ImageObject","inLanguage":"en-US","@id":"https:\/\/secure.gravatar.com\/avatar\/2b90d67bdf392c9b3a21fab87c0fa7edaf1fb3a058172a1ffd61033fcec7aec1?s=96&d=mm&r=g","url":"https:\/\/secure.gravatar.com\/avatar\/2b90d67bdf392c9b3a21fab87c0fa7edaf1fb3a058172a1ffd61033fcec7aec1?s=96&d=mm&r=g","contentUrl":"https:\/\/secure.gravatar.com\/avatar\/2b90d67bdf392c9b3a21fab87c0fa7edaf1fb3a058172a1ffd61033fcec7aec1?s=96&d=mm&r=g","caption":"Jean-Gabriel Davis"}}]}},"_links":{"self":[{"href":"https:\/\/www.iemj.org\/en\/wp-json\/wp\/v2\/posts\/17933","targetHints":{"allow":["GET"]}}],"collection":[{"href":"https:\/\/www.iemj.org\/en\/wp-json\/wp\/v2\/posts"}],"about":[{"href":"https:\/\/www.iemj.org\/en\/wp-json\/wp\/v2\/types\/post"}],"author":[{"embeddable":true,"href":"https:\/\/www.iemj.org\/en\/wp-json\/wp\/v2\/users\/1048"}],"replies":[{"embeddable":true,"href":"https:\/\/www.iemj.org\/en\/wp-json\/wp\/v2\/comments?post=17933"}],"version-history":[{"count":0,"href":"https:\/\/www.iemj.org\/en\/wp-json\/wp\/v2\/posts\/17933\/revisions"}],"wp:featuredmedia":[{"embeddable":true,"href":"https:\/\/www.iemj.org\/en\/wp-json\/wp\/v2\/media\/17931"}],"wp:attachment":[{"href":"https:\/\/www.iemj.org\/en\/wp-json\/wp\/v2\/media?parent=17933"}],"wp:term":[{"taxonomy":"category","embeddable":true,"href":"https:\/\/www.iemj.org\/en\/wp-json\/wp\/v2\/categories?post=17933"},{"taxonomy":"post_tag","embeddable":true,"href":"https:\/\/www.iemj.org\/en\/wp-json\/wp\/v2\/tags?post=17933"},{"taxonomy":"technique","embeddable":true,"href":"https:\/\/www.iemj.org\/en\/wp-json\/wp\/v2\/technique?post=17933"},{"taxonomy":"squelettes","embeddable":true,"href":"https:\/\/www.iemj.org\/en\/wp-json\/wp\/v2\/squelettes?post=17933"},{"taxonomy":"sujet","embeddable":true,"href":"https:\/\/www.iemj.org\/en\/wp-json\/wp\/v2\/sujet?post=17933"},{"taxonomy":"formation","embeddable":true,"href":"https:\/\/www.iemj.org\/en\/wp-json\/wp\/v2\/formation?post=17933"},{"taxonomy":"genre","embeddable":true,"href":"https:\/\/www.iemj.org\/en\/wp-json\/wp\/v2\/genre?post=17933"},{"taxonomy":"fonds","embeddable":true,"href":"https:\/\/www.iemj.org\/en\/wp-json\/wp\/v2\/fonds?post=17933"},{"taxonomy":"tradition","embeddable":true,"href":"https:\/\/www.iemj.org\/en\/wp-json\/wp\/v2\/tradition?post=17933"},{"taxonomy":"type-de-contenu","embeddable":true,"href":"https:\/\/www.iemj.org\/en\/wp-json\/wp\/v2\/type-de-contenu?post=17933"},{"taxonomy":"interprete-compositeur","embeddable":true,"href":"https:\/\/www.iemj.org\/en\/wp-json\/wp\/v2\/interprete-compositeur?post=17933"},{"taxonomy":"frise","embeddable":true,"href":"https:\/\/www.iemj.org\/en\/wp-json\/wp\/v2\/frise?post=17933"},{"taxonomy":"type-devenement","embeddable":true,"href":"https:\/\/www.iemj.org\/en\/wp-json\/wp\/v2\/type-devenement?post=17933"},{"taxonomy":"tableaux-liens-externes","embeddable":true,"href":"https:\/\/www.iemj.org\/en\/wp-json\/wp\/v2\/tableaux-liens-externes?post=17933"}],"curies":[{"name":"wp","href":"https:\/\/api.w.org\/{rel}","templated":true}]}}