{"id":18876,"date":"2018-03-23T13:33:09","date_gmt":"2018-03-23T12:33:09","guid":{"rendered":"https:\/\/www.iemj.org\/2018\/03\/23\/concert-coplas-sefardies-judeo-spanish-songs-by-alberto-hemsi-in-hanover\/"},"modified":"2023-08-24T11:43:38","modified_gmt":"2023-08-24T09:43:38","slug":"concert-coplas-sefardies-judeo-spanish-songs-by-alberto-hemsi-in-hanover","status":"publish","type":"post","link":"https:\/\/www.iemj.org\/en\/concert-coplas-sefardies-judeo-spanish-songs-by-alberto-hemsi-in-hanover\/","title":{"rendered":"Concert Coplas Sefardies &#8211; Judeo-Spanish songs by Alberto Hemsi in Hanover"},"content":{"rendered":"<p class=\"post_excerpt\"><strong>Thursday March 22, 2018 : an event organised by <em>Das Europ\u00e4ische Zentrum f\u00fcr J\u00fcdische Musik<\/em> and the reformed Jewish community of Hanover, in collaboration with the European Institute for Jewish Music<\/strong>&#8230;<\/p>\n<p><!--more--><br \/>\nOn March 22, 2018 will be held in Hanover the first concert of the complete <em>Coplas Sefardies<\/em> (Judeo-Spanish songs), performed by Assaf Levitin (vocal) and Naaman Wagner (piano) for the occasion of the release of their CD <em>Coplas Sefardies<\/em> \u2013 vol. 1.<\/p>\n<p>This concert, organised by <a href=\"https:\/\/www.ezjm.hmtm-hannover.de\/de\/start\/\" target=\"_blank\" rel=\"noopener\"><em>Das Europ\u00e4ische Zentrum f\u00fcr J\u00fcdische Musik<\/em><\/a> (EZJM) and the reformed Jewish community of Hanover, will be preceded by a presentation by Ingrid Wettberg, president of the reformed Jewish community of Hanover, followed by a speech by Sarah Ross, director of the EZJM.<br \/>\nThe European Institute for Jewish Music will be represented by its director, Herv\u00e9 Roten, who will show a short film drawing the life and work of Alberto Hemsi. Finally, Assaf Levitin will introduce the concert.<\/p>\n<p>Since 2004, the European Institute for Jewish Music is depositary of the <a href=\"https:\/\/www.iemj.org\/en\/fonds-alberto-hemsi\/\" target=\"_blank\" rel=\"noopener\">archives of the composer Alberto Hemsi (1898-1975)<\/a>. Given in July 2004 by Myriam Capelutto Hemsi (1912-2005), widow of the composer, this holding include rare documents (manuscripts of the composer, photographies, magnetic tapes and discs\u2026) which form today one of the richest archive holding of Judeo-Spanish music in the world.<\/p>\n<p>The release of the complete Coplas Sefardies by the <em>Europ\u00e4ische Zentrum f\u00fcr J\u00fcdische Musik<\/em> (EZJM) in Hanover and the music label Rondeau Production mark the first step of a French-German collaboration and the beginning of the creation of a european network of Jewish music centers, based on the exchange of information, the valorisation of the physical and digital contents, and the organisation of conferences and concerts at a european scale.<\/p>\n<p>&#8211; <a href=\"https:\/\/www.iemj.org\/en\/fonds-alberto-hemsi\/\" target=\"_blank\" rel=\"noopener\">Look at Alberto Hemsi&#8217;s archives<\/a><br \/>\n&#8211; <a href=\"https:\/\/www.iemj.org\/en\/hemsi-alberto-1898-1975\/\" target=\"_blank\" rel=\"noopener\">Learn more about Alberto Hemsi<\/a><br \/>\n&#8211; <a href=\"https:\/\/www.iemj.org\/en\/video-alberto-hemsi-un-compositeur-au-service-de-la-culture-sefarade\/\" target=\"_blank\" rel=\"noopener\">Watch the video about Alberto Hemsi<\/a><br \/>\n&#8211; <a href=\"https:\/\/www.iemj.org\/en\/coplas-sefardies-de-alberto-hemsi-vol-1\/\" target=\"_blank\" rel=\"noopener\">Listen to excerpts of the CD Coplas sefardies by Assaf Levitin and Naaman Wagner<\/a><br \/>\n&#8211; <a href=\"https:\/\/www.ezjm.hmtm-hannover.de\/de\/forschung\/coplas-sefardies\/\">Learn more about the concert (in German)<\/a><br \/>\n&#8211; <a href=\"https:\/\/www.rondeau.de\/New-Releases\/Alberto-Hemsi-Coplas-Sefardies-Vol-1::420.html?language=en\">Buy the CD Coplas Sefardies &#8211; Judeo-Spanish songs by Alberto Hemsi &#8211; Vol.1<\/a><\/p>\n","protected":false},"excerpt":{"rendered":"<p>Thursday March 22, 2018 : an event organised by Das Europ\u00e4ische Zentrum f\u00fcr J\u00fcdische Musik and the reformed Jewish community of Hanover, in collaboration with the European Institute for Jewish<\/p>\n","protected":false},"author":1048,"featured_media":18874,"comment_status":"closed","ping_status":"open","sticky":false,"template":"","format":"standard","meta":{"_acf_changed":false,"footnotes":""},"categories":[1377,1369],"tags":[3416],"technique":[],"squelettes":[],"sujet":[],"formation":[],"genre":[],"fonds":[],"tradition":[],"type-de-contenu":[],"interprete-compositeur":[],"frise":[],"type-devenement":[],"tableaux-liens-externes":[],"class_list":["post-18876","post","type-post","status-publish","format-standard","has-post-thumbnail","hentry","category-concerts-events-en","category-events-en","tag-partners-events-en"],"acf":[],"yoast_head":"<!-- This site is optimized with the Yoast SEO plugin v27.3 - https:\/\/yoast.com\/product\/yoast-seo-wordpress\/ -->\n<title>Concert Coplas Sefardies - Judeo-Spanish songs by Alberto Hemsi in Hanover - Institut Europ\u00e9en des Musiques Juives<\/title>\n<meta name=\"robots\" content=\"noindex, follow\" \/>\n<meta property=\"og:locale\" content=\"en_US\" \/>\n<meta property=\"og:type\" content=\"article\" \/>\n<meta property=\"og:title\" content=\"Concert Coplas Sefardies - Judeo-Spanish songs by Alberto Hemsi in Hanover - Institut Europ\u00e9en des Musiques Juives\" \/>\n<meta property=\"og:description\" content=\"Thursday March 22, 2018 : an event organised by Das Europ\u00e4ische Zentrum f\u00fcr J\u00fcdische Musik and the reformed Jewish community of Hanover, in collaboration with the European Institute for Jewish\" \/>\n<meta property=\"og:url\" content=\"https:\/\/www.iemj.org\/en\/concert-coplas-sefardies-judeo-spanish-songs-by-alberto-hemsi-in-hanover\/\" \/>\n<meta property=\"og:site_name\" content=\"Institut Europ\u00e9en des Musiques Juives\" \/>\n<meta property=\"article:publisher\" content=\"https:\/\/www.facebook.com\/MusiquesJuives\/\" \/>\n<meta property=\"article:published_time\" content=\"2018-03-23T12:33:09+00:00\" \/>\n<meta property=\"article:modified_time\" content=\"2023-08-24T09:43:38+00:00\" \/>\n<meta property=\"og:image\" content=\"https:\/\/www.iemj.org\/wp-content\/uploads\/2018\/03\/arton3268.jpg\" \/>\n\t<meta property=\"og:image:width\" content=\"212\" \/>\n\t<meta property=\"og:image:height\" content=\"307\" \/>\n\t<meta property=\"og:image:type\" content=\"image\/jpeg\" \/>\n<meta name=\"author\" content=\"Jean-Gabriel Davis\" \/>\n<meta name=\"twitter:card\" content=\"summary_large_image\" \/>\n<meta name=\"twitter:label1\" content=\"Written by\" \/>\n\t<meta name=\"twitter:data1\" content=\"Jean-Gabriel Davis\" \/>\n\t<meta name=\"twitter:label2\" content=\"Est. reading time\" \/>\n\t<meta name=\"twitter:data2\" content=\"2 minutes\" \/>\n<script type=\"application\/ld+json\" class=\"yoast-schema-graph\">{\"@context\":\"https:\\\/\\\/schema.org\",\"@graph\":[{\"@type\":\"Article\",\"@id\":\"https:\\\/\\\/www.iemj.org\\\/en\\\/concert-coplas-sefardies-judeo-spanish-songs-by-alberto-hemsi-in-hanover\\\/#article\",\"isPartOf\":{\"@id\":\"https:\\\/\\\/www.iemj.org\\\/en\\\/concert-coplas-sefardies-judeo-spanish-songs-by-alberto-hemsi-in-hanover\\\/\"},\"author\":{\"name\":\"Jean-Gabriel Davis\",\"@id\":\"https:\\\/\\\/www.iemj.org\\\/en\\\/#\\\/schema\\\/person\\\/c9bc1c386a3749579a2d675e72a18666\"},\"headline\":\"Concert Coplas Sefardies &#8211; Judeo-Spanish songs by Alberto Hemsi in Hanover\",\"datePublished\":\"2018-03-23T12:33:09+00:00\",\"dateModified\":\"2023-08-24T09:43:38+00:00\",\"mainEntityOfPage\":{\"@id\":\"https:\\\/\\\/www.iemj.org\\\/en\\\/concert-coplas-sefardies-judeo-spanish-songs-by-alberto-hemsi-in-hanover\\\/\"},\"wordCount\":353,\"publisher\":{\"@id\":\"https:\\\/\\\/www.iemj.org\\\/en\\\/#organization\"},\"image\":{\"@id\":\"https:\\\/\\\/www.iemj.org\\\/en\\\/concert-coplas-sefardies-judeo-spanish-songs-by-alberto-hemsi-in-hanover\\\/#primaryimage\"},\"thumbnailUrl\":\"https:\\\/\\\/www.iemj.org\\\/wp-content\\\/uploads\\\/2018\\\/03\\\/arton3268.jpg\",\"keywords\":[\"Partners' events\"],\"articleSection\":[\"Concerts\",\"Events\"],\"inLanguage\":\"en-US\"},{\"@type\":\"WebPage\",\"@id\":\"https:\\\/\\\/www.iemj.org\\\/en\\\/concert-coplas-sefardies-judeo-spanish-songs-by-alberto-hemsi-in-hanover\\\/\",\"url\":\"https:\\\/\\\/www.iemj.org\\\/en\\\/concert-coplas-sefardies-judeo-spanish-songs-by-alberto-hemsi-in-hanover\\\/\",\"name\":\"Concert Coplas Sefardies - Judeo-Spanish songs by Alberto Hemsi in Hanover - Institut Europ\u00e9en des Musiques Juives\",\"isPartOf\":{\"@id\":\"https:\\\/\\\/www.iemj.org\\\/en\\\/#website\"},\"primaryImageOfPage\":{\"@id\":\"https:\\\/\\\/www.iemj.org\\\/en\\\/concert-coplas-sefardies-judeo-spanish-songs-by-alberto-hemsi-in-hanover\\\/#primaryimage\"},\"image\":{\"@id\":\"https:\\\/\\\/www.iemj.org\\\/en\\\/concert-coplas-sefardies-judeo-spanish-songs-by-alberto-hemsi-in-hanover\\\/#primaryimage\"},\"thumbnailUrl\":\"https:\\\/\\\/www.iemj.org\\\/wp-content\\\/uploads\\\/2018\\\/03\\\/arton3268.jpg\",\"datePublished\":\"2018-03-23T12:33:09+00:00\",\"dateModified\":\"2023-08-24T09:43:38+00:00\",\"breadcrumb\":{\"@id\":\"https:\\\/\\\/www.iemj.org\\\/en\\\/concert-coplas-sefardies-judeo-spanish-songs-by-alberto-hemsi-in-hanover\\\/#breadcrumb\"},\"inLanguage\":\"en-US\",\"potentialAction\":[{\"@type\":\"ReadAction\",\"target\":[\"https:\\\/\\\/www.iemj.org\\\/en\\\/concert-coplas-sefardies-judeo-spanish-songs-by-alberto-hemsi-in-hanover\\\/\"]}]},{\"@type\":\"ImageObject\",\"inLanguage\":\"en-US\",\"@id\":\"https:\\\/\\\/www.iemj.org\\\/en\\\/concert-coplas-sefardies-judeo-spanish-songs-by-alberto-hemsi-in-hanover\\\/#primaryimage\",\"url\":\"https:\\\/\\\/www.iemj.org\\\/wp-content\\\/uploads\\\/2018\\\/03\\\/arton3268.jpg\",\"contentUrl\":\"https:\\\/\\\/www.iemj.org\\\/wp-content\\\/uploads\\\/2018\\\/03\\\/arton3268.jpg\",\"width\":212,\"height\":307},{\"@type\":\"BreadcrumbList\",\"@id\":\"https:\\\/\\\/www.iemj.org\\\/en\\\/concert-coplas-sefardies-judeo-spanish-songs-by-alberto-hemsi-in-hanover\\\/#breadcrumb\",\"itemListElement\":[{\"@type\":\"ListItem\",\"position\":1,\"name\":\"Accueil\",\"item\":\"https:\\\/\\\/www.iemj.org\\\/en\\\/\"},{\"@type\":\"ListItem\",\"position\":2,\"name\":\"Concert Coplas Sefardies &#8211; Judeo-Spanish songs by Alberto Hemsi in Hanover\"}]},{\"@type\":\"WebSite\",\"@id\":\"https:\\\/\\\/www.iemj.org\\\/en\\\/#website\",\"url\":\"https:\\\/\\\/www.iemj.org\\\/en\\\/\",\"name\":\"Institut Europ\u00e9en des Musiques Juives\",\"description\":\"Des traditions musicales \u00e0 la port\u00e9e de tous\",\"publisher\":{\"@id\":\"https:\\\/\\\/www.iemj.org\\\/en\\\/#organization\"},\"potentialAction\":[{\"@type\":\"SearchAction\",\"target\":{\"@type\":\"EntryPoint\",\"urlTemplate\":\"https:\\\/\\\/www.iemj.org\\\/en\\\/?s={search_term_string}\"},\"query-input\":{\"@type\":\"PropertyValueSpecification\",\"valueRequired\":true,\"valueName\":\"search_term_string\"}}],\"inLanguage\":\"en-US\"},{\"@type\":\"Organization\",\"@id\":\"https:\\\/\\\/www.iemj.org\\\/en\\\/#organization\",\"name\":\"Institut Europ\u00e9en des Musiques Juives\",\"url\":\"https:\\\/\\\/www.iemj.org\\\/en\\\/\",\"logo\":{\"@type\":\"ImageObject\",\"inLanguage\":\"en-US\",\"@id\":\"https:\\\/\\\/www.iemj.org\\\/en\\\/#\\\/schema\\\/logo\\\/image\\\/\",\"url\":\"https:\\\/\\\/www.iemj.org\\\/wp-content\\\/uploads\\\/2021\\\/09\\\/Logo-IEMJ-Paypal.jpg\",\"contentUrl\":\"https:\\\/\\\/www.iemj.org\\\/wp-content\\\/uploads\\\/2021\\\/09\\\/Logo-IEMJ-Paypal.jpg\",\"width\":150,\"height\":50,\"caption\":\"Institut Europ\u00e9en des Musiques Juives\"},\"image\":{\"@id\":\"https:\\\/\\\/www.iemj.org\\\/en\\\/#\\\/schema\\\/logo\\\/image\\\/\"},\"sameAs\":[\"https:\\\/\\\/www.facebook.com\\\/MusiquesJuives\\\/\",\"https:\\\/\\\/www.instagram.com\\\/musiquesjuives\\\/\",\"https:\\\/\\\/www.youtube.com\\\/user\\\/musiquesjuives\"]},{\"@type\":\"Person\",\"@id\":\"https:\\\/\\\/www.iemj.org\\\/en\\\/#\\\/schema\\\/person\\\/c9bc1c386a3749579a2d675e72a18666\",\"name\":\"Jean-Gabriel Davis\",\"image\":{\"@type\":\"ImageObject\",\"inLanguage\":\"en-US\",\"@id\":\"https:\\\/\\\/secure.gravatar.com\\\/avatar\\\/2b90d67bdf392c9b3a21fab87c0fa7edaf1fb3a058172a1ffd61033fcec7aec1?s=96&d=mm&r=g\",\"url\":\"https:\\\/\\\/secure.gravatar.com\\\/avatar\\\/2b90d67bdf392c9b3a21fab87c0fa7edaf1fb3a058172a1ffd61033fcec7aec1?s=96&d=mm&r=g\",\"contentUrl\":\"https:\\\/\\\/secure.gravatar.com\\\/avatar\\\/2b90d67bdf392c9b3a21fab87c0fa7edaf1fb3a058172a1ffd61033fcec7aec1?s=96&d=mm&r=g\",\"caption\":\"Jean-Gabriel Davis\"}}]}<\/script>\n<!-- \/ Yoast SEO plugin. -->","yoast_head_json":{"title":"Concert Coplas Sefardies - Judeo-Spanish songs by Alberto Hemsi in Hanover - Institut Europ\u00e9en des Musiques Juives","robots":{"index":"noindex","follow":"follow"},"og_locale":"en_US","og_type":"article","og_title":"Concert Coplas Sefardies - Judeo-Spanish songs by Alberto Hemsi in Hanover - Institut Europ\u00e9en des Musiques Juives","og_description":"Thursday March 22, 2018 : an event organised by Das Europ\u00e4ische Zentrum f\u00fcr J\u00fcdische Musik and the reformed Jewish community of Hanover, in collaboration with the European Institute for Jewish","og_url":"https:\/\/www.iemj.org\/en\/concert-coplas-sefardies-judeo-spanish-songs-by-alberto-hemsi-in-hanover\/","og_site_name":"Institut Europ\u00e9en des Musiques Juives","article_publisher":"https:\/\/www.facebook.com\/MusiquesJuives\/","article_published_time":"2018-03-23T12:33:09+00:00","article_modified_time":"2023-08-24T09:43:38+00:00","og_image":[{"width":212,"height":307,"url":"https:\/\/www.iemj.org\/wp-content\/uploads\/2018\/03\/arton3268.jpg","type":"image\/jpeg"}],"author":"Jean-Gabriel Davis","twitter_card":"summary_large_image","twitter_misc":{"Written by":"Jean-Gabriel Davis","Est. reading time":"2 minutes"},"schema":{"@context":"https:\/\/schema.org","@graph":[{"@type":"Article","@id":"https:\/\/www.iemj.org\/en\/concert-coplas-sefardies-judeo-spanish-songs-by-alberto-hemsi-in-hanover\/#article","isPartOf":{"@id":"https:\/\/www.iemj.org\/en\/concert-coplas-sefardies-judeo-spanish-songs-by-alberto-hemsi-in-hanover\/"},"author":{"name":"Jean-Gabriel Davis","@id":"https:\/\/www.iemj.org\/en\/#\/schema\/person\/c9bc1c386a3749579a2d675e72a18666"},"headline":"Concert Coplas Sefardies &#8211; Judeo-Spanish songs by Alberto Hemsi in Hanover","datePublished":"2018-03-23T12:33:09+00:00","dateModified":"2023-08-24T09:43:38+00:00","mainEntityOfPage":{"@id":"https:\/\/www.iemj.org\/en\/concert-coplas-sefardies-judeo-spanish-songs-by-alberto-hemsi-in-hanover\/"},"wordCount":353,"publisher":{"@id":"https:\/\/www.iemj.org\/en\/#organization"},"image":{"@id":"https:\/\/www.iemj.org\/en\/concert-coplas-sefardies-judeo-spanish-songs-by-alberto-hemsi-in-hanover\/#primaryimage"},"thumbnailUrl":"https:\/\/www.iemj.org\/wp-content\/uploads\/2018\/03\/arton3268.jpg","keywords":["Partners' events"],"articleSection":["Concerts","Events"],"inLanguage":"en-US"},{"@type":"WebPage","@id":"https:\/\/www.iemj.org\/en\/concert-coplas-sefardies-judeo-spanish-songs-by-alberto-hemsi-in-hanover\/","url":"https:\/\/www.iemj.org\/en\/concert-coplas-sefardies-judeo-spanish-songs-by-alberto-hemsi-in-hanover\/","name":"Concert Coplas Sefardies - Judeo-Spanish songs by Alberto Hemsi in Hanover - Institut Europ\u00e9en des Musiques Juives","isPartOf":{"@id":"https:\/\/www.iemj.org\/en\/#website"},"primaryImageOfPage":{"@id":"https:\/\/www.iemj.org\/en\/concert-coplas-sefardies-judeo-spanish-songs-by-alberto-hemsi-in-hanover\/#primaryimage"},"image":{"@id":"https:\/\/www.iemj.org\/en\/concert-coplas-sefardies-judeo-spanish-songs-by-alberto-hemsi-in-hanover\/#primaryimage"},"thumbnailUrl":"https:\/\/www.iemj.org\/wp-content\/uploads\/2018\/03\/arton3268.jpg","datePublished":"2018-03-23T12:33:09+00:00","dateModified":"2023-08-24T09:43:38+00:00","breadcrumb":{"@id":"https:\/\/www.iemj.org\/en\/concert-coplas-sefardies-judeo-spanish-songs-by-alberto-hemsi-in-hanover\/#breadcrumb"},"inLanguage":"en-US","potentialAction":[{"@type":"ReadAction","target":["https:\/\/www.iemj.org\/en\/concert-coplas-sefardies-judeo-spanish-songs-by-alberto-hemsi-in-hanover\/"]}]},{"@type":"ImageObject","inLanguage":"en-US","@id":"https:\/\/www.iemj.org\/en\/concert-coplas-sefardies-judeo-spanish-songs-by-alberto-hemsi-in-hanover\/#primaryimage","url":"https:\/\/www.iemj.org\/wp-content\/uploads\/2018\/03\/arton3268.jpg","contentUrl":"https:\/\/www.iemj.org\/wp-content\/uploads\/2018\/03\/arton3268.jpg","width":212,"height":307},{"@type":"BreadcrumbList","@id":"https:\/\/www.iemj.org\/en\/concert-coplas-sefardies-judeo-spanish-songs-by-alberto-hemsi-in-hanover\/#breadcrumb","itemListElement":[{"@type":"ListItem","position":1,"name":"Accueil","item":"https:\/\/www.iemj.org\/en\/"},{"@type":"ListItem","position":2,"name":"Concert Coplas Sefardies &#8211; Judeo-Spanish songs by Alberto Hemsi in Hanover"}]},{"@type":"WebSite","@id":"https:\/\/www.iemj.org\/en\/#website","url":"https:\/\/www.iemj.org\/en\/","name":"Institut Europ\u00e9en des Musiques Juives","description":"Des traditions musicales \u00e0 la port\u00e9e de tous","publisher":{"@id":"https:\/\/www.iemj.org\/en\/#organization"},"potentialAction":[{"@type":"SearchAction","target":{"@type":"EntryPoint","urlTemplate":"https:\/\/www.iemj.org\/en\/?s={search_term_string}"},"query-input":{"@type":"PropertyValueSpecification","valueRequired":true,"valueName":"search_term_string"}}],"inLanguage":"en-US"},{"@type":"Organization","@id":"https:\/\/www.iemj.org\/en\/#organization","name":"Institut Europ\u00e9en des Musiques Juives","url":"https:\/\/www.iemj.org\/en\/","logo":{"@type":"ImageObject","inLanguage":"en-US","@id":"https:\/\/www.iemj.org\/en\/#\/schema\/logo\/image\/","url":"https:\/\/www.iemj.org\/wp-content\/uploads\/2021\/09\/Logo-IEMJ-Paypal.jpg","contentUrl":"https:\/\/www.iemj.org\/wp-content\/uploads\/2021\/09\/Logo-IEMJ-Paypal.jpg","width":150,"height":50,"caption":"Institut Europ\u00e9en des Musiques Juives"},"image":{"@id":"https:\/\/www.iemj.org\/en\/#\/schema\/logo\/image\/"},"sameAs":["https:\/\/www.facebook.com\/MusiquesJuives\/","https:\/\/www.instagram.com\/musiquesjuives\/","https:\/\/www.youtube.com\/user\/musiquesjuives"]},{"@type":"Person","@id":"https:\/\/www.iemj.org\/en\/#\/schema\/person\/c9bc1c386a3749579a2d675e72a18666","name":"Jean-Gabriel Davis","image":{"@type":"ImageObject","inLanguage":"en-US","@id":"https:\/\/secure.gravatar.com\/avatar\/2b90d67bdf392c9b3a21fab87c0fa7edaf1fb3a058172a1ffd61033fcec7aec1?s=96&d=mm&r=g","url":"https:\/\/secure.gravatar.com\/avatar\/2b90d67bdf392c9b3a21fab87c0fa7edaf1fb3a058172a1ffd61033fcec7aec1?s=96&d=mm&r=g","contentUrl":"https:\/\/secure.gravatar.com\/avatar\/2b90d67bdf392c9b3a21fab87c0fa7edaf1fb3a058172a1ffd61033fcec7aec1?s=96&d=mm&r=g","caption":"Jean-Gabriel Davis"}}]}},"_links":{"self":[{"href":"https:\/\/www.iemj.org\/en\/wp-json\/wp\/v2\/posts\/18876","targetHints":{"allow":["GET"]}}],"collection":[{"href":"https:\/\/www.iemj.org\/en\/wp-json\/wp\/v2\/posts"}],"about":[{"href":"https:\/\/www.iemj.org\/en\/wp-json\/wp\/v2\/types\/post"}],"author":[{"embeddable":true,"href":"https:\/\/www.iemj.org\/en\/wp-json\/wp\/v2\/users\/1048"}],"replies":[{"embeddable":true,"href":"https:\/\/www.iemj.org\/en\/wp-json\/wp\/v2\/comments?post=18876"}],"version-history":[{"count":0,"href":"https:\/\/www.iemj.org\/en\/wp-json\/wp\/v2\/posts\/18876\/revisions"}],"wp:featuredmedia":[{"embeddable":true,"href":"https:\/\/www.iemj.org\/en\/wp-json\/wp\/v2\/media\/18874"}],"wp:attachment":[{"href":"https:\/\/www.iemj.org\/en\/wp-json\/wp\/v2\/media?parent=18876"}],"wp:term":[{"taxonomy":"category","embeddable":true,"href":"https:\/\/www.iemj.org\/en\/wp-json\/wp\/v2\/categories?post=18876"},{"taxonomy":"post_tag","embeddable":true,"href":"https:\/\/www.iemj.org\/en\/wp-json\/wp\/v2\/tags?post=18876"},{"taxonomy":"technique","embeddable":true,"href":"https:\/\/www.iemj.org\/en\/wp-json\/wp\/v2\/technique?post=18876"},{"taxonomy":"squelettes","embeddable":true,"href":"https:\/\/www.iemj.org\/en\/wp-json\/wp\/v2\/squelettes?post=18876"},{"taxonomy":"sujet","embeddable":true,"href":"https:\/\/www.iemj.org\/en\/wp-json\/wp\/v2\/sujet?post=18876"},{"taxonomy":"formation","embeddable":true,"href":"https:\/\/www.iemj.org\/en\/wp-json\/wp\/v2\/formation?post=18876"},{"taxonomy":"genre","embeddable":true,"href":"https:\/\/www.iemj.org\/en\/wp-json\/wp\/v2\/genre?post=18876"},{"taxonomy":"fonds","embeddable":true,"href":"https:\/\/www.iemj.org\/en\/wp-json\/wp\/v2\/fonds?post=18876"},{"taxonomy":"tradition","embeddable":true,"href":"https:\/\/www.iemj.org\/en\/wp-json\/wp\/v2\/tradition?post=18876"},{"taxonomy":"type-de-contenu","embeddable":true,"href":"https:\/\/www.iemj.org\/en\/wp-json\/wp\/v2\/type-de-contenu?post=18876"},{"taxonomy":"interprete-compositeur","embeddable":true,"href":"https:\/\/www.iemj.org\/en\/wp-json\/wp\/v2\/interprete-compositeur?post=18876"},{"taxonomy":"frise","embeddable":true,"href":"https:\/\/www.iemj.org\/en\/wp-json\/wp\/v2\/frise?post=18876"},{"taxonomy":"type-devenement","embeddable":true,"href":"https:\/\/www.iemj.org\/en\/wp-json\/wp\/v2\/type-devenement?post=18876"},{"taxonomy":"tableaux-liens-externes","embeddable":true,"href":"https:\/\/www.iemj.org\/en\/wp-json\/wp\/v2\/tableaux-liens-externes?post=18876"}],"curies":[{"name":"wp","href":"https:\/\/api.w.org\/{rel}","templated":true}]}}