{"id":19579,"date":"2018-05-03T17:31:37","date_gmt":"2018-05-03T15:31:37","guid":{"rendered":"https:\/\/www.iemj.org\/2018\/05\/03\/la-discotheque-ideale-de-lamateur-eclaire-de-musiques-juives-yiddish-craddle-songs\/"},"modified":"2025-09-26T18:49:14","modified_gmt":"2025-09-26T16:49:14","slug":"la-discotheque-ideale-de-lamateur-eclaire-de-musiques-juives-yiddish-craddle-songs","status":"publish","type":"post","link":"https:\/\/www.iemj.org\/en\/la-discotheque-ideale-de-lamateur-eclaire-de-musiques-juives-yiddish-craddle-songs\/","title":{"rendered":"La discoth\u00e8que id\u00e9ale de l\u2019amateur \u00e9clair\u00e9 de musiques juives : Yiddish craddle songs"},"content":{"rendered":"<p class=\"post_excerpt\"><strong>La discoth\u00e8que id\u00e9ale de l\u2019amateur \u00e9clair\u00e9 de musiques juives &#8211; 2012, Radio SHALOM Montr\u00e9al (1650 AM)<\/strong><\/p>\n<p><!--more--><br \/>In this radio program dedicated to Yiddish craddle songs, H\u00e9l\u00e8ne Engel presents the album <a href=\"https:\/\/www.amazon.com\/Yiddish-Lullabies\/dp\/B0000019YG\"><em>Yiddish Lullabies<\/em><\/a> released in 1993 by the Israeli Music label Tamuz Records Ltd.<\/p>\n<p>This album gathers 17 Yiddish craddle songs sung by notorious performers such as Yossele Rosenblatt, Ben-Zion Witler or the Barry Sisters.<\/p>\n<p><img fetchpriority=\"high\" decoding=\"async\" class=\" aligncenter size-full wp-image-19513\" src=\"https:\/\/www.iemj.org\/wp-content\/uploads\/2018\/04\/capture-30.jpg\" alt=\"capture-30.jpg\" width=\"371\" height=\"373\" align=\"middle\" srcset=\"https:\/\/www.iemj.org\/wp-content\/uploads\/2018\/04\/capture-30.jpg 371w, https:\/\/www.iemj.org\/wp-content\/uploads\/2018\/04\/capture-30-298x300.jpg 298w, https:\/\/www.iemj.org\/wp-content\/uploads\/2018\/04\/capture-30-150x150.jpg 150w, https:\/\/www.iemj.org\/wp-content\/uploads\/2018\/04\/capture-30-100x100.jpg 100w\" sizes=\"(max-width: 371px) 100vw, 371px\" \/><\/p>\n<p><img decoding=\"async\" class=\" alignleft size-full wp-image-25908\" src=\"https:\/\/www.iemj.org\/wp-content\/uploads\/2019\/10\/h._engel_10mm.jpg\" alt=\"h._engel_10mm.jpg\" width=\"106\" height=\"118\" align=\"left\" \/><em><a href=\"https:\/\/www.iemj.org\/en\/engel-helene\/\" target=\"_blank\" rel=\"noopener\">H\u00e9l\u00e8ne Engel<\/a> is a singer, musicologist, author, composer and arranger. She is interested in all aspects of Jewish music, from the collecting of historical sounds to today\u2019s compositions. Based in Montreal, she hosts the radio show \u201d The hidden sides of Jewish Music\u201d on Radio SHALOM Montreal.<\/em><\/p>\n\n\n<h2 class=\"wp-block-heading\"><\/h2>\n\n\n<div class=\"wp-block-image\">\n<figure class=\"aligncenter size-large\"><img decoding=\"async\" width=\"1024\" height=\"133\" src=\"https:\/\/www.iemj.org\/wp-content\/uploads\/2024\/03\/AUDIO-PLAYER-1024x133.png\" alt=\"\" class=\"wp-image-110607\" srcset=\"https:\/\/www.iemj.org\/wp-content\/uploads\/2024\/03\/AUDIO-PLAYER-1024x133.png 1024w, https:\/\/www.iemj.org\/wp-content\/uploads\/2024\/03\/AUDIO-PLAYER-300x39.png 300w, https:\/\/www.iemj.org\/wp-content\/uploads\/2024\/03\/AUDIO-PLAYER-768x100.png 768w, https:\/\/www.iemj.org\/wp-content\/uploads\/2024\/03\/AUDIO-PLAYER-600x78.png 600w, https:\/\/www.iemj.org\/wp-content\/uploads\/2024\/03\/AUDIO-PLAYER.png 1210w\" sizes=\"(max-width: 1024px) 100vw, 1024px\" \/><\/figure>\n<\/div>\n\n\n<div class=\"wp-block-file\"><a href=\"https:\/\/www.iemj.org\/wp-content\/uploads\/2018\/04\/helene_engel_-_berceuses_yiddish_a.mp3\">Les berceuses yiddish (1\u00e8re partie) &#8211; H\u00e9l\u00e8ne Engel (Radio SHALOM Montr\u00e9al)<\/a><\/div>\n\n\n\n<div class=\"wp-block-file\"><a href=\"https:\/\/www.iemj.org\/wp-content\/uploads\/2018\/04\/helene_engel_-_berceuses_yiddish_b.mp3\">Les berceuses yiddish (2\u00e8me partie) &#8211; H\u00e9l\u00e8ne Engel (Radio SHALOM Montr\u00e9al)<\/a><\/div>\n\n\n\n<div class=\"wp-block-file\"><a href=\"https:\/\/www.iemj.org\/wp-content\/uploads\/2018\/04\/helene_engel_-_berceuses_yiddish_c.mp3\">Les berceuses yiddish (3\u00e8me partie) &#8211; H\u00e9l\u00e8ne Engel (Radio SHALOM Montr\u00e9al)<\/a><\/div>\n\n\n\n<div class=\"wp-block-file\"><a href=\"https:\/\/www.iemj.org\/wp-content\/uploads\/2018\/04\/helene_engel_-_berceuses_yiddish_d.mp3\">Les berceuses yiddish (4\u00e8me partie) &#8211; H\u00e9l\u00e8ne Engel (Radio SHALOM Montr\u00e9al)<\/a><\/div>\n","protected":false},"excerpt":{"rendered":"<p>La discoth\u00e8que id\u00e9ale de l\u2019amateur \u00e9clair\u00e9 de musiques juives &#8211; 2012, Radio SHALOM Montr\u00e9al (1650 AM)<\/p>\n","protected":false},"author":1048,"featured_media":19577,"comment_status":"closed","ping_status":"open","sticky":false,"template":"","format":"standard","meta":{"_acf_changed":false,"footnotes":""},"categories":[2163,899],"tags":[],"technique":[],"squelettes":[],"sujet":[],"formation":[],"genre":[4096],"fonds":[],"tradition":[],"type-de-contenu":[],"interprete-compositeur":[],"frise":[],"type-devenement":[],"tableaux-liens-externes":[],"class_list":["post-19579","post","type-post","status-publish","format-standard","has-post-thumbnail","hentry","category-helene-engels-programs-en","category-radio-programs-en","genre-childrens-song"],"acf":[],"yoast_head":"<!-- This site is optimized with the Yoast SEO plugin v27.3 - https:\/\/yoast.com\/product\/yoast-seo-wordpress\/ -->\n<title>La discoth\u00e8que id\u00e9ale de l\u2019amateur \u00e9clair\u00e9 de musiques juives : Yiddish craddle songs - Institut Europ\u00e9en des Musiques Juives<\/title>\n<meta name=\"robots\" content=\"index, follow, max-snippet:-1, max-image-preview:large, max-video-preview:-1\" \/>\n<link rel=\"canonical\" href=\"https:\/\/www.iemj.org\/en\/la-discotheque-ideale-de-lamateur-eclaire-de-musiques-juives-yiddish-craddle-songs\/\" \/>\n<meta property=\"og:locale\" content=\"en_US\" \/>\n<meta property=\"og:type\" content=\"article\" \/>\n<meta property=\"og:title\" content=\"La discoth\u00e8que id\u00e9ale de l\u2019amateur \u00e9clair\u00e9 de musiques juives : Yiddish craddle songs - Institut Europ\u00e9en des Musiques Juives\" \/>\n<meta property=\"og:description\" content=\"La discoth\u00e8que id\u00e9ale de l\u2019amateur \u00e9clair\u00e9 de musiques juives &#8211; 2012, Radio SHALOM Montr\u00e9al (1650 AM)\" \/>\n<meta property=\"og:url\" content=\"https:\/\/www.iemj.org\/en\/la-discotheque-ideale-de-lamateur-eclaire-de-musiques-juives-yiddish-craddle-songs\/\" \/>\n<meta property=\"og:site_name\" content=\"Institut Europ\u00e9en des Musiques Juives\" \/>\n<meta property=\"article:publisher\" content=\"https:\/\/www.facebook.com\/MusiquesJuives\/\" \/>\n<meta property=\"article:published_time\" content=\"2018-05-03T15:31:37+00:00\" \/>\n<meta property=\"article:modified_time\" content=\"2025-09-26T16:49:14+00:00\" \/>\n<meta property=\"og:image\" content=\"https:\/\/www.iemj.org\/wp-content\/uploads\/2018\/05\/arton3401.jpg\" \/>\n\t<meta property=\"og:image:width\" content=\"192\" \/>\n\t<meta property=\"og:image:height\" content=\"80\" \/>\n\t<meta property=\"og:image:type\" content=\"image\/jpeg\" \/>\n<meta name=\"author\" content=\"Jean-Gabriel Davis\" \/>\n<meta name=\"twitter:card\" content=\"summary_large_image\" \/>\n<meta name=\"twitter:label1\" content=\"Written by\" \/>\n\t<meta name=\"twitter:data1\" content=\"Jean-Gabriel Davis\" \/>\n\t<meta name=\"twitter:label2\" content=\"Est. reading time\" \/>\n\t<meta name=\"twitter:data2\" content=\"2 minutes\" \/>\n<script type=\"application\/ld+json\" class=\"yoast-schema-graph\">{\"@context\":\"https:\\\/\\\/schema.org\",\"@graph\":[{\"@type\":\"Article\",\"@id\":\"https:\\\/\\\/www.iemj.org\\\/en\\\/la-discotheque-ideale-de-lamateur-eclaire-de-musiques-juives-yiddish-craddle-songs\\\/#article\",\"isPartOf\":{\"@id\":\"https:\\\/\\\/www.iemj.org\\\/en\\\/la-discotheque-ideale-de-lamateur-eclaire-de-musiques-juives-yiddish-craddle-songs\\\/\"},\"author\":{\"name\":\"Jean-Gabriel Davis\",\"@id\":\"https:\\\/\\\/www.iemj.org\\\/en\\\/#\\\/schema\\\/person\\\/c9bc1c386a3749579a2d675e72a18666\"},\"headline\":\"La discoth\u00e8que id\u00e9ale de l\u2019amateur \u00e9clair\u00e9 de musiques juives : Yiddish craddle songs\",\"datePublished\":\"2018-05-03T15:31:37+00:00\",\"dateModified\":\"2025-09-26T16:49:14+00:00\",\"mainEntityOfPage\":{\"@id\":\"https:\\\/\\\/www.iemj.org\\\/en\\\/la-discotheque-ideale-de-lamateur-eclaire-de-musiques-juives-yiddish-craddle-songs\\\/\"},\"wordCount\":186,\"publisher\":{\"@id\":\"https:\\\/\\\/www.iemj.org\\\/en\\\/#organization\"},\"image\":{\"@id\":\"https:\\\/\\\/www.iemj.org\\\/en\\\/la-discotheque-ideale-de-lamateur-eclaire-de-musiques-juives-yiddish-craddle-songs\\\/#primaryimage\"},\"thumbnailUrl\":\"https:\\\/\\\/www.iemj.org\\\/wp-content\\\/uploads\\\/2018\\\/05\\\/arton3401.jpg\",\"articleSection\":[\"H\u00e9l\u00e8ne Engel's Programs\",\"Radio programs\"],\"inLanguage\":\"en-US\"},{\"@type\":\"WebPage\",\"@id\":\"https:\\\/\\\/www.iemj.org\\\/en\\\/la-discotheque-ideale-de-lamateur-eclaire-de-musiques-juives-yiddish-craddle-songs\\\/\",\"url\":\"https:\\\/\\\/www.iemj.org\\\/en\\\/la-discotheque-ideale-de-lamateur-eclaire-de-musiques-juives-yiddish-craddle-songs\\\/\",\"name\":\"La discoth\u00e8que id\u00e9ale de l\u2019amateur \u00e9clair\u00e9 de musiques juives : Yiddish craddle songs - Institut Europ\u00e9en des Musiques Juives\",\"isPartOf\":{\"@id\":\"https:\\\/\\\/www.iemj.org\\\/en\\\/#website\"},\"primaryImageOfPage\":{\"@id\":\"https:\\\/\\\/www.iemj.org\\\/en\\\/la-discotheque-ideale-de-lamateur-eclaire-de-musiques-juives-yiddish-craddle-songs\\\/#primaryimage\"},\"image\":{\"@id\":\"https:\\\/\\\/www.iemj.org\\\/en\\\/la-discotheque-ideale-de-lamateur-eclaire-de-musiques-juives-yiddish-craddle-songs\\\/#primaryimage\"},\"thumbnailUrl\":\"https:\\\/\\\/www.iemj.org\\\/wp-content\\\/uploads\\\/2018\\\/05\\\/arton3401.jpg\",\"datePublished\":\"2018-05-03T15:31:37+00:00\",\"dateModified\":\"2025-09-26T16:49:14+00:00\",\"breadcrumb\":{\"@id\":\"https:\\\/\\\/www.iemj.org\\\/en\\\/la-discotheque-ideale-de-lamateur-eclaire-de-musiques-juives-yiddish-craddle-songs\\\/#breadcrumb\"},\"inLanguage\":\"en-US\",\"potentialAction\":[{\"@type\":\"ReadAction\",\"target\":[\"https:\\\/\\\/www.iemj.org\\\/en\\\/la-discotheque-ideale-de-lamateur-eclaire-de-musiques-juives-yiddish-craddle-songs\\\/\"]}]},{\"@type\":\"ImageObject\",\"inLanguage\":\"en-US\",\"@id\":\"https:\\\/\\\/www.iemj.org\\\/en\\\/la-discotheque-ideale-de-lamateur-eclaire-de-musiques-juives-yiddish-craddle-songs\\\/#primaryimage\",\"url\":\"https:\\\/\\\/www.iemj.org\\\/wp-content\\\/uploads\\\/2018\\\/05\\\/arton3401.jpg\",\"contentUrl\":\"https:\\\/\\\/www.iemj.org\\\/wp-content\\\/uploads\\\/2018\\\/05\\\/arton3401.jpg\",\"width\":192,\"height\":80},{\"@type\":\"BreadcrumbList\",\"@id\":\"https:\\\/\\\/www.iemj.org\\\/en\\\/la-discotheque-ideale-de-lamateur-eclaire-de-musiques-juives-yiddish-craddle-songs\\\/#breadcrumb\",\"itemListElement\":[{\"@type\":\"ListItem\",\"position\":1,\"name\":\"Accueil\",\"item\":\"https:\\\/\\\/www.iemj.org\\\/en\\\/\"},{\"@type\":\"ListItem\",\"position\":2,\"name\":\"La discoth\u00e8que id\u00e9ale de l\u2019amateur \u00e9clair\u00e9 de musiques juives : Yiddish craddle songs\"}]},{\"@type\":\"WebSite\",\"@id\":\"https:\\\/\\\/www.iemj.org\\\/en\\\/#website\",\"url\":\"https:\\\/\\\/www.iemj.org\\\/en\\\/\",\"name\":\"Institut Europ\u00e9en des Musiques Juives\",\"description\":\"Des traditions musicales \u00e0 la port\u00e9e de tous\",\"publisher\":{\"@id\":\"https:\\\/\\\/www.iemj.org\\\/en\\\/#organization\"},\"potentialAction\":[{\"@type\":\"SearchAction\",\"target\":{\"@type\":\"EntryPoint\",\"urlTemplate\":\"https:\\\/\\\/www.iemj.org\\\/en\\\/?s={search_term_string}\"},\"query-input\":{\"@type\":\"PropertyValueSpecification\",\"valueRequired\":true,\"valueName\":\"search_term_string\"}}],\"inLanguage\":\"en-US\"},{\"@type\":\"Organization\",\"@id\":\"https:\\\/\\\/www.iemj.org\\\/en\\\/#organization\",\"name\":\"Institut Europ\u00e9en des Musiques Juives\",\"url\":\"https:\\\/\\\/www.iemj.org\\\/en\\\/\",\"logo\":{\"@type\":\"ImageObject\",\"inLanguage\":\"en-US\",\"@id\":\"https:\\\/\\\/www.iemj.org\\\/en\\\/#\\\/schema\\\/logo\\\/image\\\/\",\"url\":\"https:\\\/\\\/www.iemj.org\\\/wp-content\\\/uploads\\\/2021\\\/09\\\/Logo-IEMJ-Paypal.jpg\",\"contentUrl\":\"https:\\\/\\\/www.iemj.org\\\/wp-content\\\/uploads\\\/2021\\\/09\\\/Logo-IEMJ-Paypal.jpg\",\"width\":150,\"height\":50,\"caption\":\"Institut Europ\u00e9en des Musiques Juives\"},\"image\":{\"@id\":\"https:\\\/\\\/www.iemj.org\\\/en\\\/#\\\/schema\\\/logo\\\/image\\\/\"},\"sameAs\":[\"https:\\\/\\\/www.facebook.com\\\/MusiquesJuives\\\/\",\"https:\\\/\\\/www.instagram.com\\\/musiquesjuives\\\/\",\"https:\\\/\\\/www.youtube.com\\\/user\\\/musiquesjuives\"]},{\"@type\":\"Person\",\"@id\":\"https:\\\/\\\/www.iemj.org\\\/en\\\/#\\\/schema\\\/person\\\/c9bc1c386a3749579a2d675e72a18666\",\"name\":\"Jean-Gabriel Davis\",\"image\":{\"@type\":\"ImageObject\",\"inLanguage\":\"en-US\",\"@id\":\"https:\\\/\\\/secure.gravatar.com\\\/avatar\\\/2b90d67bdf392c9b3a21fab87c0fa7edaf1fb3a058172a1ffd61033fcec7aec1?s=96&d=mm&r=g\",\"url\":\"https:\\\/\\\/secure.gravatar.com\\\/avatar\\\/2b90d67bdf392c9b3a21fab87c0fa7edaf1fb3a058172a1ffd61033fcec7aec1?s=96&d=mm&r=g\",\"contentUrl\":\"https:\\\/\\\/secure.gravatar.com\\\/avatar\\\/2b90d67bdf392c9b3a21fab87c0fa7edaf1fb3a058172a1ffd61033fcec7aec1?s=96&d=mm&r=g\",\"caption\":\"Jean-Gabriel Davis\"}}]}<\/script>\n<!-- \/ Yoast SEO plugin. -->","yoast_head_json":{"title":"La discoth\u00e8que id\u00e9ale de l\u2019amateur \u00e9clair\u00e9 de musiques juives : Yiddish craddle songs - Institut Europ\u00e9en des Musiques Juives","robots":{"index":"index","follow":"follow","max-snippet":"max-snippet:-1","max-image-preview":"max-image-preview:large","max-video-preview":"max-video-preview:-1"},"canonical":"https:\/\/www.iemj.org\/en\/la-discotheque-ideale-de-lamateur-eclaire-de-musiques-juives-yiddish-craddle-songs\/","og_locale":"en_US","og_type":"article","og_title":"La discoth\u00e8que id\u00e9ale de l\u2019amateur \u00e9clair\u00e9 de musiques juives : Yiddish craddle songs - Institut Europ\u00e9en des Musiques Juives","og_description":"La discoth\u00e8que id\u00e9ale de l\u2019amateur \u00e9clair\u00e9 de musiques juives &#8211; 2012, Radio SHALOM Montr\u00e9al (1650 AM)","og_url":"https:\/\/www.iemj.org\/en\/la-discotheque-ideale-de-lamateur-eclaire-de-musiques-juives-yiddish-craddle-songs\/","og_site_name":"Institut Europ\u00e9en des Musiques Juives","article_publisher":"https:\/\/www.facebook.com\/MusiquesJuives\/","article_published_time":"2018-05-03T15:31:37+00:00","article_modified_time":"2025-09-26T16:49:14+00:00","og_image":[{"width":192,"height":80,"url":"https:\/\/www.iemj.org\/wp-content\/uploads\/2018\/05\/arton3401.jpg","type":"image\/jpeg"}],"author":"Jean-Gabriel Davis","twitter_card":"summary_large_image","twitter_misc":{"Written by":"Jean-Gabriel Davis","Est. reading time":"2 minutes"},"schema":{"@context":"https:\/\/schema.org","@graph":[{"@type":"Article","@id":"https:\/\/www.iemj.org\/en\/la-discotheque-ideale-de-lamateur-eclaire-de-musiques-juives-yiddish-craddle-songs\/#article","isPartOf":{"@id":"https:\/\/www.iemj.org\/en\/la-discotheque-ideale-de-lamateur-eclaire-de-musiques-juives-yiddish-craddle-songs\/"},"author":{"name":"Jean-Gabriel Davis","@id":"https:\/\/www.iemj.org\/en\/#\/schema\/person\/c9bc1c386a3749579a2d675e72a18666"},"headline":"La discoth\u00e8que id\u00e9ale de l\u2019amateur \u00e9clair\u00e9 de musiques juives : Yiddish craddle songs","datePublished":"2018-05-03T15:31:37+00:00","dateModified":"2025-09-26T16:49:14+00:00","mainEntityOfPage":{"@id":"https:\/\/www.iemj.org\/en\/la-discotheque-ideale-de-lamateur-eclaire-de-musiques-juives-yiddish-craddle-songs\/"},"wordCount":186,"publisher":{"@id":"https:\/\/www.iemj.org\/en\/#organization"},"image":{"@id":"https:\/\/www.iemj.org\/en\/la-discotheque-ideale-de-lamateur-eclaire-de-musiques-juives-yiddish-craddle-songs\/#primaryimage"},"thumbnailUrl":"https:\/\/www.iemj.org\/wp-content\/uploads\/2018\/05\/arton3401.jpg","articleSection":["H\u00e9l\u00e8ne Engel's Programs","Radio programs"],"inLanguage":"en-US"},{"@type":"WebPage","@id":"https:\/\/www.iemj.org\/en\/la-discotheque-ideale-de-lamateur-eclaire-de-musiques-juives-yiddish-craddle-songs\/","url":"https:\/\/www.iemj.org\/en\/la-discotheque-ideale-de-lamateur-eclaire-de-musiques-juives-yiddish-craddle-songs\/","name":"La discoth\u00e8que id\u00e9ale de l\u2019amateur \u00e9clair\u00e9 de musiques juives : Yiddish craddle songs - Institut Europ\u00e9en des Musiques Juives","isPartOf":{"@id":"https:\/\/www.iemj.org\/en\/#website"},"primaryImageOfPage":{"@id":"https:\/\/www.iemj.org\/en\/la-discotheque-ideale-de-lamateur-eclaire-de-musiques-juives-yiddish-craddle-songs\/#primaryimage"},"image":{"@id":"https:\/\/www.iemj.org\/en\/la-discotheque-ideale-de-lamateur-eclaire-de-musiques-juives-yiddish-craddle-songs\/#primaryimage"},"thumbnailUrl":"https:\/\/www.iemj.org\/wp-content\/uploads\/2018\/05\/arton3401.jpg","datePublished":"2018-05-03T15:31:37+00:00","dateModified":"2025-09-26T16:49:14+00:00","breadcrumb":{"@id":"https:\/\/www.iemj.org\/en\/la-discotheque-ideale-de-lamateur-eclaire-de-musiques-juives-yiddish-craddle-songs\/#breadcrumb"},"inLanguage":"en-US","potentialAction":[{"@type":"ReadAction","target":["https:\/\/www.iemj.org\/en\/la-discotheque-ideale-de-lamateur-eclaire-de-musiques-juives-yiddish-craddle-songs\/"]}]},{"@type":"ImageObject","inLanguage":"en-US","@id":"https:\/\/www.iemj.org\/en\/la-discotheque-ideale-de-lamateur-eclaire-de-musiques-juives-yiddish-craddle-songs\/#primaryimage","url":"https:\/\/www.iemj.org\/wp-content\/uploads\/2018\/05\/arton3401.jpg","contentUrl":"https:\/\/www.iemj.org\/wp-content\/uploads\/2018\/05\/arton3401.jpg","width":192,"height":80},{"@type":"BreadcrumbList","@id":"https:\/\/www.iemj.org\/en\/la-discotheque-ideale-de-lamateur-eclaire-de-musiques-juives-yiddish-craddle-songs\/#breadcrumb","itemListElement":[{"@type":"ListItem","position":1,"name":"Accueil","item":"https:\/\/www.iemj.org\/en\/"},{"@type":"ListItem","position":2,"name":"La discoth\u00e8que id\u00e9ale de l\u2019amateur \u00e9clair\u00e9 de musiques juives : Yiddish craddle songs"}]},{"@type":"WebSite","@id":"https:\/\/www.iemj.org\/en\/#website","url":"https:\/\/www.iemj.org\/en\/","name":"Institut Europ\u00e9en des Musiques Juives","description":"Des traditions musicales \u00e0 la port\u00e9e de tous","publisher":{"@id":"https:\/\/www.iemj.org\/en\/#organization"},"potentialAction":[{"@type":"SearchAction","target":{"@type":"EntryPoint","urlTemplate":"https:\/\/www.iemj.org\/en\/?s={search_term_string}"},"query-input":{"@type":"PropertyValueSpecification","valueRequired":true,"valueName":"search_term_string"}}],"inLanguage":"en-US"},{"@type":"Organization","@id":"https:\/\/www.iemj.org\/en\/#organization","name":"Institut Europ\u00e9en des Musiques Juives","url":"https:\/\/www.iemj.org\/en\/","logo":{"@type":"ImageObject","inLanguage":"en-US","@id":"https:\/\/www.iemj.org\/en\/#\/schema\/logo\/image\/","url":"https:\/\/www.iemj.org\/wp-content\/uploads\/2021\/09\/Logo-IEMJ-Paypal.jpg","contentUrl":"https:\/\/www.iemj.org\/wp-content\/uploads\/2021\/09\/Logo-IEMJ-Paypal.jpg","width":150,"height":50,"caption":"Institut Europ\u00e9en des Musiques Juives"},"image":{"@id":"https:\/\/www.iemj.org\/en\/#\/schema\/logo\/image\/"},"sameAs":["https:\/\/www.facebook.com\/MusiquesJuives\/","https:\/\/www.instagram.com\/musiquesjuives\/","https:\/\/www.youtube.com\/user\/musiquesjuives"]},{"@type":"Person","@id":"https:\/\/www.iemj.org\/en\/#\/schema\/person\/c9bc1c386a3749579a2d675e72a18666","name":"Jean-Gabriel Davis","image":{"@type":"ImageObject","inLanguage":"en-US","@id":"https:\/\/secure.gravatar.com\/avatar\/2b90d67bdf392c9b3a21fab87c0fa7edaf1fb3a058172a1ffd61033fcec7aec1?s=96&d=mm&r=g","url":"https:\/\/secure.gravatar.com\/avatar\/2b90d67bdf392c9b3a21fab87c0fa7edaf1fb3a058172a1ffd61033fcec7aec1?s=96&d=mm&r=g","contentUrl":"https:\/\/secure.gravatar.com\/avatar\/2b90d67bdf392c9b3a21fab87c0fa7edaf1fb3a058172a1ffd61033fcec7aec1?s=96&d=mm&r=g","caption":"Jean-Gabriel Davis"}}]}},"_links":{"self":[{"href":"https:\/\/www.iemj.org\/en\/wp-json\/wp\/v2\/posts\/19579","targetHints":{"allow":["GET"]}}],"collection":[{"href":"https:\/\/www.iemj.org\/en\/wp-json\/wp\/v2\/posts"}],"about":[{"href":"https:\/\/www.iemj.org\/en\/wp-json\/wp\/v2\/types\/post"}],"author":[{"embeddable":true,"href":"https:\/\/www.iemj.org\/en\/wp-json\/wp\/v2\/users\/1048"}],"replies":[{"embeddable":true,"href":"https:\/\/www.iemj.org\/en\/wp-json\/wp\/v2\/comments?post=19579"}],"version-history":[{"count":0,"href":"https:\/\/www.iemj.org\/en\/wp-json\/wp\/v2\/posts\/19579\/revisions"}],"wp:featuredmedia":[{"embeddable":true,"href":"https:\/\/www.iemj.org\/en\/wp-json\/wp\/v2\/media\/19577"}],"wp:attachment":[{"href":"https:\/\/www.iemj.org\/en\/wp-json\/wp\/v2\/media?parent=19579"}],"wp:term":[{"taxonomy":"category","embeddable":true,"href":"https:\/\/www.iemj.org\/en\/wp-json\/wp\/v2\/categories?post=19579"},{"taxonomy":"post_tag","embeddable":true,"href":"https:\/\/www.iemj.org\/en\/wp-json\/wp\/v2\/tags?post=19579"},{"taxonomy":"technique","embeddable":true,"href":"https:\/\/www.iemj.org\/en\/wp-json\/wp\/v2\/technique?post=19579"},{"taxonomy":"squelettes","embeddable":true,"href":"https:\/\/www.iemj.org\/en\/wp-json\/wp\/v2\/squelettes?post=19579"},{"taxonomy":"sujet","embeddable":true,"href":"https:\/\/www.iemj.org\/en\/wp-json\/wp\/v2\/sujet?post=19579"},{"taxonomy":"formation","embeddable":true,"href":"https:\/\/www.iemj.org\/en\/wp-json\/wp\/v2\/formation?post=19579"},{"taxonomy":"genre","embeddable":true,"href":"https:\/\/www.iemj.org\/en\/wp-json\/wp\/v2\/genre?post=19579"},{"taxonomy":"fonds","embeddable":true,"href":"https:\/\/www.iemj.org\/en\/wp-json\/wp\/v2\/fonds?post=19579"},{"taxonomy":"tradition","embeddable":true,"href":"https:\/\/www.iemj.org\/en\/wp-json\/wp\/v2\/tradition?post=19579"},{"taxonomy":"type-de-contenu","embeddable":true,"href":"https:\/\/www.iemj.org\/en\/wp-json\/wp\/v2\/type-de-contenu?post=19579"},{"taxonomy":"interprete-compositeur","embeddable":true,"href":"https:\/\/www.iemj.org\/en\/wp-json\/wp\/v2\/interprete-compositeur?post=19579"},{"taxonomy":"frise","embeddable":true,"href":"https:\/\/www.iemj.org\/en\/wp-json\/wp\/v2\/frise?post=19579"},{"taxonomy":"type-devenement","embeddable":true,"href":"https:\/\/www.iemj.org\/en\/wp-json\/wp\/v2\/type-devenement?post=19579"},{"taxonomy":"tableaux-liens-externes","embeddable":true,"href":"https:\/\/www.iemj.org\/en\/wp-json\/wp\/v2\/tableaux-liens-externes?post=19579"}],"curies":[{"name":"wp","href":"https:\/\/api.w.org\/{rel}","templated":true}]}}