{"id":19799,"date":"2018-05-24T11:59:19","date_gmt":"2018-05-24T09:59:19","guid":{"rendered":"https:\/\/www.iemj.org\/2018\/05\/24\/festival-of-jewish-cultures-2018-together\/"},"modified":"2018-05-24T11:59:19","modified_gmt":"2018-05-24T09:59:19","slug":"festival-of-jewish-cultures-2018-together","status":"publish","type":"post","link":"https:\/\/www.iemj.org\/en\/festival-of-jewish-cultures-2018-together\/","title":{"rendered":"Festival of Jewish Cultures 2018 &#8211; &#8220;Together&#8221;"},"content":{"rendered":"<p>From the 10th to the 25th June 2018, the Festival of Jewish Cultures offers a multi disciplinary program (concerts, films, conferences, exhibitions, workshops&#8230;) aimed to make discover the richness and diversity of Jewish Cultures, in a spirit of openness, dialogue and intercultural exchanges.. <strong>Musical program below<\/strong><\/p>\n<p>The theme of the Festival of Jewish Cultures 2018 is : TOGETHER.<\/p>\n<p>Why? Because, for this edition, the festival participates in the France-Israel season 2018 with the intention to offer the most beautiful, joyful, imaginative and daring in the fields of arts, photography, music, theatre, literature, cinema, gastronomy&#8230;<\/p>\n<p>The Festival of Jewish Cultures is settled in Paris. For 14 years now, it offers to the 15 000 people that come to it a blending of disciplines and cultures.<\/p>\n<p><strong>Program of concerts and conferences :<\/strong><\/p>\n<p>&#8211; <strong><a href=\"https:\/\/www.iemj.org\/liemj-a-la-journee-des-associations-2\/\">Sunday June 10th 2018, from 11 am to 6 pm &#8211; Day of the Associations<\/a><\/strong> &#8211; <em>the EIJM will be there!<\/em><br \/>\n&#8211; <a href=\"https:\/\/www.iemj.org\/karolina-cicha-chants-juifs-de-la-pologne-orientale\/\">Sunday June 10th 2018 &#8211; 8h30 pm &#8211; Concert &#8211; Karolina Cicha &#8211; Jewish songs of Eastern Poland<\/a><br \/>\n&#8211; <a href=\"https:\/\/www.iemj.org\/la-nature-en-musique-recital-piano\/\">Monday June 1tth 2018 &#8211; 19h30 &#8211; Nature in music \u2013 Piano concert<\/a><br \/>\n&#8211; <a href=\"https:\/\/www.iemj.org\/lexcellence-classique-concert-douverture\/\">Tuesday June 12th 2018 &#8211; 8 pm &#8211; L\u2019excellence classique : Concert d\u2019ouverture<\/a><br \/>\n&#8211; <strong><a href=\"https:\/\/www.iemj.org\/conference-on-the-hatikva-lyrical-odyssey-history-and-origins-of-the-israeli-national-anthem\/\">Wednesday June 13th &#8211; 6 pm &#8211; Conference HATIKVA &#8211; Lyrical Odyssey, History and origins of the Israeli national hymn, proposed by the EIJM<\/a><\/strong> &#8211; <em>Conference proposed by the EIJM<\/em><br \/>\n&#8211; <a href=\"https:\/\/www.iemj.org\/disrael-et-de-france-chorale-et-musique-de-chambre\/\">Wednesday June 13th 2018 &#8211; 8h30 pm \u2013 From Israel to France : Choral and Chanmber music<\/a><br \/>\n&#8211; <a href=\"https:\/\/www.iemj.org\/lamour-en-yiddish-yiddish-tog\/\">Sunday June 17th 2018 &#8211; 8h30 pm \u2013 Love in Yiddish \u2013 Yiddish Tog<\/a><br \/>\n&#8211; <a href=\"https:\/\/www.iemj.org\/orphaned-land\/\">Sunday June 17th 2018 &#8211; 8h30 pm ***The OFFF Festival*** &#8211; Orphaned Land<\/a><br \/>\n&#8211; <a href=\"https:\/\/www.iemj.org\/endjuntos-concert-djoyas-de-mar\/\">Tuesday June 19th 2018 &#8211; 7h30 pm &#8211; Endjuntos ! Concert &#8220;Djoyas de Mar&#8221;<\/a><br \/>\n&#8211; <a href=\"https:\/\/www.iemj.org\/concert-tal-tali\/\">Wednesday June 20th 2018 &#8211; 8h30 pm \u2013 Concert Tal &#038; Tali<\/a><br \/>\n&#8211;<strong> <a href=\"https:\/\/www.iemj.org\/le-sablier-du-temps-un-voyage-musical-au-coeur-de-lame-juive\/\">Thursday June 21st 2018 &#8211; 6 pm &#8211; &#8220;The Hourglass &#8211; A musical voyage through the Jewish soul&#8221;<\/a><\/strong> &#8211; <em>Concert proposed by the EIJM<\/em><br \/>\n&#8211; <a href=\"https:\/\/www.iemj.org\/concert-fete-de-la-musique-boogie-balagan-invites\/\">Thursday June 21st 2018 &#8211; 9 pm &#8211; Concert f\u00eate de la musique Boogie Balagan &#038; invit\u00e9s<\/a><br \/>\n&#8211; <a href=\"https:\/\/www.iemj.org\/chantons-ensemble-rencontre-des-chorales\/\">Sunday June 24th 2018 &#8211; from 11h30 am to 6 pm &#8211; let&#8217;s sing together ! Meeting of the Jewish Choirs<\/a><br \/>\n&#8211; <a href=\"https:\/\/www.iemj.org\/yael-miller\/\">Sunday June 24th 2018 &#8211; 8h30 pm ***The OFFF Festival*** &#8211; Ya\u00ebl Miller<\/a><br \/>\n&#8211; <a href=\"https:\/\/www.iemj.org\/carte-blanche-a-yaron-herman-concert-de-cloture\/\">Monday June 25th 2018 8 pm &#8211; Carte blanche to Yaron Herman \u2013 Final concert<\/a><\/p>\n<p><a href=\"https:\/\/www.calameo.com\/books\/000057179cba11de39a51\">Look at the program<\/a><\/p>\n","protected":false},"excerpt":{"rendered":"<p>From the 10th to the 25th June 2018, the Festival of Jewish Cultures offers a multi disciplinary program (concerts, films, conferences, exhibitions, workshops&#8230;) aimed to make discover the richness and<\/p>\n","protected":false},"author":1048,"featured_media":19797,"comment_status":"closed","ping_status":"open","sticky":false,"template":"","format":"standard","meta":{"_acf_changed":false,"footnotes":""},"categories":[811],"tags":[],"technique":[],"squelettes":[],"sujet":[],"formation":[],"genre":[],"fonds":[],"tradition":[],"type-de-contenu":[],"interprete-compositeur":[],"frise":[],"type-devenement":[],"tableaux-liens-externes":[],"class_list":["post-19799","post","type-post","status-publish","format-standard","has-post-thumbnail","hentry","category-actualites"],"acf":[],"yoast_head":"<!-- This site is optimized with the Yoast SEO plugin v27.3 - https:\/\/yoast.com\/product\/yoast-seo-wordpress\/ -->\n<title>Festival of Jewish Cultures 2018 - &quot;Together&quot; - Institut Europ\u00e9en des Musiques Juives<\/title>\n<meta name=\"robots\" content=\"index, follow, max-snippet:-1, max-image-preview:large, max-video-preview:-1\" \/>\n<link rel=\"canonical\" href=\"https:\/\/www.iemj.org\/en\/festival-of-jewish-cultures-2018-together\/\" \/>\n<meta property=\"og:locale\" content=\"en_US\" \/>\n<meta property=\"og:type\" content=\"article\" \/>\n<meta property=\"og:title\" content=\"Festival of Jewish Cultures 2018 - &quot;Together&quot; - Institut Europ\u00e9en des Musiques Juives\" \/>\n<meta property=\"og:description\" content=\"From the 10th to the 25th June 2018, the Festival of Jewish Cultures offers a multi disciplinary program (concerts, films, conferences, exhibitions, workshops&#8230;) aimed to make discover the richness and\" \/>\n<meta property=\"og:url\" content=\"https:\/\/www.iemj.org\/en\/festival-of-jewish-cultures-2018-together\/\" \/>\n<meta property=\"og:site_name\" content=\"Institut Europ\u00e9en des Musiques Juives\" \/>\n<meta property=\"article:publisher\" content=\"https:\/\/www.facebook.com\/MusiquesJuives\/\" \/>\n<meta property=\"article:published_time\" content=\"2018-05-24T09:59:19+00:00\" \/>\n<meta property=\"og:image\" content=\"https:\/\/www.iemj.org\/wp-content\/uploads\/2018\/05\/arton3449.jpg\" \/>\n\t<meta property=\"og:image:width\" content=\"427\" \/>\n\t<meta property=\"og:image:height\" content=\"556\" \/>\n\t<meta property=\"og:image:type\" content=\"image\/jpeg\" \/>\n<meta name=\"author\" content=\"Jean-Gabriel Davis\" \/>\n<meta name=\"twitter:card\" content=\"summary_large_image\" \/>\n<meta name=\"twitter:label1\" content=\"Written by\" \/>\n\t<meta name=\"twitter:data1\" content=\"Jean-Gabriel Davis\" \/>\n\t<meta name=\"twitter:label2\" content=\"Est. reading time\" \/>\n\t<meta name=\"twitter:data2\" content=\"2 minutes\" \/>\n<script type=\"application\/ld+json\" class=\"yoast-schema-graph\">{\"@context\":\"https:\\\/\\\/schema.org\",\"@graph\":[{\"@type\":\"Article\",\"@id\":\"https:\\\/\\\/www.iemj.org\\\/en\\\/festival-of-jewish-cultures-2018-together\\\/#article\",\"isPartOf\":{\"@id\":\"https:\\\/\\\/www.iemj.org\\\/en\\\/festival-of-jewish-cultures-2018-together\\\/\"},\"author\":{\"name\":\"Jean-Gabriel Davis\",\"@id\":\"https:\\\/\\\/www.iemj.org\\\/en\\\/#\\\/schema\\\/person\\\/c9bc1c386a3749579a2d675e72a18666\"},\"headline\":\"Festival of Jewish Cultures 2018 &#8211; &#8220;Together&#8221;\",\"datePublished\":\"2018-05-24T09:59:19+00:00\",\"mainEntityOfPage\":{\"@id\":\"https:\\\/\\\/www.iemj.org\\\/en\\\/festival-of-jewish-cultures-2018-together\\\/\"},\"wordCount\":374,\"publisher\":{\"@id\":\"https:\\\/\\\/www.iemj.org\\\/en\\\/#organization\"},\"image\":{\"@id\":\"https:\\\/\\\/www.iemj.org\\\/en\\\/festival-of-jewish-cultures-2018-together\\\/#primaryimage\"},\"thumbnailUrl\":\"https:\\\/\\\/www.iemj.org\\\/wp-content\\\/uploads\\\/2018\\\/05\\\/arton3449.jpg\",\"articleSection\":[\"Actualit\u00e9s\"],\"inLanguage\":\"en-US\"},{\"@type\":\"WebPage\",\"@id\":\"https:\\\/\\\/www.iemj.org\\\/en\\\/festival-of-jewish-cultures-2018-together\\\/\",\"url\":\"https:\\\/\\\/www.iemj.org\\\/en\\\/festival-of-jewish-cultures-2018-together\\\/\",\"name\":\"Festival of Jewish Cultures 2018 - \\\"Together\\\" - Institut Europ\u00e9en des Musiques Juives\",\"isPartOf\":{\"@id\":\"https:\\\/\\\/www.iemj.org\\\/en\\\/#website\"},\"primaryImageOfPage\":{\"@id\":\"https:\\\/\\\/www.iemj.org\\\/en\\\/festival-of-jewish-cultures-2018-together\\\/#primaryimage\"},\"image\":{\"@id\":\"https:\\\/\\\/www.iemj.org\\\/en\\\/festival-of-jewish-cultures-2018-together\\\/#primaryimage\"},\"thumbnailUrl\":\"https:\\\/\\\/www.iemj.org\\\/wp-content\\\/uploads\\\/2018\\\/05\\\/arton3449.jpg\",\"datePublished\":\"2018-05-24T09:59:19+00:00\",\"breadcrumb\":{\"@id\":\"https:\\\/\\\/www.iemj.org\\\/en\\\/festival-of-jewish-cultures-2018-together\\\/#breadcrumb\"},\"inLanguage\":\"en-US\",\"potentialAction\":[{\"@type\":\"ReadAction\",\"target\":[\"https:\\\/\\\/www.iemj.org\\\/en\\\/festival-of-jewish-cultures-2018-together\\\/\"]}]},{\"@type\":\"ImageObject\",\"inLanguage\":\"en-US\",\"@id\":\"https:\\\/\\\/www.iemj.org\\\/en\\\/festival-of-jewish-cultures-2018-together\\\/#primaryimage\",\"url\":\"https:\\\/\\\/www.iemj.org\\\/wp-content\\\/uploads\\\/2018\\\/05\\\/arton3449.jpg\",\"contentUrl\":\"https:\\\/\\\/www.iemj.org\\\/wp-content\\\/uploads\\\/2018\\\/05\\\/arton3449.jpg\",\"width\":427,\"height\":556},{\"@type\":\"BreadcrumbList\",\"@id\":\"https:\\\/\\\/www.iemj.org\\\/en\\\/festival-of-jewish-cultures-2018-together\\\/#breadcrumb\",\"itemListElement\":[{\"@type\":\"ListItem\",\"position\":1,\"name\":\"Accueil\",\"item\":\"https:\\\/\\\/www.iemj.org\\\/en\\\/\"},{\"@type\":\"ListItem\",\"position\":2,\"name\":\"Festival of Jewish Cultures 2018 &#8211; &#8220;Together&#8221;\"}]},{\"@type\":\"WebSite\",\"@id\":\"https:\\\/\\\/www.iemj.org\\\/en\\\/#website\",\"url\":\"https:\\\/\\\/www.iemj.org\\\/en\\\/\",\"name\":\"Institut Europ\u00e9en des Musiques Juives\",\"description\":\"Des traditions musicales \u00e0 la port\u00e9e de tous\",\"publisher\":{\"@id\":\"https:\\\/\\\/www.iemj.org\\\/en\\\/#organization\"},\"potentialAction\":[{\"@type\":\"SearchAction\",\"target\":{\"@type\":\"EntryPoint\",\"urlTemplate\":\"https:\\\/\\\/www.iemj.org\\\/en\\\/?s={search_term_string}\"},\"query-input\":{\"@type\":\"PropertyValueSpecification\",\"valueRequired\":true,\"valueName\":\"search_term_string\"}}],\"inLanguage\":\"en-US\"},{\"@type\":\"Organization\",\"@id\":\"https:\\\/\\\/www.iemj.org\\\/en\\\/#organization\",\"name\":\"Institut Europ\u00e9en des Musiques Juives\",\"url\":\"https:\\\/\\\/www.iemj.org\\\/en\\\/\",\"logo\":{\"@type\":\"ImageObject\",\"inLanguage\":\"en-US\",\"@id\":\"https:\\\/\\\/www.iemj.org\\\/en\\\/#\\\/schema\\\/logo\\\/image\\\/\",\"url\":\"https:\\\/\\\/www.iemj.org\\\/wp-content\\\/uploads\\\/2021\\\/09\\\/Logo-IEMJ-Paypal.jpg\",\"contentUrl\":\"https:\\\/\\\/www.iemj.org\\\/wp-content\\\/uploads\\\/2021\\\/09\\\/Logo-IEMJ-Paypal.jpg\",\"width\":150,\"height\":50,\"caption\":\"Institut Europ\u00e9en des Musiques Juives\"},\"image\":{\"@id\":\"https:\\\/\\\/www.iemj.org\\\/en\\\/#\\\/schema\\\/logo\\\/image\\\/\"},\"sameAs\":[\"https:\\\/\\\/www.facebook.com\\\/MusiquesJuives\\\/\",\"https:\\\/\\\/www.instagram.com\\\/musiquesjuives\\\/\",\"https:\\\/\\\/www.youtube.com\\\/user\\\/musiquesjuives\"]},{\"@type\":\"Person\",\"@id\":\"https:\\\/\\\/www.iemj.org\\\/en\\\/#\\\/schema\\\/person\\\/c9bc1c386a3749579a2d675e72a18666\",\"name\":\"Jean-Gabriel Davis\",\"image\":{\"@type\":\"ImageObject\",\"inLanguage\":\"en-US\",\"@id\":\"https:\\\/\\\/secure.gravatar.com\\\/avatar\\\/2b90d67bdf392c9b3a21fab87c0fa7edaf1fb3a058172a1ffd61033fcec7aec1?s=96&d=mm&r=g\",\"url\":\"https:\\\/\\\/secure.gravatar.com\\\/avatar\\\/2b90d67bdf392c9b3a21fab87c0fa7edaf1fb3a058172a1ffd61033fcec7aec1?s=96&d=mm&r=g\",\"contentUrl\":\"https:\\\/\\\/secure.gravatar.com\\\/avatar\\\/2b90d67bdf392c9b3a21fab87c0fa7edaf1fb3a058172a1ffd61033fcec7aec1?s=96&d=mm&r=g\",\"caption\":\"Jean-Gabriel Davis\"}}]}<\/script>\n<!-- \/ Yoast SEO plugin. -->","yoast_head_json":{"title":"Festival of Jewish Cultures 2018 - \"Together\" - Institut Europ\u00e9en des Musiques Juives","robots":{"index":"index","follow":"follow","max-snippet":"max-snippet:-1","max-image-preview":"max-image-preview:large","max-video-preview":"max-video-preview:-1"},"canonical":"https:\/\/www.iemj.org\/en\/festival-of-jewish-cultures-2018-together\/","og_locale":"en_US","og_type":"article","og_title":"Festival of Jewish Cultures 2018 - \"Together\" - Institut Europ\u00e9en des Musiques Juives","og_description":"From the 10th to the 25th June 2018, the Festival of Jewish Cultures offers a multi disciplinary program (concerts, films, conferences, exhibitions, workshops&#8230;) aimed to make discover the richness and","og_url":"https:\/\/www.iemj.org\/en\/festival-of-jewish-cultures-2018-together\/","og_site_name":"Institut Europ\u00e9en des Musiques Juives","article_publisher":"https:\/\/www.facebook.com\/MusiquesJuives\/","article_published_time":"2018-05-24T09:59:19+00:00","og_image":[{"width":427,"height":556,"url":"https:\/\/www.iemj.org\/wp-content\/uploads\/2018\/05\/arton3449.jpg","type":"image\/jpeg"}],"author":"Jean-Gabriel Davis","twitter_card":"summary_large_image","twitter_misc":{"Written by":"Jean-Gabriel Davis","Est. reading time":"2 minutes"},"schema":{"@context":"https:\/\/schema.org","@graph":[{"@type":"Article","@id":"https:\/\/www.iemj.org\/en\/festival-of-jewish-cultures-2018-together\/#article","isPartOf":{"@id":"https:\/\/www.iemj.org\/en\/festival-of-jewish-cultures-2018-together\/"},"author":{"name":"Jean-Gabriel Davis","@id":"https:\/\/www.iemj.org\/en\/#\/schema\/person\/c9bc1c386a3749579a2d675e72a18666"},"headline":"Festival of Jewish Cultures 2018 &#8211; &#8220;Together&#8221;","datePublished":"2018-05-24T09:59:19+00:00","mainEntityOfPage":{"@id":"https:\/\/www.iemj.org\/en\/festival-of-jewish-cultures-2018-together\/"},"wordCount":374,"publisher":{"@id":"https:\/\/www.iemj.org\/en\/#organization"},"image":{"@id":"https:\/\/www.iemj.org\/en\/festival-of-jewish-cultures-2018-together\/#primaryimage"},"thumbnailUrl":"https:\/\/www.iemj.org\/wp-content\/uploads\/2018\/05\/arton3449.jpg","articleSection":["Actualit\u00e9s"],"inLanguage":"en-US"},{"@type":"WebPage","@id":"https:\/\/www.iemj.org\/en\/festival-of-jewish-cultures-2018-together\/","url":"https:\/\/www.iemj.org\/en\/festival-of-jewish-cultures-2018-together\/","name":"Festival of Jewish Cultures 2018 - \"Together\" - Institut Europ\u00e9en des Musiques Juives","isPartOf":{"@id":"https:\/\/www.iemj.org\/en\/#website"},"primaryImageOfPage":{"@id":"https:\/\/www.iemj.org\/en\/festival-of-jewish-cultures-2018-together\/#primaryimage"},"image":{"@id":"https:\/\/www.iemj.org\/en\/festival-of-jewish-cultures-2018-together\/#primaryimage"},"thumbnailUrl":"https:\/\/www.iemj.org\/wp-content\/uploads\/2018\/05\/arton3449.jpg","datePublished":"2018-05-24T09:59:19+00:00","breadcrumb":{"@id":"https:\/\/www.iemj.org\/en\/festival-of-jewish-cultures-2018-together\/#breadcrumb"},"inLanguage":"en-US","potentialAction":[{"@type":"ReadAction","target":["https:\/\/www.iemj.org\/en\/festival-of-jewish-cultures-2018-together\/"]}]},{"@type":"ImageObject","inLanguage":"en-US","@id":"https:\/\/www.iemj.org\/en\/festival-of-jewish-cultures-2018-together\/#primaryimage","url":"https:\/\/www.iemj.org\/wp-content\/uploads\/2018\/05\/arton3449.jpg","contentUrl":"https:\/\/www.iemj.org\/wp-content\/uploads\/2018\/05\/arton3449.jpg","width":427,"height":556},{"@type":"BreadcrumbList","@id":"https:\/\/www.iemj.org\/en\/festival-of-jewish-cultures-2018-together\/#breadcrumb","itemListElement":[{"@type":"ListItem","position":1,"name":"Accueil","item":"https:\/\/www.iemj.org\/en\/"},{"@type":"ListItem","position":2,"name":"Festival of Jewish Cultures 2018 &#8211; &#8220;Together&#8221;"}]},{"@type":"WebSite","@id":"https:\/\/www.iemj.org\/en\/#website","url":"https:\/\/www.iemj.org\/en\/","name":"Institut Europ\u00e9en des Musiques Juives","description":"Des traditions musicales \u00e0 la port\u00e9e de tous","publisher":{"@id":"https:\/\/www.iemj.org\/en\/#organization"},"potentialAction":[{"@type":"SearchAction","target":{"@type":"EntryPoint","urlTemplate":"https:\/\/www.iemj.org\/en\/?s={search_term_string}"},"query-input":{"@type":"PropertyValueSpecification","valueRequired":true,"valueName":"search_term_string"}}],"inLanguage":"en-US"},{"@type":"Organization","@id":"https:\/\/www.iemj.org\/en\/#organization","name":"Institut Europ\u00e9en des Musiques Juives","url":"https:\/\/www.iemj.org\/en\/","logo":{"@type":"ImageObject","inLanguage":"en-US","@id":"https:\/\/www.iemj.org\/en\/#\/schema\/logo\/image\/","url":"https:\/\/www.iemj.org\/wp-content\/uploads\/2021\/09\/Logo-IEMJ-Paypal.jpg","contentUrl":"https:\/\/www.iemj.org\/wp-content\/uploads\/2021\/09\/Logo-IEMJ-Paypal.jpg","width":150,"height":50,"caption":"Institut Europ\u00e9en des Musiques Juives"},"image":{"@id":"https:\/\/www.iemj.org\/en\/#\/schema\/logo\/image\/"},"sameAs":["https:\/\/www.facebook.com\/MusiquesJuives\/","https:\/\/www.instagram.com\/musiquesjuives\/","https:\/\/www.youtube.com\/user\/musiquesjuives"]},{"@type":"Person","@id":"https:\/\/www.iemj.org\/en\/#\/schema\/person\/c9bc1c386a3749579a2d675e72a18666","name":"Jean-Gabriel Davis","image":{"@type":"ImageObject","inLanguage":"en-US","@id":"https:\/\/secure.gravatar.com\/avatar\/2b90d67bdf392c9b3a21fab87c0fa7edaf1fb3a058172a1ffd61033fcec7aec1?s=96&d=mm&r=g","url":"https:\/\/secure.gravatar.com\/avatar\/2b90d67bdf392c9b3a21fab87c0fa7edaf1fb3a058172a1ffd61033fcec7aec1?s=96&d=mm&r=g","contentUrl":"https:\/\/secure.gravatar.com\/avatar\/2b90d67bdf392c9b3a21fab87c0fa7edaf1fb3a058172a1ffd61033fcec7aec1?s=96&d=mm&r=g","caption":"Jean-Gabriel Davis"}}]}},"_links":{"self":[{"href":"https:\/\/www.iemj.org\/en\/wp-json\/wp\/v2\/posts\/19799","targetHints":{"allow":["GET"]}}],"collection":[{"href":"https:\/\/www.iemj.org\/en\/wp-json\/wp\/v2\/posts"}],"about":[{"href":"https:\/\/www.iemj.org\/en\/wp-json\/wp\/v2\/types\/post"}],"author":[{"embeddable":true,"href":"https:\/\/www.iemj.org\/en\/wp-json\/wp\/v2\/users\/1048"}],"replies":[{"embeddable":true,"href":"https:\/\/www.iemj.org\/en\/wp-json\/wp\/v2\/comments?post=19799"}],"version-history":[{"count":0,"href":"https:\/\/www.iemj.org\/en\/wp-json\/wp\/v2\/posts\/19799\/revisions"}],"wp:featuredmedia":[{"embeddable":true,"href":"https:\/\/www.iemj.org\/en\/wp-json\/wp\/v2\/media\/19797"}],"wp:attachment":[{"href":"https:\/\/www.iemj.org\/en\/wp-json\/wp\/v2\/media?parent=19799"}],"wp:term":[{"taxonomy":"category","embeddable":true,"href":"https:\/\/www.iemj.org\/en\/wp-json\/wp\/v2\/categories?post=19799"},{"taxonomy":"post_tag","embeddable":true,"href":"https:\/\/www.iemj.org\/en\/wp-json\/wp\/v2\/tags?post=19799"},{"taxonomy":"technique","embeddable":true,"href":"https:\/\/www.iemj.org\/en\/wp-json\/wp\/v2\/technique?post=19799"},{"taxonomy":"squelettes","embeddable":true,"href":"https:\/\/www.iemj.org\/en\/wp-json\/wp\/v2\/squelettes?post=19799"},{"taxonomy":"sujet","embeddable":true,"href":"https:\/\/www.iemj.org\/en\/wp-json\/wp\/v2\/sujet?post=19799"},{"taxonomy":"formation","embeddable":true,"href":"https:\/\/www.iemj.org\/en\/wp-json\/wp\/v2\/formation?post=19799"},{"taxonomy":"genre","embeddable":true,"href":"https:\/\/www.iemj.org\/en\/wp-json\/wp\/v2\/genre?post=19799"},{"taxonomy":"fonds","embeddable":true,"href":"https:\/\/www.iemj.org\/en\/wp-json\/wp\/v2\/fonds?post=19799"},{"taxonomy":"tradition","embeddable":true,"href":"https:\/\/www.iemj.org\/en\/wp-json\/wp\/v2\/tradition?post=19799"},{"taxonomy":"type-de-contenu","embeddable":true,"href":"https:\/\/www.iemj.org\/en\/wp-json\/wp\/v2\/type-de-contenu?post=19799"},{"taxonomy":"interprete-compositeur","embeddable":true,"href":"https:\/\/www.iemj.org\/en\/wp-json\/wp\/v2\/interprete-compositeur?post=19799"},{"taxonomy":"frise","embeddable":true,"href":"https:\/\/www.iemj.org\/en\/wp-json\/wp\/v2\/frise?post=19799"},{"taxonomy":"type-devenement","embeddable":true,"href":"https:\/\/www.iemj.org\/en\/wp-json\/wp\/v2\/type-devenement?post=19799"},{"taxonomy":"tableaux-liens-externes","embeddable":true,"href":"https:\/\/www.iemj.org\/en\/wp-json\/wp\/v2\/tableaux-liens-externes?post=19799"}],"curies":[{"name":"wp","href":"https:\/\/api.w.org\/{rel}","templated":true}]}}