{"id":20317,"date":"2014-06-29T08:30:00","date_gmt":"2014-06-29T06:30:00","guid":{"rendered":"https:\/\/www.iemj.org\/2018\/06\/28\/music-and-cuisine-of-the-sefardi\/"},"modified":"2025-09-21T19:55:56","modified_gmt":"2025-09-21T17:55:56","slug":"music-and-cuisine-of-the-sefardi","status":"publish","type":"post","link":"https:\/\/www.iemj.org\/en\/music-and-cuisine-of-the-sefardi\/","title":{"rendered":"Music and cuisine of the Sephardi"},"content":{"rendered":"<p class=\"post_excerpt\"><strong>MUSIQUES JUIVES D\u2019HIER ET D\u2019AUJOURD\u2019HUI &#8211; TUESDAY JULY 1, 2014, JUDA\u00cfQUES FM (94.8), 21H05. Radio program in French<\/strong><\/p>\n<p><!--more--><br \/>What parallel can be drawn between Jewish cooking and music ?<\/p>\n<p>Both of them drew their speciality in the environing culture of the various Jewish communities.<br \/>Eastern songs describe thus a wide range of dishes with spicy notes: from the couscous to the full fish, from loubia to the fricassee, from the merguez to banatage&#8230;<\/p>\n<p>Maurice Arrouasse, caterer, man of radio and great expert of Oriental songs, will make us discover with music the traditional dishes of the Sephardi community of North of Africa, with, at the end of the show, a blink to Israel, host country for all the world&#8217;s cuisine.<\/p>\n<p><em><img decoding=\"async\" class=\" alignleft size-full wp-image-25839\" src=\"https:\/\/www.iemj.org\/wp-content\/uploads\/2019\/10\/herve_photo_retouche_fond_uni_bleu_500px.jpg\" alt=\"herve_photo_retouche_fond_uni_bleu_500px.jpg\" width=\"140\" height=\"189\" align=\"left\" \/>Officer of the Ordre of Arts and letters, PhD in musicology at Paris University Sorbonne, prize-winning graduate from the Conservatoire National Sup\u00e9rieur de Musique et de Danse de Paris, Herv\u00e9 Roten is the director of the European Institute of Jewish Music since its creation in 2006.<br \/>Ethnomusicologist, he quickly developed an interest in the safeguard and digitization of archives, subjects he taught for several years in Reims and Marne-La-Vall\u00e9e universities.<br \/>Author of many articles, books and recordings related to Jewish music, producer of radio programs, Herv\u00e9 Roten is recognized today as one of the best specialists of Jewish music in the world.<\/em><\/p>\n\n\n<h2 class=\"wp-block-heading\"><\/h2>\n\n\n<div class=\"wp-block-image\">\n<figure class=\"aligncenter size-large\"><img fetchpriority=\"high\" decoding=\"async\" width=\"1024\" height=\"133\" src=\"https:\/\/www.iemj.org\/wp-content\/uploads\/2024\/03\/AUDIO-PLAYER-1024x133.png\" alt=\"\" class=\"wp-image-110607\" srcset=\"https:\/\/www.iemj.org\/wp-content\/uploads\/2024\/03\/AUDIO-PLAYER-1024x133.png 1024w, https:\/\/www.iemj.org\/wp-content\/uploads\/2024\/03\/AUDIO-PLAYER-300x39.png 300w, https:\/\/www.iemj.org\/wp-content\/uploads\/2024\/03\/AUDIO-PLAYER-768x100.png 768w, https:\/\/www.iemj.org\/wp-content\/uploads\/2024\/03\/AUDIO-PLAYER-600x78.png 600w, https:\/\/www.iemj.org\/wp-content\/uploads\/2024\/03\/AUDIO-PLAYER.png 1210w\" sizes=\"(max-width: 1024px) 100vw, 1024px\" \/><\/figure>\n<\/div>\n\n\n<div class=\"wp-block-file\"><a href=\"https:\/\/www.iemj.org\/wp-content\/uploads\/2014\/07\/jfm33_musique_et_cuisine_sefarades_v128kbs.mp3\">Musiques et cuisines juives s\u00e9farades &#8211; Herv\u00e9 Roten (Juda\u00efques FM 94.8)<\/a><\/div>\n","protected":false},"excerpt":{"rendered":"<p>MUSIQUES JUIVES D\u2019HIER ET D\u2019AUJOURD\u2019HUI &#8211; TUESDAY JULY 1, 2014, JUDA\u00cfQUES FM (94.8), 21H05. Radio program in French<\/p>\n","protected":false},"author":1048,"featured_media":20315,"comment_status":"closed","ping_status":"open","sticky":false,"template":"","format":"standard","meta":{"_acf_changed":false,"footnotes":""},"categories":[2162,899],"tags":[2210],"technique":[],"squelettes":[],"sujet":[],"formation":[],"genre":[],"fonds":[],"tradition":[],"type-de-contenu":[],"interprete-compositeur":[],"frise":[],"type-devenement":[],"tableaux-liens-externes":[],"class_list":["post-20317","post","type-post","status-publish","format-standard","has-post-thumbnail","hentry","category-herve-rotens-programs-en","category-radio-programs-en","tag-radio-shows-from-the-eijm-en"],"acf":[],"yoast_head":"<!-- This site is optimized with the Yoast SEO plugin v27.3 - https:\/\/yoast.com\/product\/yoast-seo-wordpress\/ -->\n<title>Music and cuisine of the Sephardi - Institut Europ\u00e9en des Musiques Juives<\/title>\n<meta name=\"robots\" content=\"index, follow, max-snippet:-1, max-image-preview:large, max-video-preview:-1\" \/>\n<link rel=\"canonical\" href=\"https:\/\/www.iemj.org\/en\/music-and-cuisine-of-the-sefardi\/\" \/>\n<meta property=\"og:locale\" content=\"en_US\" \/>\n<meta property=\"og:type\" content=\"article\" \/>\n<meta property=\"og:title\" content=\"Music and cuisine of the Sephardi - Institut Europ\u00e9en des Musiques Juives\" \/>\n<meta property=\"og:description\" content=\"MUSIQUES JUIVES D\u2019HIER ET D\u2019AUJOURD\u2019HUI &#8211; TUESDAY JULY 1, 2014, JUDA\u00cfQUES FM (94.8), 21H05. Radio program in French\" \/>\n<meta property=\"og:url\" content=\"https:\/\/www.iemj.org\/en\/music-and-cuisine-of-the-sefardi\/\" \/>\n<meta property=\"og:site_name\" content=\"Institut Europ\u00e9en des Musiques Juives\" \/>\n<meta property=\"article:publisher\" content=\"https:\/\/www.facebook.com\/MusiquesJuives\/\" \/>\n<meta property=\"article:published_time\" content=\"2014-06-29T06:30:00+00:00\" \/>\n<meta property=\"article:modified_time\" content=\"2025-09-21T17:55:56+00:00\" \/>\n<meta property=\"og:image\" content=\"https:\/\/www.iemj.org\/wp-content\/uploads\/2018\/06\/arton3539.jpg\" \/>\n\t<meta property=\"og:image:width\" content=\"136\" \/>\n\t<meta property=\"og:image:height\" content=\"136\" \/>\n\t<meta property=\"og:image:type\" content=\"image\/jpeg\" \/>\n<meta name=\"author\" content=\"Jean-Gabriel Davis\" \/>\n<meta name=\"twitter:card\" content=\"summary_large_image\" \/>\n<meta name=\"twitter:label1\" content=\"Written by\" \/>\n\t<meta name=\"twitter:data1\" content=\"Jean-Gabriel Davis\" \/>\n\t<meta name=\"twitter:label2\" content=\"Est. reading time\" \/>\n\t<meta name=\"twitter:data2\" content=\"2 minutes\" \/>\n<script type=\"application\/ld+json\" class=\"yoast-schema-graph\">{\"@context\":\"https:\\\/\\\/schema.org\",\"@graph\":[{\"@type\":\"Article\",\"@id\":\"https:\\\/\\\/www.iemj.org\\\/en\\\/music-and-cuisine-of-the-sefardi\\\/#article\",\"isPartOf\":{\"@id\":\"https:\\\/\\\/www.iemj.org\\\/en\\\/music-and-cuisine-of-the-sefardi\\\/\"},\"author\":{\"name\":\"Jean-Gabriel Davis\",\"@id\":\"https:\\\/\\\/www.iemj.org\\\/en\\\/#\\\/schema\\\/person\\\/c9bc1c386a3749579a2d675e72a18666\"},\"headline\":\"Music and cuisine of the Sephardi\",\"datePublished\":\"2014-06-29T06:30:00+00:00\",\"dateModified\":\"2025-09-21T17:55:56+00:00\",\"mainEntityOfPage\":{\"@id\":\"https:\\\/\\\/www.iemj.org\\\/en\\\/music-and-cuisine-of-the-sefardi\\\/\"},\"wordCount\":242,\"publisher\":{\"@id\":\"https:\\\/\\\/www.iemj.org\\\/en\\\/#organization\"},\"image\":{\"@id\":\"https:\\\/\\\/www.iemj.org\\\/en\\\/music-and-cuisine-of-the-sefardi\\\/#primaryimage\"},\"thumbnailUrl\":\"https:\\\/\\\/www.iemj.org\\\/wp-content\\\/uploads\\\/2018\\\/06\\\/arton3539.jpg\",\"keywords\":[\"Radio programs from the EIJM\"],\"articleSection\":[\"Herv\u00e9 Roten's Programs\",\"Radio programs\"],\"inLanguage\":\"en-US\"},{\"@type\":\"WebPage\",\"@id\":\"https:\\\/\\\/www.iemj.org\\\/en\\\/music-and-cuisine-of-the-sefardi\\\/\",\"url\":\"https:\\\/\\\/www.iemj.org\\\/en\\\/music-and-cuisine-of-the-sefardi\\\/\",\"name\":\"Music and cuisine of the Sephardi - Institut Europ\u00e9en des Musiques Juives\",\"isPartOf\":{\"@id\":\"https:\\\/\\\/www.iemj.org\\\/en\\\/#website\"},\"primaryImageOfPage\":{\"@id\":\"https:\\\/\\\/www.iemj.org\\\/en\\\/music-and-cuisine-of-the-sefardi\\\/#primaryimage\"},\"image\":{\"@id\":\"https:\\\/\\\/www.iemj.org\\\/en\\\/music-and-cuisine-of-the-sefardi\\\/#primaryimage\"},\"thumbnailUrl\":\"https:\\\/\\\/www.iemj.org\\\/wp-content\\\/uploads\\\/2018\\\/06\\\/arton3539.jpg\",\"datePublished\":\"2014-06-29T06:30:00+00:00\",\"dateModified\":\"2025-09-21T17:55:56+00:00\",\"breadcrumb\":{\"@id\":\"https:\\\/\\\/www.iemj.org\\\/en\\\/music-and-cuisine-of-the-sefardi\\\/#breadcrumb\"},\"inLanguage\":\"en-US\",\"potentialAction\":[{\"@type\":\"ReadAction\",\"target\":[\"https:\\\/\\\/www.iemj.org\\\/en\\\/music-and-cuisine-of-the-sefardi\\\/\"]}]},{\"@type\":\"ImageObject\",\"inLanguage\":\"en-US\",\"@id\":\"https:\\\/\\\/www.iemj.org\\\/en\\\/music-and-cuisine-of-the-sefardi\\\/#primaryimage\",\"url\":\"https:\\\/\\\/www.iemj.org\\\/wp-content\\\/uploads\\\/2018\\\/06\\\/arton3539.jpg\",\"contentUrl\":\"https:\\\/\\\/www.iemj.org\\\/wp-content\\\/uploads\\\/2018\\\/06\\\/arton3539.jpg\",\"width\":136,\"height\":136},{\"@type\":\"BreadcrumbList\",\"@id\":\"https:\\\/\\\/www.iemj.org\\\/en\\\/music-and-cuisine-of-the-sefardi\\\/#breadcrumb\",\"itemListElement\":[{\"@type\":\"ListItem\",\"position\":1,\"name\":\"Accueil\",\"item\":\"https:\\\/\\\/www.iemj.org\\\/en\\\/\"},{\"@type\":\"ListItem\",\"position\":2,\"name\":\"Music and cuisine of the Sephardi\"}]},{\"@type\":\"WebSite\",\"@id\":\"https:\\\/\\\/www.iemj.org\\\/en\\\/#website\",\"url\":\"https:\\\/\\\/www.iemj.org\\\/en\\\/\",\"name\":\"Institut Europ\u00e9en des Musiques Juives\",\"description\":\"Des traditions musicales \u00e0 la port\u00e9e de tous\",\"publisher\":{\"@id\":\"https:\\\/\\\/www.iemj.org\\\/en\\\/#organization\"},\"potentialAction\":[{\"@type\":\"SearchAction\",\"target\":{\"@type\":\"EntryPoint\",\"urlTemplate\":\"https:\\\/\\\/www.iemj.org\\\/en\\\/?s={search_term_string}\"},\"query-input\":{\"@type\":\"PropertyValueSpecification\",\"valueRequired\":true,\"valueName\":\"search_term_string\"}}],\"inLanguage\":\"en-US\"},{\"@type\":\"Organization\",\"@id\":\"https:\\\/\\\/www.iemj.org\\\/en\\\/#organization\",\"name\":\"Institut Europ\u00e9en des Musiques Juives\",\"url\":\"https:\\\/\\\/www.iemj.org\\\/en\\\/\",\"logo\":{\"@type\":\"ImageObject\",\"inLanguage\":\"en-US\",\"@id\":\"https:\\\/\\\/www.iemj.org\\\/en\\\/#\\\/schema\\\/logo\\\/image\\\/\",\"url\":\"https:\\\/\\\/www.iemj.org\\\/wp-content\\\/uploads\\\/2021\\\/09\\\/Logo-IEMJ-Paypal.jpg\",\"contentUrl\":\"https:\\\/\\\/www.iemj.org\\\/wp-content\\\/uploads\\\/2021\\\/09\\\/Logo-IEMJ-Paypal.jpg\",\"width\":150,\"height\":50,\"caption\":\"Institut Europ\u00e9en des Musiques Juives\"},\"image\":{\"@id\":\"https:\\\/\\\/www.iemj.org\\\/en\\\/#\\\/schema\\\/logo\\\/image\\\/\"},\"sameAs\":[\"https:\\\/\\\/www.facebook.com\\\/MusiquesJuives\\\/\",\"https:\\\/\\\/www.instagram.com\\\/musiquesjuives\\\/\",\"https:\\\/\\\/www.youtube.com\\\/user\\\/musiquesjuives\"]},{\"@type\":\"Person\",\"@id\":\"https:\\\/\\\/www.iemj.org\\\/en\\\/#\\\/schema\\\/person\\\/c9bc1c386a3749579a2d675e72a18666\",\"name\":\"Jean-Gabriel Davis\",\"image\":{\"@type\":\"ImageObject\",\"inLanguage\":\"en-US\",\"@id\":\"https:\\\/\\\/secure.gravatar.com\\\/avatar\\\/2b90d67bdf392c9b3a21fab87c0fa7edaf1fb3a058172a1ffd61033fcec7aec1?s=96&d=mm&r=g\",\"url\":\"https:\\\/\\\/secure.gravatar.com\\\/avatar\\\/2b90d67bdf392c9b3a21fab87c0fa7edaf1fb3a058172a1ffd61033fcec7aec1?s=96&d=mm&r=g\",\"contentUrl\":\"https:\\\/\\\/secure.gravatar.com\\\/avatar\\\/2b90d67bdf392c9b3a21fab87c0fa7edaf1fb3a058172a1ffd61033fcec7aec1?s=96&d=mm&r=g\",\"caption\":\"Jean-Gabriel Davis\"}}]}<\/script>\n<!-- \/ Yoast SEO plugin. -->","yoast_head_json":{"title":"Music and cuisine of the Sephardi - Institut Europ\u00e9en des Musiques Juives","robots":{"index":"index","follow":"follow","max-snippet":"max-snippet:-1","max-image-preview":"max-image-preview:large","max-video-preview":"max-video-preview:-1"},"canonical":"https:\/\/www.iemj.org\/en\/music-and-cuisine-of-the-sefardi\/","og_locale":"en_US","og_type":"article","og_title":"Music and cuisine of the Sephardi - Institut Europ\u00e9en des Musiques Juives","og_description":"MUSIQUES JUIVES D\u2019HIER ET D\u2019AUJOURD\u2019HUI &#8211; TUESDAY JULY 1, 2014, JUDA\u00cfQUES FM (94.8), 21H05. Radio program in French","og_url":"https:\/\/www.iemj.org\/en\/music-and-cuisine-of-the-sefardi\/","og_site_name":"Institut Europ\u00e9en des Musiques Juives","article_publisher":"https:\/\/www.facebook.com\/MusiquesJuives\/","article_published_time":"2014-06-29T06:30:00+00:00","article_modified_time":"2025-09-21T17:55:56+00:00","og_image":[{"width":136,"height":136,"url":"https:\/\/www.iemj.org\/wp-content\/uploads\/2018\/06\/arton3539.jpg","type":"image\/jpeg"}],"author":"Jean-Gabriel Davis","twitter_card":"summary_large_image","twitter_misc":{"Written by":"Jean-Gabriel Davis","Est. reading time":"2 minutes"},"schema":{"@context":"https:\/\/schema.org","@graph":[{"@type":"Article","@id":"https:\/\/www.iemj.org\/en\/music-and-cuisine-of-the-sefardi\/#article","isPartOf":{"@id":"https:\/\/www.iemj.org\/en\/music-and-cuisine-of-the-sefardi\/"},"author":{"name":"Jean-Gabriel Davis","@id":"https:\/\/www.iemj.org\/en\/#\/schema\/person\/c9bc1c386a3749579a2d675e72a18666"},"headline":"Music and cuisine of the Sephardi","datePublished":"2014-06-29T06:30:00+00:00","dateModified":"2025-09-21T17:55:56+00:00","mainEntityOfPage":{"@id":"https:\/\/www.iemj.org\/en\/music-and-cuisine-of-the-sefardi\/"},"wordCount":242,"publisher":{"@id":"https:\/\/www.iemj.org\/en\/#organization"},"image":{"@id":"https:\/\/www.iemj.org\/en\/music-and-cuisine-of-the-sefardi\/#primaryimage"},"thumbnailUrl":"https:\/\/www.iemj.org\/wp-content\/uploads\/2018\/06\/arton3539.jpg","keywords":["Radio programs from the EIJM"],"articleSection":["Herv\u00e9 Roten's Programs","Radio programs"],"inLanguage":"en-US"},{"@type":"WebPage","@id":"https:\/\/www.iemj.org\/en\/music-and-cuisine-of-the-sefardi\/","url":"https:\/\/www.iemj.org\/en\/music-and-cuisine-of-the-sefardi\/","name":"Music and cuisine of the Sephardi - Institut Europ\u00e9en des Musiques Juives","isPartOf":{"@id":"https:\/\/www.iemj.org\/en\/#website"},"primaryImageOfPage":{"@id":"https:\/\/www.iemj.org\/en\/music-and-cuisine-of-the-sefardi\/#primaryimage"},"image":{"@id":"https:\/\/www.iemj.org\/en\/music-and-cuisine-of-the-sefardi\/#primaryimage"},"thumbnailUrl":"https:\/\/www.iemj.org\/wp-content\/uploads\/2018\/06\/arton3539.jpg","datePublished":"2014-06-29T06:30:00+00:00","dateModified":"2025-09-21T17:55:56+00:00","breadcrumb":{"@id":"https:\/\/www.iemj.org\/en\/music-and-cuisine-of-the-sefardi\/#breadcrumb"},"inLanguage":"en-US","potentialAction":[{"@type":"ReadAction","target":["https:\/\/www.iemj.org\/en\/music-and-cuisine-of-the-sefardi\/"]}]},{"@type":"ImageObject","inLanguage":"en-US","@id":"https:\/\/www.iemj.org\/en\/music-and-cuisine-of-the-sefardi\/#primaryimage","url":"https:\/\/www.iemj.org\/wp-content\/uploads\/2018\/06\/arton3539.jpg","contentUrl":"https:\/\/www.iemj.org\/wp-content\/uploads\/2018\/06\/arton3539.jpg","width":136,"height":136},{"@type":"BreadcrumbList","@id":"https:\/\/www.iemj.org\/en\/music-and-cuisine-of-the-sefardi\/#breadcrumb","itemListElement":[{"@type":"ListItem","position":1,"name":"Accueil","item":"https:\/\/www.iemj.org\/en\/"},{"@type":"ListItem","position":2,"name":"Music and cuisine of the Sephardi"}]},{"@type":"WebSite","@id":"https:\/\/www.iemj.org\/en\/#website","url":"https:\/\/www.iemj.org\/en\/","name":"Institut Europ\u00e9en des Musiques Juives","description":"Des traditions musicales \u00e0 la port\u00e9e de tous","publisher":{"@id":"https:\/\/www.iemj.org\/en\/#organization"},"potentialAction":[{"@type":"SearchAction","target":{"@type":"EntryPoint","urlTemplate":"https:\/\/www.iemj.org\/en\/?s={search_term_string}"},"query-input":{"@type":"PropertyValueSpecification","valueRequired":true,"valueName":"search_term_string"}}],"inLanguage":"en-US"},{"@type":"Organization","@id":"https:\/\/www.iemj.org\/en\/#organization","name":"Institut Europ\u00e9en des Musiques Juives","url":"https:\/\/www.iemj.org\/en\/","logo":{"@type":"ImageObject","inLanguage":"en-US","@id":"https:\/\/www.iemj.org\/en\/#\/schema\/logo\/image\/","url":"https:\/\/www.iemj.org\/wp-content\/uploads\/2021\/09\/Logo-IEMJ-Paypal.jpg","contentUrl":"https:\/\/www.iemj.org\/wp-content\/uploads\/2021\/09\/Logo-IEMJ-Paypal.jpg","width":150,"height":50,"caption":"Institut Europ\u00e9en des Musiques Juives"},"image":{"@id":"https:\/\/www.iemj.org\/en\/#\/schema\/logo\/image\/"},"sameAs":["https:\/\/www.facebook.com\/MusiquesJuives\/","https:\/\/www.instagram.com\/musiquesjuives\/","https:\/\/www.youtube.com\/user\/musiquesjuives"]},{"@type":"Person","@id":"https:\/\/www.iemj.org\/en\/#\/schema\/person\/c9bc1c386a3749579a2d675e72a18666","name":"Jean-Gabriel Davis","image":{"@type":"ImageObject","inLanguage":"en-US","@id":"https:\/\/secure.gravatar.com\/avatar\/2b90d67bdf392c9b3a21fab87c0fa7edaf1fb3a058172a1ffd61033fcec7aec1?s=96&d=mm&r=g","url":"https:\/\/secure.gravatar.com\/avatar\/2b90d67bdf392c9b3a21fab87c0fa7edaf1fb3a058172a1ffd61033fcec7aec1?s=96&d=mm&r=g","contentUrl":"https:\/\/secure.gravatar.com\/avatar\/2b90d67bdf392c9b3a21fab87c0fa7edaf1fb3a058172a1ffd61033fcec7aec1?s=96&d=mm&r=g","caption":"Jean-Gabriel Davis"}}]}},"_links":{"self":[{"href":"https:\/\/www.iemj.org\/en\/wp-json\/wp\/v2\/posts\/20317","targetHints":{"allow":["GET"]}}],"collection":[{"href":"https:\/\/www.iemj.org\/en\/wp-json\/wp\/v2\/posts"}],"about":[{"href":"https:\/\/www.iemj.org\/en\/wp-json\/wp\/v2\/types\/post"}],"author":[{"embeddable":true,"href":"https:\/\/www.iemj.org\/en\/wp-json\/wp\/v2\/users\/1048"}],"replies":[{"embeddable":true,"href":"https:\/\/www.iemj.org\/en\/wp-json\/wp\/v2\/comments?post=20317"}],"version-history":[{"count":0,"href":"https:\/\/www.iemj.org\/en\/wp-json\/wp\/v2\/posts\/20317\/revisions"}],"wp:featuredmedia":[{"embeddable":true,"href":"https:\/\/www.iemj.org\/en\/wp-json\/wp\/v2\/media\/20315"}],"wp:attachment":[{"href":"https:\/\/www.iemj.org\/en\/wp-json\/wp\/v2\/media?parent=20317"}],"wp:term":[{"taxonomy":"category","embeddable":true,"href":"https:\/\/www.iemj.org\/en\/wp-json\/wp\/v2\/categories?post=20317"},{"taxonomy":"post_tag","embeddable":true,"href":"https:\/\/www.iemj.org\/en\/wp-json\/wp\/v2\/tags?post=20317"},{"taxonomy":"technique","embeddable":true,"href":"https:\/\/www.iemj.org\/en\/wp-json\/wp\/v2\/technique?post=20317"},{"taxonomy":"squelettes","embeddable":true,"href":"https:\/\/www.iemj.org\/en\/wp-json\/wp\/v2\/squelettes?post=20317"},{"taxonomy":"sujet","embeddable":true,"href":"https:\/\/www.iemj.org\/en\/wp-json\/wp\/v2\/sujet?post=20317"},{"taxonomy":"formation","embeddable":true,"href":"https:\/\/www.iemj.org\/en\/wp-json\/wp\/v2\/formation?post=20317"},{"taxonomy":"genre","embeddable":true,"href":"https:\/\/www.iemj.org\/en\/wp-json\/wp\/v2\/genre?post=20317"},{"taxonomy":"fonds","embeddable":true,"href":"https:\/\/www.iemj.org\/en\/wp-json\/wp\/v2\/fonds?post=20317"},{"taxonomy":"tradition","embeddable":true,"href":"https:\/\/www.iemj.org\/en\/wp-json\/wp\/v2\/tradition?post=20317"},{"taxonomy":"type-de-contenu","embeddable":true,"href":"https:\/\/www.iemj.org\/en\/wp-json\/wp\/v2\/type-de-contenu?post=20317"},{"taxonomy":"interprete-compositeur","embeddable":true,"href":"https:\/\/www.iemj.org\/en\/wp-json\/wp\/v2\/interprete-compositeur?post=20317"},{"taxonomy":"frise","embeddable":true,"href":"https:\/\/www.iemj.org\/en\/wp-json\/wp\/v2\/frise?post=20317"},{"taxonomy":"type-devenement","embeddable":true,"href":"https:\/\/www.iemj.org\/en\/wp-json\/wp\/v2\/type-devenement?post=20317"},{"taxonomy":"tableaux-liens-externes","embeddable":true,"href":"https:\/\/www.iemj.org\/en\/wp-json\/wp\/v2\/tableaux-liens-externes?post=20317"}],"curies":[{"name":"wp","href":"https:\/\/api.w.org\/{rel}","templated":true}]}}