{"id":20604,"date":"2018-07-17T12:20:38","date_gmt":"2018-07-17T10:20:38","guid":{"rendered":"https:\/\/www.iemj.org\/2018\/07\/17\/vox-aurea-via-sacra-2014-sacred-jewish-music\/"},"modified":"2024-01-02T16:51:27","modified_gmt":"2024-01-02T15:51:27","slug":"vox-aurea-via-sacra-2014-sacred-jewish-music","status":"publish","type":"post","link":"https:\/\/www.iemj.org\/en\/vox-aurea-via-sacra-2014-sacred-jewish-music\/","title":{"rendered":"VOX AUREA VIA SACRA 2014, sacred Jewish music"},"content":{"rendered":"<p>In the synagogal cult, the singin is omnipresent. The oldest elements of the synagogal singing are the psalmodie and the biblical cantilation, the chanting is essentially transmitted orally. The oldest musical writing are the neumes of Abdias the Normand (around 1102-1150), which brings a precision to the 26 diacritic signs (te\u2019amim), established in the Middle Ages by the masoretes of Tiberias.<\/p>\n<p>During the first millenium of the christian era, the development of religious poetry (piyy\u00fbt) give an impulse to the liturgy. The use of a cantor (Hazzan) becomes a common practice.<\/p>\n<p>Progressively, with the centuries passing and the spreading of the Jewish people, the original Hebraic music melts into a variety of musical traditions, highly inspired on the musical environment.<\/p>\n<p>How did the Jewish religious chanting evolved during the diaspora ? Between integration and mystical withdrawal, the sacred Jewish chanting is a reflect of the Jewish people, singular by its history, plural by its diversity.<\/p>\n<p>This broadcast was live in the cit\u00e9 de l\u2019Or in Saint-Amand-Montrond and ends with the <a href=\"https:\/\/www.iemj.org\/en\/chants-liturgiques-des-juifs-ashkenazes-le-choeur-juif-de-france\/\" target=\"_blank\" rel=\"noopener\">concert of the Jewish Choir of France.<\/a><\/p>\n<p><img fetchpriority=\"high\" decoding=\"async\" class=\"size-full wp-image-8923 aligncenter\" src=\"https:\/\/www.iemj.org\/wp-content\/uploads\/2016\/01\/vox_aurea_pyramide.jpg\" alt=\"vox_aurea_pyramide.jpg\" width=\"500\" height=\"334\" align=\"middle\" srcset=\"https:\/\/www.iemj.org\/wp-content\/uploads\/2016\/01\/vox_aurea_pyramide.jpg 500w, https:\/\/www.iemj.org\/wp-content\/uploads\/2016\/01\/vox_aurea_pyramide-300x200.jpg 300w\" sizes=\"(max-width: 500px) 100vw, 500px\" \/><\/p>\n<p><a href=\"https:\/\/www.iemj.org\/en\/colloque-et-concerts-vox-aurea-via-sacra-2014-la-musique-sacree-juive\/\" target=\"_blank\" rel=\"noopener\">Listen to the symposium and the concerts of the 3rd edition of Vox Aurea-Via Sacra dedicated to Jewish sacred music<\/a><\/p>\n\n\n<div class=\"wp-block-file\"><a id=\"wp-block-file--media-090da65e-e63a-47bd-b657-1b1c47513906\" href=\"https:\/\/www.iemj.org\/wp-content\/uploads\/2016\/01\/9_radio_rcf.mp3\">Pr\u00e9sentation du colloque VOX AUREA VIA SACRA, consacr\u00e9 \u00e0 la musique sacr\u00e9e juive<\/a><\/div>\n","protected":false},"excerpt":{"rendered":"<p>In the synagogal cult, the singin is omnipresent. The oldest elements of the synagogal singing are the psalmodie and the biblical cantilation, the chanting is essentially transmitted orally. The oldest<\/p>\n","protected":false},"author":1048,"featured_media":20602,"comment_status":"closed","ping_status":"open","sticky":false,"template":"","format":"standard","meta":{"_acf_changed":false,"footnotes":""},"categories":[899],"tags":[],"technique":[],"squelettes":[],"sujet":[],"formation":[],"genre":[1116],"fonds":[],"tradition":[],"type-de-contenu":[],"interprete-compositeur":[],"frise":[],"type-devenement":[],"tableaux-liens-externes":[],"class_list":["post-20604","post","type-post","status-publish","format-standard","has-post-thumbnail","hentry","category-radio-programs-en","genre-liturgy"],"acf":[],"yoast_head":"<!-- This site is optimized with the Yoast SEO plugin v27.3 - https:\/\/yoast.com\/product\/yoast-seo-wordpress\/ -->\n<title>VOX AUREA VIA SACRA 2014, sacred Jewish music - Institut Europ\u00e9en des Musiques Juives<\/title>\n<meta name=\"robots\" content=\"index, follow, max-snippet:-1, max-image-preview:large, max-video-preview:-1\" \/>\n<link rel=\"canonical\" href=\"https:\/\/www.iemj.org\/en\/vox-aurea-via-sacra-2014-sacred-jewish-music\/\" \/>\n<meta property=\"og:locale\" content=\"en_US\" \/>\n<meta property=\"og:type\" content=\"article\" \/>\n<meta property=\"og:title\" content=\"VOX AUREA VIA SACRA 2014, sacred Jewish music - Institut Europ\u00e9en des Musiques Juives\" \/>\n<meta property=\"og:description\" content=\"In the synagogal cult, the singin is omnipresent. The oldest elements of the synagogal singing are the psalmodie and the biblical cantilation, the chanting is essentially transmitted orally. The oldest\" \/>\n<meta property=\"og:url\" content=\"https:\/\/www.iemj.org\/en\/vox-aurea-via-sacra-2014-sacred-jewish-music\/\" \/>\n<meta property=\"og:site_name\" content=\"Institut Europ\u00e9en des Musiques Juives\" \/>\n<meta property=\"article:publisher\" content=\"https:\/\/www.facebook.com\/MusiquesJuives\/\" \/>\n<meta property=\"article:published_time\" content=\"2018-07-17T10:20:38+00:00\" \/>\n<meta property=\"article:modified_time\" content=\"2024-01-02T15:51:27+00:00\" \/>\n<meta property=\"og:image\" content=\"https:\/\/www.iemj.org\/wp-content\/uploads\/2018\/07\/arton3583.png\" \/>\n\t<meta property=\"og:image:width\" content=\"498\" \/>\n\t<meta property=\"og:image:height\" content=\"249\" \/>\n\t<meta property=\"og:image:type\" content=\"image\/png\" \/>\n<meta name=\"author\" content=\"Jean-Gabriel Davis\" \/>\n<meta name=\"twitter:card\" content=\"summary_large_image\" \/>\n<meta name=\"twitter:label1\" content=\"Written by\" \/>\n\t<meta name=\"twitter:data1\" content=\"Jean-Gabriel Davis\" \/>\n\t<meta name=\"twitter:label2\" content=\"Est. reading time\" \/>\n\t<meta name=\"twitter:data2\" content=\"2 minutes\" \/>\n<script type=\"application\/ld+json\" class=\"yoast-schema-graph\">{\"@context\":\"https:\\\/\\\/schema.org\",\"@graph\":[{\"@type\":\"Article\",\"@id\":\"https:\\\/\\\/www.iemj.org\\\/en\\\/vox-aurea-via-sacra-2014-sacred-jewish-music\\\/#article\",\"isPartOf\":{\"@id\":\"https:\\\/\\\/www.iemj.org\\\/en\\\/vox-aurea-via-sacra-2014-sacred-jewish-music\\\/\"},\"author\":{\"name\":\"Jean-Gabriel Davis\",\"@id\":\"https:\\\/\\\/www.iemj.org\\\/en\\\/#\\\/schema\\\/person\\\/c9bc1c386a3749579a2d675e72a18666\"},\"headline\":\"VOX AUREA VIA SACRA 2014, sacred Jewish music\",\"datePublished\":\"2018-07-17T10:20:38+00:00\",\"dateModified\":\"2024-01-02T15:51:27+00:00\",\"mainEntityOfPage\":{\"@id\":\"https:\\\/\\\/www.iemj.org\\\/en\\\/vox-aurea-via-sacra-2014-sacred-jewish-music\\\/\"},\"wordCount\":219,\"publisher\":{\"@id\":\"https:\\\/\\\/www.iemj.org\\\/en\\\/#organization\"},\"image\":{\"@id\":\"https:\\\/\\\/www.iemj.org\\\/en\\\/vox-aurea-via-sacra-2014-sacred-jewish-music\\\/#primaryimage\"},\"thumbnailUrl\":\"https:\\\/\\\/www.iemj.org\\\/wp-content\\\/uploads\\\/2018\\\/07\\\/arton3583.png\",\"articleSection\":[\"Radio programs\"],\"inLanguage\":\"en-US\"},{\"@type\":\"WebPage\",\"@id\":\"https:\\\/\\\/www.iemj.org\\\/en\\\/vox-aurea-via-sacra-2014-sacred-jewish-music\\\/\",\"url\":\"https:\\\/\\\/www.iemj.org\\\/en\\\/vox-aurea-via-sacra-2014-sacred-jewish-music\\\/\",\"name\":\"VOX AUREA VIA SACRA 2014, sacred Jewish music - Institut Europ\u00e9en des Musiques Juives\",\"isPartOf\":{\"@id\":\"https:\\\/\\\/www.iemj.org\\\/en\\\/#website\"},\"primaryImageOfPage\":{\"@id\":\"https:\\\/\\\/www.iemj.org\\\/en\\\/vox-aurea-via-sacra-2014-sacred-jewish-music\\\/#primaryimage\"},\"image\":{\"@id\":\"https:\\\/\\\/www.iemj.org\\\/en\\\/vox-aurea-via-sacra-2014-sacred-jewish-music\\\/#primaryimage\"},\"thumbnailUrl\":\"https:\\\/\\\/www.iemj.org\\\/wp-content\\\/uploads\\\/2018\\\/07\\\/arton3583.png\",\"datePublished\":\"2018-07-17T10:20:38+00:00\",\"dateModified\":\"2024-01-02T15:51:27+00:00\",\"breadcrumb\":{\"@id\":\"https:\\\/\\\/www.iemj.org\\\/en\\\/vox-aurea-via-sacra-2014-sacred-jewish-music\\\/#breadcrumb\"},\"inLanguage\":\"en-US\",\"potentialAction\":[{\"@type\":\"ReadAction\",\"target\":[\"https:\\\/\\\/www.iemj.org\\\/en\\\/vox-aurea-via-sacra-2014-sacred-jewish-music\\\/\"]}]},{\"@type\":\"ImageObject\",\"inLanguage\":\"en-US\",\"@id\":\"https:\\\/\\\/www.iemj.org\\\/en\\\/vox-aurea-via-sacra-2014-sacred-jewish-music\\\/#primaryimage\",\"url\":\"https:\\\/\\\/www.iemj.org\\\/wp-content\\\/uploads\\\/2018\\\/07\\\/arton3583.png\",\"contentUrl\":\"https:\\\/\\\/www.iemj.org\\\/wp-content\\\/uploads\\\/2018\\\/07\\\/arton3583.png\",\"width\":498,\"height\":249},{\"@type\":\"BreadcrumbList\",\"@id\":\"https:\\\/\\\/www.iemj.org\\\/en\\\/vox-aurea-via-sacra-2014-sacred-jewish-music\\\/#breadcrumb\",\"itemListElement\":[{\"@type\":\"ListItem\",\"position\":1,\"name\":\"Accueil\",\"item\":\"https:\\\/\\\/www.iemj.org\\\/en\\\/\"},{\"@type\":\"ListItem\",\"position\":2,\"name\":\"VOX AUREA VIA SACRA 2014, sacred Jewish music\"}]},{\"@type\":\"WebSite\",\"@id\":\"https:\\\/\\\/www.iemj.org\\\/en\\\/#website\",\"url\":\"https:\\\/\\\/www.iemj.org\\\/en\\\/\",\"name\":\"Institut Europ\u00e9en des Musiques Juives\",\"description\":\"Des traditions musicales \u00e0 la port\u00e9e de tous\",\"publisher\":{\"@id\":\"https:\\\/\\\/www.iemj.org\\\/en\\\/#organization\"},\"potentialAction\":[{\"@type\":\"SearchAction\",\"target\":{\"@type\":\"EntryPoint\",\"urlTemplate\":\"https:\\\/\\\/www.iemj.org\\\/en\\\/?s={search_term_string}\"},\"query-input\":{\"@type\":\"PropertyValueSpecification\",\"valueRequired\":true,\"valueName\":\"search_term_string\"}}],\"inLanguage\":\"en-US\"},{\"@type\":\"Organization\",\"@id\":\"https:\\\/\\\/www.iemj.org\\\/en\\\/#organization\",\"name\":\"Institut Europ\u00e9en des Musiques Juives\",\"url\":\"https:\\\/\\\/www.iemj.org\\\/en\\\/\",\"logo\":{\"@type\":\"ImageObject\",\"inLanguage\":\"en-US\",\"@id\":\"https:\\\/\\\/www.iemj.org\\\/en\\\/#\\\/schema\\\/logo\\\/image\\\/\",\"url\":\"https:\\\/\\\/www.iemj.org\\\/wp-content\\\/uploads\\\/2021\\\/09\\\/Logo-IEMJ-Paypal.jpg\",\"contentUrl\":\"https:\\\/\\\/www.iemj.org\\\/wp-content\\\/uploads\\\/2021\\\/09\\\/Logo-IEMJ-Paypal.jpg\",\"width\":150,\"height\":50,\"caption\":\"Institut Europ\u00e9en des Musiques Juives\"},\"image\":{\"@id\":\"https:\\\/\\\/www.iemj.org\\\/en\\\/#\\\/schema\\\/logo\\\/image\\\/\"},\"sameAs\":[\"https:\\\/\\\/www.facebook.com\\\/MusiquesJuives\\\/\",\"https:\\\/\\\/www.instagram.com\\\/musiquesjuives\\\/\",\"https:\\\/\\\/www.youtube.com\\\/user\\\/musiquesjuives\"]},{\"@type\":\"Person\",\"@id\":\"https:\\\/\\\/www.iemj.org\\\/en\\\/#\\\/schema\\\/person\\\/c9bc1c386a3749579a2d675e72a18666\",\"name\":\"Jean-Gabriel Davis\",\"image\":{\"@type\":\"ImageObject\",\"inLanguage\":\"en-US\",\"@id\":\"https:\\\/\\\/secure.gravatar.com\\\/avatar\\\/2b90d67bdf392c9b3a21fab87c0fa7edaf1fb3a058172a1ffd61033fcec7aec1?s=96&d=mm&r=g\",\"url\":\"https:\\\/\\\/secure.gravatar.com\\\/avatar\\\/2b90d67bdf392c9b3a21fab87c0fa7edaf1fb3a058172a1ffd61033fcec7aec1?s=96&d=mm&r=g\",\"contentUrl\":\"https:\\\/\\\/secure.gravatar.com\\\/avatar\\\/2b90d67bdf392c9b3a21fab87c0fa7edaf1fb3a058172a1ffd61033fcec7aec1?s=96&d=mm&r=g\",\"caption\":\"Jean-Gabriel Davis\"}}]}<\/script>\n<!-- \/ Yoast SEO plugin. -->","yoast_head_json":{"title":"VOX AUREA VIA SACRA 2014, sacred Jewish music - Institut Europ\u00e9en des Musiques Juives","robots":{"index":"index","follow":"follow","max-snippet":"max-snippet:-1","max-image-preview":"max-image-preview:large","max-video-preview":"max-video-preview:-1"},"canonical":"https:\/\/www.iemj.org\/en\/vox-aurea-via-sacra-2014-sacred-jewish-music\/","og_locale":"en_US","og_type":"article","og_title":"VOX AUREA VIA SACRA 2014, sacred Jewish music - Institut Europ\u00e9en des Musiques Juives","og_description":"In the synagogal cult, the singin is omnipresent. The oldest elements of the synagogal singing are the psalmodie and the biblical cantilation, the chanting is essentially transmitted orally. The oldest","og_url":"https:\/\/www.iemj.org\/en\/vox-aurea-via-sacra-2014-sacred-jewish-music\/","og_site_name":"Institut Europ\u00e9en des Musiques Juives","article_publisher":"https:\/\/www.facebook.com\/MusiquesJuives\/","article_published_time":"2018-07-17T10:20:38+00:00","article_modified_time":"2024-01-02T15:51:27+00:00","og_image":[{"width":498,"height":249,"url":"https:\/\/www.iemj.org\/wp-content\/uploads\/2018\/07\/arton3583.png","type":"image\/png"}],"author":"Jean-Gabriel Davis","twitter_card":"summary_large_image","twitter_misc":{"Written by":"Jean-Gabriel Davis","Est. reading time":"2 minutes"},"schema":{"@context":"https:\/\/schema.org","@graph":[{"@type":"Article","@id":"https:\/\/www.iemj.org\/en\/vox-aurea-via-sacra-2014-sacred-jewish-music\/#article","isPartOf":{"@id":"https:\/\/www.iemj.org\/en\/vox-aurea-via-sacra-2014-sacred-jewish-music\/"},"author":{"name":"Jean-Gabriel Davis","@id":"https:\/\/www.iemj.org\/en\/#\/schema\/person\/c9bc1c386a3749579a2d675e72a18666"},"headline":"VOX AUREA VIA SACRA 2014, sacred Jewish music","datePublished":"2018-07-17T10:20:38+00:00","dateModified":"2024-01-02T15:51:27+00:00","mainEntityOfPage":{"@id":"https:\/\/www.iemj.org\/en\/vox-aurea-via-sacra-2014-sacred-jewish-music\/"},"wordCount":219,"publisher":{"@id":"https:\/\/www.iemj.org\/en\/#organization"},"image":{"@id":"https:\/\/www.iemj.org\/en\/vox-aurea-via-sacra-2014-sacred-jewish-music\/#primaryimage"},"thumbnailUrl":"https:\/\/www.iemj.org\/wp-content\/uploads\/2018\/07\/arton3583.png","articleSection":["Radio programs"],"inLanguage":"en-US"},{"@type":"WebPage","@id":"https:\/\/www.iemj.org\/en\/vox-aurea-via-sacra-2014-sacred-jewish-music\/","url":"https:\/\/www.iemj.org\/en\/vox-aurea-via-sacra-2014-sacred-jewish-music\/","name":"VOX AUREA VIA SACRA 2014, sacred Jewish music - Institut Europ\u00e9en des Musiques Juives","isPartOf":{"@id":"https:\/\/www.iemj.org\/en\/#website"},"primaryImageOfPage":{"@id":"https:\/\/www.iemj.org\/en\/vox-aurea-via-sacra-2014-sacred-jewish-music\/#primaryimage"},"image":{"@id":"https:\/\/www.iemj.org\/en\/vox-aurea-via-sacra-2014-sacred-jewish-music\/#primaryimage"},"thumbnailUrl":"https:\/\/www.iemj.org\/wp-content\/uploads\/2018\/07\/arton3583.png","datePublished":"2018-07-17T10:20:38+00:00","dateModified":"2024-01-02T15:51:27+00:00","breadcrumb":{"@id":"https:\/\/www.iemj.org\/en\/vox-aurea-via-sacra-2014-sacred-jewish-music\/#breadcrumb"},"inLanguage":"en-US","potentialAction":[{"@type":"ReadAction","target":["https:\/\/www.iemj.org\/en\/vox-aurea-via-sacra-2014-sacred-jewish-music\/"]}]},{"@type":"ImageObject","inLanguage":"en-US","@id":"https:\/\/www.iemj.org\/en\/vox-aurea-via-sacra-2014-sacred-jewish-music\/#primaryimage","url":"https:\/\/www.iemj.org\/wp-content\/uploads\/2018\/07\/arton3583.png","contentUrl":"https:\/\/www.iemj.org\/wp-content\/uploads\/2018\/07\/arton3583.png","width":498,"height":249},{"@type":"BreadcrumbList","@id":"https:\/\/www.iemj.org\/en\/vox-aurea-via-sacra-2014-sacred-jewish-music\/#breadcrumb","itemListElement":[{"@type":"ListItem","position":1,"name":"Accueil","item":"https:\/\/www.iemj.org\/en\/"},{"@type":"ListItem","position":2,"name":"VOX AUREA VIA SACRA 2014, sacred Jewish music"}]},{"@type":"WebSite","@id":"https:\/\/www.iemj.org\/en\/#website","url":"https:\/\/www.iemj.org\/en\/","name":"Institut Europ\u00e9en des Musiques Juives","description":"Des traditions musicales \u00e0 la port\u00e9e de tous","publisher":{"@id":"https:\/\/www.iemj.org\/en\/#organization"},"potentialAction":[{"@type":"SearchAction","target":{"@type":"EntryPoint","urlTemplate":"https:\/\/www.iemj.org\/en\/?s={search_term_string}"},"query-input":{"@type":"PropertyValueSpecification","valueRequired":true,"valueName":"search_term_string"}}],"inLanguage":"en-US"},{"@type":"Organization","@id":"https:\/\/www.iemj.org\/en\/#organization","name":"Institut Europ\u00e9en des Musiques Juives","url":"https:\/\/www.iemj.org\/en\/","logo":{"@type":"ImageObject","inLanguage":"en-US","@id":"https:\/\/www.iemj.org\/en\/#\/schema\/logo\/image\/","url":"https:\/\/www.iemj.org\/wp-content\/uploads\/2021\/09\/Logo-IEMJ-Paypal.jpg","contentUrl":"https:\/\/www.iemj.org\/wp-content\/uploads\/2021\/09\/Logo-IEMJ-Paypal.jpg","width":150,"height":50,"caption":"Institut Europ\u00e9en des Musiques Juives"},"image":{"@id":"https:\/\/www.iemj.org\/en\/#\/schema\/logo\/image\/"},"sameAs":["https:\/\/www.facebook.com\/MusiquesJuives\/","https:\/\/www.instagram.com\/musiquesjuives\/","https:\/\/www.youtube.com\/user\/musiquesjuives"]},{"@type":"Person","@id":"https:\/\/www.iemj.org\/en\/#\/schema\/person\/c9bc1c386a3749579a2d675e72a18666","name":"Jean-Gabriel Davis","image":{"@type":"ImageObject","inLanguage":"en-US","@id":"https:\/\/secure.gravatar.com\/avatar\/2b90d67bdf392c9b3a21fab87c0fa7edaf1fb3a058172a1ffd61033fcec7aec1?s=96&d=mm&r=g","url":"https:\/\/secure.gravatar.com\/avatar\/2b90d67bdf392c9b3a21fab87c0fa7edaf1fb3a058172a1ffd61033fcec7aec1?s=96&d=mm&r=g","contentUrl":"https:\/\/secure.gravatar.com\/avatar\/2b90d67bdf392c9b3a21fab87c0fa7edaf1fb3a058172a1ffd61033fcec7aec1?s=96&d=mm&r=g","caption":"Jean-Gabriel Davis"}}]}},"_links":{"self":[{"href":"https:\/\/www.iemj.org\/en\/wp-json\/wp\/v2\/posts\/20604","targetHints":{"allow":["GET"]}}],"collection":[{"href":"https:\/\/www.iemj.org\/en\/wp-json\/wp\/v2\/posts"}],"about":[{"href":"https:\/\/www.iemj.org\/en\/wp-json\/wp\/v2\/types\/post"}],"author":[{"embeddable":true,"href":"https:\/\/www.iemj.org\/en\/wp-json\/wp\/v2\/users\/1048"}],"replies":[{"embeddable":true,"href":"https:\/\/www.iemj.org\/en\/wp-json\/wp\/v2\/comments?post=20604"}],"version-history":[{"count":0,"href":"https:\/\/www.iemj.org\/en\/wp-json\/wp\/v2\/posts\/20604\/revisions"}],"wp:featuredmedia":[{"embeddable":true,"href":"https:\/\/www.iemj.org\/en\/wp-json\/wp\/v2\/media\/20602"}],"wp:attachment":[{"href":"https:\/\/www.iemj.org\/en\/wp-json\/wp\/v2\/media?parent=20604"}],"wp:term":[{"taxonomy":"category","embeddable":true,"href":"https:\/\/www.iemj.org\/en\/wp-json\/wp\/v2\/categories?post=20604"},{"taxonomy":"post_tag","embeddable":true,"href":"https:\/\/www.iemj.org\/en\/wp-json\/wp\/v2\/tags?post=20604"},{"taxonomy":"technique","embeddable":true,"href":"https:\/\/www.iemj.org\/en\/wp-json\/wp\/v2\/technique?post=20604"},{"taxonomy":"squelettes","embeddable":true,"href":"https:\/\/www.iemj.org\/en\/wp-json\/wp\/v2\/squelettes?post=20604"},{"taxonomy":"sujet","embeddable":true,"href":"https:\/\/www.iemj.org\/en\/wp-json\/wp\/v2\/sujet?post=20604"},{"taxonomy":"formation","embeddable":true,"href":"https:\/\/www.iemj.org\/en\/wp-json\/wp\/v2\/formation?post=20604"},{"taxonomy":"genre","embeddable":true,"href":"https:\/\/www.iemj.org\/en\/wp-json\/wp\/v2\/genre?post=20604"},{"taxonomy":"fonds","embeddable":true,"href":"https:\/\/www.iemj.org\/en\/wp-json\/wp\/v2\/fonds?post=20604"},{"taxonomy":"tradition","embeddable":true,"href":"https:\/\/www.iemj.org\/en\/wp-json\/wp\/v2\/tradition?post=20604"},{"taxonomy":"type-de-contenu","embeddable":true,"href":"https:\/\/www.iemj.org\/en\/wp-json\/wp\/v2\/type-de-contenu?post=20604"},{"taxonomy":"interprete-compositeur","embeddable":true,"href":"https:\/\/www.iemj.org\/en\/wp-json\/wp\/v2\/interprete-compositeur?post=20604"},{"taxonomy":"frise","embeddable":true,"href":"https:\/\/www.iemj.org\/en\/wp-json\/wp\/v2\/frise?post=20604"},{"taxonomy":"type-devenement","embeddable":true,"href":"https:\/\/www.iemj.org\/en\/wp-json\/wp\/v2\/type-devenement?post=20604"},{"taxonomy":"tableaux-liens-externes","embeddable":true,"href":"https:\/\/www.iemj.org\/en\/wp-json\/wp\/v2\/tableaux-liens-externes?post=20604"}],"curies":[{"name":"wp","href":"https:\/\/api.w.org\/{rel}","templated":true}]}}