{"id":20982,"date":"2018-09-27T15:20:27","date_gmt":"2018-09-27T13:20:27","guid":{"rendered":"https:\/\/www.iemj.org\/2018\/09\/27\/biblical-cantillation-and-psalmody-jean-philippe-amar\/"},"modified":"2025-10-04T18:12:55","modified_gmt":"2025-10-04T16:12:55","slug":"biblical-cantillation-and-psalmody-jean-philippe-amar","status":"publish","type":"post","link":"https:\/\/www.iemj.org\/en\/biblical-cantillation-and-psalmody-jean-philippe-amar\/","title":{"rendered":"Biblical cantillation and psalmody &#8211; Jean-Philippe Amar"},"content":{"rendered":"\n<p><strong>As part of the day of stud<\/strong>y<strong> <a href=\"https:\/\/www.iemj.org\/en\/symposium-and-concerts-vox-aurea-via-sacra-2014-sacred-jewish-music\/\" target=\"_blank\" rel=\"noreferrer noopener\">Vox Aurea-Via Sacra 2014<\/a>, dedicated to sacred Jewish music, Jean-Philippe Amar, PhD in ethnomusicology and teacher of music education at the Paris academy, develops in this symposium the evolution of the cantillation during the reading of the sacred texts\u2026<\/strong><\/p>\n\n\n<h2><span style=\"color: #3c4b98;\">Listen to the conference below<\/span><\/h2>\n<p>Since the 5th century before the Christian era, the Hebraic Bible is read out loud in public. It has to be cantillated, which means it has to follow melodic movements of relatively simple construction.<br \/>Music holds here the function of regulator and solemn coating.<\/p>\n<p>Until the 6th century, this cantillation followed rules transmitted from the oral tradition. Between the 7th and the 10th century, time of dispersion of the Jewish people and setting of communities in the diaspora, transmission was weakened.<br \/>Learned people (Masoretes) developed mnemonic systems in order to keep the traditions of recitation and appropriate cutting of the Biblical texts, consonantal and without punctuation.<\/p>\n<p>From the 10th century on, sacred texts are therefore cantillated following a &#8220;masoretic&#8221; notation. The latter is set on an elaborate system allowing to subtly vocalize and punctuate the prose. Around 20 signs indicate the melodic movements of the voice, generating a necessary punctuation for the understanding of the text. As the musical notation is not precise, the cantillation can vary depending on the performer, the communautary ritual and the text (Pentateuch, Psalms).<\/p>\n<p><a href=\"http:\/\/ethnomusika.org\/2009\/07\/30\/sortie-du-numero-deux-de-la-revue-des-traditions-musicales-des-mondes-arabe-et-mediterraneen-rtmmam-sous-l%E2%80%99intitule-%C2%AB-musicologie-des-traditions-religieuses-%C2%BB-168-pages\/\">Thoughts on the cantillated Torah, Revue des Traditions Musicales des Mondes Arabes et M\u00e9dit\u00e9ran\u00e9ens.<\/a><\/p>\n\n<div class=\"wp-block-image\">\n<figure class=\"aligncenter size-large\"><img fetchpriority=\"high\" decoding=\"async\" width=\"1024\" height=\"133\" src=\"https:\/\/www.iemj.org\/wp-content\/uploads\/2024\/03\/AUDIO-PLAYER-1024x133.png\" alt=\"\" class=\"wp-image-110607\" srcset=\"https:\/\/www.iemj.org\/wp-content\/uploads\/2024\/03\/AUDIO-PLAYER-1024x133.png 1024w, https:\/\/www.iemj.org\/wp-content\/uploads\/2024\/03\/AUDIO-PLAYER-300x39.png 300w, https:\/\/www.iemj.org\/wp-content\/uploads\/2024\/03\/AUDIO-PLAYER-768x100.png 768w, https:\/\/www.iemj.org\/wp-content\/uploads\/2024\/03\/AUDIO-PLAYER-600x78.png 600w, https:\/\/www.iemj.org\/wp-content\/uploads\/2024\/03\/AUDIO-PLAYER.png 1210w\" sizes=\"(max-width: 1024px) 100vw, 1024px\" \/><\/figure>\n<\/div>\n\n\n<div class=\"wp-block-file\"><a id=\"wp-block-file--media-3d7ea5b7-21cf-4e5b-a4e5-288d0a2d8765\" href=\"https:\/\/www.iemj.org\/wp-content\/uploads\/2015\/12\/3_jean_philippe_amar.mp3\">Cantillation biblique et psalmodie &#8211; Jean-Philippe AMAR<\/a><\/div>\n","protected":false},"excerpt":{"rendered":"<p>As part of the day of study Vox Aurea-Via Sacra 2014, dedicated to sacred Jewish music, Jean-Philippe Amar, PhD in ethnomusicology and teacher of music education at the Paris academy,<\/p>\n","protected":false},"author":1048,"featured_media":20980,"comment_status":"closed","ping_status":"open","sticky":false,"template":"","format":"standard","meta":{"_acf_changed":false,"footnotes":""},"categories":[1366],"tags":[],"technique":[],"squelettes":[],"sujet":[],"formation":[],"genre":[1116],"fonds":[],"tradition":[],"type-de-contenu":[],"interprete-compositeur":[],"frise":[],"type-devenement":[],"tableaux-liens-externes":[],"class_list":["post-20982","post","type-post","status-publish","format-standard","has-post-thumbnail","hentry","category-lectures-conferences-discover-en","genre-liturgy"],"acf":[],"yoast_head":"<!-- This site is optimized with the Yoast SEO plugin v27.3 - https:\/\/yoast.com\/product\/yoast-seo-wordpress\/ -->\n<title>Biblical cantillation and psalmody - Jean-Philippe Amar - Institut Europ\u00e9en des Musiques Juives<\/title>\n<meta name=\"robots\" content=\"index, follow, max-snippet:-1, max-image-preview:large, max-video-preview:-1\" \/>\n<link rel=\"canonical\" href=\"https:\/\/www.iemj.org\/en\/biblical-cantillation-and-psalmody-jean-philippe-amar\/\" \/>\n<meta property=\"og:locale\" content=\"en_US\" \/>\n<meta property=\"og:type\" content=\"article\" \/>\n<meta property=\"og:title\" content=\"Biblical cantillation and psalmody - Jean-Philippe Amar - Institut Europ\u00e9en des Musiques Juives\" \/>\n<meta property=\"og:description\" content=\"As part of the day of study Vox Aurea-Via Sacra 2014, dedicated to sacred Jewish music, Jean-Philippe Amar, PhD in ethnomusicology and teacher of music education at the Paris academy,\" \/>\n<meta property=\"og:url\" content=\"https:\/\/www.iemj.org\/en\/biblical-cantillation-and-psalmody-jean-philippe-amar\/\" \/>\n<meta property=\"og:site_name\" content=\"Institut Europ\u00e9en des Musiques Juives\" \/>\n<meta property=\"article:publisher\" content=\"https:\/\/www.facebook.com\/MusiquesJuives\/\" \/>\n<meta property=\"article:published_time\" content=\"2018-09-27T13:20:27+00:00\" \/>\n<meta property=\"article:modified_time\" content=\"2025-10-04T16:12:55+00:00\" \/>\n<meta property=\"og:image\" content=\"https:\/\/www.iemj.org\/wp-content\/uploads\/2018\/09\/arton3636.jpg\" \/>\n\t<meta property=\"og:image:width\" content=\"750\" \/>\n\t<meta property=\"og:image:height\" content=\"780\" \/>\n\t<meta property=\"og:image:type\" content=\"image\/jpeg\" \/>\n<meta name=\"author\" content=\"Jean-Gabriel Davis\" \/>\n<meta name=\"twitter:card\" content=\"summary_large_image\" \/>\n<meta name=\"twitter:label1\" content=\"Written by\" \/>\n\t<meta name=\"twitter:data1\" content=\"Jean-Gabriel Davis\" \/>\n\t<meta name=\"twitter:label2\" content=\"Est. reading time\" \/>\n\t<meta name=\"twitter:data2\" content=\"2 minutes\" \/>\n<script type=\"application\/ld+json\" class=\"yoast-schema-graph\">{\"@context\":\"https:\\\/\\\/schema.org\",\"@graph\":[{\"@type\":\"Article\",\"@id\":\"https:\\\/\\\/www.iemj.org\\\/en\\\/biblical-cantillation-and-psalmody-jean-philippe-amar\\\/#article\",\"isPartOf\":{\"@id\":\"https:\\\/\\\/www.iemj.org\\\/en\\\/biblical-cantillation-and-psalmody-jean-philippe-amar\\\/\"},\"author\":{\"name\":\"Jean-Gabriel Davis\",\"@id\":\"https:\\\/\\\/www.iemj.org\\\/en\\\/#\\\/schema\\\/person\\\/c9bc1c386a3749579a2d675e72a18666\"},\"headline\":\"Biblical cantillation and psalmody &#8211; Jean-Philippe Amar\",\"datePublished\":\"2018-09-27T13:20:27+00:00\",\"dateModified\":\"2025-10-04T16:12:55+00:00\",\"mainEntityOfPage\":{\"@id\":\"https:\\\/\\\/www.iemj.org\\\/en\\\/biblical-cantillation-and-psalmody-jean-philippe-amar\\\/\"},\"wordCount\":259,\"publisher\":{\"@id\":\"https:\\\/\\\/www.iemj.org\\\/en\\\/#organization\"},\"image\":{\"@id\":\"https:\\\/\\\/www.iemj.org\\\/en\\\/biblical-cantillation-and-psalmody-jean-philippe-amar\\\/#primaryimage\"},\"thumbnailUrl\":\"https:\\\/\\\/www.iemj.org\\\/wp-content\\\/uploads\\\/2018\\\/09\\\/arton3636.jpg\",\"articleSection\":[\"Lectures \\\/ conferences\"],\"inLanguage\":\"en-US\"},{\"@type\":\"WebPage\",\"@id\":\"https:\\\/\\\/www.iemj.org\\\/en\\\/biblical-cantillation-and-psalmody-jean-philippe-amar\\\/\",\"url\":\"https:\\\/\\\/www.iemj.org\\\/en\\\/biblical-cantillation-and-psalmody-jean-philippe-amar\\\/\",\"name\":\"Biblical cantillation and psalmody - Jean-Philippe Amar - Institut Europ\u00e9en des Musiques Juives\",\"isPartOf\":{\"@id\":\"https:\\\/\\\/www.iemj.org\\\/en\\\/#website\"},\"primaryImageOfPage\":{\"@id\":\"https:\\\/\\\/www.iemj.org\\\/en\\\/biblical-cantillation-and-psalmody-jean-philippe-amar\\\/#primaryimage\"},\"image\":{\"@id\":\"https:\\\/\\\/www.iemj.org\\\/en\\\/biblical-cantillation-and-psalmody-jean-philippe-amar\\\/#primaryimage\"},\"thumbnailUrl\":\"https:\\\/\\\/www.iemj.org\\\/wp-content\\\/uploads\\\/2018\\\/09\\\/arton3636.jpg\",\"datePublished\":\"2018-09-27T13:20:27+00:00\",\"dateModified\":\"2025-10-04T16:12:55+00:00\",\"breadcrumb\":{\"@id\":\"https:\\\/\\\/www.iemj.org\\\/en\\\/biblical-cantillation-and-psalmody-jean-philippe-amar\\\/#breadcrumb\"},\"inLanguage\":\"en-US\",\"potentialAction\":[{\"@type\":\"ReadAction\",\"target\":[\"https:\\\/\\\/www.iemj.org\\\/en\\\/biblical-cantillation-and-psalmody-jean-philippe-amar\\\/\"]}]},{\"@type\":\"ImageObject\",\"inLanguage\":\"en-US\",\"@id\":\"https:\\\/\\\/www.iemj.org\\\/en\\\/biblical-cantillation-and-psalmody-jean-philippe-amar\\\/#primaryimage\",\"url\":\"https:\\\/\\\/www.iemj.org\\\/wp-content\\\/uploads\\\/2018\\\/09\\\/arton3636.jpg\",\"contentUrl\":\"https:\\\/\\\/www.iemj.org\\\/wp-content\\\/uploads\\\/2018\\\/09\\\/arton3636.jpg\",\"width\":750,\"height\":780},{\"@type\":\"BreadcrumbList\",\"@id\":\"https:\\\/\\\/www.iemj.org\\\/en\\\/biblical-cantillation-and-psalmody-jean-philippe-amar\\\/#breadcrumb\",\"itemListElement\":[{\"@type\":\"ListItem\",\"position\":1,\"name\":\"Accueil\",\"item\":\"https:\\\/\\\/www.iemj.org\\\/en\\\/\"},{\"@type\":\"ListItem\",\"position\":2,\"name\":\"Biblical cantillation and psalmody &#8211; Jean-Philippe Amar\"}]},{\"@type\":\"WebSite\",\"@id\":\"https:\\\/\\\/www.iemj.org\\\/en\\\/#website\",\"url\":\"https:\\\/\\\/www.iemj.org\\\/en\\\/\",\"name\":\"Institut Europ\u00e9en des Musiques Juives\",\"description\":\"Des traditions musicales \u00e0 la port\u00e9e de tous\",\"publisher\":{\"@id\":\"https:\\\/\\\/www.iemj.org\\\/en\\\/#organization\"},\"potentialAction\":[{\"@type\":\"SearchAction\",\"target\":{\"@type\":\"EntryPoint\",\"urlTemplate\":\"https:\\\/\\\/www.iemj.org\\\/en\\\/?s={search_term_string}\"},\"query-input\":{\"@type\":\"PropertyValueSpecification\",\"valueRequired\":true,\"valueName\":\"search_term_string\"}}],\"inLanguage\":\"en-US\"},{\"@type\":\"Organization\",\"@id\":\"https:\\\/\\\/www.iemj.org\\\/en\\\/#organization\",\"name\":\"Institut Europ\u00e9en des Musiques Juives\",\"url\":\"https:\\\/\\\/www.iemj.org\\\/en\\\/\",\"logo\":{\"@type\":\"ImageObject\",\"inLanguage\":\"en-US\",\"@id\":\"https:\\\/\\\/www.iemj.org\\\/en\\\/#\\\/schema\\\/logo\\\/image\\\/\",\"url\":\"https:\\\/\\\/www.iemj.org\\\/wp-content\\\/uploads\\\/2021\\\/09\\\/Logo-IEMJ-Paypal.jpg\",\"contentUrl\":\"https:\\\/\\\/www.iemj.org\\\/wp-content\\\/uploads\\\/2021\\\/09\\\/Logo-IEMJ-Paypal.jpg\",\"width\":150,\"height\":50,\"caption\":\"Institut Europ\u00e9en des Musiques Juives\"},\"image\":{\"@id\":\"https:\\\/\\\/www.iemj.org\\\/en\\\/#\\\/schema\\\/logo\\\/image\\\/\"},\"sameAs\":[\"https:\\\/\\\/www.facebook.com\\\/MusiquesJuives\\\/\",\"https:\\\/\\\/www.instagram.com\\\/musiquesjuives\\\/\",\"https:\\\/\\\/www.youtube.com\\\/user\\\/musiquesjuives\"]},{\"@type\":\"Person\",\"@id\":\"https:\\\/\\\/www.iemj.org\\\/en\\\/#\\\/schema\\\/person\\\/c9bc1c386a3749579a2d675e72a18666\",\"name\":\"Jean-Gabriel Davis\",\"image\":{\"@type\":\"ImageObject\",\"inLanguage\":\"en-US\",\"@id\":\"https:\\\/\\\/secure.gravatar.com\\\/avatar\\\/2b90d67bdf392c9b3a21fab87c0fa7edaf1fb3a058172a1ffd61033fcec7aec1?s=96&d=mm&r=g\",\"url\":\"https:\\\/\\\/secure.gravatar.com\\\/avatar\\\/2b90d67bdf392c9b3a21fab87c0fa7edaf1fb3a058172a1ffd61033fcec7aec1?s=96&d=mm&r=g\",\"contentUrl\":\"https:\\\/\\\/secure.gravatar.com\\\/avatar\\\/2b90d67bdf392c9b3a21fab87c0fa7edaf1fb3a058172a1ffd61033fcec7aec1?s=96&d=mm&r=g\",\"caption\":\"Jean-Gabriel Davis\"}}]}<\/script>\n<!-- \/ Yoast SEO plugin. -->","yoast_head_json":{"title":"Biblical cantillation and psalmody - Jean-Philippe Amar - Institut Europ\u00e9en des Musiques Juives","robots":{"index":"index","follow":"follow","max-snippet":"max-snippet:-1","max-image-preview":"max-image-preview:large","max-video-preview":"max-video-preview:-1"},"canonical":"https:\/\/www.iemj.org\/en\/biblical-cantillation-and-psalmody-jean-philippe-amar\/","og_locale":"en_US","og_type":"article","og_title":"Biblical cantillation and psalmody - Jean-Philippe Amar - Institut Europ\u00e9en des Musiques Juives","og_description":"As part of the day of study Vox Aurea-Via Sacra 2014, dedicated to sacred Jewish music, Jean-Philippe Amar, PhD in ethnomusicology and teacher of music education at the Paris academy,","og_url":"https:\/\/www.iemj.org\/en\/biblical-cantillation-and-psalmody-jean-philippe-amar\/","og_site_name":"Institut Europ\u00e9en des Musiques Juives","article_publisher":"https:\/\/www.facebook.com\/MusiquesJuives\/","article_published_time":"2018-09-27T13:20:27+00:00","article_modified_time":"2025-10-04T16:12:55+00:00","og_image":[{"width":750,"height":780,"url":"https:\/\/www.iemj.org\/wp-content\/uploads\/2018\/09\/arton3636.jpg","type":"image\/jpeg"}],"author":"Jean-Gabriel Davis","twitter_card":"summary_large_image","twitter_misc":{"Written by":"Jean-Gabriel Davis","Est. reading time":"2 minutes"},"schema":{"@context":"https:\/\/schema.org","@graph":[{"@type":"Article","@id":"https:\/\/www.iemj.org\/en\/biblical-cantillation-and-psalmody-jean-philippe-amar\/#article","isPartOf":{"@id":"https:\/\/www.iemj.org\/en\/biblical-cantillation-and-psalmody-jean-philippe-amar\/"},"author":{"name":"Jean-Gabriel Davis","@id":"https:\/\/www.iemj.org\/en\/#\/schema\/person\/c9bc1c386a3749579a2d675e72a18666"},"headline":"Biblical cantillation and psalmody &#8211; Jean-Philippe Amar","datePublished":"2018-09-27T13:20:27+00:00","dateModified":"2025-10-04T16:12:55+00:00","mainEntityOfPage":{"@id":"https:\/\/www.iemj.org\/en\/biblical-cantillation-and-psalmody-jean-philippe-amar\/"},"wordCount":259,"publisher":{"@id":"https:\/\/www.iemj.org\/en\/#organization"},"image":{"@id":"https:\/\/www.iemj.org\/en\/biblical-cantillation-and-psalmody-jean-philippe-amar\/#primaryimage"},"thumbnailUrl":"https:\/\/www.iemj.org\/wp-content\/uploads\/2018\/09\/arton3636.jpg","articleSection":["Lectures \/ conferences"],"inLanguage":"en-US"},{"@type":"WebPage","@id":"https:\/\/www.iemj.org\/en\/biblical-cantillation-and-psalmody-jean-philippe-amar\/","url":"https:\/\/www.iemj.org\/en\/biblical-cantillation-and-psalmody-jean-philippe-amar\/","name":"Biblical cantillation and psalmody - Jean-Philippe Amar - Institut Europ\u00e9en des Musiques Juives","isPartOf":{"@id":"https:\/\/www.iemj.org\/en\/#website"},"primaryImageOfPage":{"@id":"https:\/\/www.iemj.org\/en\/biblical-cantillation-and-psalmody-jean-philippe-amar\/#primaryimage"},"image":{"@id":"https:\/\/www.iemj.org\/en\/biblical-cantillation-and-psalmody-jean-philippe-amar\/#primaryimage"},"thumbnailUrl":"https:\/\/www.iemj.org\/wp-content\/uploads\/2018\/09\/arton3636.jpg","datePublished":"2018-09-27T13:20:27+00:00","dateModified":"2025-10-04T16:12:55+00:00","breadcrumb":{"@id":"https:\/\/www.iemj.org\/en\/biblical-cantillation-and-psalmody-jean-philippe-amar\/#breadcrumb"},"inLanguage":"en-US","potentialAction":[{"@type":"ReadAction","target":["https:\/\/www.iemj.org\/en\/biblical-cantillation-and-psalmody-jean-philippe-amar\/"]}]},{"@type":"ImageObject","inLanguage":"en-US","@id":"https:\/\/www.iemj.org\/en\/biblical-cantillation-and-psalmody-jean-philippe-amar\/#primaryimage","url":"https:\/\/www.iemj.org\/wp-content\/uploads\/2018\/09\/arton3636.jpg","contentUrl":"https:\/\/www.iemj.org\/wp-content\/uploads\/2018\/09\/arton3636.jpg","width":750,"height":780},{"@type":"BreadcrumbList","@id":"https:\/\/www.iemj.org\/en\/biblical-cantillation-and-psalmody-jean-philippe-amar\/#breadcrumb","itemListElement":[{"@type":"ListItem","position":1,"name":"Accueil","item":"https:\/\/www.iemj.org\/en\/"},{"@type":"ListItem","position":2,"name":"Biblical cantillation and psalmody &#8211; Jean-Philippe Amar"}]},{"@type":"WebSite","@id":"https:\/\/www.iemj.org\/en\/#website","url":"https:\/\/www.iemj.org\/en\/","name":"Institut Europ\u00e9en des Musiques Juives","description":"Des traditions musicales \u00e0 la port\u00e9e de tous","publisher":{"@id":"https:\/\/www.iemj.org\/en\/#organization"},"potentialAction":[{"@type":"SearchAction","target":{"@type":"EntryPoint","urlTemplate":"https:\/\/www.iemj.org\/en\/?s={search_term_string}"},"query-input":{"@type":"PropertyValueSpecification","valueRequired":true,"valueName":"search_term_string"}}],"inLanguage":"en-US"},{"@type":"Organization","@id":"https:\/\/www.iemj.org\/en\/#organization","name":"Institut Europ\u00e9en des Musiques Juives","url":"https:\/\/www.iemj.org\/en\/","logo":{"@type":"ImageObject","inLanguage":"en-US","@id":"https:\/\/www.iemj.org\/en\/#\/schema\/logo\/image\/","url":"https:\/\/www.iemj.org\/wp-content\/uploads\/2021\/09\/Logo-IEMJ-Paypal.jpg","contentUrl":"https:\/\/www.iemj.org\/wp-content\/uploads\/2021\/09\/Logo-IEMJ-Paypal.jpg","width":150,"height":50,"caption":"Institut Europ\u00e9en des Musiques Juives"},"image":{"@id":"https:\/\/www.iemj.org\/en\/#\/schema\/logo\/image\/"},"sameAs":["https:\/\/www.facebook.com\/MusiquesJuives\/","https:\/\/www.instagram.com\/musiquesjuives\/","https:\/\/www.youtube.com\/user\/musiquesjuives"]},{"@type":"Person","@id":"https:\/\/www.iemj.org\/en\/#\/schema\/person\/c9bc1c386a3749579a2d675e72a18666","name":"Jean-Gabriel Davis","image":{"@type":"ImageObject","inLanguage":"en-US","@id":"https:\/\/secure.gravatar.com\/avatar\/2b90d67bdf392c9b3a21fab87c0fa7edaf1fb3a058172a1ffd61033fcec7aec1?s=96&d=mm&r=g","url":"https:\/\/secure.gravatar.com\/avatar\/2b90d67bdf392c9b3a21fab87c0fa7edaf1fb3a058172a1ffd61033fcec7aec1?s=96&d=mm&r=g","contentUrl":"https:\/\/secure.gravatar.com\/avatar\/2b90d67bdf392c9b3a21fab87c0fa7edaf1fb3a058172a1ffd61033fcec7aec1?s=96&d=mm&r=g","caption":"Jean-Gabriel Davis"}}]}},"_links":{"self":[{"href":"https:\/\/www.iemj.org\/en\/wp-json\/wp\/v2\/posts\/20982","targetHints":{"allow":["GET"]}}],"collection":[{"href":"https:\/\/www.iemj.org\/en\/wp-json\/wp\/v2\/posts"}],"about":[{"href":"https:\/\/www.iemj.org\/en\/wp-json\/wp\/v2\/types\/post"}],"author":[{"embeddable":true,"href":"https:\/\/www.iemj.org\/en\/wp-json\/wp\/v2\/users\/1048"}],"replies":[{"embeddable":true,"href":"https:\/\/www.iemj.org\/en\/wp-json\/wp\/v2\/comments?post=20982"}],"version-history":[{"count":1,"href":"https:\/\/www.iemj.org\/en\/wp-json\/wp\/v2\/posts\/20982\/revisions"}],"predecessor-version":[{"id":126310,"href":"https:\/\/www.iemj.org\/en\/wp-json\/wp\/v2\/posts\/20982\/revisions\/126310"}],"wp:featuredmedia":[{"embeddable":true,"href":"https:\/\/www.iemj.org\/en\/wp-json\/wp\/v2\/media\/20980"}],"wp:attachment":[{"href":"https:\/\/www.iemj.org\/en\/wp-json\/wp\/v2\/media?parent=20982"}],"wp:term":[{"taxonomy":"category","embeddable":true,"href":"https:\/\/www.iemj.org\/en\/wp-json\/wp\/v2\/categories?post=20982"},{"taxonomy":"post_tag","embeddable":true,"href":"https:\/\/www.iemj.org\/en\/wp-json\/wp\/v2\/tags?post=20982"},{"taxonomy":"technique","embeddable":true,"href":"https:\/\/www.iemj.org\/en\/wp-json\/wp\/v2\/technique?post=20982"},{"taxonomy":"squelettes","embeddable":true,"href":"https:\/\/www.iemj.org\/en\/wp-json\/wp\/v2\/squelettes?post=20982"},{"taxonomy":"sujet","embeddable":true,"href":"https:\/\/www.iemj.org\/en\/wp-json\/wp\/v2\/sujet?post=20982"},{"taxonomy":"formation","embeddable":true,"href":"https:\/\/www.iemj.org\/en\/wp-json\/wp\/v2\/formation?post=20982"},{"taxonomy":"genre","embeddable":true,"href":"https:\/\/www.iemj.org\/en\/wp-json\/wp\/v2\/genre?post=20982"},{"taxonomy":"fonds","embeddable":true,"href":"https:\/\/www.iemj.org\/en\/wp-json\/wp\/v2\/fonds?post=20982"},{"taxonomy":"tradition","embeddable":true,"href":"https:\/\/www.iemj.org\/en\/wp-json\/wp\/v2\/tradition?post=20982"},{"taxonomy":"type-de-contenu","embeddable":true,"href":"https:\/\/www.iemj.org\/en\/wp-json\/wp\/v2\/type-de-contenu?post=20982"},{"taxonomy":"interprete-compositeur","embeddable":true,"href":"https:\/\/www.iemj.org\/en\/wp-json\/wp\/v2\/interprete-compositeur?post=20982"},{"taxonomy":"frise","embeddable":true,"href":"https:\/\/www.iemj.org\/en\/wp-json\/wp\/v2\/frise?post=20982"},{"taxonomy":"type-devenement","embeddable":true,"href":"https:\/\/www.iemj.org\/en\/wp-json\/wp\/v2\/type-devenement?post=20982"},{"taxonomy":"tableaux-liens-externes","embeddable":true,"href":"https:\/\/www.iemj.org\/en\/wp-json\/wp\/v2\/tableaux-liens-externes?post=20982"}],"curies":[{"name":"wp","href":"https:\/\/api.w.org\/{rel}","templated":true}]}}