{"id":21089,"date":"2018-10-03T16:01:22","date_gmt":"2018-10-03T14:01:22","guid":{"rendered":"https:\/\/www.iemj.org\/2018\/10\/03\/concert-exhibition-at-the-chapelle-en-serval-tribute-to-fernand-halphen\/"},"modified":"2023-05-24T17:02:35","modified_gmt":"2023-05-24T15:02:35","slug":"concert-exhibition-at-the-chapelle-en-serval-tribute-to-fernand-halphen","status":"publish","type":"post","link":"https:\/\/www.iemj.org\/en\/concert-exhibition-at-the-chapelle-en-serval-tribute-to-fernand-halphen\/","title":{"rendered":"Concert &#8211; Exhibition at the Chapelle-en-Serval, tribute to Fernand Halphen"},"content":{"rendered":"<p>For the occasion of the exhibition on the centenary of the end of World War I, and to pay tribute to all the killed for France of La Chapelle-en-Serval and Orry-la-ville, in presence of Mister Daniel Dray, Mayor of La Chapelle-en-Serval, of Mister Henri and Miss Nad\u00e8ge Lefebvre President of the Conseil D\u00e9partemental de l\u2019Oise, the salle des F\u00eates de La Chapelle-en-Serval will be renamed &#8220;Fernand Halphen hall&#8221;, in tribute to this composer that received the Rome award and builder of the Mont Royal castle, killed on duty for France.<\/p>\n<p><strong>Inauguration of the Fernand Halphen Hall followed by a concert :<img fetchpriority=\"high\" decoding=\"async\" class=\" alignright size-full wp-image-21036\" src=\"https:\/\/www.iemj.org\/wp-content\/uploads\/2018\/10\/20181007_144852_001_-_redim.jpg\" alt=\"20181007_144852_001_-_redim.jpg\" width=\"168\" height=\"298\" align=\"right\"><\/strong><br>\nA tribute will be given to the Captain <a href=\"https:\/\/www.iemj.org\/en\/halphen-fernand-1872-1917\/\" target=\"_blank\" rel=\"noopener\">Fernand Halphen<\/a> of the 13th artillery regiment, author and composer of a symphony, hundreds of melodies, an opera \u00ab le Cor fleuri \u00bb and other works, killed for France the 16th May 1917.<br>\nThe concert, around his works, will be held in presence of his family and many elected people such as J\u00e9r\u00f4me Bascher, \u00c9ric Woerth, Senator, Deputy of the Oise and Herv\u00e9 Roten, Director of the European Institute for Jewish Music, representing his President Miss Laure Schnapper.<br>\nConcert conducted and led by <strong>Christophe Chauvet<\/strong> at the piano, accompanied by <strong>Elodie KIMMEL<\/strong> (soprano), <strong>Kledis REXHO<\/strong> (violin), and <strong>Martin BARRAL<\/strong> (cello).<\/p>\n<p><strong><em><img decoding=\"async\" class=\" alignleft size-full wp-image-21038\" src=\"https:\/\/www.iemj.org\/wp-content\/uploads\/2018\/10\/20181007_145106_-_pour_aricle_site.jpg\" alt=\"20181007_145106_-_pour_aricle_site.jpg\" width=\"166\" height=\"296\" align=\"left\"><\/em>Information and reservation<\/strong> : Mairie de La Chapelle-en-Serval<br>\nTel : 03 44 54 60 29 or mail : <a href=\"mairie@lces.fr\">mairie@lces.fr<\/a><\/p>\n<p><em>Free entrance<\/em><br>\n&#8211; &#8211; &#8211; &#8211; &#8211;<br>\n<em>This tribute will end with refreshments.<\/em><\/p>\n<h2><strong><a href=\"https:\/\/www.iemj.org\/en\/concert-hommage-a-fernand-halphen-a-la-chapelle-en-serval\/\" target=\"_blank\" rel=\"noopener\">Watch excerpts of the concert<\/a><\/strong><\/h2>\n\n\n<div class=\"wp-block-columns is-layout-flex wp-container-core-columns-is-layout-9d6595d7 wp-block-columns-is-layout-flex\">\n<div class=\"wp-block-column is-layout-flow wp-block-column-is-layout-flow\">\n<figure class=\"wp-block-image size-large\"><img decoding=\"async\" src=\"https:\/\/www.iemj.org\/wp-content\/uploads\/2018\/10\/20181007_144738_-_redim.jpg\" alt=\"\"\/><\/figure>\n\n\n\n<figure class=\"wp-block-image size-large\"><img decoding=\"async\" src=\"https:\/\/www.iemj.org\/wp-content\/uploads\/2018\/10\/20181007_144800_-_redim.jpg\" alt=\"\"\/><\/figure>\n<\/div>\n\n\n\n<div class=\"wp-block-column is-layout-flow wp-block-column-is-layout-flow\">\n<figure class=\"wp-block-image size-large\"><img decoding=\"async\" src=\"https:\/\/www.iemj.org\/wp-content\/uploads\/2018\/10\/20181007_150814_-_redim.jpg\" alt=\"\"\/><\/figure>\n\n\n\n<figure class=\"wp-block-image size-large\"><img decoding=\"async\" src=\"https:\/\/www.iemj.org\/wp-content\/uploads\/2018\/10\/20181007_144656_-_redim.jpg\" alt=\"\"\/><\/figure>\n<\/div>\n<\/div>\n","protected":false},"excerpt":{"rendered":"<p>For the occasion of the exhibition on the centenary of the end of World War I, and to pay tribute to all the killed for France of La Chapelle-en-Serval and<\/p>\n","protected":false},"author":1048,"featured_media":21087,"comment_status":"closed","ping_status":"open","sticky":false,"template":"","format":"standard","meta":{"_acf_changed":false,"footnotes":""},"categories":[1377,1369],"tags":[3416],"technique":[],"squelettes":[],"sujet":[],"formation":[],"genre":[],"fonds":[],"tradition":[],"type-de-contenu":[],"interprete-compositeur":[3163],"frise":[],"type-devenement":[],"tableaux-liens-externes":[],"class_list":["post-21089","post","type-post","status-publish","format-standard","has-post-thumbnail","hentry","category-concerts-events-en","category-events-en","tag-partners-events-en","interprete-compositeur-fernand-halphen-en"],"acf":[],"yoast_head":"<!-- This site is optimized with the Yoast SEO plugin v27.3 - https:\/\/yoast.com\/product\/yoast-seo-wordpress\/ -->\n<title>Concert - Exhibition at the Chapelle-en-Serval, tribute to Fernand Halphen - Institut Europ\u00e9en des Musiques Juives<\/title>\n<meta name=\"robots\" content=\"noindex, follow\" \/>\n<meta property=\"og:locale\" content=\"en_US\" \/>\n<meta property=\"og:type\" content=\"article\" \/>\n<meta property=\"og:title\" content=\"Concert - Exhibition at the Chapelle-en-Serval, tribute to Fernand Halphen - Institut Europ\u00e9en des Musiques Juives\" \/>\n<meta property=\"og:description\" content=\"For the occasion of the exhibition on the centenary of the end of World War I, and to pay tribute to all the killed for France of La Chapelle-en-Serval and\" \/>\n<meta property=\"og:url\" content=\"https:\/\/www.iemj.org\/en\/concert-exhibition-at-the-chapelle-en-serval-tribute-to-fernand-halphen\/\" \/>\n<meta property=\"og:site_name\" content=\"Institut Europ\u00e9en des Musiques Juives\" \/>\n<meta property=\"article:publisher\" content=\"https:\/\/www.facebook.com\/MusiquesJuives\/\" \/>\n<meta property=\"article:published_time\" content=\"2018-10-03T14:01:22+00:00\" \/>\n<meta property=\"article:modified_time\" content=\"2023-05-24T15:02:35+00:00\" \/>\n<meta property=\"og:image\" content=\"https:\/\/www.iemj.org\/wp-content\/uploads\/2018\/10\/arton3649.jpg\" \/>\n\t<meta property=\"og:image:width\" content=\"300\" \/>\n\t<meta property=\"og:image:height\" content=\"212\" \/>\n\t<meta property=\"og:image:type\" content=\"image\/jpeg\" \/>\n<meta name=\"author\" content=\"Jean-Gabriel Davis\" \/>\n<meta name=\"twitter:card\" content=\"summary_large_image\" \/>\n<meta name=\"twitter:label1\" content=\"Written by\" \/>\n\t<meta name=\"twitter:data1\" content=\"Jean-Gabriel Davis\" \/>\n\t<meta name=\"twitter:label2\" content=\"Est. reading time\" \/>\n\t<meta name=\"twitter:data2\" content=\"3 minutes\" \/>\n<script type=\"application\/ld+json\" class=\"yoast-schema-graph\">{\"@context\":\"https:\\\/\\\/schema.org\",\"@graph\":[{\"@type\":\"Article\",\"@id\":\"https:\\\/\\\/www.iemj.org\\\/en\\\/concert-exhibition-at-the-chapelle-en-serval-tribute-to-fernand-halphen\\\/#article\",\"isPartOf\":{\"@id\":\"https:\\\/\\\/www.iemj.org\\\/en\\\/concert-exhibition-at-the-chapelle-en-serval-tribute-to-fernand-halphen\\\/\"},\"author\":{\"name\":\"Jean-Gabriel Davis\",\"@id\":\"https:\\\/\\\/www.iemj.org\\\/en\\\/#\\\/schema\\\/person\\\/c9bc1c386a3749579a2d675e72a18666\"},\"headline\":\"Concert &#8211; Exhibition at the Chapelle-en-Serval, tribute to Fernand Halphen\",\"datePublished\":\"2018-10-03T14:01:22+00:00\",\"dateModified\":\"2023-05-24T15:02:35+00:00\",\"mainEntityOfPage\":{\"@id\":\"https:\\\/\\\/www.iemj.org\\\/en\\\/concert-exhibition-at-the-chapelle-en-serval-tribute-to-fernand-halphen\\\/\"},\"wordCount\":252,\"publisher\":{\"@id\":\"https:\\\/\\\/www.iemj.org\\\/en\\\/#organization\"},\"image\":{\"@id\":\"https:\\\/\\\/www.iemj.org\\\/en\\\/concert-exhibition-at-the-chapelle-en-serval-tribute-to-fernand-halphen\\\/#primaryimage\"},\"thumbnailUrl\":\"https:\\\/\\\/www.iemj.org\\\/wp-content\\\/uploads\\\/2018\\\/10\\\/arton3649.jpg\",\"keywords\":[\"Partners' events\"],\"articleSection\":[\"Concerts\",\"Events\"],\"inLanguage\":\"en-US\"},{\"@type\":\"WebPage\",\"@id\":\"https:\\\/\\\/www.iemj.org\\\/en\\\/concert-exhibition-at-the-chapelle-en-serval-tribute-to-fernand-halphen\\\/\",\"url\":\"https:\\\/\\\/www.iemj.org\\\/en\\\/concert-exhibition-at-the-chapelle-en-serval-tribute-to-fernand-halphen\\\/\",\"name\":\"Concert - Exhibition at the Chapelle-en-Serval, tribute to Fernand Halphen - Institut Europ\u00e9en des Musiques Juives\",\"isPartOf\":{\"@id\":\"https:\\\/\\\/www.iemj.org\\\/en\\\/#website\"},\"primaryImageOfPage\":{\"@id\":\"https:\\\/\\\/www.iemj.org\\\/en\\\/concert-exhibition-at-the-chapelle-en-serval-tribute-to-fernand-halphen\\\/#primaryimage\"},\"image\":{\"@id\":\"https:\\\/\\\/www.iemj.org\\\/en\\\/concert-exhibition-at-the-chapelle-en-serval-tribute-to-fernand-halphen\\\/#primaryimage\"},\"thumbnailUrl\":\"https:\\\/\\\/www.iemj.org\\\/wp-content\\\/uploads\\\/2018\\\/10\\\/arton3649.jpg\",\"datePublished\":\"2018-10-03T14:01:22+00:00\",\"dateModified\":\"2023-05-24T15:02:35+00:00\",\"breadcrumb\":{\"@id\":\"https:\\\/\\\/www.iemj.org\\\/en\\\/concert-exhibition-at-the-chapelle-en-serval-tribute-to-fernand-halphen\\\/#breadcrumb\"},\"inLanguage\":\"en-US\",\"potentialAction\":[{\"@type\":\"ReadAction\",\"target\":[\"https:\\\/\\\/www.iemj.org\\\/en\\\/concert-exhibition-at-the-chapelle-en-serval-tribute-to-fernand-halphen\\\/\"]}]},{\"@type\":\"ImageObject\",\"inLanguage\":\"en-US\",\"@id\":\"https:\\\/\\\/www.iemj.org\\\/en\\\/concert-exhibition-at-the-chapelle-en-serval-tribute-to-fernand-halphen\\\/#primaryimage\",\"url\":\"https:\\\/\\\/www.iemj.org\\\/wp-content\\\/uploads\\\/2018\\\/10\\\/arton3649.jpg\",\"contentUrl\":\"https:\\\/\\\/www.iemj.org\\\/wp-content\\\/uploads\\\/2018\\\/10\\\/arton3649.jpg\",\"width\":300,\"height\":212},{\"@type\":\"BreadcrumbList\",\"@id\":\"https:\\\/\\\/www.iemj.org\\\/en\\\/concert-exhibition-at-the-chapelle-en-serval-tribute-to-fernand-halphen\\\/#breadcrumb\",\"itemListElement\":[{\"@type\":\"ListItem\",\"position\":1,\"name\":\"Accueil\",\"item\":\"https:\\\/\\\/www.iemj.org\\\/en\\\/\"},{\"@type\":\"ListItem\",\"position\":2,\"name\":\"Concert &#8211; Exhibition at the Chapelle-en-Serval, tribute to Fernand Halphen\"}]},{\"@type\":\"WebSite\",\"@id\":\"https:\\\/\\\/www.iemj.org\\\/en\\\/#website\",\"url\":\"https:\\\/\\\/www.iemj.org\\\/en\\\/\",\"name\":\"Institut Europ\u00e9en des Musiques Juives\",\"description\":\"Des traditions musicales \u00e0 la port\u00e9e de tous\",\"publisher\":{\"@id\":\"https:\\\/\\\/www.iemj.org\\\/en\\\/#organization\"},\"potentialAction\":[{\"@type\":\"SearchAction\",\"target\":{\"@type\":\"EntryPoint\",\"urlTemplate\":\"https:\\\/\\\/www.iemj.org\\\/en\\\/?s={search_term_string}\"},\"query-input\":{\"@type\":\"PropertyValueSpecification\",\"valueRequired\":true,\"valueName\":\"search_term_string\"}}],\"inLanguage\":\"en-US\"},{\"@type\":\"Organization\",\"@id\":\"https:\\\/\\\/www.iemj.org\\\/en\\\/#organization\",\"name\":\"Institut Europ\u00e9en des Musiques Juives\",\"url\":\"https:\\\/\\\/www.iemj.org\\\/en\\\/\",\"logo\":{\"@type\":\"ImageObject\",\"inLanguage\":\"en-US\",\"@id\":\"https:\\\/\\\/www.iemj.org\\\/en\\\/#\\\/schema\\\/logo\\\/image\\\/\",\"url\":\"https:\\\/\\\/www.iemj.org\\\/wp-content\\\/uploads\\\/2021\\\/09\\\/Logo-IEMJ-Paypal.jpg\",\"contentUrl\":\"https:\\\/\\\/www.iemj.org\\\/wp-content\\\/uploads\\\/2021\\\/09\\\/Logo-IEMJ-Paypal.jpg\",\"width\":150,\"height\":50,\"caption\":\"Institut Europ\u00e9en des Musiques Juives\"},\"image\":{\"@id\":\"https:\\\/\\\/www.iemj.org\\\/en\\\/#\\\/schema\\\/logo\\\/image\\\/\"},\"sameAs\":[\"https:\\\/\\\/www.facebook.com\\\/MusiquesJuives\\\/\",\"https:\\\/\\\/www.instagram.com\\\/musiquesjuives\\\/\",\"https:\\\/\\\/www.youtube.com\\\/user\\\/musiquesjuives\"]},{\"@type\":\"Person\",\"@id\":\"https:\\\/\\\/www.iemj.org\\\/en\\\/#\\\/schema\\\/person\\\/c9bc1c386a3749579a2d675e72a18666\",\"name\":\"Jean-Gabriel Davis\",\"image\":{\"@type\":\"ImageObject\",\"inLanguage\":\"en-US\",\"@id\":\"https:\\\/\\\/secure.gravatar.com\\\/avatar\\\/2b90d67bdf392c9b3a21fab87c0fa7edaf1fb3a058172a1ffd61033fcec7aec1?s=96&d=mm&r=g\",\"url\":\"https:\\\/\\\/secure.gravatar.com\\\/avatar\\\/2b90d67bdf392c9b3a21fab87c0fa7edaf1fb3a058172a1ffd61033fcec7aec1?s=96&d=mm&r=g\",\"contentUrl\":\"https:\\\/\\\/secure.gravatar.com\\\/avatar\\\/2b90d67bdf392c9b3a21fab87c0fa7edaf1fb3a058172a1ffd61033fcec7aec1?s=96&d=mm&r=g\",\"caption\":\"Jean-Gabriel Davis\"}}]}<\/script>\n<!-- \/ Yoast SEO plugin. -->","yoast_head_json":{"title":"Concert - Exhibition at the Chapelle-en-Serval, tribute to Fernand Halphen - Institut Europ\u00e9en des Musiques Juives","robots":{"index":"noindex","follow":"follow"},"og_locale":"en_US","og_type":"article","og_title":"Concert - Exhibition at the Chapelle-en-Serval, tribute to Fernand Halphen - Institut Europ\u00e9en des Musiques Juives","og_description":"For the occasion of the exhibition on the centenary of the end of World War I, and to pay tribute to all the killed for France of La Chapelle-en-Serval and","og_url":"https:\/\/www.iemj.org\/en\/concert-exhibition-at-the-chapelle-en-serval-tribute-to-fernand-halphen\/","og_site_name":"Institut Europ\u00e9en des Musiques Juives","article_publisher":"https:\/\/www.facebook.com\/MusiquesJuives\/","article_published_time":"2018-10-03T14:01:22+00:00","article_modified_time":"2023-05-24T15:02:35+00:00","og_image":[{"width":300,"height":212,"url":"https:\/\/www.iemj.org\/wp-content\/uploads\/2018\/10\/arton3649.jpg","type":"image\/jpeg"}],"author":"Jean-Gabriel Davis","twitter_card":"summary_large_image","twitter_misc":{"Written by":"Jean-Gabriel Davis","Est. reading time":"3 minutes"},"schema":{"@context":"https:\/\/schema.org","@graph":[{"@type":"Article","@id":"https:\/\/www.iemj.org\/en\/concert-exhibition-at-the-chapelle-en-serval-tribute-to-fernand-halphen\/#article","isPartOf":{"@id":"https:\/\/www.iemj.org\/en\/concert-exhibition-at-the-chapelle-en-serval-tribute-to-fernand-halphen\/"},"author":{"name":"Jean-Gabriel Davis","@id":"https:\/\/www.iemj.org\/en\/#\/schema\/person\/c9bc1c386a3749579a2d675e72a18666"},"headline":"Concert &#8211; Exhibition at the Chapelle-en-Serval, tribute to Fernand Halphen","datePublished":"2018-10-03T14:01:22+00:00","dateModified":"2023-05-24T15:02:35+00:00","mainEntityOfPage":{"@id":"https:\/\/www.iemj.org\/en\/concert-exhibition-at-the-chapelle-en-serval-tribute-to-fernand-halphen\/"},"wordCount":252,"publisher":{"@id":"https:\/\/www.iemj.org\/en\/#organization"},"image":{"@id":"https:\/\/www.iemj.org\/en\/concert-exhibition-at-the-chapelle-en-serval-tribute-to-fernand-halphen\/#primaryimage"},"thumbnailUrl":"https:\/\/www.iemj.org\/wp-content\/uploads\/2018\/10\/arton3649.jpg","keywords":["Partners' events"],"articleSection":["Concerts","Events"],"inLanguage":"en-US"},{"@type":"WebPage","@id":"https:\/\/www.iemj.org\/en\/concert-exhibition-at-the-chapelle-en-serval-tribute-to-fernand-halphen\/","url":"https:\/\/www.iemj.org\/en\/concert-exhibition-at-the-chapelle-en-serval-tribute-to-fernand-halphen\/","name":"Concert - Exhibition at the Chapelle-en-Serval, tribute to Fernand Halphen - Institut Europ\u00e9en des Musiques Juives","isPartOf":{"@id":"https:\/\/www.iemj.org\/en\/#website"},"primaryImageOfPage":{"@id":"https:\/\/www.iemj.org\/en\/concert-exhibition-at-the-chapelle-en-serval-tribute-to-fernand-halphen\/#primaryimage"},"image":{"@id":"https:\/\/www.iemj.org\/en\/concert-exhibition-at-the-chapelle-en-serval-tribute-to-fernand-halphen\/#primaryimage"},"thumbnailUrl":"https:\/\/www.iemj.org\/wp-content\/uploads\/2018\/10\/arton3649.jpg","datePublished":"2018-10-03T14:01:22+00:00","dateModified":"2023-05-24T15:02:35+00:00","breadcrumb":{"@id":"https:\/\/www.iemj.org\/en\/concert-exhibition-at-the-chapelle-en-serval-tribute-to-fernand-halphen\/#breadcrumb"},"inLanguage":"en-US","potentialAction":[{"@type":"ReadAction","target":["https:\/\/www.iemj.org\/en\/concert-exhibition-at-the-chapelle-en-serval-tribute-to-fernand-halphen\/"]}]},{"@type":"ImageObject","inLanguage":"en-US","@id":"https:\/\/www.iemj.org\/en\/concert-exhibition-at-the-chapelle-en-serval-tribute-to-fernand-halphen\/#primaryimage","url":"https:\/\/www.iemj.org\/wp-content\/uploads\/2018\/10\/arton3649.jpg","contentUrl":"https:\/\/www.iemj.org\/wp-content\/uploads\/2018\/10\/arton3649.jpg","width":300,"height":212},{"@type":"BreadcrumbList","@id":"https:\/\/www.iemj.org\/en\/concert-exhibition-at-the-chapelle-en-serval-tribute-to-fernand-halphen\/#breadcrumb","itemListElement":[{"@type":"ListItem","position":1,"name":"Accueil","item":"https:\/\/www.iemj.org\/en\/"},{"@type":"ListItem","position":2,"name":"Concert &#8211; Exhibition at the Chapelle-en-Serval, tribute to Fernand Halphen"}]},{"@type":"WebSite","@id":"https:\/\/www.iemj.org\/en\/#website","url":"https:\/\/www.iemj.org\/en\/","name":"Institut Europ\u00e9en des Musiques Juives","description":"Des traditions musicales \u00e0 la port\u00e9e de tous","publisher":{"@id":"https:\/\/www.iemj.org\/en\/#organization"},"potentialAction":[{"@type":"SearchAction","target":{"@type":"EntryPoint","urlTemplate":"https:\/\/www.iemj.org\/en\/?s={search_term_string}"},"query-input":{"@type":"PropertyValueSpecification","valueRequired":true,"valueName":"search_term_string"}}],"inLanguage":"en-US"},{"@type":"Organization","@id":"https:\/\/www.iemj.org\/en\/#organization","name":"Institut Europ\u00e9en des Musiques Juives","url":"https:\/\/www.iemj.org\/en\/","logo":{"@type":"ImageObject","inLanguage":"en-US","@id":"https:\/\/www.iemj.org\/en\/#\/schema\/logo\/image\/","url":"https:\/\/www.iemj.org\/wp-content\/uploads\/2021\/09\/Logo-IEMJ-Paypal.jpg","contentUrl":"https:\/\/www.iemj.org\/wp-content\/uploads\/2021\/09\/Logo-IEMJ-Paypal.jpg","width":150,"height":50,"caption":"Institut Europ\u00e9en des Musiques Juives"},"image":{"@id":"https:\/\/www.iemj.org\/en\/#\/schema\/logo\/image\/"},"sameAs":["https:\/\/www.facebook.com\/MusiquesJuives\/","https:\/\/www.instagram.com\/musiquesjuives\/","https:\/\/www.youtube.com\/user\/musiquesjuives"]},{"@type":"Person","@id":"https:\/\/www.iemj.org\/en\/#\/schema\/person\/c9bc1c386a3749579a2d675e72a18666","name":"Jean-Gabriel Davis","image":{"@type":"ImageObject","inLanguage":"en-US","@id":"https:\/\/secure.gravatar.com\/avatar\/2b90d67bdf392c9b3a21fab87c0fa7edaf1fb3a058172a1ffd61033fcec7aec1?s=96&d=mm&r=g","url":"https:\/\/secure.gravatar.com\/avatar\/2b90d67bdf392c9b3a21fab87c0fa7edaf1fb3a058172a1ffd61033fcec7aec1?s=96&d=mm&r=g","contentUrl":"https:\/\/secure.gravatar.com\/avatar\/2b90d67bdf392c9b3a21fab87c0fa7edaf1fb3a058172a1ffd61033fcec7aec1?s=96&d=mm&r=g","caption":"Jean-Gabriel Davis"}}]}},"_links":{"self":[{"href":"https:\/\/www.iemj.org\/en\/wp-json\/wp\/v2\/posts\/21089","targetHints":{"allow":["GET"]}}],"collection":[{"href":"https:\/\/www.iemj.org\/en\/wp-json\/wp\/v2\/posts"}],"about":[{"href":"https:\/\/www.iemj.org\/en\/wp-json\/wp\/v2\/types\/post"}],"author":[{"embeddable":true,"href":"https:\/\/www.iemj.org\/en\/wp-json\/wp\/v2\/users\/1048"}],"replies":[{"embeddable":true,"href":"https:\/\/www.iemj.org\/en\/wp-json\/wp\/v2\/comments?post=21089"}],"version-history":[{"count":0,"href":"https:\/\/www.iemj.org\/en\/wp-json\/wp\/v2\/posts\/21089\/revisions"}],"wp:featuredmedia":[{"embeddable":true,"href":"https:\/\/www.iemj.org\/en\/wp-json\/wp\/v2\/media\/21087"}],"wp:attachment":[{"href":"https:\/\/www.iemj.org\/en\/wp-json\/wp\/v2\/media?parent=21089"}],"wp:term":[{"taxonomy":"category","embeddable":true,"href":"https:\/\/www.iemj.org\/en\/wp-json\/wp\/v2\/categories?post=21089"},{"taxonomy":"post_tag","embeddable":true,"href":"https:\/\/www.iemj.org\/en\/wp-json\/wp\/v2\/tags?post=21089"},{"taxonomy":"technique","embeddable":true,"href":"https:\/\/www.iemj.org\/en\/wp-json\/wp\/v2\/technique?post=21089"},{"taxonomy":"squelettes","embeddable":true,"href":"https:\/\/www.iemj.org\/en\/wp-json\/wp\/v2\/squelettes?post=21089"},{"taxonomy":"sujet","embeddable":true,"href":"https:\/\/www.iemj.org\/en\/wp-json\/wp\/v2\/sujet?post=21089"},{"taxonomy":"formation","embeddable":true,"href":"https:\/\/www.iemj.org\/en\/wp-json\/wp\/v2\/formation?post=21089"},{"taxonomy":"genre","embeddable":true,"href":"https:\/\/www.iemj.org\/en\/wp-json\/wp\/v2\/genre?post=21089"},{"taxonomy":"fonds","embeddable":true,"href":"https:\/\/www.iemj.org\/en\/wp-json\/wp\/v2\/fonds?post=21089"},{"taxonomy":"tradition","embeddable":true,"href":"https:\/\/www.iemj.org\/en\/wp-json\/wp\/v2\/tradition?post=21089"},{"taxonomy":"type-de-contenu","embeddable":true,"href":"https:\/\/www.iemj.org\/en\/wp-json\/wp\/v2\/type-de-contenu?post=21089"},{"taxonomy":"interprete-compositeur","embeddable":true,"href":"https:\/\/www.iemj.org\/en\/wp-json\/wp\/v2\/interprete-compositeur?post=21089"},{"taxonomy":"frise","embeddable":true,"href":"https:\/\/www.iemj.org\/en\/wp-json\/wp\/v2\/frise?post=21089"},{"taxonomy":"type-devenement","embeddable":true,"href":"https:\/\/www.iemj.org\/en\/wp-json\/wp\/v2\/type-devenement?post=21089"},{"taxonomy":"tableaux-liens-externes","embeddable":true,"href":"https:\/\/www.iemj.org\/en\/wp-json\/wp\/v2\/tableaux-liens-externes?post=21089"}],"curies":[{"name":"wp","href":"https:\/\/api.w.org\/{rel}","templated":true}]}}