{"id":21672,"date":"2018-11-13T09:58:55","date_gmt":"2018-11-13T08:58:55","guid":{"rendered":"https:\/\/www.iemj.org\/2018\/11\/13\/symposium-concert-isaac-strauss-musician-and-collector-under-the-second-empire\/"},"modified":"2023-06-28T10:36:35","modified_gmt":"2023-06-28T08:36:35","slug":"symposium-concert-isaac-strauss-musician-and-collector-under-the-second-empire","status":"publish","type":"post","link":"https:\/\/www.iemj.org\/en\/symposium-concert-isaac-strauss-musician-and-collector-under-the-second-empire\/","title":{"rendered":"Symposium \/ concert : Isaac Strauss, musician and collector under the Second Empire"},"content":{"rendered":"<h2><em>Radio program and video about Isaac Strauss at the bottom of the page<\/em><\/h2>\n<p>With the participation of <strong>Dominique Jarrass\u00e9<\/strong>, university of Bordeaux III ; <strong>C\u00e9dric Kleinklaus<\/strong>, musician ; Corinne Legoy, university of Orl\u00e9ans ; <strong>Xavier Mauduit<\/strong>, historian and journalist on Arte ; <strong>Laure Schnapper<\/strong> et <strong>Jean-Claude Yon<\/strong><\/p>\n<p><strong>Isaac Strauss<\/strong> (1806-1888), great grandfather of Claude L\u00e9vi-Strauss, constituted in the XIXth century an important collection of works and artcrafts, including judaica are at the origins of the MAHJ collections. He was able to fulfill his passion thanks to an exceptional musical carrier.<br \/>\nClose to the Empress Eug\u00e9nie, the \u00ab Strauss of Paris \u00bb, first violonist, was known as a conductor, composer and concert entrepreneur, in particular in Vichy and at the Paris opera, until the end of the Second Empire.<br \/>\nHis carrier as a conductor and the music he composed for balls had until now never been studied.<\/p>\n<p><a href=\"https:\/\/www.iemj.org\/concert-isaac-strauss-par-lorchestre-eugenie\/\"><strong>Symposium followed by a concert at 17h30<\/strong><\/a><br \/>\nBy the <strong>Orchestre Eug\u00e9nie<\/strong>,salon orchestra of Parisian tradition<br \/>\nMusical direction by <strong>Marc-Antoine Pingeon<\/strong><br \/>\nPiano, violin, cello, oboe, horn, doublebass, percussions<\/p>\n<p>This event will end with a concert which will allow to heatr pieces (valses, marchs, quadrilles, polkas, romances) from the immense catalogue of Isaac Strauss, and in particular the imperial March, which opened each official bal at the Tuileries as well as other compositions from his contemporary and heirs.<\/p>\n<p>In echo with the meeting \u00ab From the Isaac Strauss collection at the mahJ \u00bb, thursday 11th October 2018 at 19h30.<\/p>\n<h2>Program<\/h2>\n<p>&gt; <strong>10h30<\/strong><br \/>\nLes fastes du Second Empire<br \/>\nJean-Claude Yon, universit\u00e9 de Versailles-Saint-Quentin-en-Yvelines, EPHE<br \/>\n&gt; <strong>11h<\/strong><br \/>\nLa carri\u00e8re d&#8217;Isaac Strauss. \u00c9l\u00e9ments de biographie<br \/>\nLaure Schnapper, EHESS<br \/>\n&gt; <strong>11h30<\/strong><br \/>\nLes collections d&#8217;Isaac Strauss<br \/>\nDominique Jarrass\u00e9, universit\u00e9 de Bordeaux III<br \/>\n&gt; <strong>12h<\/strong><br \/>\nD\u00e9bat avec le public<\/p>\n<p>Pause d\u00e9jeuner<\/p>\n<p>&gt; <strong>14h<\/strong><br \/>\nLe service de la musique de la chapelle et de la chambre dans la Maison de l&#8217;Empereur<br \/>\nXavier Mauduit, historien et chroniqueur Arte<br \/>\n&gt; <strong>14h30<\/strong><br \/>\n\u00ab Musard est mort : vive Strauss ! \u00bb, les bals de l\u2019Op\u00e9ra, du Napol\u00e9on de la contre-danse au Tamerlan de la valse<br \/>\nCorinne Legoy, universit\u00e9 d\u2019Orl\u00e9ans<br \/>\n&gt; <strong>15h<\/strong><br \/>\nStrauss entrepreneur de concerts<br \/>\nLaure Schnapper, EHESS, et C\u00e9dric Kleinklaus, musicien<br \/>\n&gt; <strong>15h30<\/strong><br \/>\nStrauss compositeur<br \/>\nLaure Schnapper et C\u00e9dric Kleinklaus<br \/>\n&gt; <strong>16h<\/strong><br \/>\nD\u00e9bat avec le public<\/p>\n<p>Supported by the\u2019EHESS, the EPHE, the laboratoire SAPRAT, the university of Versailles Saint-Quentin-en-Yvelines and the Institut europ\u00e9en des musiques juives.<\/p>\n<p><em> <strong>Free with reservation according to the number of tickets available<\/strong> <\/em><\/p>\n","protected":false},"excerpt":{"rendered":"<p>Radio program and video about Isaac Strauss at the bottom of the page With the participation of Dominique Jarrass\u00e9, university of Bordeaux III ; C\u00e9dric Kleinklaus, musician ; Corinne Legoy,<\/p>\n","protected":false},"author":1048,"featured_media":21670,"comment_status":"closed","ping_status":"open","sticky":false,"template":"","format":"standard","meta":{"_acf_changed":false,"footnotes":""},"categories":[1369,1373],"tags":[3416],"technique":[],"squelettes":[],"sujet":[],"formation":[],"genre":[],"fonds":[],"tradition":[],"type-de-contenu":[],"interprete-compositeur":[],"frise":[],"type-devenement":[],"tableaux-liens-externes":[],"class_list":["post-21672","post","type-post","status-publish","format-standard","has-post-thumbnail","hentry","category-events-en","category-seminar-en","tag-partners-events-en"],"acf":[],"yoast_head":"<!-- This site is optimized with the Yoast SEO plugin v27.3 - https:\/\/yoast.com\/product\/yoast-seo-wordpress\/ -->\n<title>Symposium \/ concert : Isaac Strauss, musician and collector under the Second Empire - Institut Europ\u00e9en des Musiques Juives<\/title>\n<meta name=\"robots\" content=\"index, follow, max-snippet:-1, max-image-preview:large, max-video-preview:-1\" \/>\n<link rel=\"canonical\" href=\"https:\/\/www.iemj.org\/en\/symposium-concert-isaac-strauss-musician-and-collector-under-the-second-empire\/\" \/>\n<meta property=\"og:locale\" content=\"en_US\" \/>\n<meta property=\"og:type\" content=\"article\" \/>\n<meta property=\"og:title\" content=\"Symposium \/ concert : Isaac Strauss, musician and collector under the Second Empire - Institut Europ\u00e9en des Musiques Juives\" \/>\n<meta property=\"og:description\" content=\"Radio program and video about Isaac Strauss at the bottom of the page With the participation of Dominique Jarrass\u00e9, university of Bordeaux III ; C\u00e9dric Kleinklaus, musician ; Corinne Legoy,\" \/>\n<meta property=\"og:url\" content=\"https:\/\/www.iemj.org\/en\/symposium-concert-isaac-strauss-musician-and-collector-under-the-second-empire\/\" \/>\n<meta property=\"og:site_name\" content=\"Institut Europ\u00e9en des Musiques Juives\" \/>\n<meta property=\"article:publisher\" content=\"https:\/\/www.facebook.com\/MusiquesJuives\/\" \/>\n<meta property=\"article:published_time\" content=\"2018-11-13T08:58:55+00:00\" \/>\n<meta property=\"article:modified_time\" content=\"2023-06-28T08:36:35+00:00\" \/>\n<meta property=\"og:image\" content=\"https:\/\/www.iemj.org\/wp-content\/uploads\/2018\/11\/arton3744.jpg\" \/>\n\t<meta property=\"og:image:width\" content=\"322\" \/>\n\t<meta property=\"og:image:height\" content=\"448\" \/>\n\t<meta property=\"og:image:type\" content=\"image\/jpeg\" \/>\n<meta name=\"author\" content=\"Jean-Gabriel Davis\" \/>\n<meta name=\"twitter:card\" content=\"summary_large_image\" \/>\n<meta name=\"twitter:label1\" content=\"Written by\" \/>\n\t<meta name=\"twitter:data1\" content=\"Jean-Gabriel Davis\" \/>\n\t<meta name=\"twitter:label2\" content=\"Est. reading time\" \/>\n\t<meta name=\"twitter:data2\" content=\"2 minutes\" \/>\n<script type=\"application\/ld+json\" class=\"yoast-schema-graph\">{\"@context\":\"https:\\\/\\\/schema.org\",\"@graph\":[{\"@type\":\"Article\",\"@id\":\"https:\\\/\\\/www.iemj.org\\\/en\\\/symposium-concert-isaac-strauss-musician-and-collector-under-the-second-empire\\\/#article\",\"isPartOf\":{\"@id\":\"https:\\\/\\\/www.iemj.org\\\/en\\\/symposium-concert-isaac-strauss-musician-and-collector-under-the-second-empire\\\/\"},\"author\":{\"name\":\"Jean-Gabriel Davis\",\"@id\":\"https:\\\/\\\/www.iemj.org\\\/en\\\/#\\\/schema\\\/person\\\/c9bc1c386a3749579a2d675e72a18666\"},\"headline\":\"Symposium \\\/ concert : Isaac Strauss, musician and collector under the Second Empire\",\"datePublished\":\"2018-11-13T08:58:55+00:00\",\"dateModified\":\"2023-06-28T08:36:35+00:00\",\"mainEntityOfPage\":{\"@id\":\"https:\\\/\\\/www.iemj.org\\\/en\\\/symposium-concert-isaac-strauss-musician-and-collector-under-the-second-empire\\\/\"},\"wordCount\":422,\"publisher\":{\"@id\":\"https:\\\/\\\/www.iemj.org\\\/en\\\/#organization\"},\"image\":{\"@id\":\"https:\\\/\\\/www.iemj.org\\\/en\\\/symposium-concert-isaac-strauss-musician-and-collector-under-the-second-empire\\\/#primaryimage\"},\"thumbnailUrl\":\"https:\\\/\\\/www.iemj.org\\\/wp-content\\\/uploads\\\/2018\\\/11\\\/arton3744.jpg\",\"keywords\":[\"Partners' events\"],\"articleSection\":[\"Events\",\"Seminar\"],\"inLanguage\":\"en-US\"},{\"@type\":\"WebPage\",\"@id\":\"https:\\\/\\\/www.iemj.org\\\/en\\\/symposium-concert-isaac-strauss-musician-and-collector-under-the-second-empire\\\/\",\"url\":\"https:\\\/\\\/www.iemj.org\\\/en\\\/symposium-concert-isaac-strauss-musician-and-collector-under-the-second-empire\\\/\",\"name\":\"Symposium \\\/ concert : Isaac Strauss, musician and collector under the Second Empire - Institut Europ\u00e9en des Musiques Juives\",\"isPartOf\":{\"@id\":\"https:\\\/\\\/www.iemj.org\\\/en\\\/#website\"},\"primaryImageOfPage\":{\"@id\":\"https:\\\/\\\/www.iemj.org\\\/en\\\/symposium-concert-isaac-strauss-musician-and-collector-under-the-second-empire\\\/#primaryimage\"},\"image\":{\"@id\":\"https:\\\/\\\/www.iemj.org\\\/en\\\/symposium-concert-isaac-strauss-musician-and-collector-under-the-second-empire\\\/#primaryimage\"},\"thumbnailUrl\":\"https:\\\/\\\/www.iemj.org\\\/wp-content\\\/uploads\\\/2018\\\/11\\\/arton3744.jpg\",\"datePublished\":\"2018-11-13T08:58:55+00:00\",\"dateModified\":\"2023-06-28T08:36:35+00:00\",\"breadcrumb\":{\"@id\":\"https:\\\/\\\/www.iemj.org\\\/en\\\/symposium-concert-isaac-strauss-musician-and-collector-under-the-second-empire\\\/#breadcrumb\"},\"inLanguage\":\"en-US\",\"potentialAction\":[{\"@type\":\"ReadAction\",\"target\":[\"https:\\\/\\\/www.iemj.org\\\/en\\\/symposium-concert-isaac-strauss-musician-and-collector-under-the-second-empire\\\/\"]}]},{\"@type\":\"ImageObject\",\"inLanguage\":\"en-US\",\"@id\":\"https:\\\/\\\/www.iemj.org\\\/en\\\/symposium-concert-isaac-strauss-musician-and-collector-under-the-second-empire\\\/#primaryimage\",\"url\":\"https:\\\/\\\/www.iemj.org\\\/wp-content\\\/uploads\\\/2018\\\/11\\\/arton3744.jpg\",\"contentUrl\":\"https:\\\/\\\/www.iemj.org\\\/wp-content\\\/uploads\\\/2018\\\/11\\\/arton3744.jpg\",\"width\":322,\"height\":448},{\"@type\":\"BreadcrumbList\",\"@id\":\"https:\\\/\\\/www.iemj.org\\\/en\\\/symposium-concert-isaac-strauss-musician-and-collector-under-the-second-empire\\\/#breadcrumb\",\"itemListElement\":[{\"@type\":\"ListItem\",\"position\":1,\"name\":\"Accueil\",\"item\":\"https:\\\/\\\/www.iemj.org\\\/en\\\/\"},{\"@type\":\"ListItem\",\"position\":2,\"name\":\"Symposium \\\/ concert : Isaac Strauss, musician and collector under the Second Empire\"}]},{\"@type\":\"WebSite\",\"@id\":\"https:\\\/\\\/www.iemj.org\\\/en\\\/#website\",\"url\":\"https:\\\/\\\/www.iemj.org\\\/en\\\/\",\"name\":\"Institut Europ\u00e9en des Musiques Juives\",\"description\":\"Des traditions musicales \u00e0 la port\u00e9e de tous\",\"publisher\":{\"@id\":\"https:\\\/\\\/www.iemj.org\\\/en\\\/#organization\"},\"potentialAction\":[{\"@type\":\"SearchAction\",\"target\":{\"@type\":\"EntryPoint\",\"urlTemplate\":\"https:\\\/\\\/www.iemj.org\\\/en\\\/?s={search_term_string}\"},\"query-input\":{\"@type\":\"PropertyValueSpecification\",\"valueRequired\":true,\"valueName\":\"search_term_string\"}}],\"inLanguage\":\"en-US\"},{\"@type\":\"Organization\",\"@id\":\"https:\\\/\\\/www.iemj.org\\\/en\\\/#organization\",\"name\":\"Institut Europ\u00e9en des Musiques Juives\",\"url\":\"https:\\\/\\\/www.iemj.org\\\/en\\\/\",\"logo\":{\"@type\":\"ImageObject\",\"inLanguage\":\"en-US\",\"@id\":\"https:\\\/\\\/www.iemj.org\\\/en\\\/#\\\/schema\\\/logo\\\/image\\\/\",\"url\":\"https:\\\/\\\/www.iemj.org\\\/wp-content\\\/uploads\\\/2021\\\/09\\\/Logo-IEMJ-Paypal.jpg\",\"contentUrl\":\"https:\\\/\\\/www.iemj.org\\\/wp-content\\\/uploads\\\/2021\\\/09\\\/Logo-IEMJ-Paypal.jpg\",\"width\":150,\"height\":50,\"caption\":\"Institut Europ\u00e9en des Musiques Juives\"},\"image\":{\"@id\":\"https:\\\/\\\/www.iemj.org\\\/en\\\/#\\\/schema\\\/logo\\\/image\\\/\"},\"sameAs\":[\"https:\\\/\\\/www.facebook.com\\\/MusiquesJuives\\\/\",\"https:\\\/\\\/www.instagram.com\\\/musiquesjuives\\\/\",\"https:\\\/\\\/www.youtube.com\\\/user\\\/musiquesjuives\"]},{\"@type\":\"Person\",\"@id\":\"https:\\\/\\\/www.iemj.org\\\/en\\\/#\\\/schema\\\/person\\\/c9bc1c386a3749579a2d675e72a18666\",\"name\":\"Jean-Gabriel Davis\",\"image\":{\"@type\":\"ImageObject\",\"inLanguage\":\"en-US\",\"@id\":\"https:\\\/\\\/secure.gravatar.com\\\/avatar\\\/2b90d67bdf392c9b3a21fab87c0fa7edaf1fb3a058172a1ffd61033fcec7aec1?s=96&d=mm&r=g\",\"url\":\"https:\\\/\\\/secure.gravatar.com\\\/avatar\\\/2b90d67bdf392c9b3a21fab87c0fa7edaf1fb3a058172a1ffd61033fcec7aec1?s=96&d=mm&r=g\",\"contentUrl\":\"https:\\\/\\\/secure.gravatar.com\\\/avatar\\\/2b90d67bdf392c9b3a21fab87c0fa7edaf1fb3a058172a1ffd61033fcec7aec1?s=96&d=mm&r=g\",\"caption\":\"Jean-Gabriel Davis\"}}]}<\/script>\n<!-- \/ Yoast SEO plugin. -->","yoast_head_json":{"title":"Symposium \/ concert : Isaac Strauss, musician and collector under the Second Empire - Institut Europ\u00e9en des Musiques Juives","robots":{"index":"index","follow":"follow","max-snippet":"max-snippet:-1","max-image-preview":"max-image-preview:large","max-video-preview":"max-video-preview:-1"},"canonical":"https:\/\/www.iemj.org\/en\/symposium-concert-isaac-strauss-musician-and-collector-under-the-second-empire\/","og_locale":"en_US","og_type":"article","og_title":"Symposium \/ concert : Isaac Strauss, musician and collector under the Second Empire - Institut Europ\u00e9en des Musiques Juives","og_description":"Radio program and video about Isaac Strauss at the bottom of the page With the participation of Dominique Jarrass\u00e9, university of Bordeaux III ; C\u00e9dric Kleinklaus, musician ; Corinne Legoy,","og_url":"https:\/\/www.iemj.org\/en\/symposium-concert-isaac-strauss-musician-and-collector-under-the-second-empire\/","og_site_name":"Institut Europ\u00e9en des Musiques Juives","article_publisher":"https:\/\/www.facebook.com\/MusiquesJuives\/","article_published_time":"2018-11-13T08:58:55+00:00","article_modified_time":"2023-06-28T08:36:35+00:00","og_image":[{"width":322,"height":448,"url":"https:\/\/www.iemj.org\/wp-content\/uploads\/2018\/11\/arton3744.jpg","type":"image\/jpeg"}],"author":"Jean-Gabriel Davis","twitter_card":"summary_large_image","twitter_misc":{"Written by":"Jean-Gabriel Davis","Est. reading time":"2 minutes"},"schema":{"@context":"https:\/\/schema.org","@graph":[{"@type":"Article","@id":"https:\/\/www.iemj.org\/en\/symposium-concert-isaac-strauss-musician-and-collector-under-the-second-empire\/#article","isPartOf":{"@id":"https:\/\/www.iemj.org\/en\/symposium-concert-isaac-strauss-musician-and-collector-under-the-second-empire\/"},"author":{"name":"Jean-Gabriel Davis","@id":"https:\/\/www.iemj.org\/en\/#\/schema\/person\/c9bc1c386a3749579a2d675e72a18666"},"headline":"Symposium \/ concert : Isaac Strauss, musician and collector under the Second Empire","datePublished":"2018-11-13T08:58:55+00:00","dateModified":"2023-06-28T08:36:35+00:00","mainEntityOfPage":{"@id":"https:\/\/www.iemj.org\/en\/symposium-concert-isaac-strauss-musician-and-collector-under-the-second-empire\/"},"wordCount":422,"publisher":{"@id":"https:\/\/www.iemj.org\/en\/#organization"},"image":{"@id":"https:\/\/www.iemj.org\/en\/symposium-concert-isaac-strauss-musician-and-collector-under-the-second-empire\/#primaryimage"},"thumbnailUrl":"https:\/\/www.iemj.org\/wp-content\/uploads\/2018\/11\/arton3744.jpg","keywords":["Partners' events"],"articleSection":["Events","Seminar"],"inLanguage":"en-US"},{"@type":"WebPage","@id":"https:\/\/www.iemj.org\/en\/symposium-concert-isaac-strauss-musician-and-collector-under-the-second-empire\/","url":"https:\/\/www.iemj.org\/en\/symposium-concert-isaac-strauss-musician-and-collector-under-the-second-empire\/","name":"Symposium \/ concert : Isaac Strauss, musician and collector under the Second Empire - Institut Europ\u00e9en des Musiques Juives","isPartOf":{"@id":"https:\/\/www.iemj.org\/en\/#website"},"primaryImageOfPage":{"@id":"https:\/\/www.iemj.org\/en\/symposium-concert-isaac-strauss-musician-and-collector-under-the-second-empire\/#primaryimage"},"image":{"@id":"https:\/\/www.iemj.org\/en\/symposium-concert-isaac-strauss-musician-and-collector-under-the-second-empire\/#primaryimage"},"thumbnailUrl":"https:\/\/www.iemj.org\/wp-content\/uploads\/2018\/11\/arton3744.jpg","datePublished":"2018-11-13T08:58:55+00:00","dateModified":"2023-06-28T08:36:35+00:00","breadcrumb":{"@id":"https:\/\/www.iemj.org\/en\/symposium-concert-isaac-strauss-musician-and-collector-under-the-second-empire\/#breadcrumb"},"inLanguage":"en-US","potentialAction":[{"@type":"ReadAction","target":["https:\/\/www.iemj.org\/en\/symposium-concert-isaac-strauss-musician-and-collector-under-the-second-empire\/"]}]},{"@type":"ImageObject","inLanguage":"en-US","@id":"https:\/\/www.iemj.org\/en\/symposium-concert-isaac-strauss-musician-and-collector-under-the-second-empire\/#primaryimage","url":"https:\/\/www.iemj.org\/wp-content\/uploads\/2018\/11\/arton3744.jpg","contentUrl":"https:\/\/www.iemj.org\/wp-content\/uploads\/2018\/11\/arton3744.jpg","width":322,"height":448},{"@type":"BreadcrumbList","@id":"https:\/\/www.iemj.org\/en\/symposium-concert-isaac-strauss-musician-and-collector-under-the-second-empire\/#breadcrumb","itemListElement":[{"@type":"ListItem","position":1,"name":"Accueil","item":"https:\/\/www.iemj.org\/en\/"},{"@type":"ListItem","position":2,"name":"Symposium \/ concert : Isaac Strauss, musician and collector under the Second Empire"}]},{"@type":"WebSite","@id":"https:\/\/www.iemj.org\/en\/#website","url":"https:\/\/www.iemj.org\/en\/","name":"Institut Europ\u00e9en des Musiques Juives","description":"Des traditions musicales \u00e0 la port\u00e9e de tous","publisher":{"@id":"https:\/\/www.iemj.org\/en\/#organization"},"potentialAction":[{"@type":"SearchAction","target":{"@type":"EntryPoint","urlTemplate":"https:\/\/www.iemj.org\/en\/?s={search_term_string}"},"query-input":{"@type":"PropertyValueSpecification","valueRequired":true,"valueName":"search_term_string"}}],"inLanguage":"en-US"},{"@type":"Organization","@id":"https:\/\/www.iemj.org\/en\/#organization","name":"Institut Europ\u00e9en des Musiques Juives","url":"https:\/\/www.iemj.org\/en\/","logo":{"@type":"ImageObject","inLanguage":"en-US","@id":"https:\/\/www.iemj.org\/en\/#\/schema\/logo\/image\/","url":"https:\/\/www.iemj.org\/wp-content\/uploads\/2021\/09\/Logo-IEMJ-Paypal.jpg","contentUrl":"https:\/\/www.iemj.org\/wp-content\/uploads\/2021\/09\/Logo-IEMJ-Paypal.jpg","width":150,"height":50,"caption":"Institut Europ\u00e9en des Musiques Juives"},"image":{"@id":"https:\/\/www.iemj.org\/en\/#\/schema\/logo\/image\/"},"sameAs":["https:\/\/www.facebook.com\/MusiquesJuives\/","https:\/\/www.instagram.com\/musiquesjuives\/","https:\/\/www.youtube.com\/user\/musiquesjuives"]},{"@type":"Person","@id":"https:\/\/www.iemj.org\/en\/#\/schema\/person\/c9bc1c386a3749579a2d675e72a18666","name":"Jean-Gabriel Davis","image":{"@type":"ImageObject","inLanguage":"en-US","@id":"https:\/\/secure.gravatar.com\/avatar\/2b90d67bdf392c9b3a21fab87c0fa7edaf1fb3a058172a1ffd61033fcec7aec1?s=96&d=mm&r=g","url":"https:\/\/secure.gravatar.com\/avatar\/2b90d67bdf392c9b3a21fab87c0fa7edaf1fb3a058172a1ffd61033fcec7aec1?s=96&d=mm&r=g","contentUrl":"https:\/\/secure.gravatar.com\/avatar\/2b90d67bdf392c9b3a21fab87c0fa7edaf1fb3a058172a1ffd61033fcec7aec1?s=96&d=mm&r=g","caption":"Jean-Gabriel Davis"}}]}},"_links":{"self":[{"href":"https:\/\/www.iemj.org\/en\/wp-json\/wp\/v2\/posts\/21672","targetHints":{"allow":["GET"]}}],"collection":[{"href":"https:\/\/www.iemj.org\/en\/wp-json\/wp\/v2\/posts"}],"about":[{"href":"https:\/\/www.iemj.org\/en\/wp-json\/wp\/v2\/types\/post"}],"author":[{"embeddable":true,"href":"https:\/\/www.iemj.org\/en\/wp-json\/wp\/v2\/users\/1048"}],"replies":[{"embeddable":true,"href":"https:\/\/www.iemj.org\/en\/wp-json\/wp\/v2\/comments?post=21672"}],"version-history":[{"count":0,"href":"https:\/\/www.iemj.org\/en\/wp-json\/wp\/v2\/posts\/21672\/revisions"}],"wp:featuredmedia":[{"embeddable":true,"href":"https:\/\/www.iemj.org\/en\/wp-json\/wp\/v2\/media\/21670"}],"wp:attachment":[{"href":"https:\/\/www.iemj.org\/en\/wp-json\/wp\/v2\/media?parent=21672"}],"wp:term":[{"taxonomy":"category","embeddable":true,"href":"https:\/\/www.iemj.org\/en\/wp-json\/wp\/v2\/categories?post=21672"},{"taxonomy":"post_tag","embeddable":true,"href":"https:\/\/www.iemj.org\/en\/wp-json\/wp\/v2\/tags?post=21672"},{"taxonomy":"technique","embeddable":true,"href":"https:\/\/www.iemj.org\/en\/wp-json\/wp\/v2\/technique?post=21672"},{"taxonomy":"squelettes","embeddable":true,"href":"https:\/\/www.iemj.org\/en\/wp-json\/wp\/v2\/squelettes?post=21672"},{"taxonomy":"sujet","embeddable":true,"href":"https:\/\/www.iemj.org\/en\/wp-json\/wp\/v2\/sujet?post=21672"},{"taxonomy":"formation","embeddable":true,"href":"https:\/\/www.iemj.org\/en\/wp-json\/wp\/v2\/formation?post=21672"},{"taxonomy":"genre","embeddable":true,"href":"https:\/\/www.iemj.org\/en\/wp-json\/wp\/v2\/genre?post=21672"},{"taxonomy":"fonds","embeddable":true,"href":"https:\/\/www.iemj.org\/en\/wp-json\/wp\/v2\/fonds?post=21672"},{"taxonomy":"tradition","embeddable":true,"href":"https:\/\/www.iemj.org\/en\/wp-json\/wp\/v2\/tradition?post=21672"},{"taxonomy":"type-de-contenu","embeddable":true,"href":"https:\/\/www.iemj.org\/en\/wp-json\/wp\/v2\/type-de-contenu?post=21672"},{"taxonomy":"interprete-compositeur","embeddable":true,"href":"https:\/\/www.iemj.org\/en\/wp-json\/wp\/v2\/interprete-compositeur?post=21672"},{"taxonomy":"frise","embeddable":true,"href":"https:\/\/www.iemj.org\/en\/wp-json\/wp\/v2\/frise?post=21672"},{"taxonomy":"type-devenement","embeddable":true,"href":"https:\/\/www.iemj.org\/en\/wp-json\/wp\/v2\/type-devenement?post=21672"},{"taxonomy":"tableaux-liens-externes","embeddable":true,"href":"https:\/\/www.iemj.org\/en\/wp-json\/wp\/v2\/tableaux-liens-externes?post=21672"}],"curies":[{"name":"wp","href":"https:\/\/api.w.org\/{rel}","templated":true}]}}