{"id":21765,"date":"2018-11-15T16:22:00","date_gmt":"2018-11-15T15:22:00","guid":{"rendered":"https:\/\/www.iemj.org\/2018\/11\/16\/music-of-exile\/"},"modified":"2025-09-21T13:45:09","modified_gmt":"2025-09-21T11:45:09","slug":"music-of-exile","status":"publish","type":"post","link":"https:\/\/www.iemj.org\/en\/music-of-exile\/","title":{"rendered":"Music of exile"},"content":{"rendered":"<p class=\"post_excerpt\"><strong>MUSIQUES JUIVES D\u2019HIER ET D\u2019AUJOURD\u2019HUI &#8211; TUESDAY NOVEMBER 20, 2018, JUDA\u00cfQUES FM (94.8), 21H00. Radio program in French<\/strong><\/p>\n<p><!--more--><br \/>The cellist Oph\u00e9lie Gaillard, elected \u00ab soloist instrumental revelation \u00bb at the Victoires de la musique classique 2003, published in 2017 Exiles, a CD dedicated to European Jewish musicians (Bloch, Korngold\u2026) forced to leave Europe for the USA in the first half of the 20th century.<\/p>\n<p>This radio broadcast, in which one will hear the works of Bloch (<em>From Jewish life<\/em>), Korngold (<em>Die Tote Stadt \u2013 Tanzlied des Pierrot<\/em>) and traditional klezmer melodies, raise issues about the phenomena of culture transplantation. Between integration and reject, music, universal language and yet singular, becomes a mirror of this transformation.<\/p>\n<p>The musical production of composers from ancient Europe, exiled to the USA during the raise of antisemitism and fascism, reflects this duality: between belonging and reject, nostalgia of a past world and hope of a better one.<\/p>\n<p>This passage from one world to another is here enhanced by Oph\u00e9lie Gaillard whose cello becomes spokesman of these millions of Jews who on one foggy morning arrived in Ellis Island.<\/p>\n<p>In the booklet of the CD <em>Exiles<\/em>, the artist explains her approach : \u00ab The inevitable decentralisation provoked by the exile, the deprivation it implies can then welcome more freely a voice one wants to make his, an unknown language we domesticate. \u00bb<\/p>\n<p><a href=\"https:\/\/www.iemj.org\/en\/exiles\/\" target=\"_blank\" rel=\"noopener\">Listen to excerpts of the CD Exiles<\/a><br \/><a href=\"http:\/\/opheliegaillard.com\/homepage\/\">Learn more about Oph\u00e9lie Gaillard<\/a><br \/><a href=\"https:\/\/www.iemj.org\/en\/ophelie-gaillard-quartet-concert\/\" target=\"_blank\" rel=\"noopener\">Concert of Oph\u00e9lie Gaillard at the ECUJE the 25th november 2018<\/a><\/p>\n<p><em><img decoding=\"async\" class=\" alignleft size-full wp-image-25839\" src=\"https:\/\/www.iemj.org\/wp-content\/uploads\/2019\/10\/herve_photo_retouche_fond_uni_bleu_500px.jpg\" alt=\"herve_photo_retouche_fond_uni_bleu_500px.jpg\" width=\"140\" height=\"189\" align=\"left\" \/>Officer of the Ordre of Arts and letters, PhD in musicology at Paris University Sorbonne, prize-winning graduate from the Conservatoire National Sup\u00e9rieur de Musique et de Danse de Paris, Herv\u00e9 Roten is the director of the European Institute of Jewish Music since its creation in 2006.<br \/>Ethnomusicologist, he quickly developed an interest in the safeguard and digitization of archives, subjects he taught for several years in Reims and Marne-La-Vall\u00e9e universities.<br \/>Author of many articles, books and recordings related to Jewish music, producer of radio programs, Herv\u00e9 Roten is recognized today as one of the best specialists of Jewish music in the world.<\/em><\/p>\n\n\n<h2 class=\"wp-block-heading\"><\/h2>\n\n\n<div class=\"wp-block-image\">\n<figure class=\"aligncenter size-large\"><img fetchpriority=\"high\" decoding=\"async\" width=\"1024\" height=\"133\" src=\"https:\/\/www.iemj.org\/wp-content\/uploads\/2024\/03\/AUDIO-PLAYER-1024x133.png\" alt=\"\" class=\"wp-image-110607\" srcset=\"https:\/\/www.iemj.org\/wp-content\/uploads\/2024\/03\/AUDIO-PLAYER-1024x133.png 1024w, https:\/\/www.iemj.org\/wp-content\/uploads\/2024\/03\/AUDIO-PLAYER-300x39.png 300w, https:\/\/www.iemj.org\/wp-content\/uploads\/2024\/03\/AUDIO-PLAYER-768x100.png 768w, https:\/\/www.iemj.org\/wp-content\/uploads\/2024\/03\/AUDIO-PLAYER-600x78.png 600w, https:\/\/www.iemj.org\/wp-content\/uploads\/2024\/03\/AUDIO-PLAYER.png 1210w\" sizes=\"(max-width: 1024px) 100vw, 1024px\" \/><\/figure>\n<\/div>\n\n\n<div class=\"wp-block-file\"><a href=\"https:\/\/www.iemj.org\/wp-content\/uploads\/2018\/11\/jfm71_les_musiques_de_l_exil_avec_ophelie_gaillard_2018-10-23_v128kbs.mp3\">Les musiques de l&#8217;exil avec Oph\u00e9lie Gaillard<\/a><\/div>\n","protected":false},"excerpt":{"rendered":"<p>MUSIQUES JUIVES D\u2019HIER ET D\u2019AUJOURD\u2019HUI &#8211; TUESDAY NOVEMBER 20, 2018, JUDA\u00cfQUES FM (94.8), 21H00. Radio program in French<\/p>\n","protected":false},"author":1048,"featured_media":21761,"comment_status":"closed","ping_status":"open","sticky":false,"template":"","format":"standard","meta":{"_acf_changed":false,"footnotes":""},"categories":[2162,899],"tags":[2210],"technique":[],"squelettes":[],"sujet":[],"formation":[],"genre":[1117],"fonds":[],"tradition":[],"type-de-contenu":[],"interprete-compositeur":[3145],"frise":[],"type-devenement":[],"tableaux-liens-externes":[],"class_list":["post-21765","post","type-post","status-publish","format-standard","has-post-thumbnail","hentry","category-herve-rotens-programs-en","category-radio-programs-en","tag-radio-shows-from-the-eijm-en","genre-classical-music","interprete-compositeur-ernest-bloch-en-2"],"acf":[],"yoast_head":"<!-- This site is optimized with the Yoast SEO plugin v27.3 - https:\/\/yoast.com\/product\/yoast-seo-wordpress\/ -->\n<title>Music of exile - Institut Europ\u00e9en des Musiques Juives<\/title>\n<meta name=\"robots\" content=\"index, follow, max-snippet:-1, max-image-preview:large, max-video-preview:-1\" \/>\n<link rel=\"canonical\" href=\"https:\/\/www.iemj.org\/en\/music-of-exile\/\" \/>\n<meta property=\"og:locale\" content=\"en_US\" \/>\n<meta property=\"og:type\" content=\"article\" \/>\n<meta property=\"og:title\" content=\"Music of exile - Institut Europ\u00e9en des Musiques Juives\" \/>\n<meta property=\"og:description\" content=\"MUSIQUES JUIVES D\u2019HIER ET D\u2019AUJOURD\u2019HUI &#8211; TUESDAY NOVEMBER 20, 2018, JUDA\u00cfQUES FM (94.8), 21H00. Radio program in French\" \/>\n<meta property=\"og:url\" content=\"https:\/\/www.iemj.org\/en\/music-of-exile\/\" \/>\n<meta property=\"og:site_name\" content=\"Institut Europ\u00e9en des Musiques Juives\" \/>\n<meta property=\"article:publisher\" content=\"https:\/\/www.facebook.com\/MusiquesJuives\/\" \/>\n<meta property=\"article:published_time\" content=\"2018-11-15T15:22:00+00:00\" \/>\n<meta property=\"article:modified_time\" content=\"2025-09-21T11:45:09+00:00\" \/>\n<meta property=\"og:image\" content=\"https:\/\/www.iemj.org\/wp-content\/uploads\/2018\/11\/arton3760.jpg\" \/>\n\t<meta property=\"og:image:width\" content=\"136\" \/>\n\t<meta property=\"og:image:height\" content=\"136\" \/>\n\t<meta property=\"og:image:type\" content=\"image\/jpeg\" \/>\n<meta name=\"author\" content=\"Jean-Gabriel Davis\" \/>\n<meta name=\"twitter:card\" content=\"summary_large_image\" \/>\n<meta name=\"twitter:label1\" content=\"Written by\" \/>\n\t<meta name=\"twitter:data1\" content=\"Jean-Gabriel Davis\" \/>\n\t<meta name=\"twitter:label2\" content=\"Est. reading time\" \/>\n\t<meta name=\"twitter:data2\" content=\"3 minutes\" \/>\n<script type=\"application\/ld+json\" class=\"yoast-schema-graph\">{\"@context\":\"https:\\\/\\\/schema.org\",\"@graph\":[{\"@type\":\"Article\",\"@id\":\"https:\\\/\\\/www.iemj.org\\\/en\\\/music-of-exile\\\/#article\",\"isPartOf\":{\"@id\":\"https:\\\/\\\/www.iemj.org\\\/en\\\/music-of-exile\\\/\"},\"author\":{\"name\":\"Jean-Gabriel Davis\",\"@id\":\"https:\\\/\\\/www.iemj.org\\\/en\\\/#\\\/schema\\\/person\\\/c9bc1c386a3749579a2d675e72a18666\"},\"headline\":\"Music of exile\",\"datePublished\":\"2018-11-15T15:22:00+00:00\",\"dateModified\":\"2025-09-21T11:45:09+00:00\",\"mainEntityOfPage\":{\"@id\":\"https:\\\/\\\/www.iemj.org\\\/en\\\/music-of-exile\\\/\"},\"wordCount\":360,\"publisher\":{\"@id\":\"https:\\\/\\\/www.iemj.org\\\/en\\\/#organization\"},\"image\":{\"@id\":\"https:\\\/\\\/www.iemj.org\\\/en\\\/music-of-exile\\\/#primaryimage\"},\"thumbnailUrl\":\"https:\\\/\\\/www.iemj.org\\\/wp-content\\\/uploads\\\/2018\\\/11\\\/arton3760.jpg\",\"keywords\":[\"Radio programs from the EIJM\"],\"articleSection\":[\"Herv\u00e9 Roten's Programs\",\"Radio programs\"],\"inLanguage\":\"en-US\"},{\"@type\":\"WebPage\",\"@id\":\"https:\\\/\\\/www.iemj.org\\\/en\\\/music-of-exile\\\/\",\"url\":\"https:\\\/\\\/www.iemj.org\\\/en\\\/music-of-exile\\\/\",\"name\":\"Music of exile - Institut Europ\u00e9en des Musiques Juives\",\"isPartOf\":{\"@id\":\"https:\\\/\\\/www.iemj.org\\\/en\\\/#website\"},\"primaryImageOfPage\":{\"@id\":\"https:\\\/\\\/www.iemj.org\\\/en\\\/music-of-exile\\\/#primaryimage\"},\"image\":{\"@id\":\"https:\\\/\\\/www.iemj.org\\\/en\\\/music-of-exile\\\/#primaryimage\"},\"thumbnailUrl\":\"https:\\\/\\\/www.iemj.org\\\/wp-content\\\/uploads\\\/2018\\\/11\\\/arton3760.jpg\",\"datePublished\":\"2018-11-15T15:22:00+00:00\",\"dateModified\":\"2025-09-21T11:45:09+00:00\",\"breadcrumb\":{\"@id\":\"https:\\\/\\\/www.iemj.org\\\/en\\\/music-of-exile\\\/#breadcrumb\"},\"inLanguage\":\"en-US\",\"potentialAction\":[{\"@type\":\"ReadAction\",\"target\":[\"https:\\\/\\\/www.iemj.org\\\/en\\\/music-of-exile\\\/\"]}]},{\"@type\":\"ImageObject\",\"inLanguage\":\"en-US\",\"@id\":\"https:\\\/\\\/www.iemj.org\\\/en\\\/music-of-exile\\\/#primaryimage\",\"url\":\"https:\\\/\\\/www.iemj.org\\\/wp-content\\\/uploads\\\/2018\\\/11\\\/arton3760.jpg\",\"contentUrl\":\"https:\\\/\\\/www.iemj.org\\\/wp-content\\\/uploads\\\/2018\\\/11\\\/arton3760.jpg\",\"width\":136,\"height\":136},{\"@type\":\"BreadcrumbList\",\"@id\":\"https:\\\/\\\/www.iemj.org\\\/en\\\/music-of-exile\\\/#breadcrumb\",\"itemListElement\":[{\"@type\":\"ListItem\",\"position\":1,\"name\":\"Accueil\",\"item\":\"https:\\\/\\\/www.iemj.org\\\/en\\\/\"},{\"@type\":\"ListItem\",\"position\":2,\"name\":\"Music of exile\"}]},{\"@type\":\"WebSite\",\"@id\":\"https:\\\/\\\/www.iemj.org\\\/en\\\/#website\",\"url\":\"https:\\\/\\\/www.iemj.org\\\/en\\\/\",\"name\":\"Institut Europ\u00e9en des Musiques Juives\",\"description\":\"Des traditions musicales \u00e0 la port\u00e9e de tous\",\"publisher\":{\"@id\":\"https:\\\/\\\/www.iemj.org\\\/en\\\/#organization\"},\"potentialAction\":[{\"@type\":\"SearchAction\",\"target\":{\"@type\":\"EntryPoint\",\"urlTemplate\":\"https:\\\/\\\/www.iemj.org\\\/en\\\/?s={search_term_string}\"},\"query-input\":{\"@type\":\"PropertyValueSpecification\",\"valueRequired\":true,\"valueName\":\"search_term_string\"}}],\"inLanguage\":\"en-US\"},{\"@type\":\"Organization\",\"@id\":\"https:\\\/\\\/www.iemj.org\\\/en\\\/#organization\",\"name\":\"Institut Europ\u00e9en des Musiques Juives\",\"url\":\"https:\\\/\\\/www.iemj.org\\\/en\\\/\",\"logo\":{\"@type\":\"ImageObject\",\"inLanguage\":\"en-US\",\"@id\":\"https:\\\/\\\/www.iemj.org\\\/en\\\/#\\\/schema\\\/logo\\\/image\\\/\",\"url\":\"https:\\\/\\\/www.iemj.org\\\/wp-content\\\/uploads\\\/2021\\\/09\\\/Logo-IEMJ-Paypal.jpg\",\"contentUrl\":\"https:\\\/\\\/www.iemj.org\\\/wp-content\\\/uploads\\\/2021\\\/09\\\/Logo-IEMJ-Paypal.jpg\",\"width\":150,\"height\":50,\"caption\":\"Institut Europ\u00e9en des Musiques Juives\"},\"image\":{\"@id\":\"https:\\\/\\\/www.iemj.org\\\/en\\\/#\\\/schema\\\/logo\\\/image\\\/\"},\"sameAs\":[\"https:\\\/\\\/www.facebook.com\\\/MusiquesJuives\\\/\",\"https:\\\/\\\/www.instagram.com\\\/musiquesjuives\\\/\",\"https:\\\/\\\/www.youtube.com\\\/user\\\/musiquesjuives\"]},{\"@type\":\"Person\",\"@id\":\"https:\\\/\\\/www.iemj.org\\\/en\\\/#\\\/schema\\\/person\\\/c9bc1c386a3749579a2d675e72a18666\",\"name\":\"Jean-Gabriel Davis\",\"image\":{\"@type\":\"ImageObject\",\"inLanguage\":\"en-US\",\"@id\":\"https:\\\/\\\/secure.gravatar.com\\\/avatar\\\/2b90d67bdf392c9b3a21fab87c0fa7edaf1fb3a058172a1ffd61033fcec7aec1?s=96&d=mm&r=g\",\"url\":\"https:\\\/\\\/secure.gravatar.com\\\/avatar\\\/2b90d67bdf392c9b3a21fab87c0fa7edaf1fb3a058172a1ffd61033fcec7aec1?s=96&d=mm&r=g\",\"contentUrl\":\"https:\\\/\\\/secure.gravatar.com\\\/avatar\\\/2b90d67bdf392c9b3a21fab87c0fa7edaf1fb3a058172a1ffd61033fcec7aec1?s=96&d=mm&r=g\",\"caption\":\"Jean-Gabriel Davis\"}}]}<\/script>\n<!-- \/ Yoast SEO plugin. -->","yoast_head_json":{"title":"Music of exile - Institut Europ\u00e9en des Musiques Juives","robots":{"index":"index","follow":"follow","max-snippet":"max-snippet:-1","max-image-preview":"max-image-preview:large","max-video-preview":"max-video-preview:-1"},"canonical":"https:\/\/www.iemj.org\/en\/music-of-exile\/","og_locale":"en_US","og_type":"article","og_title":"Music of exile - Institut Europ\u00e9en des Musiques Juives","og_description":"MUSIQUES JUIVES D\u2019HIER ET D\u2019AUJOURD\u2019HUI &#8211; TUESDAY NOVEMBER 20, 2018, JUDA\u00cfQUES FM (94.8), 21H00. Radio program in French","og_url":"https:\/\/www.iemj.org\/en\/music-of-exile\/","og_site_name":"Institut Europ\u00e9en des Musiques Juives","article_publisher":"https:\/\/www.facebook.com\/MusiquesJuives\/","article_published_time":"2018-11-15T15:22:00+00:00","article_modified_time":"2025-09-21T11:45:09+00:00","og_image":[{"width":136,"height":136,"url":"https:\/\/www.iemj.org\/wp-content\/uploads\/2018\/11\/arton3760.jpg","type":"image\/jpeg"}],"author":"Jean-Gabriel Davis","twitter_card":"summary_large_image","twitter_misc":{"Written by":"Jean-Gabriel Davis","Est. reading time":"3 minutes"},"schema":{"@context":"https:\/\/schema.org","@graph":[{"@type":"Article","@id":"https:\/\/www.iemj.org\/en\/music-of-exile\/#article","isPartOf":{"@id":"https:\/\/www.iemj.org\/en\/music-of-exile\/"},"author":{"name":"Jean-Gabriel Davis","@id":"https:\/\/www.iemj.org\/en\/#\/schema\/person\/c9bc1c386a3749579a2d675e72a18666"},"headline":"Music of exile","datePublished":"2018-11-15T15:22:00+00:00","dateModified":"2025-09-21T11:45:09+00:00","mainEntityOfPage":{"@id":"https:\/\/www.iemj.org\/en\/music-of-exile\/"},"wordCount":360,"publisher":{"@id":"https:\/\/www.iemj.org\/en\/#organization"},"image":{"@id":"https:\/\/www.iemj.org\/en\/music-of-exile\/#primaryimage"},"thumbnailUrl":"https:\/\/www.iemj.org\/wp-content\/uploads\/2018\/11\/arton3760.jpg","keywords":["Radio programs from the EIJM"],"articleSection":["Herv\u00e9 Roten's Programs","Radio programs"],"inLanguage":"en-US"},{"@type":"WebPage","@id":"https:\/\/www.iemj.org\/en\/music-of-exile\/","url":"https:\/\/www.iemj.org\/en\/music-of-exile\/","name":"Music of exile - Institut Europ\u00e9en des Musiques Juives","isPartOf":{"@id":"https:\/\/www.iemj.org\/en\/#website"},"primaryImageOfPage":{"@id":"https:\/\/www.iemj.org\/en\/music-of-exile\/#primaryimage"},"image":{"@id":"https:\/\/www.iemj.org\/en\/music-of-exile\/#primaryimage"},"thumbnailUrl":"https:\/\/www.iemj.org\/wp-content\/uploads\/2018\/11\/arton3760.jpg","datePublished":"2018-11-15T15:22:00+00:00","dateModified":"2025-09-21T11:45:09+00:00","breadcrumb":{"@id":"https:\/\/www.iemj.org\/en\/music-of-exile\/#breadcrumb"},"inLanguage":"en-US","potentialAction":[{"@type":"ReadAction","target":["https:\/\/www.iemj.org\/en\/music-of-exile\/"]}]},{"@type":"ImageObject","inLanguage":"en-US","@id":"https:\/\/www.iemj.org\/en\/music-of-exile\/#primaryimage","url":"https:\/\/www.iemj.org\/wp-content\/uploads\/2018\/11\/arton3760.jpg","contentUrl":"https:\/\/www.iemj.org\/wp-content\/uploads\/2018\/11\/arton3760.jpg","width":136,"height":136},{"@type":"BreadcrumbList","@id":"https:\/\/www.iemj.org\/en\/music-of-exile\/#breadcrumb","itemListElement":[{"@type":"ListItem","position":1,"name":"Accueil","item":"https:\/\/www.iemj.org\/en\/"},{"@type":"ListItem","position":2,"name":"Music of exile"}]},{"@type":"WebSite","@id":"https:\/\/www.iemj.org\/en\/#website","url":"https:\/\/www.iemj.org\/en\/","name":"Institut Europ\u00e9en des Musiques Juives","description":"Des traditions musicales \u00e0 la port\u00e9e de tous","publisher":{"@id":"https:\/\/www.iemj.org\/en\/#organization"},"potentialAction":[{"@type":"SearchAction","target":{"@type":"EntryPoint","urlTemplate":"https:\/\/www.iemj.org\/en\/?s={search_term_string}"},"query-input":{"@type":"PropertyValueSpecification","valueRequired":true,"valueName":"search_term_string"}}],"inLanguage":"en-US"},{"@type":"Organization","@id":"https:\/\/www.iemj.org\/en\/#organization","name":"Institut Europ\u00e9en des Musiques Juives","url":"https:\/\/www.iemj.org\/en\/","logo":{"@type":"ImageObject","inLanguage":"en-US","@id":"https:\/\/www.iemj.org\/en\/#\/schema\/logo\/image\/","url":"https:\/\/www.iemj.org\/wp-content\/uploads\/2021\/09\/Logo-IEMJ-Paypal.jpg","contentUrl":"https:\/\/www.iemj.org\/wp-content\/uploads\/2021\/09\/Logo-IEMJ-Paypal.jpg","width":150,"height":50,"caption":"Institut Europ\u00e9en des Musiques Juives"},"image":{"@id":"https:\/\/www.iemj.org\/en\/#\/schema\/logo\/image\/"},"sameAs":["https:\/\/www.facebook.com\/MusiquesJuives\/","https:\/\/www.instagram.com\/musiquesjuives\/","https:\/\/www.youtube.com\/user\/musiquesjuives"]},{"@type":"Person","@id":"https:\/\/www.iemj.org\/en\/#\/schema\/person\/c9bc1c386a3749579a2d675e72a18666","name":"Jean-Gabriel Davis","image":{"@type":"ImageObject","inLanguage":"en-US","@id":"https:\/\/secure.gravatar.com\/avatar\/2b90d67bdf392c9b3a21fab87c0fa7edaf1fb3a058172a1ffd61033fcec7aec1?s=96&d=mm&r=g","url":"https:\/\/secure.gravatar.com\/avatar\/2b90d67bdf392c9b3a21fab87c0fa7edaf1fb3a058172a1ffd61033fcec7aec1?s=96&d=mm&r=g","contentUrl":"https:\/\/secure.gravatar.com\/avatar\/2b90d67bdf392c9b3a21fab87c0fa7edaf1fb3a058172a1ffd61033fcec7aec1?s=96&d=mm&r=g","caption":"Jean-Gabriel Davis"}}]}},"_links":{"self":[{"href":"https:\/\/www.iemj.org\/en\/wp-json\/wp\/v2\/posts\/21765","targetHints":{"allow":["GET"]}}],"collection":[{"href":"https:\/\/www.iemj.org\/en\/wp-json\/wp\/v2\/posts"}],"about":[{"href":"https:\/\/www.iemj.org\/en\/wp-json\/wp\/v2\/types\/post"}],"author":[{"embeddable":true,"href":"https:\/\/www.iemj.org\/en\/wp-json\/wp\/v2\/users\/1048"}],"replies":[{"embeddable":true,"href":"https:\/\/www.iemj.org\/en\/wp-json\/wp\/v2\/comments?post=21765"}],"version-history":[{"count":0,"href":"https:\/\/www.iemj.org\/en\/wp-json\/wp\/v2\/posts\/21765\/revisions"}],"wp:featuredmedia":[{"embeddable":true,"href":"https:\/\/www.iemj.org\/en\/wp-json\/wp\/v2\/media\/21761"}],"wp:attachment":[{"href":"https:\/\/www.iemj.org\/en\/wp-json\/wp\/v2\/media?parent=21765"}],"wp:term":[{"taxonomy":"category","embeddable":true,"href":"https:\/\/www.iemj.org\/en\/wp-json\/wp\/v2\/categories?post=21765"},{"taxonomy":"post_tag","embeddable":true,"href":"https:\/\/www.iemj.org\/en\/wp-json\/wp\/v2\/tags?post=21765"},{"taxonomy":"technique","embeddable":true,"href":"https:\/\/www.iemj.org\/en\/wp-json\/wp\/v2\/technique?post=21765"},{"taxonomy":"squelettes","embeddable":true,"href":"https:\/\/www.iemj.org\/en\/wp-json\/wp\/v2\/squelettes?post=21765"},{"taxonomy":"sujet","embeddable":true,"href":"https:\/\/www.iemj.org\/en\/wp-json\/wp\/v2\/sujet?post=21765"},{"taxonomy":"formation","embeddable":true,"href":"https:\/\/www.iemj.org\/en\/wp-json\/wp\/v2\/formation?post=21765"},{"taxonomy":"genre","embeddable":true,"href":"https:\/\/www.iemj.org\/en\/wp-json\/wp\/v2\/genre?post=21765"},{"taxonomy":"fonds","embeddable":true,"href":"https:\/\/www.iemj.org\/en\/wp-json\/wp\/v2\/fonds?post=21765"},{"taxonomy":"tradition","embeddable":true,"href":"https:\/\/www.iemj.org\/en\/wp-json\/wp\/v2\/tradition?post=21765"},{"taxonomy":"type-de-contenu","embeddable":true,"href":"https:\/\/www.iemj.org\/en\/wp-json\/wp\/v2\/type-de-contenu?post=21765"},{"taxonomy":"interprete-compositeur","embeddable":true,"href":"https:\/\/www.iemj.org\/en\/wp-json\/wp\/v2\/interprete-compositeur?post=21765"},{"taxonomy":"frise","embeddable":true,"href":"https:\/\/www.iemj.org\/en\/wp-json\/wp\/v2\/frise?post=21765"},{"taxonomy":"type-devenement","embeddable":true,"href":"https:\/\/www.iemj.org\/en\/wp-json\/wp\/v2\/type-devenement?post=21765"},{"taxonomy":"tableaux-liens-externes","embeddable":true,"href":"https:\/\/www.iemj.org\/en\/wp-json\/wp\/v2\/tableaux-liens-externes?post=21765"}],"curies":[{"name":"wp","href":"https:\/\/api.w.org\/{rel}","templated":true}]}}