{"id":21915,"date":"2018-11-29T09:37:04","date_gmt":"2018-11-29T08:37:04","guid":{"rendered":"https:\/\/www.iemj.org\/2018\/11\/29\/cest-nouveau-ca-minteresse-radio-broadcast-dedicated-to-the-cd-mahzor-hayim-published-by-the-eijm\/"},"modified":"2025-09-29T16:28:48","modified_gmt":"2025-09-29T14:28:48","slug":"cest-nouveau-ca-minteresse-radio-broadcast-dedicated-to-the-cd-mahzor-hayim-published-by-the-eijm","status":"publish","type":"post","link":"https:\/\/www.iemj.org\/en\/cest-nouveau-ca-minteresse-radio-broadcast-dedicated-to-the-cd-mahzor-hayim-published-by-the-eijm\/","title":{"rendered":"C&#8217;est nouveau \u00e7a m\u2019int\u00e9resse : radio broadcast dedicated to the CD Mahzor Hayim published by the EIJM"},"content":{"rendered":"<p class=\"post_excerpt\"><strong>C&#8217;EST NOUVEAU \u00c7A M&#8217;INTERESSE &#8211; November 21, 2018, Juda\u00efques FM (94,8)<\/strong><\/p>\n<p><!--more--><br \/>L\u00e9a Moscona invites Herv\u00e9 Roten and <a href=\"https:\/\/www.iemj.org\/en\/daniel-itai-1967\/\" target=\"_blank\" rel=\"noopener\">Ita\u00ef Daniel<\/a> on the occasion of the release of the CD <strong>Mahzor Hayim <\/strong> published in the &#8220;Classical&#8221; collection of the EIJM&#8217;s publishing house.<\/p>\n<p><strong><a href=\"https:\/\/www.iemj.org\/en\/itai-daniel-mahzor-hayim\/\" target=\"_blank\" rel=\"noopener\">Learn more about the CD : Mahzor Hayim<\/a><\/strong><\/p>\n<p><br \/><a href=\"https:\/\/www.iemj.org\/itai-daniel-mahzor-hayim-2\/\"><img decoding=\"async\" class=\" aligncenter size-full wp-image-21887\" src=\"https:\/\/www.iemj.org\/wp-content\/uploads\/2018\/11\/mahzor.jpg\" alt=\"mahzor.jpg\" width=\"223\" height=\"220\" align=\"middle\" srcset=\"https:\/\/www.iemj.org\/wp-content\/uploads\/2018\/11\/mahzor.jpg 223w, https:\/\/www.iemj.org\/wp-content\/uploads\/2018\/11\/mahzor-100x100.jpg 100w\" sizes=\"(max-width: 223px) 100vw, 223px\" \/><\/a><\/p>\n<p>L\u00e9a Moscona is a teacher, graduate of the French Press Institute. She is in charge of morning broadcasts Wednesdays and Fridays on Juda\u00efques FM.<\/p>\n\n\n<h2 class=\"wp-block-heading\"><\/h2>\n\n\n<div class=\"wp-block-image\">\n<figure class=\"aligncenter size-large\"><img fetchpriority=\"high\" decoding=\"async\" width=\"1024\" height=\"133\" src=\"https:\/\/www.iemj.org\/wp-content\/uploads\/2024\/03\/AUDIO-PLAYER-1024x133.png\" alt=\"\" class=\"wp-image-110607\" srcset=\"https:\/\/www.iemj.org\/wp-content\/uploads\/2024\/03\/AUDIO-PLAYER-1024x133.png 1024w, https:\/\/www.iemj.org\/wp-content\/uploads\/2024\/03\/AUDIO-PLAYER-300x39.png 300w, https:\/\/www.iemj.org\/wp-content\/uploads\/2024\/03\/AUDIO-PLAYER-768x100.png 768w, https:\/\/www.iemj.org\/wp-content\/uploads\/2024\/03\/AUDIO-PLAYER-600x78.png 600w, https:\/\/www.iemj.org\/wp-content\/uploads\/2024\/03\/AUDIO-PLAYER.png 1210w\" sizes=\"(max-width: 1024px) 100vw, 1024px\" \/><\/figure>\n<\/div>\n\n\n<div class=\"wp-block-file\"><a href=\"https:\/\/www.iemj.org\/wp-content\/uploads\/2018\/11\/jfm_9h15-du-21-11-18_lea_moscona_v128kbs.mp3\">Mahzor Hayim &amp; Kol Nidre (Collection D\u00e9couvertes) &#8211; L\u00e9a Moscona (Juda\u00efques FM 94,8)<\/a><\/div>\n","protected":false},"excerpt":{"rendered":"<p>C&#8217;EST NOUVEAU \u00c7A M&#8217;INTERESSE &#8211; November 21, 2018, Juda\u00efques FM (94,8)<\/p>\n","protected":false},"author":1048,"featured_media":21913,"comment_status":"closed","ping_status":"open","sticky":false,"template":"","format":"standard","meta":{"_acf_changed":false,"footnotes":""},"categories":[899],"tags":[],"technique":[],"squelettes":[],"sujet":[],"formation":[],"genre":[1117],"fonds":[],"tradition":[],"type-de-contenu":[],"interprete-compositeur":[],"frise":[],"type-devenement":[],"tableaux-liens-externes":[],"class_list":["post-21915","post","type-post","status-publish","format-standard","has-post-thumbnail","hentry","category-radio-programs-en","genre-classical-music"],"acf":[],"yoast_head":"<!-- This site is optimized with the Yoast SEO plugin v27.3 - https:\/\/yoast.com\/product\/yoast-seo-wordpress\/ -->\n<title>C&#039;est nouveau \u00e7a m\u2019int\u00e9resse : radio broadcast dedicated to the CD Mahzor Hayim published by the EIJM - Institut Europ\u00e9en des Musiques Juives<\/title>\n<meta name=\"robots\" content=\"index, follow, max-snippet:-1, max-image-preview:large, max-video-preview:-1\" \/>\n<link rel=\"canonical\" href=\"https:\/\/www.iemj.org\/en\/cest-nouveau-ca-minteresse-radio-broadcast-dedicated-to-the-cd-mahzor-hayim-published-by-the-eijm\/\" \/>\n<meta property=\"og:locale\" content=\"en_US\" \/>\n<meta property=\"og:type\" content=\"article\" \/>\n<meta property=\"og:title\" content=\"C&#039;est nouveau \u00e7a m\u2019int\u00e9resse : radio broadcast dedicated to the CD Mahzor Hayim published by the EIJM - Institut Europ\u00e9en des Musiques Juives\" \/>\n<meta property=\"og:description\" content=\"C&#8217;EST NOUVEAU \u00c7A M&#8217;INTERESSE &#8211; November 21, 2018, Juda\u00efques FM (94,8)\" \/>\n<meta property=\"og:url\" content=\"https:\/\/www.iemj.org\/en\/cest-nouveau-ca-minteresse-radio-broadcast-dedicated-to-the-cd-mahzor-hayim-published-by-the-eijm\/\" \/>\n<meta property=\"og:site_name\" content=\"Institut Europ\u00e9en des Musiques Juives\" \/>\n<meta property=\"article:publisher\" content=\"https:\/\/www.facebook.com\/MusiquesJuives\/\" \/>\n<meta property=\"article:published_time\" content=\"2018-11-29T08:37:04+00:00\" \/>\n<meta property=\"article:modified_time\" content=\"2025-09-29T14:28:48+00:00\" \/>\n<meta property=\"og:image\" content=\"https:\/\/www.iemj.org\/wp-content\/uploads\/2018\/11\/arton3795.jpg\" \/>\n\t<meta property=\"og:image:width\" content=\"255\" \/>\n\t<meta property=\"og:image:height\" content=\"192\" \/>\n\t<meta property=\"og:image:type\" content=\"image\/jpeg\" \/>\n<meta name=\"author\" content=\"Jean-Gabriel Davis\" \/>\n<meta name=\"twitter:card\" content=\"summary_large_image\" \/>\n<meta name=\"twitter:label1\" content=\"Written by\" \/>\n\t<meta name=\"twitter:data1\" content=\"Jean-Gabriel Davis\" \/>\n\t<meta name=\"twitter:label2\" content=\"Est. reading time\" \/>\n\t<meta name=\"twitter:data2\" content=\"2 minutes\" \/>\n<script type=\"application\/ld+json\" class=\"yoast-schema-graph\">{\"@context\":\"https:\\\/\\\/schema.org\",\"@graph\":[{\"@type\":\"Article\",\"@id\":\"https:\\\/\\\/www.iemj.org\\\/en\\\/cest-nouveau-ca-minteresse-radio-broadcast-dedicated-to-the-cd-mahzor-hayim-published-by-the-eijm\\\/#article\",\"isPartOf\":{\"@id\":\"https:\\\/\\\/www.iemj.org\\\/en\\\/cest-nouveau-ca-minteresse-radio-broadcast-dedicated-to-the-cd-mahzor-hayim-published-by-the-eijm\\\/\"},\"author\":{\"name\":\"Jean-Gabriel Davis\",\"@id\":\"https:\\\/\\\/www.iemj.org\\\/en\\\/#\\\/schema\\\/person\\\/c9bc1c386a3749579a2d675e72a18666\"},\"headline\":\"C&#8217;est nouveau \u00e7a m\u2019int\u00e9resse : radio broadcast dedicated to the CD Mahzor Hayim published by the EIJM\",\"datePublished\":\"2018-11-29T08:37:04+00:00\",\"dateModified\":\"2025-09-29T14:28:48+00:00\",\"mainEntityOfPage\":{\"@id\":\"https:\\\/\\\/www.iemj.org\\\/en\\\/cest-nouveau-ca-minteresse-radio-broadcast-dedicated-to-the-cd-mahzor-hayim-published-by-the-eijm\\\/\"},\"wordCount\":109,\"publisher\":{\"@id\":\"https:\\\/\\\/www.iemj.org\\\/en\\\/#organization\"},\"image\":{\"@id\":\"https:\\\/\\\/www.iemj.org\\\/en\\\/cest-nouveau-ca-minteresse-radio-broadcast-dedicated-to-the-cd-mahzor-hayim-published-by-the-eijm\\\/#primaryimage\"},\"thumbnailUrl\":\"https:\\\/\\\/www.iemj.org\\\/wp-content\\\/uploads\\\/2018\\\/11\\\/arton3795.jpg\",\"articleSection\":[\"Radio programs\"],\"inLanguage\":\"en-US\"},{\"@type\":\"WebPage\",\"@id\":\"https:\\\/\\\/www.iemj.org\\\/en\\\/cest-nouveau-ca-minteresse-radio-broadcast-dedicated-to-the-cd-mahzor-hayim-published-by-the-eijm\\\/\",\"url\":\"https:\\\/\\\/www.iemj.org\\\/en\\\/cest-nouveau-ca-minteresse-radio-broadcast-dedicated-to-the-cd-mahzor-hayim-published-by-the-eijm\\\/\",\"name\":\"C'est nouveau \u00e7a m\u2019int\u00e9resse : radio broadcast dedicated to the CD Mahzor Hayim published by the EIJM - Institut Europ\u00e9en des Musiques Juives\",\"isPartOf\":{\"@id\":\"https:\\\/\\\/www.iemj.org\\\/en\\\/#website\"},\"primaryImageOfPage\":{\"@id\":\"https:\\\/\\\/www.iemj.org\\\/en\\\/cest-nouveau-ca-minteresse-radio-broadcast-dedicated-to-the-cd-mahzor-hayim-published-by-the-eijm\\\/#primaryimage\"},\"image\":{\"@id\":\"https:\\\/\\\/www.iemj.org\\\/en\\\/cest-nouveau-ca-minteresse-radio-broadcast-dedicated-to-the-cd-mahzor-hayim-published-by-the-eijm\\\/#primaryimage\"},\"thumbnailUrl\":\"https:\\\/\\\/www.iemj.org\\\/wp-content\\\/uploads\\\/2018\\\/11\\\/arton3795.jpg\",\"datePublished\":\"2018-11-29T08:37:04+00:00\",\"dateModified\":\"2025-09-29T14:28:48+00:00\",\"breadcrumb\":{\"@id\":\"https:\\\/\\\/www.iemj.org\\\/en\\\/cest-nouveau-ca-minteresse-radio-broadcast-dedicated-to-the-cd-mahzor-hayim-published-by-the-eijm\\\/#breadcrumb\"},\"inLanguage\":\"en-US\",\"potentialAction\":[{\"@type\":\"ReadAction\",\"target\":[\"https:\\\/\\\/www.iemj.org\\\/en\\\/cest-nouveau-ca-minteresse-radio-broadcast-dedicated-to-the-cd-mahzor-hayim-published-by-the-eijm\\\/\"]}]},{\"@type\":\"ImageObject\",\"inLanguage\":\"en-US\",\"@id\":\"https:\\\/\\\/www.iemj.org\\\/en\\\/cest-nouveau-ca-minteresse-radio-broadcast-dedicated-to-the-cd-mahzor-hayim-published-by-the-eijm\\\/#primaryimage\",\"url\":\"https:\\\/\\\/www.iemj.org\\\/wp-content\\\/uploads\\\/2018\\\/11\\\/arton3795.jpg\",\"contentUrl\":\"https:\\\/\\\/www.iemj.org\\\/wp-content\\\/uploads\\\/2018\\\/11\\\/arton3795.jpg\",\"width\":255,\"height\":192},{\"@type\":\"BreadcrumbList\",\"@id\":\"https:\\\/\\\/www.iemj.org\\\/en\\\/cest-nouveau-ca-minteresse-radio-broadcast-dedicated-to-the-cd-mahzor-hayim-published-by-the-eijm\\\/#breadcrumb\",\"itemListElement\":[{\"@type\":\"ListItem\",\"position\":1,\"name\":\"Accueil\",\"item\":\"https:\\\/\\\/www.iemj.org\\\/en\\\/\"},{\"@type\":\"ListItem\",\"position\":2,\"name\":\"C&#8217;est nouveau \u00e7a m\u2019int\u00e9resse : radio broadcast dedicated to the CD Mahzor Hayim published by the EIJM\"}]},{\"@type\":\"WebSite\",\"@id\":\"https:\\\/\\\/www.iemj.org\\\/en\\\/#website\",\"url\":\"https:\\\/\\\/www.iemj.org\\\/en\\\/\",\"name\":\"Institut Europ\u00e9en des Musiques Juives\",\"description\":\"Des traditions musicales \u00e0 la port\u00e9e de tous\",\"publisher\":{\"@id\":\"https:\\\/\\\/www.iemj.org\\\/en\\\/#organization\"},\"potentialAction\":[{\"@type\":\"SearchAction\",\"target\":{\"@type\":\"EntryPoint\",\"urlTemplate\":\"https:\\\/\\\/www.iemj.org\\\/en\\\/?s={search_term_string}\"},\"query-input\":{\"@type\":\"PropertyValueSpecification\",\"valueRequired\":true,\"valueName\":\"search_term_string\"}}],\"inLanguage\":\"en-US\"},{\"@type\":\"Organization\",\"@id\":\"https:\\\/\\\/www.iemj.org\\\/en\\\/#organization\",\"name\":\"Institut Europ\u00e9en des Musiques Juives\",\"url\":\"https:\\\/\\\/www.iemj.org\\\/en\\\/\",\"logo\":{\"@type\":\"ImageObject\",\"inLanguage\":\"en-US\",\"@id\":\"https:\\\/\\\/www.iemj.org\\\/en\\\/#\\\/schema\\\/logo\\\/image\\\/\",\"url\":\"https:\\\/\\\/www.iemj.org\\\/wp-content\\\/uploads\\\/2021\\\/09\\\/Logo-IEMJ-Paypal.jpg\",\"contentUrl\":\"https:\\\/\\\/www.iemj.org\\\/wp-content\\\/uploads\\\/2021\\\/09\\\/Logo-IEMJ-Paypal.jpg\",\"width\":150,\"height\":50,\"caption\":\"Institut Europ\u00e9en des Musiques Juives\"},\"image\":{\"@id\":\"https:\\\/\\\/www.iemj.org\\\/en\\\/#\\\/schema\\\/logo\\\/image\\\/\"},\"sameAs\":[\"https:\\\/\\\/www.facebook.com\\\/MusiquesJuives\\\/\",\"https:\\\/\\\/www.instagram.com\\\/musiquesjuives\\\/\",\"https:\\\/\\\/www.youtube.com\\\/user\\\/musiquesjuives\"]},{\"@type\":\"Person\",\"@id\":\"https:\\\/\\\/www.iemj.org\\\/en\\\/#\\\/schema\\\/person\\\/c9bc1c386a3749579a2d675e72a18666\",\"name\":\"Jean-Gabriel Davis\",\"image\":{\"@type\":\"ImageObject\",\"inLanguage\":\"en-US\",\"@id\":\"https:\\\/\\\/secure.gravatar.com\\\/avatar\\\/2b90d67bdf392c9b3a21fab87c0fa7edaf1fb3a058172a1ffd61033fcec7aec1?s=96&d=mm&r=g\",\"url\":\"https:\\\/\\\/secure.gravatar.com\\\/avatar\\\/2b90d67bdf392c9b3a21fab87c0fa7edaf1fb3a058172a1ffd61033fcec7aec1?s=96&d=mm&r=g\",\"contentUrl\":\"https:\\\/\\\/secure.gravatar.com\\\/avatar\\\/2b90d67bdf392c9b3a21fab87c0fa7edaf1fb3a058172a1ffd61033fcec7aec1?s=96&d=mm&r=g\",\"caption\":\"Jean-Gabriel Davis\"}}]}<\/script>\n<!-- \/ Yoast SEO plugin. -->","yoast_head_json":{"title":"C'est nouveau \u00e7a m\u2019int\u00e9resse : radio broadcast dedicated to the CD Mahzor Hayim published by the EIJM - Institut Europ\u00e9en des Musiques Juives","robots":{"index":"index","follow":"follow","max-snippet":"max-snippet:-1","max-image-preview":"max-image-preview:large","max-video-preview":"max-video-preview:-1"},"canonical":"https:\/\/www.iemj.org\/en\/cest-nouveau-ca-minteresse-radio-broadcast-dedicated-to-the-cd-mahzor-hayim-published-by-the-eijm\/","og_locale":"en_US","og_type":"article","og_title":"C'est nouveau \u00e7a m\u2019int\u00e9resse : radio broadcast dedicated to the CD Mahzor Hayim published by the EIJM - Institut Europ\u00e9en des Musiques Juives","og_description":"C&#8217;EST NOUVEAU \u00c7A M&#8217;INTERESSE &#8211; November 21, 2018, Juda\u00efques FM (94,8)","og_url":"https:\/\/www.iemj.org\/en\/cest-nouveau-ca-minteresse-radio-broadcast-dedicated-to-the-cd-mahzor-hayim-published-by-the-eijm\/","og_site_name":"Institut Europ\u00e9en des Musiques Juives","article_publisher":"https:\/\/www.facebook.com\/MusiquesJuives\/","article_published_time":"2018-11-29T08:37:04+00:00","article_modified_time":"2025-09-29T14:28:48+00:00","og_image":[{"width":255,"height":192,"url":"https:\/\/www.iemj.org\/wp-content\/uploads\/2018\/11\/arton3795.jpg","type":"image\/jpeg"}],"author":"Jean-Gabriel Davis","twitter_card":"summary_large_image","twitter_misc":{"Written by":"Jean-Gabriel Davis","Est. reading time":"2 minutes"},"schema":{"@context":"https:\/\/schema.org","@graph":[{"@type":"Article","@id":"https:\/\/www.iemj.org\/en\/cest-nouveau-ca-minteresse-radio-broadcast-dedicated-to-the-cd-mahzor-hayim-published-by-the-eijm\/#article","isPartOf":{"@id":"https:\/\/www.iemj.org\/en\/cest-nouveau-ca-minteresse-radio-broadcast-dedicated-to-the-cd-mahzor-hayim-published-by-the-eijm\/"},"author":{"name":"Jean-Gabriel Davis","@id":"https:\/\/www.iemj.org\/en\/#\/schema\/person\/c9bc1c386a3749579a2d675e72a18666"},"headline":"C&#8217;est nouveau \u00e7a m\u2019int\u00e9resse : radio broadcast dedicated to the CD Mahzor Hayim published by the EIJM","datePublished":"2018-11-29T08:37:04+00:00","dateModified":"2025-09-29T14:28:48+00:00","mainEntityOfPage":{"@id":"https:\/\/www.iemj.org\/en\/cest-nouveau-ca-minteresse-radio-broadcast-dedicated-to-the-cd-mahzor-hayim-published-by-the-eijm\/"},"wordCount":109,"publisher":{"@id":"https:\/\/www.iemj.org\/en\/#organization"},"image":{"@id":"https:\/\/www.iemj.org\/en\/cest-nouveau-ca-minteresse-radio-broadcast-dedicated-to-the-cd-mahzor-hayim-published-by-the-eijm\/#primaryimage"},"thumbnailUrl":"https:\/\/www.iemj.org\/wp-content\/uploads\/2018\/11\/arton3795.jpg","articleSection":["Radio programs"],"inLanguage":"en-US"},{"@type":"WebPage","@id":"https:\/\/www.iemj.org\/en\/cest-nouveau-ca-minteresse-radio-broadcast-dedicated-to-the-cd-mahzor-hayim-published-by-the-eijm\/","url":"https:\/\/www.iemj.org\/en\/cest-nouveau-ca-minteresse-radio-broadcast-dedicated-to-the-cd-mahzor-hayim-published-by-the-eijm\/","name":"C'est nouveau \u00e7a m\u2019int\u00e9resse : radio broadcast dedicated to the CD Mahzor Hayim published by the EIJM - Institut Europ\u00e9en des Musiques Juives","isPartOf":{"@id":"https:\/\/www.iemj.org\/en\/#website"},"primaryImageOfPage":{"@id":"https:\/\/www.iemj.org\/en\/cest-nouveau-ca-minteresse-radio-broadcast-dedicated-to-the-cd-mahzor-hayim-published-by-the-eijm\/#primaryimage"},"image":{"@id":"https:\/\/www.iemj.org\/en\/cest-nouveau-ca-minteresse-radio-broadcast-dedicated-to-the-cd-mahzor-hayim-published-by-the-eijm\/#primaryimage"},"thumbnailUrl":"https:\/\/www.iemj.org\/wp-content\/uploads\/2018\/11\/arton3795.jpg","datePublished":"2018-11-29T08:37:04+00:00","dateModified":"2025-09-29T14:28:48+00:00","breadcrumb":{"@id":"https:\/\/www.iemj.org\/en\/cest-nouveau-ca-minteresse-radio-broadcast-dedicated-to-the-cd-mahzor-hayim-published-by-the-eijm\/#breadcrumb"},"inLanguage":"en-US","potentialAction":[{"@type":"ReadAction","target":["https:\/\/www.iemj.org\/en\/cest-nouveau-ca-minteresse-radio-broadcast-dedicated-to-the-cd-mahzor-hayim-published-by-the-eijm\/"]}]},{"@type":"ImageObject","inLanguage":"en-US","@id":"https:\/\/www.iemj.org\/en\/cest-nouveau-ca-minteresse-radio-broadcast-dedicated-to-the-cd-mahzor-hayim-published-by-the-eijm\/#primaryimage","url":"https:\/\/www.iemj.org\/wp-content\/uploads\/2018\/11\/arton3795.jpg","contentUrl":"https:\/\/www.iemj.org\/wp-content\/uploads\/2018\/11\/arton3795.jpg","width":255,"height":192},{"@type":"BreadcrumbList","@id":"https:\/\/www.iemj.org\/en\/cest-nouveau-ca-minteresse-radio-broadcast-dedicated-to-the-cd-mahzor-hayim-published-by-the-eijm\/#breadcrumb","itemListElement":[{"@type":"ListItem","position":1,"name":"Accueil","item":"https:\/\/www.iemj.org\/en\/"},{"@type":"ListItem","position":2,"name":"C&#8217;est nouveau \u00e7a m\u2019int\u00e9resse : radio broadcast dedicated to the CD Mahzor Hayim published by the EIJM"}]},{"@type":"WebSite","@id":"https:\/\/www.iemj.org\/en\/#website","url":"https:\/\/www.iemj.org\/en\/","name":"Institut Europ\u00e9en des Musiques Juives","description":"Des traditions musicales \u00e0 la port\u00e9e de tous","publisher":{"@id":"https:\/\/www.iemj.org\/en\/#organization"},"potentialAction":[{"@type":"SearchAction","target":{"@type":"EntryPoint","urlTemplate":"https:\/\/www.iemj.org\/en\/?s={search_term_string}"},"query-input":{"@type":"PropertyValueSpecification","valueRequired":true,"valueName":"search_term_string"}}],"inLanguage":"en-US"},{"@type":"Organization","@id":"https:\/\/www.iemj.org\/en\/#organization","name":"Institut Europ\u00e9en des Musiques Juives","url":"https:\/\/www.iemj.org\/en\/","logo":{"@type":"ImageObject","inLanguage":"en-US","@id":"https:\/\/www.iemj.org\/en\/#\/schema\/logo\/image\/","url":"https:\/\/www.iemj.org\/wp-content\/uploads\/2021\/09\/Logo-IEMJ-Paypal.jpg","contentUrl":"https:\/\/www.iemj.org\/wp-content\/uploads\/2021\/09\/Logo-IEMJ-Paypal.jpg","width":150,"height":50,"caption":"Institut Europ\u00e9en des Musiques Juives"},"image":{"@id":"https:\/\/www.iemj.org\/en\/#\/schema\/logo\/image\/"},"sameAs":["https:\/\/www.facebook.com\/MusiquesJuives\/","https:\/\/www.instagram.com\/musiquesjuives\/","https:\/\/www.youtube.com\/user\/musiquesjuives"]},{"@type":"Person","@id":"https:\/\/www.iemj.org\/en\/#\/schema\/person\/c9bc1c386a3749579a2d675e72a18666","name":"Jean-Gabriel Davis","image":{"@type":"ImageObject","inLanguage":"en-US","@id":"https:\/\/secure.gravatar.com\/avatar\/2b90d67bdf392c9b3a21fab87c0fa7edaf1fb3a058172a1ffd61033fcec7aec1?s=96&d=mm&r=g","url":"https:\/\/secure.gravatar.com\/avatar\/2b90d67bdf392c9b3a21fab87c0fa7edaf1fb3a058172a1ffd61033fcec7aec1?s=96&d=mm&r=g","contentUrl":"https:\/\/secure.gravatar.com\/avatar\/2b90d67bdf392c9b3a21fab87c0fa7edaf1fb3a058172a1ffd61033fcec7aec1?s=96&d=mm&r=g","caption":"Jean-Gabriel Davis"}}]}},"_links":{"self":[{"href":"https:\/\/www.iemj.org\/en\/wp-json\/wp\/v2\/posts\/21915","targetHints":{"allow":["GET"]}}],"collection":[{"href":"https:\/\/www.iemj.org\/en\/wp-json\/wp\/v2\/posts"}],"about":[{"href":"https:\/\/www.iemj.org\/en\/wp-json\/wp\/v2\/types\/post"}],"author":[{"embeddable":true,"href":"https:\/\/www.iemj.org\/en\/wp-json\/wp\/v2\/users\/1048"}],"replies":[{"embeddable":true,"href":"https:\/\/www.iemj.org\/en\/wp-json\/wp\/v2\/comments?post=21915"}],"version-history":[{"count":0,"href":"https:\/\/www.iemj.org\/en\/wp-json\/wp\/v2\/posts\/21915\/revisions"}],"wp:featuredmedia":[{"embeddable":true,"href":"https:\/\/www.iemj.org\/en\/wp-json\/wp\/v2\/media\/21913"}],"wp:attachment":[{"href":"https:\/\/www.iemj.org\/en\/wp-json\/wp\/v2\/media?parent=21915"}],"wp:term":[{"taxonomy":"category","embeddable":true,"href":"https:\/\/www.iemj.org\/en\/wp-json\/wp\/v2\/categories?post=21915"},{"taxonomy":"post_tag","embeddable":true,"href":"https:\/\/www.iemj.org\/en\/wp-json\/wp\/v2\/tags?post=21915"},{"taxonomy":"technique","embeddable":true,"href":"https:\/\/www.iemj.org\/en\/wp-json\/wp\/v2\/technique?post=21915"},{"taxonomy":"squelettes","embeddable":true,"href":"https:\/\/www.iemj.org\/en\/wp-json\/wp\/v2\/squelettes?post=21915"},{"taxonomy":"sujet","embeddable":true,"href":"https:\/\/www.iemj.org\/en\/wp-json\/wp\/v2\/sujet?post=21915"},{"taxonomy":"formation","embeddable":true,"href":"https:\/\/www.iemj.org\/en\/wp-json\/wp\/v2\/formation?post=21915"},{"taxonomy":"genre","embeddable":true,"href":"https:\/\/www.iemj.org\/en\/wp-json\/wp\/v2\/genre?post=21915"},{"taxonomy":"fonds","embeddable":true,"href":"https:\/\/www.iemj.org\/en\/wp-json\/wp\/v2\/fonds?post=21915"},{"taxonomy":"tradition","embeddable":true,"href":"https:\/\/www.iemj.org\/en\/wp-json\/wp\/v2\/tradition?post=21915"},{"taxonomy":"type-de-contenu","embeddable":true,"href":"https:\/\/www.iemj.org\/en\/wp-json\/wp\/v2\/type-de-contenu?post=21915"},{"taxonomy":"interprete-compositeur","embeddable":true,"href":"https:\/\/www.iemj.org\/en\/wp-json\/wp\/v2\/interprete-compositeur?post=21915"},{"taxonomy":"frise","embeddable":true,"href":"https:\/\/www.iemj.org\/en\/wp-json\/wp\/v2\/frise?post=21915"},{"taxonomy":"type-devenement","embeddable":true,"href":"https:\/\/www.iemj.org\/en\/wp-json\/wp\/v2\/type-devenement?post=21915"},{"taxonomy":"tableaux-liens-externes","embeddable":true,"href":"https:\/\/www.iemj.org\/en\/wp-json\/wp\/v2\/tableaux-liens-externes?post=21915"}],"curies":[{"name":"wp","href":"https:\/\/api.w.org\/{rel}","templated":true}]}}