{"id":22349,"date":"2019-01-11T10:45:31","date_gmt":"2019-01-11T09:45:31","guid":{"rendered":"https:\/\/www.iemj.org\/2019\/01\/11\/the-mystical-singing-in-hassidic-tradition-marc-alain-ouaknin\/"},"modified":"2025-10-04T18:17:45","modified_gmt":"2025-10-04T16:17:45","slug":"the-mystical-singing-in-hassidic-tradition-marc-alain-ouaknin","status":"publish","type":"post","link":"https:\/\/www.iemj.org\/en\/the-mystical-singing-in-hassidic-tradition-marc-alain-ouaknin\/","title":{"rendered":"The mystical singing in Chasidic tradition &#8211; Marc-Alain Ouaknin"},"content":{"rendered":"\n<p><br><strong>As part of the day of sudy <a href=\"https:\/\/www.iemj.org\/en\/symposium-and-concerts-vox-aurea-via-sacra-2014-sacred-jewish-music\/\" target=\"_blank\" rel=\"noreferrer noopener\">Vox Aurea-Via Sacra 2014<\/a>, dedicated to sacred Jewish music, <a href=\"https:\/\/en.wikipedia.org\/wiki\/Marc-Alain_Ouaknin\">Marc-Alain Ouaknin.<\/a> Rabbi, philosopher and teacher in the faculty shares a reflexion about the Chasidic singing and its relation with faith &#8230;<\/strong><\/p>\n\n\n<h2>Listen to the conference below<\/h2>\n<p>Chasidism, inaugurated in the middle of the XVIIIth century by the Baal Chem Tov and his disciples, sought to offer to the Jewish people a real rebirth. It was no longer question to create scholars or PhD&#8217;s in biblical studies, but to allow to men and women of this generation to regain their dignity. Poor yes, but worthy. And each one could become prince and princess, king and queen in each family, in each village and aimed to embellish Judaism with singing, dancing and telling stories.<\/p>\n<p>Man and his world revived ! Spring had a meaning : it was no longer only the time of the celebration of Passover and its scholar and complicated laws, but also the time of blooming almond trees, of days getting longer, of the birds&#8217; singing coming back. Thus Chasidism and its Masters got out of the &#8220;consolation theology&#8221; so well described by Nietzsche, one century later with his famous sentence \u00ab Cadavers ! You&#8217;ll come later ! \u00bb<\/p>\n<p>The writings published by Marc-Alain Ouaknin are an endless source of information on Jewish tradition. They are full of unexpected comparisons between this tradition and more contemporary currents of philosophy and literature. It gives other resonance to tradition<\/p>\n<p><a href=\"https:\/\/voxaurea-viasacra.com\/toutes-les-saisons\/saison-2014\/\">Learn more on the program of conferences and concerts of the 3rd edition of Vox Aurea-Via Sacra dedicated to sacred Jewish music.<\/a><\/p>\n\n<div class=\"wp-block-image\">\n<figure class=\"aligncenter size-large\"><img fetchpriority=\"high\" decoding=\"async\" width=\"1024\" height=\"133\" src=\"https:\/\/www.iemj.org\/wp-content\/uploads\/2024\/03\/AUDIO-PLAYER-1024x133.png\" alt=\"\" class=\"wp-image-110607\" srcset=\"https:\/\/www.iemj.org\/wp-content\/uploads\/2024\/03\/AUDIO-PLAYER-1024x133.png 1024w, https:\/\/www.iemj.org\/wp-content\/uploads\/2024\/03\/AUDIO-PLAYER-300x39.png 300w, https:\/\/www.iemj.org\/wp-content\/uploads\/2024\/03\/AUDIO-PLAYER-768x100.png 768w, https:\/\/www.iemj.org\/wp-content\/uploads\/2024\/03\/AUDIO-PLAYER-600x78.png 600w, https:\/\/www.iemj.org\/wp-content\/uploads\/2024\/03\/AUDIO-PLAYER.png 1210w\" sizes=\"(max-width: 1024px) 100vw, 1024px\" \/><\/figure>\n<\/div>\n\n\n<div class=\"wp-block-file\"><a id=\"wp-block-file--media-cc018847-3f22-4a15-9790-09920498690e\" href=\"https:\/\/www.iemj.org\/wp-content\/uploads\/2015\/12\/5_marc_alain_ouaknin-2.mp3\">Colloque Vox Aurea &#8211; Marc-Alain OUAKNIN<\/a><\/div>\n","protected":false},"excerpt":{"rendered":"<p>As part of the day of sudy Vox Aurea-Via Sacra 2014, dedicated to sacred Jewish music, Marc-Alain Ouaknin. Rabbi, philosopher and teacher in the faculty shares a reflexion about the<\/p>\n","protected":false},"author":1048,"featured_media":22347,"comment_status":"closed","ping_status":"open","sticky":false,"template":"","format":"standard","meta":{"_acf_changed":false,"footnotes":""},"categories":[1366],"tags":[],"technique":[],"squelettes":[],"sujet":[],"formation":[],"genre":[1116],"fonds":[],"tradition":[],"type-de-contenu":[],"interprete-compositeur":[],"frise":[],"type-devenement":[],"tableaux-liens-externes":[],"class_list":["post-22349","post","type-post","status-publish","format-standard","has-post-thumbnail","hentry","category-lectures-conferences-discover-en","genre-liturgy"],"acf":[],"yoast_head":"<!-- This site is optimized with the Yoast SEO plugin v27.3 - https:\/\/yoast.com\/product\/yoast-seo-wordpress\/ -->\n<title>The mystical singing in Chasidic tradition - Marc-Alain Ouaknin - Institut Europ\u00e9en des Musiques Juives<\/title>\n<meta name=\"robots\" content=\"index, follow, max-snippet:-1, max-image-preview:large, max-video-preview:-1\" \/>\n<link rel=\"canonical\" href=\"https:\/\/www.iemj.org\/en\/the-mystical-singing-in-hassidic-tradition-marc-alain-ouaknin\/\" \/>\n<meta property=\"og:locale\" content=\"en_US\" \/>\n<meta property=\"og:type\" content=\"article\" \/>\n<meta property=\"og:title\" content=\"The mystical singing in Chasidic tradition - Marc-Alain Ouaknin - Institut Europ\u00e9en des Musiques Juives\" \/>\n<meta property=\"og:description\" content=\"As part of the day of sudy Vox Aurea-Via Sacra 2014, dedicated to sacred Jewish music, Marc-Alain Ouaknin. Rabbi, philosopher and teacher in the faculty shares a reflexion about the\" \/>\n<meta property=\"og:url\" content=\"https:\/\/www.iemj.org\/en\/the-mystical-singing-in-hassidic-tradition-marc-alain-ouaknin\/\" \/>\n<meta property=\"og:site_name\" content=\"Institut Europ\u00e9en des Musiques Juives\" \/>\n<meta property=\"article:publisher\" content=\"https:\/\/www.facebook.com\/MusiquesJuives\/\" \/>\n<meta property=\"article:published_time\" content=\"2019-01-11T09:45:31+00:00\" \/>\n<meta property=\"article:modified_time\" content=\"2025-10-04T16:17:45+00:00\" \/>\n<meta property=\"og:image\" content=\"https:\/\/www.iemj.org\/wp-content\/uploads\/2019\/01\/arton3882.jpg\" \/>\n\t<meta property=\"og:image:width\" content=\"302\" \/>\n\t<meta property=\"og:image:height\" content=\"321\" \/>\n\t<meta property=\"og:image:type\" content=\"image\/jpeg\" \/>\n<meta name=\"author\" content=\"Jean-Gabriel Davis\" \/>\n<meta name=\"twitter:card\" content=\"summary_large_image\" \/>\n<meta name=\"twitter:label1\" content=\"Written by\" \/>\n\t<meta name=\"twitter:data1\" content=\"Jean-Gabriel Davis\" \/>\n\t<meta name=\"twitter:label2\" content=\"Est. reading time\" \/>\n\t<meta name=\"twitter:data2\" content=\"2 minutes\" \/>\n<script type=\"application\/ld+json\" class=\"yoast-schema-graph\">{\"@context\":\"https:\\\/\\\/schema.org\",\"@graph\":[{\"@type\":\"Article\",\"@id\":\"https:\\\/\\\/www.iemj.org\\\/en\\\/the-mystical-singing-in-hassidic-tradition-marc-alain-ouaknin\\\/#article\",\"isPartOf\":{\"@id\":\"https:\\\/\\\/www.iemj.org\\\/en\\\/the-mystical-singing-in-hassidic-tradition-marc-alain-ouaknin\\\/\"},\"author\":{\"name\":\"Jean-Gabriel Davis\",\"@id\":\"https:\\\/\\\/www.iemj.org\\\/en\\\/#\\\/schema\\\/person\\\/c9bc1c386a3749579a2d675e72a18666\"},\"headline\":\"The mystical singing in Chasidic tradition &#8211; Marc-Alain Ouaknin\",\"datePublished\":\"2019-01-11T09:45:31+00:00\",\"dateModified\":\"2025-10-04T16:17:45+00:00\",\"mainEntityOfPage\":{\"@id\":\"https:\\\/\\\/www.iemj.org\\\/en\\\/the-mystical-singing-in-hassidic-tradition-marc-alain-ouaknin\\\/\"},\"wordCount\":276,\"publisher\":{\"@id\":\"https:\\\/\\\/www.iemj.org\\\/en\\\/#organization\"},\"image\":{\"@id\":\"https:\\\/\\\/www.iemj.org\\\/en\\\/the-mystical-singing-in-hassidic-tradition-marc-alain-ouaknin\\\/#primaryimage\"},\"thumbnailUrl\":\"https:\\\/\\\/www.iemj.org\\\/wp-content\\\/uploads\\\/2019\\\/01\\\/arton3882.jpg\",\"articleSection\":[\"Lectures \\\/ conferences\"],\"inLanguage\":\"en-US\"},{\"@type\":\"WebPage\",\"@id\":\"https:\\\/\\\/www.iemj.org\\\/en\\\/the-mystical-singing-in-hassidic-tradition-marc-alain-ouaknin\\\/\",\"url\":\"https:\\\/\\\/www.iemj.org\\\/en\\\/the-mystical-singing-in-hassidic-tradition-marc-alain-ouaknin\\\/\",\"name\":\"The mystical singing in Chasidic tradition - Marc-Alain Ouaknin - Institut Europ\u00e9en des Musiques Juives\",\"isPartOf\":{\"@id\":\"https:\\\/\\\/www.iemj.org\\\/en\\\/#website\"},\"primaryImageOfPage\":{\"@id\":\"https:\\\/\\\/www.iemj.org\\\/en\\\/the-mystical-singing-in-hassidic-tradition-marc-alain-ouaknin\\\/#primaryimage\"},\"image\":{\"@id\":\"https:\\\/\\\/www.iemj.org\\\/en\\\/the-mystical-singing-in-hassidic-tradition-marc-alain-ouaknin\\\/#primaryimage\"},\"thumbnailUrl\":\"https:\\\/\\\/www.iemj.org\\\/wp-content\\\/uploads\\\/2019\\\/01\\\/arton3882.jpg\",\"datePublished\":\"2019-01-11T09:45:31+00:00\",\"dateModified\":\"2025-10-04T16:17:45+00:00\",\"breadcrumb\":{\"@id\":\"https:\\\/\\\/www.iemj.org\\\/en\\\/the-mystical-singing-in-hassidic-tradition-marc-alain-ouaknin\\\/#breadcrumb\"},\"inLanguage\":\"en-US\",\"potentialAction\":[{\"@type\":\"ReadAction\",\"target\":[\"https:\\\/\\\/www.iemj.org\\\/en\\\/the-mystical-singing-in-hassidic-tradition-marc-alain-ouaknin\\\/\"]}]},{\"@type\":\"ImageObject\",\"inLanguage\":\"en-US\",\"@id\":\"https:\\\/\\\/www.iemj.org\\\/en\\\/the-mystical-singing-in-hassidic-tradition-marc-alain-ouaknin\\\/#primaryimage\",\"url\":\"https:\\\/\\\/www.iemj.org\\\/wp-content\\\/uploads\\\/2019\\\/01\\\/arton3882.jpg\",\"contentUrl\":\"https:\\\/\\\/www.iemj.org\\\/wp-content\\\/uploads\\\/2019\\\/01\\\/arton3882.jpg\",\"width\":302,\"height\":321},{\"@type\":\"BreadcrumbList\",\"@id\":\"https:\\\/\\\/www.iemj.org\\\/en\\\/the-mystical-singing-in-hassidic-tradition-marc-alain-ouaknin\\\/#breadcrumb\",\"itemListElement\":[{\"@type\":\"ListItem\",\"position\":1,\"name\":\"Accueil\",\"item\":\"https:\\\/\\\/www.iemj.org\\\/en\\\/\"},{\"@type\":\"ListItem\",\"position\":2,\"name\":\"The mystical singing in Chasidic tradition &#8211; Marc-Alain Ouaknin\"}]},{\"@type\":\"WebSite\",\"@id\":\"https:\\\/\\\/www.iemj.org\\\/en\\\/#website\",\"url\":\"https:\\\/\\\/www.iemj.org\\\/en\\\/\",\"name\":\"Institut Europ\u00e9en des Musiques Juives\",\"description\":\"Des traditions musicales \u00e0 la port\u00e9e de tous\",\"publisher\":{\"@id\":\"https:\\\/\\\/www.iemj.org\\\/en\\\/#organization\"},\"potentialAction\":[{\"@type\":\"SearchAction\",\"target\":{\"@type\":\"EntryPoint\",\"urlTemplate\":\"https:\\\/\\\/www.iemj.org\\\/en\\\/?s={search_term_string}\"},\"query-input\":{\"@type\":\"PropertyValueSpecification\",\"valueRequired\":true,\"valueName\":\"search_term_string\"}}],\"inLanguage\":\"en-US\"},{\"@type\":\"Organization\",\"@id\":\"https:\\\/\\\/www.iemj.org\\\/en\\\/#organization\",\"name\":\"Institut Europ\u00e9en des Musiques Juives\",\"url\":\"https:\\\/\\\/www.iemj.org\\\/en\\\/\",\"logo\":{\"@type\":\"ImageObject\",\"inLanguage\":\"en-US\",\"@id\":\"https:\\\/\\\/www.iemj.org\\\/en\\\/#\\\/schema\\\/logo\\\/image\\\/\",\"url\":\"https:\\\/\\\/www.iemj.org\\\/wp-content\\\/uploads\\\/2021\\\/09\\\/Logo-IEMJ-Paypal.jpg\",\"contentUrl\":\"https:\\\/\\\/www.iemj.org\\\/wp-content\\\/uploads\\\/2021\\\/09\\\/Logo-IEMJ-Paypal.jpg\",\"width\":150,\"height\":50,\"caption\":\"Institut Europ\u00e9en des Musiques Juives\"},\"image\":{\"@id\":\"https:\\\/\\\/www.iemj.org\\\/en\\\/#\\\/schema\\\/logo\\\/image\\\/\"},\"sameAs\":[\"https:\\\/\\\/www.facebook.com\\\/MusiquesJuives\\\/\",\"https:\\\/\\\/www.instagram.com\\\/musiquesjuives\\\/\",\"https:\\\/\\\/www.youtube.com\\\/user\\\/musiquesjuives\"]},{\"@type\":\"Person\",\"@id\":\"https:\\\/\\\/www.iemj.org\\\/en\\\/#\\\/schema\\\/person\\\/c9bc1c386a3749579a2d675e72a18666\",\"name\":\"Jean-Gabriel Davis\",\"image\":{\"@type\":\"ImageObject\",\"inLanguage\":\"en-US\",\"@id\":\"https:\\\/\\\/secure.gravatar.com\\\/avatar\\\/2b90d67bdf392c9b3a21fab87c0fa7edaf1fb3a058172a1ffd61033fcec7aec1?s=96&d=mm&r=g\",\"url\":\"https:\\\/\\\/secure.gravatar.com\\\/avatar\\\/2b90d67bdf392c9b3a21fab87c0fa7edaf1fb3a058172a1ffd61033fcec7aec1?s=96&d=mm&r=g\",\"contentUrl\":\"https:\\\/\\\/secure.gravatar.com\\\/avatar\\\/2b90d67bdf392c9b3a21fab87c0fa7edaf1fb3a058172a1ffd61033fcec7aec1?s=96&d=mm&r=g\",\"caption\":\"Jean-Gabriel Davis\"}}]}<\/script>\n<!-- \/ Yoast SEO plugin. -->","yoast_head_json":{"title":"The mystical singing in Chasidic tradition - Marc-Alain Ouaknin - Institut Europ\u00e9en des Musiques Juives","robots":{"index":"index","follow":"follow","max-snippet":"max-snippet:-1","max-image-preview":"max-image-preview:large","max-video-preview":"max-video-preview:-1"},"canonical":"https:\/\/www.iemj.org\/en\/the-mystical-singing-in-hassidic-tradition-marc-alain-ouaknin\/","og_locale":"en_US","og_type":"article","og_title":"The mystical singing in Chasidic tradition - Marc-Alain Ouaknin - Institut Europ\u00e9en des Musiques Juives","og_description":"As part of the day of sudy Vox Aurea-Via Sacra 2014, dedicated to sacred Jewish music, Marc-Alain Ouaknin. Rabbi, philosopher and teacher in the faculty shares a reflexion about the","og_url":"https:\/\/www.iemj.org\/en\/the-mystical-singing-in-hassidic-tradition-marc-alain-ouaknin\/","og_site_name":"Institut Europ\u00e9en des Musiques Juives","article_publisher":"https:\/\/www.facebook.com\/MusiquesJuives\/","article_published_time":"2019-01-11T09:45:31+00:00","article_modified_time":"2025-10-04T16:17:45+00:00","og_image":[{"width":302,"height":321,"url":"https:\/\/www.iemj.org\/wp-content\/uploads\/2019\/01\/arton3882.jpg","type":"image\/jpeg"}],"author":"Jean-Gabriel Davis","twitter_card":"summary_large_image","twitter_misc":{"Written by":"Jean-Gabriel Davis","Est. reading time":"2 minutes"},"schema":{"@context":"https:\/\/schema.org","@graph":[{"@type":"Article","@id":"https:\/\/www.iemj.org\/en\/the-mystical-singing-in-hassidic-tradition-marc-alain-ouaknin\/#article","isPartOf":{"@id":"https:\/\/www.iemj.org\/en\/the-mystical-singing-in-hassidic-tradition-marc-alain-ouaknin\/"},"author":{"name":"Jean-Gabriel Davis","@id":"https:\/\/www.iemj.org\/en\/#\/schema\/person\/c9bc1c386a3749579a2d675e72a18666"},"headline":"The mystical singing in Chasidic tradition &#8211; Marc-Alain Ouaknin","datePublished":"2019-01-11T09:45:31+00:00","dateModified":"2025-10-04T16:17:45+00:00","mainEntityOfPage":{"@id":"https:\/\/www.iemj.org\/en\/the-mystical-singing-in-hassidic-tradition-marc-alain-ouaknin\/"},"wordCount":276,"publisher":{"@id":"https:\/\/www.iemj.org\/en\/#organization"},"image":{"@id":"https:\/\/www.iemj.org\/en\/the-mystical-singing-in-hassidic-tradition-marc-alain-ouaknin\/#primaryimage"},"thumbnailUrl":"https:\/\/www.iemj.org\/wp-content\/uploads\/2019\/01\/arton3882.jpg","articleSection":["Lectures \/ conferences"],"inLanguage":"en-US"},{"@type":"WebPage","@id":"https:\/\/www.iemj.org\/en\/the-mystical-singing-in-hassidic-tradition-marc-alain-ouaknin\/","url":"https:\/\/www.iemj.org\/en\/the-mystical-singing-in-hassidic-tradition-marc-alain-ouaknin\/","name":"The mystical singing in Chasidic tradition - Marc-Alain Ouaknin - Institut Europ\u00e9en des Musiques Juives","isPartOf":{"@id":"https:\/\/www.iemj.org\/en\/#website"},"primaryImageOfPage":{"@id":"https:\/\/www.iemj.org\/en\/the-mystical-singing-in-hassidic-tradition-marc-alain-ouaknin\/#primaryimage"},"image":{"@id":"https:\/\/www.iemj.org\/en\/the-mystical-singing-in-hassidic-tradition-marc-alain-ouaknin\/#primaryimage"},"thumbnailUrl":"https:\/\/www.iemj.org\/wp-content\/uploads\/2019\/01\/arton3882.jpg","datePublished":"2019-01-11T09:45:31+00:00","dateModified":"2025-10-04T16:17:45+00:00","breadcrumb":{"@id":"https:\/\/www.iemj.org\/en\/the-mystical-singing-in-hassidic-tradition-marc-alain-ouaknin\/#breadcrumb"},"inLanguage":"en-US","potentialAction":[{"@type":"ReadAction","target":["https:\/\/www.iemj.org\/en\/the-mystical-singing-in-hassidic-tradition-marc-alain-ouaknin\/"]}]},{"@type":"ImageObject","inLanguage":"en-US","@id":"https:\/\/www.iemj.org\/en\/the-mystical-singing-in-hassidic-tradition-marc-alain-ouaknin\/#primaryimage","url":"https:\/\/www.iemj.org\/wp-content\/uploads\/2019\/01\/arton3882.jpg","contentUrl":"https:\/\/www.iemj.org\/wp-content\/uploads\/2019\/01\/arton3882.jpg","width":302,"height":321},{"@type":"BreadcrumbList","@id":"https:\/\/www.iemj.org\/en\/the-mystical-singing-in-hassidic-tradition-marc-alain-ouaknin\/#breadcrumb","itemListElement":[{"@type":"ListItem","position":1,"name":"Accueil","item":"https:\/\/www.iemj.org\/en\/"},{"@type":"ListItem","position":2,"name":"The mystical singing in Chasidic tradition &#8211; Marc-Alain Ouaknin"}]},{"@type":"WebSite","@id":"https:\/\/www.iemj.org\/en\/#website","url":"https:\/\/www.iemj.org\/en\/","name":"Institut Europ\u00e9en des Musiques Juives","description":"Des traditions musicales \u00e0 la port\u00e9e de tous","publisher":{"@id":"https:\/\/www.iemj.org\/en\/#organization"},"potentialAction":[{"@type":"SearchAction","target":{"@type":"EntryPoint","urlTemplate":"https:\/\/www.iemj.org\/en\/?s={search_term_string}"},"query-input":{"@type":"PropertyValueSpecification","valueRequired":true,"valueName":"search_term_string"}}],"inLanguage":"en-US"},{"@type":"Organization","@id":"https:\/\/www.iemj.org\/en\/#organization","name":"Institut Europ\u00e9en des Musiques Juives","url":"https:\/\/www.iemj.org\/en\/","logo":{"@type":"ImageObject","inLanguage":"en-US","@id":"https:\/\/www.iemj.org\/en\/#\/schema\/logo\/image\/","url":"https:\/\/www.iemj.org\/wp-content\/uploads\/2021\/09\/Logo-IEMJ-Paypal.jpg","contentUrl":"https:\/\/www.iemj.org\/wp-content\/uploads\/2021\/09\/Logo-IEMJ-Paypal.jpg","width":150,"height":50,"caption":"Institut Europ\u00e9en des Musiques Juives"},"image":{"@id":"https:\/\/www.iemj.org\/en\/#\/schema\/logo\/image\/"},"sameAs":["https:\/\/www.facebook.com\/MusiquesJuives\/","https:\/\/www.instagram.com\/musiquesjuives\/","https:\/\/www.youtube.com\/user\/musiquesjuives"]},{"@type":"Person","@id":"https:\/\/www.iemj.org\/en\/#\/schema\/person\/c9bc1c386a3749579a2d675e72a18666","name":"Jean-Gabriel Davis","image":{"@type":"ImageObject","inLanguage":"en-US","@id":"https:\/\/secure.gravatar.com\/avatar\/2b90d67bdf392c9b3a21fab87c0fa7edaf1fb3a058172a1ffd61033fcec7aec1?s=96&d=mm&r=g","url":"https:\/\/secure.gravatar.com\/avatar\/2b90d67bdf392c9b3a21fab87c0fa7edaf1fb3a058172a1ffd61033fcec7aec1?s=96&d=mm&r=g","contentUrl":"https:\/\/secure.gravatar.com\/avatar\/2b90d67bdf392c9b3a21fab87c0fa7edaf1fb3a058172a1ffd61033fcec7aec1?s=96&d=mm&r=g","caption":"Jean-Gabriel Davis"}}]}},"_links":{"self":[{"href":"https:\/\/www.iemj.org\/en\/wp-json\/wp\/v2\/posts\/22349","targetHints":{"allow":["GET"]}}],"collection":[{"href":"https:\/\/www.iemj.org\/en\/wp-json\/wp\/v2\/posts"}],"about":[{"href":"https:\/\/www.iemj.org\/en\/wp-json\/wp\/v2\/types\/post"}],"author":[{"embeddable":true,"href":"https:\/\/www.iemj.org\/en\/wp-json\/wp\/v2\/users\/1048"}],"replies":[{"embeddable":true,"href":"https:\/\/www.iemj.org\/en\/wp-json\/wp\/v2\/comments?post=22349"}],"version-history":[{"count":1,"href":"https:\/\/www.iemj.org\/en\/wp-json\/wp\/v2\/posts\/22349\/revisions"}],"predecessor-version":[{"id":126316,"href":"https:\/\/www.iemj.org\/en\/wp-json\/wp\/v2\/posts\/22349\/revisions\/126316"}],"wp:featuredmedia":[{"embeddable":true,"href":"https:\/\/www.iemj.org\/en\/wp-json\/wp\/v2\/media\/22347"}],"wp:attachment":[{"href":"https:\/\/www.iemj.org\/en\/wp-json\/wp\/v2\/media?parent=22349"}],"wp:term":[{"taxonomy":"category","embeddable":true,"href":"https:\/\/www.iemj.org\/en\/wp-json\/wp\/v2\/categories?post=22349"},{"taxonomy":"post_tag","embeddable":true,"href":"https:\/\/www.iemj.org\/en\/wp-json\/wp\/v2\/tags?post=22349"},{"taxonomy":"technique","embeddable":true,"href":"https:\/\/www.iemj.org\/en\/wp-json\/wp\/v2\/technique?post=22349"},{"taxonomy":"squelettes","embeddable":true,"href":"https:\/\/www.iemj.org\/en\/wp-json\/wp\/v2\/squelettes?post=22349"},{"taxonomy":"sujet","embeddable":true,"href":"https:\/\/www.iemj.org\/en\/wp-json\/wp\/v2\/sujet?post=22349"},{"taxonomy":"formation","embeddable":true,"href":"https:\/\/www.iemj.org\/en\/wp-json\/wp\/v2\/formation?post=22349"},{"taxonomy":"genre","embeddable":true,"href":"https:\/\/www.iemj.org\/en\/wp-json\/wp\/v2\/genre?post=22349"},{"taxonomy":"fonds","embeddable":true,"href":"https:\/\/www.iemj.org\/en\/wp-json\/wp\/v2\/fonds?post=22349"},{"taxonomy":"tradition","embeddable":true,"href":"https:\/\/www.iemj.org\/en\/wp-json\/wp\/v2\/tradition?post=22349"},{"taxonomy":"type-de-contenu","embeddable":true,"href":"https:\/\/www.iemj.org\/en\/wp-json\/wp\/v2\/type-de-contenu?post=22349"},{"taxonomy":"interprete-compositeur","embeddable":true,"href":"https:\/\/www.iemj.org\/en\/wp-json\/wp\/v2\/interprete-compositeur?post=22349"},{"taxonomy":"frise","embeddable":true,"href":"https:\/\/www.iemj.org\/en\/wp-json\/wp\/v2\/frise?post=22349"},{"taxonomy":"type-devenement","embeddable":true,"href":"https:\/\/www.iemj.org\/en\/wp-json\/wp\/v2\/type-devenement?post=22349"},{"taxonomy":"tableaux-liens-externes","embeddable":true,"href":"https:\/\/www.iemj.org\/en\/wp-json\/wp\/v2\/tableaux-liens-externes?post=22349"}],"curies":[{"name":"wp","href":"https:\/\/api.w.org\/{rel}","templated":true}]}}