{"id":23055,"date":"2019-03-07T09:14:48","date_gmt":"2019-03-07T08:14:48","guid":{"rendered":"https:\/\/www.iemj.org\/2019\/03\/07\/the-kol-zimrah-choir-from-chicago\/"},"modified":"2020-11-18T15:50:01","modified_gmt":"2020-11-18T14:50:01","slug":"the-kol-zimrah-choir-from-chicago","status":"publish","type":"post","link":"https:\/\/www.iemj.org\/en\/the-kol-zimrah-choir-from-chicago\/","title":{"rendered":"The \u00ab Kol Zimrah \u00bb choir from Chicago"},"content":{"rendered":"<p>ROUND TRIP EUROPE-USA<\/p>\n<p>The \u00ab Kol Zimrah \u00bb choir (the voice of the song) of Chicago was founded in 1996. It gathers singers from over 20 communities of Chicago area. Its mission is to maintain and develop the tradition of Jewish choral music, and to create compositions of Jewish choral works.<\/p>\n<p>Copernic invites on March 14th this ensemble which has a very close vocation as the Ensemble Choral Copernic and is happy about it.<\/p>\n<p>Soloists :<br \/>\n<strong>Sofia Falkovitch<\/strong> (&#8216;hazan, mezzo-soprano)<br \/>\n<strong>Pavel Rojtman<\/strong>, (&#8216;hazan, tenor)<br \/>\n<strong>Margot Newton-Schwartz<\/strong>, (piano)<\/p>\n<p>Conductor : Pavel Rojtman<\/p>\n<p><img fetchpriority=\"high\" decoding=\"async\" class=\" aligncenter size-full wp-image-22720\" src=\"https:\/\/www.iemj.org\/wp-content\/uploads\/2019\/02\/choeur_a_copernic_14_mars_2019.jpg\" alt=\"choeur_a_copernic_14_mars_2019.jpg\" align=\"center\" width=\"694\" height=\"237\" srcset=\"https:\/\/www.iemj.org\/wp-content\/uploads\/2019\/02\/choeur_a_copernic_14_mars_2019.jpg 694w, https:\/\/www.iemj.org\/wp-content\/uploads\/2019\/02\/choeur_a_copernic_14_mars_2019-300x102.jpg 300w, https:\/\/www.iemj.org\/wp-content\/uploads\/2019\/02\/choeur_a_copernic_14_mars_2019-600x205.jpg 600w\" sizes=\"(max-width: 694px) 100vw, 694px\" \/><\/p>\n<p><strong>FEES :<\/strong> 25\u20ac\/REDUCED : 20\u20ac (<strong>members IEMJ<\/strong>, ULIF, MJLF, CJL, KG, Adath Shalom, students, <15 ans)\n01 47 04 37 27\n\n<a href=\"https:\/\/copernic.paris\/fr\/reservation\/?event=58\">Online ticketing<\/a><div id='gallery-1' class='gallery galleryid-23055 gallery-columns-3 gallery-size-thumbnail'><figure class='gallery-item'>\n\t\t\t<div class='gallery-icon landscape'>\n\t\t\t\t<a href='https:\/\/www.iemj.org\/wp-content\/uploads\/2019\/02\/choeur_a_copernic_14_mars_2019.jpg'><img decoding=\"async\" width=\"150\" height=\"150\" src=\"https:\/\/www.iemj.org\/wp-content\/uploads\/2019\/02\/choeur_a_copernic_14_mars_2019-150x150.jpg\" class=\"attachment-thumbnail size-thumbnail\" alt=\"\" srcset=\"https:\/\/www.iemj.org\/wp-content\/uploads\/2019\/02\/choeur_a_copernic_14_mars_2019-150x150.jpg 150w, https:\/\/www.iemj.org\/wp-content\/uploads\/2019\/02\/choeur_a_copernic_14_mars_2019-100x100.jpg 100w\" sizes=\"(max-width: 150px) 100vw, 150px\" \/><\/a>\n\t\t\t<\/div><\/figure>\n\t\t<\/div>\n<\/p>\n","protected":false},"excerpt":{"rendered":"<p>ROUND TRIP EUROPE-USA The \u00ab Kol Zimrah \u00bb choir (the voice of the song) of Chicago was founded in 1996. It gathers singers from over 20 communities of Chicago area.<\/p>\n","protected":false},"author":1048,"featured_media":23053,"comment_status":"closed","ping_status":"open","sticky":false,"template":"","format":"standard","meta":{"_acf_changed":false,"footnotes":""},"categories":[811],"tags":[],"technique":[],"squelettes":[],"sujet":[],"formation":[],"genre":[],"fonds":[],"tradition":[],"type-de-contenu":[],"interprete-compositeur":[],"frise":[],"type-devenement":[],"tableaux-liens-externes":[],"class_list":["post-23055","post","type-post","status-publish","format-standard","has-post-thumbnail","hentry","category-actualites"],"acf":[],"yoast_head":"<!-- This site is optimized with the Yoast SEO plugin v27.3 - https:\/\/yoast.com\/product\/yoast-seo-wordpress\/ -->\n<title>The \u00ab Kol Zimrah \u00bb choir from Chicago - Institut Europ\u00e9en des Musiques Juives<\/title>\n<meta name=\"robots\" content=\"index, follow, max-snippet:-1, max-image-preview:large, max-video-preview:-1\" \/>\n<link rel=\"canonical\" href=\"https:\/\/www.iemj.org\/en\/the-kol-zimrah-choir-from-chicago\/\" \/>\n<meta property=\"og:locale\" content=\"en_US\" \/>\n<meta property=\"og:type\" content=\"article\" \/>\n<meta property=\"og:title\" content=\"The \u00ab Kol Zimrah \u00bb choir from Chicago - Institut Europ\u00e9en des Musiques Juives\" \/>\n<meta property=\"og:description\" content=\"ROUND TRIP EUROPE-USA The \u00ab Kol Zimrah \u00bb choir (the voice of the song) of Chicago was founded in 1996. It gathers singers from over 20 communities of Chicago area.\" \/>\n<meta property=\"og:url\" content=\"https:\/\/www.iemj.org\/en\/the-kol-zimrah-choir-from-chicago\/\" \/>\n<meta property=\"og:site_name\" content=\"Institut Europ\u00e9en des Musiques Juives\" \/>\n<meta property=\"article:publisher\" content=\"https:\/\/www.facebook.com\/MusiquesJuives\/\" \/>\n<meta property=\"article:published_time\" content=\"2019-03-07T08:14:48+00:00\" \/>\n<meta property=\"article:modified_time\" content=\"2020-11-18T14:50:01+00:00\" \/>\n<meta property=\"og:image\" content=\"https:\/\/www.iemj.org\/wp-content\/uploads\/2019\/03\/arton3999.jpg\" \/>\n\t<meta property=\"og:image:width\" content=\"404\" \/>\n\t<meta property=\"og:image:height\" content=\"226\" \/>\n\t<meta property=\"og:image:type\" content=\"image\/jpeg\" \/>\n<meta name=\"author\" content=\"Jean-Gabriel Davis\" \/>\n<meta name=\"twitter:card\" content=\"summary_large_image\" \/>\n<meta name=\"twitter:label1\" content=\"Written by\" \/>\n\t<meta name=\"twitter:data1\" content=\"Jean-Gabriel Davis\" \/>\n<script type=\"application\/ld+json\" class=\"yoast-schema-graph\">{\"@context\":\"https:\\\/\\\/schema.org\",\"@graph\":[{\"@type\":\"Article\",\"@id\":\"https:\\\/\\\/www.iemj.org\\\/en\\\/the-kol-zimrah-choir-from-chicago\\\/#article\",\"isPartOf\":{\"@id\":\"https:\\\/\\\/www.iemj.org\\\/en\\\/the-kol-zimrah-choir-from-chicago\\\/\"},\"author\":{\"name\":\"Jean-Gabriel Davis\",\"@id\":\"https:\\\/\\\/www.iemj.org\\\/en\\\/#\\\/schema\\\/person\\\/c9bc1c386a3749579a2d675e72a18666\"},\"headline\":\"The \u00ab Kol Zimrah \u00bb choir from Chicago\",\"datePublished\":\"2019-03-07T08:14:48+00:00\",\"dateModified\":\"2020-11-18T14:50:01+00:00\",\"mainEntityOfPage\":{\"@id\":\"https:\\\/\\\/www.iemj.org\\\/en\\\/the-kol-zimrah-choir-from-chicago\\\/\"},\"wordCount\":102,\"publisher\":{\"@id\":\"https:\\\/\\\/www.iemj.org\\\/en\\\/#organization\"},\"image\":{\"@id\":\"https:\\\/\\\/www.iemj.org\\\/en\\\/the-kol-zimrah-choir-from-chicago\\\/#primaryimage\"},\"thumbnailUrl\":\"https:\\\/\\\/www.iemj.org\\\/wp-content\\\/uploads\\\/2019\\\/03\\\/arton3999.jpg\",\"articleSection\":[\"Actualit\u00e9s\"],\"inLanguage\":\"en-US\"},{\"@type\":\"WebPage\",\"@id\":\"https:\\\/\\\/www.iemj.org\\\/en\\\/the-kol-zimrah-choir-from-chicago\\\/\",\"url\":\"https:\\\/\\\/www.iemj.org\\\/en\\\/the-kol-zimrah-choir-from-chicago\\\/\",\"name\":\"The \u00ab Kol Zimrah \u00bb choir from Chicago - Institut Europ\u00e9en des Musiques Juives\",\"isPartOf\":{\"@id\":\"https:\\\/\\\/www.iemj.org\\\/en\\\/#website\"},\"primaryImageOfPage\":{\"@id\":\"https:\\\/\\\/www.iemj.org\\\/en\\\/the-kol-zimrah-choir-from-chicago\\\/#primaryimage\"},\"image\":{\"@id\":\"https:\\\/\\\/www.iemj.org\\\/en\\\/the-kol-zimrah-choir-from-chicago\\\/#primaryimage\"},\"thumbnailUrl\":\"https:\\\/\\\/www.iemj.org\\\/wp-content\\\/uploads\\\/2019\\\/03\\\/arton3999.jpg\",\"datePublished\":\"2019-03-07T08:14:48+00:00\",\"dateModified\":\"2020-11-18T14:50:01+00:00\",\"breadcrumb\":{\"@id\":\"https:\\\/\\\/www.iemj.org\\\/en\\\/the-kol-zimrah-choir-from-chicago\\\/#breadcrumb\"},\"inLanguage\":\"en-US\",\"potentialAction\":[{\"@type\":\"ReadAction\",\"target\":[\"https:\\\/\\\/www.iemj.org\\\/en\\\/the-kol-zimrah-choir-from-chicago\\\/\"]}]},{\"@type\":\"ImageObject\",\"inLanguage\":\"en-US\",\"@id\":\"https:\\\/\\\/www.iemj.org\\\/en\\\/the-kol-zimrah-choir-from-chicago\\\/#primaryimage\",\"url\":\"https:\\\/\\\/www.iemj.org\\\/wp-content\\\/uploads\\\/2019\\\/03\\\/arton3999.jpg\",\"contentUrl\":\"https:\\\/\\\/www.iemj.org\\\/wp-content\\\/uploads\\\/2019\\\/03\\\/arton3999.jpg\",\"width\":404,\"height\":226},{\"@type\":\"BreadcrumbList\",\"@id\":\"https:\\\/\\\/www.iemj.org\\\/en\\\/the-kol-zimrah-choir-from-chicago\\\/#breadcrumb\",\"itemListElement\":[{\"@type\":\"ListItem\",\"position\":1,\"name\":\"Accueil\",\"item\":\"https:\\\/\\\/www.iemj.org\\\/en\\\/\"},{\"@type\":\"ListItem\",\"position\":2,\"name\":\"The \u00ab Kol Zimrah \u00bb choir from Chicago\"}]},{\"@type\":\"WebSite\",\"@id\":\"https:\\\/\\\/www.iemj.org\\\/en\\\/#website\",\"url\":\"https:\\\/\\\/www.iemj.org\\\/en\\\/\",\"name\":\"Institut Europ\u00e9en des Musiques Juives\",\"description\":\"Des traditions musicales \u00e0 la port\u00e9e de tous\",\"publisher\":{\"@id\":\"https:\\\/\\\/www.iemj.org\\\/en\\\/#organization\"},\"potentialAction\":[{\"@type\":\"SearchAction\",\"target\":{\"@type\":\"EntryPoint\",\"urlTemplate\":\"https:\\\/\\\/www.iemj.org\\\/en\\\/?s={search_term_string}\"},\"query-input\":{\"@type\":\"PropertyValueSpecification\",\"valueRequired\":true,\"valueName\":\"search_term_string\"}}],\"inLanguage\":\"en-US\"},{\"@type\":\"Organization\",\"@id\":\"https:\\\/\\\/www.iemj.org\\\/en\\\/#organization\",\"name\":\"Institut Europ\u00e9en des Musiques Juives\",\"url\":\"https:\\\/\\\/www.iemj.org\\\/en\\\/\",\"logo\":{\"@type\":\"ImageObject\",\"inLanguage\":\"en-US\",\"@id\":\"https:\\\/\\\/www.iemj.org\\\/en\\\/#\\\/schema\\\/logo\\\/image\\\/\",\"url\":\"https:\\\/\\\/www.iemj.org\\\/wp-content\\\/uploads\\\/2021\\\/09\\\/Logo-IEMJ-Paypal.jpg\",\"contentUrl\":\"https:\\\/\\\/www.iemj.org\\\/wp-content\\\/uploads\\\/2021\\\/09\\\/Logo-IEMJ-Paypal.jpg\",\"width\":150,\"height\":50,\"caption\":\"Institut Europ\u00e9en des Musiques Juives\"},\"image\":{\"@id\":\"https:\\\/\\\/www.iemj.org\\\/en\\\/#\\\/schema\\\/logo\\\/image\\\/\"},\"sameAs\":[\"https:\\\/\\\/www.facebook.com\\\/MusiquesJuives\\\/\",\"https:\\\/\\\/www.instagram.com\\\/musiquesjuives\\\/\",\"https:\\\/\\\/www.youtube.com\\\/user\\\/musiquesjuives\"]},{\"@type\":\"Person\",\"@id\":\"https:\\\/\\\/www.iemj.org\\\/en\\\/#\\\/schema\\\/person\\\/c9bc1c386a3749579a2d675e72a18666\",\"name\":\"Jean-Gabriel Davis\",\"image\":{\"@type\":\"ImageObject\",\"inLanguage\":\"en-US\",\"@id\":\"https:\\\/\\\/secure.gravatar.com\\\/avatar\\\/2b90d67bdf392c9b3a21fab87c0fa7edaf1fb3a058172a1ffd61033fcec7aec1?s=96&d=mm&r=g\",\"url\":\"https:\\\/\\\/secure.gravatar.com\\\/avatar\\\/2b90d67bdf392c9b3a21fab87c0fa7edaf1fb3a058172a1ffd61033fcec7aec1?s=96&d=mm&r=g\",\"contentUrl\":\"https:\\\/\\\/secure.gravatar.com\\\/avatar\\\/2b90d67bdf392c9b3a21fab87c0fa7edaf1fb3a058172a1ffd61033fcec7aec1?s=96&d=mm&r=g\",\"caption\":\"Jean-Gabriel Davis\"}}]}<\/script>\n<!-- \/ Yoast SEO plugin. -->","yoast_head_json":{"title":"The \u00ab Kol Zimrah \u00bb choir from Chicago - Institut Europ\u00e9en des Musiques Juives","robots":{"index":"index","follow":"follow","max-snippet":"max-snippet:-1","max-image-preview":"max-image-preview:large","max-video-preview":"max-video-preview:-1"},"canonical":"https:\/\/www.iemj.org\/en\/the-kol-zimrah-choir-from-chicago\/","og_locale":"en_US","og_type":"article","og_title":"The \u00ab Kol Zimrah \u00bb choir from Chicago - Institut Europ\u00e9en des Musiques Juives","og_description":"ROUND TRIP EUROPE-USA The \u00ab Kol Zimrah \u00bb choir (the voice of the song) of Chicago was founded in 1996. It gathers singers from over 20 communities of Chicago area.","og_url":"https:\/\/www.iemj.org\/en\/the-kol-zimrah-choir-from-chicago\/","og_site_name":"Institut Europ\u00e9en des Musiques Juives","article_publisher":"https:\/\/www.facebook.com\/MusiquesJuives\/","article_published_time":"2019-03-07T08:14:48+00:00","article_modified_time":"2020-11-18T14:50:01+00:00","og_image":[{"width":404,"height":226,"url":"https:\/\/www.iemj.org\/wp-content\/uploads\/2019\/03\/arton3999.jpg","type":"image\/jpeg"}],"author":"Jean-Gabriel Davis","twitter_card":"summary_large_image","twitter_misc":{"Written by":"Jean-Gabriel Davis"},"schema":{"@context":"https:\/\/schema.org","@graph":[{"@type":"Article","@id":"https:\/\/www.iemj.org\/en\/the-kol-zimrah-choir-from-chicago\/#article","isPartOf":{"@id":"https:\/\/www.iemj.org\/en\/the-kol-zimrah-choir-from-chicago\/"},"author":{"name":"Jean-Gabriel Davis","@id":"https:\/\/www.iemj.org\/en\/#\/schema\/person\/c9bc1c386a3749579a2d675e72a18666"},"headline":"The \u00ab Kol Zimrah \u00bb choir from Chicago","datePublished":"2019-03-07T08:14:48+00:00","dateModified":"2020-11-18T14:50:01+00:00","mainEntityOfPage":{"@id":"https:\/\/www.iemj.org\/en\/the-kol-zimrah-choir-from-chicago\/"},"wordCount":102,"publisher":{"@id":"https:\/\/www.iemj.org\/en\/#organization"},"image":{"@id":"https:\/\/www.iemj.org\/en\/the-kol-zimrah-choir-from-chicago\/#primaryimage"},"thumbnailUrl":"https:\/\/www.iemj.org\/wp-content\/uploads\/2019\/03\/arton3999.jpg","articleSection":["Actualit\u00e9s"],"inLanguage":"en-US"},{"@type":"WebPage","@id":"https:\/\/www.iemj.org\/en\/the-kol-zimrah-choir-from-chicago\/","url":"https:\/\/www.iemj.org\/en\/the-kol-zimrah-choir-from-chicago\/","name":"The \u00ab Kol Zimrah \u00bb choir from Chicago - Institut Europ\u00e9en des Musiques Juives","isPartOf":{"@id":"https:\/\/www.iemj.org\/en\/#website"},"primaryImageOfPage":{"@id":"https:\/\/www.iemj.org\/en\/the-kol-zimrah-choir-from-chicago\/#primaryimage"},"image":{"@id":"https:\/\/www.iemj.org\/en\/the-kol-zimrah-choir-from-chicago\/#primaryimage"},"thumbnailUrl":"https:\/\/www.iemj.org\/wp-content\/uploads\/2019\/03\/arton3999.jpg","datePublished":"2019-03-07T08:14:48+00:00","dateModified":"2020-11-18T14:50:01+00:00","breadcrumb":{"@id":"https:\/\/www.iemj.org\/en\/the-kol-zimrah-choir-from-chicago\/#breadcrumb"},"inLanguage":"en-US","potentialAction":[{"@type":"ReadAction","target":["https:\/\/www.iemj.org\/en\/the-kol-zimrah-choir-from-chicago\/"]}]},{"@type":"ImageObject","inLanguage":"en-US","@id":"https:\/\/www.iemj.org\/en\/the-kol-zimrah-choir-from-chicago\/#primaryimage","url":"https:\/\/www.iemj.org\/wp-content\/uploads\/2019\/03\/arton3999.jpg","contentUrl":"https:\/\/www.iemj.org\/wp-content\/uploads\/2019\/03\/arton3999.jpg","width":404,"height":226},{"@type":"BreadcrumbList","@id":"https:\/\/www.iemj.org\/en\/the-kol-zimrah-choir-from-chicago\/#breadcrumb","itemListElement":[{"@type":"ListItem","position":1,"name":"Accueil","item":"https:\/\/www.iemj.org\/en\/"},{"@type":"ListItem","position":2,"name":"The \u00ab Kol Zimrah \u00bb choir from Chicago"}]},{"@type":"WebSite","@id":"https:\/\/www.iemj.org\/en\/#website","url":"https:\/\/www.iemj.org\/en\/","name":"Institut Europ\u00e9en des Musiques Juives","description":"Des traditions musicales \u00e0 la port\u00e9e de tous","publisher":{"@id":"https:\/\/www.iemj.org\/en\/#organization"},"potentialAction":[{"@type":"SearchAction","target":{"@type":"EntryPoint","urlTemplate":"https:\/\/www.iemj.org\/en\/?s={search_term_string}"},"query-input":{"@type":"PropertyValueSpecification","valueRequired":true,"valueName":"search_term_string"}}],"inLanguage":"en-US"},{"@type":"Organization","@id":"https:\/\/www.iemj.org\/en\/#organization","name":"Institut Europ\u00e9en des Musiques Juives","url":"https:\/\/www.iemj.org\/en\/","logo":{"@type":"ImageObject","inLanguage":"en-US","@id":"https:\/\/www.iemj.org\/en\/#\/schema\/logo\/image\/","url":"https:\/\/www.iemj.org\/wp-content\/uploads\/2021\/09\/Logo-IEMJ-Paypal.jpg","contentUrl":"https:\/\/www.iemj.org\/wp-content\/uploads\/2021\/09\/Logo-IEMJ-Paypal.jpg","width":150,"height":50,"caption":"Institut Europ\u00e9en des Musiques Juives"},"image":{"@id":"https:\/\/www.iemj.org\/en\/#\/schema\/logo\/image\/"},"sameAs":["https:\/\/www.facebook.com\/MusiquesJuives\/","https:\/\/www.instagram.com\/musiquesjuives\/","https:\/\/www.youtube.com\/user\/musiquesjuives"]},{"@type":"Person","@id":"https:\/\/www.iemj.org\/en\/#\/schema\/person\/c9bc1c386a3749579a2d675e72a18666","name":"Jean-Gabriel Davis","image":{"@type":"ImageObject","inLanguage":"en-US","@id":"https:\/\/secure.gravatar.com\/avatar\/2b90d67bdf392c9b3a21fab87c0fa7edaf1fb3a058172a1ffd61033fcec7aec1?s=96&d=mm&r=g","url":"https:\/\/secure.gravatar.com\/avatar\/2b90d67bdf392c9b3a21fab87c0fa7edaf1fb3a058172a1ffd61033fcec7aec1?s=96&d=mm&r=g","contentUrl":"https:\/\/secure.gravatar.com\/avatar\/2b90d67bdf392c9b3a21fab87c0fa7edaf1fb3a058172a1ffd61033fcec7aec1?s=96&d=mm&r=g","caption":"Jean-Gabriel Davis"}}]}},"_links":{"self":[{"href":"https:\/\/www.iemj.org\/en\/wp-json\/wp\/v2\/posts\/23055","targetHints":{"allow":["GET"]}}],"collection":[{"href":"https:\/\/www.iemj.org\/en\/wp-json\/wp\/v2\/posts"}],"about":[{"href":"https:\/\/www.iemj.org\/en\/wp-json\/wp\/v2\/types\/post"}],"author":[{"embeddable":true,"href":"https:\/\/www.iemj.org\/en\/wp-json\/wp\/v2\/users\/1048"}],"replies":[{"embeddable":true,"href":"https:\/\/www.iemj.org\/en\/wp-json\/wp\/v2\/comments?post=23055"}],"version-history":[{"count":0,"href":"https:\/\/www.iemj.org\/en\/wp-json\/wp\/v2\/posts\/23055\/revisions"}],"wp:featuredmedia":[{"embeddable":true,"href":"https:\/\/www.iemj.org\/en\/wp-json\/wp\/v2\/media\/23053"}],"wp:attachment":[{"href":"https:\/\/www.iemj.org\/en\/wp-json\/wp\/v2\/media?parent=23055"}],"wp:term":[{"taxonomy":"category","embeddable":true,"href":"https:\/\/www.iemj.org\/en\/wp-json\/wp\/v2\/categories?post=23055"},{"taxonomy":"post_tag","embeddable":true,"href":"https:\/\/www.iemj.org\/en\/wp-json\/wp\/v2\/tags?post=23055"},{"taxonomy":"technique","embeddable":true,"href":"https:\/\/www.iemj.org\/en\/wp-json\/wp\/v2\/technique?post=23055"},{"taxonomy":"squelettes","embeddable":true,"href":"https:\/\/www.iemj.org\/en\/wp-json\/wp\/v2\/squelettes?post=23055"},{"taxonomy":"sujet","embeddable":true,"href":"https:\/\/www.iemj.org\/en\/wp-json\/wp\/v2\/sujet?post=23055"},{"taxonomy":"formation","embeddable":true,"href":"https:\/\/www.iemj.org\/en\/wp-json\/wp\/v2\/formation?post=23055"},{"taxonomy":"genre","embeddable":true,"href":"https:\/\/www.iemj.org\/en\/wp-json\/wp\/v2\/genre?post=23055"},{"taxonomy":"fonds","embeddable":true,"href":"https:\/\/www.iemj.org\/en\/wp-json\/wp\/v2\/fonds?post=23055"},{"taxonomy":"tradition","embeddable":true,"href":"https:\/\/www.iemj.org\/en\/wp-json\/wp\/v2\/tradition?post=23055"},{"taxonomy":"type-de-contenu","embeddable":true,"href":"https:\/\/www.iemj.org\/en\/wp-json\/wp\/v2\/type-de-contenu?post=23055"},{"taxonomy":"interprete-compositeur","embeddable":true,"href":"https:\/\/www.iemj.org\/en\/wp-json\/wp\/v2\/interprete-compositeur?post=23055"},{"taxonomy":"frise","embeddable":true,"href":"https:\/\/www.iemj.org\/en\/wp-json\/wp\/v2\/frise?post=23055"},{"taxonomy":"type-devenement","embeddable":true,"href":"https:\/\/www.iemj.org\/en\/wp-json\/wp\/v2\/type-devenement?post=23055"},{"taxonomy":"tableaux-liens-externes","embeddable":true,"href":"https:\/\/www.iemj.org\/en\/wp-json\/wp\/v2\/tableaux-liens-externes?post=23055"}],"curies":[{"name":"wp","href":"https:\/\/api.w.org\/{rel}","templated":true}]}}