{"id":23306,"date":"2019-03-28T15:03:53","date_gmt":"2019-03-28T14:03:53","guid":{"rendered":"https:\/\/www.iemj.org\/2019\/03\/28\/the-melody-of-the-kol-nidre-sources-interpretations-and-new-compositions\/"},"modified":"2022-09-13T17:49:24","modified_gmt":"2022-09-13T15:49:24","slug":"the-melody-of-the-kol-nidre-sources-interpretations-and-new-compositions","status":"publish","type":"post","link":"https:\/\/www.iemj.org\/en\/the-melody-of-the-kol-nidre-sources-interpretations-and-new-compositions\/","title":{"rendered":"The melody of the Kol Nidre : Sources, interpretations and new compositions"},"content":{"rendered":"<p>\u201cKol Nidre\u201d, with these words starts the impressive and moving prayer introducing the most solemn day of the Jewish year, Yom Kippur. While the music of Jewish prayers are often different from one community to another, the one of the Kol Nidre is the same in all Ashkenazi communities.<br \/>\nThat \u00ab musical anomaly \u00bb stirred the faith of the worshippers and inspired many composers, from Max Bruch to John Zorn, from Louis Lewandowski to Joachim Stutschewsky. This audiovisual conference by <strong>Herv\u00e9 Roten<\/strong> will make us travel in musical time and space, in the heart of Jewish religious music.<\/p>\n<p><a href=\"https:\/\/www.weezevent.com\/leslundisdewiesel\">Tickets online<\/a><\/p>\n<p><strong>Tel :<\/strong> 01.53.20.52.61<\/p>\n<p><strong>Fees : <\/strong><br \/>\n10\u20ac normal fee<br \/>\n7\u20ac reduced fee<\/p>\n<p><img fetchpriority=\"high\" decoding=\"async\" class=\" aligncenter  wp-image-22974\" src=\"https:\/\/www.iemj.org\/wp-content\/uploads\/2019\/04\/conference_kol_nidre_h_roten_du_8_avril_2019_grande_50_.jpg\" alt=\"conference_kol_nidre_h_roten_du_8_avril_2019_grande_50_.jpg\" width=\"480\" height=\"358\" align=\"center\" srcset=\"https:\/\/www.iemj.org\/wp-content\/uploads\/2019\/04\/conference_kol_nidre_h_roten_du_8_avril_2019_grande_50_.jpg 746w, https:\/\/www.iemj.org\/wp-content\/uploads\/2019\/04\/conference_kol_nidre_h_roten_du_8_avril_2019_grande_50_-300x224.jpg 300w, https:\/\/www.iemj.org\/wp-content\/uploads\/2019\/04\/conference_kol_nidre_h_roten_du_8_avril_2019_grande_50_-600x448.jpg 600w\" sizes=\"(max-width: 480px) 100vw, 480px\" \/><\/p>\n","protected":false},"excerpt":{"rendered":"<p>\u201cKol Nidre\u201d, with these words starts the impressive and moving prayer introducing the most solemn day of the Jewish year, Yom Kippur. While the music of Jewish prayers are often<\/p>\n","protected":false},"author":1048,"featured_media":23304,"comment_status":"open","ping_status":"open","sticky":false,"template":"","format":"standard","meta":{"_acf_changed":false,"footnotes":""},"categories":[1369,1381],"tags":[],"technique":[],"squelettes":[],"sujet":[],"formation":[],"genre":[],"fonds":[],"tradition":[],"type-de-contenu":[],"interprete-compositeur":[],"frise":[],"type-devenement":[],"tableaux-liens-externes":[],"class_list":["post-23306","post","type-post","status-publish","format-standard","has-post-thumbnail","hentry","category-events-en","category-lectures-conferences-events-en"],"acf":[],"yoast_head":"<!-- This site is optimized with the Yoast SEO plugin v27.3 - https:\/\/yoast.com\/product\/yoast-seo-wordpress\/ -->\n<title>The melody of the Kol Nidre : Sources, interpretations and new compositions - Institut Europ\u00e9en des Musiques Juives<\/title>\n<meta name=\"robots\" content=\"noindex, follow\" \/>\n<meta property=\"og:locale\" content=\"en_US\" \/>\n<meta property=\"og:type\" content=\"article\" \/>\n<meta property=\"og:title\" content=\"The melody of the Kol Nidre : Sources, interpretations and new compositions - Institut Europ\u00e9en des Musiques Juives\" \/>\n<meta property=\"og:description\" content=\"\u201cKol Nidre\u201d, with these words starts the impressive and moving prayer introducing the most solemn day of the Jewish year, Yom Kippur. While the music of Jewish prayers are often\" \/>\n<meta property=\"og:url\" content=\"https:\/\/www.iemj.org\/en\/the-melody-of-the-kol-nidre-sources-interpretations-and-new-compositions\/\" \/>\n<meta property=\"og:site_name\" content=\"Institut Europ\u00e9en des Musiques Juives\" \/>\n<meta property=\"article:publisher\" content=\"https:\/\/www.facebook.com\/MusiquesJuives\/\" \/>\n<meta property=\"article:published_time\" content=\"2019-03-28T14:03:53+00:00\" \/>\n<meta property=\"article:modified_time\" content=\"2022-09-13T15:49:24+00:00\" \/>\n<meta property=\"og:image\" content=\"https:\/\/www.iemj.org\/wp-content\/uploads\/2019\/03\/arton4052.png\" \/>\n\t<meta property=\"og:image:width\" content=\"1334\" \/>\n\t<meta property=\"og:image:height\" content=\"752\" \/>\n\t<meta property=\"og:image:type\" content=\"image\/png\" \/>\n<meta name=\"author\" content=\"Jean-Gabriel Davis\" \/>\n<meta name=\"twitter:card\" content=\"summary_large_image\" \/>\n<meta name=\"twitter:label1\" content=\"Written by\" \/>\n\t<meta name=\"twitter:data1\" content=\"Jean-Gabriel Davis\" \/>\n\t<meta name=\"twitter:label2\" content=\"Est. reading time\" \/>\n\t<meta name=\"twitter:data2\" content=\"1 minute\" \/>\n<script type=\"application\/ld+json\" class=\"yoast-schema-graph\">{\"@context\":\"https:\\\/\\\/schema.org\",\"@graph\":[{\"@type\":\"Article\",\"@id\":\"https:\\\/\\\/www.iemj.org\\\/en\\\/the-melody-of-the-kol-nidre-sources-interpretations-and-new-compositions\\\/#article\",\"isPartOf\":{\"@id\":\"https:\\\/\\\/www.iemj.org\\\/en\\\/the-melody-of-the-kol-nidre-sources-interpretations-and-new-compositions\\\/\"},\"author\":{\"name\":\"Jean-Gabriel Davis\",\"@id\":\"https:\\\/\\\/www.iemj.org\\\/en\\\/#\\\/schema\\\/person\\\/c9bc1c386a3749579a2d675e72a18666\"},\"headline\":\"The melody of the Kol Nidre : Sources, interpretations and new compositions\",\"datePublished\":\"2019-03-28T14:03:53+00:00\",\"dateModified\":\"2022-09-13T15:49:24+00:00\",\"mainEntityOfPage\":{\"@id\":\"https:\\\/\\\/www.iemj.org\\\/en\\\/the-melody-of-the-kol-nidre-sources-interpretations-and-new-compositions\\\/\"},\"wordCount\":115,\"commentCount\":0,\"publisher\":{\"@id\":\"https:\\\/\\\/www.iemj.org\\\/en\\\/#organization\"},\"image\":{\"@id\":\"https:\\\/\\\/www.iemj.org\\\/en\\\/the-melody-of-the-kol-nidre-sources-interpretations-and-new-compositions\\\/#primaryimage\"},\"thumbnailUrl\":\"https:\\\/\\\/www.iemj.org\\\/wp-content\\\/uploads\\\/2019\\\/03\\\/arton4052.png\",\"articleSection\":[\"Events\",\"Lectures \\\/ Conferences\"],\"inLanguage\":\"en-US\",\"potentialAction\":[{\"@type\":\"CommentAction\",\"name\":\"Comment\",\"target\":[\"https:\\\/\\\/www.iemj.org\\\/en\\\/the-melody-of-the-kol-nidre-sources-interpretations-and-new-compositions\\\/#respond\"]}]},{\"@type\":\"WebPage\",\"@id\":\"https:\\\/\\\/www.iemj.org\\\/en\\\/the-melody-of-the-kol-nidre-sources-interpretations-and-new-compositions\\\/\",\"url\":\"https:\\\/\\\/www.iemj.org\\\/en\\\/the-melody-of-the-kol-nidre-sources-interpretations-and-new-compositions\\\/\",\"name\":\"The melody of the Kol Nidre : Sources, interpretations and new compositions - Institut Europ\u00e9en des Musiques Juives\",\"isPartOf\":{\"@id\":\"https:\\\/\\\/www.iemj.org\\\/en\\\/#website\"},\"primaryImageOfPage\":{\"@id\":\"https:\\\/\\\/www.iemj.org\\\/en\\\/the-melody-of-the-kol-nidre-sources-interpretations-and-new-compositions\\\/#primaryimage\"},\"image\":{\"@id\":\"https:\\\/\\\/www.iemj.org\\\/en\\\/the-melody-of-the-kol-nidre-sources-interpretations-and-new-compositions\\\/#primaryimage\"},\"thumbnailUrl\":\"https:\\\/\\\/www.iemj.org\\\/wp-content\\\/uploads\\\/2019\\\/03\\\/arton4052.png\",\"datePublished\":\"2019-03-28T14:03:53+00:00\",\"dateModified\":\"2022-09-13T15:49:24+00:00\",\"breadcrumb\":{\"@id\":\"https:\\\/\\\/www.iemj.org\\\/en\\\/the-melody-of-the-kol-nidre-sources-interpretations-and-new-compositions\\\/#breadcrumb\"},\"inLanguage\":\"en-US\",\"potentialAction\":[{\"@type\":\"ReadAction\",\"target\":[\"https:\\\/\\\/www.iemj.org\\\/en\\\/the-melody-of-the-kol-nidre-sources-interpretations-and-new-compositions\\\/\"]}]},{\"@type\":\"ImageObject\",\"inLanguage\":\"en-US\",\"@id\":\"https:\\\/\\\/www.iemj.org\\\/en\\\/the-melody-of-the-kol-nidre-sources-interpretations-and-new-compositions\\\/#primaryimage\",\"url\":\"https:\\\/\\\/www.iemj.org\\\/wp-content\\\/uploads\\\/2019\\\/03\\\/arton4052.png\",\"contentUrl\":\"https:\\\/\\\/www.iemj.org\\\/wp-content\\\/uploads\\\/2019\\\/03\\\/arton4052.png\",\"width\":1334,\"height\":752},{\"@type\":\"BreadcrumbList\",\"@id\":\"https:\\\/\\\/www.iemj.org\\\/en\\\/the-melody-of-the-kol-nidre-sources-interpretations-and-new-compositions\\\/#breadcrumb\",\"itemListElement\":[{\"@type\":\"ListItem\",\"position\":1,\"name\":\"Accueil\",\"item\":\"https:\\\/\\\/www.iemj.org\\\/en\\\/\"},{\"@type\":\"ListItem\",\"position\":2,\"name\":\"The melody of the Kol Nidre : Sources, interpretations and new compositions\"}]},{\"@type\":\"WebSite\",\"@id\":\"https:\\\/\\\/www.iemj.org\\\/en\\\/#website\",\"url\":\"https:\\\/\\\/www.iemj.org\\\/en\\\/\",\"name\":\"Institut Europ\u00e9en des Musiques Juives\",\"description\":\"Des traditions musicales \u00e0 la port\u00e9e de tous\",\"publisher\":{\"@id\":\"https:\\\/\\\/www.iemj.org\\\/en\\\/#organization\"},\"potentialAction\":[{\"@type\":\"SearchAction\",\"target\":{\"@type\":\"EntryPoint\",\"urlTemplate\":\"https:\\\/\\\/www.iemj.org\\\/en\\\/?s={search_term_string}\"},\"query-input\":{\"@type\":\"PropertyValueSpecification\",\"valueRequired\":true,\"valueName\":\"search_term_string\"}}],\"inLanguage\":\"en-US\"},{\"@type\":\"Organization\",\"@id\":\"https:\\\/\\\/www.iemj.org\\\/en\\\/#organization\",\"name\":\"Institut Europ\u00e9en des Musiques Juives\",\"url\":\"https:\\\/\\\/www.iemj.org\\\/en\\\/\",\"logo\":{\"@type\":\"ImageObject\",\"inLanguage\":\"en-US\",\"@id\":\"https:\\\/\\\/www.iemj.org\\\/en\\\/#\\\/schema\\\/logo\\\/image\\\/\",\"url\":\"https:\\\/\\\/www.iemj.org\\\/wp-content\\\/uploads\\\/2021\\\/09\\\/Logo-IEMJ-Paypal.jpg\",\"contentUrl\":\"https:\\\/\\\/www.iemj.org\\\/wp-content\\\/uploads\\\/2021\\\/09\\\/Logo-IEMJ-Paypal.jpg\",\"width\":150,\"height\":50,\"caption\":\"Institut Europ\u00e9en des Musiques Juives\"},\"image\":{\"@id\":\"https:\\\/\\\/www.iemj.org\\\/en\\\/#\\\/schema\\\/logo\\\/image\\\/\"},\"sameAs\":[\"https:\\\/\\\/www.facebook.com\\\/MusiquesJuives\\\/\",\"https:\\\/\\\/www.instagram.com\\\/musiquesjuives\\\/\",\"https:\\\/\\\/www.youtube.com\\\/user\\\/musiquesjuives\"]},{\"@type\":\"Person\",\"@id\":\"https:\\\/\\\/www.iemj.org\\\/en\\\/#\\\/schema\\\/person\\\/c9bc1c386a3749579a2d675e72a18666\",\"name\":\"Jean-Gabriel Davis\",\"image\":{\"@type\":\"ImageObject\",\"inLanguage\":\"en-US\",\"@id\":\"https:\\\/\\\/secure.gravatar.com\\\/avatar\\\/2b90d67bdf392c9b3a21fab87c0fa7edaf1fb3a058172a1ffd61033fcec7aec1?s=96&d=mm&r=g\",\"url\":\"https:\\\/\\\/secure.gravatar.com\\\/avatar\\\/2b90d67bdf392c9b3a21fab87c0fa7edaf1fb3a058172a1ffd61033fcec7aec1?s=96&d=mm&r=g\",\"contentUrl\":\"https:\\\/\\\/secure.gravatar.com\\\/avatar\\\/2b90d67bdf392c9b3a21fab87c0fa7edaf1fb3a058172a1ffd61033fcec7aec1?s=96&d=mm&r=g\",\"caption\":\"Jean-Gabriel Davis\"}}]}<\/script>\n<!-- \/ Yoast SEO plugin. -->","yoast_head_json":{"title":"The melody of the Kol Nidre : Sources, interpretations and new compositions - Institut Europ\u00e9en des Musiques Juives","robots":{"index":"noindex","follow":"follow"},"og_locale":"en_US","og_type":"article","og_title":"The melody of the Kol Nidre : Sources, interpretations and new compositions - Institut Europ\u00e9en des Musiques Juives","og_description":"\u201cKol Nidre\u201d, with these words starts the impressive and moving prayer introducing the most solemn day of the Jewish year, Yom Kippur. While the music of Jewish prayers are often","og_url":"https:\/\/www.iemj.org\/en\/the-melody-of-the-kol-nidre-sources-interpretations-and-new-compositions\/","og_site_name":"Institut Europ\u00e9en des Musiques Juives","article_publisher":"https:\/\/www.facebook.com\/MusiquesJuives\/","article_published_time":"2019-03-28T14:03:53+00:00","article_modified_time":"2022-09-13T15:49:24+00:00","og_image":[{"width":1334,"height":752,"url":"https:\/\/www.iemj.org\/wp-content\/uploads\/2019\/03\/arton4052.png","type":"image\/png"}],"author":"Jean-Gabriel Davis","twitter_card":"summary_large_image","twitter_misc":{"Written by":"Jean-Gabriel Davis","Est. reading time":"1 minute"},"schema":{"@context":"https:\/\/schema.org","@graph":[{"@type":"Article","@id":"https:\/\/www.iemj.org\/en\/the-melody-of-the-kol-nidre-sources-interpretations-and-new-compositions\/#article","isPartOf":{"@id":"https:\/\/www.iemj.org\/en\/the-melody-of-the-kol-nidre-sources-interpretations-and-new-compositions\/"},"author":{"name":"Jean-Gabriel Davis","@id":"https:\/\/www.iemj.org\/en\/#\/schema\/person\/c9bc1c386a3749579a2d675e72a18666"},"headline":"The melody of the Kol Nidre : Sources, interpretations and new compositions","datePublished":"2019-03-28T14:03:53+00:00","dateModified":"2022-09-13T15:49:24+00:00","mainEntityOfPage":{"@id":"https:\/\/www.iemj.org\/en\/the-melody-of-the-kol-nidre-sources-interpretations-and-new-compositions\/"},"wordCount":115,"commentCount":0,"publisher":{"@id":"https:\/\/www.iemj.org\/en\/#organization"},"image":{"@id":"https:\/\/www.iemj.org\/en\/the-melody-of-the-kol-nidre-sources-interpretations-and-new-compositions\/#primaryimage"},"thumbnailUrl":"https:\/\/www.iemj.org\/wp-content\/uploads\/2019\/03\/arton4052.png","articleSection":["Events","Lectures \/ Conferences"],"inLanguage":"en-US","potentialAction":[{"@type":"CommentAction","name":"Comment","target":["https:\/\/www.iemj.org\/en\/the-melody-of-the-kol-nidre-sources-interpretations-and-new-compositions\/#respond"]}]},{"@type":"WebPage","@id":"https:\/\/www.iemj.org\/en\/the-melody-of-the-kol-nidre-sources-interpretations-and-new-compositions\/","url":"https:\/\/www.iemj.org\/en\/the-melody-of-the-kol-nidre-sources-interpretations-and-new-compositions\/","name":"The melody of the Kol Nidre : Sources, interpretations and new compositions - Institut Europ\u00e9en des Musiques Juives","isPartOf":{"@id":"https:\/\/www.iemj.org\/en\/#website"},"primaryImageOfPage":{"@id":"https:\/\/www.iemj.org\/en\/the-melody-of-the-kol-nidre-sources-interpretations-and-new-compositions\/#primaryimage"},"image":{"@id":"https:\/\/www.iemj.org\/en\/the-melody-of-the-kol-nidre-sources-interpretations-and-new-compositions\/#primaryimage"},"thumbnailUrl":"https:\/\/www.iemj.org\/wp-content\/uploads\/2019\/03\/arton4052.png","datePublished":"2019-03-28T14:03:53+00:00","dateModified":"2022-09-13T15:49:24+00:00","breadcrumb":{"@id":"https:\/\/www.iemj.org\/en\/the-melody-of-the-kol-nidre-sources-interpretations-and-new-compositions\/#breadcrumb"},"inLanguage":"en-US","potentialAction":[{"@type":"ReadAction","target":["https:\/\/www.iemj.org\/en\/the-melody-of-the-kol-nidre-sources-interpretations-and-new-compositions\/"]}]},{"@type":"ImageObject","inLanguage":"en-US","@id":"https:\/\/www.iemj.org\/en\/the-melody-of-the-kol-nidre-sources-interpretations-and-new-compositions\/#primaryimage","url":"https:\/\/www.iemj.org\/wp-content\/uploads\/2019\/03\/arton4052.png","contentUrl":"https:\/\/www.iemj.org\/wp-content\/uploads\/2019\/03\/arton4052.png","width":1334,"height":752},{"@type":"BreadcrumbList","@id":"https:\/\/www.iemj.org\/en\/the-melody-of-the-kol-nidre-sources-interpretations-and-new-compositions\/#breadcrumb","itemListElement":[{"@type":"ListItem","position":1,"name":"Accueil","item":"https:\/\/www.iemj.org\/en\/"},{"@type":"ListItem","position":2,"name":"The melody of the Kol Nidre : Sources, interpretations and new compositions"}]},{"@type":"WebSite","@id":"https:\/\/www.iemj.org\/en\/#website","url":"https:\/\/www.iemj.org\/en\/","name":"Institut Europ\u00e9en des Musiques Juives","description":"Des traditions musicales \u00e0 la port\u00e9e de tous","publisher":{"@id":"https:\/\/www.iemj.org\/en\/#organization"},"potentialAction":[{"@type":"SearchAction","target":{"@type":"EntryPoint","urlTemplate":"https:\/\/www.iemj.org\/en\/?s={search_term_string}"},"query-input":{"@type":"PropertyValueSpecification","valueRequired":true,"valueName":"search_term_string"}}],"inLanguage":"en-US"},{"@type":"Organization","@id":"https:\/\/www.iemj.org\/en\/#organization","name":"Institut Europ\u00e9en des Musiques Juives","url":"https:\/\/www.iemj.org\/en\/","logo":{"@type":"ImageObject","inLanguage":"en-US","@id":"https:\/\/www.iemj.org\/en\/#\/schema\/logo\/image\/","url":"https:\/\/www.iemj.org\/wp-content\/uploads\/2021\/09\/Logo-IEMJ-Paypal.jpg","contentUrl":"https:\/\/www.iemj.org\/wp-content\/uploads\/2021\/09\/Logo-IEMJ-Paypal.jpg","width":150,"height":50,"caption":"Institut Europ\u00e9en des Musiques Juives"},"image":{"@id":"https:\/\/www.iemj.org\/en\/#\/schema\/logo\/image\/"},"sameAs":["https:\/\/www.facebook.com\/MusiquesJuives\/","https:\/\/www.instagram.com\/musiquesjuives\/","https:\/\/www.youtube.com\/user\/musiquesjuives"]},{"@type":"Person","@id":"https:\/\/www.iemj.org\/en\/#\/schema\/person\/c9bc1c386a3749579a2d675e72a18666","name":"Jean-Gabriel Davis","image":{"@type":"ImageObject","inLanguage":"en-US","@id":"https:\/\/secure.gravatar.com\/avatar\/2b90d67bdf392c9b3a21fab87c0fa7edaf1fb3a058172a1ffd61033fcec7aec1?s=96&d=mm&r=g","url":"https:\/\/secure.gravatar.com\/avatar\/2b90d67bdf392c9b3a21fab87c0fa7edaf1fb3a058172a1ffd61033fcec7aec1?s=96&d=mm&r=g","contentUrl":"https:\/\/secure.gravatar.com\/avatar\/2b90d67bdf392c9b3a21fab87c0fa7edaf1fb3a058172a1ffd61033fcec7aec1?s=96&d=mm&r=g","caption":"Jean-Gabriel Davis"}}]}},"_links":{"self":[{"href":"https:\/\/www.iemj.org\/en\/wp-json\/wp\/v2\/posts\/23306","targetHints":{"allow":["GET"]}}],"collection":[{"href":"https:\/\/www.iemj.org\/en\/wp-json\/wp\/v2\/posts"}],"about":[{"href":"https:\/\/www.iemj.org\/en\/wp-json\/wp\/v2\/types\/post"}],"author":[{"embeddable":true,"href":"https:\/\/www.iemj.org\/en\/wp-json\/wp\/v2\/users\/1048"}],"replies":[{"embeddable":true,"href":"https:\/\/www.iemj.org\/en\/wp-json\/wp\/v2\/comments?post=23306"}],"version-history":[{"count":0,"href":"https:\/\/www.iemj.org\/en\/wp-json\/wp\/v2\/posts\/23306\/revisions"}],"wp:featuredmedia":[{"embeddable":true,"href":"https:\/\/www.iemj.org\/en\/wp-json\/wp\/v2\/media\/23304"}],"wp:attachment":[{"href":"https:\/\/www.iemj.org\/en\/wp-json\/wp\/v2\/media?parent=23306"}],"wp:term":[{"taxonomy":"category","embeddable":true,"href":"https:\/\/www.iemj.org\/en\/wp-json\/wp\/v2\/categories?post=23306"},{"taxonomy":"post_tag","embeddable":true,"href":"https:\/\/www.iemj.org\/en\/wp-json\/wp\/v2\/tags?post=23306"},{"taxonomy":"technique","embeddable":true,"href":"https:\/\/www.iemj.org\/en\/wp-json\/wp\/v2\/technique?post=23306"},{"taxonomy":"squelettes","embeddable":true,"href":"https:\/\/www.iemj.org\/en\/wp-json\/wp\/v2\/squelettes?post=23306"},{"taxonomy":"sujet","embeddable":true,"href":"https:\/\/www.iemj.org\/en\/wp-json\/wp\/v2\/sujet?post=23306"},{"taxonomy":"formation","embeddable":true,"href":"https:\/\/www.iemj.org\/en\/wp-json\/wp\/v2\/formation?post=23306"},{"taxonomy":"genre","embeddable":true,"href":"https:\/\/www.iemj.org\/en\/wp-json\/wp\/v2\/genre?post=23306"},{"taxonomy":"fonds","embeddable":true,"href":"https:\/\/www.iemj.org\/en\/wp-json\/wp\/v2\/fonds?post=23306"},{"taxonomy":"tradition","embeddable":true,"href":"https:\/\/www.iemj.org\/en\/wp-json\/wp\/v2\/tradition?post=23306"},{"taxonomy":"type-de-contenu","embeddable":true,"href":"https:\/\/www.iemj.org\/en\/wp-json\/wp\/v2\/type-de-contenu?post=23306"},{"taxonomy":"interprete-compositeur","embeddable":true,"href":"https:\/\/www.iemj.org\/en\/wp-json\/wp\/v2\/interprete-compositeur?post=23306"},{"taxonomy":"frise","embeddable":true,"href":"https:\/\/www.iemj.org\/en\/wp-json\/wp\/v2\/frise?post=23306"},{"taxonomy":"type-devenement","embeddable":true,"href":"https:\/\/www.iemj.org\/en\/wp-json\/wp\/v2\/type-devenement?post=23306"},{"taxonomy":"tableaux-liens-externes","embeddable":true,"href":"https:\/\/www.iemj.org\/en\/wp-json\/wp\/v2\/tableaux-liens-externes?post=23306"}],"curies":[{"name":"wp","href":"https:\/\/api.w.org\/{rel}","templated":true}]}}