{"id":23737,"date":"2019-05-09T09:44:01","date_gmt":"2019-05-09T07:44:01","guid":{"rendered":"https:\/\/www.iemj.org\/2019\/05\/09\/rebirth-of-a-nation\/"},"modified":"2025-05-27T11:31:39","modified_gmt":"2025-05-27T09:31:39","slug":"rebirth-of-a-nation","status":"publish","type":"post","link":"https:\/\/www.iemj.org\/en\/rebirth-of-a-nation\/","title":{"rendered":"Rebirth of a nation"},"content":{"rendered":"<p>This 33 RPM disc, which includes a preface written by Joseph Kessel, from the Acad\u00e9mie Fran\u00e7aise and illustrated by Marc Chagall, was released for the 25th anniversary of the creation of the state of Israel.<\/p>\n<p>Its booklet, richly documented, gathers historical photographies as well as the original texts of the declarations of David Ben Gourion, Golda Meir, Asher Ben Natan, and the messages of Jacob Kaplan, Great Rabbi of France, Ren\u00e9 Cassin, Peace Nobel Prize&#8230;<\/p>\n<p><em>(see calameo below)<\/em>.<\/p>\n<p>This disc gathers the following audio testimonies :<\/p>\n<p>-The original recording of the vote session of the U.N.O., on the 29th of November 1947, which led to the creation of the state of Israel<br \/>-The proclamation of Independance given byDavid Ben Gourion, on the 14th of May 1948<br \/>-The message of Golda Meir (Israel&#8217;s first minister)<br \/>-The d\u00e9claration of Asher Ben Natan (ambassador of Israel in Paris)<\/p>\n<p>-The national anthem of Israel \u00ab Hatikvah \u00bb, sung by the members of the National Council<br \/>-The song \u00ab Yerushala\u00efm Shel Zahav \u00bb (Jerusalem of gold) by Naomi Shemer, performed by the Choir of the Great Synagogue of Paris.<\/p>\n<p><img fetchpriority=\"high\" decoding=\"async\" class=\" aligncenter size-full wp-image-23700\" src=\"https:\/\/www.iemj.org\/wp-content\/uploads\/2019\/05\/doc_3_renaissance_3.jpg\" alt=\"doc_3_renaissance_3.jpg\" width=\"561\" height=\"424\" align=\"middle\" srcset=\"https:\/\/www.iemj.org\/wp-content\/uploads\/2019\/05\/doc_3_renaissance_3.jpg 561w, https:\/\/www.iemj.org\/wp-content\/uploads\/2019\/05\/doc_3_renaissance_3-300x227.jpg 300w\" sizes=\"(max-width: 561px) 100vw, 561px\" \/><\/p>\n<p>The dream of a Jewish state started in 1897, in Basel in Switzerland with the first zionist congress led by Theodore Herzl.<br \/>Herzl would later say, about the congress : \u00ab in Basel, I founded the Jewish state \u2026 if you want, it won&#8217;t be just a dream. \u00bb<\/p>\n<p>After the Balfour declaration, in 1917, in which the first English foreign affairs minister, Lord Arthur James Balfour, acknowledged the right of the Jewish people to have a national home in Palestine, the League of Nations established in 1922 the British mandate.<br \/>This mandate aimed to settle in Palestine a \u00ab national home for the Jewish people \u00bb on the base of a historical link between the Jewish people and Palestine.<\/p>\n<p>Two years after the second world war where six million Jews were killed, the United Nations Organisation (U.N.O) voted, on the 29th of Novembre 1947, the creation of a Jewish state in Palestine, along with 33 countries.<br \/><img decoding=\"async\" class=\" aligncenter size-full wp-image-23702\" src=\"https:\/\/www.iemj.org\/wp-content\/uploads\/2019\/05\/doc_2_renaissance2.jpg\" alt=\"doc_2_renaissance2.jpg\" width=\"450\" height=\"424\" align=\"middle\" srcset=\"https:\/\/www.iemj.org\/wp-content\/uploads\/2019\/05\/doc_2_renaissance2.jpg 450w, https:\/\/www.iemj.org\/wp-content\/uploads\/2019\/05\/doc_2_renaissance2-300x283.jpg 300w\" sizes=\"(max-width: 450px) 100vw, 450px\" \/><\/p>\n<p>The 14th of May 1948, the Israeli first minister, David Ben Gourion proclamed the independance of the State of Israel.<br \/><img decoding=\"async\" class=\" aligncenter size-full wp-image-23704\" src=\"https:\/\/www.iemj.org\/wp-content\/uploads\/2019\/05\/doc_1_renaissance_1.jpg\" alt=\"doc_1_renaissance_1.jpg\" width=\"778\" height=\"424\" align=\"middle\" srcset=\"https:\/\/www.iemj.org\/wp-content\/uploads\/2019\/05\/doc_1_renaissance_1.jpg 778w, https:\/\/www.iemj.org\/wp-content\/uploads\/2019\/05\/doc_1_renaissance_1-300x163.jpg 300w, https:\/\/www.iemj.org\/wp-content\/uploads\/2019\/05\/doc_1_renaissance_1-768x419.jpg 768w, https:\/\/www.iemj.org\/wp-content\/uploads\/2019\/05\/doc_1_renaissance_1-600x327.jpg 600w\" sizes=\"(max-width: 778px) 100vw, 778px\" \/><\/p>\n<div style=\"text-align: center;\">\n<div style=\"margin: 8px 0px 4px;\"><a href=\"https:\/\/www.calameo.com\/books\/00461274952a2063ebed0\" target=\"_blank\" rel=\"noopener noreferrer\">Rebirth Of A Nation (booklet)<\/a><\/div>\n<p><iframe style=\"margin: 0 auto;\" src=\"\/\/v.calameo.com\/?bkcode=00461274952a2063ebed0&amp;mode=mini\" width=\"480\" height=\"300\" frameborder=\"0\" scrolling=\"no\" allowfullscreen=\"allowfullscreen\"><\/iframe><\/p>\n<div style=\"margin: 4px 0px 8px;\"><a href=\"http:\/\/www.calameo.com\/\" target=\"_blank\" rel=\"noopener noreferrer\">Read more publications on Calam\u00e9o<\/a><\/div>\n<\/div>\n<p><a href=\"https:\/\/www.iemj.org\/en\/history-of-hatikva-the-israeli-national-anthem\/\" target=\"_blank\" rel=\"noopener\"><img loading=\"lazy\" decoding=\"async\" class=\" alignleft size-full wp-image-9157\" src=\"https:\/\/www.iemj.org\/wp-content\/uploads\/2016\/01\/emission_de_radio.jpg\" alt=\"emission_de_radio.jpg\" width=\"80\" height=\"71\" align=\"left\" \/>Listen to the radio broadcast on Hatikvah, hosted by Herv\u00e9 Roten<\/a><\/p>\n\n<div class=\"wp-block-image\">\n<figure class=\"aligncenter size-large\"><img loading=\"lazy\" decoding=\"async\" width=\"1024\" height=\"133\" src=\"https:\/\/www.iemj.org\/wp-content\/uploads\/2024\/03\/AUDIO-PLAYER-1024x133.png\" alt=\"\" class=\"wp-image-110607\" srcset=\"https:\/\/www.iemj.org\/wp-content\/uploads\/2024\/03\/AUDIO-PLAYER-1024x133.png 1024w, https:\/\/www.iemj.org\/wp-content\/uploads\/2024\/03\/AUDIO-PLAYER-300x39.png 300w, https:\/\/www.iemj.org\/wp-content\/uploads\/2024\/03\/AUDIO-PLAYER-768x100.png 768w, https:\/\/www.iemj.org\/wp-content\/uploads\/2024\/03\/AUDIO-PLAYER-600x78.png 600w, https:\/\/www.iemj.org\/wp-content\/uploads\/2024\/03\/AUDIO-PLAYER.png 1210w\" sizes=\"(max-width: 1024px) 100vw, 1024px\" \/><\/figure>\n<\/div>\n\n\n<h2 class=\"wp-block-heading\"><\/h2>\n\n\n\n<div class=\"wp-block-file\"><a href=\"https:\/\/www.iemj.org\/wp-content\/uploads\/2019\/05\/discours_de_mme_golda_meir_premier_ministre_d_israe_l__t.mp3\">Discours de Mme Golda Meir (premier ministre d\u2019Isra\u00ebl)<\/a><\/div>\n\n\n\n<div class=\"wp-block-file\"><a href=\"https:\/\/www.iemj.org\/wp-content\/uploads\/2019\/05\/proclamation_d_independance_prononcee_par_mr_david_ben_gourion_le_14_mai_1948_t.mp3\">Proclamation d\u2019Ind\u00e9pendance prononc\u00e9e par Mr David Ben Gourion, le 14 mai 1948<\/a><\/div>\n\n\n\n<div class=\"wp-block-file\"><a href=\"https:\/\/www.iemj.org\/wp-content\/uploads\/2019\/05\/yeroushalaim_shel_zahav_-_choeur_de_la_grande_synagogue_de_paris_t.mp3\">Yeroushala\u00efm Shel Zahav &#8211; Choeur de la Grande Synagogue de Paris<\/a><\/div>\n","protected":false},"excerpt":{"rendered":"<p>This 33 RPM disc, which includes a preface written by Joseph Kessel, from the Acad\u00e9mie Fran\u00e7aise and illustrated by Marc Chagall, was released for the 25th anniversary of the creation<\/p>\n","protected":false},"author":1048,"featured_media":23735,"comment_status":"closed","ping_status":"open","sticky":false,"template":"","format":"standard","meta":{"_acf_changed":false,"footnotes":""},"categories":[963],"tags":[],"technique":[],"squelettes":[],"sujet":[],"formation":[],"genre":[],"fonds":[],"tradition":[],"type-de-contenu":[],"interprete-compositeur":[],"frise":[],"type-devenement":[],"tableaux-liens-externes":[],"class_list":["post-23737","post","type-post","status-publish","format-standard","has-post-thumbnail","hentry","category-highlights-en"],"acf":[],"yoast_head":"<!-- This site is optimized with the Yoast SEO plugin v27.3 - https:\/\/yoast.com\/product\/yoast-seo-wordpress\/ -->\n<title>Rebirth of a nation - Institut Europ\u00e9en des Musiques Juives<\/title>\n<meta name=\"robots\" content=\"index, follow, max-snippet:-1, max-image-preview:large, max-video-preview:-1\" \/>\n<link rel=\"canonical\" href=\"https:\/\/www.iemj.org\/en\/rebirth-of-a-nation\/\" \/>\n<meta property=\"og:locale\" content=\"en_US\" \/>\n<meta property=\"og:type\" content=\"article\" \/>\n<meta property=\"og:title\" content=\"Rebirth of a nation - Institut Europ\u00e9en des Musiques Juives\" \/>\n<meta property=\"og:description\" content=\"This 33 RPM disc, which includes a preface written by Joseph Kessel, from the Acad\u00e9mie Fran\u00e7aise and illustrated by Marc Chagall, was released for the 25th anniversary of the creation\" \/>\n<meta property=\"og:url\" content=\"https:\/\/www.iemj.org\/en\/rebirth-of-a-nation\/\" \/>\n<meta property=\"og:site_name\" content=\"Institut Europ\u00e9en des Musiques Juives\" \/>\n<meta property=\"article:publisher\" content=\"https:\/\/www.facebook.com\/MusiquesJuives\/\" \/>\n<meta property=\"article:published_time\" content=\"2019-05-09T07:44:01+00:00\" \/>\n<meta property=\"article:modified_time\" content=\"2025-05-27T09:31:39+00:00\" \/>\n<meta property=\"og:image\" content=\"https:\/\/www.iemj.org\/wp-content\/uploads\/2019\/05\/arton4127.jpg\" \/>\n\t<meta property=\"og:image:width\" content=\"485\" \/>\n\t<meta property=\"og:image:height\" content=\"500\" \/>\n\t<meta property=\"og:image:type\" content=\"image\/jpeg\" \/>\n<meta name=\"author\" content=\"Jean-Gabriel Davis\" \/>\n<meta name=\"twitter:card\" content=\"summary_large_image\" \/>\n<meta name=\"twitter:label1\" content=\"Written by\" \/>\n\t<meta name=\"twitter:data1\" content=\"Jean-Gabriel Davis\" \/>\n\t<meta name=\"twitter:label2\" content=\"Est. reading time\" \/>\n\t<meta name=\"twitter:data2\" content=\"4 minutes\" \/>\n<script type=\"application\/ld+json\" class=\"yoast-schema-graph\">{\"@context\":\"https:\\\/\\\/schema.org\",\"@graph\":[{\"@type\":\"Article\",\"@id\":\"https:\\\/\\\/www.iemj.org\\\/en\\\/rebirth-of-a-nation\\\/#article\",\"isPartOf\":{\"@id\":\"https:\\\/\\\/www.iemj.org\\\/en\\\/rebirth-of-a-nation\\\/\"},\"author\":{\"name\":\"Jean-Gabriel Davis\",\"@id\":\"https:\\\/\\\/www.iemj.org\\\/en\\\/#\\\/schema\\\/person\\\/c9bc1c386a3749579a2d675e72a18666\"},\"headline\":\"Rebirth of a nation\",\"datePublished\":\"2019-05-09T07:44:01+00:00\",\"dateModified\":\"2025-05-27T09:31:39+00:00\",\"mainEntityOfPage\":{\"@id\":\"https:\\\/\\\/www.iemj.org\\\/en\\\/rebirth-of-a-nation\\\/\"},\"wordCount\":410,\"publisher\":{\"@id\":\"https:\\\/\\\/www.iemj.org\\\/en\\\/#organization\"},\"image\":{\"@id\":\"https:\\\/\\\/www.iemj.org\\\/en\\\/rebirth-of-a-nation\\\/#primaryimage\"},\"thumbnailUrl\":\"https:\\\/\\\/www.iemj.org\\\/wp-content\\\/uploads\\\/2019\\\/05\\\/arton4127.jpg\",\"articleSection\":[\"Highlights\"],\"inLanguage\":\"en-US\"},{\"@type\":\"WebPage\",\"@id\":\"https:\\\/\\\/www.iemj.org\\\/en\\\/rebirth-of-a-nation\\\/\",\"url\":\"https:\\\/\\\/www.iemj.org\\\/en\\\/rebirth-of-a-nation\\\/\",\"name\":\"Rebirth of a nation - Institut Europ\u00e9en des Musiques Juives\",\"isPartOf\":{\"@id\":\"https:\\\/\\\/www.iemj.org\\\/en\\\/#website\"},\"primaryImageOfPage\":{\"@id\":\"https:\\\/\\\/www.iemj.org\\\/en\\\/rebirth-of-a-nation\\\/#primaryimage\"},\"image\":{\"@id\":\"https:\\\/\\\/www.iemj.org\\\/en\\\/rebirth-of-a-nation\\\/#primaryimage\"},\"thumbnailUrl\":\"https:\\\/\\\/www.iemj.org\\\/wp-content\\\/uploads\\\/2019\\\/05\\\/arton4127.jpg\",\"datePublished\":\"2019-05-09T07:44:01+00:00\",\"dateModified\":\"2025-05-27T09:31:39+00:00\",\"breadcrumb\":{\"@id\":\"https:\\\/\\\/www.iemj.org\\\/en\\\/rebirth-of-a-nation\\\/#breadcrumb\"},\"inLanguage\":\"en-US\",\"potentialAction\":[{\"@type\":\"ReadAction\",\"target\":[\"https:\\\/\\\/www.iemj.org\\\/en\\\/rebirth-of-a-nation\\\/\"]}]},{\"@type\":\"ImageObject\",\"inLanguage\":\"en-US\",\"@id\":\"https:\\\/\\\/www.iemj.org\\\/en\\\/rebirth-of-a-nation\\\/#primaryimage\",\"url\":\"https:\\\/\\\/www.iemj.org\\\/wp-content\\\/uploads\\\/2019\\\/05\\\/arton4127.jpg\",\"contentUrl\":\"https:\\\/\\\/www.iemj.org\\\/wp-content\\\/uploads\\\/2019\\\/05\\\/arton4127.jpg\",\"width\":485,\"height\":500},{\"@type\":\"BreadcrumbList\",\"@id\":\"https:\\\/\\\/www.iemj.org\\\/en\\\/rebirth-of-a-nation\\\/#breadcrumb\",\"itemListElement\":[{\"@type\":\"ListItem\",\"position\":1,\"name\":\"Accueil\",\"item\":\"https:\\\/\\\/www.iemj.org\\\/en\\\/\"},{\"@type\":\"ListItem\",\"position\":2,\"name\":\"Rebirth of a nation\"}]},{\"@type\":\"WebSite\",\"@id\":\"https:\\\/\\\/www.iemj.org\\\/en\\\/#website\",\"url\":\"https:\\\/\\\/www.iemj.org\\\/en\\\/\",\"name\":\"Institut Europ\u00e9en des Musiques Juives\",\"description\":\"Des traditions musicales \u00e0 la port\u00e9e de tous\",\"publisher\":{\"@id\":\"https:\\\/\\\/www.iemj.org\\\/en\\\/#organization\"},\"potentialAction\":[{\"@type\":\"SearchAction\",\"target\":{\"@type\":\"EntryPoint\",\"urlTemplate\":\"https:\\\/\\\/www.iemj.org\\\/en\\\/?s={search_term_string}\"},\"query-input\":{\"@type\":\"PropertyValueSpecification\",\"valueRequired\":true,\"valueName\":\"search_term_string\"}}],\"inLanguage\":\"en-US\"},{\"@type\":\"Organization\",\"@id\":\"https:\\\/\\\/www.iemj.org\\\/en\\\/#organization\",\"name\":\"Institut Europ\u00e9en des Musiques Juives\",\"url\":\"https:\\\/\\\/www.iemj.org\\\/en\\\/\",\"logo\":{\"@type\":\"ImageObject\",\"inLanguage\":\"en-US\",\"@id\":\"https:\\\/\\\/www.iemj.org\\\/en\\\/#\\\/schema\\\/logo\\\/image\\\/\",\"url\":\"https:\\\/\\\/www.iemj.org\\\/wp-content\\\/uploads\\\/2021\\\/09\\\/Logo-IEMJ-Paypal.jpg\",\"contentUrl\":\"https:\\\/\\\/www.iemj.org\\\/wp-content\\\/uploads\\\/2021\\\/09\\\/Logo-IEMJ-Paypal.jpg\",\"width\":150,\"height\":50,\"caption\":\"Institut Europ\u00e9en des Musiques Juives\"},\"image\":{\"@id\":\"https:\\\/\\\/www.iemj.org\\\/en\\\/#\\\/schema\\\/logo\\\/image\\\/\"},\"sameAs\":[\"https:\\\/\\\/www.facebook.com\\\/MusiquesJuives\\\/\",\"https:\\\/\\\/www.instagram.com\\\/musiquesjuives\\\/\",\"https:\\\/\\\/www.youtube.com\\\/user\\\/musiquesjuives\"]},{\"@type\":\"Person\",\"@id\":\"https:\\\/\\\/www.iemj.org\\\/en\\\/#\\\/schema\\\/person\\\/c9bc1c386a3749579a2d675e72a18666\",\"name\":\"Jean-Gabriel Davis\",\"image\":{\"@type\":\"ImageObject\",\"inLanguage\":\"en-US\",\"@id\":\"https:\\\/\\\/secure.gravatar.com\\\/avatar\\\/2b90d67bdf392c9b3a21fab87c0fa7edaf1fb3a058172a1ffd61033fcec7aec1?s=96&d=mm&r=g\",\"url\":\"https:\\\/\\\/secure.gravatar.com\\\/avatar\\\/2b90d67bdf392c9b3a21fab87c0fa7edaf1fb3a058172a1ffd61033fcec7aec1?s=96&d=mm&r=g\",\"contentUrl\":\"https:\\\/\\\/secure.gravatar.com\\\/avatar\\\/2b90d67bdf392c9b3a21fab87c0fa7edaf1fb3a058172a1ffd61033fcec7aec1?s=96&d=mm&r=g\",\"caption\":\"Jean-Gabriel Davis\"}}]}<\/script>\n<!-- \/ Yoast SEO plugin. -->","yoast_head_json":{"title":"Rebirth of a nation - Institut Europ\u00e9en des Musiques Juives","robots":{"index":"index","follow":"follow","max-snippet":"max-snippet:-1","max-image-preview":"max-image-preview:large","max-video-preview":"max-video-preview:-1"},"canonical":"https:\/\/www.iemj.org\/en\/rebirth-of-a-nation\/","og_locale":"en_US","og_type":"article","og_title":"Rebirth of a nation - Institut Europ\u00e9en des Musiques Juives","og_description":"This 33 RPM disc, which includes a preface written by Joseph Kessel, from the Acad\u00e9mie Fran\u00e7aise and illustrated by Marc Chagall, was released for the 25th anniversary of the creation","og_url":"https:\/\/www.iemj.org\/en\/rebirth-of-a-nation\/","og_site_name":"Institut Europ\u00e9en des Musiques Juives","article_publisher":"https:\/\/www.facebook.com\/MusiquesJuives\/","article_published_time":"2019-05-09T07:44:01+00:00","article_modified_time":"2025-05-27T09:31:39+00:00","og_image":[{"width":485,"height":500,"url":"https:\/\/www.iemj.org\/wp-content\/uploads\/2019\/05\/arton4127.jpg","type":"image\/jpeg"}],"author":"Jean-Gabriel Davis","twitter_card":"summary_large_image","twitter_misc":{"Written by":"Jean-Gabriel Davis","Est. reading time":"4 minutes"},"schema":{"@context":"https:\/\/schema.org","@graph":[{"@type":"Article","@id":"https:\/\/www.iemj.org\/en\/rebirth-of-a-nation\/#article","isPartOf":{"@id":"https:\/\/www.iemj.org\/en\/rebirth-of-a-nation\/"},"author":{"name":"Jean-Gabriel Davis","@id":"https:\/\/www.iemj.org\/en\/#\/schema\/person\/c9bc1c386a3749579a2d675e72a18666"},"headline":"Rebirth of a nation","datePublished":"2019-05-09T07:44:01+00:00","dateModified":"2025-05-27T09:31:39+00:00","mainEntityOfPage":{"@id":"https:\/\/www.iemj.org\/en\/rebirth-of-a-nation\/"},"wordCount":410,"publisher":{"@id":"https:\/\/www.iemj.org\/en\/#organization"},"image":{"@id":"https:\/\/www.iemj.org\/en\/rebirth-of-a-nation\/#primaryimage"},"thumbnailUrl":"https:\/\/www.iemj.org\/wp-content\/uploads\/2019\/05\/arton4127.jpg","articleSection":["Highlights"],"inLanguage":"en-US"},{"@type":"WebPage","@id":"https:\/\/www.iemj.org\/en\/rebirth-of-a-nation\/","url":"https:\/\/www.iemj.org\/en\/rebirth-of-a-nation\/","name":"Rebirth of a nation - Institut Europ\u00e9en des Musiques Juives","isPartOf":{"@id":"https:\/\/www.iemj.org\/en\/#website"},"primaryImageOfPage":{"@id":"https:\/\/www.iemj.org\/en\/rebirth-of-a-nation\/#primaryimage"},"image":{"@id":"https:\/\/www.iemj.org\/en\/rebirth-of-a-nation\/#primaryimage"},"thumbnailUrl":"https:\/\/www.iemj.org\/wp-content\/uploads\/2019\/05\/arton4127.jpg","datePublished":"2019-05-09T07:44:01+00:00","dateModified":"2025-05-27T09:31:39+00:00","breadcrumb":{"@id":"https:\/\/www.iemj.org\/en\/rebirth-of-a-nation\/#breadcrumb"},"inLanguage":"en-US","potentialAction":[{"@type":"ReadAction","target":["https:\/\/www.iemj.org\/en\/rebirth-of-a-nation\/"]}]},{"@type":"ImageObject","inLanguage":"en-US","@id":"https:\/\/www.iemj.org\/en\/rebirth-of-a-nation\/#primaryimage","url":"https:\/\/www.iemj.org\/wp-content\/uploads\/2019\/05\/arton4127.jpg","contentUrl":"https:\/\/www.iemj.org\/wp-content\/uploads\/2019\/05\/arton4127.jpg","width":485,"height":500},{"@type":"BreadcrumbList","@id":"https:\/\/www.iemj.org\/en\/rebirth-of-a-nation\/#breadcrumb","itemListElement":[{"@type":"ListItem","position":1,"name":"Accueil","item":"https:\/\/www.iemj.org\/en\/"},{"@type":"ListItem","position":2,"name":"Rebirth of a nation"}]},{"@type":"WebSite","@id":"https:\/\/www.iemj.org\/en\/#website","url":"https:\/\/www.iemj.org\/en\/","name":"Institut Europ\u00e9en des Musiques Juives","description":"Des traditions musicales \u00e0 la port\u00e9e de tous","publisher":{"@id":"https:\/\/www.iemj.org\/en\/#organization"},"potentialAction":[{"@type":"SearchAction","target":{"@type":"EntryPoint","urlTemplate":"https:\/\/www.iemj.org\/en\/?s={search_term_string}"},"query-input":{"@type":"PropertyValueSpecification","valueRequired":true,"valueName":"search_term_string"}}],"inLanguage":"en-US"},{"@type":"Organization","@id":"https:\/\/www.iemj.org\/en\/#organization","name":"Institut Europ\u00e9en des Musiques Juives","url":"https:\/\/www.iemj.org\/en\/","logo":{"@type":"ImageObject","inLanguage":"en-US","@id":"https:\/\/www.iemj.org\/en\/#\/schema\/logo\/image\/","url":"https:\/\/www.iemj.org\/wp-content\/uploads\/2021\/09\/Logo-IEMJ-Paypal.jpg","contentUrl":"https:\/\/www.iemj.org\/wp-content\/uploads\/2021\/09\/Logo-IEMJ-Paypal.jpg","width":150,"height":50,"caption":"Institut Europ\u00e9en des Musiques Juives"},"image":{"@id":"https:\/\/www.iemj.org\/en\/#\/schema\/logo\/image\/"},"sameAs":["https:\/\/www.facebook.com\/MusiquesJuives\/","https:\/\/www.instagram.com\/musiquesjuives\/","https:\/\/www.youtube.com\/user\/musiquesjuives"]},{"@type":"Person","@id":"https:\/\/www.iemj.org\/en\/#\/schema\/person\/c9bc1c386a3749579a2d675e72a18666","name":"Jean-Gabriel Davis","image":{"@type":"ImageObject","inLanguage":"en-US","@id":"https:\/\/secure.gravatar.com\/avatar\/2b90d67bdf392c9b3a21fab87c0fa7edaf1fb3a058172a1ffd61033fcec7aec1?s=96&d=mm&r=g","url":"https:\/\/secure.gravatar.com\/avatar\/2b90d67bdf392c9b3a21fab87c0fa7edaf1fb3a058172a1ffd61033fcec7aec1?s=96&d=mm&r=g","contentUrl":"https:\/\/secure.gravatar.com\/avatar\/2b90d67bdf392c9b3a21fab87c0fa7edaf1fb3a058172a1ffd61033fcec7aec1?s=96&d=mm&r=g","caption":"Jean-Gabriel Davis"}}]}},"_links":{"self":[{"href":"https:\/\/www.iemj.org\/en\/wp-json\/wp\/v2\/posts\/23737","targetHints":{"allow":["GET"]}}],"collection":[{"href":"https:\/\/www.iemj.org\/en\/wp-json\/wp\/v2\/posts"}],"about":[{"href":"https:\/\/www.iemj.org\/en\/wp-json\/wp\/v2\/types\/post"}],"author":[{"embeddable":true,"href":"https:\/\/www.iemj.org\/en\/wp-json\/wp\/v2\/users\/1048"}],"replies":[{"embeddable":true,"href":"https:\/\/www.iemj.org\/en\/wp-json\/wp\/v2\/comments?post=23737"}],"version-history":[{"count":0,"href":"https:\/\/www.iemj.org\/en\/wp-json\/wp\/v2\/posts\/23737\/revisions"}],"wp:featuredmedia":[{"embeddable":true,"href":"https:\/\/www.iemj.org\/en\/wp-json\/wp\/v2\/media\/23735"}],"wp:attachment":[{"href":"https:\/\/www.iemj.org\/en\/wp-json\/wp\/v2\/media?parent=23737"}],"wp:term":[{"taxonomy":"category","embeddable":true,"href":"https:\/\/www.iemj.org\/en\/wp-json\/wp\/v2\/categories?post=23737"},{"taxonomy":"post_tag","embeddable":true,"href":"https:\/\/www.iemj.org\/en\/wp-json\/wp\/v2\/tags?post=23737"},{"taxonomy":"technique","embeddable":true,"href":"https:\/\/www.iemj.org\/en\/wp-json\/wp\/v2\/technique?post=23737"},{"taxonomy":"squelettes","embeddable":true,"href":"https:\/\/www.iemj.org\/en\/wp-json\/wp\/v2\/squelettes?post=23737"},{"taxonomy":"sujet","embeddable":true,"href":"https:\/\/www.iemj.org\/en\/wp-json\/wp\/v2\/sujet?post=23737"},{"taxonomy":"formation","embeddable":true,"href":"https:\/\/www.iemj.org\/en\/wp-json\/wp\/v2\/formation?post=23737"},{"taxonomy":"genre","embeddable":true,"href":"https:\/\/www.iemj.org\/en\/wp-json\/wp\/v2\/genre?post=23737"},{"taxonomy":"fonds","embeddable":true,"href":"https:\/\/www.iemj.org\/en\/wp-json\/wp\/v2\/fonds?post=23737"},{"taxonomy":"tradition","embeddable":true,"href":"https:\/\/www.iemj.org\/en\/wp-json\/wp\/v2\/tradition?post=23737"},{"taxonomy":"type-de-contenu","embeddable":true,"href":"https:\/\/www.iemj.org\/en\/wp-json\/wp\/v2\/type-de-contenu?post=23737"},{"taxonomy":"interprete-compositeur","embeddable":true,"href":"https:\/\/www.iemj.org\/en\/wp-json\/wp\/v2\/interprete-compositeur?post=23737"},{"taxonomy":"frise","embeddable":true,"href":"https:\/\/www.iemj.org\/en\/wp-json\/wp\/v2\/frise?post=23737"},{"taxonomy":"type-devenement","embeddable":true,"href":"https:\/\/www.iemj.org\/en\/wp-json\/wp\/v2\/type-devenement?post=23737"},{"taxonomy":"tableaux-liens-externes","embeddable":true,"href":"https:\/\/www.iemj.org\/en\/wp-json\/wp\/v2\/tableaux-liens-externes?post=23737"}],"curies":[{"name":"wp","href":"https:\/\/api.w.org\/{rel}","templated":true}]}}