{"id":24061,"date":"2019-05-22T10:42:10","date_gmt":"2019-05-22T08:42:10","guid":{"rendered":"https:\/\/www.iemj.org\/2019\/05\/22\/jewish-music-and-cuisine-delicacies-and-sounds\/"},"modified":"2022-01-19T18:24:33","modified_gmt":"2022-01-19T17:24:33","slug":"jewish-music-and-cuisine-delicacies-and-sounds","status":"publish","type":"post","link":"https:\/\/www.iemj.org\/en\/jewish-music-and-cuisine-delicacies-and-sounds\/","title":{"rendered":"Jewish music and cuisine : delicacies and sounds"},"content":{"rendered":"<p><strong>Program offered by the European Institute for Jewish Music and the Cercle Bernard Lazare<\/strong><\/p>\n<p><strong>8h45 PM : Audio visual conference by Herv\u00e9 Roten &#8211; Jewish music and cuisine : delicacies and sounds<\/strong><br \/>\nJewish cuisine is a language, a tongue (pickel fleish ?) of itself. Substrate of the Jewish mother, it feeds the children of their traumas and roots them into their Jewish identity. All these dishes we loved or hated, we speak of them with fervour, after our 40 years. Our mother&#8217;s borekas, her marvelous chopped liver, her delicious couscous, all of them bring us back to a blessed childhood when life was simple : either we ate what was in front of us, either we were responsable for the immediate death of our mother ! But Jewish cuisine isn&#8217;t only guilt, it is also pleasure of the mouth. So much that many artists sing it with humor and nostalgia.<br \/>\nFrom the recipe of the gefilte fish to the Turkish berencena, there are hundreds of songs that we can taste with joy, without gaining weight !<br \/>\nWith a lot of humor, Herv\u00e9 Roten delivers the secrets of Jewish gastronomy through Yiddish, Judeo-Spanish and Oriental songs.<br \/>\n<strong>Evening of tasting, conference and concert : 10 \u20ac <em>(free entrance for the members of the CBL and the EIJM)<br \/>\n<\/em><\/strong><\/p>\n<p><center><strong><em><br \/>\n<strong>&#8211; &#8211; &#8211; &#8211; &#8211; &#8211; <\/strong><br \/>\n<\/em><\/strong><\/center><\/p>\n<p><strong><em><strong>9h45 PM : The flavours and colours of Jacinta<\/strong><br \/>\nSelection of tasty songs by this wonderful singer !<br \/>\n<\/em><\/strong><\/p>\n<p><center><strong><em><br \/>\n<strong>&#8211; &#8211; &#8211; &#8211; &#8211; &#8211; <\/strong><br \/>\n<\/em><\/strong><\/center><strong><strong><em><\/p>\n<p><strong>Reservations :<\/strong> https:\/\/www.festivaldesculturesjuives.org\/<\/em><\/strong><\/strong><\/p>\n<p><img fetchpriority=\"high\" decoding=\"async\" class=\" aligncenter  wp-image-23888\" src=\"https:\/\/www.iemj.org\/wp-content\/uploads\/2019\/05\/affiche_fcj_2019_capture.jpg\" alt=\"affiche_fcj_2019_capture.jpg\" width=\"363\" height=\"543\" align=\"center\" srcset=\"https:\/\/www.iemj.org\/wp-content\/uploads\/2019\/05\/affiche_fcj_2019_capture.jpg 600w, https:\/\/www.iemj.org\/wp-content\/uploads\/2019\/05\/affiche_fcj_2019_capture-200x300.jpg 200w\" sizes=\"(max-width: 363px) 100vw, 363px\" \/><\/p>\n","protected":false},"excerpt":{"rendered":"<p>Program offered by the European Institute for Jewish Music and the Cercle Bernard Lazare 8h45 PM : Audio visual conference by Herv\u00e9 Roten &#8211; Jewish music and cuisine : delicacies<\/p>\n","protected":false},"author":1048,"featured_media":24059,"comment_status":"open","ping_status":"open","sticky":false,"template":"","format":"standard","meta":{"_acf_changed":false,"footnotes":""},"categories":[1369,1381],"tags":[],"technique":[],"squelettes":[],"sujet":[],"formation":[],"genre":[],"fonds":[],"tradition":[],"type-de-contenu":[],"interprete-compositeur":[],"frise":[],"type-devenement":[],"tableaux-liens-externes":[],"class_list":["post-24061","post","type-post","status-publish","format-standard","has-post-thumbnail","hentry","category-events-en","category-lectures-conferences-events-en"],"acf":[],"yoast_head":"<!-- This site is optimized with the Yoast SEO plugin v27.3 - https:\/\/yoast.com\/product\/yoast-seo-wordpress\/ -->\n<title>Jewish music and cuisine : delicacies and sounds - Institut Europ\u00e9en des Musiques Juives<\/title>\n<meta name=\"robots\" content=\"noindex, follow\" \/>\n<meta property=\"og:locale\" content=\"en_US\" \/>\n<meta property=\"og:type\" content=\"article\" \/>\n<meta property=\"og:title\" content=\"Jewish music and cuisine : delicacies and sounds - Institut Europ\u00e9en des Musiques Juives\" \/>\n<meta property=\"og:description\" content=\"Program offered by the European Institute for Jewish Music and the Cercle Bernard Lazare 8h45 PM : Audio visual conference by Herv\u00e9 Roten &#8211; Jewish music and cuisine : delicacies\" \/>\n<meta property=\"og:url\" content=\"https:\/\/www.iemj.org\/en\/jewish-music-and-cuisine-delicacies-and-sounds\/\" \/>\n<meta property=\"og:site_name\" content=\"Institut Europ\u00e9en des Musiques Juives\" \/>\n<meta property=\"article:publisher\" content=\"https:\/\/www.facebook.com\/MusiquesJuives\/\" \/>\n<meta property=\"article:published_time\" content=\"2019-05-22T08:42:10+00:00\" \/>\n<meta property=\"article:modified_time\" content=\"2022-01-19T17:24:33+00:00\" \/>\n<meta property=\"og:image\" content=\"https:\/\/www.iemj.org\/wp-content\/uploads\/2019\/05\/arton4173.jpg\" \/>\n\t<meta property=\"og:image:width\" content=\"304\" \/>\n\t<meta property=\"og:image:height\" content=\"448\" \/>\n\t<meta property=\"og:image:type\" content=\"image\/jpeg\" \/>\n<meta name=\"author\" content=\"Jean-Gabriel Davis\" \/>\n<meta name=\"twitter:card\" content=\"summary_large_image\" \/>\n<meta name=\"twitter:label1\" content=\"Written by\" \/>\n\t<meta name=\"twitter:data1\" content=\"Jean-Gabriel Davis\" \/>\n\t<meta name=\"twitter:label2\" content=\"Est. reading time\" \/>\n\t<meta name=\"twitter:data2\" content=\"2 minutes\" \/>\n<script type=\"application\/ld+json\" class=\"yoast-schema-graph\">{\"@context\":\"https:\\\/\\\/schema.org\",\"@graph\":[{\"@type\":\"Article\",\"@id\":\"https:\\\/\\\/www.iemj.org\\\/en\\\/jewish-music-and-cuisine-delicacies-and-sounds\\\/#article\",\"isPartOf\":{\"@id\":\"https:\\\/\\\/www.iemj.org\\\/en\\\/jewish-music-and-cuisine-delicacies-and-sounds\\\/\"},\"author\":{\"name\":\"Jean-Gabriel Davis\",\"@id\":\"https:\\\/\\\/www.iemj.org\\\/en\\\/#\\\/schema\\\/person\\\/c9bc1c386a3749579a2d675e72a18666\"},\"headline\":\"Jewish music and cuisine : delicacies and sounds\",\"datePublished\":\"2019-05-22T08:42:10+00:00\",\"dateModified\":\"2022-01-19T17:24:33+00:00\",\"mainEntityOfPage\":{\"@id\":\"https:\\\/\\\/www.iemj.org\\\/en\\\/jewish-music-and-cuisine-delicacies-and-sounds\\\/\"},\"wordCount\":247,\"commentCount\":0,\"publisher\":{\"@id\":\"https:\\\/\\\/www.iemj.org\\\/en\\\/#organization\"},\"image\":{\"@id\":\"https:\\\/\\\/www.iemj.org\\\/en\\\/jewish-music-and-cuisine-delicacies-and-sounds\\\/#primaryimage\"},\"thumbnailUrl\":\"https:\\\/\\\/www.iemj.org\\\/wp-content\\\/uploads\\\/2019\\\/05\\\/arton4173.jpg\",\"articleSection\":[\"Events\",\"Lectures \\\/ Conferences\"],\"inLanguage\":\"en-US\",\"potentialAction\":[{\"@type\":\"CommentAction\",\"name\":\"Comment\",\"target\":[\"https:\\\/\\\/www.iemj.org\\\/en\\\/jewish-music-and-cuisine-delicacies-and-sounds\\\/#respond\"]}]},{\"@type\":\"WebPage\",\"@id\":\"https:\\\/\\\/www.iemj.org\\\/en\\\/jewish-music-and-cuisine-delicacies-and-sounds\\\/\",\"url\":\"https:\\\/\\\/www.iemj.org\\\/en\\\/jewish-music-and-cuisine-delicacies-and-sounds\\\/\",\"name\":\"Jewish music and cuisine : delicacies and sounds - Institut Europ\u00e9en des Musiques Juives\",\"isPartOf\":{\"@id\":\"https:\\\/\\\/www.iemj.org\\\/en\\\/#website\"},\"primaryImageOfPage\":{\"@id\":\"https:\\\/\\\/www.iemj.org\\\/en\\\/jewish-music-and-cuisine-delicacies-and-sounds\\\/#primaryimage\"},\"image\":{\"@id\":\"https:\\\/\\\/www.iemj.org\\\/en\\\/jewish-music-and-cuisine-delicacies-and-sounds\\\/#primaryimage\"},\"thumbnailUrl\":\"https:\\\/\\\/www.iemj.org\\\/wp-content\\\/uploads\\\/2019\\\/05\\\/arton4173.jpg\",\"datePublished\":\"2019-05-22T08:42:10+00:00\",\"dateModified\":\"2022-01-19T17:24:33+00:00\",\"breadcrumb\":{\"@id\":\"https:\\\/\\\/www.iemj.org\\\/en\\\/jewish-music-and-cuisine-delicacies-and-sounds\\\/#breadcrumb\"},\"inLanguage\":\"en-US\",\"potentialAction\":[{\"@type\":\"ReadAction\",\"target\":[\"https:\\\/\\\/www.iemj.org\\\/en\\\/jewish-music-and-cuisine-delicacies-and-sounds\\\/\"]}]},{\"@type\":\"ImageObject\",\"inLanguage\":\"en-US\",\"@id\":\"https:\\\/\\\/www.iemj.org\\\/en\\\/jewish-music-and-cuisine-delicacies-and-sounds\\\/#primaryimage\",\"url\":\"https:\\\/\\\/www.iemj.org\\\/wp-content\\\/uploads\\\/2019\\\/05\\\/arton4173.jpg\",\"contentUrl\":\"https:\\\/\\\/www.iemj.org\\\/wp-content\\\/uploads\\\/2019\\\/05\\\/arton4173.jpg\",\"width\":304,\"height\":448},{\"@type\":\"BreadcrumbList\",\"@id\":\"https:\\\/\\\/www.iemj.org\\\/en\\\/jewish-music-and-cuisine-delicacies-and-sounds\\\/#breadcrumb\",\"itemListElement\":[{\"@type\":\"ListItem\",\"position\":1,\"name\":\"Accueil\",\"item\":\"https:\\\/\\\/www.iemj.org\\\/en\\\/\"},{\"@type\":\"ListItem\",\"position\":2,\"name\":\"Jewish music and cuisine : delicacies and sounds\"}]},{\"@type\":\"WebSite\",\"@id\":\"https:\\\/\\\/www.iemj.org\\\/en\\\/#website\",\"url\":\"https:\\\/\\\/www.iemj.org\\\/en\\\/\",\"name\":\"Institut Europ\u00e9en des Musiques Juives\",\"description\":\"Des traditions musicales \u00e0 la port\u00e9e de tous\",\"publisher\":{\"@id\":\"https:\\\/\\\/www.iemj.org\\\/en\\\/#organization\"},\"potentialAction\":[{\"@type\":\"SearchAction\",\"target\":{\"@type\":\"EntryPoint\",\"urlTemplate\":\"https:\\\/\\\/www.iemj.org\\\/en\\\/?s={search_term_string}\"},\"query-input\":{\"@type\":\"PropertyValueSpecification\",\"valueRequired\":true,\"valueName\":\"search_term_string\"}}],\"inLanguage\":\"en-US\"},{\"@type\":\"Organization\",\"@id\":\"https:\\\/\\\/www.iemj.org\\\/en\\\/#organization\",\"name\":\"Institut Europ\u00e9en des Musiques Juives\",\"url\":\"https:\\\/\\\/www.iemj.org\\\/en\\\/\",\"logo\":{\"@type\":\"ImageObject\",\"inLanguage\":\"en-US\",\"@id\":\"https:\\\/\\\/www.iemj.org\\\/en\\\/#\\\/schema\\\/logo\\\/image\\\/\",\"url\":\"https:\\\/\\\/www.iemj.org\\\/wp-content\\\/uploads\\\/2021\\\/09\\\/Logo-IEMJ-Paypal.jpg\",\"contentUrl\":\"https:\\\/\\\/www.iemj.org\\\/wp-content\\\/uploads\\\/2021\\\/09\\\/Logo-IEMJ-Paypal.jpg\",\"width\":150,\"height\":50,\"caption\":\"Institut Europ\u00e9en des Musiques Juives\"},\"image\":{\"@id\":\"https:\\\/\\\/www.iemj.org\\\/en\\\/#\\\/schema\\\/logo\\\/image\\\/\"},\"sameAs\":[\"https:\\\/\\\/www.facebook.com\\\/MusiquesJuives\\\/\",\"https:\\\/\\\/www.instagram.com\\\/musiquesjuives\\\/\",\"https:\\\/\\\/www.youtube.com\\\/user\\\/musiquesjuives\"]},{\"@type\":\"Person\",\"@id\":\"https:\\\/\\\/www.iemj.org\\\/en\\\/#\\\/schema\\\/person\\\/c9bc1c386a3749579a2d675e72a18666\",\"name\":\"Jean-Gabriel Davis\",\"image\":{\"@type\":\"ImageObject\",\"inLanguage\":\"en-US\",\"@id\":\"https:\\\/\\\/secure.gravatar.com\\\/avatar\\\/2b90d67bdf392c9b3a21fab87c0fa7edaf1fb3a058172a1ffd61033fcec7aec1?s=96&d=mm&r=g\",\"url\":\"https:\\\/\\\/secure.gravatar.com\\\/avatar\\\/2b90d67bdf392c9b3a21fab87c0fa7edaf1fb3a058172a1ffd61033fcec7aec1?s=96&d=mm&r=g\",\"contentUrl\":\"https:\\\/\\\/secure.gravatar.com\\\/avatar\\\/2b90d67bdf392c9b3a21fab87c0fa7edaf1fb3a058172a1ffd61033fcec7aec1?s=96&d=mm&r=g\",\"caption\":\"Jean-Gabriel Davis\"}}]}<\/script>\n<!-- \/ Yoast SEO plugin. -->","yoast_head_json":{"title":"Jewish music and cuisine : delicacies and sounds - Institut Europ\u00e9en des Musiques Juives","robots":{"index":"noindex","follow":"follow"},"og_locale":"en_US","og_type":"article","og_title":"Jewish music and cuisine : delicacies and sounds - Institut Europ\u00e9en des Musiques Juives","og_description":"Program offered by the European Institute for Jewish Music and the Cercle Bernard Lazare 8h45 PM : Audio visual conference by Herv\u00e9 Roten &#8211; Jewish music and cuisine : delicacies","og_url":"https:\/\/www.iemj.org\/en\/jewish-music-and-cuisine-delicacies-and-sounds\/","og_site_name":"Institut Europ\u00e9en des Musiques Juives","article_publisher":"https:\/\/www.facebook.com\/MusiquesJuives\/","article_published_time":"2019-05-22T08:42:10+00:00","article_modified_time":"2022-01-19T17:24:33+00:00","og_image":[{"width":304,"height":448,"url":"https:\/\/www.iemj.org\/wp-content\/uploads\/2019\/05\/arton4173.jpg","type":"image\/jpeg"}],"author":"Jean-Gabriel Davis","twitter_card":"summary_large_image","twitter_misc":{"Written by":"Jean-Gabriel Davis","Est. reading time":"2 minutes"},"schema":{"@context":"https:\/\/schema.org","@graph":[{"@type":"Article","@id":"https:\/\/www.iemj.org\/en\/jewish-music-and-cuisine-delicacies-and-sounds\/#article","isPartOf":{"@id":"https:\/\/www.iemj.org\/en\/jewish-music-and-cuisine-delicacies-and-sounds\/"},"author":{"name":"Jean-Gabriel Davis","@id":"https:\/\/www.iemj.org\/en\/#\/schema\/person\/c9bc1c386a3749579a2d675e72a18666"},"headline":"Jewish music and cuisine : delicacies and sounds","datePublished":"2019-05-22T08:42:10+00:00","dateModified":"2022-01-19T17:24:33+00:00","mainEntityOfPage":{"@id":"https:\/\/www.iemj.org\/en\/jewish-music-and-cuisine-delicacies-and-sounds\/"},"wordCount":247,"commentCount":0,"publisher":{"@id":"https:\/\/www.iemj.org\/en\/#organization"},"image":{"@id":"https:\/\/www.iemj.org\/en\/jewish-music-and-cuisine-delicacies-and-sounds\/#primaryimage"},"thumbnailUrl":"https:\/\/www.iemj.org\/wp-content\/uploads\/2019\/05\/arton4173.jpg","articleSection":["Events","Lectures \/ Conferences"],"inLanguage":"en-US","potentialAction":[{"@type":"CommentAction","name":"Comment","target":["https:\/\/www.iemj.org\/en\/jewish-music-and-cuisine-delicacies-and-sounds\/#respond"]}]},{"@type":"WebPage","@id":"https:\/\/www.iemj.org\/en\/jewish-music-and-cuisine-delicacies-and-sounds\/","url":"https:\/\/www.iemj.org\/en\/jewish-music-and-cuisine-delicacies-and-sounds\/","name":"Jewish music and cuisine : delicacies and sounds - Institut Europ\u00e9en des Musiques Juives","isPartOf":{"@id":"https:\/\/www.iemj.org\/en\/#website"},"primaryImageOfPage":{"@id":"https:\/\/www.iemj.org\/en\/jewish-music-and-cuisine-delicacies-and-sounds\/#primaryimage"},"image":{"@id":"https:\/\/www.iemj.org\/en\/jewish-music-and-cuisine-delicacies-and-sounds\/#primaryimage"},"thumbnailUrl":"https:\/\/www.iemj.org\/wp-content\/uploads\/2019\/05\/arton4173.jpg","datePublished":"2019-05-22T08:42:10+00:00","dateModified":"2022-01-19T17:24:33+00:00","breadcrumb":{"@id":"https:\/\/www.iemj.org\/en\/jewish-music-and-cuisine-delicacies-and-sounds\/#breadcrumb"},"inLanguage":"en-US","potentialAction":[{"@type":"ReadAction","target":["https:\/\/www.iemj.org\/en\/jewish-music-and-cuisine-delicacies-and-sounds\/"]}]},{"@type":"ImageObject","inLanguage":"en-US","@id":"https:\/\/www.iemj.org\/en\/jewish-music-and-cuisine-delicacies-and-sounds\/#primaryimage","url":"https:\/\/www.iemj.org\/wp-content\/uploads\/2019\/05\/arton4173.jpg","contentUrl":"https:\/\/www.iemj.org\/wp-content\/uploads\/2019\/05\/arton4173.jpg","width":304,"height":448},{"@type":"BreadcrumbList","@id":"https:\/\/www.iemj.org\/en\/jewish-music-and-cuisine-delicacies-and-sounds\/#breadcrumb","itemListElement":[{"@type":"ListItem","position":1,"name":"Accueil","item":"https:\/\/www.iemj.org\/en\/"},{"@type":"ListItem","position":2,"name":"Jewish music and cuisine : delicacies and sounds"}]},{"@type":"WebSite","@id":"https:\/\/www.iemj.org\/en\/#website","url":"https:\/\/www.iemj.org\/en\/","name":"Institut Europ\u00e9en des Musiques Juives","description":"Des traditions musicales \u00e0 la port\u00e9e de tous","publisher":{"@id":"https:\/\/www.iemj.org\/en\/#organization"},"potentialAction":[{"@type":"SearchAction","target":{"@type":"EntryPoint","urlTemplate":"https:\/\/www.iemj.org\/en\/?s={search_term_string}"},"query-input":{"@type":"PropertyValueSpecification","valueRequired":true,"valueName":"search_term_string"}}],"inLanguage":"en-US"},{"@type":"Organization","@id":"https:\/\/www.iemj.org\/en\/#organization","name":"Institut Europ\u00e9en des Musiques Juives","url":"https:\/\/www.iemj.org\/en\/","logo":{"@type":"ImageObject","inLanguage":"en-US","@id":"https:\/\/www.iemj.org\/en\/#\/schema\/logo\/image\/","url":"https:\/\/www.iemj.org\/wp-content\/uploads\/2021\/09\/Logo-IEMJ-Paypal.jpg","contentUrl":"https:\/\/www.iemj.org\/wp-content\/uploads\/2021\/09\/Logo-IEMJ-Paypal.jpg","width":150,"height":50,"caption":"Institut Europ\u00e9en des Musiques Juives"},"image":{"@id":"https:\/\/www.iemj.org\/en\/#\/schema\/logo\/image\/"},"sameAs":["https:\/\/www.facebook.com\/MusiquesJuives\/","https:\/\/www.instagram.com\/musiquesjuives\/","https:\/\/www.youtube.com\/user\/musiquesjuives"]},{"@type":"Person","@id":"https:\/\/www.iemj.org\/en\/#\/schema\/person\/c9bc1c386a3749579a2d675e72a18666","name":"Jean-Gabriel Davis","image":{"@type":"ImageObject","inLanguage":"en-US","@id":"https:\/\/secure.gravatar.com\/avatar\/2b90d67bdf392c9b3a21fab87c0fa7edaf1fb3a058172a1ffd61033fcec7aec1?s=96&d=mm&r=g","url":"https:\/\/secure.gravatar.com\/avatar\/2b90d67bdf392c9b3a21fab87c0fa7edaf1fb3a058172a1ffd61033fcec7aec1?s=96&d=mm&r=g","contentUrl":"https:\/\/secure.gravatar.com\/avatar\/2b90d67bdf392c9b3a21fab87c0fa7edaf1fb3a058172a1ffd61033fcec7aec1?s=96&d=mm&r=g","caption":"Jean-Gabriel Davis"}}]}},"_links":{"self":[{"href":"https:\/\/www.iemj.org\/en\/wp-json\/wp\/v2\/posts\/24061","targetHints":{"allow":["GET"]}}],"collection":[{"href":"https:\/\/www.iemj.org\/en\/wp-json\/wp\/v2\/posts"}],"about":[{"href":"https:\/\/www.iemj.org\/en\/wp-json\/wp\/v2\/types\/post"}],"author":[{"embeddable":true,"href":"https:\/\/www.iemj.org\/en\/wp-json\/wp\/v2\/users\/1048"}],"replies":[{"embeddable":true,"href":"https:\/\/www.iemj.org\/en\/wp-json\/wp\/v2\/comments?post=24061"}],"version-history":[{"count":0,"href":"https:\/\/www.iemj.org\/en\/wp-json\/wp\/v2\/posts\/24061\/revisions"}],"wp:featuredmedia":[{"embeddable":true,"href":"https:\/\/www.iemj.org\/en\/wp-json\/wp\/v2\/media\/24059"}],"wp:attachment":[{"href":"https:\/\/www.iemj.org\/en\/wp-json\/wp\/v2\/media?parent=24061"}],"wp:term":[{"taxonomy":"category","embeddable":true,"href":"https:\/\/www.iemj.org\/en\/wp-json\/wp\/v2\/categories?post=24061"},{"taxonomy":"post_tag","embeddable":true,"href":"https:\/\/www.iemj.org\/en\/wp-json\/wp\/v2\/tags?post=24061"},{"taxonomy":"technique","embeddable":true,"href":"https:\/\/www.iemj.org\/en\/wp-json\/wp\/v2\/technique?post=24061"},{"taxonomy":"squelettes","embeddable":true,"href":"https:\/\/www.iemj.org\/en\/wp-json\/wp\/v2\/squelettes?post=24061"},{"taxonomy":"sujet","embeddable":true,"href":"https:\/\/www.iemj.org\/en\/wp-json\/wp\/v2\/sujet?post=24061"},{"taxonomy":"formation","embeddable":true,"href":"https:\/\/www.iemj.org\/en\/wp-json\/wp\/v2\/formation?post=24061"},{"taxonomy":"genre","embeddable":true,"href":"https:\/\/www.iemj.org\/en\/wp-json\/wp\/v2\/genre?post=24061"},{"taxonomy":"fonds","embeddable":true,"href":"https:\/\/www.iemj.org\/en\/wp-json\/wp\/v2\/fonds?post=24061"},{"taxonomy":"tradition","embeddable":true,"href":"https:\/\/www.iemj.org\/en\/wp-json\/wp\/v2\/tradition?post=24061"},{"taxonomy":"type-de-contenu","embeddable":true,"href":"https:\/\/www.iemj.org\/en\/wp-json\/wp\/v2\/type-de-contenu?post=24061"},{"taxonomy":"interprete-compositeur","embeddable":true,"href":"https:\/\/www.iemj.org\/en\/wp-json\/wp\/v2\/interprete-compositeur?post=24061"},{"taxonomy":"frise","embeddable":true,"href":"https:\/\/www.iemj.org\/en\/wp-json\/wp\/v2\/frise?post=24061"},{"taxonomy":"type-devenement","embeddable":true,"href":"https:\/\/www.iemj.org\/en\/wp-json\/wp\/v2\/type-devenement?post=24061"},{"taxonomy":"tableaux-liens-externes","embeddable":true,"href":"https:\/\/www.iemj.org\/en\/wp-json\/wp\/v2\/tableaux-liens-externes?post=24061"}],"curies":[{"name":"wp","href":"https:\/\/api.w.org\/{rel}","templated":true}]}}