{"id":24461,"date":"2019-06-25T14:55:17","date_gmt":"2019-06-25T12:55:17","guid":{"rendered":"https:\/\/www.iemj.org\/2019\/06\/25\/symposium-in-hannover-magnified-and-sanctified-the-music-of-jewish-prayer-ii\/"},"modified":"2022-01-25T12:22:01","modified_gmt":"2022-01-25T11:22:01","slug":"symposium-in-hannover-magnified-and-sanctified-the-music-of-jewish-prayer-ii","status":"publish","type":"post","link":"https:\/\/www.iemj.org\/en\/symposium-in-hannover-magnified-and-sanctified-the-music-of-jewish-prayer-ii\/","title":{"rendered":"Symposium in Hannover : Magnified and Sanctified, The Music of Jewish Prayer"},"content":{"rendered":"<p>This new edition results of the success of the first edition dedicated the music of Jewish prayer, which took place at the Leeds university (England) in 2015.<\/p>\n<p>This year&#8217;s symposium is organized by the <a href=\"https:\/\/www.iemj.org\/en\/europaische-zentrum-fur-judische-musik-ezjm-2\/\" target=\"_blank\" rel=\"noopener\">Europ\u00e4ische Zentrum f\u00fcr J\u00fcdische Musik (EZJM)<\/a> of the Hannover university and the Academic Wing of the European Cantors Association.<\/p>\n<p>It is supported by the UCLA Lowell Milken for American Jewish music of the Herb Alpert School of Music, the Leeds university and the <a href=\"https:\/\/www.iemj.org\/en\/jewish-music-institute-2\/\" target=\"_blank\" rel=\"noopener\">Jewish Music Institute SOAS<\/a>, of the London university.<\/p>\n<p><strong>It should be noted that Herv\u00e9 Roten&#8217;s conference, Director of the European Institute of Jewish Music, will be held on Sunday September 12, 2019 at 9h30, and called : &#8220;Psalm recitation in the Spanish-Portuguese rite (France): formulation processes and musical syntax&#8221;.<\/strong><\/p>\n<p><a href=\"https:\/\/www.ezjm.hmtm-hannover.de\/fileadmin\/www.ezjm\/Konferenzen\/M_SII_Programme_September_2019.pdf\">Read the whole program<\/a><br \/>\n<a href=\"https:\/\/www.ezjm.hmtm-hannover.de\/fileadmin\/www.ezjm\/Konferenzen\/MSII_Information_sheet_for_Conference_delegates.pdf\">Other practical information<\/a><\/p>\n<p><strong>Reservations &amp; information :<\/strong><br \/>\nhttps:\/\/www.ezjm.hmtm-hannover.de\/de\/aktuelles\/meldungen\/magnified-and-sanctified\/<br \/>\n<a href=\"conference.ezjm@hmtm-hannover.de\">conference.ezjm@hmtm-hannover.de<\/a><\/p>\n","protected":false},"excerpt":{"rendered":"<p>This new edition results of the success of the first edition dedicated the music of Jewish prayer, which took place at the Leeds university (England) in 2015. This year&#8217;s symposium<\/p>\n","protected":false},"author":1048,"featured_media":24459,"comment_status":"open","ping_status":"open","sticky":false,"template":"","format":"standard","meta":{"_acf_changed":false,"footnotes":""},"categories":[1369,1373],"tags":[],"technique":[],"squelettes":[],"sujet":[],"formation":[],"genre":[],"fonds":[],"tradition":[],"type-de-contenu":[],"interprete-compositeur":[],"frise":[],"type-devenement":[],"tableaux-liens-externes":[],"class_list":["post-24461","post","type-post","status-publish","format-standard","has-post-thumbnail","hentry","category-events-en","category-seminar-en"],"acf":[],"yoast_head":"<!-- This site is optimized with the Yoast SEO plugin v27.3 - https:\/\/yoast.com\/product\/yoast-seo-wordpress\/ -->\n<title>Symposium in Hannover : Magnified and Sanctified, The Music of Jewish Prayer - Institut Europ\u00e9en des Musiques Juives<\/title>\n<meta name=\"robots\" content=\"noindex, follow\" \/>\n<meta property=\"og:locale\" content=\"en_US\" \/>\n<meta property=\"og:type\" content=\"article\" \/>\n<meta property=\"og:title\" content=\"Symposium in Hannover : Magnified and Sanctified, The Music of Jewish Prayer - Institut Europ\u00e9en des Musiques Juives\" \/>\n<meta property=\"og:description\" content=\"This new edition results of the success of the first edition dedicated the music of Jewish prayer, which took place at the Leeds university (England) in 2015. This year&#8217;s symposium\" \/>\n<meta property=\"og:url\" content=\"https:\/\/www.iemj.org\/en\/symposium-in-hannover-magnified-and-sanctified-the-music-of-jewish-prayer-ii\/\" \/>\n<meta property=\"og:site_name\" content=\"Institut Europ\u00e9en des Musiques Juives\" \/>\n<meta property=\"article:publisher\" content=\"https:\/\/www.facebook.com\/MusiquesJuives\/\" \/>\n<meta property=\"article:published_time\" content=\"2019-06-25T12:55:17+00:00\" \/>\n<meta property=\"article:modified_time\" content=\"2022-01-25T11:22:01+00:00\" \/>\n<meta property=\"og:image\" content=\"https:\/\/www.iemj.org\/wp-content\/uploads\/2019\/06\/arton4235.png\" \/>\n\t<meta property=\"og:image:width\" content=\"327\" \/>\n\t<meta property=\"og:image:height\" content=\"521\" \/>\n\t<meta property=\"og:image:type\" content=\"image\/png\" \/>\n<meta name=\"author\" content=\"Jean-Gabriel Davis\" \/>\n<meta name=\"twitter:card\" content=\"summary_large_image\" \/>\n<meta name=\"twitter:label1\" content=\"Written by\" \/>\n\t<meta name=\"twitter:data1\" content=\"Jean-Gabriel Davis\" \/>\n\t<meta name=\"twitter:label2\" content=\"Est. reading time\" \/>\n\t<meta name=\"twitter:data2\" content=\"1 minute\" \/>\n<script type=\"application\/ld+json\" class=\"yoast-schema-graph\">{\"@context\":\"https:\\\/\\\/schema.org\",\"@graph\":[{\"@type\":\"Article\",\"@id\":\"https:\\\/\\\/www.iemj.org\\\/en\\\/symposium-in-hannover-magnified-and-sanctified-the-music-of-jewish-prayer-ii\\\/#article\",\"isPartOf\":{\"@id\":\"https:\\\/\\\/www.iemj.org\\\/en\\\/symposium-in-hannover-magnified-and-sanctified-the-music-of-jewish-prayer-ii\\\/\"},\"author\":{\"name\":\"Jean-Gabriel Davis\",\"@id\":\"https:\\\/\\\/www.iemj.org\\\/en\\\/#\\\/schema\\\/person\\\/c9bc1c386a3749579a2d675e72a18666\"},\"headline\":\"Symposium in Hannover : Magnified and Sanctified, The Music of Jewish Prayer\",\"datePublished\":\"2019-06-25T12:55:17+00:00\",\"dateModified\":\"2022-01-25T11:22:01+00:00\",\"mainEntityOfPage\":{\"@id\":\"https:\\\/\\\/www.iemj.org\\\/en\\\/symposium-in-hannover-magnified-and-sanctified-the-music-of-jewish-prayer-ii\\\/\"},\"wordCount\":161,\"commentCount\":0,\"publisher\":{\"@id\":\"https:\\\/\\\/www.iemj.org\\\/en\\\/#organization\"},\"image\":{\"@id\":\"https:\\\/\\\/www.iemj.org\\\/en\\\/symposium-in-hannover-magnified-and-sanctified-the-music-of-jewish-prayer-ii\\\/#primaryimage\"},\"thumbnailUrl\":\"https:\\\/\\\/www.iemj.org\\\/wp-content\\\/uploads\\\/2019\\\/06\\\/arton4235.png\",\"articleSection\":[\"Events\",\"Seminar\"],\"inLanguage\":\"en-US\",\"potentialAction\":[{\"@type\":\"CommentAction\",\"name\":\"Comment\",\"target\":[\"https:\\\/\\\/www.iemj.org\\\/en\\\/symposium-in-hannover-magnified-and-sanctified-the-music-of-jewish-prayer-ii\\\/#respond\"]}]},{\"@type\":\"WebPage\",\"@id\":\"https:\\\/\\\/www.iemj.org\\\/en\\\/symposium-in-hannover-magnified-and-sanctified-the-music-of-jewish-prayer-ii\\\/\",\"url\":\"https:\\\/\\\/www.iemj.org\\\/en\\\/symposium-in-hannover-magnified-and-sanctified-the-music-of-jewish-prayer-ii\\\/\",\"name\":\"Symposium in Hannover : Magnified and Sanctified, The Music of Jewish Prayer - Institut Europ\u00e9en des Musiques Juives\",\"isPartOf\":{\"@id\":\"https:\\\/\\\/www.iemj.org\\\/en\\\/#website\"},\"primaryImageOfPage\":{\"@id\":\"https:\\\/\\\/www.iemj.org\\\/en\\\/symposium-in-hannover-magnified-and-sanctified-the-music-of-jewish-prayer-ii\\\/#primaryimage\"},\"image\":{\"@id\":\"https:\\\/\\\/www.iemj.org\\\/en\\\/symposium-in-hannover-magnified-and-sanctified-the-music-of-jewish-prayer-ii\\\/#primaryimage\"},\"thumbnailUrl\":\"https:\\\/\\\/www.iemj.org\\\/wp-content\\\/uploads\\\/2019\\\/06\\\/arton4235.png\",\"datePublished\":\"2019-06-25T12:55:17+00:00\",\"dateModified\":\"2022-01-25T11:22:01+00:00\",\"breadcrumb\":{\"@id\":\"https:\\\/\\\/www.iemj.org\\\/en\\\/symposium-in-hannover-magnified-and-sanctified-the-music-of-jewish-prayer-ii\\\/#breadcrumb\"},\"inLanguage\":\"en-US\",\"potentialAction\":[{\"@type\":\"ReadAction\",\"target\":[\"https:\\\/\\\/www.iemj.org\\\/en\\\/symposium-in-hannover-magnified-and-sanctified-the-music-of-jewish-prayer-ii\\\/\"]}]},{\"@type\":\"ImageObject\",\"inLanguage\":\"en-US\",\"@id\":\"https:\\\/\\\/www.iemj.org\\\/en\\\/symposium-in-hannover-magnified-and-sanctified-the-music-of-jewish-prayer-ii\\\/#primaryimage\",\"url\":\"https:\\\/\\\/www.iemj.org\\\/wp-content\\\/uploads\\\/2019\\\/06\\\/arton4235.png\",\"contentUrl\":\"https:\\\/\\\/www.iemj.org\\\/wp-content\\\/uploads\\\/2019\\\/06\\\/arton4235.png\",\"width\":327,\"height\":521},{\"@type\":\"BreadcrumbList\",\"@id\":\"https:\\\/\\\/www.iemj.org\\\/en\\\/symposium-in-hannover-magnified-and-sanctified-the-music-of-jewish-prayer-ii\\\/#breadcrumb\",\"itemListElement\":[{\"@type\":\"ListItem\",\"position\":1,\"name\":\"Accueil\",\"item\":\"https:\\\/\\\/www.iemj.org\\\/en\\\/\"},{\"@type\":\"ListItem\",\"position\":2,\"name\":\"Symposium in Hannover : Magnified and Sanctified, The Music of Jewish Prayer\"}]},{\"@type\":\"WebSite\",\"@id\":\"https:\\\/\\\/www.iemj.org\\\/en\\\/#website\",\"url\":\"https:\\\/\\\/www.iemj.org\\\/en\\\/\",\"name\":\"Institut Europ\u00e9en des Musiques Juives\",\"description\":\"Des traditions musicales \u00e0 la port\u00e9e de tous\",\"publisher\":{\"@id\":\"https:\\\/\\\/www.iemj.org\\\/en\\\/#organization\"},\"potentialAction\":[{\"@type\":\"SearchAction\",\"target\":{\"@type\":\"EntryPoint\",\"urlTemplate\":\"https:\\\/\\\/www.iemj.org\\\/en\\\/?s={search_term_string}\"},\"query-input\":{\"@type\":\"PropertyValueSpecification\",\"valueRequired\":true,\"valueName\":\"search_term_string\"}}],\"inLanguage\":\"en-US\"},{\"@type\":\"Organization\",\"@id\":\"https:\\\/\\\/www.iemj.org\\\/en\\\/#organization\",\"name\":\"Institut Europ\u00e9en des Musiques Juives\",\"url\":\"https:\\\/\\\/www.iemj.org\\\/en\\\/\",\"logo\":{\"@type\":\"ImageObject\",\"inLanguage\":\"en-US\",\"@id\":\"https:\\\/\\\/www.iemj.org\\\/en\\\/#\\\/schema\\\/logo\\\/image\\\/\",\"url\":\"https:\\\/\\\/www.iemj.org\\\/wp-content\\\/uploads\\\/2021\\\/09\\\/Logo-IEMJ-Paypal.jpg\",\"contentUrl\":\"https:\\\/\\\/www.iemj.org\\\/wp-content\\\/uploads\\\/2021\\\/09\\\/Logo-IEMJ-Paypal.jpg\",\"width\":150,\"height\":50,\"caption\":\"Institut Europ\u00e9en des Musiques Juives\"},\"image\":{\"@id\":\"https:\\\/\\\/www.iemj.org\\\/en\\\/#\\\/schema\\\/logo\\\/image\\\/\"},\"sameAs\":[\"https:\\\/\\\/www.facebook.com\\\/MusiquesJuives\\\/\",\"https:\\\/\\\/www.instagram.com\\\/musiquesjuives\\\/\",\"https:\\\/\\\/www.youtube.com\\\/user\\\/musiquesjuives\"]},{\"@type\":\"Person\",\"@id\":\"https:\\\/\\\/www.iemj.org\\\/en\\\/#\\\/schema\\\/person\\\/c9bc1c386a3749579a2d675e72a18666\",\"name\":\"Jean-Gabriel Davis\",\"image\":{\"@type\":\"ImageObject\",\"inLanguage\":\"en-US\",\"@id\":\"https:\\\/\\\/secure.gravatar.com\\\/avatar\\\/2b90d67bdf392c9b3a21fab87c0fa7edaf1fb3a058172a1ffd61033fcec7aec1?s=96&d=mm&r=g\",\"url\":\"https:\\\/\\\/secure.gravatar.com\\\/avatar\\\/2b90d67bdf392c9b3a21fab87c0fa7edaf1fb3a058172a1ffd61033fcec7aec1?s=96&d=mm&r=g\",\"contentUrl\":\"https:\\\/\\\/secure.gravatar.com\\\/avatar\\\/2b90d67bdf392c9b3a21fab87c0fa7edaf1fb3a058172a1ffd61033fcec7aec1?s=96&d=mm&r=g\",\"caption\":\"Jean-Gabriel Davis\"}}]}<\/script>\n<!-- \/ Yoast SEO plugin. -->","yoast_head_json":{"title":"Symposium in Hannover : Magnified and Sanctified, The Music of Jewish Prayer - Institut Europ\u00e9en des Musiques Juives","robots":{"index":"noindex","follow":"follow"},"og_locale":"en_US","og_type":"article","og_title":"Symposium in Hannover : Magnified and Sanctified, The Music of Jewish Prayer - Institut Europ\u00e9en des Musiques Juives","og_description":"This new edition results of the success of the first edition dedicated the music of Jewish prayer, which took place at the Leeds university (England) in 2015. This year&#8217;s symposium","og_url":"https:\/\/www.iemj.org\/en\/symposium-in-hannover-magnified-and-sanctified-the-music-of-jewish-prayer-ii\/","og_site_name":"Institut Europ\u00e9en des Musiques Juives","article_publisher":"https:\/\/www.facebook.com\/MusiquesJuives\/","article_published_time":"2019-06-25T12:55:17+00:00","article_modified_time":"2022-01-25T11:22:01+00:00","og_image":[{"width":327,"height":521,"url":"https:\/\/www.iemj.org\/wp-content\/uploads\/2019\/06\/arton4235.png","type":"image\/png"}],"author":"Jean-Gabriel Davis","twitter_card":"summary_large_image","twitter_misc":{"Written by":"Jean-Gabriel Davis","Est. reading time":"1 minute"},"schema":{"@context":"https:\/\/schema.org","@graph":[{"@type":"Article","@id":"https:\/\/www.iemj.org\/en\/symposium-in-hannover-magnified-and-sanctified-the-music-of-jewish-prayer-ii\/#article","isPartOf":{"@id":"https:\/\/www.iemj.org\/en\/symposium-in-hannover-magnified-and-sanctified-the-music-of-jewish-prayer-ii\/"},"author":{"name":"Jean-Gabriel Davis","@id":"https:\/\/www.iemj.org\/en\/#\/schema\/person\/c9bc1c386a3749579a2d675e72a18666"},"headline":"Symposium in Hannover : Magnified and Sanctified, The Music of Jewish Prayer","datePublished":"2019-06-25T12:55:17+00:00","dateModified":"2022-01-25T11:22:01+00:00","mainEntityOfPage":{"@id":"https:\/\/www.iemj.org\/en\/symposium-in-hannover-magnified-and-sanctified-the-music-of-jewish-prayer-ii\/"},"wordCount":161,"commentCount":0,"publisher":{"@id":"https:\/\/www.iemj.org\/en\/#organization"},"image":{"@id":"https:\/\/www.iemj.org\/en\/symposium-in-hannover-magnified-and-sanctified-the-music-of-jewish-prayer-ii\/#primaryimage"},"thumbnailUrl":"https:\/\/www.iemj.org\/wp-content\/uploads\/2019\/06\/arton4235.png","articleSection":["Events","Seminar"],"inLanguage":"en-US","potentialAction":[{"@type":"CommentAction","name":"Comment","target":["https:\/\/www.iemj.org\/en\/symposium-in-hannover-magnified-and-sanctified-the-music-of-jewish-prayer-ii\/#respond"]}]},{"@type":"WebPage","@id":"https:\/\/www.iemj.org\/en\/symposium-in-hannover-magnified-and-sanctified-the-music-of-jewish-prayer-ii\/","url":"https:\/\/www.iemj.org\/en\/symposium-in-hannover-magnified-and-sanctified-the-music-of-jewish-prayer-ii\/","name":"Symposium in Hannover : Magnified and Sanctified, The Music of Jewish Prayer - Institut Europ\u00e9en des Musiques Juives","isPartOf":{"@id":"https:\/\/www.iemj.org\/en\/#website"},"primaryImageOfPage":{"@id":"https:\/\/www.iemj.org\/en\/symposium-in-hannover-magnified-and-sanctified-the-music-of-jewish-prayer-ii\/#primaryimage"},"image":{"@id":"https:\/\/www.iemj.org\/en\/symposium-in-hannover-magnified-and-sanctified-the-music-of-jewish-prayer-ii\/#primaryimage"},"thumbnailUrl":"https:\/\/www.iemj.org\/wp-content\/uploads\/2019\/06\/arton4235.png","datePublished":"2019-06-25T12:55:17+00:00","dateModified":"2022-01-25T11:22:01+00:00","breadcrumb":{"@id":"https:\/\/www.iemj.org\/en\/symposium-in-hannover-magnified-and-sanctified-the-music-of-jewish-prayer-ii\/#breadcrumb"},"inLanguage":"en-US","potentialAction":[{"@type":"ReadAction","target":["https:\/\/www.iemj.org\/en\/symposium-in-hannover-magnified-and-sanctified-the-music-of-jewish-prayer-ii\/"]}]},{"@type":"ImageObject","inLanguage":"en-US","@id":"https:\/\/www.iemj.org\/en\/symposium-in-hannover-magnified-and-sanctified-the-music-of-jewish-prayer-ii\/#primaryimage","url":"https:\/\/www.iemj.org\/wp-content\/uploads\/2019\/06\/arton4235.png","contentUrl":"https:\/\/www.iemj.org\/wp-content\/uploads\/2019\/06\/arton4235.png","width":327,"height":521},{"@type":"BreadcrumbList","@id":"https:\/\/www.iemj.org\/en\/symposium-in-hannover-magnified-and-sanctified-the-music-of-jewish-prayer-ii\/#breadcrumb","itemListElement":[{"@type":"ListItem","position":1,"name":"Accueil","item":"https:\/\/www.iemj.org\/en\/"},{"@type":"ListItem","position":2,"name":"Symposium in Hannover : Magnified and Sanctified, The Music of Jewish Prayer"}]},{"@type":"WebSite","@id":"https:\/\/www.iemj.org\/en\/#website","url":"https:\/\/www.iemj.org\/en\/","name":"Institut Europ\u00e9en des Musiques Juives","description":"Des traditions musicales \u00e0 la port\u00e9e de tous","publisher":{"@id":"https:\/\/www.iemj.org\/en\/#organization"},"potentialAction":[{"@type":"SearchAction","target":{"@type":"EntryPoint","urlTemplate":"https:\/\/www.iemj.org\/en\/?s={search_term_string}"},"query-input":{"@type":"PropertyValueSpecification","valueRequired":true,"valueName":"search_term_string"}}],"inLanguage":"en-US"},{"@type":"Organization","@id":"https:\/\/www.iemj.org\/en\/#organization","name":"Institut Europ\u00e9en des Musiques Juives","url":"https:\/\/www.iemj.org\/en\/","logo":{"@type":"ImageObject","inLanguage":"en-US","@id":"https:\/\/www.iemj.org\/en\/#\/schema\/logo\/image\/","url":"https:\/\/www.iemj.org\/wp-content\/uploads\/2021\/09\/Logo-IEMJ-Paypal.jpg","contentUrl":"https:\/\/www.iemj.org\/wp-content\/uploads\/2021\/09\/Logo-IEMJ-Paypal.jpg","width":150,"height":50,"caption":"Institut Europ\u00e9en des Musiques Juives"},"image":{"@id":"https:\/\/www.iemj.org\/en\/#\/schema\/logo\/image\/"},"sameAs":["https:\/\/www.facebook.com\/MusiquesJuives\/","https:\/\/www.instagram.com\/musiquesjuives\/","https:\/\/www.youtube.com\/user\/musiquesjuives"]},{"@type":"Person","@id":"https:\/\/www.iemj.org\/en\/#\/schema\/person\/c9bc1c386a3749579a2d675e72a18666","name":"Jean-Gabriel Davis","image":{"@type":"ImageObject","inLanguage":"en-US","@id":"https:\/\/secure.gravatar.com\/avatar\/2b90d67bdf392c9b3a21fab87c0fa7edaf1fb3a058172a1ffd61033fcec7aec1?s=96&d=mm&r=g","url":"https:\/\/secure.gravatar.com\/avatar\/2b90d67bdf392c9b3a21fab87c0fa7edaf1fb3a058172a1ffd61033fcec7aec1?s=96&d=mm&r=g","contentUrl":"https:\/\/secure.gravatar.com\/avatar\/2b90d67bdf392c9b3a21fab87c0fa7edaf1fb3a058172a1ffd61033fcec7aec1?s=96&d=mm&r=g","caption":"Jean-Gabriel Davis"}}]}},"_links":{"self":[{"href":"https:\/\/www.iemj.org\/en\/wp-json\/wp\/v2\/posts\/24461","targetHints":{"allow":["GET"]}}],"collection":[{"href":"https:\/\/www.iemj.org\/en\/wp-json\/wp\/v2\/posts"}],"about":[{"href":"https:\/\/www.iemj.org\/en\/wp-json\/wp\/v2\/types\/post"}],"author":[{"embeddable":true,"href":"https:\/\/www.iemj.org\/en\/wp-json\/wp\/v2\/users\/1048"}],"replies":[{"embeddable":true,"href":"https:\/\/www.iemj.org\/en\/wp-json\/wp\/v2\/comments?post=24461"}],"version-history":[{"count":0,"href":"https:\/\/www.iemj.org\/en\/wp-json\/wp\/v2\/posts\/24461\/revisions"}],"wp:featuredmedia":[{"embeddable":true,"href":"https:\/\/www.iemj.org\/en\/wp-json\/wp\/v2\/media\/24459"}],"wp:attachment":[{"href":"https:\/\/www.iemj.org\/en\/wp-json\/wp\/v2\/media?parent=24461"}],"wp:term":[{"taxonomy":"category","embeddable":true,"href":"https:\/\/www.iemj.org\/en\/wp-json\/wp\/v2\/categories?post=24461"},{"taxonomy":"post_tag","embeddable":true,"href":"https:\/\/www.iemj.org\/en\/wp-json\/wp\/v2\/tags?post=24461"},{"taxonomy":"technique","embeddable":true,"href":"https:\/\/www.iemj.org\/en\/wp-json\/wp\/v2\/technique?post=24461"},{"taxonomy":"squelettes","embeddable":true,"href":"https:\/\/www.iemj.org\/en\/wp-json\/wp\/v2\/squelettes?post=24461"},{"taxonomy":"sujet","embeddable":true,"href":"https:\/\/www.iemj.org\/en\/wp-json\/wp\/v2\/sujet?post=24461"},{"taxonomy":"formation","embeddable":true,"href":"https:\/\/www.iemj.org\/en\/wp-json\/wp\/v2\/formation?post=24461"},{"taxonomy":"genre","embeddable":true,"href":"https:\/\/www.iemj.org\/en\/wp-json\/wp\/v2\/genre?post=24461"},{"taxonomy":"fonds","embeddable":true,"href":"https:\/\/www.iemj.org\/en\/wp-json\/wp\/v2\/fonds?post=24461"},{"taxonomy":"tradition","embeddable":true,"href":"https:\/\/www.iemj.org\/en\/wp-json\/wp\/v2\/tradition?post=24461"},{"taxonomy":"type-de-contenu","embeddable":true,"href":"https:\/\/www.iemj.org\/en\/wp-json\/wp\/v2\/type-de-contenu?post=24461"},{"taxonomy":"interprete-compositeur","embeddable":true,"href":"https:\/\/www.iemj.org\/en\/wp-json\/wp\/v2\/interprete-compositeur?post=24461"},{"taxonomy":"frise","embeddable":true,"href":"https:\/\/www.iemj.org\/en\/wp-json\/wp\/v2\/frise?post=24461"},{"taxonomy":"type-devenement","embeddable":true,"href":"https:\/\/www.iemj.org\/en\/wp-json\/wp\/v2\/type-devenement?post=24461"},{"taxonomy":"tableaux-liens-externes","embeddable":true,"href":"https:\/\/www.iemj.org\/en\/wp-json\/wp\/v2\/tableaux-liens-externes?post=24461"}],"curies":[{"name":"wp","href":"https:\/\/api.w.org\/{rel}","templated":true}]}}