{"id":24479,"date":"2019-06-26T10:56:37","date_gmt":"2019-06-26T08:56:37","guid":{"rendered":"https:\/\/www.iemj.org\/2019\/06\/26\/ledor-vador-zeidel-rovner-a-musical-phenomenon-of-the-xxth-centurys-orthodoxy\/"},"modified":"2025-09-24T10:38:13","modified_gmt":"2025-09-24T08:38:13","slug":"ledor-vador-zeidel-rovner-a-musical-phenomenon-of-the-xxth-centurys-orthodoxy","status":"publish","type":"post","link":"https:\/\/www.iemj.org\/en\/ledor-vador-zeidel-rovner-a-musical-phenomenon-of-the-xxth-centurys-orthodoxy\/","title":{"rendered":"Ledor Vador : Zeidel Rovner, a musical phenomenon of the XXth century&#8217;s orthodoxy"},"content":{"rendered":"<p class=\"post_excerpt\"><strong>Ledor Vador &#8211; May 27, 2018, Radio Juda\u00efca Strasbourg (102.9 FM)<\/strong><br \/><span style=\"color: #0ca0c6;\"><b><strong>Broadcast 34<\/strong><\/b><\/span><\/p>\n<p><!--more--><\/p>\n<p>This 34th program of Ledor Vador, hosted by Hector Sabo, is dedicated to the history of \u00ab Jewish Music \u00bb in USA in the 20th century and particularly to the composer, <img decoding=\"async\" class=\"wp-image-24434 alignright\" src=\"https:\/\/www.iemj.org\/wp-content\/uploads\/2019\/06\/zeidel.jpg\" alt=\"\" width=\"129\" height=\"184\" \/>cantor and conductor <a href=\"http:\/\/worldcat.org\/identities\/viaf-164158384\/\">Zeidel Rovner<\/a>.<\/p>\n<p>\u00a0<\/p>\n<p>\u00a0<\/p>\n<p>\u00a0<\/p>\n<p><em><img decoding=\"async\" class=\" alignleft size-full wp-image-25814\" src=\"https:\/\/www.iemj.org\/wp-content\/uploads\/2019\/10\/hector_sabo_def-2.jpg\" sizes=\"(max-width: 136px) 100vw, 136px\" srcset=\"https:\/\/www.iemj.org\/wp-content\/uploads\/2019\/10\/hector_sabo_def-2.jpg 136w, https:\/\/www.iemj.org\/wp-content\/uploads\/2019\/10\/hector_sabo_def-2-100x100.jpg 100w\" alt=\"hector_sabo_def-2.jpg\" width=\"136\" height=\"137\" align=\"left\" \/><a href=\"https:\/\/www.iemj.org\/en\/sabo-hector\/\" target=\"_blank\" rel=\"noopener\">Hector Sabo<\/a> is a musician, composer (piano, organ, harpsichord) and choirmaster, today in charge of the musical direction of the chorals of the Great Synagogue of Strasbourg.<\/em><\/p>\n\n\n<h2 class=\"wp-block-heading\"><\/h2>\n\n\n<div class=\"wp-block-image\">\n<figure class=\"aligncenter size-large\"><img fetchpriority=\"high\" decoding=\"async\" width=\"1024\" height=\"133\" src=\"https:\/\/www.iemj.org\/wp-content\/uploads\/2024\/03\/AUDIO-PLAYER-1024x133.png\" alt=\"\" class=\"wp-image-110607\" srcset=\"https:\/\/www.iemj.org\/wp-content\/uploads\/2024\/03\/AUDIO-PLAYER-1024x133.png 1024w, https:\/\/www.iemj.org\/wp-content\/uploads\/2024\/03\/AUDIO-PLAYER-300x39.png 300w, https:\/\/www.iemj.org\/wp-content\/uploads\/2024\/03\/AUDIO-PLAYER-768x100.png 768w, https:\/\/www.iemj.org\/wp-content\/uploads\/2024\/03\/AUDIO-PLAYER-600x78.png 600w, https:\/\/www.iemj.org\/wp-content\/uploads\/2024\/03\/AUDIO-PLAYER.png 1210w\" sizes=\"(max-width: 1024px) 100vw, 1024px\" \/><\/figure>\n<\/div>\n\n\n<div class=\"wp-block-file\"><a href=\"https:\/\/www.iemj.org\/wp-content\/uploads\/2019\/06\/34._20_radio_judaica_rubrique_-_ledor_vador_34_2018_05_13_-_1.mp3\">Zeidel Rovner &#8211; Hector Sabo (Radio Juda\u00efca Strasbourg)<\/a><\/div>\n\n\n\n<p><\/p>\n","protected":false},"excerpt":{"rendered":"<p>Ledor Vador &#8211; May 27, 2018, Radio Juda\u00efca Strasbourg (102.9 FM)Broadcast 34<\/p>\n","protected":false},"author":1048,"featured_media":24477,"comment_status":"closed","ping_status":"open","sticky":false,"template":"","format":"standard","meta":{"_acf_changed":false,"footnotes":""},"categories":[2161,899],"tags":[],"technique":[],"squelettes":[],"sujet":[],"formation":[],"genre":[],"fonds":[],"tradition":[],"type-de-contenu":[],"interprete-compositeur":[],"frise":[],"type-devenement":[],"tableaux-liens-externes":[],"class_list":["post-24479","post","type-post","status-publish","format-standard","has-post-thumbnail","hentry","category-hector-sabos-programs-en","category-radio-programs-en"],"acf":[],"yoast_head":"<!-- This site is optimized with the Yoast SEO plugin v27.3 - https:\/\/yoast.com\/product\/yoast-seo-wordpress\/ -->\n<title>Ledor Vador : Zeidel Rovner, a musical phenomenon of the XXth century&#039;s orthodoxy - Institut Europ\u00e9en des Musiques Juives<\/title>\n<meta name=\"robots\" content=\"index, follow, max-snippet:-1, max-image-preview:large, max-video-preview:-1\" \/>\n<link rel=\"canonical\" href=\"https:\/\/www.iemj.org\/en\/ledor-vador-zeidel-rovner-a-musical-phenomenon-of-the-xxth-centurys-orthodoxy\/\" \/>\n<meta property=\"og:locale\" content=\"en_US\" \/>\n<meta property=\"og:type\" content=\"article\" \/>\n<meta property=\"og:title\" content=\"Ledor Vador : Zeidel Rovner, a musical phenomenon of the XXth century&#039;s orthodoxy - Institut Europ\u00e9en des Musiques Juives\" \/>\n<meta property=\"og:description\" content=\"Ledor Vador &#8211; May 27, 2018, Radio Juda\u00efca Strasbourg (102.9 FM)Broadcast 34\" \/>\n<meta property=\"og:url\" content=\"https:\/\/www.iemj.org\/en\/ledor-vador-zeidel-rovner-a-musical-phenomenon-of-the-xxth-centurys-orthodoxy\/\" \/>\n<meta property=\"og:site_name\" content=\"Institut Europ\u00e9en des Musiques Juives\" \/>\n<meta property=\"article:publisher\" content=\"https:\/\/www.facebook.com\/MusiquesJuives\/\" \/>\n<meta property=\"article:published_time\" content=\"2019-06-26T08:56:37+00:00\" \/>\n<meta property=\"article:modified_time\" content=\"2025-09-24T08:38:13+00:00\" \/>\n<meta property=\"og:image\" content=\"https:\/\/www.iemj.org\/wp-content\/uploads\/2019\/06\/arton4239.jpg\" \/>\n\t<meta property=\"og:image:width\" content=\"200\" \/>\n\t<meta property=\"og:image:height\" content=\"200\" \/>\n\t<meta property=\"og:image:type\" content=\"image\/jpeg\" \/>\n<meta name=\"author\" content=\"Jean-Gabriel Davis\" \/>\n<meta name=\"twitter:card\" content=\"summary_large_image\" \/>\n<meta name=\"twitter:label1\" content=\"Written by\" \/>\n\t<meta name=\"twitter:data1\" content=\"Jean-Gabriel Davis\" \/>\n\t<meta name=\"twitter:label2\" content=\"Est. reading time\" \/>\n\t<meta name=\"twitter:data2\" content=\"2 minutes\" \/>\n<script type=\"application\/ld+json\" class=\"yoast-schema-graph\">{\"@context\":\"https:\\\/\\\/schema.org\",\"@graph\":[{\"@type\":\"Article\",\"@id\":\"https:\\\/\\\/www.iemj.org\\\/en\\\/ledor-vador-zeidel-rovner-a-musical-phenomenon-of-the-xxth-centurys-orthodoxy\\\/#article\",\"isPartOf\":{\"@id\":\"https:\\\/\\\/www.iemj.org\\\/en\\\/ledor-vador-zeidel-rovner-a-musical-phenomenon-of-the-xxth-centurys-orthodoxy\\\/\"},\"author\":{\"name\":\"Jean-Gabriel Davis\",\"@id\":\"https:\\\/\\\/www.iemj.org\\\/en\\\/#\\\/schema\\\/person\\\/c9bc1c386a3749579a2d675e72a18666\"},\"headline\":\"Ledor Vador : Zeidel Rovner, a musical phenomenon of the XXth century&#8217;s orthodoxy\",\"datePublished\":\"2019-06-26T08:56:37+00:00\",\"dateModified\":\"2025-09-24T08:38:13+00:00\",\"mainEntityOfPage\":{\"@id\":\"https:\\\/\\\/www.iemj.org\\\/en\\\/ledor-vador-zeidel-rovner-a-musical-phenomenon-of-the-xxth-centurys-orthodoxy\\\/\"},\"wordCount\":93,\"publisher\":{\"@id\":\"https:\\\/\\\/www.iemj.org\\\/en\\\/#organization\"},\"image\":{\"@id\":\"https:\\\/\\\/www.iemj.org\\\/en\\\/ledor-vador-zeidel-rovner-a-musical-phenomenon-of-the-xxth-centurys-orthodoxy\\\/#primaryimage\"},\"thumbnailUrl\":\"https:\\\/\\\/www.iemj.org\\\/wp-content\\\/uploads\\\/2019\\\/06\\\/arton4239.jpg\",\"articleSection\":[\"Hector Sabo's Programs\",\"Radio programs\"],\"inLanguage\":\"en-US\"},{\"@type\":\"WebPage\",\"@id\":\"https:\\\/\\\/www.iemj.org\\\/en\\\/ledor-vador-zeidel-rovner-a-musical-phenomenon-of-the-xxth-centurys-orthodoxy\\\/\",\"url\":\"https:\\\/\\\/www.iemj.org\\\/en\\\/ledor-vador-zeidel-rovner-a-musical-phenomenon-of-the-xxth-centurys-orthodoxy\\\/\",\"name\":\"Ledor Vador : Zeidel Rovner, a musical phenomenon of the XXth century's orthodoxy - Institut Europ\u00e9en des Musiques Juives\",\"isPartOf\":{\"@id\":\"https:\\\/\\\/www.iemj.org\\\/en\\\/#website\"},\"primaryImageOfPage\":{\"@id\":\"https:\\\/\\\/www.iemj.org\\\/en\\\/ledor-vador-zeidel-rovner-a-musical-phenomenon-of-the-xxth-centurys-orthodoxy\\\/#primaryimage\"},\"image\":{\"@id\":\"https:\\\/\\\/www.iemj.org\\\/en\\\/ledor-vador-zeidel-rovner-a-musical-phenomenon-of-the-xxth-centurys-orthodoxy\\\/#primaryimage\"},\"thumbnailUrl\":\"https:\\\/\\\/www.iemj.org\\\/wp-content\\\/uploads\\\/2019\\\/06\\\/arton4239.jpg\",\"datePublished\":\"2019-06-26T08:56:37+00:00\",\"dateModified\":\"2025-09-24T08:38:13+00:00\",\"breadcrumb\":{\"@id\":\"https:\\\/\\\/www.iemj.org\\\/en\\\/ledor-vador-zeidel-rovner-a-musical-phenomenon-of-the-xxth-centurys-orthodoxy\\\/#breadcrumb\"},\"inLanguage\":\"en-US\",\"potentialAction\":[{\"@type\":\"ReadAction\",\"target\":[\"https:\\\/\\\/www.iemj.org\\\/en\\\/ledor-vador-zeidel-rovner-a-musical-phenomenon-of-the-xxth-centurys-orthodoxy\\\/\"]}]},{\"@type\":\"ImageObject\",\"inLanguage\":\"en-US\",\"@id\":\"https:\\\/\\\/www.iemj.org\\\/en\\\/ledor-vador-zeidel-rovner-a-musical-phenomenon-of-the-xxth-centurys-orthodoxy\\\/#primaryimage\",\"url\":\"https:\\\/\\\/www.iemj.org\\\/wp-content\\\/uploads\\\/2019\\\/06\\\/arton4239.jpg\",\"contentUrl\":\"https:\\\/\\\/www.iemj.org\\\/wp-content\\\/uploads\\\/2019\\\/06\\\/arton4239.jpg\",\"width\":200,\"height\":200},{\"@type\":\"BreadcrumbList\",\"@id\":\"https:\\\/\\\/www.iemj.org\\\/en\\\/ledor-vador-zeidel-rovner-a-musical-phenomenon-of-the-xxth-centurys-orthodoxy\\\/#breadcrumb\",\"itemListElement\":[{\"@type\":\"ListItem\",\"position\":1,\"name\":\"Accueil\",\"item\":\"https:\\\/\\\/www.iemj.org\\\/en\\\/\"},{\"@type\":\"ListItem\",\"position\":2,\"name\":\"Ledor Vador : Zeidel Rovner, a musical phenomenon of the XXth century&#8217;s orthodoxy\"}]},{\"@type\":\"WebSite\",\"@id\":\"https:\\\/\\\/www.iemj.org\\\/en\\\/#website\",\"url\":\"https:\\\/\\\/www.iemj.org\\\/en\\\/\",\"name\":\"Institut Europ\u00e9en des Musiques Juives\",\"description\":\"Des traditions musicales \u00e0 la port\u00e9e de tous\",\"publisher\":{\"@id\":\"https:\\\/\\\/www.iemj.org\\\/en\\\/#organization\"},\"potentialAction\":[{\"@type\":\"SearchAction\",\"target\":{\"@type\":\"EntryPoint\",\"urlTemplate\":\"https:\\\/\\\/www.iemj.org\\\/en\\\/?s={search_term_string}\"},\"query-input\":{\"@type\":\"PropertyValueSpecification\",\"valueRequired\":true,\"valueName\":\"search_term_string\"}}],\"inLanguage\":\"en-US\"},{\"@type\":\"Organization\",\"@id\":\"https:\\\/\\\/www.iemj.org\\\/en\\\/#organization\",\"name\":\"Institut Europ\u00e9en des Musiques Juives\",\"url\":\"https:\\\/\\\/www.iemj.org\\\/en\\\/\",\"logo\":{\"@type\":\"ImageObject\",\"inLanguage\":\"en-US\",\"@id\":\"https:\\\/\\\/www.iemj.org\\\/en\\\/#\\\/schema\\\/logo\\\/image\\\/\",\"url\":\"https:\\\/\\\/www.iemj.org\\\/wp-content\\\/uploads\\\/2021\\\/09\\\/Logo-IEMJ-Paypal.jpg\",\"contentUrl\":\"https:\\\/\\\/www.iemj.org\\\/wp-content\\\/uploads\\\/2021\\\/09\\\/Logo-IEMJ-Paypal.jpg\",\"width\":150,\"height\":50,\"caption\":\"Institut Europ\u00e9en des Musiques Juives\"},\"image\":{\"@id\":\"https:\\\/\\\/www.iemj.org\\\/en\\\/#\\\/schema\\\/logo\\\/image\\\/\"},\"sameAs\":[\"https:\\\/\\\/www.facebook.com\\\/MusiquesJuives\\\/\",\"https:\\\/\\\/www.instagram.com\\\/musiquesjuives\\\/\",\"https:\\\/\\\/www.youtube.com\\\/user\\\/musiquesjuives\"]},{\"@type\":\"Person\",\"@id\":\"https:\\\/\\\/www.iemj.org\\\/en\\\/#\\\/schema\\\/person\\\/c9bc1c386a3749579a2d675e72a18666\",\"name\":\"Jean-Gabriel Davis\",\"image\":{\"@type\":\"ImageObject\",\"inLanguage\":\"en-US\",\"@id\":\"https:\\\/\\\/secure.gravatar.com\\\/avatar\\\/2b90d67bdf392c9b3a21fab87c0fa7edaf1fb3a058172a1ffd61033fcec7aec1?s=96&d=mm&r=g\",\"url\":\"https:\\\/\\\/secure.gravatar.com\\\/avatar\\\/2b90d67bdf392c9b3a21fab87c0fa7edaf1fb3a058172a1ffd61033fcec7aec1?s=96&d=mm&r=g\",\"contentUrl\":\"https:\\\/\\\/secure.gravatar.com\\\/avatar\\\/2b90d67bdf392c9b3a21fab87c0fa7edaf1fb3a058172a1ffd61033fcec7aec1?s=96&d=mm&r=g\",\"caption\":\"Jean-Gabriel Davis\"}}]}<\/script>\n<!-- \/ Yoast SEO plugin. -->","yoast_head_json":{"title":"Ledor Vador : Zeidel Rovner, a musical phenomenon of the XXth century's orthodoxy - Institut Europ\u00e9en des Musiques Juives","robots":{"index":"index","follow":"follow","max-snippet":"max-snippet:-1","max-image-preview":"max-image-preview:large","max-video-preview":"max-video-preview:-1"},"canonical":"https:\/\/www.iemj.org\/en\/ledor-vador-zeidel-rovner-a-musical-phenomenon-of-the-xxth-centurys-orthodoxy\/","og_locale":"en_US","og_type":"article","og_title":"Ledor Vador : Zeidel Rovner, a musical phenomenon of the XXth century's orthodoxy - Institut Europ\u00e9en des Musiques Juives","og_description":"Ledor Vador &#8211; May 27, 2018, Radio Juda\u00efca Strasbourg (102.9 FM)Broadcast 34","og_url":"https:\/\/www.iemj.org\/en\/ledor-vador-zeidel-rovner-a-musical-phenomenon-of-the-xxth-centurys-orthodoxy\/","og_site_name":"Institut Europ\u00e9en des Musiques Juives","article_publisher":"https:\/\/www.facebook.com\/MusiquesJuives\/","article_published_time":"2019-06-26T08:56:37+00:00","article_modified_time":"2025-09-24T08:38:13+00:00","og_image":[{"width":200,"height":200,"url":"https:\/\/www.iemj.org\/wp-content\/uploads\/2019\/06\/arton4239.jpg","type":"image\/jpeg"}],"author":"Jean-Gabriel Davis","twitter_card":"summary_large_image","twitter_misc":{"Written by":"Jean-Gabriel Davis","Est. reading time":"2 minutes"},"schema":{"@context":"https:\/\/schema.org","@graph":[{"@type":"Article","@id":"https:\/\/www.iemj.org\/en\/ledor-vador-zeidel-rovner-a-musical-phenomenon-of-the-xxth-centurys-orthodoxy\/#article","isPartOf":{"@id":"https:\/\/www.iemj.org\/en\/ledor-vador-zeidel-rovner-a-musical-phenomenon-of-the-xxth-centurys-orthodoxy\/"},"author":{"name":"Jean-Gabriel Davis","@id":"https:\/\/www.iemj.org\/en\/#\/schema\/person\/c9bc1c386a3749579a2d675e72a18666"},"headline":"Ledor Vador : Zeidel Rovner, a musical phenomenon of the XXth century&#8217;s orthodoxy","datePublished":"2019-06-26T08:56:37+00:00","dateModified":"2025-09-24T08:38:13+00:00","mainEntityOfPage":{"@id":"https:\/\/www.iemj.org\/en\/ledor-vador-zeidel-rovner-a-musical-phenomenon-of-the-xxth-centurys-orthodoxy\/"},"wordCount":93,"publisher":{"@id":"https:\/\/www.iemj.org\/en\/#organization"},"image":{"@id":"https:\/\/www.iemj.org\/en\/ledor-vador-zeidel-rovner-a-musical-phenomenon-of-the-xxth-centurys-orthodoxy\/#primaryimage"},"thumbnailUrl":"https:\/\/www.iemj.org\/wp-content\/uploads\/2019\/06\/arton4239.jpg","articleSection":["Hector Sabo's Programs","Radio programs"],"inLanguage":"en-US"},{"@type":"WebPage","@id":"https:\/\/www.iemj.org\/en\/ledor-vador-zeidel-rovner-a-musical-phenomenon-of-the-xxth-centurys-orthodoxy\/","url":"https:\/\/www.iemj.org\/en\/ledor-vador-zeidel-rovner-a-musical-phenomenon-of-the-xxth-centurys-orthodoxy\/","name":"Ledor Vador : Zeidel Rovner, a musical phenomenon of the XXth century's orthodoxy - Institut Europ\u00e9en des Musiques Juives","isPartOf":{"@id":"https:\/\/www.iemj.org\/en\/#website"},"primaryImageOfPage":{"@id":"https:\/\/www.iemj.org\/en\/ledor-vador-zeidel-rovner-a-musical-phenomenon-of-the-xxth-centurys-orthodoxy\/#primaryimage"},"image":{"@id":"https:\/\/www.iemj.org\/en\/ledor-vador-zeidel-rovner-a-musical-phenomenon-of-the-xxth-centurys-orthodoxy\/#primaryimage"},"thumbnailUrl":"https:\/\/www.iemj.org\/wp-content\/uploads\/2019\/06\/arton4239.jpg","datePublished":"2019-06-26T08:56:37+00:00","dateModified":"2025-09-24T08:38:13+00:00","breadcrumb":{"@id":"https:\/\/www.iemj.org\/en\/ledor-vador-zeidel-rovner-a-musical-phenomenon-of-the-xxth-centurys-orthodoxy\/#breadcrumb"},"inLanguage":"en-US","potentialAction":[{"@type":"ReadAction","target":["https:\/\/www.iemj.org\/en\/ledor-vador-zeidel-rovner-a-musical-phenomenon-of-the-xxth-centurys-orthodoxy\/"]}]},{"@type":"ImageObject","inLanguage":"en-US","@id":"https:\/\/www.iemj.org\/en\/ledor-vador-zeidel-rovner-a-musical-phenomenon-of-the-xxth-centurys-orthodoxy\/#primaryimage","url":"https:\/\/www.iemj.org\/wp-content\/uploads\/2019\/06\/arton4239.jpg","contentUrl":"https:\/\/www.iemj.org\/wp-content\/uploads\/2019\/06\/arton4239.jpg","width":200,"height":200},{"@type":"BreadcrumbList","@id":"https:\/\/www.iemj.org\/en\/ledor-vador-zeidel-rovner-a-musical-phenomenon-of-the-xxth-centurys-orthodoxy\/#breadcrumb","itemListElement":[{"@type":"ListItem","position":1,"name":"Accueil","item":"https:\/\/www.iemj.org\/en\/"},{"@type":"ListItem","position":2,"name":"Ledor Vador : Zeidel Rovner, a musical phenomenon of the XXth century&#8217;s orthodoxy"}]},{"@type":"WebSite","@id":"https:\/\/www.iemj.org\/en\/#website","url":"https:\/\/www.iemj.org\/en\/","name":"Institut Europ\u00e9en des Musiques Juives","description":"Des traditions musicales \u00e0 la port\u00e9e de tous","publisher":{"@id":"https:\/\/www.iemj.org\/en\/#organization"},"potentialAction":[{"@type":"SearchAction","target":{"@type":"EntryPoint","urlTemplate":"https:\/\/www.iemj.org\/en\/?s={search_term_string}"},"query-input":{"@type":"PropertyValueSpecification","valueRequired":true,"valueName":"search_term_string"}}],"inLanguage":"en-US"},{"@type":"Organization","@id":"https:\/\/www.iemj.org\/en\/#organization","name":"Institut Europ\u00e9en des Musiques Juives","url":"https:\/\/www.iemj.org\/en\/","logo":{"@type":"ImageObject","inLanguage":"en-US","@id":"https:\/\/www.iemj.org\/en\/#\/schema\/logo\/image\/","url":"https:\/\/www.iemj.org\/wp-content\/uploads\/2021\/09\/Logo-IEMJ-Paypal.jpg","contentUrl":"https:\/\/www.iemj.org\/wp-content\/uploads\/2021\/09\/Logo-IEMJ-Paypal.jpg","width":150,"height":50,"caption":"Institut Europ\u00e9en des Musiques Juives"},"image":{"@id":"https:\/\/www.iemj.org\/en\/#\/schema\/logo\/image\/"},"sameAs":["https:\/\/www.facebook.com\/MusiquesJuives\/","https:\/\/www.instagram.com\/musiquesjuives\/","https:\/\/www.youtube.com\/user\/musiquesjuives"]},{"@type":"Person","@id":"https:\/\/www.iemj.org\/en\/#\/schema\/person\/c9bc1c386a3749579a2d675e72a18666","name":"Jean-Gabriel Davis","image":{"@type":"ImageObject","inLanguage":"en-US","@id":"https:\/\/secure.gravatar.com\/avatar\/2b90d67bdf392c9b3a21fab87c0fa7edaf1fb3a058172a1ffd61033fcec7aec1?s=96&d=mm&r=g","url":"https:\/\/secure.gravatar.com\/avatar\/2b90d67bdf392c9b3a21fab87c0fa7edaf1fb3a058172a1ffd61033fcec7aec1?s=96&d=mm&r=g","contentUrl":"https:\/\/secure.gravatar.com\/avatar\/2b90d67bdf392c9b3a21fab87c0fa7edaf1fb3a058172a1ffd61033fcec7aec1?s=96&d=mm&r=g","caption":"Jean-Gabriel Davis"}}]}},"_links":{"self":[{"href":"https:\/\/www.iemj.org\/en\/wp-json\/wp\/v2\/posts\/24479","targetHints":{"allow":["GET"]}}],"collection":[{"href":"https:\/\/www.iemj.org\/en\/wp-json\/wp\/v2\/posts"}],"about":[{"href":"https:\/\/www.iemj.org\/en\/wp-json\/wp\/v2\/types\/post"}],"author":[{"embeddable":true,"href":"https:\/\/www.iemj.org\/en\/wp-json\/wp\/v2\/users\/1048"}],"replies":[{"embeddable":true,"href":"https:\/\/www.iemj.org\/en\/wp-json\/wp\/v2\/comments?post=24479"}],"version-history":[{"count":0,"href":"https:\/\/www.iemj.org\/en\/wp-json\/wp\/v2\/posts\/24479\/revisions"}],"wp:featuredmedia":[{"embeddable":true,"href":"https:\/\/www.iemj.org\/en\/wp-json\/wp\/v2\/media\/24477"}],"wp:attachment":[{"href":"https:\/\/www.iemj.org\/en\/wp-json\/wp\/v2\/media?parent=24479"}],"wp:term":[{"taxonomy":"category","embeddable":true,"href":"https:\/\/www.iemj.org\/en\/wp-json\/wp\/v2\/categories?post=24479"},{"taxonomy":"post_tag","embeddable":true,"href":"https:\/\/www.iemj.org\/en\/wp-json\/wp\/v2\/tags?post=24479"},{"taxonomy":"technique","embeddable":true,"href":"https:\/\/www.iemj.org\/en\/wp-json\/wp\/v2\/technique?post=24479"},{"taxonomy":"squelettes","embeddable":true,"href":"https:\/\/www.iemj.org\/en\/wp-json\/wp\/v2\/squelettes?post=24479"},{"taxonomy":"sujet","embeddable":true,"href":"https:\/\/www.iemj.org\/en\/wp-json\/wp\/v2\/sujet?post=24479"},{"taxonomy":"formation","embeddable":true,"href":"https:\/\/www.iemj.org\/en\/wp-json\/wp\/v2\/formation?post=24479"},{"taxonomy":"genre","embeddable":true,"href":"https:\/\/www.iemj.org\/en\/wp-json\/wp\/v2\/genre?post=24479"},{"taxonomy":"fonds","embeddable":true,"href":"https:\/\/www.iemj.org\/en\/wp-json\/wp\/v2\/fonds?post=24479"},{"taxonomy":"tradition","embeddable":true,"href":"https:\/\/www.iemj.org\/en\/wp-json\/wp\/v2\/tradition?post=24479"},{"taxonomy":"type-de-contenu","embeddable":true,"href":"https:\/\/www.iemj.org\/en\/wp-json\/wp\/v2\/type-de-contenu?post=24479"},{"taxonomy":"interprete-compositeur","embeddable":true,"href":"https:\/\/www.iemj.org\/en\/wp-json\/wp\/v2\/interprete-compositeur?post=24479"},{"taxonomy":"frise","embeddable":true,"href":"https:\/\/www.iemj.org\/en\/wp-json\/wp\/v2\/frise?post=24479"},{"taxonomy":"type-devenement","embeddable":true,"href":"https:\/\/www.iemj.org\/en\/wp-json\/wp\/v2\/type-devenement?post=24479"},{"taxonomy":"tableaux-liens-externes","embeddable":true,"href":"https:\/\/www.iemj.org\/en\/wp-json\/wp\/v2\/tableaux-liens-externes?post=24479"}],"curies":[{"name":"wp","href":"https:\/\/api.w.org\/{rel}","templated":true}]}}