{"id":24842,"date":"2013-02-17T13:07:00","date_gmt":"2013-02-17T12:07:00","guid":{"rendered":"https:\/\/www.iemj.org\/2019\/09\/26\/michel-heymann-jewish-ashkenazi-traditional-liturgy\/"},"modified":"2025-03-27T15:41:06","modified_gmt":"2025-03-27T14:41:06","slug":"michel-heymann-jewish-ashkenazi-traditional-liturgy","status":"publish","type":"post","link":"https:\/\/www.iemj.org\/en\/michel-heymann-jewish-ashkenazi-traditional-liturgy\/","title":{"rendered":"Michel Heymann \u2013 Liturgie juive achkenaze traditionnelle"},"content":{"rendered":"<p>This recording presents the main prayers of Rosh Hashana&#8217;s morning service, sung in the Ashkenazi rite of the East of France.<\/p>\n<p>The cantor Michel Heymann gave, in the beginning of 2013, all his recordings to the European Institute for Jewish Music. The EIJM thanks him warmly and is happy to present one of the seven recordings from the Michel Heymann collection, which is now preserved in our collections for future generations.<\/p>\n<p><strong>SHORT BIOGRAPHY<\/strong><br \/>Born on April 25th, 1952 in Strasbourg, Michel Heymann is the last pupil, before its definitive closure, of the school of Cantors in Paris, but he is primarly and especially the pupil of Monsieur Bertrand Joseph, former cantor in Strasbourg who taught him the synagogal art and the responsabilities related to this position.<\/p>\n<p>Michel Heymann is one of the last holders of the Ashkenazi liturgy specific to the Rhine region, and especially in Alsace and Lorraine.<\/p>\n<p>From August 1992 to April 2017, Michel Heymann was the cantor of the Jewish Community of Luxembourg. He created a new choir that sometimes accompanies him during Shabbat services or the festivals of Tichri. He is often asked for in the rest of the country and abroad to participate in official ceremonies or concerts.<\/p>\n<p><a href=\"https:\/\/www.iemj.org\/heymann-michel-1952\/\"><img fetchpriority=\"high\" decoding=\"async\" class=\"wp-image-5438 alignright\" title=\"Liturgie juive achkenaze traditionnelle_couverture\" src=\"https:\/\/www.iemj.org\/wp-content\/uploads\/2013\/02\/4e_couv_cd_459.jpg\" alt=\"Liturgie juive achkenaze traditionnelle_couverture\" width=\"437\" height=\"376\" align=\"left\" srcset=\"https:\/\/www.iemj.org\/wp-content\/uploads\/2013\/02\/4e_couv_cd_459.jpg 517w, https:\/\/www.iemj.org\/wp-content\/uploads\/2013\/02\/4e_couv_cd_459-300x258.jpg 300w\" sizes=\"(max-width: 437px) 100vw, 437px\" \/><\/a><\/p>\n<p><a href=\"https:\/\/www.iemj.org\/en\/heymann-michel-1952\/\" target=\"_blank\" rel=\"noopener\">Learn more about Michel Heymann<\/a><\/p>\n<p><a href=\"https:\/\/www.iemj.org\/en\/fonds-michel-heymann\/\" target=\"_blank\" rel=\"noopener\">Access to the Michel Heymann collection<\/a><\/p>\n<p><a href=\"https:\/\/www.iemj.org\/en\/michel-heymann-et-la-liturgie-ashkenaze-de-la-vallee-du-rhin\/\" target=\"_blank\" rel=\"noopener\">Watch the video\u00a0<em>Michel Heymann and the Ashkenazi Liturgy in the Valley of the Rhine<\/em><\/a><\/p>\n\n\n<p><\/p>\n\n\n\n<figure class=\"wp-block-image alignwide size-large\"><img decoding=\"async\" width=\"1024\" height=\"133\" src=\"https:\/\/www.iemj.org\/wp-content\/uploads\/2024\/03\/AUDIO-PLAYER-1024x133.png\" alt=\"\" class=\"wp-image-110607\" srcset=\"https:\/\/www.iemj.org\/wp-content\/uploads\/2024\/03\/AUDIO-PLAYER-1024x133.png 1024w, https:\/\/www.iemj.org\/wp-content\/uploads\/2024\/03\/AUDIO-PLAYER-300x39.png 300w, https:\/\/www.iemj.org\/wp-content\/uploads\/2024\/03\/AUDIO-PLAYER-768x100.png 768w, https:\/\/www.iemj.org\/wp-content\/uploads\/2024\/03\/AUDIO-PLAYER-600x78.png 600w, https:\/\/www.iemj.org\/wp-content\/uploads\/2024\/03\/AUDIO-PLAYER.png 1210w\" sizes=\"(max-width: 1024px) 100vw, 1024px\" \/><\/figure>\n","protected":false},"excerpt":{"rendered":"<p>This recording presents the main prayers of Rosh Hashana&#8217;s morning service, sung in the Ashkenazi rite of the East of France. The cantor Michel Heymann gave, in the beginning of<\/p>\n","protected":false},"author":1048,"featured_media":24840,"comment_status":"closed","ping_status":"open","sticky":false,"template":"","format":"standard","meta":{"_acf_changed":false,"footnotes":""},"categories":[1570,1562],"tags":[],"technique":[],"squelettes":[],"sujet":[2100,1849],"formation":[],"genre":[1116],"fonds":[],"tradition":[],"type-de-contenu":[],"interprete-compositeur":[],"frise":[],"type-devenement":[],"tableaux-liens-externes":[],"class_list":["post-24842","post","type-post","status-publish","format-standard","has-post-thumbnail","hentry","category-cd-latest-acquisition-en","category-latest-acquisitions-en","sujet-alsace-lorraine-en","sujet-rosh-hashanah-en","genre-liturgy"],"acf":[],"yoast_head":"<!-- This site is optimized with the Yoast SEO plugin v27.3 - https:\/\/yoast.com\/product\/yoast-seo-wordpress\/ -->\n<title>Michel Heymann \u2013 Liturgie juive achkenaze traditionnelle - Institut Europ\u00e9en des Musiques Juives<\/title>\n<meta name=\"robots\" content=\"index, follow, max-snippet:-1, max-image-preview:large, max-video-preview:-1\" \/>\n<link rel=\"canonical\" href=\"https:\/\/www.iemj.org\/en\/michel-heymann-jewish-ashkenazi-traditional-liturgy\/\" \/>\n<meta property=\"og:locale\" content=\"en_US\" \/>\n<meta property=\"og:type\" content=\"article\" \/>\n<meta property=\"og:title\" content=\"Michel Heymann \u2013 Liturgie juive achkenaze traditionnelle - Institut Europ\u00e9en des Musiques Juives\" \/>\n<meta property=\"og:description\" content=\"This recording presents the main prayers of Rosh Hashana&#8217;s morning service, sung in the Ashkenazi rite of the East of France. The cantor Michel Heymann gave, in the beginning of\" \/>\n<meta property=\"og:url\" content=\"https:\/\/www.iemj.org\/en\/michel-heymann-jewish-ashkenazi-traditional-liturgy\/\" \/>\n<meta property=\"og:site_name\" content=\"Institut Europ\u00e9en des Musiques Juives\" \/>\n<meta property=\"article:publisher\" content=\"https:\/\/www.facebook.com\/MusiquesJuives\/\" \/>\n<meta property=\"article:published_time\" content=\"2013-02-17T12:07:00+00:00\" \/>\n<meta property=\"article:modified_time\" content=\"2025-03-27T14:41:06+00:00\" \/>\n<meta property=\"og:image\" content=\"https:\/\/www.iemj.org\/wp-content\/uploads\/2019\/09\/arton4312.jpg\" \/>\n\t<meta property=\"og:image:width\" content=\"1401\" \/>\n\t<meta property=\"og:image:height\" content=\"1399\" \/>\n\t<meta property=\"og:image:type\" content=\"image\/jpeg\" \/>\n<meta name=\"author\" content=\"Jean-Gabriel Davis\" \/>\n<meta name=\"twitter:card\" content=\"summary_large_image\" \/>\n<meta name=\"twitter:label1\" content=\"Written by\" \/>\n\t<meta name=\"twitter:data1\" content=\"Jean-Gabriel Davis\" \/>\n\t<meta name=\"twitter:label2\" content=\"Est. reading time\" \/>\n\t<meta name=\"twitter:data2\" content=\"2 minutes\" \/>\n<script type=\"application\/ld+json\" class=\"yoast-schema-graph\">{\"@context\":\"https:\\\/\\\/schema.org\",\"@graph\":[{\"@type\":\"Article\",\"@id\":\"https:\\\/\\\/www.iemj.org\\\/en\\\/michel-heymann-jewish-ashkenazi-traditional-liturgy\\\/#article\",\"isPartOf\":{\"@id\":\"https:\\\/\\\/www.iemj.org\\\/en\\\/michel-heymann-jewish-ashkenazi-traditional-liturgy\\\/\"},\"author\":{\"name\":\"Jean-Gabriel Davis\",\"@id\":\"https:\\\/\\\/www.iemj.org\\\/en\\\/#\\\/schema\\\/person\\\/c9bc1c386a3749579a2d675e72a18666\"},\"headline\":\"Michel Heymann \u2013 Liturgie juive achkenaze traditionnelle\",\"datePublished\":\"2013-02-17T12:07:00+00:00\",\"dateModified\":\"2025-03-27T14:41:06+00:00\",\"mainEntityOfPage\":{\"@id\":\"https:\\\/\\\/www.iemj.org\\\/en\\\/michel-heymann-jewish-ashkenazi-traditional-liturgy\\\/\"},\"wordCount\":232,\"publisher\":{\"@id\":\"https:\\\/\\\/www.iemj.org\\\/en\\\/#organization\"},\"image\":{\"@id\":\"https:\\\/\\\/www.iemj.org\\\/en\\\/michel-heymann-jewish-ashkenazi-traditional-liturgy\\\/#primaryimage\"},\"thumbnailUrl\":\"https:\\\/\\\/www.iemj.org\\\/wp-content\\\/uploads\\\/2019\\\/09\\\/arton4312.jpg\",\"articleSection\":[\"CD\",\"Latest Acquisitions\"],\"inLanguage\":\"en-US\"},{\"@type\":\"WebPage\",\"@id\":\"https:\\\/\\\/www.iemj.org\\\/en\\\/michel-heymann-jewish-ashkenazi-traditional-liturgy\\\/\",\"url\":\"https:\\\/\\\/www.iemj.org\\\/en\\\/michel-heymann-jewish-ashkenazi-traditional-liturgy\\\/\",\"name\":\"Michel Heymann \u2013 Liturgie juive achkenaze traditionnelle - Institut Europ\u00e9en des Musiques Juives\",\"isPartOf\":{\"@id\":\"https:\\\/\\\/www.iemj.org\\\/en\\\/#website\"},\"primaryImageOfPage\":{\"@id\":\"https:\\\/\\\/www.iemj.org\\\/en\\\/michel-heymann-jewish-ashkenazi-traditional-liturgy\\\/#primaryimage\"},\"image\":{\"@id\":\"https:\\\/\\\/www.iemj.org\\\/en\\\/michel-heymann-jewish-ashkenazi-traditional-liturgy\\\/#primaryimage\"},\"thumbnailUrl\":\"https:\\\/\\\/www.iemj.org\\\/wp-content\\\/uploads\\\/2019\\\/09\\\/arton4312.jpg\",\"datePublished\":\"2013-02-17T12:07:00+00:00\",\"dateModified\":\"2025-03-27T14:41:06+00:00\",\"breadcrumb\":{\"@id\":\"https:\\\/\\\/www.iemj.org\\\/en\\\/michel-heymann-jewish-ashkenazi-traditional-liturgy\\\/#breadcrumb\"},\"inLanguage\":\"en-US\",\"potentialAction\":[{\"@type\":\"ReadAction\",\"target\":[\"https:\\\/\\\/www.iemj.org\\\/en\\\/michel-heymann-jewish-ashkenazi-traditional-liturgy\\\/\"]}]},{\"@type\":\"ImageObject\",\"inLanguage\":\"en-US\",\"@id\":\"https:\\\/\\\/www.iemj.org\\\/en\\\/michel-heymann-jewish-ashkenazi-traditional-liturgy\\\/#primaryimage\",\"url\":\"https:\\\/\\\/www.iemj.org\\\/wp-content\\\/uploads\\\/2019\\\/09\\\/arton4312.jpg\",\"contentUrl\":\"https:\\\/\\\/www.iemj.org\\\/wp-content\\\/uploads\\\/2019\\\/09\\\/arton4312.jpg\",\"width\":1401,\"height\":1399},{\"@type\":\"BreadcrumbList\",\"@id\":\"https:\\\/\\\/www.iemj.org\\\/en\\\/michel-heymann-jewish-ashkenazi-traditional-liturgy\\\/#breadcrumb\",\"itemListElement\":[{\"@type\":\"ListItem\",\"position\":1,\"name\":\"Accueil\",\"item\":\"https:\\\/\\\/www.iemj.org\\\/en\\\/\"},{\"@type\":\"ListItem\",\"position\":2,\"name\":\"Michel Heymann \u2013 Liturgie juive achkenaze traditionnelle\"}]},{\"@type\":\"WebSite\",\"@id\":\"https:\\\/\\\/www.iemj.org\\\/en\\\/#website\",\"url\":\"https:\\\/\\\/www.iemj.org\\\/en\\\/\",\"name\":\"Institut Europ\u00e9en des Musiques Juives\",\"description\":\"Des traditions musicales \u00e0 la port\u00e9e de tous\",\"publisher\":{\"@id\":\"https:\\\/\\\/www.iemj.org\\\/en\\\/#organization\"},\"potentialAction\":[{\"@type\":\"SearchAction\",\"target\":{\"@type\":\"EntryPoint\",\"urlTemplate\":\"https:\\\/\\\/www.iemj.org\\\/en\\\/?s={search_term_string}\"},\"query-input\":{\"@type\":\"PropertyValueSpecification\",\"valueRequired\":true,\"valueName\":\"search_term_string\"}}],\"inLanguage\":\"en-US\"},{\"@type\":\"Organization\",\"@id\":\"https:\\\/\\\/www.iemj.org\\\/en\\\/#organization\",\"name\":\"Institut Europ\u00e9en des Musiques Juives\",\"url\":\"https:\\\/\\\/www.iemj.org\\\/en\\\/\",\"logo\":{\"@type\":\"ImageObject\",\"inLanguage\":\"en-US\",\"@id\":\"https:\\\/\\\/www.iemj.org\\\/en\\\/#\\\/schema\\\/logo\\\/image\\\/\",\"url\":\"https:\\\/\\\/www.iemj.org\\\/wp-content\\\/uploads\\\/2021\\\/09\\\/Logo-IEMJ-Paypal.jpg\",\"contentUrl\":\"https:\\\/\\\/www.iemj.org\\\/wp-content\\\/uploads\\\/2021\\\/09\\\/Logo-IEMJ-Paypal.jpg\",\"width\":150,\"height\":50,\"caption\":\"Institut Europ\u00e9en des Musiques Juives\"},\"image\":{\"@id\":\"https:\\\/\\\/www.iemj.org\\\/en\\\/#\\\/schema\\\/logo\\\/image\\\/\"},\"sameAs\":[\"https:\\\/\\\/www.facebook.com\\\/MusiquesJuives\\\/\",\"https:\\\/\\\/www.instagram.com\\\/musiquesjuives\\\/\",\"https:\\\/\\\/www.youtube.com\\\/user\\\/musiquesjuives\"]},{\"@type\":\"Person\",\"@id\":\"https:\\\/\\\/www.iemj.org\\\/en\\\/#\\\/schema\\\/person\\\/c9bc1c386a3749579a2d675e72a18666\",\"name\":\"Jean-Gabriel Davis\",\"image\":{\"@type\":\"ImageObject\",\"inLanguage\":\"en-US\",\"@id\":\"https:\\\/\\\/secure.gravatar.com\\\/avatar\\\/2b90d67bdf392c9b3a21fab87c0fa7edaf1fb3a058172a1ffd61033fcec7aec1?s=96&d=mm&r=g\",\"url\":\"https:\\\/\\\/secure.gravatar.com\\\/avatar\\\/2b90d67bdf392c9b3a21fab87c0fa7edaf1fb3a058172a1ffd61033fcec7aec1?s=96&d=mm&r=g\",\"contentUrl\":\"https:\\\/\\\/secure.gravatar.com\\\/avatar\\\/2b90d67bdf392c9b3a21fab87c0fa7edaf1fb3a058172a1ffd61033fcec7aec1?s=96&d=mm&r=g\",\"caption\":\"Jean-Gabriel Davis\"}}]}<\/script>\n<!-- \/ Yoast SEO plugin. -->","yoast_head_json":{"title":"Michel Heymann \u2013 Liturgie juive achkenaze traditionnelle - Institut Europ\u00e9en des Musiques Juives","robots":{"index":"index","follow":"follow","max-snippet":"max-snippet:-1","max-image-preview":"max-image-preview:large","max-video-preview":"max-video-preview:-1"},"canonical":"https:\/\/www.iemj.org\/en\/michel-heymann-jewish-ashkenazi-traditional-liturgy\/","og_locale":"en_US","og_type":"article","og_title":"Michel Heymann \u2013 Liturgie juive achkenaze traditionnelle - Institut Europ\u00e9en des Musiques Juives","og_description":"This recording presents the main prayers of Rosh Hashana&#8217;s morning service, sung in the Ashkenazi rite of the East of France. The cantor Michel Heymann gave, in the beginning of","og_url":"https:\/\/www.iemj.org\/en\/michel-heymann-jewish-ashkenazi-traditional-liturgy\/","og_site_name":"Institut Europ\u00e9en des Musiques Juives","article_publisher":"https:\/\/www.facebook.com\/MusiquesJuives\/","article_published_time":"2013-02-17T12:07:00+00:00","article_modified_time":"2025-03-27T14:41:06+00:00","og_image":[{"width":1401,"height":1399,"url":"https:\/\/www.iemj.org\/wp-content\/uploads\/2019\/09\/arton4312.jpg","type":"image\/jpeg"}],"author":"Jean-Gabriel Davis","twitter_card":"summary_large_image","twitter_misc":{"Written by":"Jean-Gabriel Davis","Est. reading time":"2 minutes"},"schema":{"@context":"https:\/\/schema.org","@graph":[{"@type":"Article","@id":"https:\/\/www.iemj.org\/en\/michel-heymann-jewish-ashkenazi-traditional-liturgy\/#article","isPartOf":{"@id":"https:\/\/www.iemj.org\/en\/michel-heymann-jewish-ashkenazi-traditional-liturgy\/"},"author":{"name":"Jean-Gabriel Davis","@id":"https:\/\/www.iemj.org\/en\/#\/schema\/person\/c9bc1c386a3749579a2d675e72a18666"},"headline":"Michel Heymann \u2013 Liturgie juive achkenaze traditionnelle","datePublished":"2013-02-17T12:07:00+00:00","dateModified":"2025-03-27T14:41:06+00:00","mainEntityOfPage":{"@id":"https:\/\/www.iemj.org\/en\/michel-heymann-jewish-ashkenazi-traditional-liturgy\/"},"wordCount":232,"publisher":{"@id":"https:\/\/www.iemj.org\/en\/#organization"},"image":{"@id":"https:\/\/www.iemj.org\/en\/michel-heymann-jewish-ashkenazi-traditional-liturgy\/#primaryimage"},"thumbnailUrl":"https:\/\/www.iemj.org\/wp-content\/uploads\/2019\/09\/arton4312.jpg","articleSection":["CD","Latest Acquisitions"],"inLanguage":"en-US"},{"@type":"WebPage","@id":"https:\/\/www.iemj.org\/en\/michel-heymann-jewish-ashkenazi-traditional-liturgy\/","url":"https:\/\/www.iemj.org\/en\/michel-heymann-jewish-ashkenazi-traditional-liturgy\/","name":"Michel Heymann \u2013 Liturgie juive achkenaze traditionnelle - Institut Europ\u00e9en des Musiques Juives","isPartOf":{"@id":"https:\/\/www.iemj.org\/en\/#website"},"primaryImageOfPage":{"@id":"https:\/\/www.iemj.org\/en\/michel-heymann-jewish-ashkenazi-traditional-liturgy\/#primaryimage"},"image":{"@id":"https:\/\/www.iemj.org\/en\/michel-heymann-jewish-ashkenazi-traditional-liturgy\/#primaryimage"},"thumbnailUrl":"https:\/\/www.iemj.org\/wp-content\/uploads\/2019\/09\/arton4312.jpg","datePublished":"2013-02-17T12:07:00+00:00","dateModified":"2025-03-27T14:41:06+00:00","breadcrumb":{"@id":"https:\/\/www.iemj.org\/en\/michel-heymann-jewish-ashkenazi-traditional-liturgy\/#breadcrumb"},"inLanguage":"en-US","potentialAction":[{"@type":"ReadAction","target":["https:\/\/www.iemj.org\/en\/michel-heymann-jewish-ashkenazi-traditional-liturgy\/"]}]},{"@type":"ImageObject","inLanguage":"en-US","@id":"https:\/\/www.iemj.org\/en\/michel-heymann-jewish-ashkenazi-traditional-liturgy\/#primaryimage","url":"https:\/\/www.iemj.org\/wp-content\/uploads\/2019\/09\/arton4312.jpg","contentUrl":"https:\/\/www.iemj.org\/wp-content\/uploads\/2019\/09\/arton4312.jpg","width":1401,"height":1399},{"@type":"BreadcrumbList","@id":"https:\/\/www.iemj.org\/en\/michel-heymann-jewish-ashkenazi-traditional-liturgy\/#breadcrumb","itemListElement":[{"@type":"ListItem","position":1,"name":"Accueil","item":"https:\/\/www.iemj.org\/en\/"},{"@type":"ListItem","position":2,"name":"Michel Heymann \u2013 Liturgie juive achkenaze traditionnelle"}]},{"@type":"WebSite","@id":"https:\/\/www.iemj.org\/en\/#website","url":"https:\/\/www.iemj.org\/en\/","name":"Institut Europ\u00e9en des Musiques Juives","description":"Des traditions musicales \u00e0 la port\u00e9e de tous","publisher":{"@id":"https:\/\/www.iemj.org\/en\/#organization"},"potentialAction":[{"@type":"SearchAction","target":{"@type":"EntryPoint","urlTemplate":"https:\/\/www.iemj.org\/en\/?s={search_term_string}"},"query-input":{"@type":"PropertyValueSpecification","valueRequired":true,"valueName":"search_term_string"}}],"inLanguage":"en-US"},{"@type":"Organization","@id":"https:\/\/www.iemj.org\/en\/#organization","name":"Institut Europ\u00e9en des Musiques Juives","url":"https:\/\/www.iemj.org\/en\/","logo":{"@type":"ImageObject","inLanguage":"en-US","@id":"https:\/\/www.iemj.org\/en\/#\/schema\/logo\/image\/","url":"https:\/\/www.iemj.org\/wp-content\/uploads\/2021\/09\/Logo-IEMJ-Paypal.jpg","contentUrl":"https:\/\/www.iemj.org\/wp-content\/uploads\/2021\/09\/Logo-IEMJ-Paypal.jpg","width":150,"height":50,"caption":"Institut Europ\u00e9en des Musiques Juives"},"image":{"@id":"https:\/\/www.iemj.org\/en\/#\/schema\/logo\/image\/"},"sameAs":["https:\/\/www.facebook.com\/MusiquesJuives\/","https:\/\/www.instagram.com\/musiquesjuives\/","https:\/\/www.youtube.com\/user\/musiquesjuives"]},{"@type":"Person","@id":"https:\/\/www.iemj.org\/en\/#\/schema\/person\/c9bc1c386a3749579a2d675e72a18666","name":"Jean-Gabriel Davis","image":{"@type":"ImageObject","inLanguage":"en-US","@id":"https:\/\/secure.gravatar.com\/avatar\/2b90d67bdf392c9b3a21fab87c0fa7edaf1fb3a058172a1ffd61033fcec7aec1?s=96&d=mm&r=g","url":"https:\/\/secure.gravatar.com\/avatar\/2b90d67bdf392c9b3a21fab87c0fa7edaf1fb3a058172a1ffd61033fcec7aec1?s=96&d=mm&r=g","contentUrl":"https:\/\/secure.gravatar.com\/avatar\/2b90d67bdf392c9b3a21fab87c0fa7edaf1fb3a058172a1ffd61033fcec7aec1?s=96&d=mm&r=g","caption":"Jean-Gabriel Davis"}}]}},"_links":{"self":[{"href":"https:\/\/www.iemj.org\/en\/wp-json\/wp\/v2\/posts\/24842","targetHints":{"allow":["GET"]}}],"collection":[{"href":"https:\/\/www.iemj.org\/en\/wp-json\/wp\/v2\/posts"}],"about":[{"href":"https:\/\/www.iemj.org\/en\/wp-json\/wp\/v2\/types\/post"}],"author":[{"embeddable":true,"href":"https:\/\/www.iemj.org\/en\/wp-json\/wp\/v2\/users\/1048"}],"replies":[{"embeddable":true,"href":"https:\/\/www.iemj.org\/en\/wp-json\/wp\/v2\/comments?post=24842"}],"version-history":[{"count":0,"href":"https:\/\/www.iemj.org\/en\/wp-json\/wp\/v2\/posts\/24842\/revisions"}],"wp:featuredmedia":[{"embeddable":true,"href":"https:\/\/www.iemj.org\/en\/wp-json\/wp\/v2\/media\/24840"}],"wp:attachment":[{"href":"https:\/\/www.iemj.org\/en\/wp-json\/wp\/v2\/media?parent=24842"}],"wp:term":[{"taxonomy":"category","embeddable":true,"href":"https:\/\/www.iemj.org\/en\/wp-json\/wp\/v2\/categories?post=24842"},{"taxonomy":"post_tag","embeddable":true,"href":"https:\/\/www.iemj.org\/en\/wp-json\/wp\/v2\/tags?post=24842"},{"taxonomy":"technique","embeddable":true,"href":"https:\/\/www.iemj.org\/en\/wp-json\/wp\/v2\/technique?post=24842"},{"taxonomy":"squelettes","embeddable":true,"href":"https:\/\/www.iemj.org\/en\/wp-json\/wp\/v2\/squelettes?post=24842"},{"taxonomy":"sujet","embeddable":true,"href":"https:\/\/www.iemj.org\/en\/wp-json\/wp\/v2\/sujet?post=24842"},{"taxonomy":"formation","embeddable":true,"href":"https:\/\/www.iemj.org\/en\/wp-json\/wp\/v2\/formation?post=24842"},{"taxonomy":"genre","embeddable":true,"href":"https:\/\/www.iemj.org\/en\/wp-json\/wp\/v2\/genre?post=24842"},{"taxonomy":"fonds","embeddable":true,"href":"https:\/\/www.iemj.org\/en\/wp-json\/wp\/v2\/fonds?post=24842"},{"taxonomy":"tradition","embeddable":true,"href":"https:\/\/www.iemj.org\/en\/wp-json\/wp\/v2\/tradition?post=24842"},{"taxonomy":"type-de-contenu","embeddable":true,"href":"https:\/\/www.iemj.org\/en\/wp-json\/wp\/v2\/type-de-contenu?post=24842"},{"taxonomy":"interprete-compositeur","embeddable":true,"href":"https:\/\/www.iemj.org\/en\/wp-json\/wp\/v2\/interprete-compositeur?post=24842"},{"taxonomy":"frise","embeddable":true,"href":"https:\/\/www.iemj.org\/en\/wp-json\/wp\/v2\/frise?post=24842"},{"taxonomy":"type-devenement","embeddable":true,"href":"https:\/\/www.iemj.org\/en\/wp-json\/wp\/v2\/type-devenement?post=24842"},{"taxonomy":"tableaux-liens-externes","embeddable":true,"href":"https:\/\/www.iemj.org\/en\/wp-json\/wp\/v2\/tableaux-liens-externes?post=24842"}],"curies":[{"name":"wp","href":"https:\/\/api.w.org\/{rel}","templated":true}]}}