{"id":24919,"date":"2019-10-04T13:42:39","date_gmt":"2019-10-04T11:42:39","guid":{"rendered":"https:\/\/www.iemj.org\/2019\/10\/04\/ledor-vador-the-birth-of-hebrew-music-in-leonard-bernsteins-work\/"},"modified":"2025-09-24T10:08:42","modified_gmt":"2025-09-24T08:08:42","slug":"ledor-vador-the-birth-of-hebrew-music-in-leonard-bernsteins-work","status":"publish","type":"post","link":"https:\/\/www.iemj.org\/en\/ledor-vador-the-birth-of-hebrew-music-in-leonard-bernsteins-work\/","title":{"rendered":"Ledor Vador : The birth of Hebrew music in Leonard Bernstein&#8217;s work"},"content":{"rendered":"<p class=\"post_excerpt\"><strong>Ledor Vador &#8211; June 24, 2018, Radio Juda\u00efca Strasbourg (102.9 FM)<\/strong><br \/><span style=\"color: #0ca0c6;\"><b><strong>Broadcast 38<\/strong><\/b><\/span><\/p>\n<p><!--more--><br \/>This 38th broadcast of Ledor Vador, hosted by Hector Sabo, is dedicated to the Jewish work of <a href=\"https:\/\/en.wikipedia.org\/wiki\/Leonard_Bernstein\">Leonard Bernstein<\/a>, emblematic figure of the music in the 20th century, who in particular composed the symphonies Jeremiah (1941) and Kaddish (1957).<\/p>\n<p>\u00a0<\/p>\n<p><a href=\"https:\/\/www.iemj.org\/sabo-hector\/\"><img decoding=\"async\" class=\"size-full wp-image-25813 alignleft\" src=\"https:\/\/www.iemj.org\/wp-content\/uploads\/2019\/10\/hector_sabo_def-2.jpg\" alt=\"hector_sabo_def-2.jpg\" width=\"136\" height=\"137\" \/><em>Hector Sabo<\/em><\/a><em> est compositeur, musicien (piano, orgue, clavecin) et chef de ch\u0153ur. Il a \u00e9t\u00e9 pendant des ann\u00e9es en charge de la direction musicale des ch\u0153urs de la Grande Synagogue de Strasbourg.<\/em><\/p>\n\n\n<h2 class=\"wp-block-heading\"><\/h2>\n\n\n<div class=\"wp-block-image\">\n<figure class=\"aligncenter size-large\"><img fetchpriority=\"high\" decoding=\"async\" width=\"1024\" height=\"133\" src=\"https:\/\/www.iemj.org\/wp-content\/uploads\/2024\/03\/AUDIO-PLAYER-1024x133.png\" alt=\"\" class=\"wp-image-110607\" srcset=\"https:\/\/www.iemj.org\/wp-content\/uploads\/2024\/03\/AUDIO-PLAYER-1024x133.png 1024w, https:\/\/www.iemj.org\/wp-content\/uploads\/2024\/03\/AUDIO-PLAYER-300x39.png 300w, https:\/\/www.iemj.org\/wp-content\/uploads\/2024\/03\/AUDIO-PLAYER-768x100.png 768w, https:\/\/www.iemj.org\/wp-content\/uploads\/2024\/03\/AUDIO-PLAYER-600x78.png 600w, https:\/\/www.iemj.org\/wp-content\/uploads\/2024\/03\/AUDIO-PLAYER.png 1210w\" sizes=\"(max-width: 1024px) 100vw, 1024px\" \/><\/figure>\n<\/div>\n\n\n<div class=\"wp-block-file\"><a href=\"https:\/\/www.iemj.org\/wp-content\/uploads\/2019\/07\/38._ledor_vador_38_2018_06_17_-_1.mp3\">Leonard Bernstein &#8211; Hector Sabo (Radio Juda\u00efca Strasbourg)<\/a><\/div>\n","protected":false},"excerpt":{"rendered":"<p>Ledor Vador &#8211; June 24, 2018, Radio Juda\u00efca Strasbourg (102.9 FM)Broadcast 38<\/p>\n","protected":false},"author":1048,"featured_media":24917,"comment_status":"closed","ping_status":"open","sticky":false,"template":"","format":"standard","meta":{"_acf_changed":false,"footnotes":""},"categories":[2161,899],"tags":[],"technique":[],"squelettes":[],"sujet":[],"formation":[],"genre":[],"fonds":[],"tradition":[],"type-de-contenu":[],"interprete-compositeur":[],"frise":[],"type-devenement":[],"tableaux-liens-externes":[],"class_list":["post-24919","post","type-post","status-publish","format-standard","has-post-thumbnail","hentry","category-hector-sabos-programs-en","category-radio-programs-en"],"acf":[],"yoast_head":"<!-- This site is optimized with the Yoast SEO plugin v27.3 - https:\/\/yoast.com\/product\/yoast-seo-wordpress\/ -->\n<title>Ledor Vador : The birth of Hebrew music in Leonard Bernstein&#039;s work - Institut Europ\u00e9en des Musiques Juives<\/title>\n<meta name=\"robots\" content=\"index, follow, max-snippet:-1, max-image-preview:large, max-video-preview:-1\" \/>\n<link rel=\"canonical\" href=\"https:\/\/www.iemj.org\/en\/ledor-vador-the-birth-of-hebrew-music-in-leonard-bernsteins-work\/\" \/>\n<meta property=\"og:locale\" content=\"en_US\" \/>\n<meta property=\"og:type\" content=\"article\" \/>\n<meta property=\"og:title\" content=\"Ledor Vador : The birth of Hebrew music in Leonard Bernstein&#039;s work - Institut Europ\u00e9en des Musiques Juives\" \/>\n<meta property=\"og:description\" content=\"Ledor Vador &#8211; June 24, 2018, Radio Juda\u00efca Strasbourg (102.9 FM)Broadcast 38\" \/>\n<meta property=\"og:url\" content=\"https:\/\/www.iemj.org\/en\/ledor-vador-the-birth-of-hebrew-music-in-leonard-bernsteins-work\/\" \/>\n<meta property=\"og:site_name\" content=\"Institut Europ\u00e9en des Musiques Juives\" \/>\n<meta property=\"article:publisher\" content=\"https:\/\/www.facebook.com\/MusiquesJuives\/\" \/>\n<meta property=\"article:published_time\" content=\"2019-10-04T11:42:39+00:00\" \/>\n<meta property=\"article:modified_time\" content=\"2025-09-24T08:08:42+00:00\" \/>\n<meta property=\"og:image\" content=\"https:\/\/www.iemj.org\/wp-content\/uploads\/2019\/10\/arton4335.jpg\" \/>\n\t<meta property=\"og:image:width\" content=\"200\" \/>\n\t<meta property=\"og:image:height\" content=\"200\" \/>\n\t<meta property=\"og:image:type\" content=\"image\/jpeg\" \/>\n<meta name=\"author\" content=\"Jean-Gabriel Davis\" \/>\n<meta name=\"twitter:card\" content=\"summary_large_image\" \/>\n<meta name=\"twitter:label1\" content=\"Written by\" \/>\n\t<meta name=\"twitter:data1\" content=\"Jean-Gabriel Davis\" \/>\n\t<meta name=\"twitter:label2\" content=\"Est. reading time\" \/>\n\t<meta name=\"twitter:data2\" content=\"2 minutes\" \/>\n<script type=\"application\/ld+json\" class=\"yoast-schema-graph\">{\"@context\":\"https:\\\/\\\/schema.org\",\"@graph\":[{\"@type\":\"Article\",\"@id\":\"https:\\\/\\\/www.iemj.org\\\/en\\\/ledor-vador-the-birth-of-hebrew-music-in-leonard-bernsteins-work\\\/#article\",\"isPartOf\":{\"@id\":\"https:\\\/\\\/www.iemj.org\\\/en\\\/ledor-vador-the-birth-of-hebrew-music-in-leonard-bernsteins-work\\\/\"},\"author\":{\"name\":\"Jean-Gabriel Davis\",\"@id\":\"https:\\\/\\\/www.iemj.org\\\/en\\\/#\\\/schema\\\/person\\\/c9bc1c386a3749579a2d675e72a18666\"},\"headline\":\"Ledor Vador : The birth of Hebrew music in Leonard Bernstein&#8217;s work\",\"datePublished\":\"2019-10-04T11:42:39+00:00\",\"dateModified\":\"2025-09-24T08:08:42+00:00\",\"mainEntityOfPage\":{\"@id\":\"https:\\\/\\\/www.iemj.org\\\/en\\\/ledor-vador-the-birth-of-hebrew-music-in-leonard-bernsteins-work\\\/\"},\"wordCount\":103,\"publisher\":{\"@id\":\"https:\\\/\\\/www.iemj.org\\\/en\\\/#organization\"},\"image\":{\"@id\":\"https:\\\/\\\/www.iemj.org\\\/en\\\/ledor-vador-the-birth-of-hebrew-music-in-leonard-bernsteins-work\\\/#primaryimage\"},\"thumbnailUrl\":\"https:\\\/\\\/www.iemj.org\\\/wp-content\\\/uploads\\\/2019\\\/10\\\/arton4335.jpg\",\"articleSection\":[\"Hector Sabo's Programs\",\"Radio programs\"],\"inLanguage\":\"en-US\"},{\"@type\":\"WebPage\",\"@id\":\"https:\\\/\\\/www.iemj.org\\\/en\\\/ledor-vador-the-birth-of-hebrew-music-in-leonard-bernsteins-work\\\/\",\"url\":\"https:\\\/\\\/www.iemj.org\\\/en\\\/ledor-vador-the-birth-of-hebrew-music-in-leonard-bernsteins-work\\\/\",\"name\":\"Ledor Vador : The birth of Hebrew music in Leonard Bernstein's work - Institut Europ\u00e9en des Musiques Juives\",\"isPartOf\":{\"@id\":\"https:\\\/\\\/www.iemj.org\\\/en\\\/#website\"},\"primaryImageOfPage\":{\"@id\":\"https:\\\/\\\/www.iemj.org\\\/en\\\/ledor-vador-the-birth-of-hebrew-music-in-leonard-bernsteins-work\\\/#primaryimage\"},\"image\":{\"@id\":\"https:\\\/\\\/www.iemj.org\\\/en\\\/ledor-vador-the-birth-of-hebrew-music-in-leonard-bernsteins-work\\\/#primaryimage\"},\"thumbnailUrl\":\"https:\\\/\\\/www.iemj.org\\\/wp-content\\\/uploads\\\/2019\\\/10\\\/arton4335.jpg\",\"datePublished\":\"2019-10-04T11:42:39+00:00\",\"dateModified\":\"2025-09-24T08:08:42+00:00\",\"breadcrumb\":{\"@id\":\"https:\\\/\\\/www.iemj.org\\\/en\\\/ledor-vador-the-birth-of-hebrew-music-in-leonard-bernsteins-work\\\/#breadcrumb\"},\"inLanguage\":\"en-US\",\"potentialAction\":[{\"@type\":\"ReadAction\",\"target\":[\"https:\\\/\\\/www.iemj.org\\\/en\\\/ledor-vador-the-birth-of-hebrew-music-in-leonard-bernsteins-work\\\/\"]}]},{\"@type\":\"ImageObject\",\"inLanguage\":\"en-US\",\"@id\":\"https:\\\/\\\/www.iemj.org\\\/en\\\/ledor-vador-the-birth-of-hebrew-music-in-leonard-bernsteins-work\\\/#primaryimage\",\"url\":\"https:\\\/\\\/www.iemj.org\\\/wp-content\\\/uploads\\\/2019\\\/10\\\/arton4335.jpg\",\"contentUrl\":\"https:\\\/\\\/www.iemj.org\\\/wp-content\\\/uploads\\\/2019\\\/10\\\/arton4335.jpg\",\"width\":200,\"height\":200},{\"@type\":\"BreadcrumbList\",\"@id\":\"https:\\\/\\\/www.iemj.org\\\/en\\\/ledor-vador-the-birth-of-hebrew-music-in-leonard-bernsteins-work\\\/#breadcrumb\",\"itemListElement\":[{\"@type\":\"ListItem\",\"position\":1,\"name\":\"Accueil\",\"item\":\"https:\\\/\\\/www.iemj.org\\\/en\\\/\"},{\"@type\":\"ListItem\",\"position\":2,\"name\":\"Ledor Vador : The birth of Hebrew music in Leonard Bernstein&#8217;s work\"}]},{\"@type\":\"WebSite\",\"@id\":\"https:\\\/\\\/www.iemj.org\\\/en\\\/#website\",\"url\":\"https:\\\/\\\/www.iemj.org\\\/en\\\/\",\"name\":\"Institut Europ\u00e9en des Musiques Juives\",\"description\":\"Des traditions musicales \u00e0 la port\u00e9e de tous\",\"publisher\":{\"@id\":\"https:\\\/\\\/www.iemj.org\\\/en\\\/#organization\"},\"potentialAction\":[{\"@type\":\"SearchAction\",\"target\":{\"@type\":\"EntryPoint\",\"urlTemplate\":\"https:\\\/\\\/www.iemj.org\\\/en\\\/?s={search_term_string}\"},\"query-input\":{\"@type\":\"PropertyValueSpecification\",\"valueRequired\":true,\"valueName\":\"search_term_string\"}}],\"inLanguage\":\"en-US\"},{\"@type\":\"Organization\",\"@id\":\"https:\\\/\\\/www.iemj.org\\\/en\\\/#organization\",\"name\":\"Institut Europ\u00e9en des Musiques Juives\",\"url\":\"https:\\\/\\\/www.iemj.org\\\/en\\\/\",\"logo\":{\"@type\":\"ImageObject\",\"inLanguage\":\"en-US\",\"@id\":\"https:\\\/\\\/www.iemj.org\\\/en\\\/#\\\/schema\\\/logo\\\/image\\\/\",\"url\":\"https:\\\/\\\/www.iemj.org\\\/wp-content\\\/uploads\\\/2021\\\/09\\\/Logo-IEMJ-Paypal.jpg\",\"contentUrl\":\"https:\\\/\\\/www.iemj.org\\\/wp-content\\\/uploads\\\/2021\\\/09\\\/Logo-IEMJ-Paypal.jpg\",\"width\":150,\"height\":50,\"caption\":\"Institut Europ\u00e9en des Musiques Juives\"},\"image\":{\"@id\":\"https:\\\/\\\/www.iemj.org\\\/en\\\/#\\\/schema\\\/logo\\\/image\\\/\"},\"sameAs\":[\"https:\\\/\\\/www.facebook.com\\\/MusiquesJuives\\\/\",\"https:\\\/\\\/www.instagram.com\\\/musiquesjuives\\\/\",\"https:\\\/\\\/www.youtube.com\\\/user\\\/musiquesjuives\"]},{\"@type\":\"Person\",\"@id\":\"https:\\\/\\\/www.iemj.org\\\/en\\\/#\\\/schema\\\/person\\\/c9bc1c386a3749579a2d675e72a18666\",\"name\":\"Jean-Gabriel Davis\",\"image\":{\"@type\":\"ImageObject\",\"inLanguage\":\"en-US\",\"@id\":\"https:\\\/\\\/secure.gravatar.com\\\/avatar\\\/2b90d67bdf392c9b3a21fab87c0fa7edaf1fb3a058172a1ffd61033fcec7aec1?s=96&d=mm&r=g\",\"url\":\"https:\\\/\\\/secure.gravatar.com\\\/avatar\\\/2b90d67bdf392c9b3a21fab87c0fa7edaf1fb3a058172a1ffd61033fcec7aec1?s=96&d=mm&r=g\",\"contentUrl\":\"https:\\\/\\\/secure.gravatar.com\\\/avatar\\\/2b90d67bdf392c9b3a21fab87c0fa7edaf1fb3a058172a1ffd61033fcec7aec1?s=96&d=mm&r=g\",\"caption\":\"Jean-Gabriel Davis\"}}]}<\/script>\n<!-- \/ Yoast SEO plugin. -->","yoast_head_json":{"title":"Ledor Vador : The birth of Hebrew music in Leonard Bernstein's work - Institut Europ\u00e9en des Musiques Juives","robots":{"index":"index","follow":"follow","max-snippet":"max-snippet:-1","max-image-preview":"max-image-preview:large","max-video-preview":"max-video-preview:-1"},"canonical":"https:\/\/www.iemj.org\/en\/ledor-vador-the-birth-of-hebrew-music-in-leonard-bernsteins-work\/","og_locale":"en_US","og_type":"article","og_title":"Ledor Vador : The birth of Hebrew music in Leonard Bernstein's work - Institut Europ\u00e9en des Musiques Juives","og_description":"Ledor Vador &#8211; June 24, 2018, Radio Juda\u00efca Strasbourg (102.9 FM)Broadcast 38","og_url":"https:\/\/www.iemj.org\/en\/ledor-vador-the-birth-of-hebrew-music-in-leonard-bernsteins-work\/","og_site_name":"Institut Europ\u00e9en des Musiques Juives","article_publisher":"https:\/\/www.facebook.com\/MusiquesJuives\/","article_published_time":"2019-10-04T11:42:39+00:00","article_modified_time":"2025-09-24T08:08:42+00:00","og_image":[{"width":200,"height":200,"url":"https:\/\/www.iemj.org\/wp-content\/uploads\/2019\/10\/arton4335.jpg","type":"image\/jpeg"}],"author":"Jean-Gabriel Davis","twitter_card":"summary_large_image","twitter_misc":{"Written by":"Jean-Gabriel Davis","Est. reading time":"2 minutes"},"schema":{"@context":"https:\/\/schema.org","@graph":[{"@type":"Article","@id":"https:\/\/www.iemj.org\/en\/ledor-vador-the-birth-of-hebrew-music-in-leonard-bernsteins-work\/#article","isPartOf":{"@id":"https:\/\/www.iemj.org\/en\/ledor-vador-the-birth-of-hebrew-music-in-leonard-bernsteins-work\/"},"author":{"name":"Jean-Gabriel Davis","@id":"https:\/\/www.iemj.org\/en\/#\/schema\/person\/c9bc1c386a3749579a2d675e72a18666"},"headline":"Ledor Vador : The birth of Hebrew music in Leonard Bernstein&#8217;s work","datePublished":"2019-10-04T11:42:39+00:00","dateModified":"2025-09-24T08:08:42+00:00","mainEntityOfPage":{"@id":"https:\/\/www.iemj.org\/en\/ledor-vador-the-birth-of-hebrew-music-in-leonard-bernsteins-work\/"},"wordCount":103,"publisher":{"@id":"https:\/\/www.iemj.org\/en\/#organization"},"image":{"@id":"https:\/\/www.iemj.org\/en\/ledor-vador-the-birth-of-hebrew-music-in-leonard-bernsteins-work\/#primaryimage"},"thumbnailUrl":"https:\/\/www.iemj.org\/wp-content\/uploads\/2019\/10\/arton4335.jpg","articleSection":["Hector Sabo's Programs","Radio programs"],"inLanguage":"en-US"},{"@type":"WebPage","@id":"https:\/\/www.iemj.org\/en\/ledor-vador-the-birth-of-hebrew-music-in-leonard-bernsteins-work\/","url":"https:\/\/www.iemj.org\/en\/ledor-vador-the-birth-of-hebrew-music-in-leonard-bernsteins-work\/","name":"Ledor Vador : The birth of Hebrew music in Leonard Bernstein's work - Institut Europ\u00e9en des Musiques Juives","isPartOf":{"@id":"https:\/\/www.iemj.org\/en\/#website"},"primaryImageOfPage":{"@id":"https:\/\/www.iemj.org\/en\/ledor-vador-the-birth-of-hebrew-music-in-leonard-bernsteins-work\/#primaryimage"},"image":{"@id":"https:\/\/www.iemj.org\/en\/ledor-vador-the-birth-of-hebrew-music-in-leonard-bernsteins-work\/#primaryimage"},"thumbnailUrl":"https:\/\/www.iemj.org\/wp-content\/uploads\/2019\/10\/arton4335.jpg","datePublished":"2019-10-04T11:42:39+00:00","dateModified":"2025-09-24T08:08:42+00:00","breadcrumb":{"@id":"https:\/\/www.iemj.org\/en\/ledor-vador-the-birth-of-hebrew-music-in-leonard-bernsteins-work\/#breadcrumb"},"inLanguage":"en-US","potentialAction":[{"@type":"ReadAction","target":["https:\/\/www.iemj.org\/en\/ledor-vador-the-birth-of-hebrew-music-in-leonard-bernsteins-work\/"]}]},{"@type":"ImageObject","inLanguage":"en-US","@id":"https:\/\/www.iemj.org\/en\/ledor-vador-the-birth-of-hebrew-music-in-leonard-bernsteins-work\/#primaryimage","url":"https:\/\/www.iemj.org\/wp-content\/uploads\/2019\/10\/arton4335.jpg","contentUrl":"https:\/\/www.iemj.org\/wp-content\/uploads\/2019\/10\/arton4335.jpg","width":200,"height":200},{"@type":"BreadcrumbList","@id":"https:\/\/www.iemj.org\/en\/ledor-vador-the-birth-of-hebrew-music-in-leonard-bernsteins-work\/#breadcrumb","itemListElement":[{"@type":"ListItem","position":1,"name":"Accueil","item":"https:\/\/www.iemj.org\/en\/"},{"@type":"ListItem","position":2,"name":"Ledor Vador : The birth of Hebrew music in Leonard Bernstein&#8217;s work"}]},{"@type":"WebSite","@id":"https:\/\/www.iemj.org\/en\/#website","url":"https:\/\/www.iemj.org\/en\/","name":"Institut Europ\u00e9en des Musiques Juives","description":"Des traditions musicales \u00e0 la port\u00e9e de tous","publisher":{"@id":"https:\/\/www.iemj.org\/en\/#organization"},"potentialAction":[{"@type":"SearchAction","target":{"@type":"EntryPoint","urlTemplate":"https:\/\/www.iemj.org\/en\/?s={search_term_string}"},"query-input":{"@type":"PropertyValueSpecification","valueRequired":true,"valueName":"search_term_string"}}],"inLanguage":"en-US"},{"@type":"Organization","@id":"https:\/\/www.iemj.org\/en\/#organization","name":"Institut Europ\u00e9en des Musiques Juives","url":"https:\/\/www.iemj.org\/en\/","logo":{"@type":"ImageObject","inLanguage":"en-US","@id":"https:\/\/www.iemj.org\/en\/#\/schema\/logo\/image\/","url":"https:\/\/www.iemj.org\/wp-content\/uploads\/2021\/09\/Logo-IEMJ-Paypal.jpg","contentUrl":"https:\/\/www.iemj.org\/wp-content\/uploads\/2021\/09\/Logo-IEMJ-Paypal.jpg","width":150,"height":50,"caption":"Institut Europ\u00e9en des Musiques Juives"},"image":{"@id":"https:\/\/www.iemj.org\/en\/#\/schema\/logo\/image\/"},"sameAs":["https:\/\/www.facebook.com\/MusiquesJuives\/","https:\/\/www.instagram.com\/musiquesjuives\/","https:\/\/www.youtube.com\/user\/musiquesjuives"]},{"@type":"Person","@id":"https:\/\/www.iemj.org\/en\/#\/schema\/person\/c9bc1c386a3749579a2d675e72a18666","name":"Jean-Gabriel Davis","image":{"@type":"ImageObject","inLanguage":"en-US","@id":"https:\/\/secure.gravatar.com\/avatar\/2b90d67bdf392c9b3a21fab87c0fa7edaf1fb3a058172a1ffd61033fcec7aec1?s=96&d=mm&r=g","url":"https:\/\/secure.gravatar.com\/avatar\/2b90d67bdf392c9b3a21fab87c0fa7edaf1fb3a058172a1ffd61033fcec7aec1?s=96&d=mm&r=g","contentUrl":"https:\/\/secure.gravatar.com\/avatar\/2b90d67bdf392c9b3a21fab87c0fa7edaf1fb3a058172a1ffd61033fcec7aec1?s=96&d=mm&r=g","caption":"Jean-Gabriel Davis"}}]}},"_links":{"self":[{"href":"https:\/\/www.iemj.org\/en\/wp-json\/wp\/v2\/posts\/24919","targetHints":{"allow":["GET"]}}],"collection":[{"href":"https:\/\/www.iemj.org\/en\/wp-json\/wp\/v2\/posts"}],"about":[{"href":"https:\/\/www.iemj.org\/en\/wp-json\/wp\/v2\/types\/post"}],"author":[{"embeddable":true,"href":"https:\/\/www.iemj.org\/en\/wp-json\/wp\/v2\/users\/1048"}],"replies":[{"embeddable":true,"href":"https:\/\/www.iemj.org\/en\/wp-json\/wp\/v2\/comments?post=24919"}],"version-history":[{"count":0,"href":"https:\/\/www.iemj.org\/en\/wp-json\/wp\/v2\/posts\/24919\/revisions"}],"wp:featuredmedia":[{"embeddable":true,"href":"https:\/\/www.iemj.org\/en\/wp-json\/wp\/v2\/media\/24917"}],"wp:attachment":[{"href":"https:\/\/www.iemj.org\/en\/wp-json\/wp\/v2\/media?parent=24919"}],"wp:term":[{"taxonomy":"category","embeddable":true,"href":"https:\/\/www.iemj.org\/en\/wp-json\/wp\/v2\/categories?post=24919"},{"taxonomy":"post_tag","embeddable":true,"href":"https:\/\/www.iemj.org\/en\/wp-json\/wp\/v2\/tags?post=24919"},{"taxonomy":"technique","embeddable":true,"href":"https:\/\/www.iemj.org\/en\/wp-json\/wp\/v2\/technique?post=24919"},{"taxonomy":"squelettes","embeddable":true,"href":"https:\/\/www.iemj.org\/en\/wp-json\/wp\/v2\/squelettes?post=24919"},{"taxonomy":"sujet","embeddable":true,"href":"https:\/\/www.iemj.org\/en\/wp-json\/wp\/v2\/sujet?post=24919"},{"taxonomy":"formation","embeddable":true,"href":"https:\/\/www.iemj.org\/en\/wp-json\/wp\/v2\/formation?post=24919"},{"taxonomy":"genre","embeddable":true,"href":"https:\/\/www.iemj.org\/en\/wp-json\/wp\/v2\/genre?post=24919"},{"taxonomy":"fonds","embeddable":true,"href":"https:\/\/www.iemj.org\/en\/wp-json\/wp\/v2\/fonds?post=24919"},{"taxonomy":"tradition","embeddable":true,"href":"https:\/\/www.iemj.org\/en\/wp-json\/wp\/v2\/tradition?post=24919"},{"taxonomy":"type-de-contenu","embeddable":true,"href":"https:\/\/www.iemj.org\/en\/wp-json\/wp\/v2\/type-de-contenu?post=24919"},{"taxonomy":"interprete-compositeur","embeddable":true,"href":"https:\/\/www.iemj.org\/en\/wp-json\/wp\/v2\/interprete-compositeur?post=24919"},{"taxonomy":"frise","embeddable":true,"href":"https:\/\/www.iemj.org\/en\/wp-json\/wp\/v2\/frise?post=24919"},{"taxonomy":"type-devenement","embeddable":true,"href":"https:\/\/www.iemj.org\/en\/wp-json\/wp\/v2\/type-devenement?post=24919"},{"taxonomy":"tableaux-liens-externes","embeddable":true,"href":"https:\/\/www.iemj.org\/en\/wp-json\/wp\/v2\/tableaux-liens-externes?post=24919"}],"curies":[{"name":"wp","href":"https:\/\/api.w.org\/{rel}","templated":true}]}}