{"id":25875,"date":"2019-10-15T17:46:09","date_gmt":"2019-10-15T15:46:09","guid":{"rendered":"https:\/\/www.iemj.org\/the-hebrew-works-of-fromental-halevy-and-giacomo-meyerbeer\/"},"modified":"2025-09-21T13:22:26","modified_gmt":"2025-09-21T11:22:26","slug":"the-hebrew-works-of-fromental-halevy-and-giacomo-meyerbeer","status":"publish","type":"post","link":"https:\/\/www.iemj.org\/en\/the-hebrew-works-of-fromental-halevy-and-giacomo-meyerbeer\/","title":{"rendered":"The Hebrew works of Fromental Hal\u00e9vy and Giacomo Meyerbeer"},"content":{"rendered":"<p class=\"post_excerpt\"><strong>MUSIQUES JUIVES D\u2019HIER ET D\u2019AUJOURD\u2019HUI \u2013 TUESDAY OCTOBER 22, 2019, JUDA\u00cfQUES FM (94.8), 21H00. Radio program in French<\/strong><\/p>\n<p><!--more--><br \/>On the occasion of the release of the CD <a href=\"https:\/\/www.iemj.org\/en\/jacques-offenbach-et-ses-proches-de-la-synagogue-a-lopera\/?\" target=\"_blank\" rel=\"noopener\"><em>Jacques Offenbach and friends, from the Synagogue to the Opera<\/em><\/a>, Herv\u00e9 Roten invites the choirmaster and musicologist <a href=\"https:\/\/www.iemj.org\/en\/sabo-hector\/\" target=\"_blank\" rel=\"noopener\">Hector Sabo<\/a> who will present the synagogal musical works of Fromental Hal\u00e9vy (1799-1862) and Giacomo Meyerbeer (1791-1864).<\/p>\n<p><a href=\"https:\/\/www.iemj.org\/en\/halevy-jacques-francois-fromental-elie-1799-1862\/\" target=\"_blank\" rel=\"noopener\">Fromental Hal\u00e9vy<\/a> was born on May 27, 1799 in Paris into a Jewish family. His mother, Julie Mayer, was native of the french region Lorraine. His father, \u00c9lie L\u00e9vy, came from F\u00fcrth, a small town in the north of Nuremberg, where he was a cantor for several years. Surrounded by the songs of the synagogue, young Fromental Hal\u00e9vy revealed very early to be talented for music. At the age of 10, he entered the Paris Music School, where he attended at the age of 12 the class of Cherubini. At the age of 20, he receivesd the Great Prix de Rome. After difficult beginnings in the field of lyrical art, he became famous in 1835 with his opera La Juive, with a libretto by Eug\u00e8ne Scribe. In 1840, Fromental Hal\u00e9vy was appointed composition teacher in the Paris Music School ; among his pupils, one can name Gounod, Bizet and Saint-Sa\u00ebns. In 1845, he favoured the appointment of <a href=\"https:\/\/www.iemj.org\/en\/naumbourg-samuel-1817-1880\/\" target=\"_blank\" rel=\"noopener\">Samuel Naumbourg (1817-1880)<\/a>, one of his pupils, to be cantor in the Consistorial Temple of Paris. Between 1847 and 1874, Naumbourg would publish four collections of synagogal music, comprising several compositions by Fromental Hal\u00e9vy. In 1851, the Consistoire of Paris asked Hal\u00e9vy to lead the chanting commission, that was just created to put order in the liturgical chants of the new consistorial service. Fromental Hal\u00e9vy would stay in this commission until 1855. Regularly requested by the Consistoire, Hal\u00e9vy wrote several vocal music for the synagogue, among which the psalm 100 <em>Mizmor lessodo<\/em> and the psalm 118 <em>Min hametsar<\/em> which ends the Hallel prayer. This tune for 7 voices was composed by Hal\u00e9vy for the wedding of his nephew, Edgar Rodrigues with Louise Mayer, on May 2, 1858. This psalm is also sung during the inauguration of the Temple of la Victoire, on Septembre 9, 1874.<br \/>But Hal\u00e9vy was also the author of a musical version of the psalm 130 <em>Mimaamakim<\/em>, well known in its latin version under the name <em>De profundis<\/em>. This work which has an imposing musical formation (orchestra and chorus) results of an order of the cult minister of Louis XVIII to the three official religions of the kingdom of France, in order to commemorate the death of the duke of Berry (1778-1820), nephew of the king and heir to the throne, killed in the night of the 13th to the 14th February 1820. We will listen to excerpts of this work that were yet never put on CD.<\/p>\n<p><a href=\"https:\/\/www.iemj.org\/en\/meyerbeer-giacomo-1791-1864\/\" target=\"_blank\" rel=\"noopener\">Giacomo Meyerbeer<\/a>, was born Jakob Liebmann Meyer Beer to a wealthy Jewish family, near Berlin in Tasdorf on September 5, 1791. His father, Juda Herz Beer (1769-1825) was very involved in the movement for the emancipation and integration of Prussian Jews. One of his first works done in his youth was a Hallelujah for chorus and organ written in 1815 for the Reform community of Berlin, and sung in his father&#8217;s oratory. Between 1816 and 1824, Meyerbeer traveled several times to Italy where he composed several operas. This gave him a notoriety not only in Italy but in all of Europe where he was considered as good as Rossini. Between 1825 and 1841, the essential of his career took place in Paris. With the backing of Luigi Cherubini, on February 18, 1827 he began a very profitable collaboration with Eug\u00e8ne Scribe, the librettist. Their first musical work, Robert le Diable, was performed at the Opera on November 21, 1831 and was a triumph. From 1842, he was the first Jew to be named Meyerbeer <em>Generalmusikdirektor<\/em> (head musical director) at the Prussian Royal Opera and musical supervisor to the royal court. Director for sacred music was a title given to another composer of Jewish origin, who had converted to Protestantism, Felix Mendelssohn (1809-1847).<br \/>In 1846, Samuel Naumbourg asked Meyerbeer the authorisation to arrange his Pri\u00e8re d\u2019enfants (Child&#8217;s Prayer), initially published in 1839 for three female a cappella voices, (before being translated into German in 1841 under the name <em>Kindergebet<\/em>), recited when withdrawing the Torah Scrolls from the Sacred Ark during Shabbat services and holidays. Meyerbeer agreed and Naumbourg created an arrangement for men and children chorus that was published in Paris in 1847 in the second volume of his collection <em>Zemirot Israel, Chants Religieux des Isra\u00e9lites<\/em>.<br \/>From 1851, Meyerbeer continued to live in Berlin with his family and to participate in the rich artistic life of the city. He still managed to regularly travel through Europe presenting his works.<br \/>His intense creative activity accelerated is death suddenly on May 2, 1864 in Paris while he was supervising the rehearsals of his latest opera, L\u2019Africaine.<\/p>\n<p>Illustrated with many musical excerpts, this broadcast will make us discover the hebrew work of two of the best opera composers of the 19th century<\/p>\n<p><em><img decoding=\"async\" class=\" alignleft size-full wp-image-25839\" src=\"https:\/\/www.iemj.org\/wp-content\/uploads\/2019\/10\/herve_photo_retouche_fond_uni_bleu_500px.jpg\" alt=\"herve_photo_retouche_fond_uni_bleu_500px.jpg\" width=\"140\" height=\"189\" align=\"left\" \/>Officer of the Ordre of Arts and letters, PhD in musicology at Paris University Sorbonne, prize-winning graduate from the Conservatoire National Sup\u00e9rieur de Musique et de Danse de Paris, Herv\u00e9 Roten is the director of the European Institute of Jewish Music since its creation in 2006.<br \/>Ethnomusicologist, he quickly developed an interest in the safeguard and digitization of archives, subjects he taught for several years in Reims and Marne-La-Vall\u00e9e universities.<br \/>Author of many articles, books and recordings related to Jewish music, producer of radio programs, Herv\u00e9 Roten is recognized today as one of the best specialists of Jewish music in the world.<\/em><\/p>\n\n\n<h2 class=\"wp-block-heading\"><\/h2>\n\n\n<div class=\"wp-block-image\">\n<figure class=\"aligncenter size-large\"><img fetchpriority=\"high\" decoding=\"async\" width=\"1024\" height=\"133\" src=\"https:\/\/www.iemj.org\/wp-content\/uploads\/2024\/03\/AUDIO-PLAYER-1024x133.png\" alt=\"\" class=\"wp-image-110607\" srcset=\"https:\/\/www.iemj.org\/wp-content\/uploads\/2024\/03\/AUDIO-PLAYER-1024x133.png 1024w, https:\/\/www.iemj.org\/wp-content\/uploads\/2024\/03\/AUDIO-PLAYER-300x39.png 300w, https:\/\/www.iemj.org\/wp-content\/uploads\/2024\/03\/AUDIO-PLAYER-768x100.png 768w, https:\/\/www.iemj.org\/wp-content\/uploads\/2024\/03\/AUDIO-PLAYER-600x78.png 600w, https:\/\/www.iemj.org\/wp-content\/uploads\/2024\/03\/AUDIO-PLAYER.png 1210w\" sizes=\"(max-width: 1024px) 100vw, 1024px\" \/><\/figure>\n<\/div>\n\n\n<div class=\"wp-block-file\"><a href=\"https:\/\/www.iemj.org\/wp-content\/uploads\/2019\/10\/jfm79halevy_et_meyerbeer_2019-10-22_v128kbs.mp3\">L&#8217;oeuvre h\u00e9bra\u00efque de Fromental Hal\u00e9vy et Giacomo Meyerbeer &#8211; Herv\u00e9 Roten (Juda\u00efques FM 94.8)<\/a><\/div>\n","protected":false},"excerpt":{"rendered":"<p>MUSIQUES JUIVES D\u2019HIER ET D\u2019AUJOURD\u2019HUI \u2013 TUESDAY OCTOBER 22, 2019, JUDA\u00cfQUES FM (94.8), 21H00. Radio program in French<\/p>\n","protected":false},"author":1048,"featured_media":25871,"comment_status":"closed","ping_status":"closed","sticky":false,"template":"","format":"standard","meta":{"_acf_changed":false,"footnotes":""},"categories":[2162,899],"tags":[2210],"technique":[],"squelettes":[],"sujet":[],"formation":[],"genre":[1116],"fonds":[],"tradition":[1141],"type-de-contenu":[],"interprete-compositeur":[],"frise":[],"type-devenement":[],"tableaux-liens-externes":[],"class_list":["post-25875","post","type-post","status-publish","format-standard","has-post-thumbnail","hentry","category-herve-rotens-programs-en","category-radio-programs-en","tag-radio-shows-from-the-eijm-en","genre-liturgy","tradition-ashkenazi-rite-en"],"acf":[],"yoast_head":"<!-- This site is optimized with the Yoast SEO plugin v27.3 - https:\/\/yoast.com\/product\/yoast-seo-wordpress\/ -->\n<title>The Hebrew works of Fromental Hal\u00e9vy and Giacomo Meyerbeer - Institut Europ\u00e9en des Musiques Juives<\/title>\n<meta name=\"robots\" content=\"index, follow, max-snippet:-1, max-image-preview:large, max-video-preview:-1\" \/>\n<link rel=\"canonical\" href=\"https:\/\/www.iemj.org\/en\/the-hebrew-works-of-fromental-halevy-and-giacomo-meyerbeer\/\" \/>\n<meta property=\"og:locale\" content=\"en_US\" \/>\n<meta property=\"og:type\" content=\"article\" \/>\n<meta property=\"og:title\" content=\"The Hebrew works of Fromental Hal\u00e9vy and Giacomo Meyerbeer - Institut Europ\u00e9en des Musiques Juives\" \/>\n<meta property=\"og:description\" content=\"MUSIQUES JUIVES D\u2019HIER ET D\u2019AUJOURD\u2019HUI \u2013 TUESDAY OCTOBER 22, 2019, JUDA\u00cfQUES FM (94.8), 21H00. Radio program in French\" \/>\n<meta property=\"og:url\" content=\"https:\/\/www.iemj.org\/en\/the-hebrew-works-of-fromental-halevy-and-giacomo-meyerbeer\/\" \/>\n<meta property=\"og:site_name\" content=\"Institut Europ\u00e9en des Musiques Juives\" \/>\n<meta property=\"article:publisher\" content=\"https:\/\/www.facebook.com\/MusiquesJuives\/\" \/>\n<meta property=\"article:published_time\" content=\"2019-10-15T15:46:09+00:00\" \/>\n<meta property=\"article:modified_time\" content=\"2025-09-21T11:22:26+00:00\" \/>\n<meta property=\"og:image\" content=\"https:\/\/www.iemj.org\/wp-content\/uploads\/2019\/10\/arton4349.jpg\" \/>\n\t<meta property=\"og:image:width\" content=\"136\" \/>\n\t<meta property=\"og:image:height\" content=\"136\" \/>\n\t<meta property=\"og:image:type\" content=\"image\/jpeg\" \/>\n<meta name=\"author\" content=\"Jean-Gabriel Davis\" \/>\n<meta name=\"twitter:card\" content=\"summary_large_image\" \/>\n<meta name=\"twitter:label1\" content=\"Written by\" \/>\n\t<meta name=\"twitter:data1\" content=\"Jean-Gabriel Davis\" \/>\n\t<meta name=\"twitter:label2\" content=\"Est. reading time\" \/>\n\t<meta name=\"twitter:data2\" content=\"6 minutes\" \/>\n<script type=\"application\/ld+json\" class=\"yoast-schema-graph\">{\"@context\":\"https:\\\/\\\/schema.org\",\"@graph\":[{\"@type\":\"Article\",\"@id\":\"https:\\\/\\\/www.iemj.org\\\/en\\\/the-hebrew-works-of-fromental-halevy-and-giacomo-meyerbeer\\\/#article\",\"isPartOf\":{\"@id\":\"https:\\\/\\\/www.iemj.org\\\/en\\\/the-hebrew-works-of-fromental-halevy-and-giacomo-meyerbeer\\\/\"},\"author\":{\"name\":\"Jean-Gabriel Davis\",\"@id\":\"https:\\\/\\\/www.iemj.org\\\/en\\\/#\\\/schema\\\/person\\\/c9bc1c386a3749579a2d675e72a18666\"},\"headline\":\"The Hebrew works of Fromental Hal\u00e9vy and Giacomo Meyerbeer\",\"datePublished\":\"2019-10-15T15:46:09+00:00\",\"dateModified\":\"2025-09-21T11:22:26+00:00\",\"mainEntityOfPage\":{\"@id\":\"https:\\\/\\\/www.iemj.org\\\/en\\\/the-hebrew-works-of-fromental-halevy-and-giacomo-meyerbeer\\\/\"},\"wordCount\":958,\"publisher\":{\"@id\":\"https:\\\/\\\/www.iemj.org\\\/en\\\/#organization\"},\"image\":{\"@id\":\"https:\\\/\\\/www.iemj.org\\\/en\\\/the-hebrew-works-of-fromental-halevy-and-giacomo-meyerbeer\\\/#primaryimage\"},\"thumbnailUrl\":\"https:\\\/\\\/www.iemj.org\\\/wp-content\\\/uploads\\\/2019\\\/10\\\/arton4349.jpg\",\"keywords\":[\"Radio programs from the EIJM\"],\"articleSection\":[\"Herv\u00e9 Roten's Programs\",\"Radio programs\"],\"inLanguage\":\"en-US\"},{\"@type\":\"WebPage\",\"@id\":\"https:\\\/\\\/www.iemj.org\\\/en\\\/the-hebrew-works-of-fromental-halevy-and-giacomo-meyerbeer\\\/\",\"url\":\"https:\\\/\\\/www.iemj.org\\\/en\\\/the-hebrew-works-of-fromental-halevy-and-giacomo-meyerbeer\\\/\",\"name\":\"The Hebrew works of Fromental Hal\u00e9vy and Giacomo Meyerbeer - Institut Europ\u00e9en des Musiques Juives\",\"isPartOf\":{\"@id\":\"https:\\\/\\\/www.iemj.org\\\/en\\\/#website\"},\"primaryImageOfPage\":{\"@id\":\"https:\\\/\\\/www.iemj.org\\\/en\\\/the-hebrew-works-of-fromental-halevy-and-giacomo-meyerbeer\\\/#primaryimage\"},\"image\":{\"@id\":\"https:\\\/\\\/www.iemj.org\\\/en\\\/the-hebrew-works-of-fromental-halevy-and-giacomo-meyerbeer\\\/#primaryimage\"},\"thumbnailUrl\":\"https:\\\/\\\/www.iemj.org\\\/wp-content\\\/uploads\\\/2019\\\/10\\\/arton4349.jpg\",\"datePublished\":\"2019-10-15T15:46:09+00:00\",\"dateModified\":\"2025-09-21T11:22:26+00:00\",\"breadcrumb\":{\"@id\":\"https:\\\/\\\/www.iemj.org\\\/en\\\/the-hebrew-works-of-fromental-halevy-and-giacomo-meyerbeer\\\/#breadcrumb\"},\"inLanguage\":\"en-US\",\"potentialAction\":[{\"@type\":\"ReadAction\",\"target\":[\"https:\\\/\\\/www.iemj.org\\\/en\\\/the-hebrew-works-of-fromental-halevy-and-giacomo-meyerbeer\\\/\"]}]},{\"@type\":\"ImageObject\",\"inLanguage\":\"en-US\",\"@id\":\"https:\\\/\\\/www.iemj.org\\\/en\\\/the-hebrew-works-of-fromental-halevy-and-giacomo-meyerbeer\\\/#primaryimage\",\"url\":\"https:\\\/\\\/www.iemj.org\\\/wp-content\\\/uploads\\\/2019\\\/10\\\/arton4349.jpg\",\"contentUrl\":\"https:\\\/\\\/www.iemj.org\\\/wp-content\\\/uploads\\\/2019\\\/10\\\/arton4349.jpg\",\"width\":136,\"height\":136},{\"@type\":\"BreadcrumbList\",\"@id\":\"https:\\\/\\\/www.iemj.org\\\/en\\\/the-hebrew-works-of-fromental-halevy-and-giacomo-meyerbeer\\\/#breadcrumb\",\"itemListElement\":[{\"@type\":\"ListItem\",\"position\":1,\"name\":\"Accueil\",\"item\":\"https:\\\/\\\/www.iemj.org\\\/en\\\/\"},{\"@type\":\"ListItem\",\"position\":2,\"name\":\"The Hebrew works of Fromental Hal\u00e9vy and Giacomo Meyerbeer\"}]},{\"@type\":\"WebSite\",\"@id\":\"https:\\\/\\\/www.iemj.org\\\/en\\\/#website\",\"url\":\"https:\\\/\\\/www.iemj.org\\\/en\\\/\",\"name\":\"Institut Europ\u00e9en des Musiques Juives\",\"description\":\"Des traditions musicales \u00e0 la port\u00e9e de tous\",\"publisher\":{\"@id\":\"https:\\\/\\\/www.iemj.org\\\/en\\\/#organization\"},\"potentialAction\":[{\"@type\":\"SearchAction\",\"target\":{\"@type\":\"EntryPoint\",\"urlTemplate\":\"https:\\\/\\\/www.iemj.org\\\/en\\\/?s={search_term_string}\"},\"query-input\":{\"@type\":\"PropertyValueSpecification\",\"valueRequired\":true,\"valueName\":\"search_term_string\"}}],\"inLanguage\":\"en-US\"},{\"@type\":\"Organization\",\"@id\":\"https:\\\/\\\/www.iemj.org\\\/en\\\/#organization\",\"name\":\"Institut Europ\u00e9en des Musiques Juives\",\"url\":\"https:\\\/\\\/www.iemj.org\\\/en\\\/\",\"logo\":{\"@type\":\"ImageObject\",\"inLanguage\":\"en-US\",\"@id\":\"https:\\\/\\\/www.iemj.org\\\/en\\\/#\\\/schema\\\/logo\\\/image\\\/\",\"url\":\"https:\\\/\\\/www.iemj.org\\\/wp-content\\\/uploads\\\/2021\\\/09\\\/Logo-IEMJ-Paypal.jpg\",\"contentUrl\":\"https:\\\/\\\/www.iemj.org\\\/wp-content\\\/uploads\\\/2021\\\/09\\\/Logo-IEMJ-Paypal.jpg\",\"width\":150,\"height\":50,\"caption\":\"Institut Europ\u00e9en des Musiques Juives\"},\"image\":{\"@id\":\"https:\\\/\\\/www.iemj.org\\\/en\\\/#\\\/schema\\\/logo\\\/image\\\/\"},\"sameAs\":[\"https:\\\/\\\/www.facebook.com\\\/MusiquesJuives\\\/\",\"https:\\\/\\\/www.instagram.com\\\/musiquesjuives\\\/\",\"https:\\\/\\\/www.youtube.com\\\/user\\\/musiquesjuives\"]},{\"@type\":\"Person\",\"@id\":\"https:\\\/\\\/www.iemj.org\\\/en\\\/#\\\/schema\\\/person\\\/c9bc1c386a3749579a2d675e72a18666\",\"name\":\"Jean-Gabriel Davis\",\"image\":{\"@type\":\"ImageObject\",\"inLanguage\":\"en-US\",\"@id\":\"https:\\\/\\\/secure.gravatar.com\\\/avatar\\\/2b90d67bdf392c9b3a21fab87c0fa7edaf1fb3a058172a1ffd61033fcec7aec1?s=96&d=mm&r=g\",\"url\":\"https:\\\/\\\/secure.gravatar.com\\\/avatar\\\/2b90d67bdf392c9b3a21fab87c0fa7edaf1fb3a058172a1ffd61033fcec7aec1?s=96&d=mm&r=g\",\"contentUrl\":\"https:\\\/\\\/secure.gravatar.com\\\/avatar\\\/2b90d67bdf392c9b3a21fab87c0fa7edaf1fb3a058172a1ffd61033fcec7aec1?s=96&d=mm&r=g\",\"caption\":\"Jean-Gabriel Davis\"}}]}<\/script>\n<!-- \/ Yoast SEO plugin. -->","yoast_head_json":{"title":"The Hebrew works of Fromental Hal\u00e9vy and Giacomo Meyerbeer - Institut Europ\u00e9en des Musiques Juives","robots":{"index":"index","follow":"follow","max-snippet":"max-snippet:-1","max-image-preview":"max-image-preview:large","max-video-preview":"max-video-preview:-1"},"canonical":"https:\/\/www.iemj.org\/en\/the-hebrew-works-of-fromental-halevy-and-giacomo-meyerbeer\/","og_locale":"en_US","og_type":"article","og_title":"The Hebrew works of Fromental Hal\u00e9vy and Giacomo Meyerbeer - Institut Europ\u00e9en des Musiques Juives","og_description":"MUSIQUES JUIVES D\u2019HIER ET D\u2019AUJOURD\u2019HUI \u2013 TUESDAY OCTOBER 22, 2019, JUDA\u00cfQUES FM (94.8), 21H00. Radio program in French","og_url":"https:\/\/www.iemj.org\/en\/the-hebrew-works-of-fromental-halevy-and-giacomo-meyerbeer\/","og_site_name":"Institut Europ\u00e9en des Musiques Juives","article_publisher":"https:\/\/www.facebook.com\/MusiquesJuives\/","article_published_time":"2019-10-15T15:46:09+00:00","article_modified_time":"2025-09-21T11:22:26+00:00","og_image":[{"width":136,"height":136,"url":"https:\/\/www.iemj.org\/wp-content\/uploads\/2019\/10\/arton4349.jpg","type":"image\/jpeg"}],"author":"Jean-Gabriel Davis","twitter_card":"summary_large_image","twitter_misc":{"Written by":"Jean-Gabriel Davis","Est. reading time":"6 minutes"},"schema":{"@context":"https:\/\/schema.org","@graph":[{"@type":"Article","@id":"https:\/\/www.iemj.org\/en\/the-hebrew-works-of-fromental-halevy-and-giacomo-meyerbeer\/#article","isPartOf":{"@id":"https:\/\/www.iemj.org\/en\/the-hebrew-works-of-fromental-halevy-and-giacomo-meyerbeer\/"},"author":{"name":"Jean-Gabriel Davis","@id":"https:\/\/www.iemj.org\/en\/#\/schema\/person\/c9bc1c386a3749579a2d675e72a18666"},"headline":"The Hebrew works of Fromental Hal\u00e9vy and Giacomo Meyerbeer","datePublished":"2019-10-15T15:46:09+00:00","dateModified":"2025-09-21T11:22:26+00:00","mainEntityOfPage":{"@id":"https:\/\/www.iemj.org\/en\/the-hebrew-works-of-fromental-halevy-and-giacomo-meyerbeer\/"},"wordCount":958,"publisher":{"@id":"https:\/\/www.iemj.org\/en\/#organization"},"image":{"@id":"https:\/\/www.iemj.org\/en\/the-hebrew-works-of-fromental-halevy-and-giacomo-meyerbeer\/#primaryimage"},"thumbnailUrl":"https:\/\/www.iemj.org\/wp-content\/uploads\/2019\/10\/arton4349.jpg","keywords":["Radio programs from the EIJM"],"articleSection":["Herv\u00e9 Roten's Programs","Radio programs"],"inLanguage":"en-US"},{"@type":"WebPage","@id":"https:\/\/www.iemj.org\/en\/the-hebrew-works-of-fromental-halevy-and-giacomo-meyerbeer\/","url":"https:\/\/www.iemj.org\/en\/the-hebrew-works-of-fromental-halevy-and-giacomo-meyerbeer\/","name":"The Hebrew works of Fromental Hal\u00e9vy and Giacomo Meyerbeer - Institut Europ\u00e9en des Musiques Juives","isPartOf":{"@id":"https:\/\/www.iemj.org\/en\/#website"},"primaryImageOfPage":{"@id":"https:\/\/www.iemj.org\/en\/the-hebrew-works-of-fromental-halevy-and-giacomo-meyerbeer\/#primaryimage"},"image":{"@id":"https:\/\/www.iemj.org\/en\/the-hebrew-works-of-fromental-halevy-and-giacomo-meyerbeer\/#primaryimage"},"thumbnailUrl":"https:\/\/www.iemj.org\/wp-content\/uploads\/2019\/10\/arton4349.jpg","datePublished":"2019-10-15T15:46:09+00:00","dateModified":"2025-09-21T11:22:26+00:00","breadcrumb":{"@id":"https:\/\/www.iemj.org\/en\/the-hebrew-works-of-fromental-halevy-and-giacomo-meyerbeer\/#breadcrumb"},"inLanguage":"en-US","potentialAction":[{"@type":"ReadAction","target":["https:\/\/www.iemj.org\/en\/the-hebrew-works-of-fromental-halevy-and-giacomo-meyerbeer\/"]}]},{"@type":"ImageObject","inLanguage":"en-US","@id":"https:\/\/www.iemj.org\/en\/the-hebrew-works-of-fromental-halevy-and-giacomo-meyerbeer\/#primaryimage","url":"https:\/\/www.iemj.org\/wp-content\/uploads\/2019\/10\/arton4349.jpg","contentUrl":"https:\/\/www.iemj.org\/wp-content\/uploads\/2019\/10\/arton4349.jpg","width":136,"height":136},{"@type":"BreadcrumbList","@id":"https:\/\/www.iemj.org\/en\/the-hebrew-works-of-fromental-halevy-and-giacomo-meyerbeer\/#breadcrumb","itemListElement":[{"@type":"ListItem","position":1,"name":"Accueil","item":"https:\/\/www.iemj.org\/en\/"},{"@type":"ListItem","position":2,"name":"The Hebrew works of Fromental Hal\u00e9vy and Giacomo Meyerbeer"}]},{"@type":"WebSite","@id":"https:\/\/www.iemj.org\/en\/#website","url":"https:\/\/www.iemj.org\/en\/","name":"Institut Europ\u00e9en des Musiques Juives","description":"Des traditions musicales \u00e0 la port\u00e9e de tous","publisher":{"@id":"https:\/\/www.iemj.org\/en\/#organization"},"potentialAction":[{"@type":"SearchAction","target":{"@type":"EntryPoint","urlTemplate":"https:\/\/www.iemj.org\/en\/?s={search_term_string}"},"query-input":{"@type":"PropertyValueSpecification","valueRequired":true,"valueName":"search_term_string"}}],"inLanguage":"en-US"},{"@type":"Organization","@id":"https:\/\/www.iemj.org\/en\/#organization","name":"Institut Europ\u00e9en des Musiques Juives","url":"https:\/\/www.iemj.org\/en\/","logo":{"@type":"ImageObject","inLanguage":"en-US","@id":"https:\/\/www.iemj.org\/en\/#\/schema\/logo\/image\/","url":"https:\/\/www.iemj.org\/wp-content\/uploads\/2021\/09\/Logo-IEMJ-Paypal.jpg","contentUrl":"https:\/\/www.iemj.org\/wp-content\/uploads\/2021\/09\/Logo-IEMJ-Paypal.jpg","width":150,"height":50,"caption":"Institut Europ\u00e9en des Musiques Juives"},"image":{"@id":"https:\/\/www.iemj.org\/en\/#\/schema\/logo\/image\/"},"sameAs":["https:\/\/www.facebook.com\/MusiquesJuives\/","https:\/\/www.instagram.com\/musiquesjuives\/","https:\/\/www.youtube.com\/user\/musiquesjuives"]},{"@type":"Person","@id":"https:\/\/www.iemj.org\/en\/#\/schema\/person\/c9bc1c386a3749579a2d675e72a18666","name":"Jean-Gabriel Davis","image":{"@type":"ImageObject","inLanguage":"en-US","@id":"https:\/\/secure.gravatar.com\/avatar\/2b90d67bdf392c9b3a21fab87c0fa7edaf1fb3a058172a1ffd61033fcec7aec1?s=96&d=mm&r=g","url":"https:\/\/secure.gravatar.com\/avatar\/2b90d67bdf392c9b3a21fab87c0fa7edaf1fb3a058172a1ffd61033fcec7aec1?s=96&d=mm&r=g","contentUrl":"https:\/\/secure.gravatar.com\/avatar\/2b90d67bdf392c9b3a21fab87c0fa7edaf1fb3a058172a1ffd61033fcec7aec1?s=96&d=mm&r=g","caption":"Jean-Gabriel Davis"}}]}},"_links":{"self":[{"href":"https:\/\/www.iemj.org\/en\/wp-json\/wp\/v2\/posts\/25875","targetHints":{"allow":["GET"]}}],"collection":[{"href":"https:\/\/www.iemj.org\/en\/wp-json\/wp\/v2\/posts"}],"about":[{"href":"https:\/\/www.iemj.org\/en\/wp-json\/wp\/v2\/types\/post"}],"author":[{"embeddable":true,"href":"https:\/\/www.iemj.org\/en\/wp-json\/wp\/v2\/users\/1048"}],"replies":[{"embeddable":true,"href":"https:\/\/www.iemj.org\/en\/wp-json\/wp\/v2\/comments?post=25875"}],"version-history":[{"count":0,"href":"https:\/\/www.iemj.org\/en\/wp-json\/wp\/v2\/posts\/25875\/revisions"}],"wp:featuredmedia":[{"embeddable":true,"href":"https:\/\/www.iemj.org\/en\/wp-json\/wp\/v2\/media\/25871"}],"wp:attachment":[{"href":"https:\/\/www.iemj.org\/en\/wp-json\/wp\/v2\/media?parent=25875"}],"wp:term":[{"taxonomy":"category","embeddable":true,"href":"https:\/\/www.iemj.org\/en\/wp-json\/wp\/v2\/categories?post=25875"},{"taxonomy":"post_tag","embeddable":true,"href":"https:\/\/www.iemj.org\/en\/wp-json\/wp\/v2\/tags?post=25875"},{"taxonomy":"technique","embeddable":true,"href":"https:\/\/www.iemj.org\/en\/wp-json\/wp\/v2\/technique?post=25875"},{"taxonomy":"squelettes","embeddable":true,"href":"https:\/\/www.iemj.org\/en\/wp-json\/wp\/v2\/squelettes?post=25875"},{"taxonomy":"sujet","embeddable":true,"href":"https:\/\/www.iemj.org\/en\/wp-json\/wp\/v2\/sujet?post=25875"},{"taxonomy":"formation","embeddable":true,"href":"https:\/\/www.iemj.org\/en\/wp-json\/wp\/v2\/formation?post=25875"},{"taxonomy":"genre","embeddable":true,"href":"https:\/\/www.iemj.org\/en\/wp-json\/wp\/v2\/genre?post=25875"},{"taxonomy":"fonds","embeddable":true,"href":"https:\/\/www.iemj.org\/en\/wp-json\/wp\/v2\/fonds?post=25875"},{"taxonomy":"tradition","embeddable":true,"href":"https:\/\/www.iemj.org\/en\/wp-json\/wp\/v2\/tradition?post=25875"},{"taxonomy":"type-de-contenu","embeddable":true,"href":"https:\/\/www.iemj.org\/en\/wp-json\/wp\/v2\/type-de-contenu?post=25875"},{"taxonomy":"interprete-compositeur","embeddable":true,"href":"https:\/\/www.iemj.org\/en\/wp-json\/wp\/v2\/interprete-compositeur?post=25875"},{"taxonomy":"frise","embeddable":true,"href":"https:\/\/www.iemj.org\/en\/wp-json\/wp\/v2\/frise?post=25875"},{"taxonomy":"type-devenement","embeddable":true,"href":"https:\/\/www.iemj.org\/en\/wp-json\/wp\/v2\/type-devenement?post=25875"},{"taxonomy":"tableaux-liens-externes","embeddable":true,"href":"https:\/\/www.iemj.org\/en\/wp-json\/wp\/v2\/tableaux-liens-externes?post=25875"}],"curies":[{"name":"wp","href":"https:\/\/api.w.org\/{rel}","templated":true}]}}