{"id":26052,"date":"2019-11-13T11:03:50","date_gmt":"2019-11-13T10:03:50","guid":{"rendered":"https:\/\/www.iemj.org\/a-family-story-isaac-and-jacques-offenbach\/"},"modified":"2025-09-21T13:20:40","modified_gmt":"2025-09-21T11:20:40","slug":"a-family-story-isaac-and-jacques-offenbach","status":"publish","type":"post","link":"https:\/\/www.iemj.org\/en\/a-family-story-isaac-and-jacques-offenbach\/","title":{"rendered":"A family story : Isaac and Jacques Offenbach"},"content":{"rendered":"<p class=\"post_excerpt\"><strong>MUSIQUES JUIVES D\u2019HIER ET D\u2019AUJOURD\u2019HUI \u2013 NOVEMBER 19, 2019, JUDA\u00cfQUES FM (94.8), 21H00. Radio program in French<\/strong><\/p>\n<p><!--more--><br \/>On the occasion of the release of the CD <a href=\"https:\/\/www.iemj.org\/en\/jacques-offenbach-et-ses-proches-de-la-synagogue-a-lopera\/\" target=\"_blank\" rel=\"noopener\">Jacques Offenbach and friends &#8211; From the Synagogue to the Opera<\/a>, Herv\u00e9 Roten invites Jacobo Kaufmann, stage director, writer and researcher, and author of several books and articles dedicated to Jacques Offenbach (1819-1880) and his father Isaac Offenbach (1779-1850)<\/p>\n<p><a href=\"https:\/\/www.iemj.org\/en\/offenbach-isaac-1779-1850\/\" target=\"_blank\" rel=\"noopener\"><strong>Isaac Offenbach<\/strong><\/a> was born in Offenbach-sur-le-Main, near Frankfurt, on October 26, 1779. Orphan when he was very young, he learned music with travelling cantors. In 1802, he settled down in Deutz, a town on the Rhine facing Cologne, and started to make a living by singing in Jewish religious services, but also as a violonist in ballrooms and taverns. In Deutz, where he was called \u00ab der Offenbacher \u00bb, he got married with Marianne Rindskopf. And, following the Napoleon&#8217;s decree of 1808, he changed his last name Eberst into Offenbach.<br \/>Isaac Offenbach earned his living as a teacher of violin, flute, guitar and singing, and from 1820 as a cantor in the synagogue of Cologne. For thirty years, he wrote liturgical compositions for Shabbat service and Jewish holidays, as well as a music theatre piece, <em>Esther, queen of Persia or The Israelites got away from Haman&#8217;s vengeance<\/em> and other Purim&#8217;s songs. He is also the author of several secular pieces, like his <em>Twelve sonatinas for guitar<\/em>.<br \/>Isaac Offenbach passed away on the April 26, 1850, at the age of 71. Most of his musical and literary works are kept at the Hebrew Union College of New York and at the National Library of Jerusalem.<\/p>\n<p><a href=\"https:\/\/www.iemj.org\/en\/offenbach-jacques-1819-1880\/\" target=\"_blank\" rel=\"noopener\"><strong>Jacques Offenbach<\/strong><\/a> was one of the 9 children of Isaac and Marianne Offenbach. Born in Cologne on June 2, 1819, he left with his father and brother Jules to Paris to start superior music studies. France was then the only country in Europe where a Jew could have a career in music without converting. At the age of 14, Jacques entered the cello class at the Conservatoire de Musique of Paris, and his brother Jules learned violin with Paganini.<br \/>On December 1, 1833, the two brothers were hired at the Parisian synagogue Notre-Dame de Nazareth as \u00ab in charge of the training and direction of the Choir \u00bb. Following a disagreement with the rabbi of the synagogue, their contract was not renewed. Having to work to earn a living, Jacques left the music school after one year and entered the orchestra of the Op\u00e9ra Comique where he attracted the attention of Jacques Fromental Hal\u00e9vy who gave him composition and orchestration lessons.<br \/>From 1839, Jacques Offenbach wrote a few stage music pieces for the Op\u00e9ra Comique and gave cello concerts. His growing reputation gave him access to the Com\u00e9die Fran\u00e7aise, where he became music director in 1847. In 1855, he opened his own theatre : the Bouffes-Parisiens, where he created several opera-bouffes acclaimed by the public : <em>Orpheus in Hell<\/em>, <em>The Grand Duchess of Gerolstein<\/em>, <em>La Vie parisienne<\/em>, <em>The Bandits<\/em>\u2026 In 1870, Offenbach&#8217;s career was interrupted by the Franco-Prussian war. Offenbach turned then to the opera-bouffe-f\u00e9\u00e9rie (<em>King Carrot<\/em>) and to the patriotic opera (<em>The Drum Major&#8217;s Daughter<\/em>). He passed away on the October 5, 1880, a few months before the premiere of the opera which would bring him the recognition he waited so long for, <em>The Tales of Hoffmann<\/em> \u2013 one of the most performed French operas nowadays.<br \/>In 1844, Jacques Offenbach converted to Catholicism to marry H\u00e9rminie d&#8217;Alcain (1827-1887). But Jacques Offenbach grew up with the chants of the synagogue. At the age of 16, he wrote several waltzes on Jewish motifs of the XVth century, called <em>Rebecca<\/em> (1837, unpublished). And in 1841, on the occasion of the visit to his father in Cologne, he composed two synagogal chorals (<em>Tovo lefone\u2019ho<\/em> and <em>Ochamnou<\/em>) for the prayer of confession of Yom Kippur. This Jewish work by Offenbach \u2013 that we will hear during this broadcast &#8211; was rediscovered about thirty years ago by Jacobo Kaufmann, from original manuscripts by Isaac Offenbach kept in New York and Jerusalem.<\/p>\n<p>A fascinating program, not to miss\u2026<\/p>\n<p><a href=\"https:\/\/www.iemj.org\/en\/offenbach-isaac-1779-1850\/\" target=\"_blank\" rel=\"noopener\">Read Isaac Offenbach&#8217;s biography<\/a><br \/><a href=\"https:\/\/www.iemj.org\/en\/offenbach-jacques-1819-1880\/\" target=\"_blank\" rel=\"noopener\">Read Jacques Offenbach&#8217;s biography<\/a><br \/><a href=\"https:\/\/www.iemj.org\/en\/isaac-offenbach-and-his-son-jacques-2\/\" target=\"_blank\" rel=\"noopener\">Learn more on Jacobo Kaufmann&#8217;s book <em>Isaac Offenbach and his son Jacques<\/em><\/a><\/p>\n<p><a href=\"https:\/\/www.iemj.org\/en\/produit\/jacques-offenbach-et-ses-proches-de-la-synagogue-a-lopera\/\"><img decoding=\"async\" class=\" alignleft size-full wp-image-25854\" src=\"https:\/\/www.iemj.org\/wp-content\/uploads\/2019\/10\/couv_cdc_6_offenbach_vignette_jack.jpg\" alt=\"couv_cdc_6_offenbach_vignette_jack.jpg\" width=\"87\" height=\"85\" align=\"left\" \/><\/a><br \/><a href=\"https:\/\/www.iemj.org\/en\/produit\/jacques-offenbach-et-ses-proches-de-la-synagogue-a-lopera\/\">Purchase the CD <strong>Jacques Offenbach and friends &#8211; From the Synagogue to the Opera<\/strong> &#8211; Vol.6, Ed. IEMJ, on our online shop<\/a><\/p>\n<\/p>\n<p><iframe src=\"https:\/\/www.youtube.com\/embed\/ewurFANLB1E\" width=\"700\" height=\"393\" frameborder=\"0\" allowfullscreen=\"allowfullscreen\"><\/iframe><\/p>\n<p><em><img decoding=\"async\" class=\" alignleft size-full wp-image-25839\" src=\"https:\/\/www.iemj.org\/wp-content\/uploads\/2019\/10\/herve_photo_retouche_fond_uni_bleu_500px.jpg\" alt=\"herve_photo_retouche_fond_uni_bleu_500px.jpg\" width=\"140\" height=\"189\" align=\"left\" \/>Officer of the Ordre of Arts and letters, PhD in musicology at Paris University Sorbonne, prize-winning graduate from the Conservatoire National Sup\u00e9rieur de Musique et de Danse de Paris, Herv\u00e9 Roten is the director of the European Institute of Jewish Music since its creation in 2006.<br \/>Ethnomusicologist, he quickly developed an interest in the safeguard and digitization of archives, subjects he taught for several years in Reims and Marne-La-Vall\u00e9e universities.<br \/>Author of many articles, books and recordings related to Jewish music, producer of radio programs, Herv\u00e9 Roten is recognized today as one of the best specialists of Jewish music in the world.<\/em><\/p>\n\n\n<h2 class=\"wp-block-heading\"><\/h2>\n\n\n<div class=\"wp-block-image\">\n<figure class=\"aligncenter size-large\"><img fetchpriority=\"high\" decoding=\"async\" width=\"1024\" height=\"133\" src=\"https:\/\/www.iemj.org\/wp-content\/uploads\/2024\/03\/AUDIO-PLAYER-1024x133.png\" alt=\"\" class=\"wp-image-110607\" srcset=\"https:\/\/www.iemj.org\/wp-content\/uploads\/2024\/03\/AUDIO-PLAYER-1024x133.png 1024w, https:\/\/www.iemj.org\/wp-content\/uploads\/2024\/03\/AUDIO-PLAYER-300x39.png 300w, https:\/\/www.iemj.org\/wp-content\/uploads\/2024\/03\/AUDIO-PLAYER-768x100.png 768w, https:\/\/www.iemj.org\/wp-content\/uploads\/2024\/03\/AUDIO-PLAYER-600x78.png 600w, https:\/\/www.iemj.org\/wp-content\/uploads\/2024\/03\/AUDIO-PLAYER.png 1210w\" sizes=\"(max-width: 1024px) 100vw, 1024px\" \/><\/figure>\n<\/div>\n\n\n<div class=\"wp-block-file\"><a href=\"https:\/\/www.iemj.org\/wp-content\/uploads\/2019\/11\/jfm80_offenbach_pere_et_fils_2019-11-19_v128kbs.mp3\">Une histoire de famille : Isaac et Jacques Offenbach &#8211; Herv\u00e9 Roten (Juda\u00efques FM 94.8)<\/a><\/div>\n","protected":false},"excerpt":{"rendered":"<p>MUSIQUES JUIVES D\u2019HIER ET D\u2019AUJOURD\u2019HUI \u2013 NOVEMBER 19, 2019, JUDA\u00cfQUES FM (94.8), 21H00. Radio program in French<\/p>\n","protected":false},"author":1048,"featured_media":26048,"comment_status":"closed","ping_status":"closed","sticky":false,"template":"","format":"standard","meta":{"_acf_changed":false,"footnotes":""},"categories":[2162,899],"tags":[2210],"technique":[],"squelettes":[],"sujet":[],"formation":[],"genre":[],"fonds":[],"tradition":[],"type-de-contenu":[],"interprete-compositeur":[3203],"frise":[],"type-devenement":[],"tableaux-liens-externes":[],"class_list":["post-26052","post","type-post","status-publish","format-standard","has-post-thumbnail","hentry","category-herve-rotens-programs-en","category-radio-programs-en","tag-radio-shows-from-the-eijm-en","interprete-compositeur-jacques-offenbach-en-2"],"acf":[],"yoast_head":"<!-- This site is optimized with the Yoast SEO plugin v27.3 - https:\/\/yoast.com\/product\/yoast-seo-wordpress\/ -->\n<title>A family story : Isaac and Jacques Offenbach - Institut Europ\u00e9en des Musiques Juives<\/title>\n<meta name=\"robots\" content=\"index, follow, max-snippet:-1, max-image-preview:large, max-video-preview:-1\" \/>\n<link rel=\"canonical\" href=\"https:\/\/www.iemj.org\/en\/a-family-story-isaac-and-jacques-offenbach\/\" \/>\n<meta property=\"og:locale\" content=\"en_US\" \/>\n<meta property=\"og:type\" content=\"article\" \/>\n<meta property=\"og:title\" content=\"A family story : Isaac and Jacques Offenbach - Institut Europ\u00e9en des Musiques Juives\" \/>\n<meta property=\"og:description\" content=\"MUSIQUES JUIVES D\u2019HIER ET D\u2019AUJOURD\u2019HUI \u2013 NOVEMBER 19, 2019, JUDA\u00cfQUES FM (94.8), 21H00. Radio program in French\" \/>\n<meta property=\"og:url\" content=\"https:\/\/www.iemj.org\/en\/a-family-story-isaac-and-jacques-offenbach\/\" \/>\n<meta property=\"og:site_name\" content=\"Institut Europ\u00e9en des Musiques Juives\" \/>\n<meta property=\"article:publisher\" content=\"https:\/\/www.facebook.com\/MusiquesJuives\/\" \/>\n<meta property=\"article:published_time\" content=\"2019-11-13T10:03:50+00:00\" \/>\n<meta property=\"article:modified_time\" content=\"2025-09-21T11:20:40+00:00\" \/>\n<meta property=\"og:image\" content=\"https:\/\/www.iemj.org\/wp-content\/uploads\/2019\/11\/arton4385.jpg\" \/>\n\t<meta property=\"og:image:width\" content=\"136\" \/>\n\t<meta property=\"og:image:height\" content=\"136\" \/>\n\t<meta property=\"og:image:type\" content=\"image\/jpeg\" \/>\n<meta name=\"author\" content=\"Jean-Gabriel Davis\" \/>\n<meta name=\"twitter:card\" content=\"summary_large_image\" \/>\n<meta name=\"twitter:label1\" content=\"Written by\" \/>\n\t<meta name=\"twitter:data1\" content=\"Jean-Gabriel Davis\" \/>\n\t<meta name=\"twitter:label2\" content=\"Est. reading time\" \/>\n\t<meta name=\"twitter:data2\" content=\"6 minutes\" \/>\n<script type=\"application\/ld+json\" class=\"yoast-schema-graph\">{\"@context\":\"https:\\\/\\\/schema.org\",\"@graph\":[{\"@type\":\"Article\",\"@id\":\"https:\\\/\\\/www.iemj.org\\\/en\\\/a-family-story-isaac-and-jacques-offenbach\\\/#article\",\"isPartOf\":{\"@id\":\"https:\\\/\\\/www.iemj.org\\\/en\\\/a-family-story-isaac-and-jacques-offenbach\\\/\"},\"author\":{\"name\":\"Jean-Gabriel Davis\",\"@id\":\"https:\\\/\\\/www.iemj.org\\\/en\\\/#\\\/schema\\\/person\\\/c9bc1c386a3749579a2d675e72a18666\"},\"headline\":\"A family story : Isaac and Jacques Offenbach\",\"datePublished\":\"2019-11-13T10:03:50+00:00\",\"dateModified\":\"2025-09-21T11:20:40+00:00\",\"mainEntityOfPage\":{\"@id\":\"https:\\\/\\\/www.iemj.org\\\/en\\\/a-family-story-isaac-and-jacques-offenbach\\\/\"},\"wordCount\":832,\"publisher\":{\"@id\":\"https:\\\/\\\/www.iemj.org\\\/en\\\/#organization\"},\"image\":{\"@id\":\"https:\\\/\\\/www.iemj.org\\\/en\\\/a-family-story-isaac-and-jacques-offenbach\\\/#primaryimage\"},\"thumbnailUrl\":\"https:\\\/\\\/www.iemj.org\\\/wp-content\\\/uploads\\\/2019\\\/11\\\/arton4385.jpg\",\"keywords\":[\"Radio programs from the EIJM\"],\"articleSection\":[\"Herv\u00e9 Roten's Programs\",\"Radio programs\"],\"inLanguage\":\"en-US\"},{\"@type\":\"WebPage\",\"@id\":\"https:\\\/\\\/www.iemj.org\\\/en\\\/a-family-story-isaac-and-jacques-offenbach\\\/\",\"url\":\"https:\\\/\\\/www.iemj.org\\\/en\\\/a-family-story-isaac-and-jacques-offenbach\\\/\",\"name\":\"A family story : Isaac and Jacques Offenbach - Institut Europ\u00e9en des Musiques Juives\",\"isPartOf\":{\"@id\":\"https:\\\/\\\/www.iemj.org\\\/en\\\/#website\"},\"primaryImageOfPage\":{\"@id\":\"https:\\\/\\\/www.iemj.org\\\/en\\\/a-family-story-isaac-and-jacques-offenbach\\\/#primaryimage\"},\"image\":{\"@id\":\"https:\\\/\\\/www.iemj.org\\\/en\\\/a-family-story-isaac-and-jacques-offenbach\\\/#primaryimage\"},\"thumbnailUrl\":\"https:\\\/\\\/www.iemj.org\\\/wp-content\\\/uploads\\\/2019\\\/11\\\/arton4385.jpg\",\"datePublished\":\"2019-11-13T10:03:50+00:00\",\"dateModified\":\"2025-09-21T11:20:40+00:00\",\"breadcrumb\":{\"@id\":\"https:\\\/\\\/www.iemj.org\\\/en\\\/a-family-story-isaac-and-jacques-offenbach\\\/#breadcrumb\"},\"inLanguage\":\"en-US\",\"potentialAction\":[{\"@type\":\"ReadAction\",\"target\":[\"https:\\\/\\\/www.iemj.org\\\/en\\\/a-family-story-isaac-and-jacques-offenbach\\\/\"]}]},{\"@type\":\"ImageObject\",\"inLanguage\":\"en-US\",\"@id\":\"https:\\\/\\\/www.iemj.org\\\/en\\\/a-family-story-isaac-and-jacques-offenbach\\\/#primaryimage\",\"url\":\"https:\\\/\\\/www.iemj.org\\\/wp-content\\\/uploads\\\/2019\\\/11\\\/arton4385.jpg\",\"contentUrl\":\"https:\\\/\\\/www.iemj.org\\\/wp-content\\\/uploads\\\/2019\\\/11\\\/arton4385.jpg\",\"width\":136,\"height\":136},{\"@type\":\"BreadcrumbList\",\"@id\":\"https:\\\/\\\/www.iemj.org\\\/en\\\/a-family-story-isaac-and-jacques-offenbach\\\/#breadcrumb\",\"itemListElement\":[{\"@type\":\"ListItem\",\"position\":1,\"name\":\"Accueil\",\"item\":\"https:\\\/\\\/www.iemj.org\\\/en\\\/\"},{\"@type\":\"ListItem\",\"position\":2,\"name\":\"A family story : Isaac and Jacques Offenbach\"}]},{\"@type\":\"WebSite\",\"@id\":\"https:\\\/\\\/www.iemj.org\\\/en\\\/#website\",\"url\":\"https:\\\/\\\/www.iemj.org\\\/en\\\/\",\"name\":\"Institut Europ\u00e9en des Musiques Juives\",\"description\":\"Des traditions musicales \u00e0 la port\u00e9e de tous\",\"publisher\":{\"@id\":\"https:\\\/\\\/www.iemj.org\\\/en\\\/#organization\"},\"potentialAction\":[{\"@type\":\"SearchAction\",\"target\":{\"@type\":\"EntryPoint\",\"urlTemplate\":\"https:\\\/\\\/www.iemj.org\\\/en\\\/?s={search_term_string}\"},\"query-input\":{\"@type\":\"PropertyValueSpecification\",\"valueRequired\":true,\"valueName\":\"search_term_string\"}}],\"inLanguage\":\"en-US\"},{\"@type\":\"Organization\",\"@id\":\"https:\\\/\\\/www.iemj.org\\\/en\\\/#organization\",\"name\":\"Institut Europ\u00e9en des Musiques Juives\",\"url\":\"https:\\\/\\\/www.iemj.org\\\/en\\\/\",\"logo\":{\"@type\":\"ImageObject\",\"inLanguage\":\"en-US\",\"@id\":\"https:\\\/\\\/www.iemj.org\\\/en\\\/#\\\/schema\\\/logo\\\/image\\\/\",\"url\":\"https:\\\/\\\/www.iemj.org\\\/wp-content\\\/uploads\\\/2021\\\/09\\\/Logo-IEMJ-Paypal.jpg\",\"contentUrl\":\"https:\\\/\\\/www.iemj.org\\\/wp-content\\\/uploads\\\/2021\\\/09\\\/Logo-IEMJ-Paypal.jpg\",\"width\":150,\"height\":50,\"caption\":\"Institut Europ\u00e9en des Musiques Juives\"},\"image\":{\"@id\":\"https:\\\/\\\/www.iemj.org\\\/en\\\/#\\\/schema\\\/logo\\\/image\\\/\"},\"sameAs\":[\"https:\\\/\\\/www.facebook.com\\\/MusiquesJuives\\\/\",\"https:\\\/\\\/www.instagram.com\\\/musiquesjuives\\\/\",\"https:\\\/\\\/www.youtube.com\\\/user\\\/musiquesjuives\"]},{\"@type\":\"Person\",\"@id\":\"https:\\\/\\\/www.iemj.org\\\/en\\\/#\\\/schema\\\/person\\\/c9bc1c386a3749579a2d675e72a18666\",\"name\":\"Jean-Gabriel Davis\",\"image\":{\"@type\":\"ImageObject\",\"inLanguage\":\"en-US\",\"@id\":\"https:\\\/\\\/secure.gravatar.com\\\/avatar\\\/2b90d67bdf392c9b3a21fab87c0fa7edaf1fb3a058172a1ffd61033fcec7aec1?s=96&d=mm&r=g\",\"url\":\"https:\\\/\\\/secure.gravatar.com\\\/avatar\\\/2b90d67bdf392c9b3a21fab87c0fa7edaf1fb3a058172a1ffd61033fcec7aec1?s=96&d=mm&r=g\",\"contentUrl\":\"https:\\\/\\\/secure.gravatar.com\\\/avatar\\\/2b90d67bdf392c9b3a21fab87c0fa7edaf1fb3a058172a1ffd61033fcec7aec1?s=96&d=mm&r=g\",\"caption\":\"Jean-Gabriel Davis\"}}]}<\/script>\n<!-- \/ Yoast SEO plugin. -->","yoast_head_json":{"title":"A family story : Isaac and Jacques Offenbach - Institut Europ\u00e9en des Musiques Juives","robots":{"index":"index","follow":"follow","max-snippet":"max-snippet:-1","max-image-preview":"max-image-preview:large","max-video-preview":"max-video-preview:-1"},"canonical":"https:\/\/www.iemj.org\/en\/a-family-story-isaac-and-jacques-offenbach\/","og_locale":"en_US","og_type":"article","og_title":"A family story : Isaac and Jacques Offenbach - Institut Europ\u00e9en des Musiques Juives","og_description":"MUSIQUES JUIVES D\u2019HIER ET D\u2019AUJOURD\u2019HUI \u2013 NOVEMBER 19, 2019, JUDA\u00cfQUES FM (94.8), 21H00. Radio program in French","og_url":"https:\/\/www.iemj.org\/en\/a-family-story-isaac-and-jacques-offenbach\/","og_site_name":"Institut Europ\u00e9en des Musiques Juives","article_publisher":"https:\/\/www.facebook.com\/MusiquesJuives\/","article_published_time":"2019-11-13T10:03:50+00:00","article_modified_time":"2025-09-21T11:20:40+00:00","og_image":[{"width":136,"height":136,"url":"https:\/\/www.iemj.org\/wp-content\/uploads\/2019\/11\/arton4385.jpg","type":"image\/jpeg"}],"author":"Jean-Gabriel Davis","twitter_card":"summary_large_image","twitter_misc":{"Written by":"Jean-Gabriel Davis","Est. reading time":"6 minutes"},"schema":{"@context":"https:\/\/schema.org","@graph":[{"@type":"Article","@id":"https:\/\/www.iemj.org\/en\/a-family-story-isaac-and-jacques-offenbach\/#article","isPartOf":{"@id":"https:\/\/www.iemj.org\/en\/a-family-story-isaac-and-jacques-offenbach\/"},"author":{"name":"Jean-Gabriel Davis","@id":"https:\/\/www.iemj.org\/en\/#\/schema\/person\/c9bc1c386a3749579a2d675e72a18666"},"headline":"A family story : Isaac and Jacques Offenbach","datePublished":"2019-11-13T10:03:50+00:00","dateModified":"2025-09-21T11:20:40+00:00","mainEntityOfPage":{"@id":"https:\/\/www.iemj.org\/en\/a-family-story-isaac-and-jacques-offenbach\/"},"wordCount":832,"publisher":{"@id":"https:\/\/www.iemj.org\/en\/#organization"},"image":{"@id":"https:\/\/www.iemj.org\/en\/a-family-story-isaac-and-jacques-offenbach\/#primaryimage"},"thumbnailUrl":"https:\/\/www.iemj.org\/wp-content\/uploads\/2019\/11\/arton4385.jpg","keywords":["Radio programs from the EIJM"],"articleSection":["Herv\u00e9 Roten's Programs","Radio programs"],"inLanguage":"en-US"},{"@type":"WebPage","@id":"https:\/\/www.iemj.org\/en\/a-family-story-isaac-and-jacques-offenbach\/","url":"https:\/\/www.iemj.org\/en\/a-family-story-isaac-and-jacques-offenbach\/","name":"A family story : Isaac and Jacques Offenbach - Institut Europ\u00e9en des Musiques Juives","isPartOf":{"@id":"https:\/\/www.iemj.org\/en\/#website"},"primaryImageOfPage":{"@id":"https:\/\/www.iemj.org\/en\/a-family-story-isaac-and-jacques-offenbach\/#primaryimage"},"image":{"@id":"https:\/\/www.iemj.org\/en\/a-family-story-isaac-and-jacques-offenbach\/#primaryimage"},"thumbnailUrl":"https:\/\/www.iemj.org\/wp-content\/uploads\/2019\/11\/arton4385.jpg","datePublished":"2019-11-13T10:03:50+00:00","dateModified":"2025-09-21T11:20:40+00:00","breadcrumb":{"@id":"https:\/\/www.iemj.org\/en\/a-family-story-isaac-and-jacques-offenbach\/#breadcrumb"},"inLanguage":"en-US","potentialAction":[{"@type":"ReadAction","target":["https:\/\/www.iemj.org\/en\/a-family-story-isaac-and-jacques-offenbach\/"]}]},{"@type":"ImageObject","inLanguage":"en-US","@id":"https:\/\/www.iemj.org\/en\/a-family-story-isaac-and-jacques-offenbach\/#primaryimage","url":"https:\/\/www.iemj.org\/wp-content\/uploads\/2019\/11\/arton4385.jpg","contentUrl":"https:\/\/www.iemj.org\/wp-content\/uploads\/2019\/11\/arton4385.jpg","width":136,"height":136},{"@type":"BreadcrumbList","@id":"https:\/\/www.iemj.org\/en\/a-family-story-isaac-and-jacques-offenbach\/#breadcrumb","itemListElement":[{"@type":"ListItem","position":1,"name":"Accueil","item":"https:\/\/www.iemj.org\/en\/"},{"@type":"ListItem","position":2,"name":"A family story : Isaac and Jacques Offenbach"}]},{"@type":"WebSite","@id":"https:\/\/www.iemj.org\/en\/#website","url":"https:\/\/www.iemj.org\/en\/","name":"Institut Europ\u00e9en des Musiques Juives","description":"Des traditions musicales \u00e0 la port\u00e9e de tous","publisher":{"@id":"https:\/\/www.iemj.org\/en\/#organization"},"potentialAction":[{"@type":"SearchAction","target":{"@type":"EntryPoint","urlTemplate":"https:\/\/www.iemj.org\/en\/?s={search_term_string}"},"query-input":{"@type":"PropertyValueSpecification","valueRequired":true,"valueName":"search_term_string"}}],"inLanguage":"en-US"},{"@type":"Organization","@id":"https:\/\/www.iemj.org\/en\/#organization","name":"Institut Europ\u00e9en des Musiques Juives","url":"https:\/\/www.iemj.org\/en\/","logo":{"@type":"ImageObject","inLanguage":"en-US","@id":"https:\/\/www.iemj.org\/en\/#\/schema\/logo\/image\/","url":"https:\/\/www.iemj.org\/wp-content\/uploads\/2021\/09\/Logo-IEMJ-Paypal.jpg","contentUrl":"https:\/\/www.iemj.org\/wp-content\/uploads\/2021\/09\/Logo-IEMJ-Paypal.jpg","width":150,"height":50,"caption":"Institut Europ\u00e9en des Musiques Juives"},"image":{"@id":"https:\/\/www.iemj.org\/en\/#\/schema\/logo\/image\/"},"sameAs":["https:\/\/www.facebook.com\/MusiquesJuives\/","https:\/\/www.instagram.com\/musiquesjuives\/","https:\/\/www.youtube.com\/user\/musiquesjuives"]},{"@type":"Person","@id":"https:\/\/www.iemj.org\/en\/#\/schema\/person\/c9bc1c386a3749579a2d675e72a18666","name":"Jean-Gabriel Davis","image":{"@type":"ImageObject","inLanguage":"en-US","@id":"https:\/\/secure.gravatar.com\/avatar\/2b90d67bdf392c9b3a21fab87c0fa7edaf1fb3a058172a1ffd61033fcec7aec1?s=96&d=mm&r=g","url":"https:\/\/secure.gravatar.com\/avatar\/2b90d67bdf392c9b3a21fab87c0fa7edaf1fb3a058172a1ffd61033fcec7aec1?s=96&d=mm&r=g","contentUrl":"https:\/\/secure.gravatar.com\/avatar\/2b90d67bdf392c9b3a21fab87c0fa7edaf1fb3a058172a1ffd61033fcec7aec1?s=96&d=mm&r=g","caption":"Jean-Gabriel Davis"}}]}},"_links":{"self":[{"href":"https:\/\/www.iemj.org\/en\/wp-json\/wp\/v2\/posts\/26052","targetHints":{"allow":["GET"]}}],"collection":[{"href":"https:\/\/www.iemj.org\/en\/wp-json\/wp\/v2\/posts"}],"about":[{"href":"https:\/\/www.iemj.org\/en\/wp-json\/wp\/v2\/types\/post"}],"author":[{"embeddable":true,"href":"https:\/\/www.iemj.org\/en\/wp-json\/wp\/v2\/users\/1048"}],"replies":[{"embeddable":true,"href":"https:\/\/www.iemj.org\/en\/wp-json\/wp\/v2\/comments?post=26052"}],"version-history":[{"count":0,"href":"https:\/\/www.iemj.org\/en\/wp-json\/wp\/v2\/posts\/26052\/revisions"}],"wp:featuredmedia":[{"embeddable":true,"href":"https:\/\/www.iemj.org\/en\/wp-json\/wp\/v2\/media\/26048"}],"wp:attachment":[{"href":"https:\/\/www.iemj.org\/en\/wp-json\/wp\/v2\/media?parent=26052"}],"wp:term":[{"taxonomy":"category","embeddable":true,"href":"https:\/\/www.iemj.org\/en\/wp-json\/wp\/v2\/categories?post=26052"},{"taxonomy":"post_tag","embeddable":true,"href":"https:\/\/www.iemj.org\/en\/wp-json\/wp\/v2\/tags?post=26052"},{"taxonomy":"technique","embeddable":true,"href":"https:\/\/www.iemj.org\/en\/wp-json\/wp\/v2\/technique?post=26052"},{"taxonomy":"squelettes","embeddable":true,"href":"https:\/\/www.iemj.org\/en\/wp-json\/wp\/v2\/squelettes?post=26052"},{"taxonomy":"sujet","embeddable":true,"href":"https:\/\/www.iemj.org\/en\/wp-json\/wp\/v2\/sujet?post=26052"},{"taxonomy":"formation","embeddable":true,"href":"https:\/\/www.iemj.org\/en\/wp-json\/wp\/v2\/formation?post=26052"},{"taxonomy":"genre","embeddable":true,"href":"https:\/\/www.iemj.org\/en\/wp-json\/wp\/v2\/genre?post=26052"},{"taxonomy":"fonds","embeddable":true,"href":"https:\/\/www.iemj.org\/en\/wp-json\/wp\/v2\/fonds?post=26052"},{"taxonomy":"tradition","embeddable":true,"href":"https:\/\/www.iemj.org\/en\/wp-json\/wp\/v2\/tradition?post=26052"},{"taxonomy":"type-de-contenu","embeddable":true,"href":"https:\/\/www.iemj.org\/en\/wp-json\/wp\/v2\/type-de-contenu?post=26052"},{"taxonomy":"interprete-compositeur","embeddable":true,"href":"https:\/\/www.iemj.org\/en\/wp-json\/wp\/v2\/interprete-compositeur?post=26052"},{"taxonomy":"frise","embeddable":true,"href":"https:\/\/www.iemj.org\/en\/wp-json\/wp\/v2\/frise?post=26052"},{"taxonomy":"type-devenement","embeddable":true,"href":"https:\/\/www.iemj.org\/en\/wp-json\/wp\/v2\/type-devenement?post=26052"},{"taxonomy":"tableaux-liens-externes","embeddable":true,"href":"https:\/\/www.iemj.org\/en\/wp-json\/wp\/v2\/tableaux-liens-externes?post=26052"}],"curies":[{"name":"wp","href":"https:\/\/api.w.org\/{rel}","templated":true}]}}