{"id":26199,"date":"2019-11-28T11:02:57","date_gmt":"2019-11-28T10:02:57","guid":{"rendered":"https:\/\/www.iemj.org\/cycle-of-lectures-music-and-religion\/"},"modified":"2021-10-05T15:14:14","modified_gmt":"2021-10-05T13:14:14","slug":"cycle-of-lectures-music-and-religion","status":"publish","type":"post","link":"https:\/\/www.iemj.org\/en\/cycle-of-lectures-music-and-religion\/","title":{"rendered":"Cycle of lectures : Music and religion"},"content":{"rendered":"<p class=\"post_excerpt\"><strong>In partnership with the European Institute for Jewish Music<\/strong><\/p>\n<p><!--more--><br \/>\nPresent in the liturgy or called as a way to access the divine, the music often occurs in the religious experience. The two first sessions of the cycle of the <a href=\"http:\/\/www.iesr.ephe.sorbonne.fr\/formations\/cours-du-soir\/cycle-6-musique-religion\">IESR<\/a> invite to a musicologic journey on the musical practices in a Jewish context and a muslim environment. The third session will deal, with an anthropological view, with the moral issues of the usage of music in Pentecostal churches.<\/p>\n<p><strong><img fetchpriority=\"high\" decoding=\"async\" class=\" alignright size-full wp-image-26122\" src=\"https:\/\/www.iemj.org\/wp-content\/uploads\/2019\/11\/rohatyn_redim.jpg\" alt=\"rohatyn_redim.jpg\" width=\"375\" height=\"212\" align=\"right\" srcset=\"https:\/\/www.iemj.org\/wp-content\/uploads\/2019\/11\/rohatyn_redim.jpg 375w, https:\/\/www.iemj.org\/wp-content\/uploads\/2019\/11\/rohatyn_redim-300x170.jpg 300w\" sizes=\"(max-width: 375px) 100vw, 375px\" \/>Tuesday 3rd of December 2019 : Jewish music and liturgy<\/strong><br \/>\nThis lecture will present a wide panorama od Jewish liturgical musical practices, since the biblica era until today, with many audiovisual examples.<\/p>\n<p><strong>Herv\u00e9 Roten<\/strong> is director of the European Institute for Jewish Music since its creation in 2006. Ethnomusicologist, he got interested very early in the safeguard and digitization of archives, subject that he taught during several years in the universities of Reims and Marne-La-Vall\u00e9e. Author of many articles, works and discs on Jewish music, producer of radio programs, Herv\u00e9 Roten is renowned today as one the best specialists of Jewish music in the world.<\/p>\n<p><strong>Tuesday 10th of December : Spiritual dimension of music in the muslim geographical area<\/strong><br \/>\nJust like the word &#8220;sufism&#8221; is far of covering all forms of muslim spirituality, the fomula sufi music, that we see often nowadays, and forged in the Western world, is valid only for certain styles in which the forms are extremely varied. For a wider approach, this lecture will try to show the spiritual dimension of music in the muslim geographical area that is reflected in words (arabic or persian) such as &#8216;erf\u00e2ni, or ma&#8217;navi, \u00e2sem\u00e2ni, and in the idea of traditionality (sonnati, an&#8217;anevi, asil, etc.) The issue is thus to define what all these music have in common despite their diversity. Audio and video examples will illustrate this lecture.<\/p>\n<p><strong>Jean During<\/strong> is research director in the CNRS, <a href=\"https:\/\/lesc-cnrs.fr\/fr\">Laboratoire d\u2019ethnologie et de sociologie comparative<\/a> (LESC). he is the author of a dozen of books, around a hundred articles and 40 CD&#8217;s on music of Inner Asia, their form and cultural context, in particular in their relations with muslim society, reflexions and mystics. During the 1970&#8217;s, he studied the persian musical tradition in Iran and Uzbekistan with the best masters. After having performed several concerts himself, he wanted to make discover the best artists of Inner Asia (particularly Azerbaidjan, Baloutchistan, Uzbekistan, Tadjikistan) by organizing and being artistic director of concerts in Europe and in the United States.<\/p>\n<p><strong>Thursday 19th of December : Music and Pentecostalism: moral economy and politic of the identity<\/strong><br \/>\nThis lecture will deal with the moral issues relative to the usage of music in the construction of divine presence, issues realtive to the commercialization of religious music in a capitalist society and finally the vernacularization of the cult by musical creation.<\/p>\n<p><strong>Emir Mahieddin<\/strong> is in charge of research at the CNRS, member of <a href=\"http:\/\/cesor.ehess.fr\/\">C\u00e9Sor<\/a>. PhD. in social anthropology, he is specialized in charismatic evangelical, pentecostal and christian movements in North Europe, and is particularly interested in ways of interaction with the divine, the moral relation to the worshippers in a secular context, and the religious living in the migratory experience..<\/p>\n<p>3 evening lectures 18h30 to 20h<\/p>\n<p>Tuesdays 3 and 10 December and Thursday 19 December 2019<\/p>\n<p>Normal fee : 55 \u20ac | Reduced fee : 34 \u20ac<\/p>\n<p>More information on the website of the <a href=\"https:\/\/inscription-iesr.ephe.fr\/\">IESR<\/a>.<\/p>\n<p>EPHE &#8211; B\u00e2t. Maison des Sciences de l&#8217;Homme<br \/>\n54 boulevard Raspail, Paris 6e<br \/>\nSalle AS1-01 (1er sous-sol, salle 9)<br \/>\nM\u00e9tro : S\u00e8vres-Babylone, Rennes ou Saint-Placide<\/p>\n","protected":false},"excerpt":{"rendered":"<p>In partnership with the European Institute for Jewish Music<\/p>\n","protected":false},"author":1048,"featured_media":26197,"comment_status":"closed","ping_status":"closed","sticky":false,"template":"","format":"standard","meta":{"_acf_changed":false,"footnotes":""},"categories":[2226],"tags":[],"technique":[],"squelettes":[],"sujet":[],"formation":[],"genre":[1116],"fonds":[],"tradition":[],"type-de-contenu":[],"interprete-compositeur":[],"frise":[],"type-devenement":[],"tableaux-liens-externes":[],"class_list":["post-26199","post","type-post","status-publish","format-standard","has-post-thumbnail","hentry","category-events-archive","genre-liturgy"],"acf":[],"yoast_head":"<!-- This site is optimized with the Yoast SEO plugin v27.3 - https:\/\/yoast.com\/product\/yoast-seo-wordpress\/ -->\n<title>Cycle of lectures : Music and religion - Institut Europ\u00e9en des Musiques Juives<\/title>\n<meta name=\"robots\" content=\"noindex, follow\" \/>\n<meta property=\"og:locale\" content=\"en_US\" \/>\n<meta property=\"og:type\" content=\"article\" \/>\n<meta property=\"og:title\" content=\"Cycle of lectures : Music and religion - Institut Europ\u00e9en des Musiques Juives\" \/>\n<meta property=\"og:description\" content=\"In partnership with the European Institute for Jewish Music\" \/>\n<meta property=\"og:url\" content=\"https:\/\/www.iemj.org\/en\/cycle-of-lectures-music-and-religion\/\" \/>\n<meta property=\"og:site_name\" content=\"Institut Europ\u00e9en des Musiques Juives\" \/>\n<meta property=\"article:publisher\" content=\"https:\/\/www.facebook.com\/MusiquesJuives\/\" \/>\n<meta property=\"article:published_time\" content=\"2019-11-28T10:02:57+00:00\" \/>\n<meta property=\"article:modified_time\" content=\"2021-10-05T13:14:14+00:00\" \/>\n<meta property=\"og:image\" content=\"https:\/\/www.iemj.org\/wp-content\/uploads\/2019\/11\/arton4405.jpg\" \/>\n\t<meta property=\"og:image:width\" content=\"353\" \/>\n\t<meta property=\"og:image:height\" content=\"336\" \/>\n\t<meta property=\"og:image:type\" content=\"image\/jpeg\" \/>\n<meta name=\"author\" content=\"Jean-Gabriel Davis\" \/>\n<meta name=\"twitter:card\" content=\"summary_large_image\" \/>\n<meta name=\"twitter:label1\" content=\"Written by\" \/>\n\t<meta name=\"twitter:data1\" content=\"Jean-Gabriel Davis\" \/>\n\t<meta name=\"twitter:label2\" content=\"Est. reading time\" \/>\n\t<meta name=\"twitter:data2\" content=\"3 minutes\" \/>\n<script type=\"application\/ld+json\" class=\"yoast-schema-graph\">{\"@context\":\"https:\\\/\\\/schema.org\",\"@graph\":[{\"@type\":\"Article\",\"@id\":\"https:\\\/\\\/www.iemj.org\\\/en\\\/cycle-of-lectures-music-and-religion\\\/#article\",\"isPartOf\":{\"@id\":\"https:\\\/\\\/www.iemj.org\\\/en\\\/cycle-of-lectures-music-and-religion\\\/\"},\"author\":{\"name\":\"Jean-Gabriel Davis\",\"@id\":\"https:\\\/\\\/www.iemj.org\\\/en\\\/#\\\/schema\\\/person\\\/c9bc1c386a3749579a2d675e72a18666\"},\"headline\":\"Cycle of lectures : Music and religion\",\"datePublished\":\"2019-11-28T10:02:57+00:00\",\"dateModified\":\"2021-10-05T13:14:14+00:00\",\"mainEntityOfPage\":{\"@id\":\"https:\\\/\\\/www.iemj.org\\\/en\\\/cycle-of-lectures-music-and-religion\\\/\"},\"wordCount\":587,\"publisher\":{\"@id\":\"https:\\\/\\\/www.iemj.org\\\/en\\\/#organization\"},\"image\":{\"@id\":\"https:\\\/\\\/www.iemj.org\\\/en\\\/cycle-of-lectures-music-and-religion\\\/#primaryimage\"},\"thumbnailUrl\":\"https:\\\/\\\/www.iemj.org\\\/wp-content\\\/uploads\\\/2019\\\/11\\\/arton4405.jpg\",\"articleSection\":[\"events archive\"],\"inLanguage\":\"en-US\"},{\"@type\":\"WebPage\",\"@id\":\"https:\\\/\\\/www.iemj.org\\\/en\\\/cycle-of-lectures-music-and-religion\\\/\",\"url\":\"https:\\\/\\\/www.iemj.org\\\/en\\\/cycle-of-lectures-music-and-religion\\\/\",\"name\":\"Cycle of lectures : Music and religion - Institut Europ\u00e9en des Musiques Juives\",\"isPartOf\":{\"@id\":\"https:\\\/\\\/www.iemj.org\\\/en\\\/#website\"},\"primaryImageOfPage\":{\"@id\":\"https:\\\/\\\/www.iemj.org\\\/en\\\/cycle-of-lectures-music-and-religion\\\/#primaryimage\"},\"image\":{\"@id\":\"https:\\\/\\\/www.iemj.org\\\/en\\\/cycle-of-lectures-music-and-religion\\\/#primaryimage\"},\"thumbnailUrl\":\"https:\\\/\\\/www.iemj.org\\\/wp-content\\\/uploads\\\/2019\\\/11\\\/arton4405.jpg\",\"datePublished\":\"2019-11-28T10:02:57+00:00\",\"dateModified\":\"2021-10-05T13:14:14+00:00\",\"breadcrumb\":{\"@id\":\"https:\\\/\\\/www.iemj.org\\\/en\\\/cycle-of-lectures-music-and-religion\\\/#breadcrumb\"},\"inLanguage\":\"en-US\",\"potentialAction\":[{\"@type\":\"ReadAction\",\"target\":[\"https:\\\/\\\/www.iemj.org\\\/en\\\/cycle-of-lectures-music-and-religion\\\/\"]}]},{\"@type\":\"ImageObject\",\"inLanguage\":\"en-US\",\"@id\":\"https:\\\/\\\/www.iemj.org\\\/en\\\/cycle-of-lectures-music-and-religion\\\/#primaryimage\",\"url\":\"https:\\\/\\\/www.iemj.org\\\/wp-content\\\/uploads\\\/2019\\\/11\\\/arton4405.jpg\",\"contentUrl\":\"https:\\\/\\\/www.iemj.org\\\/wp-content\\\/uploads\\\/2019\\\/11\\\/arton4405.jpg\",\"width\":353,\"height\":336},{\"@type\":\"BreadcrumbList\",\"@id\":\"https:\\\/\\\/www.iemj.org\\\/en\\\/cycle-of-lectures-music-and-religion\\\/#breadcrumb\",\"itemListElement\":[{\"@type\":\"ListItem\",\"position\":1,\"name\":\"Accueil\",\"item\":\"https:\\\/\\\/www.iemj.org\\\/en\\\/\"},{\"@type\":\"ListItem\",\"position\":2,\"name\":\"Cycle of lectures : Music and religion\"}]},{\"@type\":\"WebSite\",\"@id\":\"https:\\\/\\\/www.iemj.org\\\/en\\\/#website\",\"url\":\"https:\\\/\\\/www.iemj.org\\\/en\\\/\",\"name\":\"Institut Europ\u00e9en des Musiques Juives\",\"description\":\"Des traditions musicales \u00e0 la port\u00e9e de tous\",\"publisher\":{\"@id\":\"https:\\\/\\\/www.iemj.org\\\/en\\\/#organization\"},\"potentialAction\":[{\"@type\":\"SearchAction\",\"target\":{\"@type\":\"EntryPoint\",\"urlTemplate\":\"https:\\\/\\\/www.iemj.org\\\/en\\\/?s={search_term_string}\"},\"query-input\":{\"@type\":\"PropertyValueSpecification\",\"valueRequired\":true,\"valueName\":\"search_term_string\"}}],\"inLanguage\":\"en-US\"},{\"@type\":\"Organization\",\"@id\":\"https:\\\/\\\/www.iemj.org\\\/en\\\/#organization\",\"name\":\"Institut Europ\u00e9en des Musiques Juives\",\"url\":\"https:\\\/\\\/www.iemj.org\\\/en\\\/\",\"logo\":{\"@type\":\"ImageObject\",\"inLanguage\":\"en-US\",\"@id\":\"https:\\\/\\\/www.iemj.org\\\/en\\\/#\\\/schema\\\/logo\\\/image\\\/\",\"url\":\"https:\\\/\\\/www.iemj.org\\\/wp-content\\\/uploads\\\/2021\\\/09\\\/Logo-IEMJ-Paypal.jpg\",\"contentUrl\":\"https:\\\/\\\/www.iemj.org\\\/wp-content\\\/uploads\\\/2021\\\/09\\\/Logo-IEMJ-Paypal.jpg\",\"width\":150,\"height\":50,\"caption\":\"Institut Europ\u00e9en des Musiques Juives\"},\"image\":{\"@id\":\"https:\\\/\\\/www.iemj.org\\\/en\\\/#\\\/schema\\\/logo\\\/image\\\/\"},\"sameAs\":[\"https:\\\/\\\/www.facebook.com\\\/MusiquesJuives\\\/\",\"https:\\\/\\\/www.instagram.com\\\/musiquesjuives\\\/\",\"https:\\\/\\\/www.youtube.com\\\/user\\\/musiquesjuives\"]},{\"@type\":\"Person\",\"@id\":\"https:\\\/\\\/www.iemj.org\\\/en\\\/#\\\/schema\\\/person\\\/c9bc1c386a3749579a2d675e72a18666\",\"name\":\"Jean-Gabriel Davis\",\"image\":{\"@type\":\"ImageObject\",\"inLanguage\":\"en-US\",\"@id\":\"https:\\\/\\\/secure.gravatar.com\\\/avatar\\\/2b90d67bdf392c9b3a21fab87c0fa7edaf1fb3a058172a1ffd61033fcec7aec1?s=96&d=mm&r=g\",\"url\":\"https:\\\/\\\/secure.gravatar.com\\\/avatar\\\/2b90d67bdf392c9b3a21fab87c0fa7edaf1fb3a058172a1ffd61033fcec7aec1?s=96&d=mm&r=g\",\"contentUrl\":\"https:\\\/\\\/secure.gravatar.com\\\/avatar\\\/2b90d67bdf392c9b3a21fab87c0fa7edaf1fb3a058172a1ffd61033fcec7aec1?s=96&d=mm&r=g\",\"caption\":\"Jean-Gabriel Davis\"}}]}<\/script>\n<!-- \/ Yoast SEO plugin. -->","yoast_head_json":{"title":"Cycle of lectures : Music and religion - Institut Europ\u00e9en des Musiques Juives","robots":{"index":"noindex","follow":"follow"},"og_locale":"en_US","og_type":"article","og_title":"Cycle of lectures : Music and religion - Institut Europ\u00e9en des Musiques Juives","og_description":"In partnership with the European Institute for Jewish Music","og_url":"https:\/\/www.iemj.org\/en\/cycle-of-lectures-music-and-religion\/","og_site_name":"Institut Europ\u00e9en des Musiques Juives","article_publisher":"https:\/\/www.facebook.com\/MusiquesJuives\/","article_published_time":"2019-11-28T10:02:57+00:00","article_modified_time":"2021-10-05T13:14:14+00:00","og_image":[{"width":353,"height":336,"url":"https:\/\/www.iemj.org\/wp-content\/uploads\/2019\/11\/arton4405.jpg","type":"image\/jpeg"}],"author":"Jean-Gabriel Davis","twitter_card":"summary_large_image","twitter_misc":{"Written by":"Jean-Gabriel Davis","Est. reading time":"3 minutes"},"schema":{"@context":"https:\/\/schema.org","@graph":[{"@type":"Article","@id":"https:\/\/www.iemj.org\/en\/cycle-of-lectures-music-and-religion\/#article","isPartOf":{"@id":"https:\/\/www.iemj.org\/en\/cycle-of-lectures-music-and-religion\/"},"author":{"name":"Jean-Gabriel Davis","@id":"https:\/\/www.iemj.org\/en\/#\/schema\/person\/c9bc1c386a3749579a2d675e72a18666"},"headline":"Cycle of lectures : Music and religion","datePublished":"2019-11-28T10:02:57+00:00","dateModified":"2021-10-05T13:14:14+00:00","mainEntityOfPage":{"@id":"https:\/\/www.iemj.org\/en\/cycle-of-lectures-music-and-religion\/"},"wordCount":587,"publisher":{"@id":"https:\/\/www.iemj.org\/en\/#organization"},"image":{"@id":"https:\/\/www.iemj.org\/en\/cycle-of-lectures-music-and-religion\/#primaryimage"},"thumbnailUrl":"https:\/\/www.iemj.org\/wp-content\/uploads\/2019\/11\/arton4405.jpg","articleSection":["events archive"],"inLanguage":"en-US"},{"@type":"WebPage","@id":"https:\/\/www.iemj.org\/en\/cycle-of-lectures-music-and-religion\/","url":"https:\/\/www.iemj.org\/en\/cycle-of-lectures-music-and-religion\/","name":"Cycle of lectures : Music and religion - Institut Europ\u00e9en des Musiques Juives","isPartOf":{"@id":"https:\/\/www.iemj.org\/en\/#website"},"primaryImageOfPage":{"@id":"https:\/\/www.iemj.org\/en\/cycle-of-lectures-music-and-religion\/#primaryimage"},"image":{"@id":"https:\/\/www.iemj.org\/en\/cycle-of-lectures-music-and-religion\/#primaryimage"},"thumbnailUrl":"https:\/\/www.iemj.org\/wp-content\/uploads\/2019\/11\/arton4405.jpg","datePublished":"2019-11-28T10:02:57+00:00","dateModified":"2021-10-05T13:14:14+00:00","breadcrumb":{"@id":"https:\/\/www.iemj.org\/en\/cycle-of-lectures-music-and-religion\/#breadcrumb"},"inLanguage":"en-US","potentialAction":[{"@type":"ReadAction","target":["https:\/\/www.iemj.org\/en\/cycle-of-lectures-music-and-religion\/"]}]},{"@type":"ImageObject","inLanguage":"en-US","@id":"https:\/\/www.iemj.org\/en\/cycle-of-lectures-music-and-religion\/#primaryimage","url":"https:\/\/www.iemj.org\/wp-content\/uploads\/2019\/11\/arton4405.jpg","contentUrl":"https:\/\/www.iemj.org\/wp-content\/uploads\/2019\/11\/arton4405.jpg","width":353,"height":336},{"@type":"BreadcrumbList","@id":"https:\/\/www.iemj.org\/en\/cycle-of-lectures-music-and-religion\/#breadcrumb","itemListElement":[{"@type":"ListItem","position":1,"name":"Accueil","item":"https:\/\/www.iemj.org\/en\/"},{"@type":"ListItem","position":2,"name":"Cycle of lectures : Music and religion"}]},{"@type":"WebSite","@id":"https:\/\/www.iemj.org\/en\/#website","url":"https:\/\/www.iemj.org\/en\/","name":"Institut Europ\u00e9en des Musiques Juives","description":"Des traditions musicales \u00e0 la port\u00e9e de tous","publisher":{"@id":"https:\/\/www.iemj.org\/en\/#organization"},"potentialAction":[{"@type":"SearchAction","target":{"@type":"EntryPoint","urlTemplate":"https:\/\/www.iemj.org\/en\/?s={search_term_string}"},"query-input":{"@type":"PropertyValueSpecification","valueRequired":true,"valueName":"search_term_string"}}],"inLanguage":"en-US"},{"@type":"Organization","@id":"https:\/\/www.iemj.org\/en\/#organization","name":"Institut Europ\u00e9en des Musiques Juives","url":"https:\/\/www.iemj.org\/en\/","logo":{"@type":"ImageObject","inLanguage":"en-US","@id":"https:\/\/www.iemj.org\/en\/#\/schema\/logo\/image\/","url":"https:\/\/www.iemj.org\/wp-content\/uploads\/2021\/09\/Logo-IEMJ-Paypal.jpg","contentUrl":"https:\/\/www.iemj.org\/wp-content\/uploads\/2021\/09\/Logo-IEMJ-Paypal.jpg","width":150,"height":50,"caption":"Institut Europ\u00e9en des Musiques Juives"},"image":{"@id":"https:\/\/www.iemj.org\/en\/#\/schema\/logo\/image\/"},"sameAs":["https:\/\/www.facebook.com\/MusiquesJuives\/","https:\/\/www.instagram.com\/musiquesjuives\/","https:\/\/www.youtube.com\/user\/musiquesjuives"]},{"@type":"Person","@id":"https:\/\/www.iemj.org\/en\/#\/schema\/person\/c9bc1c386a3749579a2d675e72a18666","name":"Jean-Gabriel Davis","image":{"@type":"ImageObject","inLanguage":"en-US","@id":"https:\/\/secure.gravatar.com\/avatar\/2b90d67bdf392c9b3a21fab87c0fa7edaf1fb3a058172a1ffd61033fcec7aec1?s=96&d=mm&r=g","url":"https:\/\/secure.gravatar.com\/avatar\/2b90d67bdf392c9b3a21fab87c0fa7edaf1fb3a058172a1ffd61033fcec7aec1?s=96&d=mm&r=g","contentUrl":"https:\/\/secure.gravatar.com\/avatar\/2b90d67bdf392c9b3a21fab87c0fa7edaf1fb3a058172a1ffd61033fcec7aec1?s=96&d=mm&r=g","caption":"Jean-Gabriel Davis"}}]}},"_links":{"self":[{"href":"https:\/\/www.iemj.org\/en\/wp-json\/wp\/v2\/posts\/26199","targetHints":{"allow":["GET"]}}],"collection":[{"href":"https:\/\/www.iemj.org\/en\/wp-json\/wp\/v2\/posts"}],"about":[{"href":"https:\/\/www.iemj.org\/en\/wp-json\/wp\/v2\/types\/post"}],"author":[{"embeddable":true,"href":"https:\/\/www.iemj.org\/en\/wp-json\/wp\/v2\/users\/1048"}],"replies":[{"embeddable":true,"href":"https:\/\/www.iemj.org\/en\/wp-json\/wp\/v2\/comments?post=26199"}],"version-history":[{"count":0,"href":"https:\/\/www.iemj.org\/en\/wp-json\/wp\/v2\/posts\/26199\/revisions"}],"wp:featuredmedia":[{"embeddable":true,"href":"https:\/\/www.iemj.org\/en\/wp-json\/wp\/v2\/media\/26197"}],"wp:attachment":[{"href":"https:\/\/www.iemj.org\/en\/wp-json\/wp\/v2\/media?parent=26199"}],"wp:term":[{"taxonomy":"category","embeddable":true,"href":"https:\/\/www.iemj.org\/en\/wp-json\/wp\/v2\/categories?post=26199"},{"taxonomy":"post_tag","embeddable":true,"href":"https:\/\/www.iemj.org\/en\/wp-json\/wp\/v2\/tags?post=26199"},{"taxonomy":"technique","embeddable":true,"href":"https:\/\/www.iemj.org\/en\/wp-json\/wp\/v2\/technique?post=26199"},{"taxonomy":"squelettes","embeddable":true,"href":"https:\/\/www.iemj.org\/en\/wp-json\/wp\/v2\/squelettes?post=26199"},{"taxonomy":"sujet","embeddable":true,"href":"https:\/\/www.iemj.org\/en\/wp-json\/wp\/v2\/sujet?post=26199"},{"taxonomy":"formation","embeddable":true,"href":"https:\/\/www.iemj.org\/en\/wp-json\/wp\/v2\/formation?post=26199"},{"taxonomy":"genre","embeddable":true,"href":"https:\/\/www.iemj.org\/en\/wp-json\/wp\/v2\/genre?post=26199"},{"taxonomy":"fonds","embeddable":true,"href":"https:\/\/www.iemj.org\/en\/wp-json\/wp\/v2\/fonds?post=26199"},{"taxonomy":"tradition","embeddable":true,"href":"https:\/\/www.iemj.org\/en\/wp-json\/wp\/v2\/tradition?post=26199"},{"taxonomy":"type-de-contenu","embeddable":true,"href":"https:\/\/www.iemj.org\/en\/wp-json\/wp\/v2\/type-de-contenu?post=26199"},{"taxonomy":"interprete-compositeur","embeddable":true,"href":"https:\/\/www.iemj.org\/en\/wp-json\/wp\/v2\/interprete-compositeur?post=26199"},{"taxonomy":"frise","embeddable":true,"href":"https:\/\/www.iemj.org\/en\/wp-json\/wp\/v2\/frise?post=26199"},{"taxonomy":"type-devenement","embeddable":true,"href":"https:\/\/www.iemj.org\/en\/wp-json\/wp\/v2\/type-devenement?post=26199"},{"taxonomy":"tableaux-liens-externes","embeddable":true,"href":"https:\/\/www.iemj.org\/en\/wp-json\/wp\/v2\/tableaux-liens-externes?post=26199"}],"curies":[{"name":"wp","href":"https:\/\/api.w.org\/{rel}","templated":true}]}}