{"id":26386,"date":"2019-12-10T11:17:00","date_gmt":"2019-12-10T10:17:00","guid":{"rendered":"https:\/\/www.iemj.org\/synagogal-music-from-the-19th-century-emile-jonas-and-jules-erlanger\/"},"modified":"2025-09-21T13:18:34","modified_gmt":"2025-09-21T11:18:34","slug":"synagogal-music-from-the-19th-century-emile-jonas-and-jules-erlanger","status":"publish","type":"post","link":"https:\/\/www.iemj.org\/en\/synagogal-music-from-the-19th-century-emile-jonas-and-jules-erlanger\/","title":{"rendered":"Synagogal music from the 19th century : Emile Jonas and Jules Erlanger"},"content":{"rendered":"<p class=\"post_excerpt\"><strong>MUSIQUES JUIVES D\u2019HIER ET D\u2019AUJOURD\u2019HUI \u2013 DECEMBER 17, 2019, JUDA\u00cfQUES FM (94.8), 21H00. Radio program in French<\/strong><\/p>\n<p><!--more--><br \/>Born in Paris on March 5, 1827 into a Jewish family, <a href=\"https:\/\/www.iemj.org\/en\/jonas-emile-1827-1905\/\" target=\"_blank\" rel=\"noopener\"><strong>Emile Jonas<\/strong><\/a> wrote several collections of Hebrew compositions, published 1854 et 1886. Following brilliant music studies (Conservatoire of Paris, Second Grand Prize of Rome), he teaches solfeggio and composition at the Conservatoire in Paris, and is at the same time music director at the Imperial Guard (for which he writes several marches and music pieces for military brass band).<br \/>In 1851, advised by Fromental Hal\u00e9vy, Emile Jonas offers his services to the Consistoire of Paris, as an organist for the main synagogue, situated then on rue Notre-Dame de Nazareth. From 1854, Jonas plays the organ and his choirmaster in the synagogue of Portuguese rite on rue Lamartine. He publishes in 1854 a <em>Recueil des chants h\u00e9bra\u00efques anciens et modernes ex\u00e9cut\u00e9s au Temple du rit [sic] portugais de Paris (Collection of ancient and modern Hebrew chants performed in the Temple of Portuguese rite in Paris)<\/em> comprising 39 liturgical pieces for soloists, chorals, organ and harp, among which 24 of his own compositions. An increased version is released in 1886 with the title <em>Chants h\u00e9bra\u00efques ex\u00e9cut\u00e9s dans les temples consistoriaux et au Temple du rite portugais de Paris<\/em>, with recommendations of performance and interpretation.<br \/>His Psalm 30, for barytone and choral, as well as the prayer <em>Vayehi binsoa<\/em> which accompanies the taking out of the Torah scrolls, are performed for the inauguration of the Temple on rue de la Victoire, the 9th of September 1874. On that same year, Emile Jonas publishes a collection of 21 compositions from various authors, used during wedding ceremonies in this synagogue. In 1879, he publishes another collection of Shabbat music.<br \/>Emile Jonas dies in Saint-Germain-en-Laye, on May 21st, 1905. His work, composed of around 20 buffo operas and many instrumental pieces, has unfortunately fallen into oblivion. Only his Hebrew prayers \u2013 of which we will hear several excerpts in this broadcast &#8211; are still sung nowadays\u2026<\/p>\n<p>Less known than Jonas, <a href=\"https:\/\/www.iemj.org\/en\/erlanger-jules-1830-1895\/\" target=\"_blank\" rel=\"noopener\"><strong>Jules Erlanger<\/strong><\/a> is born in Wissembourg (Lower Rhine) in 1830 and died in Brussels on the 15th February 1895. Son of Isra\u00ebl S\u00fcsskind Erlanger, rabbi in Wissembourg, and brother of Michel Erlanger, member of the Consistoire of Paris, Jules Erlanger shows since an early age his facilities with music. At 14 years old, he enters the composition class held by Fromental Hal\u00e9vy at the Conservatoire of Paris, and gets an award in counterpoint and fugue in 1850. He turns then towards the composition and writes several works for the Th\u00e9\u00e2tre des Bouffes-Parisiens held by Jacques Offenbach.<br \/>Co-founder of the Soci\u00e9t\u00e9 des Auteurs et Compositeurs Dramatiques, active musician, he is also involved in the Jewish life. He thus participates in the creation of the Alliance Isra\u00e9lite Universelle in 1860, before becoming president of the Belgian committee of the Alliance, a position he will keep until his death. He writes also several pieces for the Jewish cult, among which his Psalm 150 &#8211; <em>Allelouya<\/em> which is performed during the inauguration ceremony of the Temple of la Victoire in 1874.<br \/>In 1891, the publishing house Durlacher, based in Paris, publishes his <em>Recueil de dix morceaux ex\u00e9cut\u00e9s dans les synagogues de France et de Belgique (Collection of ten pieces performed in the synagogues of France and Belgium)<\/em>. In 1903, eight years after his death, four new collections by Erlanger are published in Brussels, three of profane music and one of sacred music called <em>Compositions religieuses pour le culte isra\u00e9lite Religious compositions for the Jewish cult)<\/em>. We will hear in this broadcast his <em>Kedouschah of Moussaph<\/em> fois 4 voice choir and solo baritone.<\/p>\n<p><a href=\"https:\/\/www.iemj.org\/en\/jonas-emile-1827-1905\/\" target=\"_blank\" rel=\"noopener\">Read Emile Jonas&#8217; biography<\/a><br \/><a href=\"https:\/\/www.iemj.org\/en\/emile-jonas-1827-1905-de-la-synagogue-portugaise-a-la-garde-imperiale-en-passant-par-loperette\/\" target=\"_blank\" rel=\"noopener\">Read the article by Jacobo Kaufmann : Emile Jonas (1827-1905), de la synagogue portugaise \u00e0 la Garde Imp\u00e9riale, en passant par l\u2019op\u00e9rette<\/a><br \/><a href=\"https:\/\/www.iemj.org\/en\/erlanger-jules-1830-1895\/\" target=\"_blank\" rel=\"noopener\">Read Jules Erlanger&#8217;s biography<\/a><\/p>\n<p><a href=\"https:\/\/www.iemj.org\/en\/produit\/jacques-offenbach-et-ses-proches-de-la-synagogue-a-lopera\/\"><img decoding=\"async\" class=\" alignleft size-full wp-image-25854\" src=\"https:\/\/www.iemj.org\/wp-content\/uploads\/2019\/10\/couv_cdc_6_offenbach_vignette_jack.jpg\" alt=\"couv_cdc_6_offenbach_vignette_jack.jpg\" width=\"87\" height=\"85\" align=\"left\" \/><\/a><br \/><a href=\"https:\/\/www.iemj.org\/en\/produit\/jacques-offenbach-et-ses-proches-de-la-synagogue-a-lopera\/\">Purchase the <strong>CD Jacques Offenbach and Friends &#8211; From the Synagogue to the Opera<\/strong> &#8211; Vol.6, Ed. IEMJ, on our online shop<\/a><\/p>\n<p><iframe src=\"https:\/\/www.youtube.com\/embed\/oOm1eij8Om0\" width=\"700\" height=\"393\" frameborder=\"0\" allowfullscreen=\"allowfullscreen\"><\/iframe><\/p>\n<p><em><img decoding=\"async\" class=\" alignleft size-full wp-image-25839\" src=\"https:\/\/www.iemj.org\/wp-content\/uploads\/2019\/10\/herve_photo_retouche_fond_uni_bleu_500px.jpg\" alt=\"herve_photo_retouche_fond_uni_bleu_500px.jpg\" width=\"140\" height=\"189\" align=\"left\" \/>Officer of the Ordre of Arts and letters, PhD in musicology at Paris University Sorbonne, prize-winning graduate from the Conservatoire National Sup\u00e9rieur de Musique et de Danse de Paris, Herv\u00e9 Roten is the director of the European Institute of Jewish Music since its creation in 2006.<br \/>Ethnomusicologist, he quickly developed an interest in the safeguard and digitization of archives, subjects he taught for several years in Reims and Marne-La-Vall\u00e9e universities.<br \/>Author of many articles, books and recordings related to Jewish music, producer of radio programs, Herv\u00e9 Roten is recognized today as one of the best specialists of Jewish music in the world.<\/em><\/p>\n\n\n<h2 class=\"wp-block-heading\"><\/h2>\n\n\n<div class=\"wp-block-image\">\n<figure class=\"aligncenter size-large\"><img fetchpriority=\"high\" decoding=\"async\" width=\"1024\" height=\"133\" src=\"https:\/\/www.iemj.org\/wp-content\/uploads\/2024\/03\/AUDIO-PLAYER-1024x133.png\" alt=\"\" class=\"wp-image-110607\" srcset=\"https:\/\/www.iemj.org\/wp-content\/uploads\/2024\/03\/AUDIO-PLAYER-1024x133.png 1024w, https:\/\/www.iemj.org\/wp-content\/uploads\/2024\/03\/AUDIO-PLAYER-300x39.png 300w, https:\/\/www.iemj.org\/wp-content\/uploads\/2024\/03\/AUDIO-PLAYER-768x100.png 768w, https:\/\/www.iemj.org\/wp-content\/uploads\/2024\/03\/AUDIO-PLAYER-600x78.png 600w, https:\/\/www.iemj.org\/wp-content\/uploads\/2024\/03\/AUDIO-PLAYER.png 1210w\" sizes=\"(max-width: 1024px) 100vw, 1024px\" \/><\/figure>\n<\/div>\n\n\n<div class=\"wp-block-file\"><a href=\"https:\/\/www.iemj.org\/wp-content\/uploads\/2019\/12\/jfm81_emile_jonas_et_jules_erlanger_2019-12-17_v128kbs.mp3\">Musique synagogale au 19e si\u00e8cle : Emile Jonas et Jules Erlanger &#8211; Herv\u00e9 Roten (Juda\u00efques FM 94.8)<\/a><\/div>\n","protected":false},"excerpt":{"rendered":"<p>MUSIQUES JUIVES D\u2019HIER ET D\u2019AUJOURD\u2019HUI \u2013 DECEMBER 17, 2019, JUDA\u00cfQUES FM (94.8), 21H00. Radio program in French<\/p>\n","protected":false},"author":1048,"featured_media":26382,"comment_status":"closed","ping_status":"closed","sticky":false,"template":"","format":"standard","meta":{"_acf_changed":false,"footnotes":""},"categories":[2162,899],"tags":[2210],"technique":[],"squelettes":[],"sujet":[],"formation":[],"genre":[],"fonds":[],"tradition":[],"type-de-contenu":[],"interprete-compositeur":[],"frise":[],"type-devenement":[],"tableaux-liens-externes":[],"class_list":["post-26386","post","type-post","status-publish","format-standard","has-post-thumbnail","hentry","category-herve-rotens-programs-en","category-radio-programs-en","tag-radio-shows-from-the-eijm-en"],"acf":[],"yoast_head":"<!-- This site is optimized with the Yoast SEO plugin v27.3 - https:\/\/yoast.com\/product\/yoast-seo-wordpress\/ -->\n<title>Synagogal music from the 19th century : Emile Jonas and Jules Erlanger - Institut Europ\u00e9en des Musiques Juives<\/title>\n<meta name=\"robots\" content=\"index, follow, max-snippet:-1, max-image-preview:large, max-video-preview:-1\" \/>\n<link rel=\"canonical\" href=\"https:\/\/www.iemj.org\/en\/synagogal-music-from-the-19th-century-emile-jonas-and-jules-erlanger\/\" \/>\n<meta property=\"og:locale\" content=\"en_US\" \/>\n<meta property=\"og:type\" content=\"article\" \/>\n<meta property=\"og:title\" content=\"Synagogal music from the 19th century : Emile Jonas and Jules Erlanger - Institut Europ\u00e9en des Musiques Juives\" \/>\n<meta property=\"og:description\" content=\"MUSIQUES JUIVES D\u2019HIER ET D\u2019AUJOURD\u2019HUI \u2013 DECEMBER 17, 2019, JUDA\u00cfQUES FM (94.8), 21H00. Radio program in French\" \/>\n<meta property=\"og:url\" content=\"https:\/\/www.iemj.org\/en\/synagogal-music-from-the-19th-century-emile-jonas-and-jules-erlanger\/\" \/>\n<meta property=\"og:site_name\" content=\"Institut Europ\u00e9en des Musiques Juives\" \/>\n<meta property=\"article:publisher\" content=\"https:\/\/www.facebook.com\/MusiquesJuives\/\" \/>\n<meta property=\"article:published_time\" content=\"2019-12-10T10:17:00+00:00\" \/>\n<meta property=\"article:modified_time\" content=\"2025-09-21T11:18:34+00:00\" \/>\n<meta property=\"og:image\" content=\"https:\/\/www.iemj.org\/wp-content\/uploads\/2019\/12\/arton4429.jpg\" \/>\n\t<meta property=\"og:image:width\" content=\"136\" \/>\n\t<meta property=\"og:image:height\" content=\"136\" \/>\n\t<meta property=\"og:image:type\" content=\"image\/jpeg\" \/>\n<meta name=\"author\" content=\"Jean-Gabriel Davis\" \/>\n<meta name=\"twitter:card\" content=\"summary_large_image\" \/>\n<meta name=\"twitter:label1\" content=\"Written by\" \/>\n\t<meta name=\"twitter:data1\" content=\"Jean-Gabriel Davis\" \/>\n\t<meta name=\"twitter:label2\" content=\"Est. reading time\" \/>\n\t<meta name=\"twitter:data2\" content=\"5 minutes\" \/>\n<script type=\"application\/ld+json\" class=\"yoast-schema-graph\">{\"@context\":\"https:\\\/\\\/schema.org\",\"@graph\":[{\"@type\":\"Article\",\"@id\":\"https:\\\/\\\/www.iemj.org\\\/en\\\/synagogal-music-from-the-19th-century-emile-jonas-and-jules-erlanger\\\/#article\",\"isPartOf\":{\"@id\":\"https:\\\/\\\/www.iemj.org\\\/en\\\/synagogal-music-from-the-19th-century-emile-jonas-and-jules-erlanger\\\/\"},\"author\":{\"name\":\"Jean-Gabriel Davis\",\"@id\":\"https:\\\/\\\/www.iemj.org\\\/en\\\/#\\\/schema\\\/person\\\/c9bc1c386a3749579a2d675e72a18666\"},\"headline\":\"Synagogal music from the 19th century : Emile Jonas and Jules Erlanger\",\"datePublished\":\"2019-12-10T10:17:00+00:00\",\"dateModified\":\"2025-09-21T11:18:34+00:00\",\"mainEntityOfPage\":{\"@id\":\"https:\\\/\\\/www.iemj.org\\\/en\\\/synagogal-music-from-the-19th-century-emile-jonas-and-jules-erlanger\\\/\"},\"wordCount\":786,\"publisher\":{\"@id\":\"https:\\\/\\\/www.iemj.org\\\/en\\\/#organization\"},\"image\":{\"@id\":\"https:\\\/\\\/www.iemj.org\\\/en\\\/synagogal-music-from-the-19th-century-emile-jonas-and-jules-erlanger\\\/#primaryimage\"},\"thumbnailUrl\":\"https:\\\/\\\/www.iemj.org\\\/wp-content\\\/uploads\\\/2019\\\/12\\\/arton4429.jpg\",\"keywords\":[\"Radio programs from the EIJM\"],\"articleSection\":[\"Herv\u00e9 Roten's Programs\",\"Radio programs\"],\"inLanguage\":\"en-US\"},{\"@type\":\"WebPage\",\"@id\":\"https:\\\/\\\/www.iemj.org\\\/en\\\/synagogal-music-from-the-19th-century-emile-jonas-and-jules-erlanger\\\/\",\"url\":\"https:\\\/\\\/www.iemj.org\\\/en\\\/synagogal-music-from-the-19th-century-emile-jonas-and-jules-erlanger\\\/\",\"name\":\"Synagogal music from the 19th century : Emile Jonas and Jules Erlanger - Institut Europ\u00e9en des Musiques Juives\",\"isPartOf\":{\"@id\":\"https:\\\/\\\/www.iemj.org\\\/en\\\/#website\"},\"primaryImageOfPage\":{\"@id\":\"https:\\\/\\\/www.iemj.org\\\/en\\\/synagogal-music-from-the-19th-century-emile-jonas-and-jules-erlanger\\\/#primaryimage\"},\"image\":{\"@id\":\"https:\\\/\\\/www.iemj.org\\\/en\\\/synagogal-music-from-the-19th-century-emile-jonas-and-jules-erlanger\\\/#primaryimage\"},\"thumbnailUrl\":\"https:\\\/\\\/www.iemj.org\\\/wp-content\\\/uploads\\\/2019\\\/12\\\/arton4429.jpg\",\"datePublished\":\"2019-12-10T10:17:00+00:00\",\"dateModified\":\"2025-09-21T11:18:34+00:00\",\"breadcrumb\":{\"@id\":\"https:\\\/\\\/www.iemj.org\\\/en\\\/synagogal-music-from-the-19th-century-emile-jonas-and-jules-erlanger\\\/#breadcrumb\"},\"inLanguage\":\"en-US\",\"potentialAction\":[{\"@type\":\"ReadAction\",\"target\":[\"https:\\\/\\\/www.iemj.org\\\/en\\\/synagogal-music-from-the-19th-century-emile-jonas-and-jules-erlanger\\\/\"]}]},{\"@type\":\"ImageObject\",\"inLanguage\":\"en-US\",\"@id\":\"https:\\\/\\\/www.iemj.org\\\/en\\\/synagogal-music-from-the-19th-century-emile-jonas-and-jules-erlanger\\\/#primaryimage\",\"url\":\"https:\\\/\\\/www.iemj.org\\\/wp-content\\\/uploads\\\/2019\\\/12\\\/arton4429.jpg\",\"contentUrl\":\"https:\\\/\\\/www.iemj.org\\\/wp-content\\\/uploads\\\/2019\\\/12\\\/arton4429.jpg\",\"width\":136,\"height\":136},{\"@type\":\"BreadcrumbList\",\"@id\":\"https:\\\/\\\/www.iemj.org\\\/en\\\/synagogal-music-from-the-19th-century-emile-jonas-and-jules-erlanger\\\/#breadcrumb\",\"itemListElement\":[{\"@type\":\"ListItem\",\"position\":1,\"name\":\"Accueil\",\"item\":\"https:\\\/\\\/www.iemj.org\\\/en\\\/\"},{\"@type\":\"ListItem\",\"position\":2,\"name\":\"Synagogal music from the 19th century : Emile Jonas and Jules Erlanger\"}]},{\"@type\":\"WebSite\",\"@id\":\"https:\\\/\\\/www.iemj.org\\\/en\\\/#website\",\"url\":\"https:\\\/\\\/www.iemj.org\\\/en\\\/\",\"name\":\"Institut Europ\u00e9en des Musiques Juives\",\"description\":\"Des traditions musicales \u00e0 la port\u00e9e de tous\",\"publisher\":{\"@id\":\"https:\\\/\\\/www.iemj.org\\\/en\\\/#organization\"},\"potentialAction\":[{\"@type\":\"SearchAction\",\"target\":{\"@type\":\"EntryPoint\",\"urlTemplate\":\"https:\\\/\\\/www.iemj.org\\\/en\\\/?s={search_term_string}\"},\"query-input\":{\"@type\":\"PropertyValueSpecification\",\"valueRequired\":true,\"valueName\":\"search_term_string\"}}],\"inLanguage\":\"en-US\"},{\"@type\":\"Organization\",\"@id\":\"https:\\\/\\\/www.iemj.org\\\/en\\\/#organization\",\"name\":\"Institut Europ\u00e9en des Musiques Juives\",\"url\":\"https:\\\/\\\/www.iemj.org\\\/en\\\/\",\"logo\":{\"@type\":\"ImageObject\",\"inLanguage\":\"en-US\",\"@id\":\"https:\\\/\\\/www.iemj.org\\\/en\\\/#\\\/schema\\\/logo\\\/image\\\/\",\"url\":\"https:\\\/\\\/www.iemj.org\\\/wp-content\\\/uploads\\\/2021\\\/09\\\/Logo-IEMJ-Paypal.jpg\",\"contentUrl\":\"https:\\\/\\\/www.iemj.org\\\/wp-content\\\/uploads\\\/2021\\\/09\\\/Logo-IEMJ-Paypal.jpg\",\"width\":150,\"height\":50,\"caption\":\"Institut Europ\u00e9en des Musiques Juives\"},\"image\":{\"@id\":\"https:\\\/\\\/www.iemj.org\\\/en\\\/#\\\/schema\\\/logo\\\/image\\\/\"},\"sameAs\":[\"https:\\\/\\\/www.facebook.com\\\/MusiquesJuives\\\/\",\"https:\\\/\\\/www.instagram.com\\\/musiquesjuives\\\/\",\"https:\\\/\\\/www.youtube.com\\\/user\\\/musiquesjuives\"]},{\"@type\":\"Person\",\"@id\":\"https:\\\/\\\/www.iemj.org\\\/en\\\/#\\\/schema\\\/person\\\/c9bc1c386a3749579a2d675e72a18666\",\"name\":\"Jean-Gabriel Davis\",\"image\":{\"@type\":\"ImageObject\",\"inLanguage\":\"en-US\",\"@id\":\"https:\\\/\\\/secure.gravatar.com\\\/avatar\\\/2b90d67bdf392c9b3a21fab87c0fa7edaf1fb3a058172a1ffd61033fcec7aec1?s=96&d=mm&r=g\",\"url\":\"https:\\\/\\\/secure.gravatar.com\\\/avatar\\\/2b90d67bdf392c9b3a21fab87c0fa7edaf1fb3a058172a1ffd61033fcec7aec1?s=96&d=mm&r=g\",\"contentUrl\":\"https:\\\/\\\/secure.gravatar.com\\\/avatar\\\/2b90d67bdf392c9b3a21fab87c0fa7edaf1fb3a058172a1ffd61033fcec7aec1?s=96&d=mm&r=g\",\"caption\":\"Jean-Gabriel Davis\"}}]}<\/script>\n<!-- \/ Yoast SEO plugin. -->","yoast_head_json":{"title":"Synagogal music from the 19th century : Emile Jonas and Jules Erlanger - Institut Europ\u00e9en des Musiques Juives","robots":{"index":"index","follow":"follow","max-snippet":"max-snippet:-1","max-image-preview":"max-image-preview:large","max-video-preview":"max-video-preview:-1"},"canonical":"https:\/\/www.iemj.org\/en\/synagogal-music-from-the-19th-century-emile-jonas-and-jules-erlanger\/","og_locale":"en_US","og_type":"article","og_title":"Synagogal music from the 19th century : Emile Jonas and Jules Erlanger - Institut Europ\u00e9en des Musiques Juives","og_description":"MUSIQUES JUIVES D\u2019HIER ET D\u2019AUJOURD\u2019HUI \u2013 DECEMBER 17, 2019, JUDA\u00cfQUES FM (94.8), 21H00. Radio program in French","og_url":"https:\/\/www.iemj.org\/en\/synagogal-music-from-the-19th-century-emile-jonas-and-jules-erlanger\/","og_site_name":"Institut Europ\u00e9en des Musiques Juives","article_publisher":"https:\/\/www.facebook.com\/MusiquesJuives\/","article_published_time":"2019-12-10T10:17:00+00:00","article_modified_time":"2025-09-21T11:18:34+00:00","og_image":[{"width":136,"height":136,"url":"https:\/\/www.iemj.org\/wp-content\/uploads\/2019\/12\/arton4429.jpg","type":"image\/jpeg"}],"author":"Jean-Gabriel Davis","twitter_card":"summary_large_image","twitter_misc":{"Written by":"Jean-Gabriel Davis","Est. reading time":"5 minutes"},"schema":{"@context":"https:\/\/schema.org","@graph":[{"@type":"Article","@id":"https:\/\/www.iemj.org\/en\/synagogal-music-from-the-19th-century-emile-jonas-and-jules-erlanger\/#article","isPartOf":{"@id":"https:\/\/www.iemj.org\/en\/synagogal-music-from-the-19th-century-emile-jonas-and-jules-erlanger\/"},"author":{"name":"Jean-Gabriel Davis","@id":"https:\/\/www.iemj.org\/en\/#\/schema\/person\/c9bc1c386a3749579a2d675e72a18666"},"headline":"Synagogal music from the 19th century : Emile Jonas and Jules Erlanger","datePublished":"2019-12-10T10:17:00+00:00","dateModified":"2025-09-21T11:18:34+00:00","mainEntityOfPage":{"@id":"https:\/\/www.iemj.org\/en\/synagogal-music-from-the-19th-century-emile-jonas-and-jules-erlanger\/"},"wordCount":786,"publisher":{"@id":"https:\/\/www.iemj.org\/en\/#organization"},"image":{"@id":"https:\/\/www.iemj.org\/en\/synagogal-music-from-the-19th-century-emile-jonas-and-jules-erlanger\/#primaryimage"},"thumbnailUrl":"https:\/\/www.iemj.org\/wp-content\/uploads\/2019\/12\/arton4429.jpg","keywords":["Radio programs from the EIJM"],"articleSection":["Herv\u00e9 Roten's Programs","Radio programs"],"inLanguage":"en-US"},{"@type":"WebPage","@id":"https:\/\/www.iemj.org\/en\/synagogal-music-from-the-19th-century-emile-jonas-and-jules-erlanger\/","url":"https:\/\/www.iemj.org\/en\/synagogal-music-from-the-19th-century-emile-jonas-and-jules-erlanger\/","name":"Synagogal music from the 19th century : Emile Jonas and Jules Erlanger - Institut Europ\u00e9en des Musiques Juives","isPartOf":{"@id":"https:\/\/www.iemj.org\/en\/#website"},"primaryImageOfPage":{"@id":"https:\/\/www.iemj.org\/en\/synagogal-music-from-the-19th-century-emile-jonas-and-jules-erlanger\/#primaryimage"},"image":{"@id":"https:\/\/www.iemj.org\/en\/synagogal-music-from-the-19th-century-emile-jonas-and-jules-erlanger\/#primaryimage"},"thumbnailUrl":"https:\/\/www.iemj.org\/wp-content\/uploads\/2019\/12\/arton4429.jpg","datePublished":"2019-12-10T10:17:00+00:00","dateModified":"2025-09-21T11:18:34+00:00","breadcrumb":{"@id":"https:\/\/www.iemj.org\/en\/synagogal-music-from-the-19th-century-emile-jonas-and-jules-erlanger\/#breadcrumb"},"inLanguage":"en-US","potentialAction":[{"@type":"ReadAction","target":["https:\/\/www.iemj.org\/en\/synagogal-music-from-the-19th-century-emile-jonas-and-jules-erlanger\/"]}]},{"@type":"ImageObject","inLanguage":"en-US","@id":"https:\/\/www.iemj.org\/en\/synagogal-music-from-the-19th-century-emile-jonas-and-jules-erlanger\/#primaryimage","url":"https:\/\/www.iemj.org\/wp-content\/uploads\/2019\/12\/arton4429.jpg","contentUrl":"https:\/\/www.iemj.org\/wp-content\/uploads\/2019\/12\/arton4429.jpg","width":136,"height":136},{"@type":"BreadcrumbList","@id":"https:\/\/www.iemj.org\/en\/synagogal-music-from-the-19th-century-emile-jonas-and-jules-erlanger\/#breadcrumb","itemListElement":[{"@type":"ListItem","position":1,"name":"Accueil","item":"https:\/\/www.iemj.org\/en\/"},{"@type":"ListItem","position":2,"name":"Synagogal music from the 19th century : Emile Jonas and Jules Erlanger"}]},{"@type":"WebSite","@id":"https:\/\/www.iemj.org\/en\/#website","url":"https:\/\/www.iemj.org\/en\/","name":"Institut Europ\u00e9en des Musiques Juives","description":"Des traditions musicales \u00e0 la port\u00e9e de tous","publisher":{"@id":"https:\/\/www.iemj.org\/en\/#organization"},"potentialAction":[{"@type":"SearchAction","target":{"@type":"EntryPoint","urlTemplate":"https:\/\/www.iemj.org\/en\/?s={search_term_string}"},"query-input":{"@type":"PropertyValueSpecification","valueRequired":true,"valueName":"search_term_string"}}],"inLanguage":"en-US"},{"@type":"Organization","@id":"https:\/\/www.iemj.org\/en\/#organization","name":"Institut Europ\u00e9en des Musiques Juives","url":"https:\/\/www.iemj.org\/en\/","logo":{"@type":"ImageObject","inLanguage":"en-US","@id":"https:\/\/www.iemj.org\/en\/#\/schema\/logo\/image\/","url":"https:\/\/www.iemj.org\/wp-content\/uploads\/2021\/09\/Logo-IEMJ-Paypal.jpg","contentUrl":"https:\/\/www.iemj.org\/wp-content\/uploads\/2021\/09\/Logo-IEMJ-Paypal.jpg","width":150,"height":50,"caption":"Institut Europ\u00e9en des Musiques Juives"},"image":{"@id":"https:\/\/www.iemj.org\/en\/#\/schema\/logo\/image\/"},"sameAs":["https:\/\/www.facebook.com\/MusiquesJuives\/","https:\/\/www.instagram.com\/musiquesjuives\/","https:\/\/www.youtube.com\/user\/musiquesjuives"]},{"@type":"Person","@id":"https:\/\/www.iemj.org\/en\/#\/schema\/person\/c9bc1c386a3749579a2d675e72a18666","name":"Jean-Gabriel Davis","image":{"@type":"ImageObject","inLanguage":"en-US","@id":"https:\/\/secure.gravatar.com\/avatar\/2b90d67bdf392c9b3a21fab87c0fa7edaf1fb3a058172a1ffd61033fcec7aec1?s=96&d=mm&r=g","url":"https:\/\/secure.gravatar.com\/avatar\/2b90d67bdf392c9b3a21fab87c0fa7edaf1fb3a058172a1ffd61033fcec7aec1?s=96&d=mm&r=g","contentUrl":"https:\/\/secure.gravatar.com\/avatar\/2b90d67bdf392c9b3a21fab87c0fa7edaf1fb3a058172a1ffd61033fcec7aec1?s=96&d=mm&r=g","caption":"Jean-Gabriel Davis"}}]}},"_links":{"self":[{"href":"https:\/\/www.iemj.org\/en\/wp-json\/wp\/v2\/posts\/26386","targetHints":{"allow":["GET"]}}],"collection":[{"href":"https:\/\/www.iemj.org\/en\/wp-json\/wp\/v2\/posts"}],"about":[{"href":"https:\/\/www.iemj.org\/en\/wp-json\/wp\/v2\/types\/post"}],"author":[{"embeddable":true,"href":"https:\/\/www.iemj.org\/en\/wp-json\/wp\/v2\/users\/1048"}],"replies":[{"embeddable":true,"href":"https:\/\/www.iemj.org\/en\/wp-json\/wp\/v2\/comments?post=26386"}],"version-history":[{"count":0,"href":"https:\/\/www.iemj.org\/en\/wp-json\/wp\/v2\/posts\/26386\/revisions"}],"wp:featuredmedia":[{"embeddable":true,"href":"https:\/\/www.iemj.org\/en\/wp-json\/wp\/v2\/media\/26382"}],"wp:attachment":[{"href":"https:\/\/www.iemj.org\/en\/wp-json\/wp\/v2\/media?parent=26386"}],"wp:term":[{"taxonomy":"category","embeddable":true,"href":"https:\/\/www.iemj.org\/en\/wp-json\/wp\/v2\/categories?post=26386"},{"taxonomy":"post_tag","embeddable":true,"href":"https:\/\/www.iemj.org\/en\/wp-json\/wp\/v2\/tags?post=26386"},{"taxonomy":"technique","embeddable":true,"href":"https:\/\/www.iemj.org\/en\/wp-json\/wp\/v2\/technique?post=26386"},{"taxonomy":"squelettes","embeddable":true,"href":"https:\/\/www.iemj.org\/en\/wp-json\/wp\/v2\/squelettes?post=26386"},{"taxonomy":"sujet","embeddable":true,"href":"https:\/\/www.iemj.org\/en\/wp-json\/wp\/v2\/sujet?post=26386"},{"taxonomy":"formation","embeddable":true,"href":"https:\/\/www.iemj.org\/en\/wp-json\/wp\/v2\/formation?post=26386"},{"taxonomy":"genre","embeddable":true,"href":"https:\/\/www.iemj.org\/en\/wp-json\/wp\/v2\/genre?post=26386"},{"taxonomy":"fonds","embeddable":true,"href":"https:\/\/www.iemj.org\/en\/wp-json\/wp\/v2\/fonds?post=26386"},{"taxonomy":"tradition","embeddable":true,"href":"https:\/\/www.iemj.org\/en\/wp-json\/wp\/v2\/tradition?post=26386"},{"taxonomy":"type-de-contenu","embeddable":true,"href":"https:\/\/www.iemj.org\/en\/wp-json\/wp\/v2\/type-de-contenu?post=26386"},{"taxonomy":"interprete-compositeur","embeddable":true,"href":"https:\/\/www.iemj.org\/en\/wp-json\/wp\/v2\/interprete-compositeur?post=26386"},{"taxonomy":"frise","embeddable":true,"href":"https:\/\/www.iemj.org\/en\/wp-json\/wp\/v2\/frise?post=26386"},{"taxonomy":"type-devenement","embeddable":true,"href":"https:\/\/www.iemj.org\/en\/wp-json\/wp\/v2\/type-devenement?post=26386"},{"taxonomy":"tableaux-liens-externes","embeddable":true,"href":"https:\/\/www.iemj.org\/en\/wp-json\/wp\/v2\/tableaux-liens-externes?post=26386"}],"curies":[{"name":"wp","href":"https:\/\/api.w.org\/{rel}","templated":true}]}}