{"id":26572,"date":"2020-01-10T12:05:17","date_gmt":"2020-01-10T11:05:17","guid":{"rendered":"https:\/\/www.iemj.org\/george-enescu-musica-de-camera-vol-viii\/"},"modified":"2021-09-06T10:05:11","modified_gmt":"2021-09-06T08:05:11","slug":"george-enescu-musica-de-camera-vol-viii","status":"publish","type":"post","link":"https:\/\/www.iemj.org\/en\/george-enescu-musica-de-camera-vol-viii\/","title":{"rendered":"George Enescu &#8211; Musica de Camera, vol. VIII"},"content":{"rendered":"<p>Eighth volume of the complete edition of George Enescu&#8217;s works, this sheet music is dedicated to the composer&#8217;s chamber music. Published at the Salabert Editions in 2014 by the Romanian Cultural Institute \u2013 National Museum George Enescu, this compilation includes three works by Enescu :<br \/>\n&#8211; the <em>S\u00e9r\u00e9nade en sourdine<\/em> for violin and cello<br \/>\n&#8211; the <em>Pr\u00e9lude et Gavotte<\/em> for violin, cello and two pianos<br \/>\n&#8211; the <em>Nocturne Ville d\u2019Avrayen<\/em> for piano, cello, viola and violin<\/p>\n<p>Although the composer left officially 33 opuses, his complete catalogue counts several hundreds works. Enescu touched all musical genres, piano solo, chamber music (a favourite area), symphonies, melodies (particularly during his youth), an opera with his <em>\u0152dipus<\/em> praised as a masterpiece since its creation in 1936 at the Palais Garnier.<\/p>\n<p>According to Sherban Lupu, specialist of Enescu and master of this edition of Enescu&#8217;s complete works, the <em>S\u00e9r\u00e9nade en sourdine<\/em> for violin and cello was composed between 1915 and 1920. The only knowned manuscript included several mistakes which explains the fact that this piece was never performed. Sherban Lupu found the original manuscript, written from Enescu&#8217;s hand, and was able to do the necessary correction.<\/p>\n<p>The <em>Pr\u00e9lude et Gavotte<\/em> dates from 1898, a time when Enescu was studying at the Paris Music school. This piece is written for violin, cello and two pianos, an unusual formation. According to Sheran Lupu, this work comes maybe from a composition given by his masters Andr\u00e9 G\u00e9dalge or Gabriel Faur\u00e9. \u00ab This work seems to somehow parody the baroque, especially the gavotte, where Enescu introduces elements from klezmer music, so characteristic of Moldova&#8217;s folklore at the time. \u00bb<\/p>\n<p>Still according to Sherban Lupu, the <em>Nocturne Ville d\u2019Avrayen<\/em> for piano, violin, viola and cello was written between 1931 and 1936, and was a moving expression of the relation established between Enescu and his pupil Yehudi Menuhin, to whom the composer started giving lessons in 1927. In 1931, the Menuhin family settled down in Ville d\u2019Avray, a town near Versailles, where Enescu often went to play chamber music. In 2005, the discovery of a manuscript of that same piece in the archives of the composer Fernand Halphen (1872-1917), classmate of Enescu in the music school, invalidated this hypothesis. The <em>Nocturne Ville d\u2019Avrayen<\/em>, dedicated to Fernand Halphen, is a youthful work by Enescu, written on July 5, 1898, when he was staying at the Halphen family&#8217;s house which was also in Ville d\u2019Avray ! This manuscript, given by the Halphen family to the European Institute for Jewish Music, is partly available for consultation on the Rachel online catalogue.<\/p>\n<p><a href=\"https:\/\/www.iemj.org\/en\/le-nocturne-ville-davrayen-de-georges-enesco-1881-1955\/\" target=\"_blank\" rel=\"noopener\">Learn more on the <em>Nocturne Ville d\u2019Avrayen<\/em><\/a><br \/>\n<a href=\"https:\/\/www.iemj.org\/en\/videos-du-concert-de-gala-de-linstitut-europeen-des-musiques-juives-edition-2015\/\">Watch a video of the EIJM&#8217;s 2015 Gala Concert featuring a performance of the <em>Nocturne Ville d\u2019Avrayen<\/em> in its original version<\/a><br \/>\n<a href=\"https:\/\/www.iemj.org\/en\/viniciu-moroianu-performs-george-enescu\/\">Listen to excerpts from the CD Viniciu Moroianu performs George Enescu &#8211; Pieces for piano and chamber music<\/a><\/p>\n<p><center><br \/>\n<img fetchpriority=\"high\" decoding=\"async\" class=\" aligncenter size-full wp-image-26529\" src=\"https:\/\/www.iemj.org\/wp-content\/uploads\/2020\/01\/p_enescu_serenade_032_a_inserer_680px_horiz.jpg\" alt=\"p_enescu_serenade_032_a_inserer_680px_horiz.jpg\" width=\"680\" height=\"901\" align=\"middle\" srcset=\"https:\/\/www.iemj.org\/wp-content\/uploads\/2020\/01\/p_enescu_serenade_032_a_inserer_680px_horiz.jpg 680w, https:\/\/www.iemj.org\/wp-content\/uploads\/2020\/01\/p_enescu_serenade_032_a_inserer_680px_horiz-226x300.jpg 226w, https:\/\/www.iemj.org\/wp-content\/uploads\/2020\/01\/p_enescu_serenade_032_a_inserer_680px_horiz-600x795.jpg 600w\" sizes=\"(max-width: 680px) 100vw, 680px\" \/><\/center><\/p>\n","protected":false},"excerpt":{"rendered":"<p>Eighth volume of the complete edition of George Enescu&#8217;s works, this sheet music is dedicated to the composer&#8217;s chamber music. Published at the Salabert Editions in 2014 by the Romanian<\/p>\n","protected":false},"author":1048,"featured_media":26570,"comment_status":"closed","ping_status":"closed","sticky":false,"template":"","format":"standard","meta":{"_acf_changed":false,"footnotes":""},"categories":[1580],"tags":[],"technique":[],"squelettes":[],"sujet":[],"formation":[],"genre":[],"fonds":[],"tradition":[],"type-de-contenu":[],"interprete-compositeur":[],"frise":[],"type-devenement":[],"tableaux-liens-externes":[],"class_list":["post-26572","post","type-post","status-publish","format-standard","has-post-thumbnail","hentry","category-sheet-music-en"],"acf":[],"yoast_head":"<!-- This site is optimized with the Yoast SEO plugin v27.3 - https:\/\/yoast.com\/product\/yoast-seo-wordpress\/ -->\n<title>George Enescu - Musica de Camera, vol. VIII - Institut Europ\u00e9en des Musiques Juives<\/title>\n<meta name=\"robots\" content=\"index, follow, max-snippet:-1, max-image-preview:large, max-video-preview:-1\" \/>\n<link rel=\"canonical\" href=\"https:\/\/www.iemj.org\/en\/george-enescu-musica-de-camera-vol-viii\/\" \/>\n<meta property=\"og:locale\" content=\"en_US\" \/>\n<meta property=\"og:type\" content=\"article\" \/>\n<meta property=\"og:title\" content=\"George Enescu - Musica de Camera, vol. VIII - Institut Europ\u00e9en des Musiques Juives\" \/>\n<meta property=\"og:description\" content=\"Eighth volume of the complete edition of George Enescu&#8217;s works, this sheet music is dedicated to the composer&#8217;s chamber music. Published at the Salabert Editions in 2014 by the Romanian\" \/>\n<meta property=\"og:url\" content=\"https:\/\/www.iemj.org\/en\/george-enescu-musica-de-camera-vol-viii\/\" \/>\n<meta property=\"og:site_name\" content=\"Institut Europ\u00e9en des Musiques Juives\" \/>\n<meta property=\"article:publisher\" content=\"https:\/\/www.facebook.com\/MusiquesJuives\/\" \/>\n<meta property=\"article:published_time\" content=\"2020-01-10T11:05:17+00:00\" \/>\n<meta property=\"article:modified_time\" content=\"2021-09-06T08:05:11+00:00\" \/>\n<meta property=\"og:image\" content=\"https:\/\/www.iemj.org\/wp-content\/uploads\/2020\/01\/arton4468.jpg\" \/>\n\t<meta property=\"og:image:width\" content=\"400\" \/>\n\t<meta property=\"og:image:height\" content=\"534\" \/>\n\t<meta property=\"og:image:type\" content=\"image\/jpeg\" \/>\n<meta name=\"author\" content=\"Jean-Gabriel Davis\" \/>\n<meta name=\"twitter:card\" content=\"summary_large_image\" \/>\n<meta name=\"twitter:label1\" content=\"Written by\" \/>\n\t<meta name=\"twitter:data1\" content=\"Jean-Gabriel Davis\" \/>\n\t<meta name=\"twitter:label2\" content=\"Est. reading time\" \/>\n\t<meta name=\"twitter:data2\" content=\"3 minutes\" \/>\n<script type=\"application\/ld+json\" class=\"yoast-schema-graph\">{\"@context\":\"https:\\\/\\\/schema.org\",\"@graph\":[{\"@type\":\"Article\",\"@id\":\"https:\\\/\\\/www.iemj.org\\\/en\\\/george-enescu-musica-de-camera-vol-viii\\\/#article\",\"isPartOf\":{\"@id\":\"https:\\\/\\\/www.iemj.org\\\/en\\\/george-enescu-musica-de-camera-vol-viii\\\/\"},\"author\":{\"name\":\"Jean-Gabriel Davis\",\"@id\":\"https:\\\/\\\/www.iemj.org\\\/en\\\/#\\\/schema\\\/person\\\/c9bc1c386a3749579a2d675e72a18666\"},\"headline\":\"George Enescu &#8211; Musica de Camera, vol. VIII\",\"datePublished\":\"2020-01-10T11:05:17+00:00\",\"dateModified\":\"2021-09-06T08:05:11+00:00\",\"mainEntityOfPage\":{\"@id\":\"https:\\\/\\\/www.iemj.org\\\/en\\\/george-enescu-musica-de-camera-vol-viii\\\/\"},\"wordCount\":483,\"publisher\":{\"@id\":\"https:\\\/\\\/www.iemj.org\\\/en\\\/#organization\"},\"image\":{\"@id\":\"https:\\\/\\\/www.iemj.org\\\/en\\\/george-enescu-musica-de-camera-vol-viii\\\/#primaryimage\"},\"thumbnailUrl\":\"https:\\\/\\\/www.iemj.org\\\/wp-content\\\/uploads\\\/2020\\\/01\\\/arton4468.jpg\",\"articleSection\":[\"Sheet Music\"],\"inLanguage\":\"en-US\"},{\"@type\":\"WebPage\",\"@id\":\"https:\\\/\\\/www.iemj.org\\\/en\\\/george-enescu-musica-de-camera-vol-viii\\\/\",\"url\":\"https:\\\/\\\/www.iemj.org\\\/en\\\/george-enescu-musica-de-camera-vol-viii\\\/\",\"name\":\"George Enescu - Musica de Camera, vol. VIII - Institut Europ\u00e9en des Musiques Juives\",\"isPartOf\":{\"@id\":\"https:\\\/\\\/www.iemj.org\\\/en\\\/#website\"},\"primaryImageOfPage\":{\"@id\":\"https:\\\/\\\/www.iemj.org\\\/en\\\/george-enescu-musica-de-camera-vol-viii\\\/#primaryimage\"},\"image\":{\"@id\":\"https:\\\/\\\/www.iemj.org\\\/en\\\/george-enescu-musica-de-camera-vol-viii\\\/#primaryimage\"},\"thumbnailUrl\":\"https:\\\/\\\/www.iemj.org\\\/wp-content\\\/uploads\\\/2020\\\/01\\\/arton4468.jpg\",\"datePublished\":\"2020-01-10T11:05:17+00:00\",\"dateModified\":\"2021-09-06T08:05:11+00:00\",\"breadcrumb\":{\"@id\":\"https:\\\/\\\/www.iemj.org\\\/en\\\/george-enescu-musica-de-camera-vol-viii\\\/#breadcrumb\"},\"inLanguage\":\"en-US\",\"potentialAction\":[{\"@type\":\"ReadAction\",\"target\":[\"https:\\\/\\\/www.iemj.org\\\/en\\\/george-enescu-musica-de-camera-vol-viii\\\/\"]}]},{\"@type\":\"ImageObject\",\"inLanguage\":\"en-US\",\"@id\":\"https:\\\/\\\/www.iemj.org\\\/en\\\/george-enescu-musica-de-camera-vol-viii\\\/#primaryimage\",\"url\":\"https:\\\/\\\/www.iemj.org\\\/wp-content\\\/uploads\\\/2020\\\/01\\\/arton4468.jpg\",\"contentUrl\":\"https:\\\/\\\/www.iemj.org\\\/wp-content\\\/uploads\\\/2020\\\/01\\\/arton4468.jpg\",\"width\":400,\"height\":534},{\"@type\":\"BreadcrumbList\",\"@id\":\"https:\\\/\\\/www.iemj.org\\\/en\\\/george-enescu-musica-de-camera-vol-viii\\\/#breadcrumb\",\"itemListElement\":[{\"@type\":\"ListItem\",\"position\":1,\"name\":\"Accueil\",\"item\":\"https:\\\/\\\/www.iemj.org\\\/en\\\/\"},{\"@type\":\"ListItem\",\"position\":2,\"name\":\"George Enescu &#8211; Musica de Camera, vol. VIII\"}]},{\"@type\":\"WebSite\",\"@id\":\"https:\\\/\\\/www.iemj.org\\\/en\\\/#website\",\"url\":\"https:\\\/\\\/www.iemj.org\\\/en\\\/\",\"name\":\"Institut Europ\u00e9en des Musiques Juives\",\"description\":\"Des traditions musicales \u00e0 la port\u00e9e de tous\",\"publisher\":{\"@id\":\"https:\\\/\\\/www.iemj.org\\\/en\\\/#organization\"},\"potentialAction\":[{\"@type\":\"SearchAction\",\"target\":{\"@type\":\"EntryPoint\",\"urlTemplate\":\"https:\\\/\\\/www.iemj.org\\\/en\\\/?s={search_term_string}\"},\"query-input\":{\"@type\":\"PropertyValueSpecification\",\"valueRequired\":true,\"valueName\":\"search_term_string\"}}],\"inLanguage\":\"en-US\"},{\"@type\":\"Organization\",\"@id\":\"https:\\\/\\\/www.iemj.org\\\/en\\\/#organization\",\"name\":\"Institut Europ\u00e9en des Musiques Juives\",\"url\":\"https:\\\/\\\/www.iemj.org\\\/en\\\/\",\"logo\":{\"@type\":\"ImageObject\",\"inLanguage\":\"en-US\",\"@id\":\"https:\\\/\\\/www.iemj.org\\\/en\\\/#\\\/schema\\\/logo\\\/image\\\/\",\"url\":\"https:\\\/\\\/www.iemj.org\\\/wp-content\\\/uploads\\\/2021\\\/09\\\/Logo-IEMJ-Paypal.jpg\",\"contentUrl\":\"https:\\\/\\\/www.iemj.org\\\/wp-content\\\/uploads\\\/2021\\\/09\\\/Logo-IEMJ-Paypal.jpg\",\"width\":150,\"height\":50,\"caption\":\"Institut Europ\u00e9en des Musiques Juives\"},\"image\":{\"@id\":\"https:\\\/\\\/www.iemj.org\\\/en\\\/#\\\/schema\\\/logo\\\/image\\\/\"},\"sameAs\":[\"https:\\\/\\\/www.facebook.com\\\/MusiquesJuives\\\/\",\"https:\\\/\\\/www.instagram.com\\\/musiquesjuives\\\/\",\"https:\\\/\\\/www.youtube.com\\\/user\\\/musiquesjuives\"]},{\"@type\":\"Person\",\"@id\":\"https:\\\/\\\/www.iemj.org\\\/en\\\/#\\\/schema\\\/person\\\/c9bc1c386a3749579a2d675e72a18666\",\"name\":\"Jean-Gabriel Davis\",\"image\":{\"@type\":\"ImageObject\",\"inLanguage\":\"en-US\",\"@id\":\"https:\\\/\\\/secure.gravatar.com\\\/avatar\\\/2b90d67bdf392c9b3a21fab87c0fa7edaf1fb3a058172a1ffd61033fcec7aec1?s=96&d=mm&r=g\",\"url\":\"https:\\\/\\\/secure.gravatar.com\\\/avatar\\\/2b90d67bdf392c9b3a21fab87c0fa7edaf1fb3a058172a1ffd61033fcec7aec1?s=96&d=mm&r=g\",\"contentUrl\":\"https:\\\/\\\/secure.gravatar.com\\\/avatar\\\/2b90d67bdf392c9b3a21fab87c0fa7edaf1fb3a058172a1ffd61033fcec7aec1?s=96&d=mm&r=g\",\"caption\":\"Jean-Gabriel Davis\"}}]}<\/script>\n<!-- \/ Yoast SEO plugin. -->","yoast_head_json":{"title":"George Enescu - Musica de Camera, vol. VIII - Institut Europ\u00e9en des Musiques Juives","robots":{"index":"index","follow":"follow","max-snippet":"max-snippet:-1","max-image-preview":"max-image-preview:large","max-video-preview":"max-video-preview:-1"},"canonical":"https:\/\/www.iemj.org\/en\/george-enescu-musica-de-camera-vol-viii\/","og_locale":"en_US","og_type":"article","og_title":"George Enescu - Musica de Camera, vol. VIII - Institut Europ\u00e9en des Musiques Juives","og_description":"Eighth volume of the complete edition of George Enescu&#8217;s works, this sheet music is dedicated to the composer&#8217;s chamber music. Published at the Salabert Editions in 2014 by the Romanian","og_url":"https:\/\/www.iemj.org\/en\/george-enescu-musica-de-camera-vol-viii\/","og_site_name":"Institut Europ\u00e9en des Musiques Juives","article_publisher":"https:\/\/www.facebook.com\/MusiquesJuives\/","article_published_time":"2020-01-10T11:05:17+00:00","article_modified_time":"2021-09-06T08:05:11+00:00","og_image":[{"width":400,"height":534,"url":"https:\/\/www.iemj.org\/wp-content\/uploads\/2020\/01\/arton4468.jpg","type":"image\/jpeg"}],"author":"Jean-Gabriel Davis","twitter_card":"summary_large_image","twitter_misc":{"Written by":"Jean-Gabriel Davis","Est. reading time":"3 minutes"},"schema":{"@context":"https:\/\/schema.org","@graph":[{"@type":"Article","@id":"https:\/\/www.iemj.org\/en\/george-enescu-musica-de-camera-vol-viii\/#article","isPartOf":{"@id":"https:\/\/www.iemj.org\/en\/george-enescu-musica-de-camera-vol-viii\/"},"author":{"name":"Jean-Gabriel Davis","@id":"https:\/\/www.iemj.org\/en\/#\/schema\/person\/c9bc1c386a3749579a2d675e72a18666"},"headline":"George Enescu &#8211; Musica de Camera, vol. VIII","datePublished":"2020-01-10T11:05:17+00:00","dateModified":"2021-09-06T08:05:11+00:00","mainEntityOfPage":{"@id":"https:\/\/www.iemj.org\/en\/george-enescu-musica-de-camera-vol-viii\/"},"wordCount":483,"publisher":{"@id":"https:\/\/www.iemj.org\/en\/#organization"},"image":{"@id":"https:\/\/www.iemj.org\/en\/george-enescu-musica-de-camera-vol-viii\/#primaryimage"},"thumbnailUrl":"https:\/\/www.iemj.org\/wp-content\/uploads\/2020\/01\/arton4468.jpg","articleSection":["Sheet Music"],"inLanguage":"en-US"},{"@type":"WebPage","@id":"https:\/\/www.iemj.org\/en\/george-enescu-musica-de-camera-vol-viii\/","url":"https:\/\/www.iemj.org\/en\/george-enescu-musica-de-camera-vol-viii\/","name":"George Enescu - Musica de Camera, vol. VIII - Institut Europ\u00e9en des Musiques Juives","isPartOf":{"@id":"https:\/\/www.iemj.org\/en\/#website"},"primaryImageOfPage":{"@id":"https:\/\/www.iemj.org\/en\/george-enescu-musica-de-camera-vol-viii\/#primaryimage"},"image":{"@id":"https:\/\/www.iemj.org\/en\/george-enescu-musica-de-camera-vol-viii\/#primaryimage"},"thumbnailUrl":"https:\/\/www.iemj.org\/wp-content\/uploads\/2020\/01\/arton4468.jpg","datePublished":"2020-01-10T11:05:17+00:00","dateModified":"2021-09-06T08:05:11+00:00","breadcrumb":{"@id":"https:\/\/www.iemj.org\/en\/george-enescu-musica-de-camera-vol-viii\/#breadcrumb"},"inLanguage":"en-US","potentialAction":[{"@type":"ReadAction","target":["https:\/\/www.iemj.org\/en\/george-enescu-musica-de-camera-vol-viii\/"]}]},{"@type":"ImageObject","inLanguage":"en-US","@id":"https:\/\/www.iemj.org\/en\/george-enescu-musica-de-camera-vol-viii\/#primaryimage","url":"https:\/\/www.iemj.org\/wp-content\/uploads\/2020\/01\/arton4468.jpg","contentUrl":"https:\/\/www.iemj.org\/wp-content\/uploads\/2020\/01\/arton4468.jpg","width":400,"height":534},{"@type":"BreadcrumbList","@id":"https:\/\/www.iemj.org\/en\/george-enescu-musica-de-camera-vol-viii\/#breadcrumb","itemListElement":[{"@type":"ListItem","position":1,"name":"Accueil","item":"https:\/\/www.iemj.org\/en\/"},{"@type":"ListItem","position":2,"name":"George Enescu &#8211; Musica de Camera, vol. VIII"}]},{"@type":"WebSite","@id":"https:\/\/www.iemj.org\/en\/#website","url":"https:\/\/www.iemj.org\/en\/","name":"Institut Europ\u00e9en des Musiques Juives","description":"Des traditions musicales \u00e0 la port\u00e9e de tous","publisher":{"@id":"https:\/\/www.iemj.org\/en\/#organization"},"potentialAction":[{"@type":"SearchAction","target":{"@type":"EntryPoint","urlTemplate":"https:\/\/www.iemj.org\/en\/?s={search_term_string}"},"query-input":{"@type":"PropertyValueSpecification","valueRequired":true,"valueName":"search_term_string"}}],"inLanguage":"en-US"},{"@type":"Organization","@id":"https:\/\/www.iemj.org\/en\/#organization","name":"Institut Europ\u00e9en des Musiques Juives","url":"https:\/\/www.iemj.org\/en\/","logo":{"@type":"ImageObject","inLanguage":"en-US","@id":"https:\/\/www.iemj.org\/en\/#\/schema\/logo\/image\/","url":"https:\/\/www.iemj.org\/wp-content\/uploads\/2021\/09\/Logo-IEMJ-Paypal.jpg","contentUrl":"https:\/\/www.iemj.org\/wp-content\/uploads\/2021\/09\/Logo-IEMJ-Paypal.jpg","width":150,"height":50,"caption":"Institut Europ\u00e9en des Musiques Juives"},"image":{"@id":"https:\/\/www.iemj.org\/en\/#\/schema\/logo\/image\/"},"sameAs":["https:\/\/www.facebook.com\/MusiquesJuives\/","https:\/\/www.instagram.com\/musiquesjuives\/","https:\/\/www.youtube.com\/user\/musiquesjuives"]},{"@type":"Person","@id":"https:\/\/www.iemj.org\/en\/#\/schema\/person\/c9bc1c386a3749579a2d675e72a18666","name":"Jean-Gabriel Davis","image":{"@type":"ImageObject","inLanguage":"en-US","@id":"https:\/\/secure.gravatar.com\/avatar\/2b90d67bdf392c9b3a21fab87c0fa7edaf1fb3a058172a1ffd61033fcec7aec1?s=96&d=mm&r=g","url":"https:\/\/secure.gravatar.com\/avatar\/2b90d67bdf392c9b3a21fab87c0fa7edaf1fb3a058172a1ffd61033fcec7aec1?s=96&d=mm&r=g","contentUrl":"https:\/\/secure.gravatar.com\/avatar\/2b90d67bdf392c9b3a21fab87c0fa7edaf1fb3a058172a1ffd61033fcec7aec1?s=96&d=mm&r=g","caption":"Jean-Gabriel Davis"}}]}},"_links":{"self":[{"href":"https:\/\/www.iemj.org\/en\/wp-json\/wp\/v2\/posts\/26572","targetHints":{"allow":["GET"]}}],"collection":[{"href":"https:\/\/www.iemj.org\/en\/wp-json\/wp\/v2\/posts"}],"about":[{"href":"https:\/\/www.iemj.org\/en\/wp-json\/wp\/v2\/types\/post"}],"author":[{"embeddable":true,"href":"https:\/\/www.iemj.org\/en\/wp-json\/wp\/v2\/users\/1048"}],"replies":[{"embeddable":true,"href":"https:\/\/www.iemj.org\/en\/wp-json\/wp\/v2\/comments?post=26572"}],"version-history":[{"count":0,"href":"https:\/\/www.iemj.org\/en\/wp-json\/wp\/v2\/posts\/26572\/revisions"}],"wp:featuredmedia":[{"embeddable":true,"href":"https:\/\/www.iemj.org\/en\/wp-json\/wp\/v2\/media\/26570"}],"wp:attachment":[{"href":"https:\/\/www.iemj.org\/en\/wp-json\/wp\/v2\/media?parent=26572"}],"wp:term":[{"taxonomy":"category","embeddable":true,"href":"https:\/\/www.iemj.org\/en\/wp-json\/wp\/v2\/categories?post=26572"},{"taxonomy":"post_tag","embeddable":true,"href":"https:\/\/www.iemj.org\/en\/wp-json\/wp\/v2\/tags?post=26572"},{"taxonomy":"technique","embeddable":true,"href":"https:\/\/www.iemj.org\/en\/wp-json\/wp\/v2\/technique?post=26572"},{"taxonomy":"squelettes","embeddable":true,"href":"https:\/\/www.iemj.org\/en\/wp-json\/wp\/v2\/squelettes?post=26572"},{"taxonomy":"sujet","embeddable":true,"href":"https:\/\/www.iemj.org\/en\/wp-json\/wp\/v2\/sujet?post=26572"},{"taxonomy":"formation","embeddable":true,"href":"https:\/\/www.iemj.org\/en\/wp-json\/wp\/v2\/formation?post=26572"},{"taxonomy":"genre","embeddable":true,"href":"https:\/\/www.iemj.org\/en\/wp-json\/wp\/v2\/genre?post=26572"},{"taxonomy":"fonds","embeddable":true,"href":"https:\/\/www.iemj.org\/en\/wp-json\/wp\/v2\/fonds?post=26572"},{"taxonomy":"tradition","embeddable":true,"href":"https:\/\/www.iemj.org\/en\/wp-json\/wp\/v2\/tradition?post=26572"},{"taxonomy":"type-de-contenu","embeddable":true,"href":"https:\/\/www.iemj.org\/en\/wp-json\/wp\/v2\/type-de-contenu?post=26572"},{"taxonomy":"interprete-compositeur","embeddable":true,"href":"https:\/\/www.iemj.org\/en\/wp-json\/wp\/v2\/interprete-compositeur?post=26572"},{"taxonomy":"frise","embeddable":true,"href":"https:\/\/www.iemj.org\/en\/wp-json\/wp\/v2\/frise?post=26572"},{"taxonomy":"type-devenement","embeddable":true,"href":"https:\/\/www.iemj.org\/en\/wp-json\/wp\/v2\/type-devenement?post=26572"},{"taxonomy":"tableaux-liens-externes","embeddable":true,"href":"https:\/\/www.iemj.org\/en\/wp-json\/wp\/v2\/tableaux-liens-externes?post=26572"}],"curies":[{"name":"wp","href":"https:\/\/api.w.org\/{rel}","templated":true}]}}