{"id":27704,"date":"2020-03-25T10:12:10","date_gmt":"2020-03-25T09:12:10","guid":{"rendered":"https:\/\/www.iemj.org\/herve-roten-le-patrimoine-a-fleur-de-peau-et-les-musiques-juives-sortirent-de-loubli-3\/"},"modified":"2025-09-10T18:35:03","modified_gmt":"2025-09-10T16:35:03","slug":"herve-roten-le-patrimoine-a-fleur-de-peau-et-les-musiques-juives-sortirent-de-loubli-3","status":"publish","type":"post","link":"https:\/\/www.iemj.org\/en\/herve-roten-le-patrimoine-a-fleur-de-peau-et-les-musiques-juives-sortirent-de-loubli-3\/","title":{"rendered":"&#8220;Herv\u00e9 Roten, le patrimoine \u00e0 fleur de peau &#8211; Et les musiques juives sortirent de l\u2019oubli&#8230;&#8221;"},"content":{"rendered":"<p>\u201cIt was first on Rue de Bellechasse, in the 7th arrondissement of Paris. One day in the spring of 2011, Herv\u00e9 Roten welcomes you to the European Institute of Jewish Music\u2026\u201d<\/p>\n<p><a href=\"https:\/\/www.iemj.org\/wp-content\/uploads\/2015\/07\/causeur_herve_roten_le_patrimoine_a_fleur_de_peau___print.pdf\" target=\"_blank\" rel=\"noopener\">See Herv\u00e9 Roten\u2019s article \u201cLe patrimoine \u00e0 fleur de peau \u2013 Et les musiques juives sortirent de l\u2019oubli\u201d (Heritage on the surface \u2013 And Jewish music emerged from oblivion), Causeur.fr \u2013 Posted by Nidam Abdi on October 11, 2014, at 9:00 a.m., in Culture, World, Society<\/a><\/p>\n\n\n<h2 class=\"wp-block-heading\"><\/h2>\n\n\n\n<p><\/p>\n","protected":false},"excerpt":{"rendered":"<p>\u201cIt was first on Rue de Bellechasse, in the 7th arrondissement of Paris. One day in the spring of 2011, Herv\u00e9 Roten welcomes you to the European Institute of Jewish<\/p>\n","protected":false},"author":1048,"featured_media":27702,"comment_status":"closed","ping_status":"closed","sticky":false,"template":"","format":"standard","meta":{"_acf_changed":false,"footnotes":""},"categories":[934],"tags":[],"technique":[],"squelettes":[],"sujet":[],"formation":[],"genre":[],"fonds":[],"tradition":[],"type-de-contenu":[],"interprete-compositeur":[],"frise":[],"type-devenement":[],"tableaux-liens-externes":[],"class_list":["post-27704","post","type-post","status-publish","format-standard","has-post-thumbnail","hentry","category-they-talk-about-us-en"],"acf":[],"yoast_head":"<!-- This site is optimized with the Yoast SEO plugin v27.3 - https:\/\/yoast.com\/product\/yoast-seo-wordpress\/ -->\n<title>&quot;Herv\u00e9 Roten, le patrimoine \u00e0 fleur de peau - Et les musiques juives sortirent de l\u2019oubli...&quot; - Institut Europ\u00e9en des Musiques Juives<\/title>\n<meta name=\"robots\" content=\"index, follow, max-snippet:-1, max-image-preview:large, max-video-preview:-1\" \/>\n<link rel=\"canonical\" href=\"https:\/\/www.iemj.org\/en\/herve-roten-le-patrimoine-a-fleur-de-peau-et-les-musiques-juives-sortirent-de-loubli-3\/\" \/>\n<meta property=\"og:locale\" content=\"en_US\" \/>\n<meta property=\"og:type\" content=\"article\" \/>\n<meta property=\"og:title\" content=\"&quot;Herv\u00e9 Roten, le patrimoine \u00e0 fleur de peau - Et les musiques juives sortirent de l\u2019oubli...&quot; - Institut Europ\u00e9en des Musiques Juives\" \/>\n<meta property=\"og:description\" content=\"\u201cIt was first on Rue de Bellechasse, in the 7th arrondissement of Paris. One day in the spring of 2011, Herv\u00e9 Roten welcomes you to the European Institute of Jewish\" \/>\n<meta property=\"og:url\" content=\"https:\/\/www.iemj.org\/en\/herve-roten-le-patrimoine-a-fleur-de-peau-et-les-musiques-juives-sortirent-de-loubli-3\/\" \/>\n<meta property=\"og:site_name\" content=\"Institut Europ\u00e9en des Musiques Juives\" \/>\n<meta property=\"article:publisher\" content=\"https:\/\/www.facebook.com\/MusiquesJuives\/\" \/>\n<meta property=\"article:published_time\" content=\"2020-03-25T09:12:10+00:00\" \/>\n<meta property=\"article:modified_time\" content=\"2025-09-10T16:35:03+00:00\" \/>\n<meta property=\"og:image\" content=\"https:\/\/www.iemj.org\/wp-content\/uploads\/2020\/03\/arton4620.png\" \/>\n\t<meta property=\"og:image:width\" content=\"460\" \/>\n\t<meta property=\"og:image:height\" content=\"280\" \/>\n\t<meta property=\"og:image:type\" content=\"image\/png\" \/>\n<meta name=\"author\" content=\"Jean-Gabriel Davis\" \/>\n<meta name=\"twitter:card\" content=\"summary_large_image\" \/>\n<meta name=\"twitter:label1\" content=\"Written by\" \/>\n\t<meta name=\"twitter:data1\" content=\"Jean-Gabriel Davis\" \/>\n\t<meta name=\"twitter:label2\" content=\"Est. reading time\" \/>\n\t<meta name=\"twitter:data2\" content=\"1 minute\" \/>\n<script type=\"application\/ld+json\" class=\"yoast-schema-graph\">{\"@context\":\"https:\\\/\\\/schema.org\",\"@graph\":[{\"@type\":\"Article\",\"@id\":\"https:\\\/\\\/www.iemj.org\\\/en\\\/herve-roten-le-patrimoine-a-fleur-de-peau-et-les-musiques-juives-sortirent-de-loubli-3\\\/#article\",\"isPartOf\":{\"@id\":\"https:\\\/\\\/www.iemj.org\\\/en\\\/herve-roten-le-patrimoine-a-fleur-de-peau-et-les-musiques-juives-sortirent-de-loubli-3\\\/\"},\"author\":{\"name\":\"Jean-Gabriel Davis\",\"@id\":\"https:\\\/\\\/www.iemj.org\\\/en\\\/#\\\/schema\\\/person\\\/c9bc1c386a3749579a2d675e72a18666\"},\"headline\":\"&#8220;Herv\u00e9 Roten, le patrimoine \u00e0 fleur de peau &#8211; Et les musiques juives sortirent de l\u2019oubli&#8230;&#8221;\",\"datePublished\":\"2020-03-25T09:12:10+00:00\",\"dateModified\":\"2025-09-10T16:35:03+00:00\",\"mainEntityOfPage\":{\"@id\":\"https:\\\/\\\/www.iemj.org\\\/en\\\/herve-roten-le-patrimoine-a-fleur-de-peau-et-les-musiques-juives-sortirent-de-loubli-3\\\/\"},\"wordCount\":89,\"publisher\":{\"@id\":\"https:\\\/\\\/www.iemj.org\\\/en\\\/#organization\"},\"image\":{\"@id\":\"https:\\\/\\\/www.iemj.org\\\/en\\\/herve-roten-le-patrimoine-a-fleur-de-peau-et-les-musiques-juives-sortirent-de-loubli-3\\\/#primaryimage\"},\"thumbnailUrl\":\"https:\\\/\\\/www.iemj.org\\\/wp-content\\\/uploads\\\/2020\\\/03\\\/arton4620.png\",\"articleSection\":[\"They talk about us\"],\"inLanguage\":\"en-US\"},{\"@type\":\"WebPage\",\"@id\":\"https:\\\/\\\/www.iemj.org\\\/en\\\/herve-roten-le-patrimoine-a-fleur-de-peau-et-les-musiques-juives-sortirent-de-loubli-3\\\/\",\"url\":\"https:\\\/\\\/www.iemj.org\\\/en\\\/herve-roten-le-patrimoine-a-fleur-de-peau-et-les-musiques-juives-sortirent-de-loubli-3\\\/\",\"name\":\"\\\"Herv\u00e9 Roten, le patrimoine \u00e0 fleur de peau - Et les musiques juives sortirent de l\u2019oubli...\\\" - Institut Europ\u00e9en des Musiques Juives\",\"isPartOf\":{\"@id\":\"https:\\\/\\\/www.iemj.org\\\/en\\\/#website\"},\"primaryImageOfPage\":{\"@id\":\"https:\\\/\\\/www.iemj.org\\\/en\\\/herve-roten-le-patrimoine-a-fleur-de-peau-et-les-musiques-juives-sortirent-de-loubli-3\\\/#primaryimage\"},\"image\":{\"@id\":\"https:\\\/\\\/www.iemj.org\\\/en\\\/herve-roten-le-patrimoine-a-fleur-de-peau-et-les-musiques-juives-sortirent-de-loubli-3\\\/#primaryimage\"},\"thumbnailUrl\":\"https:\\\/\\\/www.iemj.org\\\/wp-content\\\/uploads\\\/2020\\\/03\\\/arton4620.png\",\"datePublished\":\"2020-03-25T09:12:10+00:00\",\"dateModified\":\"2025-09-10T16:35:03+00:00\",\"breadcrumb\":{\"@id\":\"https:\\\/\\\/www.iemj.org\\\/en\\\/herve-roten-le-patrimoine-a-fleur-de-peau-et-les-musiques-juives-sortirent-de-loubli-3\\\/#breadcrumb\"},\"inLanguage\":\"en-US\",\"potentialAction\":[{\"@type\":\"ReadAction\",\"target\":[\"https:\\\/\\\/www.iemj.org\\\/en\\\/herve-roten-le-patrimoine-a-fleur-de-peau-et-les-musiques-juives-sortirent-de-loubli-3\\\/\"]}]},{\"@type\":\"ImageObject\",\"inLanguage\":\"en-US\",\"@id\":\"https:\\\/\\\/www.iemj.org\\\/en\\\/herve-roten-le-patrimoine-a-fleur-de-peau-et-les-musiques-juives-sortirent-de-loubli-3\\\/#primaryimage\",\"url\":\"https:\\\/\\\/www.iemj.org\\\/wp-content\\\/uploads\\\/2020\\\/03\\\/arton4620.png\",\"contentUrl\":\"https:\\\/\\\/www.iemj.org\\\/wp-content\\\/uploads\\\/2020\\\/03\\\/arton4620.png\",\"width\":460,\"height\":280},{\"@type\":\"BreadcrumbList\",\"@id\":\"https:\\\/\\\/www.iemj.org\\\/en\\\/herve-roten-le-patrimoine-a-fleur-de-peau-et-les-musiques-juives-sortirent-de-loubli-3\\\/#breadcrumb\",\"itemListElement\":[{\"@type\":\"ListItem\",\"position\":1,\"name\":\"Accueil\",\"item\":\"https:\\\/\\\/www.iemj.org\\\/en\\\/\"},{\"@type\":\"ListItem\",\"position\":2,\"name\":\"&#8220;Herv\u00e9 Roten, le patrimoine \u00e0 fleur de peau &#8211; Et les musiques juives sortirent de l\u2019oubli&#8230;&#8221;\"}]},{\"@type\":\"WebSite\",\"@id\":\"https:\\\/\\\/www.iemj.org\\\/en\\\/#website\",\"url\":\"https:\\\/\\\/www.iemj.org\\\/en\\\/\",\"name\":\"Institut Europ\u00e9en des Musiques Juives\",\"description\":\"Des traditions musicales \u00e0 la port\u00e9e de tous\",\"publisher\":{\"@id\":\"https:\\\/\\\/www.iemj.org\\\/en\\\/#organization\"},\"potentialAction\":[{\"@type\":\"SearchAction\",\"target\":{\"@type\":\"EntryPoint\",\"urlTemplate\":\"https:\\\/\\\/www.iemj.org\\\/en\\\/?s={search_term_string}\"},\"query-input\":{\"@type\":\"PropertyValueSpecification\",\"valueRequired\":true,\"valueName\":\"search_term_string\"}}],\"inLanguage\":\"en-US\"},{\"@type\":\"Organization\",\"@id\":\"https:\\\/\\\/www.iemj.org\\\/en\\\/#organization\",\"name\":\"Institut Europ\u00e9en des Musiques Juives\",\"url\":\"https:\\\/\\\/www.iemj.org\\\/en\\\/\",\"logo\":{\"@type\":\"ImageObject\",\"inLanguage\":\"en-US\",\"@id\":\"https:\\\/\\\/www.iemj.org\\\/en\\\/#\\\/schema\\\/logo\\\/image\\\/\",\"url\":\"https:\\\/\\\/www.iemj.org\\\/wp-content\\\/uploads\\\/2021\\\/09\\\/Logo-IEMJ-Paypal.jpg\",\"contentUrl\":\"https:\\\/\\\/www.iemj.org\\\/wp-content\\\/uploads\\\/2021\\\/09\\\/Logo-IEMJ-Paypal.jpg\",\"width\":150,\"height\":50,\"caption\":\"Institut Europ\u00e9en des Musiques Juives\"},\"image\":{\"@id\":\"https:\\\/\\\/www.iemj.org\\\/en\\\/#\\\/schema\\\/logo\\\/image\\\/\"},\"sameAs\":[\"https:\\\/\\\/www.facebook.com\\\/MusiquesJuives\\\/\",\"https:\\\/\\\/www.instagram.com\\\/musiquesjuives\\\/\",\"https:\\\/\\\/www.youtube.com\\\/user\\\/musiquesjuives\"]},{\"@type\":\"Person\",\"@id\":\"https:\\\/\\\/www.iemj.org\\\/en\\\/#\\\/schema\\\/person\\\/c9bc1c386a3749579a2d675e72a18666\",\"name\":\"Jean-Gabriel Davis\",\"image\":{\"@type\":\"ImageObject\",\"inLanguage\":\"en-US\",\"@id\":\"https:\\\/\\\/secure.gravatar.com\\\/avatar\\\/2b90d67bdf392c9b3a21fab87c0fa7edaf1fb3a058172a1ffd61033fcec7aec1?s=96&d=mm&r=g\",\"url\":\"https:\\\/\\\/secure.gravatar.com\\\/avatar\\\/2b90d67bdf392c9b3a21fab87c0fa7edaf1fb3a058172a1ffd61033fcec7aec1?s=96&d=mm&r=g\",\"contentUrl\":\"https:\\\/\\\/secure.gravatar.com\\\/avatar\\\/2b90d67bdf392c9b3a21fab87c0fa7edaf1fb3a058172a1ffd61033fcec7aec1?s=96&d=mm&r=g\",\"caption\":\"Jean-Gabriel Davis\"}}]}<\/script>\n<!-- \/ Yoast SEO plugin. -->","yoast_head_json":{"title":"\"Herv\u00e9 Roten, le patrimoine \u00e0 fleur de peau - Et les musiques juives sortirent de l\u2019oubli...\" - Institut Europ\u00e9en des Musiques Juives","robots":{"index":"index","follow":"follow","max-snippet":"max-snippet:-1","max-image-preview":"max-image-preview:large","max-video-preview":"max-video-preview:-1"},"canonical":"https:\/\/www.iemj.org\/en\/herve-roten-le-patrimoine-a-fleur-de-peau-et-les-musiques-juives-sortirent-de-loubli-3\/","og_locale":"en_US","og_type":"article","og_title":"\"Herv\u00e9 Roten, le patrimoine \u00e0 fleur de peau - Et les musiques juives sortirent de l\u2019oubli...\" - Institut Europ\u00e9en des Musiques Juives","og_description":"\u201cIt was first on Rue de Bellechasse, in the 7th arrondissement of Paris. One day in the spring of 2011, Herv\u00e9 Roten welcomes you to the European Institute of Jewish","og_url":"https:\/\/www.iemj.org\/en\/herve-roten-le-patrimoine-a-fleur-de-peau-et-les-musiques-juives-sortirent-de-loubli-3\/","og_site_name":"Institut Europ\u00e9en des Musiques Juives","article_publisher":"https:\/\/www.facebook.com\/MusiquesJuives\/","article_published_time":"2020-03-25T09:12:10+00:00","article_modified_time":"2025-09-10T16:35:03+00:00","og_image":[{"width":460,"height":280,"url":"https:\/\/www.iemj.org\/wp-content\/uploads\/2020\/03\/arton4620.png","type":"image\/png"}],"author":"Jean-Gabriel Davis","twitter_card":"summary_large_image","twitter_misc":{"Written by":"Jean-Gabriel Davis","Est. reading time":"1 minute"},"schema":{"@context":"https:\/\/schema.org","@graph":[{"@type":"Article","@id":"https:\/\/www.iemj.org\/en\/herve-roten-le-patrimoine-a-fleur-de-peau-et-les-musiques-juives-sortirent-de-loubli-3\/#article","isPartOf":{"@id":"https:\/\/www.iemj.org\/en\/herve-roten-le-patrimoine-a-fleur-de-peau-et-les-musiques-juives-sortirent-de-loubli-3\/"},"author":{"name":"Jean-Gabriel Davis","@id":"https:\/\/www.iemj.org\/en\/#\/schema\/person\/c9bc1c386a3749579a2d675e72a18666"},"headline":"&#8220;Herv\u00e9 Roten, le patrimoine \u00e0 fleur de peau &#8211; Et les musiques juives sortirent de l\u2019oubli&#8230;&#8221;","datePublished":"2020-03-25T09:12:10+00:00","dateModified":"2025-09-10T16:35:03+00:00","mainEntityOfPage":{"@id":"https:\/\/www.iemj.org\/en\/herve-roten-le-patrimoine-a-fleur-de-peau-et-les-musiques-juives-sortirent-de-loubli-3\/"},"wordCount":89,"publisher":{"@id":"https:\/\/www.iemj.org\/en\/#organization"},"image":{"@id":"https:\/\/www.iemj.org\/en\/herve-roten-le-patrimoine-a-fleur-de-peau-et-les-musiques-juives-sortirent-de-loubli-3\/#primaryimage"},"thumbnailUrl":"https:\/\/www.iemj.org\/wp-content\/uploads\/2020\/03\/arton4620.png","articleSection":["They talk about us"],"inLanguage":"en-US"},{"@type":"WebPage","@id":"https:\/\/www.iemj.org\/en\/herve-roten-le-patrimoine-a-fleur-de-peau-et-les-musiques-juives-sortirent-de-loubli-3\/","url":"https:\/\/www.iemj.org\/en\/herve-roten-le-patrimoine-a-fleur-de-peau-et-les-musiques-juives-sortirent-de-loubli-3\/","name":"\"Herv\u00e9 Roten, le patrimoine \u00e0 fleur de peau - Et les musiques juives sortirent de l\u2019oubli...\" - Institut Europ\u00e9en des Musiques Juives","isPartOf":{"@id":"https:\/\/www.iemj.org\/en\/#website"},"primaryImageOfPage":{"@id":"https:\/\/www.iemj.org\/en\/herve-roten-le-patrimoine-a-fleur-de-peau-et-les-musiques-juives-sortirent-de-loubli-3\/#primaryimage"},"image":{"@id":"https:\/\/www.iemj.org\/en\/herve-roten-le-patrimoine-a-fleur-de-peau-et-les-musiques-juives-sortirent-de-loubli-3\/#primaryimage"},"thumbnailUrl":"https:\/\/www.iemj.org\/wp-content\/uploads\/2020\/03\/arton4620.png","datePublished":"2020-03-25T09:12:10+00:00","dateModified":"2025-09-10T16:35:03+00:00","breadcrumb":{"@id":"https:\/\/www.iemj.org\/en\/herve-roten-le-patrimoine-a-fleur-de-peau-et-les-musiques-juives-sortirent-de-loubli-3\/#breadcrumb"},"inLanguage":"en-US","potentialAction":[{"@type":"ReadAction","target":["https:\/\/www.iemj.org\/en\/herve-roten-le-patrimoine-a-fleur-de-peau-et-les-musiques-juives-sortirent-de-loubli-3\/"]}]},{"@type":"ImageObject","inLanguage":"en-US","@id":"https:\/\/www.iemj.org\/en\/herve-roten-le-patrimoine-a-fleur-de-peau-et-les-musiques-juives-sortirent-de-loubli-3\/#primaryimage","url":"https:\/\/www.iemj.org\/wp-content\/uploads\/2020\/03\/arton4620.png","contentUrl":"https:\/\/www.iemj.org\/wp-content\/uploads\/2020\/03\/arton4620.png","width":460,"height":280},{"@type":"BreadcrumbList","@id":"https:\/\/www.iemj.org\/en\/herve-roten-le-patrimoine-a-fleur-de-peau-et-les-musiques-juives-sortirent-de-loubli-3\/#breadcrumb","itemListElement":[{"@type":"ListItem","position":1,"name":"Accueil","item":"https:\/\/www.iemj.org\/en\/"},{"@type":"ListItem","position":2,"name":"&#8220;Herv\u00e9 Roten, le patrimoine \u00e0 fleur de peau &#8211; Et les musiques juives sortirent de l\u2019oubli&#8230;&#8221;"}]},{"@type":"WebSite","@id":"https:\/\/www.iemj.org\/en\/#website","url":"https:\/\/www.iemj.org\/en\/","name":"Institut Europ\u00e9en des Musiques Juives","description":"Des traditions musicales \u00e0 la port\u00e9e de tous","publisher":{"@id":"https:\/\/www.iemj.org\/en\/#organization"},"potentialAction":[{"@type":"SearchAction","target":{"@type":"EntryPoint","urlTemplate":"https:\/\/www.iemj.org\/en\/?s={search_term_string}"},"query-input":{"@type":"PropertyValueSpecification","valueRequired":true,"valueName":"search_term_string"}}],"inLanguage":"en-US"},{"@type":"Organization","@id":"https:\/\/www.iemj.org\/en\/#organization","name":"Institut Europ\u00e9en des Musiques Juives","url":"https:\/\/www.iemj.org\/en\/","logo":{"@type":"ImageObject","inLanguage":"en-US","@id":"https:\/\/www.iemj.org\/en\/#\/schema\/logo\/image\/","url":"https:\/\/www.iemj.org\/wp-content\/uploads\/2021\/09\/Logo-IEMJ-Paypal.jpg","contentUrl":"https:\/\/www.iemj.org\/wp-content\/uploads\/2021\/09\/Logo-IEMJ-Paypal.jpg","width":150,"height":50,"caption":"Institut Europ\u00e9en des Musiques Juives"},"image":{"@id":"https:\/\/www.iemj.org\/en\/#\/schema\/logo\/image\/"},"sameAs":["https:\/\/www.facebook.com\/MusiquesJuives\/","https:\/\/www.instagram.com\/musiquesjuives\/","https:\/\/www.youtube.com\/user\/musiquesjuives"]},{"@type":"Person","@id":"https:\/\/www.iemj.org\/en\/#\/schema\/person\/c9bc1c386a3749579a2d675e72a18666","name":"Jean-Gabriel Davis","image":{"@type":"ImageObject","inLanguage":"en-US","@id":"https:\/\/secure.gravatar.com\/avatar\/2b90d67bdf392c9b3a21fab87c0fa7edaf1fb3a058172a1ffd61033fcec7aec1?s=96&d=mm&r=g","url":"https:\/\/secure.gravatar.com\/avatar\/2b90d67bdf392c9b3a21fab87c0fa7edaf1fb3a058172a1ffd61033fcec7aec1?s=96&d=mm&r=g","contentUrl":"https:\/\/secure.gravatar.com\/avatar\/2b90d67bdf392c9b3a21fab87c0fa7edaf1fb3a058172a1ffd61033fcec7aec1?s=96&d=mm&r=g","caption":"Jean-Gabriel Davis"}}]}},"_links":{"self":[{"href":"https:\/\/www.iemj.org\/en\/wp-json\/wp\/v2\/posts\/27704","targetHints":{"allow":["GET"]}}],"collection":[{"href":"https:\/\/www.iemj.org\/en\/wp-json\/wp\/v2\/posts"}],"about":[{"href":"https:\/\/www.iemj.org\/en\/wp-json\/wp\/v2\/types\/post"}],"author":[{"embeddable":true,"href":"https:\/\/www.iemj.org\/en\/wp-json\/wp\/v2\/users\/1048"}],"replies":[{"embeddable":true,"href":"https:\/\/www.iemj.org\/en\/wp-json\/wp\/v2\/comments?post=27704"}],"version-history":[{"count":0,"href":"https:\/\/www.iemj.org\/en\/wp-json\/wp\/v2\/posts\/27704\/revisions"}],"wp:featuredmedia":[{"embeddable":true,"href":"https:\/\/www.iemj.org\/en\/wp-json\/wp\/v2\/media\/27702"}],"wp:attachment":[{"href":"https:\/\/www.iemj.org\/en\/wp-json\/wp\/v2\/media?parent=27704"}],"wp:term":[{"taxonomy":"category","embeddable":true,"href":"https:\/\/www.iemj.org\/en\/wp-json\/wp\/v2\/categories?post=27704"},{"taxonomy":"post_tag","embeddable":true,"href":"https:\/\/www.iemj.org\/en\/wp-json\/wp\/v2\/tags?post=27704"},{"taxonomy":"technique","embeddable":true,"href":"https:\/\/www.iemj.org\/en\/wp-json\/wp\/v2\/technique?post=27704"},{"taxonomy":"squelettes","embeddable":true,"href":"https:\/\/www.iemj.org\/en\/wp-json\/wp\/v2\/squelettes?post=27704"},{"taxonomy":"sujet","embeddable":true,"href":"https:\/\/www.iemj.org\/en\/wp-json\/wp\/v2\/sujet?post=27704"},{"taxonomy":"formation","embeddable":true,"href":"https:\/\/www.iemj.org\/en\/wp-json\/wp\/v2\/formation?post=27704"},{"taxonomy":"genre","embeddable":true,"href":"https:\/\/www.iemj.org\/en\/wp-json\/wp\/v2\/genre?post=27704"},{"taxonomy":"fonds","embeddable":true,"href":"https:\/\/www.iemj.org\/en\/wp-json\/wp\/v2\/fonds?post=27704"},{"taxonomy":"tradition","embeddable":true,"href":"https:\/\/www.iemj.org\/en\/wp-json\/wp\/v2\/tradition?post=27704"},{"taxonomy":"type-de-contenu","embeddable":true,"href":"https:\/\/www.iemj.org\/en\/wp-json\/wp\/v2\/type-de-contenu?post=27704"},{"taxonomy":"interprete-compositeur","embeddable":true,"href":"https:\/\/www.iemj.org\/en\/wp-json\/wp\/v2\/interprete-compositeur?post=27704"},{"taxonomy":"frise","embeddable":true,"href":"https:\/\/www.iemj.org\/en\/wp-json\/wp\/v2\/frise?post=27704"},{"taxonomy":"type-devenement","embeddable":true,"href":"https:\/\/www.iemj.org\/en\/wp-json\/wp\/v2\/type-devenement?post=27704"},{"taxonomy":"tableaux-liens-externes","embeddable":true,"href":"https:\/\/www.iemj.org\/en\/wp-json\/wp\/v2\/tableaux-liens-externes?post=27704"}],"curies":[{"name":"wp","href":"https:\/\/api.w.org\/{rel}","templated":true}]}}