{"id":27742,"date":"2014-07-10T09:51:00","date_gmt":"2014-07-10T07:51:00","guid":{"rendered":"https:\/\/www.iemj.org\/symposium-and-concerts-vox-aurea-via-sacra-2014-sacred-jewish-music\/"},"modified":"2023-08-29T16:30:29","modified_gmt":"2023-08-29T14:30:29","slug":"symposium-and-concerts-vox-aurea-via-sacra-2014-sacred-jewish-music","status":"publish","type":"post","link":"https:\/\/www.iemj.org\/en\/symposium-and-concerts-vox-aurea-via-sacra-2014-sacred-jewish-music\/","title":{"rendered":"Symposium and concerts Vox Aurea-Via Sacra 2014 &#8211; Sacred Jewish music"},"content":{"rendered":"<h3 class=\"post_excerpt\"><b>Sunday September 7, 2014, 18200 Saint-Amand-Montrond<\/b><\/h3>\n<p><!--more--><br \/>\nSacred music holds an essential place in Jewish music history. All day long, conferences followed by concerts will bring us to the core of sacred Jewish chanting, in its biblical, synagogal or mystical tradition, through East European Ashkenazi or North African Sefardi traditions.<\/p>\n<p><strong>PROGRAM OF THE DAY :<\/strong><br \/>\n<span style=\"color: ff6600;\"><b>SYMPOSIUM<\/b><\/span> (free entrance)<\/p>\n<p>8h &#8211; Welcoming with tea<br \/>\n<strong>8h45 &#8211; Thierry Vin\u00e7on<\/strong><br \/>\nMayor of Saint-Amand-Montrond<br \/>\n<strong>9h &#8211; Herv\u00e9 Roten<\/strong><br \/>\nDirector of the European Institute of Jewish Music<br \/>\n<a href=\"https:\/\/www.iemj.org\/en\/limportance-du-chant-dans-la-tradition-juive-herve-roten\/\" target=\"_blank\" rel=\"noopener\"><em>The importance of singing in the Jewish tradition<\/em><\/a><\/p>\n<p>10h00 : pause<\/p>\n<p><strong>10h30 &#8211; Jean-Philippe Amar<\/strong><br \/>\nMusicologist<br \/>\n<a href=\"https:\/\/www.iemj.org\/en\/cantillation-biblique-et-psalmodie-jean-philippe-amar\/\" target=\"_blank\" rel=\"noopener\">Biblical cantillation and psalmody.<\/a><br \/>\n<strong>11h30 &#8211; Hector Sabo<\/strong><br \/>\nMusicologist, musical director of the Choeur Juif de France and of the Ensembles H\u00e9bra\u00efca and Polyphonies H\u00e9bra\u00efques de Strasbourg<br \/>\n<a href=\"https:\/\/www.iemj.org\/en\/la-voix-dans-la-tradition-liturgique-ashkenaze-hector-sabo\/\" target=\"_blank\" rel=\"noopener\"><em>The voice in the Ashkenazi liturgical tradition<\/em>.<\/a><br \/>\n<strong>14h &#8211; Marc-Alain Ouaknin<\/strong><br \/>\nRabbi, philosophe and teacher<br \/>\n<a href=\"https:\/\/www.iemj.org\/en\/le-chant-mystique-dans-la-tradition-hassidique-marc-alain-ouaknin\/\" target=\"_blank\" rel=\"noopener\"><em>The mystical chanting in the chassidic tradition<\/em>.<\/a><br \/>\n<strong>15h &#8211; Jacques Arnold<\/strong><br \/>\nCantor and rabbi<br \/>\n<a href=\"https:\/\/www.iemj.org\/en\/le-hazzan-vecteur-du-chant-synagogal-jacques-arnold\/\" target=\"_blank\" rel=\"noopener\"><em>The chazan : vehicle of synagogal chanting<\/em>.<\/a><\/p>\n<p><span style=\"color: ff6600;\"><b>CONCERTS<\/b><\/span> (entrance : 20 \u20ac)<br \/>\n<strong>17h \u2013 LE CHOEUR JUIF DE FRANCE<\/strong><br \/>\n<a href=\"https:\/\/www.iemj.org\/en\/chants-liturgiques-des-juifs-ashkenazes-le-choeur-juif-de-france\/\" target=\"_blank\" rel=\"noopener\"><em>Liturgical songs of Ashkenazi Jews<\/em>.<\/a><br \/>\nHector SABO, dir.<br \/>\n<strong>20h30 \u2013 PHILIPPE and MIKAEL DARMON<\/strong><br \/>\n<a href=\"https:\/\/www.iemj.org\/en\/chants-liturgiques-de-juifs-sepharades-philippe-darmon\/\" target=\"_blank\" rel=\"noopener\"><em>Sefardi liturgical chants<\/em>.<\/a><\/p>\n<p><span style=\"color: ff6600;\"><b>Information<\/b><\/span><br \/>\nt\u00e9l. 02 48 63 83 11 : H\u00f4tel de Ville 2 rue Philibert-Audebrand, BP 196<br \/>\nt\u00e9l. 02 48 96 16 86 : Office de Tourisme Place de la R\u00e9publique<br \/>\n18200 Saint-Amand-Montrond<\/p>\n<p>website : <a href=\"http:\/\/www.voxaurea-viasacra.com\">www.voxaurea-viasacra.com<\/a><br \/>\ne-mail : <a href=\"mailto:contact@voxaurea-viasacra.com\">contact@voxaurea-viasacra.com<\/a><\/p>\n","protected":false},"excerpt":{"rendered":"<p>Sunday September 7, 2014, 18200 Saint-Amand-Montrond<\/p>\n","protected":false},"author":1048,"featured_media":27740,"comment_status":"closed","ping_status":"closed","sticky":false,"template":"","format":"standard","meta":{"_acf_changed":false,"footnotes":""},"categories":[1369,1373],"tags":[],"technique":[],"squelettes":[],"sujet":[],"formation":[],"genre":[1116],"fonds":[],"tradition":[],"type-de-contenu":[],"interprete-compositeur":[],"frise":[],"type-devenement":[],"tableaux-liens-externes":[],"class_list":["post-27742","post","type-post","status-publish","format-standard","has-post-thumbnail","hentry","category-events-en","category-seminar-en","genre-liturgy"],"acf":[],"yoast_head":"<!-- This site is optimized with the Yoast SEO plugin v27.3 - https:\/\/yoast.com\/product\/yoast-seo-wordpress\/ -->\n<title>Symposium and concerts Vox Aurea-Via Sacra 2014 - Sacred Jewish music - Institut Europ\u00e9en des Musiques Juives<\/title>\n<meta name=\"robots\" content=\"noindex, follow\" \/>\n<meta property=\"og:locale\" content=\"en_US\" \/>\n<meta property=\"og:type\" content=\"article\" \/>\n<meta property=\"og:title\" content=\"Symposium and concerts Vox Aurea-Via Sacra 2014 - Sacred Jewish music - Institut Europ\u00e9en des Musiques Juives\" \/>\n<meta property=\"og:description\" content=\"Sunday September 7, 2014, 18200 Saint-Amand-Montrond\" \/>\n<meta property=\"og:url\" content=\"https:\/\/www.iemj.org\/en\/symposium-and-concerts-vox-aurea-via-sacra-2014-sacred-jewish-music\/\" \/>\n<meta property=\"og:site_name\" content=\"Institut Europ\u00e9en des Musiques Juives\" \/>\n<meta property=\"article:publisher\" content=\"https:\/\/www.facebook.com\/MusiquesJuives\/\" \/>\n<meta property=\"article:published_time\" content=\"2014-07-10T07:51:00+00:00\" \/>\n<meta property=\"article:modified_time\" content=\"2023-08-29T14:30:29+00:00\" \/>\n<meta property=\"og:image\" content=\"https:\/\/www.iemj.org\/wp-content\/uploads\/2020\/03\/arton4628.png\" \/>\n\t<meta property=\"og:image:width\" content=\"281\" \/>\n\t<meta property=\"og:image:height\" content=\"176\" \/>\n\t<meta property=\"og:image:type\" content=\"image\/png\" \/>\n<meta name=\"author\" content=\"Jean-Gabriel Davis\" \/>\n<meta name=\"twitter:card\" content=\"summary_large_image\" \/>\n<meta name=\"twitter:label1\" content=\"Written by\" \/>\n\t<meta name=\"twitter:data1\" content=\"Jean-Gabriel Davis\" \/>\n\t<meta name=\"twitter:label2\" content=\"Est. reading time\" \/>\n\t<meta name=\"twitter:data2\" content=\"2 minutes\" \/>\n<script type=\"application\/ld+json\" class=\"yoast-schema-graph\">{\"@context\":\"https:\\\/\\\/schema.org\",\"@graph\":[{\"@type\":\"Article\",\"@id\":\"https:\\\/\\\/www.iemj.org\\\/en\\\/symposium-and-concerts-vox-aurea-via-sacra-2014-sacred-jewish-music\\\/#article\",\"isPartOf\":{\"@id\":\"https:\\\/\\\/www.iemj.org\\\/en\\\/symposium-and-concerts-vox-aurea-via-sacra-2014-sacred-jewish-music\\\/\"},\"author\":{\"name\":\"Jean-Gabriel Davis\",\"@id\":\"https:\\\/\\\/www.iemj.org\\\/en\\\/#\\\/schema\\\/person\\\/c9bc1c386a3749579a2d675e72a18666\"},\"headline\":\"Symposium and concerts Vox Aurea-Via Sacra 2014 &#8211; Sacred Jewish music\",\"datePublished\":\"2014-07-10T07:51:00+00:00\",\"dateModified\":\"2023-08-29T14:30:29+00:00\",\"mainEntityOfPage\":{\"@id\":\"https:\\\/\\\/www.iemj.org\\\/en\\\/symposium-and-concerts-vox-aurea-via-sacra-2014-sacred-jewish-music\\\/\"},\"wordCount\":222,\"publisher\":{\"@id\":\"https:\\\/\\\/www.iemj.org\\\/en\\\/#organization\"},\"image\":{\"@id\":\"https:\\\/\\\/www.iemj.org\\\/en\\\/symposium-and-concerts-vox-aurea-via-sacra-2014-sacred-jewish-music\\\/#primaryimage\"},\"thumbnailUrl\":\"https:\\\/\\\/www.iemj.org\\\/wp-content\\\/uploads\\\/2020\\\/03\\\/arton4628.png\",\"articleSection\":[\"Events\",\"Seminar\"],\"inLanguage\":\"en-US\"},{\"@type\":\"WebPage\",\"@id\":\"https:\\\/\\\/www.iemj.org\\\/en\\\/symposium-and-concerts-vox-aurea-via-sacra-2014-sacred-jewish-music\\\/\",\"url\":\"https:\\\/\\\/www.iemj.org\\\/en\\\/symposium-and-concerts-vox-aurea-via-sacra-2014-sacred-jewish-music\\\/\",\"name\":\"Symposium and concerts Vox Aurea-Via Sacra 2014 - Sacred Jewish music - Institut Europ\u00e9en des Musiques Juives\",\"isPartOf\":{\"@id\":\"https:\\\/\\\/www.iemj.org\\\/en\\\/#website\"},\"primaryImageOfPage\":{\"@id\":\"https:\\\/\\\/www.iemj.org\\\/en\\\/symposium-and-concerts-vox-aurea-via-sacra-2014-sacred-jewish-music\\\/#primaryimage\"},\"image\":{\"@id\":\"https:\\\/\\\/www.iemj.org\\\/en\\\/symposium-and-concerts-vox-aurea-via-sacra-2014-sacred-jewish-music\\\/#primaryimage\"},\"thumbnailUrl\":\"https:\\\/\\\/www.iemj.org\\\/wp-content\\\/uploads\\\/2020\\\/03\\\/arton4628.png\",\"datePublished\":\"2014-07-10T07:51:00+00:00\",\"dateModified\":\"2023-08-29T14:30:29+00:00\",\"breadcrumb\":{\"@id\":\"https:\\\/\\\/www.iemj.org\\\/en\\\/symposium-and-concerts-vox-aurea-via-sacra-2014-sacred-jewish-music\\\/#breadcrumb\"},\"inLanguage\":\"en-US\",\"potentialAction\":[{\"@type\":\"ReadAction\",\"target\":[\"https:\\\/\\\/www.iemj.org\\\/en\\\/symposium-and-concerts-vox-aurea-via-sacra-2014-sacred-jewish-music\\\/\"]}]},{\"@type\":\"ImageObject\",\"inLanguage\":\"en-US\",\"@id\":\"https:\\\/\\\/www.iemj.org\\\/en\\\/symposium-and-concerts-vox-aurea-via-sacra-2014-sacred-jewish-music\\\/#primaryimage\",\"url\":\"https:\\\/\\\/www.iemj.org\\\/wp-content\\\/uploads\\\/2020\\\/03\\\/arton4628.png\",\"contentUrl\":\"https:\\\/\\\/www.iemj.org\\\/wp-content\\\/uploads\\\/2020\\\/03\\\/arton4628.png\",\"width\":281,\"height\":176},{\"@type\":\"BreadcrumbList\",\"@id\":\"https:\\\/\\\/www.iemj.org\\\/en\\\/symposium-and-concerts-vox-aurea-via-sacra-2014-sacred-jewish-music\\\/#breadcrumb\",\"itemListElement\":[{\"@type\":\"ListItem\",\"position\":1,\"name\":\"Accueil\",\"item\":\"https:\\\/\\\/www.iemj.org\\\/en\\\/\"},{\"@type\":\"ListItem\",\"position\":2,\"name\":\"Symposium and concerts Vox Aurea-Via Sacra 2014 &#8211; Sacred Jewish music\"}]},{\"@type\":\"WebSite\",\"@id\":\"https:\\\/\\\/www.iemj.org\\\/en\\\/#website\",\"url\":\"https:\\\/\\\/www.iemj.org\\\/en\\\/\",\"name\":\"Institut Europ\u00e9en des Musiques Juives\",\"description\":\"Des traditions musicales \u00e0 la port\u00e9e de tous\",\"publisher\":{\"@id\":\"https:\\\/\\\/www.iemj.org\\\/en\\\/#organization\"},\"potentialAction\":[{\"@type\":\"SearchAction\",\"target\":{\"@type\":\"EntryPoint\",\"urlTemplate\":\"https:\\\/\\\/www.iemj.org\\\/en\\\/?s={search_term_string}\"},\"query-input\":{\"@type\":\"PropertyValueSpecification\",\"valueRequired\":true,\"valueName\":\"search_term_string\"}}],\"inLanguage\":\"en-US\"},{\"@type\":\"Organization\",\"@id\":\"https:\\\/\\\/www.iemj.org\\\/en\\\/#organization\",\"name\":\"Institut Europ\u00e9en des Musiques Juives\",\"url\":\"https:\\\/\\\/www.iemj.org\\\/en\\\/\",\"logo\":{\"@type\":\"ImageObject\",\"inLanguage\":\"en-US\",\"@id\":\"https:\\\/\\\/www.iemj.org\\\/en\\\/#\\\/schema\\\/logo\\\/image\\\/\",\"url\":\"https:\\\/\\\/www.iemj.org\\\/wp-content\\\/uploads\\\/2021\\\/09\\\/Logo-IEMJ-Paypal.jpg\",\"contentUrl\":\"https:\\\/\\\/www.iemj.org\\\/wp-content\\\/uploads\\\/2021\\\/09\\\/Logo-IEMJ-Paypal.jpg\",\"width\":150,\"height\":50,\"caption\":\"Institut Europ\u00e9en des Musiques Juives\"},\"image\":{\"@id\":\"https:\\\/\\\/www.iemj.org\\\/en\\\/#\\\/schema\\\/logo\\\/image\\\/\"},\"sameAs\":[\"https:\\\/\\\/www.facebook.com\\\/MusiquesJuives\\\/\",\"https:\\\/\\\/www.instagram.com\\\/musiquesjuives\\\/\",\"https:\\\/\\\/www.youtube.com\\\/user\\\/musiquesjuives\"]},{\"@type\":\"Person\",\"@id\":\"https:\\\/\\\/www.iemj.org\\\/en\\\/#\\\/schema\\\/person\\\/c9bc1c386a3749579a2d675e72a18666\",\"name\":\"Jean-Gabriel Davis\",\"image\":{\"@type\":\"ImageObject\",\"inLanguage\":\"en-US\",\"@id\":\"https:\\\/\\\/secure.gravatar.com\\\/avatar\\\/2b90d67bdf392c9b3a21fab87c0fa7edaf1fb3a058172a1ffd61033fcec7aec1?s=96&d=mm&r=g\",\"url\":\"https:\\\/\\\/secure.gravatar.com\\\/avatar\\\/2b90d67bdf392c9b3a21fab87c0fa7edaf1fb3a058172a1ffd61033fcec7aec1?s=96&d=mm&r=g\",\"contentUrl\":\"https:\\\/\\\/secure.gravatar.com\\\/avatar\\\/2b90d67bdf392c9b3a21fab87c0fa7edaf1fb3a058172a1ffd61033fcec7aec1?s=96&d=mm&r=g\",\"caption\":\"Jean-Gabriel Davis\"}}]}<\/script>\n<!-- \/ Yoast SEO plugin. -->","yoast_head_json":{"title":"Symposium and concerts Vox Aurea-Via Sacra 2014 - Sacred Jewish music - Institut Europ\u00e9en des Musiques Juives","robots":{"index":"noindex","follow":"follow"},"og_locale":"en_US","og_type":"article","og_title":"Symposium and concerts Vox Aurea-Via Sacra 2014 - Sacred Jewish music - Institut Europ\u00e9en des Musiques Juives","og_description":"Sunday September 7, 2014, 18200 Saint-Amand-Montrond","og_url":"https:\/\/www.iemj.org\/en\/symposium-and-concerts-vox-aurea-via-sacra-2014-sacred-jewish-music\/","og_site_name":"Institut Europ\u00e9en des Musiques Juives","article_publisher":"https:\/\/www.facebook.com\/MusiquesJuives\/","article_published_time":"2014-07-10T07:51:00+00:00","article_modified_time":"2023-08-29T14:30:29+00:00","og_image":[{"width":281,"height":176,"url":"https:\/\/www.iemj.org\/wp-content\/uploads\/2020\/03\/arton4628.png","type":"image\/png"}],"author":"Jean-Gabriel Davis","twitter_card":"summary_large_image","twitter_misc":{"Written by":"Jean-Gabriel Davis","Est. reading time":"2 minutes"},"schema":{"@context":"https:\/\/schema.org","@graph":[{"@type":"Article","@id":"https:\/\/www.iemj.org\/en\/symposium-and-concerts-vox-aurea-via-sacra-2014-sacred-jewish-music\/#article","isPartOf":{"@id":"https:\/\/www.iemj.org\/en\/symposium-and-concerts-vox-aurea-via-sacra-2014-sacred-jewish-music\/"},"author":{"name":"Jean-Gabriel Davis","@id":"https:\/\/www.iemj.org\/en\/#\/schema\/person\/c9bc1c386a3749579a2d675e72a18666"},"headline":"Symposium and concerts Vox Aurea-Via Sacra 2014 &#8211; Sacred Jewish music","datePublished":"2014-07-10T07:51:00+00:00","dateModified":"2023-08-29T14:30:29+00:00","mainEntityOfPage":{"@id":"https:\/\/www.iemj.org\/en\/symposium-and-concerts-vox-aurea-via-sacra-2014-sacred-jewish-music\/"},"wordCount":222,"publisher":{"@id":"https:\/\/www.iemj.org\/en\/#organization"},"image":{"@id":"https:\/\/www.iemj.org\/en\/symposium-and-concerts-vox-aurea-via-sacra-2014-sacred-jewish-music\/#primaryimage"},"thumbnailUrl":"https:\/\/www.iemj.org\/wp-content\/uploads\/2020\/03\/arton4628.png","articleSection":["Events","Seminar"],"inLanguage":"en-US"},{"@type":"WebPage","@id":"https:\/\/www.iemj.org\/en\/symposium-and-concerts-vox-aurea-via-sacra-2014-sacred-jewish-music\/","url":"https:\/\/www.iemj.org\/en\/symposium-and-concerts-vox-aurea-via-sacra-2014-sacred-jewish-music\/","name":"Symposium and concerts Vox Aurea-Via Sacra 2014 - Sacred Jewish music - Institut Europ\u00e9en des Musiques Juives","isPartOf":{"@id":"https:\/\/www.iemj.org\/en\/#website"},"primaryImageOfPage":{"@id":"https:\/\/www.iemj.org\/en\/symposium-and-concerts-vox-aurea-via-sacra-2014-sacred-jewish-music\/#primaryimage"},"image":{"@id":"https:\/\/www.iemj.org\/en\/symposium-and-concerts-vox-aurea-via-sacra-2014-sacred-jewish-music\/#primaryimage"},"thumbnailUrl":"https:\/\/www.iemj.org\/wp-content\/uploads\/2020\/03\/arton4628.png","datePublished":"2014-07-10T07:51:00+00:00","dateModified":"2023-08-29T14:30:29+00:00","breadcrumb":{"@id":"https:\/\/www.iemj.org\/en\/symposium-and-concerts-vox-aurea-via-sacra-2014-sacred-jewish-music\/#breadcrumb"},"inLanguage":"en-US","potentialAction":[{"@type":"ReadAction","target":["https:\/\/www.iemj.org\/en\/symposium-and-concerts-vox-aurea-via-sacra-2014-sacred-jewish-music\/"]}]},{"@type":"ImageObject","inLanguage":"en-US","@id":"https:\/\/www.iemj.org\/en\/symposium-and-concerts-vox-aurea-via-sacra-2014-sacred-jewish-music\/#primaryimage","url":"https:\/\/www.iemj.org\/wp-content\/uploads\/2020\/03\/arton4628.png","contentUrl":"https:\/\/www.iemj.org\/wp-content\/uploads\/2020\/03\/arton4628.png","width":281,"height":176},{"@type":"BreadcrumbList","@id":"https:\/\/www.iemj.org\/en\/symposium-and-concerts-vox-aurea-via-sacra-2014-sacred-jewish-music\/#breadcrumb","itemListElement":[{"@type":"ListItem","position":1,"name":"Accueil","item":"https:\/\/www.iemj.org\/en\/"},{"@type":"ListItem","position":2,"name":"Symposium and concerts Vox Aurea-Via Sacra 2014 &#8211; Sacred Jewish music"}]},{"@type":"WebSite","@id":"https:\/\/www.iemj.org\/en\/#website","url":"https:\/\/www.iemj.org\/en\/","name":"Institut Europ\u00e9en des Musiques Juives","description":"Des traditions musicales \u00e0 la port\u00e9e de tous","publisher":{"@id":"https:\/\/www.iemj.org\/en\/#organization"},"potentialAction":[{"@type":"SearchAction","target":{"@type":"EntryPoint","urlTemplate":"https:\/\/www.iemj.org\/en\/?s={search_term_string}"},"query-input":{"@type":"PropertyValueSpecification","valueRequired":true,"valueName":"search_term_string"}}],"inLanguage":"en-US"},{"@type":"Organization","@id":"https:\/\/www.iemj.org\/en\/#organization","name":"Institut Europ\u00e9en des Musiques Juives","url":"https:\/\/www.iemj.org\/en\/","logo":{"@type":"ImageObject","inLanguage":"en-US","@id":"https:\/\/www.iemj.org\/en\/#\/schema\/logo\/image\/","url":"https:\/\/www.iemj.org\/wp-content\/uploads\/2021\/09\/Logo-IEMJ-Paypal.jpg","contentUrl":"https:\/\/www.iemj.org\/wp-content\/uploads\/2021\/09\/Logo-IEMJ-Paypal.jpg","width":150,"height":50,"caption":"Institut Europ\u00e9en des Musiques Juives"},"image":{"@id":"https:\/\/www.iemj.org\/en\/#\/schema\/logo\/image\/"},"sameAs":["https:\/\/www.facebook.com\/MusiquesJuives\/","https:\/\/www.instagram.com\/musiquesjuives\/","https:\/\/www.youtube.com\/user\/musiquesjuives"]},{"@type":"Person","@id":"https:\/\/www.iemj.org\/en\/#\/schema\/person\/c9bc1c386a3749579a2d675e72a18666","name":"Jean-Gabriel Davis","image":{"@type":"ImageObject","inLanguage":"en-US","@id":"https:\/\/secure.gravatar.com\/avatar\/2b90d67bdf392c9b3a21fab87c0fa7edaf1fb3a058172a1ffd61033fcec7aec1?s=96&d=mm&r=g","url":"https:\/\/secure.gravatar.com\/avatar\/2b90d67bdf392c9b3a21fab87c0fa7edaf1fb3a058172a1ffd61033fcec7aec1?s=96&d=mm&r=g","contentUrl":"https:\/\/secure.gravatar.com\/avatar\/2b90d67bdf392c9b3a21fab87c0fa7edaf1fb3a058172a1ffd61033fcec7aec1?s=96&d=mm&r=g","caption":"Jean-Gabriel Davis"}}]}},"_links":{"self":[{"href":"https:\/\/www.iemj.org\/en\/wp-json\/wp\/v2\/posts\/27742","targetHints":{"allow":["GET"]}}],"collection":[{"href":"https:\/\/www.iemj.org\/en\/wp-json\/wp\/v2\/posts"}],"about":[{"href":"https:\/\/www.iemj.org\/en\/wp-json\/wp\/v2\/types\/post"}],"author":[{"embeddable":true,"href":"https:\/\/www.iemj.org\/en\/wp-json\/wp\/v2\/users\/1048"}],"replies":[{"embeddable":true,"href":"https:\/\/www.iemj.org\/en\/wp-json\/wp\/v2\/comments?post=27742"}],"version-history":[{"count":0,"href":"https:\/\/www.iemj.org\/en\/wp-json\/wp\/v2\/posts\/27742\/revisions"}],"wp:featuredmedia":[{"embeddable":true,"href":"https:\/\/www.iemj.org\/en\/wp-json\/wp\/v2\/media\/27740"}],"wp:attachment":[{"href":"https:\/\/www.iemj.org\/en\/wp-json\/wp\/v2\/media?parent=27742"}],"wp:term":[{"taxonomy":"category","embeddable":true,"href":"https:\/\/www.iemj.org\/en\/wp-json\/wp\/v2\/categories?post=27742"},{"taxonomy":"post_tag","embeddable":true,"href":"https:\/\/www.iemj.org\/en\/wp-json\/wp\/v2\/tags?post=27742"},{"taxonomy":"technique","embeddable":true,"href":"https:\/\/www.iemj.org\/en\/wp-json\/wp\/v2\/technique?post=27742"},{"taxonomy":"squelettes","embeddable":true,"href":"https:\/\/www.iemj.org\/en\/wp-json\/wp\/v2\/squelettes?post=27742"},{"taxonomy":"sujet","embeddable":true,"href":"https:\/\/www.iemj.org\/en\/wp-json\/wp\/v2\/sujet?post=27742"},{"taxonomy":"formation","embeddable":true,"href":"https:\/\/www.iemj.org\/en\/wp-json\/wp\/v2\/formation?post=27742"},{"taxonomy":"genre","embeddable":true,"href":"https:\/\/www.iemj.org\/en\/wp-json\/wp\/v2\/genre?post=27742"},{"taxonomy":"fonds","embeddable":true,"href":"https:\/\/www.iemj.org\/en\/wp-json\/wp\/v2\/fonds?post=27742"},{"taxonomy":"tradition","embeddable":true,"href":"https:\/\/www.iemj.org\/en\/wp-json\/wp\/v2\/tradition?post=27742"},{"taxonomy":"type-de-contenu","embeddable":true,"href":"https:\/\/www.iemj.org\/en\/wp-json\/wp\/v2\/type-de-contenu?post=27742"},{"taxonomy":"interprete-compositeur","embeddable":true,"href":"https:\/\/www.iemj.org\/en\/wp-json\/wp\/v2\/interprete-compositeur?post=27742"},{"taxonomy":"frise","embeddable":true,"href":"https:\/\/www.iemj.org\/en\/wp-json\/wp\/v2\/frise?post=27742"},{"taxonomy":"type-devenement","embeddable":true,"href":"https:\/\/www.iemj.org\/en\/wp-json\/wp\/v2\/type-devenement?post=27742"},{"taxonomy":"tableaux-liens-externes","embeddable":true,"href":"https:\/\/www.iemj.org\/en\/wp-json\/wp\/v2\/tableaux-liens-externes?post=27742"}],"curies":[{"name":"wp","href":"https:\/\/api.w.org\/{rel}","templated":true}]}}