{"id":28131,"date":"2020-04-11T10:17:57","date_gmt":"2020-04-11T08:17:57","guid":{"rendered":"https:\/\/www.iemj.org\/shira-utfila-2\/"},"modified":"2022-02-07T15:22:23","modified_gmt":"2022-02-07T14:22:23","slug":"shira-utfila-2","status":"publish","type":"post","link":"https:\/\/www.iemj.org\/en\/shira-utfila-2\/","title":{"rendered":"Shira u\u2019tfila"},"content":{"rendered":"<p>In Hebrew, <em>Shira<\/em> means \u00ab song and prayer \u00bb, It&#8217;s a multi-ethnic band that performs Sefardi music.<br \/>\n<strong><\/strong><br \/>\nShira u&#8217;tfila combines music from Sefardi, Spanish, Hebrew, Turkish, Arabic, Greek and South of the Balkans. They perform in several languages : Ladino, Hebrew, Serbian, Turkish and Greek.<br \/>\n<strong><\/strong><br \/>\nSince its creation, the band was mainly involved in projects relared to religious music, and then specialized in the musical Sefardi traditions of the Balkans.<br \/>\n<strong><\/strong><br \/>\n<img fetchpriority=\"high\" decoding=\"async\" class=\" aligncenter size-full wp-image-27746\" src=\"https:\/\/www.iemj.org\/wp-content\/uploads\/2020\/03\/doc_1_shira.jpg\" alt=\"doc_1_shira.jpg\" width=\"500\" height=\"333\" align=\"middle\" srcset=\"https:\/\/www.iemj.org\/wp-content\/uploads\/2020\/03\/doc_1_shira.jpg 500w, https:\/\/www.iemj.org\/wp-content\/uploads\/2020\/03\/doc_1_shira-300x200.jpg 300w\" sizes=\"(max-width: 500px) 100vw, 500px\" \/><br \/>\n<strong><\/strong><br \/>\nThey recorded nine albums &#8211; seven related to profane Sefardi music from the Balkans, the Mediterranean and Middle-East (Nagila Aleluya 2001, Bisharayih Yerushalaim 2004, Heritage 2007, Drita Tutunovi\u0107 &amp; Shira u&#8217;tfila Donde Tiyenes Ojos? 2007, Kante Enkantante 2008, The Sephardic Songs from the Balkans 2008, Biviniendo en cantando 2010) and two albums related to religious music (Shacharit shel Shabbat 2007 and Arvit shel Shabbat).<br \/>\n<strong><\/strong><br \/>\nShira u&#8217;tfila performed concerts in many countries (among which Tunisia, Italy, Israel, Bulgaria, Malta, Croatia, Bosnia, Ungary, Poland, Austria, Romania and Macedonia, and in many festivals such as Esperanza, Gesher &#8211; Black Sea Festival, Beyahad Festival, Serbia Sounds Global, Exit&#8230;<br \/>\n<strong><\/strong><br \/>\n<iframe src=\"https:\/\/www.youtube.com\/embed\/-EEUWMj0Gq0\" allow=\"accelerometer; autoplay; encrypted-media; gyroscope; picture-in-picture\" allowfullscreen=\"\" width=\"560\" height=\"315\" frameborder=\"0\"><\/iframe><br \/>\n<strong><\/strong><br \/>\n<strong>Musicians: <\/strong><br \/>\nStefan Sablic \u2013 oud, vocal<br \/>\nSrdian Diordievic \u2013 double bass<br \/>\nDiordie Stijepovic \u2013 double bass<br \/>\nAkash Bhatt \u2013 darbuka, frame drums, percussion<br \/>\nFilip Krumes \u2013 violin<br \/>\nZorz Grujic \u2013 kaval<br \/>\nElad Gabbay \u2013 qanun<br \/>\nAleksandar Karlic \u2013 riq<br \/>\nDrita Tutunovic \u2013 vocal<br \/>\nIchak Papo \u2013 percussion<br \/>\nDejan Zaric \u2013 percussion<br \/>\nIvana Jelisavcic \u2013 vocal<br \/>\nDozidar Obradinovic \u2013 darbuka<br \/>\nIsak Asiel \u2013 vocal<\/p>\n<p><em> <strong>Source : <\/strong><br \/>\n&#8211;\thttps:\/\/ethnocloud.com\/Shira_utfila\/?pg=about<br \/>\n&#8211;\thttp:\/\/haver.rs\/shira-utfila\/<\/em><\/p>\n<p><a href=\"https:\/\/www.facebook.com\/shirautfila\/\">See their facebook page<\/a><br \/>\n<a href=\"https:\/\/www.iemj.org\/heritage\/\">Listen extracts from their CD <em>Heritage<\/em><\/a><div id='gallery-1' class='gallery galleryid-28131 gallery-columns-3 gallery-size-thumbnail'><figure class='gallery-item'>\n\t\t\t<div class='gallery-icon landscape'>\n\t\t\t\t<a href='https:\/\/www.iemj.org\/wp-content\/uploads\/2020\/03\/doc_1_shira.jpg'><img decoding=\"async\" width=\"150\" height=\"150\" src=\"https:\/\/www.iemj.org\/wp-content\/uploads\/2020\/03\/doc_1_shira-150x150.jpg\" class=\"attachment-thumbnail size-thumbnail\" alt=\"\" srcset=\"https:\/\/www.iemj.org\/wp-content\/uploads\/2020\/03\/doc_1_shira-150x150.jpg 150w, https:\/\/www.iemj.org\/wp-content\/uploads\/2020\/03\/doc_1_shira-300x300.jpg 300w, https:\/\/www.iemj.org\/wp-content\/uploads\/2020\/03\/doc_1_shira-100x100.jpg 100w\" sizes=\"(max-width: 150px) 100vw, 150px\" \/><\/a>\n\t\t\t<\/div><\/figure>\n\t\t<\/div>\n<\/p>\n","protected":false},"excerpt":{"rendered":"<p>In Hebrew, Shira means \u00ab song and prayer \u00bb, It&#8217;s a multi-ethnic band that performs Sefardi music. Shira u&#8217;tfila combines music from Sefardi, Spanish, Hebrew, Turkish, Arabic, Greek and South<\/p>\n","protected":false},"author":1048,"featured_media":28129,"comment_status":"closed","ping_status":"closed","sticky":false,"template":"","format":"standard","meta":{"_acf_changed":false,"footnotes":""},"categories":[1460,1468,1433,1476],"tags":[],"technique":[],"squelettes":[],"sujet":[],"formation":[],"genre":[],"fonds":[],"tradition":[],"type-de-contenu":[],"interprete-compositeur":[],"frise":[],"type-devenement":[],"tableaux-liens-externes":[],"class_list":["post-28131","post","type-post","status-publish","format-standard","has-post-thumbnail","hentry","category-judeo-spanish-sephardic-music-en","category-liturgical-en","category-musical-artists-bands-en","category-poland-czech-republic-slovakia-en"],"acf":[],"yoast_head":"<!-- This site is optimized with the Yoast SEO plugin v27.3 - https:\/\/yoast.com\/product\/yoast-seo-wordpress\/ -->\n<title>Shira u\u2019tfila - Institut Europ\u00e9en des Musiques Juives<\/title>\n<meta name=\"robots\" content=\"index, follow, max-snippet:-1, max-image-preview:large, max-video-preview:-1\" \/>\n<link rel=\"canonical\" href=\"https:\/\/www.iemj.org\/en\/shira-utfila-2\/\" \/>\n<meta property=\"og:locale\" content=\"en_US\" \/>\n<meta property=\"og:type\" content=\"article\" \/>\n<meta property=\"og:title\" content=\"Shira u\u2019tfila - Institut Europ\u00e9en des Musiques Juives\" \/>\n<meta property=\"og:description\" content=\"In Hebrew, Shira means \u00ab song and prayer \u00bb, It&#8217;s a multi-ethnic band that performs Sefardi music. Shira u&#8217;tfila combines music from Sefardi, Spanish, Hebrew, Turkish, Arabic, Greek and South\" \/>\n<meta property=\"og:url\" content=\"https:\/\/www.iemj.org\/en\/shira-utfila-2\/\" \/>\n<meta property=\"og:site_name\" content=\"Institut Europ\u00e9en des Musiques Juives\" \/>\n<meta property=\"article:publisher\" content=\"https:\/\/www.facebook.com\/MusiquesJuives\/\" \/>\n<meta property=\"article:published_time\" content=\"2020-04-11T08:17:57+00:00\" \/>\n<meta property=\"article:modified_time\" content=\"2022-02-07T14:22:23+00:00\" \/>\n<meta property=\"og:image\" content=\"https:\/\/www.iemj.org\/wp-content\/uploads\/2020\/04\/arton4677.jpg\" \/>\n\t<meta property=\"og:image:width\" content=\"500\" \/>\n\t<meta property=\"og:image:height\" content=\"345\" \/>\n\t<meta property=\"og:image:type\" content=\"image\/jpeg\" \/>\n<meta name=\"author\" content=\"Jean-Gabriel Davis\" \/>\n<meta name=\"twitter:card\" content=\"summary_large_image\" \/>\n<meta name=\"twitter:label1\" content=\"Written by\" \/>\n\t<meta name=\"twitter:data1\" content=\"Jean-Gabriel Davis\" \/>\n\t<meta name=\"twitter:label2\" content=\"Est. reading time\" \/>\n\t<meta name=\"twitter:data2\" content=\"2 minutes\" \/>\n<script type=\"application\/ld+json\" class=\"yoast-schema-graph\">{\"@context\":\"https:\\\/\\\/schema.org\",\"@graph\":[{\"@type\":\"Article\",\"@id\":\"https:\\\/\\\/www.iemj.org\\\/en\\\/shira-utfila-2\\\/#article\",\"isPartOf\":{\"@id\":\"https:\\\/\\\/www.iemj.org\\\/en\\\/shira-utfila-2\\\/\"},\"author\":{\"name\":\"Jean-Gabriel Davis\",\"@id\":\"https:\\\/\\\/www.iemj.org\\\/en\\\/#\\\/schema\\\/person\\\/c9bc1c386a3749579a2d675e72a18666\"},\"headline\":\"Shira u\u2019tfila\",\"datePublished\":\"2020-04-11T08:17:57+00:00\",\"dateModified\":\"2022-02-07T14:22:23+00:00\",\"mainEntityOfPage\":{\"@id\":\"https:\\\/\\\/www.iemj.org\\\/en\\\/shira-utfila-2\\\/\"},\"wordCount\":247,\"publisher\":{\"@id\":\"https:\\\/\\\/www.iemj.org\\\/en\\\/#organization\"},\"image\":{\"@id\":\"https:\\\/\\\/www.iemj.org\\\/en\\\/shira-utfila-2\\\/#primaryimage\"},\"thumbnailUrl\":\"https:\\\/\\\/www.iemj.org\\\/wp-content\\\/uploads\\\/2020\\\/04\\\/arton4677.jpg\",\"articleSection\":[\"Judeo-Spanish, Sephardic music\",\"Liturgical\",\"Musical Artists &amp; Bands\",\"Poland, Czech Republic, Slovakia\"],\"inLanguage\":\"en-US\"},{\"@type\":\"WebPage\",\"@id\":\"https:\\\/\\\/www.iemj.org\\\/en\\\/shira-utfila-2\\\/\",\"url\":\"https:\\\/\\\/www.iemj.org\\\/en\\\/shira-utfila-2\\\/\",\"name\":\"Shira u\u2019tfila - Institut Europ\u00e9en des Musiques Juives\",\"isPartOf\":{\"@id\":\"https:\\\/\\\/www.iemj.org\\\/en\\\/#website\"},\"primaryImageOfPage\":{\"@id\":\"https:\\\/\\\/www.iemj.org\\\/en\\\/shira-utfila-2\\\/#primaryimage\"},\"image\":{\"@id\":\"https:\\\/\\\/www.iemj.org\\\/en\\\/shira-utfila-2\\\/#primaryimage\"},\"thumbnailUrl\":\"https:\\\/\\\/www.iemj.org\\\/wp-content\\\/uploads\\\/2020\\\/04\\\/arton4677.jpg\",\"datePublished\":\"2020-04-11T08:17:57+00:00\",\"dateModified\":\"2022-02-07T14:22:23+00:00\",\"breadcrumb\":{\"@id\":\"https:\\\/\\\/www.iemj.org\\\/en\\\/shira-utfila-2\\\/#breadcrumb\"},\"inLanguage\":\"en-US\",\"potentialAction\":[{\"@type\":\"ReadAction\",\"target\":[\"https:\\\/\\\/www.iemj.org\\\/en\\\/shira-utfila-2\\\/\"]}]},{\"@type\":\"ImageObject\",\"inLanguage\":\"en-US\",\"@id\":\"https:\\\/\\\/www.iemj.org\\\/en\\\/shira-utfila-2\\\/#primaryimage\",\"url\":\"https:\\\/\\\/www.iemj.org\\\/wp-content\\\/uploads\\\/2020\\\/04\\\/arton4677.jpg\",\"contentUrl\":\"https:\\\/\\\/www.iemj.org\\\/wp-content\\\/uploads\\\/2020\\\/04\\\/arton4677.jpg\",\"width\":500,\"height\":345},{\"@type\":\"BreadcrumbList\",\"@id\":\"https:\\\/\\\/www.iemj.org\\\/en\\\/shira-utfila-2\\\/#breadcrumb\",\"itemListElement\":[{\"@type\":\"ListItem\",\"position\":1,\"name\":\"Accueil\",\"item\":\"https:\\\/\\\/www.iemj.org\\\/en\\\/\"},{\"@type\":\"ListItem\",\"position\":2,\"name\":\"Shira u\u2019tfila\"}]},{\"@type\":\"WebSite\",\"@id\":\"https:\\\/\\\/www.iemj.org\\\/en\\\/#website\",\"url\":\"https:\\\/\\\/www.iemj.org\\\/en\\\/\",\"name\":\"Institut Europ\u00e9en des Musiques Juives\",\"description\":\"Des traditions musicales \u00e0 la port\u00e9e de tous\",\"publisher\":{\"@id\":\"https:\\\/\\\/www.iemj.org\\\/en\\\/#organization\"},\"potentialAction\":[{\"@type\":\"SearchAction\",\"target\":{\"@type\":\"EntryPoint\",\"urlTemplate\":\"https:\\\/\\\/www.iemj.org\\\/en\\\/?s={search_term_string}\"},\"query-input\":{\"@type\":\"PropertyValueSpecification\",\"valueRequired\":true,\"valueName\":\"search_term_string\"}}],\"inLanguage\":\"en-US\"},{\"@type\":\"Organization\",\"@id\":\"https:\\\/\\\/www.iemj.org\\\/en\\\/#organization\",\"name\":\"Institut Europ\u00e9en des Musiques Juives\",\"url\":\"https:\\\/\\\/www.iemj.org\\\/en\\\/\",\"logo\":{\"@type\":\"ImageObject\",\"inLanguage\":\"en-US\",\"@id\":\"https:\\\/\\\/www.iemj.org\\\/en\\\/#\\\/schema\\\/logo\\\/image\\\/\",\"url\":\"https:\\\/\\\/www.iemj.org\\\/wp-content\\\/uploads\\\/2021\\\/09\\\/Logo-IEMJ-Paypal.jpg\",\"contentUrl\":\"https:\\\/\\\/www.iemj.org\\\/wp-content\\\/uploads\\\/2021\\\/09\\\/Logo-IEMJ-Paypal.jpg\",\"width\":150,\"height\":50,\"caption\":\"Institut Europ\u00e9en des Musiques Juives\"},\"image\":{\"@id\":\"https:\\\/\\\/www.iemj.org\\\/en\\\/#\\\/schema\\\/logo\\\/image\\\/\"},\"sameAs\":[\"https:\\\/\\\/www.facebook.com\\\/MusiquesJuives\\\/\",\"https:\\\/\\\/www.instagram.com\\\/musiquesjuives\\\/\",\"https:\\\/\\\/www.youtube.com\\\/user\\\/musiquesjuives\"]},{\"@type\":\"Person\",\"@id\":\"https:\\\/\\\/www.iemj.org\\\/en\\\/#\\\/schema\\\/person\\\/c9bc1c386a3749579a2d675e72a18666\",\"name\":\"Jean-Gabriel Davis\",\"image\":{\"@type\":\"ImageObject\",\"inLanguage\":\"en-US\",\"@id\":\"https:\\\/\\\/secure.gravatar.com\\\/avatar\\\/2b90d67bdf392c9b3a21fab87c0fa7edaf1fb3a058172a1ffd61033fcec7aec1?s=96&d=mm&r=g\",\"url\":\"https:\\\/\\\/secure.gravatar.com\\\/avatar\\\/2b90d67bdf392c9b3a21fab87c0fa7edaf1fb3a058172a1ffd61033fcec7aec1?s=96&d=mm&r=g\",\"contentUrl\":\"https:\\\/\\\/secure.gravatar.com\\\/avatar\\\/2b90d67bdf392c9b3a21fab87c0fa7edaf1fb3a058172a1ffd61033fcec7aec1?s=96&d=mm&r=g\",\"caption\":\"Jean-Gabriel Davis\"}}]}<\/script>\n<!-- \/ Yoast SEO plugin. -->","yoast_head_json":{"title":"Shira u\u2019tfila - Institut Europ\u00e9en des Musiques Juives","robots":{"index":"index","follow":"follow","max-snippet":"max-snippet:-1","max-image-preview":"max-image-preview:large","max-video-preview":"max-video-preview:-1"},"canonical":"https:\/\/www.iemj.org\/en\/shira-utfila-2\/","og_locale":"en_US","og_type":"article","og_title":"Shira u\u2019tfila - Institut Europ\u00e9en des Musiques Juives","og_description":"In Hebrew, Shira means \u00ab song and prayer \u00bb, It&#8217;s a multi-ethnic band that performs Sefardi music. Shira u&#8217;tfila combines music from Sefardi, Spanish, Hebrew, Turkish, Arabic, Greek and South","og_url":"https:\/\/www.iemj.org\/en\/shira-utfila-2\/","og_site_name":"Institut Europ\u00e9en des Musiques Juives","article_publisher":"https:\/\/www.facebook.com\/MusiquesJuives\/","article_published_time":"2020-04-11T08:17:57+00:00","article_modified_time":"2022-02-07T14:22:23+00:00","og_image":[{"width":500,"height":345,"url":"https:\/\/www.iemj.org\/wp-content\/uploads\/2020\/04\/arton4677.jpg","type":"image\/jpeg"}],"author":"Jean-Gabriel Davis","twitter_card":"summary_large_image","twitter_misc":{"Written by":"Jean-Gabriel Davis","Est. reading time":"2 minutes"},"schema":{"@context":"https:\/\/schema.org","@graph":[{"@type":"Article","@id":"https:\/\/www.iemj.org\/en\/shira-utfila-2\/#article","isPartOf":{"@id":"https:\/\/www.iemj.org\/en\/shira-utfila-2\/"},"author":{"name":"Jean-Gabriel Davis","@id":"https:\/\/www.iemj.org\/en\/#\/schema\/person\/c9bc1c386a3749579a2d675e72a18666"},"headline":"Shira u\u2019tfila","datePublished":"2020-04-11T08:17:57+00:00","dateModified":"2022-02-07T14:22:23+00:00","mainEntityOfPage":{"@id":"https:\/\/www.iemj.org\/en\/shira-utfila-2\/"},"wordCount":247,"publisher":{"@id":"https:\/\/www.iemj.org\/en\/#organization"},"image":{"@id":"https:\/\/www.iemj.org\/en\/shira-utfila-2\/#primaryimage"},"thumbnailUrl":"https:\/\/www.iemj.org\/wp-content\/uploads\/2020\/04\/arton4677.jpg","articleSection":["Judeo-Spanish, Sephardic music","Liturgical","Musical Artists &amp; Bands","Poland, Czech Republic, Slovakia"],"inLanguage":"en-US"},{"@type":"WebPage","@id":"https:\/\/www.iemj.org\/en\/shira-utfila-2\/","url":"https:\/\/www.iemj.org\/en\/shira-utfila-2\/","name":"Shira u\u2019tfila - Institut Europ\u00e9en des Musiques Juives","isPartOf":{"@id":"https:\/\/www.iemj.org\/en\/#website"},"primaryImageOfPage":{"@id":"https:\/\/www.iemj.org\/en\/shira-utfila-2\/#primaryimage"},"image":{"@id":"https:\/\/www.iemj.org\/en\/shira-utfila-2\/#primaryimage"},"thumbnailUrl":"https:\/\/www.iemj.org\/wp-content\/uploads\/2020\/04\/arton4677.jpg","datePublished":"2020-04-11T08:17:57+00:00","dateModified":"2022-02-07T14:22:23+00:00","breadcrumb":{"@id":"https:\/\/www.iemj.org\/en\/shira-utfila-2\/#breadcrumb"},"inLanguage":"en-US","potentialAction":[{"@type":"ReadAction","target":["https:\/\/www.iemj.org\/en\/shira-utfila-2\/"]}]},{"@type":"ImageObject","inLanguage":"en-US","@id":"https:\/\/www.iemj.org\/en\/shira-utfila-2\/#primaryimage","url":"https:\/\/www.iemj.org\/wp-content\/uploads\/2020\/04\/arton4677.jpg","contentUrl":"https:\/\/www.iemj.org\/wp-content\/uploads\/2020\/04\/arton4677.jpg","width":500,"height":345},{"@type":"BreadcrumbList","@id":"https:\/\/www.iemj.org\/en\/shira-utfila-2\/#breadcrumb","itemListElement":[{"@type":"ListItem","position":1,"name":"Accueil","item":"https:\/\/www.iemj.org\/en\/"},{"@type":"ListItem","position":2,"name":"Shira u\u2019tfila"}]},{"@type":"WebSite","@id":"https:\/\/www.iemj.org\/en\/#website","url":"https:\/\/www.iemj.org\/en\/","name":"Institut Europ\u00e9en des Musiques Juives","description":"Des traditions musicales \u00e0 la port\u00e9e de tous","publisher":{"@id":"https:\/\/www.iemj.org\/en\/#organization"},"potentialAction":[{"@type":"SearchAction","target":{"@type":"EntryPoint","urlTemplate":"https:\/\/www.iemj.org\/en\/?s={search_term_string}"},"query-input":{"@type":"PropertyValueSpecification","valueRequired":true,"valueName":"search_term_string"}}],"inLanguage":"en-US"},{"@type":"Organization","@id":"https:\/\/www.iemj.org\/en\/#organization","name":"Institut Europ\u00e9en des Musiques Juives","url":"https:\/\/www.iemj.org\/en\/","logo":{"@type":"ImageObject","inLanguage":"en-US","@id":"https:\/\/www.iemj.org\/en\/#\/schema\/logo\/image\/","url":"https:\/\/www.iemj.org\/wp-content\/uploads\/2021\/09\/Logo-IEMJ-Paypal.jpg","contentUrl":"https:\/\/www.iemj.org\/wp-content\/uploads\/2021\/09\/Logo-IEMJ-Paypal.jpg","width":150,"height":50,"caption":"Institut Europ\u00e9en des Musiques Juives"},"image":{"@id":"https:\/\/www.iemj.org\/en\/#\/schema\/logo\/image\/"},"sameAs":["https:\/\/www.facebook.com\/MusiquesJuives\/","https:\/\/www.instagram.com\/musiquesjuives\/","https:\/\/www.youtube.com\/user\/musiquesjuives"]},{"@type":"Person","@id":"https:\/\/www.iemj.org\/en\/#\/schema\/person\/c9bc1c386a3749579a2d675e72a18666","name":"Jean-Gabriel Davis","image":{"@type":"ImageObject","inLanguage":"en-US","@id":"https:\/\/secure.gravatar.com\/avatar\/2b90d67bdf392c9b3a21fab87c0fa7edaf1fb3a058172a1ffd61033fcec7aec1?s=96&d=mm&r=g","url":"https:\/\/secure.gravatar.com\/avatar\/2b90d67bdf392c9b3a21fab87c0fa7edaf1fb3a058172a1ffd61033fcec7aec1?s=96&d=mm&r=g","contentUrl":"https:\/\/secure.gravatar.com\/avatar\/2b90d67bdf392c9b3a21fab87c0fa7edaf1fb3a058172a1ffd61033fcec7aec1?s=96&d=mm&r=g","caption":"Jean-Gabriel Davis"}}]}},"_links":{"self":[{"href":"https:\/\/www.iemj.org\/en\/wp-json\/wp\/v2\/posts\/28131","targetHints":{"allow":["GET"]}}],"collection":[{"href":"https:\/\/www.iemj.org\/en\/wp-json\/wp\/v2\/posts"}],"about":[{"href":"https:\/\/www.iemj.org\/en\/wp-json\/wp\/v2\/types\/post"}],"author":[{"embeddable":true,"href":"https:\/\/www.iemj.org\/en\/wp-json\/wp\/v2\/users\/1048"}],"replies":[{"embeddable":true,"href":"https:\/\/www.iemj.org\/en\/wp-json\/wp\/v2\/comments?post=28131"}],"version-history":[{"count":0,"href":"https:\/\/www.iemj.org\/en\/wp-json\/wp\/v2\/posts\/28131\/revisions"}],"wp:featuredmedia":[{"embeddable":true,"href":"https:\/\/www.iemj.org\/en\/wp-json\/wp\/v2\/media\/28129"}],"wp:attachment":[{"href":"https:\/\/www.iemj.org\/en\/wp-json\/wp\/v2\/media?parent=28131"}],"wp:term":[{"taxonomy":"category","embeddable":true,"href":"https:\/\/www.iemj.org\/en\/wp-json\/wp\/v2\/categories?post=28131"},{"taxonomy":"post_tag","embeddable":true,"href":"https:\/\/www.iemj.org\/en\/wp-json\/wp\/v2\/tags?post=28131"},{"taxonomy":"technique","embeddable":true,"href":"https:\/\/www.iemj.org\/en\/wp-json\/wp\/v2\/technique?post=28131"},{"taxonomy":"squelettes","embeddable":true,"href":"https:\/\/www.iemj.org\/en\/wp-json\/wp\/v2\/squelettes?post=28131"},{"taxonomy":"sujet","embeddable":true,"href":"https:\/\/www.iemj.org\/en\/wp-json\/wp\/v2\/sujet?post=28131"},{"taxonomy":"formation","embeddable":true,"href":"https:\/\/www.iemj.org\/en\/wp-json\/wp\/v2\/formation?post=28131"},{"taxonomy":"genre","embeddable":true,"href":"https:\/\/www.iemj.org\/en\/wp-json\/wp\/v2\/genre?post=28131"},{"taxonomy":"fonds","embeddable":true,"href":"https:\/\/www.iemj.org\/en\/wp-json\/wp\/v2\/fonds?post=28131"},{"taxonomy":"tradition","embeddable":true,"href":"https:\/\/www.iemj.org\/en\/wp-json\/wp\/v2\/tradition?post=28131"},{"taxonomy":"type-de-contenu","embeddable":true,"href":"https:\/\/www.iemj.org\/en\/wp-json\/wp\/v2\/type-de-contenu?post=28131"},{"taxonomy":"interprete-compositeur","embeddable":true,"href":"https:\/\/www.iemj.org\/en\/wp-json\/wp\/v2\/interprete-compositeur?post=28131"},{"taxonomy":"frise","embeddable":true,"href":"https:\/\/www.iemj.org\/en\/wp-json\/wp\/v2\/frise?post=28131"},{"taxonomy":"type-devenement","embeddable":true,"href":"https:\/\/www.iemj.org\/en\/wp-json\/wp\/v2\/type-devenement?post=28131"},{"taxonomy":"tableaux-liens-externes","embeddable":true,"href":"https:\/\/www.iemj.org\/en\/wp-json\/wp\/v2\/tableaux-liens-externes?post=28131"}],"curies":[{"name":"wp","href":"https:\/\/api.w.org\/{rel}","templated":true}]}}