{"id":29436,"date":"2020-09-10T12:33:39","date_gmt":"2020-09-10T10:33:39","guid":{"rendered":"https:\/\/www.iemj.org\/the-selichot-in-the-western-ashkenazi-rite\/"},"modified":"2025-04-17T11:50:15","modified_gmt":"2025-04-17T09:50:15","slug":"the-selichot-in-the-western-ashkenazi-rite","status":"publish","type":"post","link":"https:\/\/www.iemj.org\/en\/the-selichot-in-the-western-ashkenazi-rite\/","title":{"rendered":"The selichot in the Western Ashkenazi rite"},"content":{"rendered":"\n<p><strong>A selection of selichot performed by Adolphe Attia, Joseph Borin, Michel Heymann, Emile Ka\u00e7mann and Max Warchawski<\/strong><\/p>\n\n\n\n<!--more-->\n\n\n\n<p>The <em>selichot<\/em> are penitential prayers in which the worshipper implores forgiveness to God for the sins committed. This tradition is based on the <a href=\"https:\/\/en.wikipedia.org\/wiki\/Thirteen_Attributes_of_Mercy\"> thirteen attributes of mercy<\/a> which have been, according to the tradition, passed on from God to Moses. (Exodus 34, 6-7).<br>In the beginning, the <em>selichot<\/em> were read during Yom Kippur service and for fasts. Then this tradition took place during the 10 days (<em>yamim nora\u00efm<\/em>) between Rosh Hashanah and Yom Kippur. The Ashkenazi communities and the Chasidim start reciting the <em>selichot<\/em> on saturday evening preceding (for at least four days) Rosh Hashanah service. The Sefardi communities read it at dawn before the morning prayer for forty days, starting on the first of Elul.<\/p>\n\n\n\n<p>The following playlist features a selection of <em>selichot<\/em> mainly sung in the Ashkanzi communities of Alsace-Lorraine by (<a href=\"http:\/\/www.judaisme-alsalor.fr\/histoire\/rabbins\/hazanim\/borin.htm\">Joseph Borin<\/a>, <a href=\"https:\/\/www.iemj.org\/en\/heymann-michel-1952\/\">Michel Heymann<\/a>, Max Warchawski) &#8211; and in Paris by (<a href=\"https:\/\/www.iemj.org\/en\/attia-adolphe-1937\/\">Adolphe Attia<\/a>, <a href=\"https:\/\/fr.wikipedia.org\/wiki\/%C3%89mile_Ka%C3%A7mann\">Emile Ka\u00e7mann<\/a>). There are also field recordings, educational recordings for liturgy and concerts. In this last category, the singers benefit of an instrumental accompaniment, which is generally absent in the religious services of orthodox synagogues.<\/p>\n\n\n\n<p><a href=\"https:\/\/www.iemj.org\/en\/les-selihot-%d7%a1%d7%9c%d7%99%d7%97%d7%95%d7%aa\/\" target=\"_blank\" rel=\"noreferrer noopener\">Read the feature article on Selichot<\/a><\/p>\n\n\n\n<figure class=\"wp-block-image size-large\"><img fetchpriority=\"high\" decoding=\"async\" width=\"1024\" height=\"146\" src=\"https:\/\/www.iemj.org\/wp-content\/uploads\/2023\/01\/Bandeau-Playlist_EN2-1024x146.jpg\" alt=\"\" class=\"wp-image-93119\" srcset=\"https:\/\/www.iemj.org\/wp-content\/uploads\/2023\/01\/Bandeau-Playlist_EN2-1024x146.jpg 1024w, https:\/\/www.iemj.org\/wp-content\/uploads\/2023\/01\/Bandeau-Playlist_EN2-300x43.jpg 300w, https:\/\/www.iemj.org\/wp-content\/uploads\/2023\/01\/Bandeau-Playlist_EN2-768x110.jpg 768w, https:\/\/www.iemj.org\/wp-content\/uploads\/2023\/01\/Bandeau-Playlist_EN2-1536x220.jpg 1536w, https:\/\/www.iemj.org\/wp-content\/uploads\/2023\/01\/Bandeau-Playlist_EN2-600x86.jpg 600w, https:\/\/www.iemj.org\/wp-content\/uploads\/2023\/01\/Bandeau-Playlist_EN2.jpg 1608w\" sizes=\"(max-width: 1024px) 100vw, 1024px\" \/><\/figure>\n\n\n\n<div class=\"wp-block-file\"><a id=\"wp-block-file--media-362bc5ff-4cad-461c-a948-e5a1d49d9d1b\" href=\"https:\/\/www.iemj.org\/wp-content\/uploads\/2020\/09\/01_vayaavor_atanou_interprete_inconnu-2.mp3\">Vayaavor Atanou &#8211; interpr\u00e8te inconnu<\/a><\/div>\n\n\n\n<div class=\"wp-block-file\"><a id=\"wp-block-file--media-5e1bd965-be07-4f31-8434-c455f968f4b2\" href=\"https:\/\/www.iemj.org\/wp-content\/uploads\/2020\/09\/02_anenou_max_warchawski_strasbourg_.mp3\">Anenou &#8211; Max Warchawski (Strasbourg)<\/a><\/div>\n\n\n\n<div class=\"wp-block-file\"><a id=\"wp-block-file--media-5c43bc69-37ed-4b23-90f3-bdb4f1e9a005\" href=\"https:\/\/www.iemj.org\/wp-content\/uploads\/2020\/09\/03_ben_adam_emile_kacmann_paris_.mp3\">Ben Adam &#8211; Emile Kacmann (Paris)<\/a><\/div>\n\n\n\n<div class=\"wp-block-file\"><a id=\"wp-block-file--media-e8158547-307f-47c8-b72c-7370e648393a\" href=\"https:\/\/www.iemj.org\/wp-content\/uploads\/2025\/04\/04_shomer_israel_metz__extrait.mp3\">Shomer Israel (Metz) (EXTRAIT)<\/a><\/div>\n\n\n\n<div class=\"wp-block-file\"><a id=\"wp-block-file--media-018a749f-0b60-4fed-96e6-463f1c368254\" href=\"https:\/\/www.iemj.org\/wp-content\/uploads\/2020\/09\/05_kel_melekh_yochev_al_kisse_rahamim_michel_heymann_strasbourg_.mp3\">Kel melekh yochev al kisse rahamimv &#8211; Michel Heymann (Strasbourg)<\/a><\/div>\n\n\n\n<div class=\"wp-block-file\"><a id=\"wp-block-file--media-476a8c8f-58ae-495d-a552-9d05d0949ebf\" href=\"https:\/\/www.iemj.org\/wp-content\/uploads\/2020\/09\/06_selihot_shlishya-shnya-akeda-shofet_kol_haarets-adolphe_attia_paris_.mp3\">Selihot Shlishya &#8211; Shnya &#8211; Akeda &#8211; Shofet kol haarets &#8211; Adolphe Attia (Paris)<\/a><\/div>\n\n\n\n<div class=\"wp-block-file\"><a id=\"wp-block-file--media-633c6636-f15c-420d-a1e3-cda7a512d4c6\" href=\"https:\/\/www.iemj.org\/wp-content\/uploads\/2020\/09\/07_al_tachli_henou_joseph_borin_strasbourg_.mp3\">Al tachli&#8217;henou &#8211; Joseph Borin (Strasbourg)<\/a><\/div>\n\n\n\n<p><\/p>\n","protected":false},"excerpt":{"rendered":"<p>A selection of selichot performed by Adolphe Attia, Joseph Borin, Michel Heymann, Emile Ka\u00e7mann and Max Warchawski<\/p>\n","protected":false},"author":1048,"featured_media":29434,"comment_status":"closed","ping_status":"closed","sticky":false,"template":"","format":"standard","meta":{"_acf_changed":false,"footnotes":""},"categories":[1317],"tags":[],"technique":[],"squelettes":[],"sujet":[2100,1757],"formation":[],"genre":[1116],"fonds":[],"tradition":[1141],"type-de-contenu":[],"interprete-compositeur":[],"frise":[],"type-devenement":[],"tableaux-liens-externes":[],"class_list":["post-29436","post","type-post","status-publish","format-standard","has-post-thumbnail","hentry","category-playlists-en","sujet-alsace-lorraine-en","sujet-yom-kippur-en","genre-liturgy","tradition-ashkenazi-rite-en"],"acf":[],"yoast_head":"<!-- This site is optimized with the Yoast SEO plugin v27.3 - https:\/\/yoast.com\/product\/yoast-seo-wordpress\/ -->\n<title>The selichot in the Western Ashkenazi rite - Institut Europ\u00e9en des Musiques Juives<\/title>\n<meta name=\"robots\" content=\"index, follow, max-snippet:-1, max-image-preview:large, max-video-preview:-1\" \/>\n<link rel=\"canonical\" href=\"https:\/\/www.iemj.org\/en\/the-selichot-in-the-western-ashkenazi-rite\/\" \/>\n<meta property=\"og:locale\" content=\"en_US\" \/>\n<meta property=\"og:type\" content=\"article\" \/>\n<meta property=\"og:title\" content=\"The selichot in the Western Ashkenazi rite - Institut Europ\u00e9en des Musiques Juives\" \/>\n<meta property=\"og:description\" content=\"A selection of selichot performed by Adolphe Attia, Joseph Borin, Michel Heymann, Emile Ka\u00e7mann and Max Warchawski\" \/>\n<meta property=\"og:url\" content=\"https:\/\/www.iemj.org\/en\/the-selichot-in-the-western-ashkenazi-rite\/\" \/>\n<meta property=\"og:site_name\" content=\"Institut Europ\u00e9en des Musiques Juives\" \/>\n<meta property=\"article:publisher\" content=\"https:\/\/www.facebook.com\/MusiquesJuives\/\" \/>\n<meta property=\"article:published_time\" content=\"2020-09-10T10:33:39+00:00\" \/>\n<meta property=\"article:modified_time\" content=\"2025-04-17T09:50:15+00:00\" \/>\n<meta property=\"og:image\" content=\"https:\/\/www.iemj.org\/wp-content\/uploads\/2020\/09\/arton4829.jpg\" \/>\n\t<meta property=\"og:image:width\" content=\"336\" \/>\n\t<meta property=\"og:image:height\" content=\"336\" \/>\n\t<meta property=\"og:image:type\" content=\"image\/jpeg\" \/>\n<meta name=\"author\" content=\"Jean-Gabriel Davis\" \/>\n<meta name=\"twitter:card\" content=\"summary_large_image\" \/>\n<meta name=\"twitter:label1\" content=\"Written by\" \/>\n\t<meta name=\"twitter:data1\" content=\"Jean-Gabriel Davis\" \/>\n\t<meta name=\"twitter:label2\" content=\"Est. reading time\" \/>\n\t<meta name=\"twitter:data2\" content=\"2 minutes\" \/>\n<script type=\"application\/ld+json\" class=\"yoast-schema-graph\">{\"@context\":\"https:\\\/\\\/schema.org\",\"@graph\":[{\"@type\":\"Article\",\"@id\":\"https:\\\/\\\/www.iemj.org\\\/en\\\/the-selichot-in-the-western-ashkenazi-rite\\\/#article\",\"isPartOf\":{\"@id\":\"https:\\\/\\\/www.iemj.org\\\/en\\\/the-selichot-in-the-western-ashkenazi-rite\\\/\"},\"author\":{\"name\":\"Jean-Gabriel Davis\",\"@id\":\"https:\\\/\\\/www.iemj.org\\\/en\\\/#\\\/schema\\\/person\\\/c9bc1c386a3749579a2d675e72a18666\"},\"headline\":\"The selichot in the Western Ashkenazi rite\",\"datePublished\":\"2020-09-10T10:33:39+00:00\",\"dateModified\":\"2025-04-17T09:50:15+00:00\",\"mainEntityOfPage\":{\"@id\":\"https:\\\/\\\/www.iemj.org\\\/en\\\/the-selichot-in-the-western-ashkenazi-rite\\\/\"},\"wordCount\":264,\"publisher\":{\"@id\":\"https:\\\/\\\/www.iemj.org\\\/en\\\/#organization\"},\"image\":{\"@id\":\"https:\\\/\\\/www.iemj.org\\\/en\\\/the-selichot-in-the-western-ashkenazi-rite\\\/#primaryimage\"},\"thumbnailUrl\":\"https:\\\/\\\/www.iemj.org\\\/wp-content\\\/uploads\\\/2020\\\/09\\\/arton4829.jpg\",\"articleSection\":[\"Playlists\"],\"inLanguage\":\"en-US\"},{\"@type\":\"WebPage\",\"@id\":\"https:\\\/\\\/www.iemj.org\\\/en\\\/the-selichot-in-the-western-ashkenazi-rite\\\/\",\"url\":\"https:\\\/\\\/www.iemj.org\\\/en\\\/the-selichot-in-the-western-ashkenazi-rite\\\/\",\"name\":\"The selichot in the Western Ashkenazi rite - Institut Europ\u00e9en des Musiques Juives\",\"isPartOf\":{\"@id\":\"https:\\\/\\\/www.iemj.org\\\/en\\\/#website\"},\"primaryImageOfPage\":{\"@id\":\"https:\\\/\\\/www.iemj.org\\\/en\\\/the-selichot-in-the-western-ashkenazi-rite\\\/#primaryimage\"},\"image\":{\"@id\":\"https:\\\/\\\/www.iemj.org\\\/en\\\/the-selichot-in-the-western-ashkenazi-rite\\\/#primaryimage\"},\"thumbnailUrl\":\"https:\\\/\\\/www.iemj.org\\\/wp-content\\\/uploads\\\/2020\\\/09\\\/arton4829.jpg\",\"datePublished\":\"2020-09-10T10:33:39+00:00\",\"dateModified\":\"2025-04-17T09:50:15+00:00\",\"breadcrumb\":{\"@id\":\"https:\\\/\\\/www.iemj.org\\\/en\\\/the-selichot-in-the-western-ashkenazi-rite\\\/#breadcrumb\"},\"inLanguage\":\"en-US\",\"potentialAction\":[{\"@type\":\"ReadAction\",\"target\":[\"https:\\\/\\\/www.iemj.org\\\/en\\\/the-selichot-in-the-western-ashkenazi-rite\\\/\"]}]},{\"@type\":\"ImageObject\",\"inLanguage\":\"en-US\",\"@id\":\"https:\\\/\\\/www.iemj.org\\\/en\\\/the-selichot-in-the-western-ashkenazi-rite\\\/#primaryimage\",\"url\":\"https:\\\/\\\/www.iemj.org\\\/wp-content\\\/uploads\\\/2020\\\/09\\\/arton4829.jpg\",\"contentUrl\":\"https:\\\/\\\/www.iemj.org\\\/wp-content\\\/uploads\\\/2020\\\/09\\\/arton4829.jpg\",\"width\":336,\"height\":336},{\"@type\":\"BreadcrumbList\",\"@id\":\"https:\\\/\\\/www.iemj.org\\\/en\\\/the-selichot-in-the-western-ashkenazi-rite\\\/#breadcrumb\",\"itemListElement\":[{\"@type\":\"ListItem\",\"position\":1,\"name\":\"Accueil\",\"item\":\"https:\\\/\\\/www.iemj.org\\\/en\\\/\"},{\"@type\":\"ListItem\",\"position\":2,\"name\":\"The selichot in the Western Ashkenazi rite\"}]},{\"@type\":\"WebSite\",\"@id\":\"https:\\\/\\\/www.iemj.org\\\/en\\\/#website\",\"url\":\"https:\\\/\\\/www.iemj.org\\\/en\\\/\",\"name\":\"Institut Europ\u00e9en des Musiques Juives\",\"description\":\"Des traditions musicales \u00e0 la port\u00e9e de tous\",\"publisher\":{\"@id\":\"https:\\\/\\\/www.iemj.org\\\/en\\\/#organization\"},\"potentialAction\":[{\"@type\":\"SearchAction\",\"target\":{\"@type\":\"EntryPoint\",\"urlTemplate\":\"https:\\\/\\\/www.iemj.org\\\/en\\\/?s={search_term_string}\"},\"query-input\":{\"@type\":\"PropertyValueSpecification\",\"valueRequired\":true,\"valueName\":\"search_term_string\"}}],\"inLanguage\":\"en-US\"},{\"@type\":\"Organization\",\"@id\":\"https:\\\/\\\/www.iemj.org\\\/en\\\/#organization\",\"name\":\"Institut Europ\u00e9en des Musiques Juives\",\"url\":\"https:\\\/\\\/www.iemj.org\\\/en\\\/\",\"logo\":{\"@type\":\"ImageObject\",\"inLanguage\":\"en-US\",\"@id\":\"https:\\\/\\\/www.iemj.org\\\/en\\\/#\\\/schema\\\/logo\\\/image\\\/\",\"url\":\"https:\\\/\\\/www.iemj.org\\\/wp-content\\\/uploads\\\/2021\\\/09\\\/Logo-IEMJ-Paypal.jpg\",\"contentUrl\":\"https:\\\/\\\/www.iemj.org\\\/wp-content\\\/uploads\\\/2021\\\/09\\\/Logo-IEMJ-Paypal.jpg\",\"width\":150,\"height\":50,\"caption\":\"Institut Europ\u00e9en des Musiques Juives\"},\"image\":{\"@id\":\"https:\\\/\\\/www.iemj.org\\\/en\\\/#\\\/schema\\\/logo\\\/image\\\/\"},\"sameAs\":[\"https:\\\/\\\/www.facebook.com\\\/MusiquesJuives\\\/\",\"https:\\\/\\\/www.instagram.com\\\/musiquesjuives\\\/\",\"https:\\\/\\\/www.youtube.com\\\/user\\\/musiquesjuives\"]},{\"@type\":\"Person\",\"@id\":\"https:\\\/\\\/www.iemj.org\\\/en\\\/#\\\/schema\\\/person\\\/c9bc1c386a3749579a2d675e72a18666\",\"name\":\"Jean-Gabriel Davis\",\"image\":{\"@type\":\"ImageObject\",\"inLanguage\":\"en-US\",\"@id\":\"https:\\\/\\\/secure.gravatar.com\\\/avatar\\\/2b90d67bdf392c9b3a21fab87c0fa7edaf1fb3a058172a1ffd61033fcec7aec1?s=96&d=mm&r=g\",\"url\":\"https:\\\/\\\/secure.gravatar.com\\\/avatar\\\/2b90d67bdf392c9b3a21fab87c0fa7edaf1fb3a058172a1ffd61033fcec7aec1?s=96&d=mm&r=g\",\"contentUrl\":\"https:\\\/\\\/secure.gravatar.com\\\/avatar\\\/2b90d67bdf392c9b3a21fab87c0fa7edaf1fb3a058172a1ffd61033fcec7aec1?s=96&d=mm&r=g\",\"caption\":\"Jean-Gabriel Davis\"}}]}<\/script>\n<!-- \/ Yoast SEO plugin. -->","yoast_head_json":{"title":"The selichot in the Western Ashkenazi rite - Institut Europ\u00e9en des Musiques Juives","robots":{"index":"index","follow":"follow","max-snippet":"max-snippet:-1","max-image-preview":"max-image-preview:large","max-video-preview":"max-video-preview:-1"},"canonical":"https:\/\/www.iemj.org\/en\/the-selichot-in-the-western-ashkenazi-rite\/","og_locale":"en_US","og_type":"article","og_title":"The selichot in the Western Ashkenazi rite - Institut Europ\u00e9en des Musiques Juives","og_description":"A selection of selichot performed by Adolphe Attia, Joseph Borin, Michel Heymann, Emile Ka\u00e7mann and Max Warchawski","og_url":"https:\/\/www.iemj.org\/en\/the-selichot-in-the-western-ashkenazi-rite\/","og_site_name":"Institut Europ\u00e9en des Musiques Juives","article_publisher":"https:\/\/www.facebook.com\/MusiquesJuives\/","article_published_time":"2020-09-10T10:33:39+00:00","article_modified_time":"2025-04-17T09:50:15+00:00","og_image":[{"width":336,"height":336,"url":"https:\/\/www.iemj.org\/wp-content\/uploads\/2020\/09\/arton4829.jpg","type":"image\/jpeg"}],"author":"Jean-Gabriel Davis","twitter_card":"summary_large_image","twitter_misc":{"Written by":"Jean-Gabriel Davis","Est. reading time":"2 minutes"},"schema":{"@context":"https:\/\/schema.org","@graph":[{"@type":"Article","@id":"https:\/\/www.iemj.org\/en\/the-selichot-in-the-western-ashkenazi-rite\/#article","isPartOf":{"@id":"https:\/\/www.iemj.org\/en\/the-selichot-in-the-western-ashkenazi-rite\/"},"author":{"name":"Jean-Gabriel Davis","@id":"https:\/\/www.iemj.org\/en\/#\/schema\/person\/c9bc1c386a3749579a2d675e72a18666"},"headline":"The selichot in the Western Ashkenazi rite","datePublished":"2020-09-10T10:33:39+00:00","dateModified":"2025-04-17T09:50:15+00:00","mainEntityOfPage":{"@id":"https:\/\/www.iemj.org\/en\/the-selichot-in-the-western-ashkenazi-rite\/"},"wordCount":264,"publisher":{"@id":"https:\/\/www.iemj.org\/en\/#organization"},"image":{"@id":"https:\/\/www.iemj.org\/en\/the-selichot-in-the-western-ashkenazi-rite\/#primaryimage"},"thumbnailUrl":"https:\/\/www.iemj.org\/wp-content\/uploads\/2020\/09\/arton4829.jpg","articleSection":["Playlists"],"inLanguage":"en-US"},{"@type":"WebPage","@id":"https:\/\/www.iemj.org\/en\/the-selichot-in-the-western-ashkenazi-rite\/","url":"https:\/\/www.iemj.org\/en\/the-selichot-in-the-western-ashkenazi-rite\/","name":"The selichot in the Western Ashkenazi rite - Institut Europ\u00e9en des Musiques Juives","isPartOf":{"@id":"https:\/\/www.iemj.org\/en\/#website"},"primaryImageOfPage":{"@id":"https:\/\/www.iemj.org\/en\/the-selichot-in-the-western-ashkenazi-rite\/#primaryimage"},"image":{"@id":"https:\/\/www.iemj.org\/en\/the-selichot-in-the-western-ashkenazi-rite\/#primaryimage"},"thumbnailUrl":"https:\/\/www.iemj.org\/wp-content\/uploads\/2020\/09\/arton4829.jpg","datePublished":"2020-09-10T10:33:39+00:00","dateModified":"2025-04-17T09:50:15+00:00","breadcrumb":{"@id":"https:\/\/www.iemj.org\/en\/the-selichot-in-the-western-ashkenazi-rite\/#breadcrumb"},"inLanguage":"en-US","potentialAction":[{"@type":"ReadAction","target":["https:\/\/www.iemj.org\/en\/the-selichot-in-the-western-ashkenazi-rite\/"]}]},{"@type":"ImageObject","inLanguage":"en-US","@id":"https:\/\/www.iemj.org\/en\/the-selichot-in-the-western-ashkenazi-rite\/#primaryimage","url":"https:\/\/www.iemj.org\/wp-content\/uploads\/2020\/09\/arton4829.jpg","contentUrl":"https:\/\/www.iemj.org\/wp-content\/uploads\/2020\/09\/arton4829.jpg","width":336,"height":336},{"@type":"BreadcrumbList","@id":"https:\/\/www.iemj.org\/en\/the-selichot-in-the-western-ashkenazi-rite\/#breadcrumb","itemListElement":[{"@type":"ListItem","position":1,"name":"Accueil","item":"https:\/\/www.iemj.org\/en\/"},{"@type":"ListItem","position":2,"name":"The selichot in the Western Ashkenazi rite"}]},{"@type":"WebSite","@id":"https:\/\/www.iemj.org\/en\/#website","url":"https:\/\/www.iemj.org\/en\/","name":"Institut Europ\u00e9en des Musiques Juives","description":"Des traditions musicales \u00e0 la port\u00e9e de tous","publisher":{"@id":"https:\/\/www.iemj.org\/en\/#organization"},"potentialAction":[{"@type":"SearchAction","target":{"@type":"EntryPoint","urlTemplate":"https:\/\/www.iemj.org\/en\/?s={search_term_string}"},"query-input":{"@type":"PropertyValueSpecification","valueRequired":true,"valueName":"search_term_string"}}],"inLanguage":"en-US"},{"@type":"Organization","@id":"https:\/\/www.iemj.org\/en\/#organization","name":"Institut Europ\u00e9en des Musiques Juives","url":"https:\/\/www.iemj.org\/en\/","logo":{"@type":"ImageObject","inLanguage":"en-US","@id":"https:\/\/www.iemj.org\/en\/#\/schema\/logo\/image\/","url":"https:\/\/www.iemj.org\/wp-content\/uploads\/2021\/09\/Logo-IEMJ-Paypal.jpg","contentUrl":"https:\/\/www.iemj.org\/wp-content\/uploads\/2021\/09\/Logo-IEMJ-Paypal.jpg","width":150,"height":50,"caption":"Institut Europ\u00e9en des Musiques Juives"},"image":{"@id":"https:\/\/www.iemj.org\/en\/#\/schema\/logo\/image\/"},"sameAs":["https:\/\/www.facebook.com\/MusiquesJuives\/","https:\/\/www.instagram.com\/musiquesjuives\/","https:\/\/www.youtube.com\/user\/musiquesjuives"]},{"@type":"Person","@id":"https:\/\/www.iemj.org\/en\/#\/schema\/person\/c9bc1c386a3749579a2d675e72a18666","name":"Jean-Gabriel Davis","image":{"@type":"ImageObject","inLanguage":"en-US","@id":"https:\/\/secure.gravatar.com\/avatar\/2b90d67bdf392c9b3a21fab87c0fa7edaf1fb3a058172a1ffd61033fcec7aec1?s=96&d=mm&r=g","url":"https:\/\/secure.gravatar.com\/avatar\/2b90d67bdf392c9b3a21fab87c0fa7edaf1fb3a058172a1ffd61033fcec7aec1?s=96&d=mm&r=g","contentUrl":"https:\/\/secure.gravatar.com\/avatar\/2b90d67bdf392c9b3a21fab87c0fa7edaf1fb3a058172a1ffd61033fcec7aec1?s=96&d=mm&r=g","caption":"Jean-Gabriel Davis"}}]}},"_links":{"self":[{"href":"https:\/\/www.iemj.org\/en\/wp-json\/wp\/v2\/posts\/29436","targetHints":{"allow":["GET"]}}],"collection":[{"href":"https:\/\/www.iemj.org\/en\/wp-json\/wp\/v2\/posts"}],"about":[{"href":"https:\/\/www.iemj.org\/en\/wp-json\/wp\/v2\/types\/post"}],"author":[{"embeddable":true,"href":"https:\/\/www.iemj.org\/en\/wp-json\/wp\/v2\/users\/1048"}],"replies":[{"embeddable":true,"href":"https:\/\/www.iemj.org\/en\/wp-json\/wp\/v2\/comments?post=29436"}],"version-history":[{"count":0,"href":"https:\/\/www.iemj.org\/en\/wp-json\/wp\/v2\/posts\/29436\/revisions"}],"wp:featuredmedia":[{"embeddable":true,"href":"https:\/\/www.iemj.org\/en\/wp-json\/wp\/v2\/media\/29434"}],"wp:attachment":[{"href":"https:\/\/www.iemj.org\/en\/wp-json\/wp\/v2\/media?parent=29436"}],"wp:term":[{"taxonomy":"category","embeddable":true,"href":"https:\/\/www.iemj.org\/en\/wp-json\/wp\/v2\/categories?post=29436"},{"taxonomy":"post_tag","embeddable":true,"href":"https:\/\/www.iemj.org\/en\/wp-json\/wp\/v2\/tags?post=29436"},{"taxonomy":"technique","embeddable":true,"href":"https:\/\/www.iemj.org\/en\/wp-json\/wp\/v2\/technique?post=29436"},{"taxonomy":"squelettes","embeddable":true,"href":"https:\/\/www.iemj.org\/en\/wp-json\/wp\/v2\/squelettes?post=29436"},{"taxonomy":"sujet","embeddable":true,"href":"https:\/\/www.iemj.org\/en\/wp-json\/wp\/v2\/sujet?post=29436"},{"taxonomy":"formation","embeddable":true,"href":"https:\/\/www.iemj.org\/en\/wp-json\/wp\/v2\/formation?post=29436"},{"taxonomy":"genre","embeddable":true,"href":"https:\/\/www.iemj.org\/en\/wp-json\/wp\/v2\/genre?post=29436"},{"taxonomy":"fonds","embeddable":true,"href":"https:\/\/www.iemj.org\/en\/wp-json\/wp\/v2\/fonds?post=29436"},{"taxonomy":"tradition","embeddable":true,"href":"https:\/\/www.iemj.org\/en\/wp-json\/wp\/v2\/tradition?post=29436"},{"taxonomy":"type-de-contenu","embeddable":true,"href":"https:\/\/www.iemj.org\/en\/wp-json\/wp\/v2\/type-de-contenu?post=29436"},{"taxonomy":"interprete-compositeur","embeddable":true,"href":"https:\/\/www.iemj.org\/en\/wp-json\/wp\/v2\/interprete-compositeur?post=29436"},{"taxonomy":"frise","embeddable":true,"href":"https:\/\/www.iemj.org\/en\/wp-json\/wp\/v2\/frise?post=29436"},{"taxonomy":"type-devenement","embeddable":true,"href":"https:\/\/www.iemj.org\/en\/wp-json\/wp\/v2\/type-devenement?post=29436"},{"taxonomy":"tableaux-liens-externes","embeddable":true,"href":"https:\/\/www.iemj.org\/en\/wp-json\/wp\/v2\/tableaux-liens-externes?post=29436"}],"curies":[{"name":"wp","href":"https:\/\/api.w.org\/{rel}","templated":true}]}}