{"id":29553,"date":"2020-09-21T16:44:16","date_gmt":"2020-09-21T14:44:16","guid":{"rendered":"https:\/\/www.iemj.org\/the-selichot-in-the-italian-rites\/"},"modified":"2024-02-16T17:10:49","modified_gmt":"2024-02-16T16:10:49","slug":"the-selichot-in-the-italian-rites","status":"publish","type":"post","link":"https:\/\/www.iemj.org\/en\/the-selichot-in-the-italian-rites\/","title":{"rendered":"The selichot in the Italian rites"},"content":{"rendered":"<p><strong>A selection of <em>selichot<\/em> performed by Alberto Funaro, Bruno Polacco, Aldo Perez, Fernando Belgrado and the singers and faithful of the Maggiore and Spagnolo temples of Rome<\/strong><\/p>\n<p><!--more--><br \/>The <em>selichot<\/em> are penitential prayers in which the worshipper implores forgiveness to God for the sins committed. This tradition is based on the <a href=\"https:\/\/en.wikipedia.org\/wiki\/Thirteen_Attributes_of_Mercy\"> thirteen attributes of mercy<\/a> which have been, according to the tradition, passed on from God to Moses. (Exodus 34, 6-7).<br \/>In the beginning, the <em>selichot<\/em> were read during Yom Kippur service and for fasts. Then this tradition took place during the 10 days (<em>yamim nora\u00efm<\/em>) between Rosh Hashanah and Yom Kippur. The Ashkenazi communities and the Chasidim start reciting the <em>selichot<\/em> on saturday evening preceding (for at least four days) Rosh Hashanah service. The Sefardi communities read it at dawn before the morning prayer for forty days, starting on the first of Elul.<\/p>\n<p>The following playlist features a selection of <em>selichot<\/em> performed in various Italian rites. Italy has the oldest Jewish community in Europe. The installation of Jews in the peninsula dates supposedly from the uprising of the L\u2019implantation des juifs dans la p\u00e9ninsule remonterait \u00e0 la r\u00e9volte des Maccabees (175 \u2013 140 before our era). their presence becomes important in the Roman empire in \u2013 63, especially in Rome where they perpetuate their rite (called <em>italki<\/em>) which comes neither from the Ashkenazi, nor from the Sefardi realm. In the 11th century, Romaniote Jews and Ashkenazi settle in Venice and Padova. At the same time, the Jewish communities from Southern Italy prosper until the 13th century, controlled by the Byzantine empire. After the the final expulsion of the Jews from France in 1394, the communities of French rite gather in Piedmontese towns of Asti, Fossano and Moncalvo where they maintain their own rite, called <em>minhag apam<\/em> or <em>afam<\/em>. Around the same period, Jews from Provence settle in Sardinia. At the end of the 14th century, Italy &#8211; and particularly Livorno and Venice &#8211; becomes a welcoming land for many Spanish Jews fleeing the forced conversions.<br \/>With the Sefardi immigration, the Italian Jewish community forms its final and original composition, with the cohabitation of three communities that keep their disctinctive characteristics : Italian Jews or <em>italki<\/em>, who come from the community established under the Roman empire, Ashkenazi Jews who come from Germany and France, Sefardi Jews that come from Spain since the persecutions and the expulsion, and finally the Romabniotes Jews who come from the Balkans. Because of the establishment of the ghettos, they lived and built their synagogues one next to the other. Their number counted then 50,000.<br \/>After the second world war, many Jews from Libya, Iran, and in a smaller extent, Eastern Europe, settle in Rome, Milan and Livorno, where they continue to perpetuate their rites.<\/p>\n<p><a href=\"https:\/\/www.iemj.org\/en\/les-selihot-%d7%a1%d7%9c%d7%99%d7%97%d7%95%d7%aa\/\">Read the feature article on Selihot<\/a><\/p>\n\n\n<figure class=\"wp-block-image size-large\"><img fetchpriority=\"high\" decoding=\"async\" width=\"1024\" height=\"146\" src=\"https:\/\/www.iemj.org\/wp-content\/uploads\/2023\/01\/Bandeau-Playlist_EN2-1024x146.jpg\" alt=\"\" class=\"wp-image-93119\" srcset=\"https:\/\/www.iemj.org\/wp-content\/uploads\/2023\/01\/Bandeau-Playlist_EN2-1024x146.jpg 1024w, https:\/\/www.iemj.org\/wp-content\/uploads\/2023\/01\/Bandeau-Playlist_EN2-300x43.jpg 300w, https:\/\/www.iemj.org\/wp-content\/uploads\/2023\/01\/Bandeau-Playlist_EN2-768x110.jpg 768w, https:\/\/www.iemj.org\/wp-content\/uploads\/2023\/01\/Bandeau-Playlist_EN2-1536x220.jpg 1536w, https:\/\/www.iemj.org\/wp-content\/uploads\/2023\/01\/Bandeau-Playlist_EN2-600x86.jpg 600w, https:\/\/www.iemj.org\/wp-content\/uploads\/2023\/01\/Bandeau-Playlist_EN2.jpg 1608w\" sizes=\"(max-width: 1024px) 100vw, 1024px\" \/><\/figure>\n\n\n\n<div class=\"wp-block-file\"><a id=\"wp-block-file--media-153824fe-3fb0-4999-adbe-f8084c1464b8\" href=\"https:\/\/www.iemj.org\/wp-content\/uploads\/2020\/09\/1_el_melech_yochev__alberto_funaro_d33-30_2479_17.mp3\">El melech yochev &#8211; Alberto Funaro<\/a><\/div>\n\n\n\n<div class=\"wp-block-file\"><a id=\"wp-block-file--media-839cbf48-c02d-425b-b416-927442ee8df2\" href=\"https:\/\/www.iemj.org\/wp-content\/uploads\/2020\/09\/2_rahum_vehanun_tempio_maggiore_di_roma_rite_italki_.mp3\">Rahum vehanun &#8211; Tempio Maggiore di Roma (Rite italki)<\/a><\/div>\n\n\n\n<div class=\"wp-block-file\"><a id=\"wp-block-file--media-0426a216-20b5-4ae3-a95f-e07ef38be89d\" href=\"https:\/\/www.iemj.org\/wp-content\/uploads\/2020\/09\/3_anenu_tempio_spagnolo_di_roma.mp3\">Anenu &#8211; Tempio Spagnolo di Roma<\/a><\/div>\n\n\n\n<div class=\"wp-block-file\"><a id=\"wp-block-file--media-a5bd5d38-7db5-4633-8193-cbd87355d59e\" href=\"https:\/\/www.iemj.org\/wp-content\/uploads\/2020\/09\/4_atanu_bruno_polacco_rite_ashkenaze_italien__cd_1177_49.mp3\">Atanu &#8211; Bruno Polacco (Rite ashkenaze italien)<\/a><\/div>\n\n\n\n<div class=\"wp-block-file\"><a id=\"wp-block-file--media-149cb562-6e5f-4b0e-b1c5-84af68ef164d\" href=\"https:\/\/www.iemj.org\/wp-content\/uploads\/2020\/09\/5_sheviyah_anyah_aldo_perez_turin_.mp3\">Sheviyah anyah &#8211; Aldo Perez (Turin)<\/a><\/div>\n\n\n\n<div class=\"wp-block-file\"><a id=\"wp-block-file--media-3dbb58ac-8e1b-4a56-b731-323d87d67f7f\" href=\"https:\/\/www.iemj.org\/wp-content\/uploads\/2020\/09\/6_atanu_alberto_funaro_d33-30_2479_29.mp3\">Atanu &#8211; Alberto Funaro<\/a><\/div>\n\n\n\n<div class=\"wp-block-file\"><a id=\"wp-block-file--media-aa350d2a-72c1-42d1-8980-42e19774830c\" href=\"https:\/\/www.iemj.org\/wp-content\/uploads\/2020\/09\/7_atanu_fernando_belgrado_florence__cd_1137_02.mp3\">Atanu &#8211; Fernando Belgrado (Florence)<\/a><\/div>\n","protected":false},"excerpt":{"rendered":"<p>A selection of selichot performed by Alberto Funaro, Bruno Polacco, Aldo Perez, Fernando Belgrado and the singers and faithful of the Maggiore and Spagnolo temples of Rome<\/p>\n","protected":false},"author":1048,"featured_media":29551,"comment_status":"closed","ping_status":"closed","sticky":false,"template":"","format":"standard","meta":{"_acf_changed":false,"footnotes":""},"categories":[1317],"tags":[2089],"technique":[],"squelettes":[],"sujet":[],"formation":[],"genre":[1116],"fonds":[],"tradition":[],"type-de-contenu":[],"interprete-compositeur":[],"frise":[],"type-devenement":[],"tableaux-liens-externes":[],"class_list":["post-29553","post","type-post","status-publish","format-standard","has-post-thumbnail","hentry","category-playlists-en","tag-italy-en","genre-liturgy"],"acf":[],"yoast_head":"<!-- This site is optimized with the Yoast SEO plugin v27.3 - https:\/\/yoast.com\/product\/yoast-seo-wordpress\/ -->\n<title>The selichot in the Italian rites - Institut Europ\u00e9en des Musiques Juives<\/title>\n<meta name=\"robots\" content=\"index, follow, max-snippet:-1, max-image-preview:large, max-video-preview:-1\" \/>\n<link rel=\"canonical\" href=\"https:\/\/www.iemj.org\/en\/the-selichot-in-the-italian-rites\/\" \/>\n<meta property=\"og:locale\" content=\"en_US\" \/>\n<meta property=\"og:type\" content=\"article\" \/>\n<meta property=\"og:title\" content=\"The selichot in the Italian rites - Institut Europ\u00e9en des Musiques Juives\" \/>\n<meta property=\"og:description\" content=\"A selection of selichot performed by Alberto Funaro, Bruno Polacco, Aldo Perez, Fernando Belgrado and the singers and faithful of the Maggiore and Spagnolo temples of Rome\" \/>\n<meta property=\"og:url\" content=\"https:\/\/www.iemj.org\/en\/the-selichot-in-the-italian-rites\/\" \/>\n<meta property=\"og:site_name\" content=\"Institut Europ\u00e9en des Musiques Juives\" \/>\n<meta property=\"article:publisher\" content=\"https:\/\/www.facebook.com\/MusiquesJuives\/\" \/>\n<meta property=\"article:published_time\" content=\"2020-09-21T14:44:16+00:00\" \/>\n<meta property=\"article:modified_time\" content=\"2024-02-16T16:10:49+00:00\" \/>\n<meta property=\"og:image\" content=\"https:\/\/www.iemj.org\/wp-content\/uploads\/2020\/09\/arton4838.jpg\" \/>\n\t<meta property=\"og:image:width\" content=\"336\" \/>\n\t<meta property=\"og:image:height\" content=\"336\" \/>\n\t<meta property=\"og:image:type\" content=\"image\/jpeg\" \/>\n<meta name=\"author\" content=\"Jean-Gabriel Davis\" \/>\n<meta name=\"twitter:card\" content=\"summary_large_image\" \/>\n<meta name=\"twitter:label1\" content=\"Written by\" \/>\n\t<meta name=\"twitter:data1\" content=\"Jean-Gabriel Davis\" \/>\n\t<meta name=\"twitter:label2\" content=\"Est. reading time\" \/>\n\t<meta name=\"twitter:data2\" content=\"3 minutes\" \/>\n<script type=\"application\/ld+json\" class=\"yoast-schema-graph\">{\"@context\":\"https:\\\/\\\/schema.org\",\"@graph\":[{\"@type\":\"Article\",\"@id\":\"https:\\\/\\\/www.iemj.org\\\/en\\\/the-selichot-in-the-italian-rites\\\/#article\",\"isPartOf\":{\"@id\":\"https:\\\/\\\/www.iemj.org\\\/en\\\/the-selichot-in-the-italian-rites\\\/\"},\"author\":{\"name\":\"Jean-Gabriel Davis\",\"@id\":\"https:\\\/\\\/www.iemj.org\\\/en\\\/#\\\/schema\\\/person\\\/c9bc1c386a3749579a2d675e72a18666\"},\"headline\":\"The selichot in the Italian rites\",\"datePublished\":\"2020-09-21T14:44:16+00:00\",\"dateModified\":\"2024-02-16T16:10:49+00:00\",\"mainEntityOfPage\":{\"@id\":\"https:\\\/\\\/www.iemj.org\\\/en\\\/the-selichot-in-the-italian-rites\\\/\"},\"wordCount\":506,\"publisher\":{\"@id\":\"https:\\\/\\\/www.iemj.org\\\/en\\\/#organization\"},\"image\":{\"@id\":\"https:\\\/\\\/www.iemj.org\\\/en\\\/the-selichot-in-the-italian-rites\\\/#primaryimage\"},\"thumbnailUrl\":\"https:\\\/\\\/www.iemj.org\\\/wp-content\\\/uploads\\\/2020\\\/09\\\/arton4838.jpg\",\"keywords\":[\"Italy\"],\"articleSection\":[\"Playlists\"],\"inLanguage\":\"en-US\"},{\"@type\":\"WebPage\",\"@id\":\"https:\\\/\\\/www.iemj.org\\\/en\\\/the-selichot-in-the-italian-rites\\\/\",\"url\":\"https:\\\/\\\/www.iemj.org\\\/en\\\/the-selichot-in-the-italian-rites\\\/\",\"name\":\"The selichot in the Italian rites - Institut Europ\u00e9en des Musiques Juives\",\"isPartOf\":{\"@id\":\"https:\\\/\\\/www.iemj.org\\\/en\\\/#website\"},\"primaryImageOfPage\":{\"@id\":\"https:\\\/\\\/www.iemj.org\\\/en\\\/the-selichot-in-the-italian-rites\\\/#primaryimage\"},\"image\":{\"@id\":\"https:\\\/\\\/www.iemj.org\\\/en\\\/the-selichot-in-the-italian-rites\\\/#primaryimage\"},\"thumbnailUrl\":\"https:\\\/\\\/www.iemj.org\\\/wp-content\\\/uploads\\\/2020\\\/09\\\/arton4838.jpg\",\"datePublished\":\"2020-09-21T14:44:16+00:00\",\"dateModified\":\"2024-02-16T16:10:49+00:00\",\"breadcrumb\":{\"@id\":\"https:\\\/\\\/www.iemj.org\\\/en\\\/the-selichot-in-the-italian-rites\\\/#breadcrumb\"},\"inLanguage\":\"en-US\",\"potentialAction\":[{\"@type\":\"ReadAction\",\"target\":[\"https:\\\/\\\/www.iemj.org\\\/en\\\/the-selichot-in-the-italian-rites\\\/\"]}]},{\"@type\":\"ImageObject\",\"inLanguage\":\"en-US\",\"@id\":\"https:\\\/\\\/www.iemj.org\\\/en\\\/the-selichot-in-the-italian-rites\\\/#primaryimage\",\"url\":\"https:\\\/\\\/www.iemj.org\\\/wp-content\\\/uploads\\\/2020\\\/09\\\/arton4838.jpg\",\"contentUrl\":\"https:\\\/\\\/www.iemj.org\\\/wp-content\\\/uploads\\\/2020\\\/09\\\/arton4838.jpg\",\"width\":336,\"height\":336},{\"@type\":\"BreadcrumbList\",\"@id\":\"https:\\\/\\\/www.iemj.org\\\/en\\\/the-selichot-in-the-italian-rites\\\/#breadcrumb\",\"itemListElement\":[{\"@type\":\"ListItem\",\"position\":1,\"name\":\"Accueil\",\"item\":\"https:\\\/\\\/www.iemj.org\\\/en\\\/\"},{\"@type\":\"ListItem\",\"position\":2,\"name\":\"The selichot in the Italian rites\"}]},{\"@type\":\"WebSite\",\"@id\":\"https:\\\/\\\/www.iemj.org\\\/en\\\/#website\",\"url\":\"https:\\\/\\\/www.iemj.org\\\/en\\\/\",\"name\":\"Institut Europ\u00e9en des Musiques Juives\",\"description\":\"Des traditions musicales \u00e0 la port\u00e9e de tous\",\"publisher\":{\"@id\":\"https:\\\/\\\/www.iemj.org\\\/en\\\/#organization\"},\"potentialAction\":[{\"@type\":\"SearchAction\",\"target\":{\"@type\":\"EntryPoint\",\"urlTemplate\":\"https:\\\/\\\/www.iemj.org\\\/en\\\/?s={search_term_string}\"},\"query-input\":{\"@type\":\"PropertyValueSpecification\",\"valueRequired\":true,\"valueName\":\"search_term_string\"}}],\"inLanguage\":\"en-US\"},{\"@type\":\"Organization\",\"@id\":\"https:\\\/\\\/www.iemj.org\\\/en\\\/#organization\",\"name\":\"Institut Europ\u00e9en des Musiques Juives\",\"url\":\"https:\\\/\\\/www.iemj.org\\\/en\\\/\",\"logo\":{\"@type\":\"ImageObject\",\"inLanguage\":\"en-US\",\"@id\":\"https:\\\/\\\/www.iemj.org\\\/en\\\/#\\\/schema\\\/logo\\\/image\\\/\",\"url\":\"https:\\\/\\\/www.iemj.org\\\/wp-content\\\/uploads\\\/2021\\\/09\\\/Logo-IEMJ-Paypal.jpg\",\"contentUrl\":\"https:\\\/\\\/www.iemj.org\\\/wp-content\\\/uploads\\\/2021\\\/09\\\/Logo-IEMJ-Paypal.jpg\",\"width\":150,\"height\":50,\"caption\":\"Institut Europ\u00e9en des Musiques Juives\"},\"image\":{\"@id\":\"https:\\\/\\\/www.iemj.org\\\/en\\\/#\\\/schema\\\/logo\\\/image\\\/\"},\"sameAs\":[\"https:\\\/\\\/www.facebook.com\\\/MusiquesJuives\\\/\",\"https:\\\/\\\/www.instagram.com\\\/musiquesjuives\\\/\",\"https:\\\/\\\/www.youtube.com\\\/user\\\/musiquesjuives\"]},{\"@type\":\"Person\",\"@id\":\"https:\\\/\\\/www.iemj.org\\\/en\\\/#\\\/schema\\\/person\\\/c9bc1c386a3749579a2d675e72a18666\",\"name\":\"Jean-Gabriel Davis\",\"image\":{\"@type\":\"ImageObject\",\"inLanguage\":\"en-US\",\"@id\":\"https:\\\/\\\/secure.gravatar.com\\\/avatar\\\/2b90d67bdf392c9b3a21fab87c0fa7edaf1fb3a058172a1ffd61033fcec7aec1?s=96&d=mm&r=g\",\"url\":\"https:\\\/\\\/secure.gravatar.com\\\/avatar\\\/2b90d67bdf392c9b3a21fab87c0fa7edaf1fb3a058172a1ffd61033fcec7aec1?s=96&d=mm&r=g\",\"contentUrl\":\"https:\\\/\\\/secure.gravatar.com\\\/avatar\\\/2b90d67bdf392c9b3a21fab87c0fa7edaf1fb3a058172a1ffd61033fcec7aec1?s=96&d=mm&r=g\",\"caption\":\"Jean-Gabriel Davis\"}}]}<\/script>\n<!-- \/ Yoast SEO plugin. -->","yoast_head_json":{"title":"The selichot in the Italian rites - Institut Europ\u00e9en des Musiques Juives","robots":{"index":"index","follow":"follow","max-snippet":"max-snippet:-1","max-image-preview":"max-image-preview:large","max-video-preview":"max-video-preview:-1"},"canonical":"https:\/\/www.iemj.org\/en\/the-selichot-in-the-italian-rites\/","og_locale":"en_US","og_type":"article","og_title":"The selichot in the Italian rites - Institut Europ\u00e9en des Musiques Juives","og_description":"A selection of selichot performed by Alberto Funaro, Bruno Polacco, Aldo Perez, Fernando Belgrado and the singers and faithful of the Maggiore and Spagnolo temples of Rome","og_url":"https:\/\/www.iemj.org\/en\/the-selichot-in-the-italian-rites\/","og_site_name":"Institut Europ\u00e9en des Musiques Juives","article_publisher":"https:\/\/www.facebook.com\/MusiquesJuives\/","article_published_time":"2020-09-21T14:44:16+00:00","article_modified_time":"2024-02-16T16:10:49+00:00","og_image":[{"width":336,"height":336,"url":"https:\/\/www.iemj.org\/wp-content\/uploads\/2020\/09\/arton4838.jpg","type":"image\/jpeg"}],"author":"Jean-Gabriel Davis","twitter_card":"summary_large_image","twitter_misc":{"Written by":"Jean-Gabriel Davis","Est. reading time":"3 minutes"},"schema":{"@context":"https:\/\/schema.org","@graph":[{"@type":"Article","@id":"https:\/\/www.iemj.org\/en\/the-selichot-in-the-italian-rites\/#article","isPartOf":{"@id":"https:\/\/www.iemj.org\/en\/the-selichot-in-the-italian-rites\/"},"author":{"name":"Jean-Gabriel Davis","@id":"https:\/\/www.iemj.org\/en\/#\/schema\/person\/c9bc1c386a3749579a2d675e72a18666"},"headline":"The selichot in the Italian rites","datePublished":"2020-09-21T14:44:16+00:00","dateModified":"2024-02-16T16:10:49+00:00","mainEntityOfPage":{"@id":"https:\/\/www.iemj.org\/en\/the-selichot-in-the-italian-rites\/"},"wordCount":506,"publisher":{"@id":"https:\/\/www.iemj.org\/en\/#organization"},"image":{"@id":"https:\/\/www.iemj.org\/en\/the-selichot-in-the-italian-rites\/#primaryimage"},"thumbnailUrl":"https:\/\/www.iemj.org\/wp-content\/uploads\/2020\/09\/arton4838.jpg","keywords":["Italy"],"articleSection":["Playlists"],"inLanguage":"en-US"},{"@type":"WebPage","@id":"https:\/\/www.iemj.org\/en\/the-selichot-in-the-italian-rites\/","url":"https:\/\/www.iemj.org\/en\/the-selichot-in-the-italian-rites\/","name":"The selichot in the Italian rites - Institut Europ\u00e9en des Musiques Juives","isPartOf":{"@id":"https:\/\/www.iemj.org\/en\/#website"},"primaryImageOfPage":{"@id":"https:\/\/www.iemj.org\/en\/the-selichot-in-the-italian-rites\/#primaryimage"},"image":{"@id":"https:\/\/www.iemj.org\/en\/the-selichot-in-the-italian-rites\/#primaryimage"},"thumbnailUrl":"https:\/\/www.iemj.org\/wp-content\/uploads\/2020\/09\/arton4838.jpg","datePublished":"2020-09-21T14:44:16+00:00","dateModified":"2024-02-16T16:10:49+00:00","breadcrumb":{"@id":"https:\/\/www.iemj.org\/en\/the-selichot-in-the-italian-rites\/#breadcrumb"},"inLanguage":"en-US","potentialAction":[{"@type":"ReadAction","target":["https:\/\/www.iemj.org\/en\/the-selichot-in-the-italian-rites\/"]}]},{"@type":"ImageObject","inLanguage":"en-US","@id":"https:\/\/www.iemj.org\/en\/the-selichot-in-the-italian-rites\/#primaryimage","url":"https:\/\/www.iemj.org\/wp-content\/uploads\/2020\/09\/arton4838.jpg","contentUrl":"https:\/\/www.iemj.org\/wp-content\/uploads\/2020\/09\/arton4838.jpg","width":336,"height":336},{"@type":"BreadcrumbList","@id":"https:\/\/www.iemj.org\/en\/the-selichot-in-the-italian-rites\/#breadcrumb","itemListElement":[{"@type":"ListItem","position":1,"name":"Accueil","item":"https:\/\/www.iemj.org\/en\/"},{"@type":"ListItem","position":2,"name":"The selichot in the Italian rites"}]},{"@type":"WebSite","@id":"https:\/\/www.iemj.org\/en\/#website","url":"https:\/\/www.iemj.org\/en\/","name":"Institut Europ\u00e9en des Musiques Juives","description":"Des traditions musicales \u00e0 la port\u00e9e de tous","publisher":{"@id":"https:\/\/www.iemj.org\/en\/#organization"},"potentialAction":[{"@type":"SearchAction","target":{"@type":"EntryPoint","urlTemplate":"https:\/\/www.iemj.org\/en\/?s={search_term_string}"},"query-input":{"@type":"PropertyValueSpecification","valueRequired":true,"valueName":"search_term_string"}}],"inLanguage":"en-US"},{"@type":"Organization","@id":"https:\/\/www.iemj.org\/en\/#organization","name":"Institut Europ\u00e9en des Musiques Juives","url":"https:\/\/www.iemj.org\/en\/","logo":{"@type":"ImageObject","inLanguage":"en-US","@id":"https:\/\/www.iemj.org\/en\/#\/schema\/logo\/image\/","url":"https:\/\/www.iemj.org\/wp-content\/uploads\/2021\/09\/Logo-IEMJ-Paypal.jpg","contentUrl":"https:\/\/www.iemj.org\/wp-content\/uploads\/2021\/09\/Logo-IEMJ-Paypal.jpg","width":150,"height":50,"caption":"Institut Europ\u00e9en des Musiques Juives"},"image":{"@id":"https:\/\/www.iemj.org\/en\/#\/schema\/logo\/image\/"},"sameAs":["https:\/\/www.facebook.com\/MusiquesJuives\/","https:\/\/www.instagram.com\/musiquesjuives\/","https:\/\/www.youtube.com\/user\/musiquesjuives"]},{"@type":"Person","@id":"https:\/\/www.iemj.org\/en\/#\/schema\/person\/c9bc1c386a3749579a2d675e72a18666","name":"Jean-Gabriel Davis","image":{"@type":"ImageObject","inLanguage":"en-US","@id":"https:\/\/secure.gravatar.com\/avatar\/2b90d67bdf392c9b3a21fab87c0fa7edaf1fb3a058172a1ffd61033fcec7aec1?s=96&d=mm&r=g","url":"https:\/\/secure.gravatar.com\/avatar\/2b90d67bdf392c9b3a21fab87c0fa7edaf1fb3a058172a1ffd61033fcec7aec1?s=96&d=mm&r=g","contentUrl":"https:\/\/secure.gravatar.com\/avatar\/2b90d67bdf392c9b3a21fab87c0fa7edaf1fb3a058172a1ffd61033fcec7aec1?s=96&d=mm&r=g","caption":"Jean-Gabriel Davis"}}]}},"_links":{"self":[{"href":"https:\/\/www.iemj.org\/en\/wp-json\/wp\/v2\/posts\/29553","targetHints":{"allow":["GET"]}}],"collection":[{"href":"https:\/\/www.iemj.org\/en\/wp-json\/wp\/v2\/posts"}],"about":[{"href":"https:\/\/www.iemj.org\/en\/wp-json\/wp\/v2\/types\/post"}],"author":[{"embeddable":true,"href":"https:\/\/www.iemj.org\/en\/wp-json\/wp\/v2\/users\/1048"}],"replies":[{"embeddable":true,"href":"https:\/\/www.iemj.org\/en\/wp-json\/wp\/v2\/comments?post=29553"}],"version-history":[{"count":0,"href":"https:\/\/www.iemj.org\/en\/wp-json\/wp\/v2\/posts\/29553\/revisions"}],"wp:featuredmedia":[{"embeddable":true,"href":"https:\/\/www.iemj.org\/en\/wp-json\/wp\/v2\/media\/29551"}],"wp:attachment":[{"href":"https:\/\/www.iemj.org\/en\/wp-json\/wp\/v2\/media?parent=29553"}],"wp:term":[{"taxonomy":"category","embeddable":true,"href":"https:\/\/www.iemj.org\/en\/wp-json\/wp\/v2\/categories?post=29553"},{"taxonomy":"post_tag","embeddable":true,"href":"https:\/\/www.iemj.org\/en\/wp-json\/wp\/v2\/tags?post=29553"},{"taxonomy":"technique","embeddable":true,"href":"https:\/\/www.iemj.org\/en\/wp-json\/wp\/v2\/technique?post=29553"},{"taxonomy":"squelettes","embeddable":true,"href":"https:\/\/www.iemj.org\/en\/wp-json\/wp\/v2\/squelettes?post=29553"},{"taxonomy":"sujet","embeddable":true,"href":"https:\/\/www.iemj.org\/en\/wp-json\/wp\/v2\/sujet?post=29553"},{"taxonomy":"formation","embeddable":true,"href":"https:\/\/www.iemj.org\/en\/wp-json\/wp\/v2\/formation?post=29553"},{"taxonomy":"genre","embeddable":true,"href":"https:\/\/www.iemj.org\/en\/wp-json\/wp\/v2\/genre?post=29553"},{"taxonomy":"fonds","embeddable":true,"href":"https:\/\/www.iemj.org\/en\/wp-json\/wp\/v2\/fonds?post=29553"},{"taxonomy":"tradition","embeddable":true,"href":"https:\/\/www.iemj.org\/en\/wp-json\/wp\/v2\/tradition?post=29553"},{"taxonomy":"type-de-contenu","embeddable":true,"href":"https:\/\/www.iemj.org\/en\/wp-json\/wp\/v2\/type-de-contenu?post=29553"},{"taxonomy":"interprete-compositeur","embeddable":true,"href":"https:\/\/www.iemj.org\/en\/wp-json\/wp\/v2\/interprete-compositeur?post=29553"},{"taxonomy":"frise","embeddable":true,"href":"https:\/\/www.iemj.org\/en\/wp-json\/wp\/v2\/frise?post=29553"},{"taxonomy":"type-devenement","embeddable":true,"href":"https:\/\/www.iemj.org\/en\/wp-json\/wp\/v2\/type-devenement?post=29553"},{"taxonomy":"tableaux-liens-externes","embeddable":true,"href":"https:\/\/www.iemj.org\/en\/wp-json\/wp\/v2\/tableaux-liens-externes?post=29553"}],"curies":[{"name":"wp","href":"https:\/\/api.w.org\/{rel}","templated":true}]}}