{"id":30586,"date":"2021-01-14T11:09:46","date_gmt":"2021-01-14T10:09:46","guid":{"rendered":"https:\/\/www.iemj.org\/shabbat-songs-in-the-western-ashkenazic-rite\/"},"modified":"2024-02-16T15:58:24","modified_gmt":"2024-02-16T14:58:24","slug":"shabbat-songs-in-the-western-ashkenazic-rite","status":"publish","type":"post","link":"https:\/\/www.iemj.org\/en\/shabbat-songs-in-the-western-ashkenazic-rite\/","title":{"rendered":"Shabbat songs in the Western Ashkenazic rite"},"content":{"rendered":"<p><strong>A selection of Shabbat songs from Western Europe, traditional or not, performed by Adolphe Attia, Shalom Berlinski, Joseph Borin, Michel Heymann and many others<\/strong><\/p>\n<p>The Shabbat, the day of rest, is a very important event of Jewish life. And the songs that rhythm this particular day hold a major place, at the synagogue with the five services from <em>Kabbalat shabbat<\/em> to <em>Motsei shabbat<\/em>, as well as at home with the rituals of lighting the candles, the Friday night <em>Kiddush<\/em> (blessing of the wine), the <em>Birkat hamazone<\/em> (prayers at the end of a meal), or the <em>Havdala<\/em> (last\u00a0<em>Kiddush<\/em>\u00a0which closes Shabbat).It is also a custom to sing, during the four Shabbat meals, several religious poems called <em>Zemirot<\/em> (or <em>Tish nigunim<\/em> by the Chasidim).<br \/>The Shabbat allows thus to find our inner route by the means of our outer voice.<\/p>\n<p>The following playlist features a selection of Shabbat songs, traditional or not, from Ashkenazic communities of France (written by <a href=\"https:\/\/www.iemj.org\/en\/naumbourg-samuel-1817-1880\/\">Samuel Naumbourg<\/a>, <a href=\"https:\/\/www.iemj.org\/en\/franck-jules-1858-1941\/\">Jules Franck<\/a> and <a href=\"https:\/\/www.iemj.org\/en\/algazi-leon-1890-1971\/\">L\u00e9on Algazi<\/a>), of Germany (<a href=\"https:\/\/www.iemj.org\/en\/lewandowski-louis-lazarus-1821-1894\/\">Louis Lewandowski<\/a>) and Austria (<a href=\"https:\/\/www.iemj.org\/en\/sulzer-salomon-1804-1890-2\/\">Salomon Sulzer<\/a> and <a href=\"https:\/\/www.iemj.org\/en\/ledor-vador-franz-schubert-and-salomon-sulzers-imperial-vienna\/\">Franz Schubert<\/a>). Note that most of the songs of this playlist are accompanied by music instruments, which is not the case today in most of Jewish communities, except for reformed synagogues.<\/p>\n<p><a href=\"https:\/\/www.iemj.org\/en\/les-chants-de-shabbat\/\">Read the article about Shabbat songs<\/a><\/p>\n\n\n<figure class=\"wp-block-image size-large\"><img fetchpriority=\"high\" decoding=\"async\" width=\"1024\" height=\"146\" src=\"https:\/\/www.iemj.org\/wp-content\/uploads\/2023\/01\/Bandeau-Playlist_EN2-1024x146.jpg\" alt=\"\" class=\"wp-image-93119\" srcset=\"https:\/\/www.iemj.org\/wp-content\/uploads\/2023\/01\/Bandeau-Playlist_EN2-1024x146.jpg 1024w, https:\/\/www.iemj.org\/wp-content\/uploads\/2023\/01\/Bandeau-Playlist_EN2-300x43.jpg 300w, https:\/\/www.iemj.org\/wp-content\/uploads\/2023\/01\/Bandeau-Playlist_EN2-768x110.jpg 768w, https:\/\/www.iemj.org\/wp-content\/uploads\/2023\/01\/Bandeau-Playlist_EN2-1536x220.jpg 1536w, https:\/\/www.iemj.org\/wp-content\/uploads\/2023\/01\/Bandeau-Playlist_EN2-600x86.jpg 600w, https:\/\/www.iemj.org\/wp-content\/uploads\/2023\/01\/Bandeau-Playlist_EN2.jpg 1608w\" sizes=\"(max-width: 1024px) 100vw, 1024px\" \/><\/figure>\n\n\n\n<div class=\"wp-block-file\"><a id=\"wp-block-file--media-8b9dc150-3f09-4c7a-a69d-7aa8821b027d\" href=\"https:\/\/www.iemj.org\/wp-content\/uploads\/2021\/01\/01_lecho_dodi_samuel_naumbourg-shalom_berlinski_extrait_.mp3\">Lecho Dodi &#8211; Samuel Naumbourg &#8211; Shalom Berlinski (Extrait)<\/a><\/div>\n\n\n\n<div class=\"wp-block-file\"><a id=\"wp-block-file--media-6c268703-a6e6-472d-b8d9-4cd959fe803d\" href=\"https:\/\/www.iemj.org\/wp-content\/uploads\/2021\/01\/02_lekho_dodi_leon_algazi_adolphe_attia_extrait_.mp3\">Lekho dodi &#8211; Leon Algazi &#8211; Adolphe Attia (Extrait)<\/a><\/div>\n\n\n\n<div class=\"wp-block-file\"><a id=\"wp-block-file--media-0d35df24-0442-4224-95e5-1c9ffc506b7b\" href=\"https:\/\/www.iemj.org\/wp-content\/uploads\/2021\/01\/03_leho_dodi_salomon_sulzer_ensemble_vocal_hebraica_dir_hector_sabo_extrait_.mp3\">Leho dodi &#8211; Salomon Sulzer &#8211; Ensemble vocal hebraica dir Hector Sabo (Extrait)<\/a><\/div>\n\n\n\n<div class=\"wp-block-file\"><a id=\"wp-block-file--media-220cd8ed-698e-4c50-ab56-b0d4d68484a3\" href=\"https:\/\/www.iemj.org\/wp-content\/uploads\/2021\/01\/04_chir_hamalaus_ps_126__trad__michel_heymann_et_jean-marc_israel.mp3\">Chir Hamalaus (ps 126) &#8211; trad. &#8211; Michel Heymann et Jean Marc Israel<\/a><\/div>\n\n\n\n<div class=\"wp-block-file\"><a id=\"wp-block-file--media-4475ab3e-b91c-4db2-b0f3-173096acbbfe\" href=\"https:\/\/www.iemj.org\/wp-content\/uploads\/2021\/01\/05_kidoush_jules_franck_shalom_berlinski.mp3\">Kidoush &#8211; Jules Franck &#8211; Shalom Berlinski<\/a><\/div>\n\n\n\n<div class=\"wp-block-file\"><a id=\"wp-block-file--media-ff5336ab-ae63-4492-adba-b07635f0ad06\" href=\"https:\/\/www.iemj.org\/wp-content\/uploads\/2021\/01\/06_hachiwenou_trad_joseph_borin_extrait_.mp3\">Hachiwenou &#8211; trad. &#8211; Joseph Borin (Extrait)<\/a><\/div>\n\n\n\n<div class=\"wp-block-file\"><a id=\"wp-block-file--media-7901ab9f-d2e8-4d28-b1bc-6173a7613df1\" href=\"https:\/\/www.iemj.org\/wp-content\/uploads\/2021\/01\/07_w-shomru_leo_roth_and_the_leipzig_choir.mp3\">W&#8217;shomru &#8211; Leo Roth and the Leipzig Choir<\/a><\/div>\n\n\n\n<div class=\"wp-block-file\"><a id=\"wp-block-file--media-93c68f55-d743-41b4-b74c-92dc8e9217fc\" href=\"https:\/\/www.iemj.org\/wp-content\/uploads\/2021\/01\/08_ouvnou_ho_yomar_priere_sortie_de_la_torah_louis_lewandowski_adolphe_attia.mp3\">Ouvnou&#8217;ho yomar (priere sortie de la Torah) &#8211; Louis Lewandowski &#8211; Adolphe Attia<\/a><\/div>\n\n\n\n<div class=\"wp-block-file\"><a id=\"wp-block-file--media-d72eaf6a-520d-45e9-8cef-72649ff08d7a\" href=\"https:\/\/www.iemj.org\/wp-content\/uploads\/2021\/01\/09_tow_lehodos_ps_92__franz_schubert_europaischer_synagogalchor_dir_andor_izsak_extrait_.mp3\">Tow lehodos (ps 92) &#8211; Franz Schubert &#8211; Europaischer Synagogalchor, dir Andor Izsak (Extrait)<\/a><\/div>\n","protected":false},"excerpt":{"rendered":"<p>A selection of Shabbat songs from Western Europe, traditional or not, performed by Adolphe Attia, Shalom Berlinski, Joseph Borin, Michel Heymann and many others The Shabbat, the day of rest,<\/p>\n","protected":false},"author":1048,"featured_media":30584,"comment_status":"closed","ping_status":"closed","sticky":false,"template":"","format":"standard","meta":{"_acf_changed":false,"footnotes":""},"categories":[1317],"tags":[],"technique":[],"squelettes":[],"sujet":[1853],"formation":[],"genre":[1116],"fonds":[],"tradition":[1141],"type-de-contenu":[],"interprete-compositeur":[],"frise":[],"type-devenement":[],"tableaux-liens-externes":[],"class_list":["post-30586","post","type-post","status-publish","format-standard","has-post-thumbnail","hentry","category-playlists-en","sujet-shabbat-en","genre-liturgy","tradition-ashkenazi-rite-en"],"acf":[],"yoast_head":"<!-- This site is optimized with the Yoast SEO plugin v27.3 - https:\/\/yoast.com\/product\/yoast-seo-wordpress\/ -->\n<title>Shabbat songs in the Western Ashkenazic rite - Institut Europ\u00e9en des Musiques Juives<\/title>\n<meta name=\"robots\" content=\"index, follow, max-snippet:-1, max-image-preview:large, max-video-preview:-1\" \/>\n<link rel=\"canonical\" href=\"https:\/\/www.iemj.org\/en\/shabbat-songs-in-the-western-ashkenazic-rite\/\" \/>\n<meta property=\"og:locale\" content=\"en_US\" \/>\n<meta property=\"og:type\" content=\"article\" \/>\n<meta property=\"og:title\" content=\"Shabbat songs in the Western Ashkenazic rite - Institut Europ\u00e9en des Musiques Juives\" \/>\n<meta property=\"og:description\" content=\"A selection of Shabbat songs from Western Europe, traditional or not, performed by Adolphe Attia, Shalom Berlinski, Joseph Borin, Michel Heymann and many others The Shabbat, the day of rest,\" \/>\n<meta property=\"og:url\" content=\"https:\/\/www.iemj.org\/en\/shabbat-songs-in-the-western-ashkenazic-rite\/\" \/>\n<meta property=\"og:site_name\" content=\"Institut Europ\u00e9en des Musiques Juives\" \/>\n<meta property=\"article:publisher\" content=\"https:\/\/www.facebook.com\/MusiquesJuives\/\" \/>\n<meta property=\"article:published_time\" content=\"2021-01-14T10:09:46+00:00\" \/>\n<meta property=\"article:modified_time\" content=\"2024-02-16T14:58:24+00:00\" \/>\n<meta property=\"og:image\" content=\"https:\/\/www.iemj.org\/wp-content\/uploads\/2021\/01\/arton4970.jpg\" \/>\n\t<meta property=\"og:image:width\" content=\"503\" \/>\n\t<meta property=\"og:image:height\" content=\"499\" \/>\n\t<meta property=\"og:image:type\" content=\"image\/jpeg\" \/>\n<meta name=\"author\" content=\"Jean-Gabriel Davis\" \/>\n<meta name=\"twitter:card\" content=\"summary_large_image\" \/>\n<meta name=\"twitter:label1\" content=\"Written by\" \/>\n\t<meta name=\"twitter:data1\" content=\"Jean-Gabriel Davis\" \/>\n\t<meta name=\"twitter:label2\" content=\"Est. reading time\" \/>\n\t<meta name=\"twitter:data2\" content=\"2 minutes\" \/>\n<script type=\"application\/ld+json\" class=\"yoast-schema-graph\">{\"@context\":\"https:\\\/\\\/schema.org\",\"@graph\":[{\"@type\":\"Article\",\"@id\":\"https:\\\/\\\/www.iemj.org\\\/en\\\/shabbat-songs-in-the-western-ashkenazic-rite\\\/#article\",\"isPartOf\":{\"@id\":\"https:\\\/\\\/www.iemj.org\\\/en\\\/shabbat-songs-in-the-western-ashkenazic-rite\\\/\"},\"author\":{\"name\":\"Jean-Gabriel Davis\",\"@id\":\"https:\\\/\\\/www.iemj.org\\\/en\\\/#\\\/schema\\\/person\\\/c9bc1c386a3749579a2d675e72a18666\"},\"headline\":\"Shabbat songs in the Western Ashkenazic rite\",\"datePublished\":\"2021-01-14T10:09:46+00:00\",\"dateModified\":\"2024-02-16T14:58:24+00:00\",\"mainEntityOfPage\":{\"@id\":\"https:\\\/\\\/www.iemj.org\\\/en\\\/shabbat-songs-in-the-western-ashkenazic-rite\\\/\"},\"wordCount\":313,\"publisher\":{\"@id\":\"https:\\\/\\\/www.iemj.org\\\/en\\\/#organization\"},\"image\":{\"@id\":\"https:\\\/\\\/www.iemj.org\\\/en\\\/shabbat-songs-in-the-western-ashkenazic-rite\\\/#primaryimage\"},\"thumbnailUrl\":\"https:\\\/\\\/www.iemj.org\\\/wp-content\\\/uploads\\\/2021\\\/01\\\/arton4970.jpg\",\"articleSection\":[\"Playlists\"],\"inLanguage\":\"en-US\"},{\"@type\":\"WebPage\",\"@id\":\"https:\\\/\\\/www.iemj.org\\\/en\\\/shabbat-songs-in-the-western-ashkenazic-rite\\\/\",\"url\":\"https:\\\/\\\/www.iemj.org\\\/en\\\/shabbat-songs-in-the-western-ashkenazic-rite\\\/\",\"name\":\"Shabbat songs in the Western Ashkenazic rite - Institut Europ\u00e9en des Musiques Juives\",\"isPartOf\":{\"@id\":\"https:\\\/\\\/www.iemj.org\\\/en\\\/#website\"},\"primaryImageOfPage\":{\"@id\":\"https:\\\/\\\/www.iemj.org\\\/en\\\/shabbat-songs-in-the-western-ashkenazic-rite\\\/#primaryimage\"},\"image\":{\"@id\":\"https:\\\/\\\/www.iemj.org\\\/en\\\/shabbat-songs-in-the-western-ashkenazic-rite\\\/#primaryimage\"},\"thumbnailUrl\":\"https:\\\/\\\/www.iemj.org\\\/wp-content\\\/uploads\\\/2021\\\/01\\\/arton4970.jpg\",\"datePublished\":\"2021-01-14T10:09:46+00:00\",\"dateModified\":\"2024-02-16T14:58:24+00:00\",\"breadcrumb\":{\"@id\":\"https:\\\/\\\/www.iemj.org\\\/en\\\/shabbat-songs-in-the-western-ashkenazic-rite\\\/#breadcrumb\"},\"inLanguage\":\"en-US\",\"potentialAction\":[{\"@type\":\"ReadAction\",\"target\":[\"https:\\\/\\\/www.iemj.org\\\/en\\\/shabbat-songs-in-the-western-ashkenazic-rite\\\/\"]}]},{\"@type\":\"ImageObject\",\"inLanguage\":\"en-US\",\"@id\":\"https:\\\/\\\/www.iemj.org\\\/en\\\/shabbat-songs-in-the-western-ashkenazic-rite\\\/#primaryimage\",\"url\":\"https:\\\/\\\/www.iemj.org\\\/wp-content\\\/uploads\\\/2021\\\/01\\\/arton4970.jpg\",\"contentUrl\":\"https:\\\/\\\/www.iemj.org\\\/wp-content\\\/uploads\\\/2021\\\/01\\\/arton4970.jpg\",\"width\":503,\"height\":499},{\"@type\":\"BreadcrumbList\",\"@id\":\"https:\\\/\\\/www.iemj.org\\\/en\\\/shabbat-songs-in-the-western-ashkenazic-rite\\\/#breadcrumb\",\"itemListElement\":[{\"@type\":\"ListItem\",\"position\":1,\"name\":\"Accueil\",\"item\":\"https:\\\/\\\/www.iemj.org\\\/en\\\/\"},{\"@type\":\"ListItem\",\"position\":2,\"name\":\"Shabbat songs in the Western Ashkenazic rite\"}]},{\"@type\":\"WebSite\",\"@id\":\"https:\\\/\\\/www.iemj.org\\\/en\\\/#website\",\"url\":\"https:\\\/\\\/www.iemj.org\\\/en\\\/\",\"name\":\"Institut Europ\u00e9en des Musiques Juives\",\"description\":\"Des traditions musicales \u00e0 la port\u00e9e de tous\",\"publisher\":{\"@id\":\"https:\\\/\\\/www.iemj.org\\\/en\\\/#organization\"},\"potentialAction\":[{\"@type\":\"SearchAction\",\"target\":{\"@type\":\"EntryPoint\",\"urlTemplate\":\"https:\\\/\\\/www.iemj.org\\\/en\\\/?s={search_term_string}\"},\"query-input\":{\"@type\":\"PropertyValueSpecification\",\"valueRequired\":true,\"valueName\":\"search_term_string\"}}],\"inLanguage\":\"en-US\"},{\"@type\":\"Organization\",\"@id\":\"https:\\\/\\\/www.iemj.org\\\/en\\\/#organization\",\"name\":\"Institut Europ\u00e9en des Musiques Juives\",\"url\":\"https:\\\/\\\/www.iemj.org\\\/en\\\/\",\"logo\":{\"@type\":\"ImageObject\",\"inLanguage\":\"en-US\",\"@id\":\"https:\\\/\\\/www.iemj.org\\\/en\\\/#\\\/schema\\\/logo\\\/image\\\/\",\"url\":\"https:\\\/\\\/www.iemj.org\\\/wp-content\\\/uploads\\\/2021\\\/09\\\/Logo-IEMJ-Paypal.jpg\",\"contentUrl\":\"https:\\\/\\\/www.iemj.org\\\/wp-content\\\/uploads\\\/2021\\\/09\\\/Logo-IEMJ-Paypal.jpg\",\"width\":150,\"height\":50,\"caption\":\"Institut Europ\u00e9en des Musiques Juives\"},\"image\":{\"@id\":\"https:\\\/\\\/www.iemj.org\\\/en\\\/#\\\/schema\\\/logo\\\/image\\\/\"},\"sameAs\":[\"https:\\\/\\\/www.facebook.com\\\/MusiquesJuives\\\/\",\"https:\\\/\\\/www.instagram.com\\\/musiquesjuives\\\/\",\"https:\\\/\\\/www.youtube.com\\\/user\\\/musiquesjuives\"]},{\"@type\":\"Person\",\"@id\":\"https:\\\/\\\/www.iemj.org\\\/en\\\/#\\\/schema\\\/person\\\/c9bc1c386a3749579a2d675e72a18666\",\"name\":\"Jean-Gabriel Davis\",\"image\":{\"@type\":\"ImageObject\",\"inLanguage\":\"en-US\",\"@id\":\"https:\\\/\\\/secure.gravatar.com\\\/avatar\\\/2b90d67bdf392c9b3a21fab87c0fa7edaf1fb3a058172a1ffd61033fcec7aec1?s=96&d=mm&r=g\",\"url\":\"https:\\\/\\\/secure.gravatar.com\\\/avatar\\\/2b90d67bdf392c9b3a21fab87c0fa7edaf1fb3a058172a1ffd61033fcec7aec1?s=96&d=mm&r=g\",\"contentUrl\":\"https:\\\/\\\/secure.gravatar.com\\\/avatar\\\/2b90d67bdf392c9b3a21fab87c0fa7edaf1fb3a058172a1ffd61033fcec7aec1?s=96&d=mm&r=g\",\"caption\":\"Jean-Gabriel Davis\"}}]}<\/script>\n<!-- \/ Yoast SEO plugin. -->","yoast_head_json":{"title":"Shabbat songs in the Western Ashkenazic rite - Institut Europ\u00e9en des Musiques Juives","robots":{"index":"index","follow":"follow","max-snippet":"max-snippet:-1","max-image-preview":"max-image-preview:large","max-video-preview":"max-video-preview:-1"},"canonical":"https:\/\/www.iemj.org\/en\/shabbat-songs-in-the-western-ashkenazic-rite\/","og_locale":"en_US","og_type":"article","og_title":"Shabbat songs in the Western Ashkenazic rite - Institut Europ\u00e9en des Musiques Juives","og_description":"A selection of Shabbat songs from Western Europe, traditional or not, performed by Adolphe Attia, Shalom Berlinski, Joseph Borin, Michel Heymann and many others The Shabbat, the day of rest,","og_url":"https:\/\/www.iemj.org\/en\/shabbat-songs-in-the-western-ashkenazic-rite\/","og_site_name":"Institut Europ\u00e9en des Musiques Juives","article_publisher":"https:\/\/www.facebook.com\/MusiquesJuives\/","article_published_time":"2021-01-14T10:09:46+00:00","article_modified_time":"2024-02-16T14:58:24+00:00","og_image":[{"width":503,"height":499,"url":"https:\/\/www.iemj.org\/wp-content\/uploads\/2021\/01\/arton4970.jpg","type":"image\/jpeg"}],"author":"Jean-Gabriel Davis","twitter_card":"summary_large_image","twitter_misc":{"Written by":"Jean-Gabriel Davis","Est. reading time":"2 minutes"},"schema":{"@context":"https:\/\/schema.org","@graph":[{"@type":"Article","@id":"https:\/\/www.iemj.org\/en\/shabbat-songs-in-the-western-ashkenazic-rite\/#article","isPartOf":{"@id":"https:\/\/www.iemj.org\/en\/shabbat-songs-in-the-western-ashkenazic-rite\/"},"author":{"name":"Jean-Gabriel Davis","@id":"https:\/\/www.iemj.org\/en\/#\/schema\/person\/c9bc1c386a3749579a2d675e72a18666"},"headline":"Shabbat songs in the Western Ashkenazic rite","datePublished":"2021-01-14T10:09:46+00:00","dateModified":"2024-02-16T14:58:24+00:00","mainEntityOfPage":{"@id":"https:\/\/www.iemj.org\/en\/shabbat-songs-in-the-western-ashkenazic-rite\/"},"wordCount":313,"publisher":{"@id":"https:\/\/www.iemj.org\/en\/#organization"},"image":{"@id":"https:\/\/www.iemj.org\/en\/shabbat-songs-in-the-western-ashkenazic-rite\/#primaryimage"},"thumbnailUrl":"https:\/\/www.iemj.org\/wp-content\/uploads\/2021\/01\/arton4970.jpg","articleSection":["Playlists"],"inLanguage":"en-US"},{"@type":"WebPage","@id":"https:\/\/www.iemj.org\/en\/shabbat-songs-in-the-western-ashkenazic-rite\/","url":"https:\/\/www.iemj.org\/en\/shabbat-songs-in-the-western-ashkenazic-rite\/","name":"Shabbat songs in the Western Ashkenazic rite - Institut Europ\u00e9en des Musiques Juives","isPartOf":{"@id":"https:\/\/www.iemj.org\/en\/#website"},"primaryImageOfPage":{"@id":"https:\/\/www.iemj.org\/en\/shabbat-songs-in-the-western-ashkenazic-rite\/#primaryimage"},"image":{"@id":"https:\/\/www.iemj.org\/en\/shabbat-songs-in-the-western-ashkenazic-rite\/#primaryimage"},"thumbnailUrl":"https:\/\/www.iemj.org\/wp-content\/uploads\/2021\/01\/arton4970.jpg","datePublished":"2021-01-14T10:09:46+00:00","dateModified":"2024-02-16T14:58:24+00:00","breadcrumb":{"@id":"https:\/\/www.iemj.org\/en\/shabbat-songs-in-the-western-ashkenazic-rite\/#breadcrumb"},"inLanguage":"en-US","potentialAction":[{"@type":"ReadAction","target":["https:\/\/www.iemj.org\/en\/shabbat-songs-in-the-western-ashkenazic-rite\/"]}]},{"@type":"ImageObject","inLanguage":"en-US","@id":"https:\/\/www.iemj.org\/en\/shabbat-songs-in-the-western-ashkenazic-rite\/#primaryimage","url":"https:\/\/www.iemj.org\/wp-content\/uploads\/2021\/01\/arton4970.jpg","contentUrl":"https:\/\/www.iemj.org\/wp-content\/uploads\/2021\/01\/arton4970.jpg","width":503,"height":499},{"@type":"BreadcrumbList","@id":"https:\/\/www.iemj.org\/en\/shabbat-songs-in-the-western-ashkenazic-rite\/#breadcrumb","itemListElement":[{"@type":"ListItem","position":1,"name":"Accueil","item":"https:\/\/www.iemj.org\/en\/"},{"@type":"ListItem","position":2,"name":"Shabbat songs in the Western Ashkenazic rite"}]},{"@type":"WebSite","@id":"https:\/\/www.iemj.org\/en\/#website","url":"https:\/\/www.iemj.org\/en\/","name":"Institut Europ\u00e9en des Musiques Juives","description":"Des traditions musicales \u00e0 la port\u00e9e de tous","publisher":{"@id":"https:\/\/www.iemj.org\/en\/#organization"},"potentialAction":[{"@type":"SearchAction","target":{"@type":"EntryPoint","urlTemplate":"https:\/\/www.iemj.org\/en\/?s={search_term_string}"},"query-input":{"@type":"PropertyValueSpecification","valueRequired":true,"valueName":"search_term_string"}}],"inLanguage":"en-US"},{"@type":"Organization","@id":"https:\/\/www.iemj.org\/en\/#organization","name":"Institut Europ\u00e9en des Musiques Juives","url":"https:\/\/www.iemj.org\/en\/","logo":{"@type":"ImageObject","inLanguage":"en-US","@id":"https:\/\/www.iemj.org\/en\/#\/schema\/logo\/image\/","url":"https:\/\/www.iemj.org\/wp-content\/uploads\/2021\/09\/Logo-IEMJ-Paypal.jpg","contentUrl":"https:\/\/www.iemj.org\/wp-content\/uploads\/2021\/09\/Logo-IEMJ-Paypal.jpg","width":150,"height":50,"caption":"Institut Europ\u00e9en des Musiques Juives"},"image":{"@id":"https:\/\/www.iemj.org\/en\/#\/schema\/logo\/image\/"},"sameAs":["https:\/\/www.facebook.com\/MusiquesJuives\/","https:\/\/www.instagram.com\/musiquesjuives\/","https:\/\/www.youtube.com\/user\/musiquesjuives"]},{"@type":"Person","@id":"https:\/\/www.iemj.org\/en\/#\/schema\/person\/c9bc1c386a3749579a2d675e72a18666","name":"Jean-Gabriel Davis","image":{"@type":"ImageObject","inLanguage":"en-US","@id":"https:\/\/secure.gravatar.com\/avatar\/2b90d67bdf392c9b3a21fab87c0fa7edaf1fb3a058172a1ffd61033fcec7aec1?s=96&d=mm&r=g","url":"https:\/\/secure.gravatar.com\/avatar\/2b90d67bdf392c9b3a21fab87c0fa7edaf1fb3a058172a1ffd61033fcec7aec1?s=96&d=mm&r=g","contentUrl":"https:\/\/secure.gravatar.com\/avatar\/2b90d67bdf392c9b3a21fab87c0fa7edaf1fb3a058172a1ffd61033fcec7aec1?s=96&d=mm&r=g","caption":"Jean-Gabriel Davis"}}]}},"_links":{"self":[{"href":"https:\/\/www.iemj.org\/en\/wp-json\/wp\/v2\/posts\/30586","targetHints":{"allow":["GET"]}}],"collection":[{"href":"https:\/\/www.iemj.org\/en\/wp-json\/wp\/v2\/posts"}],"about":[{"href":"https:\/\/www.iemj.org\/en\/wp-json\/wp\/v2\/types\/post"}],"author":[{"embeddable":true,"href":"https:\/\/www.iemj.org\/en\/wp-json\/wp\/v2\/users\/1048"}],"replies":[{"embeddable":true,"href":"https:\/\/www.iemj.org\/en\/wp-json\/wp\/v2\/comments?post=30586"}],"version-history":[{"count":0,"href":"https:\/\/www.iemj.org\/en\/wp-json\/wp\/v2\/posts\/30586\/revisions"}],"wp:featuredmedia":[{"embeddable":true,"href":"https:\/\/www.iemj.org\/en\/wp-json\/wp\/v2\/media\/30584"}],"wp:attachment":[{"href":"https:\/\/www.iemj.org\/en\/wp-json\/wp\/v2\/media?parent=30586"}],"wp:term":[{"taxonomy":"category","embeddable":true,"href":"https:\/\/www.iemj.org\/en\/wp-json\/wp\/v2\/categories?post=30586"},{"taxonomy":"post_tag","embeddable":true,"href":"https:\/\/www.iemj.org\/en\/wp-json\/wp\/v2\/tags?post=30586"},{"taxonomy":"technique","embeddable":true,"href":"https:\/\/www.iemj.org\/en\/wp-json\/wp\/v2\/technique?post=30586"},{"taxonomy":"squelettes","embeddable":true,"href":"https:\/\/www.iemj.org\/en\/wp-json\/wp\/v2\/squelettes?post=30586"},{"taxonomy":"sujet","embeddable":true,"href":"https:\/\/www.iemj.org\/en\/wp-json\/wp\/v2\/sujet?post=30586"},{"taxonomy":"formation","embeddable":true,"href":"https:\/\/www.iemj.org\/en\/wp-json\/wp\/v2\/formation?post=30586"},{"taxonomy":"genre","embeddable":true,"href":"https:\/\/www.iemj.org\/en\/wp-json\/wp\/v2\/genre?post=30586"},{"taxonomy":"fonds","embeddable":true,"href":"https:\/\/www.iemj.org\/en\/wp-json\/wp\/v2\/fonds?post=30586"},{"taxonomy":"tradition","embeddable":true,"href":"https:\/\/www.iemj.org\/en\/wp-json\/wp\/v2\/tradition?post=30586"},{"taxonomy":"type-de-contenu","embeddable":true,"href":"https:\/\/www.iemj.org\/en\/wp-json\/wp\/v2\/type-de-contenu?post=30586"},{"taxonomy":"interprete-compositeur","embeddable":true,"href":"https:\/\/www.iemj.org\/en\/wp-json\/wp\/v2\/interprete-compositeur?post=30586"},{"taxonomy":"frise","embeddable":true,"href":"https:\/\/www.iemj.org\/en\/wp-json\/wp\/v2\/frise?post=30586"},{"taxonomy":"type-devenement","embeddable":true,"href":"https:\/\/www.iemj.org\/en\/wp-json\/wp\/v2\/type-devenement?post=30586"},{"taxonomy":"tableaux-liens-externes","embeddable":true,"href":"https:\/\/www.iemj.org\/en\/wp-json\/wp\/v2\/tableaux-liens-externes?post=30586"}],"curies":[{"name":"wp","href":"https:\/\/api.w.org\/{rel}","templated":true}]}}