{"id":30590,"date":"2021-01-14T11:29:13","date_gmt":"2021-01-14T10:29:13","guid":{"rendered":"https:\/\/www.iemj.org\/shabbat-songs-in-the-moroccan-rite\/"},"modified":"2024-02-16T15:51:02","modified_gmt":"2024-02-16T14:51:02","slug":"shabbat-songs-in-the-moroccan-rite","status":"publish","type":"post","link":"https:\/\/www.iemj.org\/en\/shabbat-songs-in-the-moroccan-rite\/","title":{"rendered":"Shabbat songs in the Moroccan rite"},"content":{"rendered":"<p><strong>A selection of Shabbat songs from Morocco performed by David Abikzer, Jo Amar, Yossi Azoulay, Simon Berdugo, Ouriel Elbilia, Haim Louk, Moshe Louk and Emile Zrihen<\/strong><\/p>\n<p>The Shabbat, the day of rest, is a very important event of Jewish life. And the songs that rhythm this particular day hold a major place, at the synagogue with the five services from <em>Kabbalat shabbat<\/em> to <em>Motsei shabbat<\/em>, as well as at home with the rituals of lighting the candles, the Friday night <em>Kiddush<\/em> (blessing of the wine), the <em>Birkat hamazone<\/em> (prayers at the end of a meal), or the <em>Havdala<\/em> (last\u00a0<em>Kiddush<\/em>\u00a0which closes Shabbat).It is also a custom to sing, during the four Shabbat meals, several religious poems called <em>Zemirot<\/em> (or <em>Tish nigunim<\/em> by the Chasidim).<br \/>The Shabbat allows thus to find our inner route by the means of our outer voice.<\/p>\n<p>The following playlist presents a selection of Shabbat tunes performed by Moroccan cantors or famous singers, such as David Abikzer, Jo Amar, Yossi Azoulay, Simon Berdugo, Ouriel Elbilia, Haim Louk, Moshe Louk or Emile Zrihen. Note that most of the songs of this playlist are accompanied by music instruments, which is not the case today in most of Jewish communities, except for reformed synagogues.<\/p>\n<p><a href=\"https:\/\/www.iemj.org\/en\/les-chants-de-shabbat\/\">Read the article about Shabbat songs<\/a><\/p>\n\n\n<figure class=\"wp-block-image size-large\"><img fetchpriority=\"high\" decoding=\"async\" width=\"1024\" height=\"146\" src=\"https:\/\/www.iemj.org\/wp-content\/uploads\/2023\/01\/Bandeau-Playlist_EN2-1024x146.jpg\" alt=\"\" class=\"wp-image-93119\" srcset=\"https:\/\/www.iemj.org\/wp-content\/uploads\/2023\/01\/Bandeau-Playlist_EN2-1024x146.jpg 1024w, https:\/\/www.iemj.org\/wp-content\/uploads\/2023\/01\/Bandeau-Playlist_EN2-300x43.jpg 300w, https:\/\/www.iemj.org\/wp-content\/uploads\/2023\/01\/Bandeau-Playlist_EN2-768x110.jpg 768w, https:\/\/www.iemj.org\/wp-content\/uploads\/2023\/01\/Bandeau-Playlist_EN2-1536x220.jpg 1536w, https:\/\/www.iemj.org\/wp-content\/uploads\/2023\/01\/Bandeau-Playlist_EN2-600x86.jpg 600w, https:\/\/www.iemj.org\/wp-content\/uploads\/2023\/01\/Bandeau-Playlist_EN2.jpg 1608w\" sizes=\"(max-width: 1024px) 100vw, 1024px\" \/><\/figure>\n\n\n\n<div class=\"wp-block-file\"><a id=\"wp-block-file--media-465021b6-5a15-46c1-8393-60b92275b1cc\" href=\"https:\/\/www.iemj.org\/wp-content\/uploads\/2021\/01\/01_achorere_chira_-_haim_louk_extrait_.mp3\">Achorere Chira &#8211; Haim Louk (Extrait)<\/a><\/div>\n\n\n\n<div class=\"wp-block-file\"><a id=\"wp-block-file--media-626b886f-fdfd-4827-8ef2-8342b2ed02d9\" href=\"https:\/\/www.iemj.org\/wp-content\/uploads\/2021\/01\/02_elekha_ekra_ya_-_jo_amar_extrait_.mp3\">Elekha Ekra Ya &#8211; Jo Amar (Extrait) <\/a><\/div>\n\n\n\n<div class=\"wp-block-file\"><a id=\"wp-block-file--media-8d46d45d-bae4-4b1c-9d0b-2d8f8786b14b\" href=\"https:\/\/www.iemj.org\/wp-content\/uploads\/2021\/01\/03_ki_echmera_chabbat_-_projet_israel_extrait_.mp3\">Ki Echmera &#8211; Chabbat Projet Israel (Extrait)<\/a><\/div>\n\n\n\n<div class=\"wp-block-file\"><a id=\"wp-block-file--media-f1f86f3b-984e-48bf-b7b0-83390b20add4\" href=\"https:\/\/www.iemj.org\/wp-content\/uploads\/2021\/01\/04_yom_ze_le_israel_-_david_abikzer_extrait_.mp3\">Yom Ze Le Israel &#8211; David Abikzer (Extrait)<\/a><\/div>\n\n\n\n<div class=\"wp-block-file\"><a id=\"wp-block-file--media-1e79043c-f7a6-42fe-8509-4fbe0673dda1\" href=\"https:\/\/www.iemj.org\/wp-content\/uploads\/2021\/01\/05_deror_yikra_-_emile_zrihen.mp3\">Deror Yikra &#8211; Emile Zrihen<\/a><\/div>\n\n\n\n<div class=\"wp-block-file\"><a id=\"wp-block-file--media-309f41f4-8528-4246-bd9b-4591b0066f5f\" href=\"https:\/\/www.iemj.org\/wp-content\/uploads\/2021\/01\/06_el_adone_-_yossi_azoulay_extrait_.mp3\">El Adone &#8211; Yossi Azoulay (Extrait)<\/a><\/div>\n\n\n\n<div class=\"wp-block-file\"><a id=\"wp-block-file--media-c43b2c2f-4d5f-4236-86bc-dd227e0626ad\" href=\"https:\/\/www.iemj.org\/wp-content\/uploads\/2021\/01\/07_koss_yechouot_essa_-_simon_berdugo_extrait_.mp3\">Koss Yechouot Essa &#8211; Simon Berdugo (Extrait)<\/a><\/div>\n\n\n\n<div class=\"wp-block-file\"><a id=\"wp-block-file--media-1896ff32-b47a-4c9d-93a6-c129433930cc\" href=\"https:\/\/www.iemj.org\/wp-content\/uploads\/2021\/01\/08_yafa_vetama_-_moshe_louk_extrait_.mp3\">Yafa Vetama &#8211; Moshe Louk (Extrait)<\/a><\/div>\n\n\n\n<div class=\"wp-block-file\"><a id=\"wp-block-file--media-3834c8e2-ccfc-4438-903c-7782fcabeb8b\" href=\"https:\/\/www.iemj.org\/wp-content\/uploads\/2021\/01\/09_yodoukha_rayonai_-_ouriel_elbilia_extrait_.mp3\">Yodoukha Rayonai &#8211; Ouriel Elbilia (Extrait)<\/a><\/div>\n","protected":false},"excerpt":{"rendered":"<p>A selection of Shabbat songs from Morocco performed by David Abikzer, Jo Amar, Yossi Azoulay, Simon Berdugo, Ouriel Elbilia, Haim Louk, Moshe Louk and Emile Zrihen The Shabbat, the day<\/p>\n","protected":false},"author":1048,"featured_media":30588,"comment_status":"closed","ping_status":"closed","sticky":false,"template":"","format":"standard","meta":{"_acf_changed":false,"footnotes":""},"categories":[1317],"tags":[],"technique":[],"squelettes":[],"sujet":[1853],"formation":[],"genre":[1116],"fonds":[],"tradition":[1144],"type-de-contenu":[],"interprete-compositeur":[],"frise":[],"type-devenement":[],"tableaux-liens-externes":[],"class_list":["post-30590","post","type-post","status-publish","format-standard","has-post-thumbnail","hentry","category-playlists-en","sujet-shabbat-en","genre-liturgy","tradition-nmoroccan-rite-en"],"acf":[],"yoast_head":"<!-- This site is optimized with the Yoast SEO plugin v27.3 - https:\/\/yoast.com\/product\/yoast-seo-wordpress\/ -->\n<title>Shabbat songs in the Moroccan rite - Institut Europ\u00e9en des Musiques Juives<\/title>\n<meta name=\"robots\" content=\"index, follow, max-snippet:-1, max-image-preview:large, max-video-preview:-1\" \/>\n<link rel=\"canonical\" href=\"https:\/\/www.iemj.org\/en\/shabbat-songs-in-the-moroccan-rite\/\" \/>\n<meta property=\"og:locale\" content=\"en_US\" \/>\n<meta property=\"og:type\" content=\"article\" \/>\n<meta property=\"og:title\" content=\"Shabbat songs in the Moroccan rite - Institut Europ\u00e9en des Musiques Juives\" \/>\n<meta property=\"og:description\" content=\"A selection of Shabbat songs from Morocco performed by David Abikzer, Jo Amar, Yossi Azoulay, Simon Berdugo, Ouriel Elbilia, Haim Louk, Moshe Louk and Emile Zrihen The Shabbat, the day\" \/>\n<meta property=\"og:url\" content=\"https:\/\/www.iemj.org\/en\/shabbat-songs-in-the-moroccan-rite\/\" \/>\n<meta property=\"og:site_name\" content=\"Institut Europ\u00e9en des Musiques Juives\" \/>\n<meta property=\"article:publisher\" content=\"https:\/\/www.facebook.com\/MusiquesJuives\/\" \/>\n<meta property=\"article:published_time\" content=\"2021-01-14T10:29:13+00:00\" \/>\n<meta property=\"article:modified_time\" content=\"2024-02-16T14:51:02+00:00\" \/>\n<meta property=\"og:image\" content=\"https:\/\/www.iemj.org\/wp-content\/uploads\/2021\/01\/arton4971.jpg\" \/>\n\t<meta property=\"og:image:width\" content=\"504\" \/>\n\t<meta property=\"og:image:height\" content=\"498\" \/>\n\t<meta property=\"og:image:type\" content=\"image\/jpeg\" \/>\n<meta name=\"author\" content=\"Jean-Gabriel Davis\" \/>\n<meta name=\"twitter:card\" content=\"summary_large_image\" \/>\n<meta name=\"twitter:label1\" content=\"Written by\" \/>\n\t<meta name=\"twitter:data1\" content=\"Jean-Gabriel Davis\" \/>\n\t<meta name=\"twitter:label2\" content=\"Est. reading time\" \/>\n\t<meta name=\"twitter:data2\" content=\"2 minutes\" \/>\n<script type=\"application\/ld+json\" class=\"yoast-schema-graph\">{\"@context\":\"https:\\\/\\\/schema.org\",\"@graph\":[{\"@type\":\"Article\",\"@id\":\"https:\\\/\\\/www.iemj.org\\\/en\\\/shabbat-songs-in-the-moroccan-rite\\\/#article\",\"isPartOf\":{\"@id\":\"https:\\\/\\\/www.iemj.org\\\/en\\\/shabbat-songs-in-the-moroccan-rite\\\/\"},\"author\":{\"name\":\"Jean-Gabriel Davis\",\"@id\":\"https:\\\/\\\/www.iemj.org\\\/en\\\/#\\\/schema\\\/person\\\/c9bc1c386a3749579a2d675e72a18666\"},\"headline\":\"Shabbat songs in the Moroccan rite\",\"datePublished\":\"2021-01-14T10:29:13+00:00\",\"dateModified\":\"2024-02-16T14:51:02+00:00\",\"mainEntityOfPage\":{\"@id\":\"https:\\\/\\\/www.iemj.org\\\/en\\\/shabbat-songs-in-the-moroccan-rite\\\/\"},\"wordCount\":276,\"publisher\":{\"@id\":\"https:\\\/\\\/www.iemj.org\\\/en\\\/#organization\"},\"image\":{\"@id\":\"https:\\\/\\\/www.iemj.org\\\/en\\\/shabbat-songs-in-the-moroccan-rite\\\/#primaryimage\"},\"thumbnailUrl\":\"https:\\\/\\\/www.iemj.org\\\/wp-content\\\/uploads\\\/2021\\\/01\\\/arton4971.jpg\",\"articleSection\":[\"Playlists\"],\"inLanguage\":\"en-US\"},{\"@type\":\"WebPage\",\"@id\":\"https:\\\/\\\/www.iemj.org\\\/en\\\/shabbat-songs-in-the-moroccan-rite\\\/\",\"url\":\"https:\\\/\\\/www.iemj.org\\\/en\\\/shabbat-songs-in-the-moroccan-rite\\\/\",\"name\":\"Shabbat songs in the Moroccan rite - Institut Europ\u00e9en des Musiques Juives\",\"isPartOf\":{\"@id\":\"https:\\\/\\\/www.iemj.org\\\/en\\\/#website\"},\"primaryImageOfPage\":{\"@id\":\"https:\\\/\\\/www.iemj.org\\\/en\\\/shabbat-songs-in-the-moroccan-rite\\\/#primaryimage\"},\"image\":{\"@id\":\"https:\\\/\\\/www.iemj.org\\\/en\\\/shabbat-songs-in-the-moroccan-rite\\\/#primaryimage\"},\"thumbnailUrl\":\"https:\\\/\\\/www.iemj.org\\\/wp-content\\\/uploads\\\/2021\\\/01\\\/arton4971.jpg\",\"datePublished\":\"2021-01-14T10:29:13+00:00\",\"dateModified\":\"2024-02-16T14:51:02+00:00\",\"breadcrumb\":{\"@id\":\"https:\\\/\\\/www.iemj.org\\\/en\\\/shabbat-songs-in-the-moroccan-rite\\\/#breadcrumb\"},\"inLanguage\":\"en-US\",\"potentialAction\":[{\"@type\":\"ReadAction\",\"target\":[\"https:\\\/\\\/www.iemj.org\\\/en\\\/shabbat-songs-in-the-moroccan-rite\\\/\"]}]},{\"@type\":\"ImageObject\",\"inLanguage\":\"en-US\",\"@id\":\"https:\\\/\\\/www.iemj.org\\\/en\\\/shabbat-songs-in-the-moroccan-rite\\\/#primaryimage\",\"url\":\"https:\\\/\\\/www.iemj.org\\\/wp-content\\\/uploads\\\/2021\\\/01\\\/arton4971.jpg\",\"contentUrl\":\"https:\\\/\\\/www.iemj.org\\\/wp-content\\\/uploads\\\/2021\\\/01\\\/arton4971.jpg\",\"width\":504,\"height\":498},{\"@type\":\"BreadcrumbList\",\"@id\":\"https:\\\/\\\/www.iemj.org\\\/en\\\/shabbat-songs-in-the-moroccan-rite\\\/#breadcrumb\",\"itemListElement\":[{\"@type\":\"ListItem\",\"position\":1,\"name\":\"Accueil\",\"item\":\"https:\\\/\\\/www.iemj.org\\\/en\\\/\"},{\"@type\":\"ListItem\",\"position\":2,\"name\":\"Shabbat songs in the Moroccan rite\"}]},{\"@type\":\"WebSite\",\"@id\":\"https:\\\/\\\/www.iemj.org\\\/en\\\/#website\",\"url\":\"https:\\\/\\\/www.iemj.org\\\/en\\\/\",\"name\":\"Institut Europ\u00e9en des Musiques Juives\",\"description\":\"Des traditions musicales \u00e0 la port\u00e9e de tous\",\"publisher\":{\"@id\":\"https:\\\/\\\/www.iemj.org\\\/en\\\/#organization\"},\"potentialAction\":[{\"@type\":\"SearchAction\",\"target\":{\"@type\":\"EntryPoint\",\"urlTemplate\":\"https:\\\/\\\/www.iemj.org\\\/en\\\/?s={search_term_string}\"},\"query-input\":{\"@type\":\"PropertyValueSpecification\",\"valueRequired\":true,\"valueName\":\"search_term_string\"}}],\"inLanguage\":\"en-US\"},{\"@type\":\"Organization\",\"@id\":\"https:\\\/\\\/www.iemj.org\\\/en\\\/#organization\",\"name\":\"Institut Europ\u00e9en des Musiques Juives\",\"url\":\"https:\\\/\\\/www.iemj.org\\\/en\\\/\",\"logo\":{\"@type\":\"ImageObject\",\"inLanguage\":\"en-US\",\"@id\":\"https:\\\/\\\/www.iemj.org\\\/en\\\/#\\\/schema\\\/logo\\\/image\\\/\",\"url\":\"https:\\\/\\\/www.iemj.org\\\/wp-content\\\/uploads\\\/2021\\\/09\\\/Logo-IEMJ-Paypal.jpg\",\"contentUrl\":\"https:\\\/\\\/www.iemj.org\\\/wp-content\\\/uploads\\\/2021\\\/09\\\/Logo-IEMJ-Paypal.jpg\",\"width\":150,\"height\":50,\"caption\":\"Institut Europ\u00e9en des Musiques Juives\"},\"image\":{\"@id\":\"https:\\\/\\\/www.iemj.org\\\/en\\\/#\\\/schema\\\/logo\\\/image\\\/\"},\"sameAs\":[\"https:\\\/\\\/www.facebook.com\\\/MusiquesJuives\\\/\",\"https:\\\/\\\/www.instagram.com\\\/musiquesjuives\\\/\",\"https:\\\/\\\/www.youtube.com\\\/user\\\/musiquesjuives\"]},{\"@type\":\"Person\",\"@id\":\"https:\\\/\\\/www.iemj.org\\\/en\\\/#\\\/schema\\\/person\\\/c9bc1c386a3749579a2d675e72a18666\",\"name\":\"Jean-Gabriel Davis\",\"image\":{\"@type\":\"ImageObject\",\"inLanguage\":\"en-US\",\"@id\":\"https:\\\/\\\/secure.gravatar.com\\\/avatar\\\/2b90d67bdf392c9b3a21fab87c0fa7edaf1fb3a058172a1ffd61033fcec7aec1?s=96&d=mm&r=g\",\"url\":\"https:\\\/\\\/secure.gravatar.com\\\/avatar\\\/2b90d67bdf392c9b3a21fab87c0fa7edaf1fb3a058172a1ffd61033fcec7aec1?s=96&d=mm&r=g\",\"contentUrl\":\"https:\\\/\\\/secure.gravatar.com\\\/avatar\\\/2b90d67bdf392c9b3a21fab87c0fa7edaf1fb3a058172a1ffd61033fcec7aec1?s=96&d=mm&r=g\",\"caption\":\"Jean-Gabriel Davis\"}}]}<\/script>\n<!-- \/ Yoast SEO plugin. -->","yoast_head_json":{"title":"Shabbat songs in the Moroccan rite - Institut Europ\u00e9en des Musiques Juives","robots":{"index":"index","follow":"follow","max-snippet":"max-snippet:-1","max-image-preview":"max-image-preview:large","max-video-preview":"max-video-preview:-1"},"canonical":"https:\/\/www.iemj.org\/en\/shabbat-songs-in-the-moroccan-rite\/","og_locale":"en_US","og_type":"article","og_title":"Shabbat songs in the Moroccan rite - Institut Europ\u00e9en des Musiques Juives","og_description":"A selection of Shabbat songs from Morocco performed by David Abikzer, Jo Amar, Yossi Azoulay, Simon Berdugo, Ouriel Elbilia, Haim Louk, Moshe Louk and Emile Zrihen The Shabbat, the day","og_url":"https:\/\/www.iemj.org\/en\/shabbat-songs-in-the-moroccan-rite\/","og_site_name":"Institut Europ\u00e9en des Musiques Juives","article_publisher":"https:\/\/www.facebook.com\/MusiquesJuives\/","article_published_time":"2021-01-14T10:29:13+00:00","article_modified_time":"2024-02-16T14:51:02+00:00","og_image":[{"width":504,"height":498,"url":"https:\/\/www.iemj.org\/wp-content\/uploads\/2021\/01\/arton4971.jpg","type":"image\/jpeg"}],"author":"Jean-Gabriel Davis","twitter_card":"summary_large_image","twitter_misc":{"Written by":"Jean-Gabriel Davis","Est. reading time":"2 minutes"},"schema":{"@context":"https:\/\/schema.org","@graph":[{"@type":"Article","@id":"https:\/\/www.iemj.org\/en\/shabbat-songs-in-the-moroccan-rite\/#article","isPartOf":{"@id":"https:\/\/www.iemj.org\/en\/shabbat-songs-in-the-moroccan-rite\/"},"author":{"name":"Jean-Gabriel Davis","@id":"https:\/\/www.iemj.org\/en\/#\/schema\/person\/c9bc1c386a3749579a2d675e72a18666"},"headline":"Shabbat songs in the Moroccan rite","datePublished":"2021-01-14T10:29:13+00:00","dateModified":"2024-02-16T14:51:02+00:00","mainEntityOfPage":{"@id":"https:\/\/www.iemj.org\/en\/shabbat-songs-in-the-moroccan-rite\/"},"wordCount":276,"publisher":{"@id":"https:\/\/www.iemj.org\/en\/#organization"},"image":{"@id":"https:\/\/www.iemj.org\/en\/shabbat-songs-in-the-moroccan-rite\/#primaryimage"},"thumbnailUrl":"https:\/\/www.iemj.org\/wp-content\/uploads\/2021\/01\/arton4971.jpg","articleSection":["Playlists"],"inLanguage":"en-US"},{"@type":"WebPage","@id":"https:\/\/www.iemj.org\/en\/shabbat-songs-in-the-moroccan-rite\/","url":"https:\/\/www.iemj.org\/en\/shabbat-songs-in-the-moroccan-rite\/","name":"Shabbat songs in the Moroccan rite - Institut Europ\u00e9en des Musiques Juives","isPartOf":{"@id":"https:\/\/www.iemj.org\/en\/#website"},"primaryImageOfPage":{"@id":"https:\/\/www.iemj.org\/en\/shabbat-songs-in-the-moroccan-rite\/#primaryimage"},"image":{"@id":"https:\/\/www.iemj.org\/en\/shabbat-songs-in-the-moroccan-rite\/#primaryimage"},"thumbnailUrl":"https:\/\/www.iemj.org\/wp-content\/uploads\/2021\/01\/arton4971.jpg","datePublished":"2021-01-14T10:29:13+00:00","dateModified":"2024-02-16T14:51:02+00:00","breadcrumb":{"@id":"https:\/\/www.iemj.org\/en\/shabbat-songs-in-the-moroccan-rite\/#breadcrumb"},"inLanguage":"en-US","potentialAction":[{"@type":"ReadAction","target":["https:\/\/www.iemj.org\/en\/shabbat-songs-in-the-moroccan-rite\/"]}]},{"@type":"ImageObject","inLanguage":"en-US","@id":"https:\/\/www.iemj.org\/en\/shabbat-songs-in-the-moroccan-rite\/#primaryimage","url":"https:\/\/www.iemj.org\/wp-content\/uploads\/2021\/01\/arton4971.jpg","contentUrl":"https:\/\/www.iemj.org\/wp-content\/uploads\/2021\/01\/arton4971.jpg","width":504,"height":498},{"@type":"BreadcrumbList","@id":"https:\/\/www.iemj.org\/en\/shabbat-songs-in-the-moroccan-rite\/#breadcrumb","itemListElement":[{"@type":"ListItem","position":1,"name":"Accueil","item":"https:\/\/www.iemj.org\/en\/"},{"@type":"ListItem","position":2,"name":"Shabbat songs in the Moroccan rite"}]},{"@type":"WebSite","@id":"https:\/\/www.iemj.org\/en\/#website","url":"https:\/\/www.iemj.org\/en\/","name":"Institut Europ\u00e9en des Musiques Juives","description":"Des traditions musicales \u00e0 la port\u00e9e de tous","publisher":{"@id":"https:\/\/www.iemj.org\/en\/#organization"},"potentialAction":[{"@type":"SearchAction","target":{"@type":"EntryPoint","urlTemplate":"https:\/\/www.iemj.org\/en\/?s={search_term_string}"},"query-input":{"@type":"PropertyValueSpecification","valueRequired":true,"valueName":"search_term_string"}}],"inLanguage":"en-US"},{"@type":"Organization","@id":"https:\/\/www.iemj.org\/en\/#organization","name":"Institut Europ\u00e9en des Musiques Juives","url":"https:\/\/www.iemj.org\/en\/","logo":{"@type":"ImageObject","inLanguage":"en-US","@id":"https:\/\/www.iemj.org\/en\/#\/schema\/logo\/image\/","url":"https:\/\/www.iemj.org\/wp-content\/uploads\/2021\/09\/Logo-IEMJ-Paypal.jpg","contentUrl":"https:\/\/www.iemj.org\/wp-content\/uploads\/2021\/09\/Logo-IEMJ-Paypal.jpg","width":150,"height":50,"caption":"Institut Europ\u00e9en des Musiques Juives"},"image":{"@id":"https:\/\/www.iemj.org\/en\/#\/schema\/logo\/image\/"},"sameAs":["https:\/\/www.facebook.com\/MusiquesJuives\/","https:\/\/www.instagram.com\/musiquesjuives\/","https:\/\/www.youtube.com\/user\/musiquesjuives"]},{"@type":"Person","@id":"https:\/\/www.iemj.org\/en\/#\/schema\/person\/c9bc1c386a3749579a2d675e72a18666","name":"Jean-Gabriel Davis","image":{"@type":"ImageObject","inLanguage":"en-US","@id":"https:\/\/secure.gravatar.com\/avatar\/2b90d67bdf392c9b3a21fab87c0fa7edaf1fb3a058172a1ffd61033fcec7aec1?s=96&d=mm&r=g","url":"https:\/\/secure.gravatar.com\/avatar\/2b90d67bdf392c9b3a21fab87c0fa7edaf1fb3a058172a1ffd61033fcec7aec1?s=96&d=mm&r=g","contentUrl":"https:\/\/secure.gravatar.com\/avatar\/2b90d67bdf392c9b3a21fab87c0fa7edaf1fb3a058172a1ffd61033fcec7aec1?s=96&d=mm&r=g","caption":"Jean-Gabriel Davis"}}]}},"_links":{"self":[{"href":"https:\/\/www.iemj.org\/en\/wp-json\/wp\/v2\/posts\/30590","targetHints":{"allow":["GET"]}}],"collection":[{"href":"https:\/\/www.iemj.org\/en\/wp-json\/wp\/v2\/posts"}],"about":[{"href":"https:\/\/www.iemj.org\/en\/wp-json\/wp\/v2\/types\/post"}],"author":[{"embeddable":true,"href":"https:\/\/www.iemj.org\/en\/wp-json\/wp\/v2\/users\/1048"}],"replies":[{"embeddable":true,"href":"https:\/\/www.iemj.org\/en\/wp-json\/wp\/v2\/comments?post=30590"}],"version-history":[{"count":0,"href":"https:\/\/www.iemj.org\/en\/wp-json\/wp\/v2\/posts\/30590\/revisions"}],"wp:featuredmedia":[{"embeddable":true,"href":"https:\/\/www.iemj.org\/en\/wp-json\/wp\/v2\/media\/30588"}],"wp:attachment":[{"href":"https:\/\/www.iemj.org\/en\/wp-json\/wp\/v2\/media?parent=30590"}],"wp:term":[{"taxonomy":"category","embeddable":true,"href":"https:\/\/www.iemj.org\/en\/wp-json\/wp\/v2\/categories?post=30590"},{"taxonomy":"post_tag","embeddable":true,"href":"https:\/\/www.iemj.org\/en\/wp-json\/wp\/v2\/tags?post=30590"},{"taxonomy":"technique","embeddable":true,"href":"https:\/\/www.iemj.org\/en\/wp-json\/wp\/v2\/technique?post=30590"},{"taxonomy":"squelettes","embeddable":true,"href":"https:\/\/www.iemj.org\/en\/wp-json\/wp\/v2\/squelettes?post=30590"},{"taxonomy":"sujet","embeddable":true,"href":"https:\/\/www.iemj.org\/en\/wp-json\/wp\/v2\/sujet?post=30590"},{"taxonomy":"formation","embeddable":true,"href":"https:\/\/www.iemj.org\/en\/wp-json\/wp\/v2\/formation?post=30590"},{"taxonomy":"genre","embeddable":true,"href":"https:\/\/www.iemj.org\/en\/wp-json\/wp\/v2\/genre?post=30590"},{"taxonomy":"fonds","embeddable":true,"href":"https:\/\/www.iemj.org\/en\/wp-json\/wp\/v2\/fonds?post=30590"},{"taxonomy":"tradition","embeddable":true,"href":"https:\/\/www.iemj.org\/en\/wp-json\/wp\/v2\/tradition?post=30590"},{"taxonomy":"type-de-contenu","embeddable":true,"href":"https:\/\/www.iemj.org\/en\/wp-json\/wp\/v2\/type-de-contenu?post=30590"},{"taxonomy":"interprete-compositeur","embeddable":true,"href":"https:\/\/www.iemj.org\/en\/wp-json\/wp\/v2\/interprete-compositeur?post=30590"},{"taxonomy":"frise","embeddable":true,"href":"https:\/\/www.iemj.org\/en\/wp-json\/wp\/v2\/frise?post=30590"},{"taxonomy":"type-devenement","embeddable":true,"href":"https:\/\/www.iemj.org\/en\/wp-json\/wp\/v2\/type-devenement?post=30590"},{"taxonomy":"tableaux-liens-externes","embeddable":true,"href":"https:\/\/www.iemj.org\/en\/wp-json\/wp\/v2\/tableaux-liens-externes?post=30590"}],"curies":[{"name":"wp","href":"https:\/\/api.w.org\/{rel}","templated":true}]}}