{"id":30676,"date":"2021-01-20T12:00:36","date_gmt":"2021-01-20T11:00:36","guid":{"rendered":"https:\/\/www.iemj.org\/balagan-box-release-of-the-album-jumu-and-6th-edition-of-the-festival-jazz-n-klezmer\/"},"modified":"2025-09-29T15:13:13","modified_gmt":"2025-09-29T13:13:13","slug":"balagan-box-release-of-the-album-jumu-and-6th-edition-of-the-festival-jazz-n-klezmer","status":"publish","type":"post","link":"https:\/\/www.iemj.org\/en\/balagan-box-release-of-the-album-jumu-and-6th-edition-of-the-festival-jazz-n-klezmer\/","title":{"rendered":"Balagan Box : Release of the album JUMU and 6th edition of the festival Jazz N Klezmer"},"content":{"rendered":"<p class=\"post_excerpt\"><strong>BALAGAN BOX &#8211; OCTOBER 13, 2007 &#8211; RADIO SHALOM (94.8 FM)<\/strong><\/p>\n<p><!--more--><br \/>Laurence Haziza invites Claude Szwimer and Albert Kadouche. Claude Szwimer will talk about the release of the album Nu JUwish Music vol.1 dedicated to the revival of klezmer music and Jewish music in general. Albert Kadouche will talk about the 6th edition of the festival Jazz N Klezmer that is to come. We will hear several tunes such as a live from the <strong>Anakronic Klezmer Orkestra<\/strong>, as well as <em>Ushti Baba<\/em> performed by the klezmer rock band <strong>Golem<\/strong>.<\/p>\n<p><em>Laurence Haziza is a journalist, press agent and artistic director of the festival <img decoding=\"async\" class=\" alignleft size-full wp-image-26374\" src=\"https:\/\/www.iemj.org\/wp-content\/uploads\/2019\/12\/photo-4.jpg\" alt=\"photo-4.jpg\" width=\"150\" height=\"137\" align=\"left\" \/><\/em>Jazz&#8217;n&#8217;klezmer<em>. Every saturday evenings from 2006 to 2013, she hosted on radio Shalom the show<\/em> Balagan Box<em>, called later<\/em> Balagan Music.<\/p>\n<p><\/p>\n<figure class=\"wp-block-image alignwide size-large\"><img fetchpriority=\"high\" decoding=\"async\" width=\"1024\" height=\"133\" class=\"wp-image-110607\" src=\"https:\/\/www.iemj.org\/wp-content\/uploads\/2024\/03\/AUDIO-PLAYER-1024x133.png\" alt=\"\" srcset=\"https:\/\/www.iemj.org\/wp-content\/uploads\/2024\/03\/AUDIO-PLAYER-1024x133.png 1024w, https:\/\/www.iemj.org\/wp-content\/uploads\/2024\/03\/AUDIO-PLAYER-300x39.png 300w, https:\/\/www.iemj.org\/wp-content\/uploads\/2024\/03\/AUDIO-PLAYER-768x100.png 768w, https:\/\/www.iemj.org\/wp-content\/uploads\/2024\/03\/AUDIO-PLAYER-600x78.png 600w, https:\/\/www.iemj.org\/wp-content\/uploads\/2024\/03\/AUDIO-PLAYER.png 1210w\" sizes=\"(max-width: 1024px) 100vw, 1024px\" \/><\/figure>\n<p><\/p>\n\n\n<div class=\"wp-block-file\"><a href=\"https:\/\/www.iemj.org\/wp-content\/uploads\/2021\/01\/bb_07_10_13.mp3\">Balagan Box: l&#8217;album JUMU et le festival Jazz N Klezmer<\/a><\/div>\n","protected":false},"excerpt":{"rendered":"<p>BALAGAN BOX &#8211; OCTOBER 13, 2007 &#8211; RADIO SHALOM (94.8 FM)<\/p>\n","protected":false},"author":1048,"featured_media":30674,"comment_status":"closed","ping_status":"closed","sticky":false,"template":"","format":"standard","meta":{"_acf_changed":false,"footnotes":""},"categories":[2165,899],"tags":[],"technique":[],"squelettes":[],"sujet":[],"formation":[],"genre":[],"fonds":[],"tradition":[],"type-de-contenu":[],"interprete-compositeur":[],"frise":[],"type-devenement":[],"tableaux-liens-externes":[],"class_list":["post-30676","post","type-post","status-publish","format-standard","has-post-thumbnail","hentry","category-laurence-hazizas-programs-en","category-radio-programs-en"],"acf":[],"yoast_head":"<!-- This site is optimized with the Yoast SEO plugin v27.3 - https:\/\/yoast.com\/product\/yoast-seo-wordpress\/ -->\n<title>Balagan Box : Release of the album JUMU and 6th edition of the festival Jazz N Klezmer - Institut Europ\u00e9en des Musiques Juives<\/title>\n<meta name=\"robots\" content=\"index, follow, max-snippet:-1, max-image-preview:large, max-video-preview:-1\" \/>\n<link rel=\"canonical\" href=\"https:\/\/www.iemj.org\/en\/balagan-box-release-of-the-album-jumu-and-6th-edition-of-the-festival-jazz-n-klezmer\/\" \/>\n<meta property=\"og:locale\" content=\"en_US\" \/>\n<meta property=\"og:type\" content=\"article\" \/>\n<meta property=\"og:title\" content=\"Balagan Box : Release of the album JUMU and 6th edition of the festival Jazz N Klezmer - Institut Europ\u00e9en des Musiques Juives\" \/>\n<meta property=\"og:description\" content=\"BALAGAN BOX &#8211; OCTOBER 13, 2007 &#8211; RADIO SHALOM (94.8 FM)\" \/>\n<meta property=\"og:url\" content=\"https:\/\/www.iemj.org\/en\/balagan-box-release-of-the-album-jumu-and-6th-edition-of-the-festival-jazz-n-klezmer\/\" \/>\n<meta property=\"og:site_name\" content=\"Institut Europ\u00e9en des Musiques Juives\" \/>\n<meta property=\"article:publisher\" content=\"https:\/\/www.facebook.com\/MusiquesJuives\/\" \/>\n<meta property=\"article:published_time\" content=\"2021-01-20T11:00:36+00:00\" \/>\n<meta property=\"article:modified_time\" content=\"2025-09-29T13:13:13+00:00\" \/>\n<meta property=\"og:image\" content=\"https:\/\/www.iemj.org\/wp-content\/uploads\/2021\/01\/arton4977.jpg\" \/>\n\t<meta property=\"og:image:width\" content=\"290\" \/>\n\t<meta property=\"og:image:height\" content=\"174\" \/>\n\t<meta property=\"og:image:type\" content=\"image\/jpeg\" \/>\n<meta name=\"author\" content=\"Jean-Gabriel Davis\" \/>\n<meta name=\"twitter:card\" content=\"summary_large_image\" \/>\n<meta name=\"twitter:label1\" content=\"Written by\" \/>\n\t<meta name=\"twitter:data1\" content=\"Jean-Gabriel Davis\" \/>\n\t<meta name=\"twitter:label2\" content=\"Est. reading time\" \/>\n\t<meta name=\"twitter:data2\" content=\"2 minutes\" \/>\n<script type=\"application\/ld+json\" class=\"yoast-schema-graph\">{\"@context\":\"https:\\\/\\\/schema.org\",\"@graph\":[{\"@type\":\"Article\",\"@id\":\"https:\\\/\\\/www.iemj.org\\\/en\\\/balagan-box-release-of-the-album-jumu-and-6th-edition-of-the-festival-jazz-n-klezmer\\\/#article\",\"isPartOf\":{\"@id\":\"https:\\\/\\\/www.iemj.org\\\/en\\\/balagan-box-release-of-the-album-jumu-and-6th-edition-of-the-festival-jazz-n-klezmer\\\/\"},\"author\":{\"name\":\"Jean-Gabriel Davis\",\"@id\":\"https:\\\/\\\/www.iemj.org\\\/en\\\/#\\\/schema\\\/person\\\/c9bc1c386a3749579a2d675e72a18666\"},\"headline\":\"Balagan Box : Release of the album JUMU and 6th edition of the festival Jazz N Klezmer\",\"datePublished\":\"2021-01-20T11:00:36+00:00\",\"dateModified\":\"2025-09-29T13:13:13+00:00\",\"mainEntityOfPage\":{\"@id\":\"https:\\\/\\\/www.iemj.org\\\/en\\\/balagan-box-release-of-the-album-jumu-and-6th-edition-of-the-festival-jazz-n-klezmer\\\/\"},\"wordCount\":147,\"publisher\":{\"@id\":\"https:\\\/\\\/www.iemj.org\\\/en\\\/#organization\"},\"image\":{\"@id\":\"https:\\\/\\\/www.iemj.org\\\/en\\\/balagan-box-release-of-the-album-jumu-and-6th-edition-of-the-festival-jazz-n-klezmer\\\/#primaryimage\"},\"thumbnailUrl\":\"https:\\\/\\\/www.iemj.org\\\/wp-content\\\/uploads\\\/2021\\\/01\\\/arton4977.jpg\",\"articleSection\":[\"Laurence Haziza's Programs\",\"Radio programs\"],\"inLanguage\":\"en-US\"},{\"@type\":\"WebPage\",\"@id\":\"https:\\\/\\\/www.iemj.org\\\/en\\\/balagan-box-release-of-the-album-jumu-and-6th-edition-of-the-festival-jazz-n-klezmer\\\/\",\"url\":\"https:\\\/\\\/www.iemj.org\\\/en\\\/balagan-box-release-of-the-album-jumu-and-6th-edition-of-the-festival-jazz-n-klezmer\\\/\",\"name\":\"Balagan Box : Release of the album JUMU and 6th edition of the festival Jazz N Klezmer - Institut Europ\u00e9en des Musiques Juives\",\"isPartOf\":{\"@id\":\"https:\\\/\\\/www.iemj.org\\\/en\\\/#website\"},\"primaryImageOfPage\":{\"@id\":\"https:\\\/\\\/www.iemj.org\\\/en\\\/balagan-box-release-of-the-album-jumu-and-6th-edition-of-the-festival-jazz-n-klezmer\\\/#primaryimage\"},\"image\":{\"@id\":\"https:\\\/\\\/www.iemj.org\\\/en\\\/balagan-box-release-of-the-album-jumu-and-6th-edition-of-the-festival-jazz-n-klezmer\\\/#primaryimage\"},\"thumbnailUrl\":\"https:\\\/\\\/www.iemj.org\\\/wp-content\\\/uploads\\\/2021\\\/01\\\/arton4977.jpg\",\"datePublished\":\"2021-01-20T11:00:36+00:00\",\"dateModified\":\"2025-09-29T13:13:13+00:00\",\"breadcrumb\":{\"@id\":\"https:\\\/\\\/www.iemj.org\\\/en\\\/balagan-box-release-of-the-album-jumu-and-6th-edition-of-the-festival-jazz-n-klezmer\\\/#breadcrumb\"},\"inLanguage\":\"en-US\",\"potentialAction\":[{\"@type\":\"ReadAction\",\"target\":[\"https:\\\/\\\/www.iemj.org\\\/en\\\/balagan-box-release-of-the-album-jumu-and-6th-edition-of-the-festival-jazz-n-klezmer\\\/\"]}]},{\"@type\":\"ImageObject\",\"inLanguage\":\"en-US\",\"@id\":\"https:\\\/\\\/www.iemj.org\\\/en\\\/balagan-box-release-of-the-album-jumu-and-6th-edition-of-the-festival-jazz-n-klezmer\\\/#primaryimage\",\"url\":\"https:\\\/\\\/www.iemj.org\\\/wp-content\\\/uploads\\\/2021\\\/01\\\/arton4977.jpg\",\"contentUrl\":\"https:\\\/\\\/www.iemj.org\\\/wp-content\\\/uploads\\\/2021\\\/01\\\/arton4977.jpg\",\"width\":290,\"height\":174},{\"@type\":\"BreadcrumbList\",\"@id\":\"https:\\\/\\\/www.iemj.org\\\/en\\\/balagan-box-release-of-the-album-jumu-and-6th-edition-of-the-festival-jazz-n-klezmer\\\/#breadcrumb\",\"itemListElement\":[{\"@type\":\"ListItem\",\"position\":1,\"name\":\"Accueil\",\"item\":\"https:\\\/\\\/www.iemj.org\\\/en\\\/\"},{\"@type\":\"ListItem\",\"position\":2,\"name\":\"Balagan Box : Release of the album JUMU and 6th edition of the festival Jazz N Klezmer\"}]},{\"@type\":\"WebSite\",\"@id\":\"https:\\\/\\\/www.iemj.org\\\/en\\\/#website\",\"url\":\"https:\\\/\\\/www.iemj.org\\\/en\\\/\",\"name\":\"Institut Europ\u00e9en des Musiques Juives\",\"description\":\"Des traditions musicales \u00e0 la port\u00e9e de tous\",\"publisher\":{\"@id\":\"https:\\\/\\\/www.iemj.org\\\/en\\\/#organization\"},\"potentialAction\":[{\"@type\":\"SearchAction\",\"target\":{\"@type\":\"EntryPoint\",\"urlTemplate\":\"https:\\\/\\\/www.iemj.org\\\/en\\\/?s={search_term_string}\"},\"query-input\":{\"@type\":\"PropertyValueSpecification\",\"valueRequired\":true,\"valueName\":\"search_term_string\"}}],\"inLanguage\":\"en-US\"},{\"@type\":\"Organization\",\"@id\":\"https:\\\/\\\/www.iemj.org\\\/en\\\/#organization\",\"name\":\"Institut Europ\u00e9en des Musiques Juives\",\"url\":\"https:\\\/\\\/www.iemj.org\\\/en\\\/\",\"logo\":{\"@type\":\"ImageObject\",\"inLanguage\":\"en-US\",\"@id\":\"https:\\\/\\\/www.iemj.org\\\/en\\\/#\\\/schema\\\/logo\\\/image\\\/\",\"url\":\"https:\\\/\\\/www.iemj.org\\\/wp-content\\\/uploads\\\/2021\\\/09\\\/Logo-IEMJ-Paypal.jpg\",\"contentUrl\":\"https:\\\/\\\/www.iemj.org\\\/wp-content\\\/uploads\\\/2021\\\/09\\\/Logo-IEMJ-Paypal.jpg\",\"width\":150,\"height\":50,\"caption\":\"Institut Europ\u00e9en des Musiques Juives\"},\"image\":{\"@id\":\"https:\\\/\\\/www.iemj.org\\\/en\\\/#\\\/schema\\\/logo\\\/image\\\/\"},\"sameAs\":[\"https:\\\/\\\/www.facebook.com\\\/MusiquesJuives\\\/\",\"https:\\\/\\\/www.instagram.com\\\/musiquesjuives\\\/\",\"https:\\\/\\\/www.youtube.com\\\/user\\\/musiquesjuives\"]},{\"@type\":\"Person\",\"@id\":\"https:\\\/\\\/www.iemj.org\\\/en\\\/#\\\/schema\\\/person\\\/c9bc1c386a3749579a2d675e72a18666\",\"name\":\"Jean-Gabriel Davis\",\"image\":{\"@type\":\"ImageObject\",\"inLanguage\":\"en-US\",\"@id\":\"https:\\\/\\\/secure.gravatar.com\\\/avatar\\\/2b90d67bdf392c9b3a21fab87c0fa7edaf1fb3a058172a1ffd61033fcec7aec1?s=96&d=mm&r=g\",\"url\":\"https:\\\/\\\/secure.gravatar.com\\\/avatar\\\/2b90d67bdf392c9b3a21fab87c0fa7edaf1fb3a058172a1ffd61033fcec7aec1?s=96&d=mm&r=g\",\"contentUrl\":\"https:\\\/\\\/secure.gravatar.com\\\/avatar\\\/2b90d67bdf392c9b3a21fab87c0fa7edaf1fb3a058172a1ffd61033fcec7aec1?s=96&d=mm&r=g\",\"caption\":\"Jean-Gabriel Davis\"}}]}<\/script>\n<!-- \/ Yoast SEO plugin. -->","yoast_head_json":{"title":"Balagan Box : Release of the album JUMU and 6th edition of the festival Jazz N Klezmer - Institut Europ\u00e9en des Musiques Juives","robots":{"index":"index","follow":"follow","max-snippet":"max-snippet:-1","max-image-preview":"max-image-preview:large","max-video-preview":"max-video-preview:-1"},"canonical":"https:\/\/www.iemj.org\/en\/balagan-box-release-of-the-album-jumu-and-6th-edition-of-the-festival-jazz-n-klezmer\/","og_locale":"en_US","og_type":"article","og_title":"Balagan Box : Release of the album JUMU and 6th edition of the festival Jazz N Klezmer - Institut Europ\u00e9en des Musiques Juives","og_description":"BALAGAN BOX &#8211; OCTOBER 13, 2007 &#8211; RADIO SHALOM (94.8 FM)","og_url":"https:\/\/www.iemj.org\/en\/balagan-box-release-of-the-album-jumu-and-6th-edition-of-the-festival-jazz-n-klezmer\/","og_site_name":"Institut Europ\u00e9en des Musiques Juives","article_publisher":"https:\/\/www.facebook.com\/MusiquesJuives\/","article_published_time":"2021-01-20T11:00:36+00:00","article_modified_time":"2025-09-29T13:13:13+00:00","og_image":[{"width":290,"height":174,"url":"https:\/\/www.iemj.org\/wp-content\/uploads\/2021\/01\/arton4977.jpg","type":"image\/jpeg"}],"author":"Jean-Gabriel Davis","twitter_card":"summary_large_image","twitter_misc":{"Written by":"Jean-Gabriel Davis","Est. reading time":"2 minutes"},"schema":{"@context":"https:\/\/schema.org","@graph":[{"@type":"Article","@id":"https:\/\/www.iemj.org\/en\/balagan-box-release-of-the-album-jumu-and-6th-edition-of-the-festival-jazz-n-klezmer\/#article","isPartOf":{"@id":"https:\/\/www.iemj.org\/en\/balagan-box-release-of-the-album-jumu-and-6th-edition-of-the-festival-jazz-n-klezmer\/"},"author":{"name":"Jean-Gabriel Davis","@id":"https:\/\/www.iemj.org\/en\/#\/schema\/person\/c9bc1c386a3749579a2d675e72a18666"},"headline":"Balagan Box : Release of the album JUMU and 6th edition of the festival Jazz N Klezmer","datePublished":"2021-01-20T11:00:36+00:00","dateModified":"2025-09-29T13:13:13+00:00","mainEntityOfPage":{"@id":"https:\/\/www.iemj.org\/en\/balagan-box-release-of-the-album-jumu-and-6th-edition-of-the-festival-jazz-n-klezmer\/"},"wordCount":147,"publisher":{"@id":"https:\/\/www.iemj.org\/en\/#organization"},"image":{"@id":"https:\/\/www.iemj.org\/en\/balagan-box-release-of-the-album-jumu-and-6th-edition-of-the-festival-jazz-n-klezmer\/#primaryimage"},"thumbnailUrl":"https:\/\/www.iemj.org\/wp-content\/uploads\/2021\/01\/arton4977.jpg","articleSection":["Laurence Haziza's Programs","Radio programs"],"inLanguage":"en-US"},{"@type":"WebPage","@id":"https:\/\/www.iemj.org\/en\/balagan-box-release-of-the-album-jumu-and-6th-edition-of-the-festival-jazz-n-klezmer\/","url":"https:\/\/www.iemj.org\/en\/balagan-box-release-of-the-album-jumu-and-6th-edition-of-the-festival-jazz-n-klezmer\/","name":"Balagan Box : Release of the album JUMU and 6th edition of the festival Jazz N Klezmer - Institut Europ\u00e9en des Musiques Juives","isPartOf":{"@id":"https:\/\/www.iemj.org\/en\/#website"},"primaryImageOfPage":{"@id":"https:\/\/www.iemj.org\/en\/balagan-box-release-of-the-album-jumu-and-6th-edition-of-the-festival-jazz-n-klezmer\/#primaryimage"},"image":{"@id":"https:\/\/www.iemj.org\/en\/balagan-box-release-of-the-album-jumu-and-6th-edition-of-the-festival-jazz-n-klezmer\/#primaryimage"},"thumbnailUrl":"https:\/\/www.iemj.org\/wp-content\/uploads\/2021\/01\/arton4977.jpg","datePublished":"2021-01-20T11:00:36+00:00","dateModified":"2025-09-29T13:13:13+00:00","breadcrumb":{"@id":"https:\/\/www.iemj.org\/en\/balagan-box-release-of-the-album-jumu-and-6th-edition-of-the-festival-jazz-n-klezmer\/#breadcrumb"},"inLanguage":"en-US","potentialAction":[{"@type":"ReadAction","target":["https:\/\/www.iemj.org\/en\/balagan-box-release-of-the-album-jumu-and-6th-edition-of-the-festival-jazz-n-klezmer\/"]}]},{"@type":"ImageObject","inLanguage":"en-US","@id":"https:\/\/www.iemj.org\/en\/balagan-box-release-of-the-album-jumu-and-6th-edition-of-the-festival-jazz-n-klezmer\/#primaryimage","url":"https:\/\/www.iemj.org\/wp-content\/uploads\/2021\/01\/arton4977.jpg","contentUrl":"https:\/\/www.iemj.org\/wp-content\/uploads\/2021\/01\/arton4977.jpg","width":290,"height":174},{"@type":"BreadcrumbList","@id":"https:\/\/www.iemj.org\/en\/balagan-box-release-of-the-album-jumu-and-6th-edition-of-the-festival-jazz-n-klezmer\/#breadcrumb","itemListElement":[{"@type":"ListItem","position":1,"name":"Accueil","item":"https:\/\/www.iemj.org\/en\/"},{"@type":"ListItem","position":2,"name":"Balagan Box : Release of the album JUMU and 6th edition of the festival Jazz N Klezmer"}]},{"@type":"WebSite","@id":"https:\/\/www.iemj.org\/en\/#website","url":"https:\/\/www.iemj.org\/en\/","name":"Institut Europ\u00e9en des Musiques Juives","description":"Des traditions musicales \u00e0 la port\u00e9e de tous","publisher":{"@id":"https:\/\/www.iemj.org\/en\/#organization"},"potentialAction":[{"@type":"SearchAction","target":{"@type":"EntryPoint","urlTemplate":"https:\/\/www.iemj.org\/en\/?s={search_term_string}"},"query-input":{"@type":"PropertyValueSpecification","valueRequired":true,"valueName":"search_term_string"}}],"inLanguage":"en-US"},{"@type":"Organization","@id":"https:\/\/www.iemj.org\/en\/#organization","name":"Institut Europ\u00e9en des Musiques Juives","url":"https:\/\/www.iemj.org\/en\/","logo":{"@type":"ImageObject","inLanguage":"en-US","@id":"https:\/\/www.iemj.org\/en\/#\/schema\/logo\/image\/","url":"https:\/\/www.iemj.org\/wp-content\/uploads\/2021\/09\/Logo-IEMJ-Paypal.jpg","contentUrl":"https:\/\/www.iemj.org\/wp-content\/uploads\/2021\/09\/Logo-IEMJ-Paypal.jpg","width":150,"height":50,"caption":"Institut Europ\u00e9en des Musiques Juives"},"image":{"@id":"https:\/\/www.iemj.org\/en\/#\/schema\/logo\/image\/"},"sameAs":["https:\/\/www.facebook.com\/MusiquesJuives\/","https:\/\/www.instagram.com\/musiquesjuives\/","https:\/\/www.youtube.com\/user\/musiquesjuives"]},{"@type":"Person","@id":"https:\/\/www.iemj.org\/en\/#\/schema\/person\/c9bc1c386a3749579a2d675e72a18666","name":"Jean-Gabriel Davis","image":{"@type":"ImageObject","inLanguage":"en-US","@id":"https:\/\/secure.gravatar.com\/avatar\/2b90d67bdf392c9b3a21fab87c0fa7edaf1fb3a058172a1ffd61033fcec7aec1?s=96&d=mm&r=g","url":"https:\/\/secure.gravatar.com\/avatar\/2b90d67bdf392c9b3a21fab87c0fa7edaf1fb3a058172a1ffd61033fcec7aec1?s=96&d=mm&r=g","contentUrl":"https:\/\/secure.gravatar.com\/avatar\/2b90d67bdf392c9b3a21fab87c0fa7edaf1fb3a058172a1ffd61033fcec7aec1?s=96&d=mm&r=g","caption":"Jean-Gabriel Davis"}}]}},"_links":{"self":[{"href":"https:\/\/www.iemj.org\/en\/wp-json\/wp\/v2\/posts\/30676","targetHints":{"allow":["GET"]}}],"collection":[{"href":"https:\/\/www.iemj.org\/en\/wp-json\/wp\/v2\/posts"}],"about":[{"href":"https:\/\/www.iemj.org\/en\/wp-json\/wp\/v2\/types\/post"}],"author":[{"embeddable":true,"href":"https:\/\/www.iemj.org\/en\/wp-json\/wp\/v2\/users\/1048"}],"replies":[{"embeddable":true,"href":"https:\/\/www.iemj.org\/en\/wp-json\/wp\/v2\/comments?post=30676"}],"version-history":[{"count":0,"href":"https:\/\/www.iemj.org\/en\/wp-json\/wp\/v2\/posts\/30676\/revisions"}],"wp:featuredmedia":[{"embeddable":true,"href":"https:\/\/www.iemj.org\/en\/wp-json\/wp\/v2\/media\/30674"}],"wp:attachment":[{"href":"https:\/\/www.iemj.org\/en\/wp-json\/wp\/v2\/media?parent=30676"}],"wp:term":[{"taxonomy":"category","embeddable":true,"href":"https:\/\/www.iemj.org\/en\/wp-json\/wp\/v2\/categories?post=30676"},{"taxonomy":"post_tag","embeddable":true,"href":"https:\/\/www.iemj.org\/en\/wp-json\/wp\/v2\/tags?post=30676"},{"taxonomy":"technique","embeddable":true,"href":"https:\/\/www.iemj.org\/en\/wp-json\/wp\/v2\/technique?post=30676"},{"taxonomy":"squelettes","embeddable":true,"href":"https:\/\/www.iemj.org\/en\/wp-json\/wp\/v2\/squelettes?post=30676"},{"taxonomy":"sujet","embeddable":true,"href":"https:\/\/www.iemj.org\/en\/wp-json\/wp\/v2\/sujet?post=30676"},{"taxonomy":"formation","embeddable":true,"href":"https:\/\/www.iemj.org\/en\/wp-json\/wp\/v2\/formation?post=30676"},{"taxonomy":"genre","embeddable":true,"href":"https:\/\/www.iemj.org\/en\/wp-json\/wp\/v2\/genre?post=30676"},{"taxonomy":"fonds","embeddable":true,"href":"https:\/\/www.iemj.org\/en\/wp-json\/wp\/v2\/fonds?post=30676"},{"taxonomy":"tradition","embeddable":true,"href":"https:\/\/www.iemj.org\/en\/wp-json\/wp\/v2\/tradition?post=30676"},{"taxonomy":"type-de-contenu","embeddable":true,"href":"https:\/\/www.iemj.org\/en\/wp-json\/wp\/v2\/type-de-contenu?post=30676"},{"taxonomy":"interprete-compositeur","embeddable":true,"href":"https:\/\/www.iemj.org\/en\/wp-json\/wp\/v2\/interprete-compositeur?post=30676"},{"taxonomy":"frise","embeddable":true,"href":"https:\/\/www.iemj.org\/en\/wp-json\/wp\/v2\/frise?post=30676"},{"taxonomy":"type-devenement","embeddable":true,"href":"https:\/\/www.iemj.org\/en\/wp-json\/wp\/v2\/type-devenement?post=30676"},{"taxonomy":"tableaux-liens-externes","embeddable":true,"href":"https:\/\/www.iemj.org\/en\/wp-json\/wp\/v2\/tableaux-liens-externes?post=30676"}],"curies":[{"name":"wp","href":"https:\/\/api.w.org\/{rel}","templated":true}]}}