{"id":31102,"date":"2021-02-17T09:11:46","date_gmt":"2021-02-17T08:11:46","guid":{"rendered":"https:\/\/www.iemj.org\/shabbat-songs-in-the-comtadine-and-portuguese-rites\/"},"modified":"2024-02-15T17:36:34","modified_gmt":"2024-02-15T16:36:34","slug":"shabbat-songs-in-the-comtadine-and-portuguese-rites","status":"publish","type":"post","link":"https:\/\/www.iemj.org\/en\/shabbat-songs-in-the-comtadine-and-portuguese-rites\/","title":{"rendered":"Shabbat songs in the Comtadine and Portuguese rites"},"content":{"rendered":"<p><strong>A selection of Shabbat songs from communities of Portuguese rites (Amsterdam, London, Paris, Bordeaux, Bayonne, New York, Cura\u00e7ao\u2026) and from the Comtat Venaissin, performed by Abraham Lopes Cardoso, Shimon Haliwa, Eliezer Abinun, Adolphe Attia, Malkiel Benamara, Gilbert L\u00e9on and many more<\/strong><\/p>\n<p><!--more-->The Shabbat, the day of rest, is a very important event of Jewish life. And the songs that rhythm this particular day hold a major place, at the synagogue with the five services from <em>Kabbalat shabbat<\/em> to <em>Motsei shabbat<\/em>, as well as at home with the rituals of lighting the candles, the Friday night <em>Kiddush<\/em> (blessing of the wine), the <em><a href=\"https:\/\/en.wikipedia.org\/wiki\/Birkat_Hamazon\">Birkat hamazone<\/a><\/em> (prayers at the end of a meal), or the <em><a href=\"https:\/\/en.wikipedia.org\/wiki\/Havdalah\">Havdala<\/a><\/em> (last\u00a0<em>Kiddush<\/em>\u00a0which closes Shabbat).It is also a custom to sing, during the four Shabbat meals, several religious poems called <em>Zemirot<\/em> (or <em>Tish nigunim<\/em> by the Chasidim).<br \/>The Shabbat allows thus to find our inner route by the means of our outer voice.<\/p>\n<p>The following playlist features a selection of Shabbat songs from the Portuguese and Comtadine rites.<br \/>The Jews from the <a href=\"https:\/\/en.wikipedia.org\/wiki\/Comtat_Venaissin\">Comtat Venaissin<\/a> (Carpentras, Avignon, Cavaillon and l&#8217;Isle-sur-la-Sorgue), who were never more than two thousand, originate of Jews from Languedoc and Provence who were expelled from the French kingdom in the 14th and 15th centuries; thus their rite is the one that anchors its roots the most deeply in French soil. Rituals, first hand written, then printed in the 17th century, helped us to keep the prayers used at the time. But songs, being passed on only orally, would have completely disappeared if they hadn&#8217;t been collected, in 1885, with the initiative of the great rabbi Jonas Weyl and the Israelite Consistory of Marseille, by two Israelites from Aix en Provence, Jules-Salomon and Mardoch\u00e9e Cr\u00e9mieu, who gathered them in a book called Chants h\u00e9bra\u00efques suivant le rite des communaut\u00e9s isra\u00e9lites de l&#8217;ancien Comtat Venaissin.<br \/>The Portuguese rite is related to the history of the Marranos, the Jews who were forced to convert to Christianism from 1391. Suffering from the persecutions of the Spanish and Portuguese inquisitions settled in 1481 and 1536, several hundreds of Marranos would join the already existing Jewish communities (like in Amsterdam, London, Livorno, or Hamburg) where they openly came back to Judaism. Others, hidden under their Christian identity, settle down in Bordeaux, and in the Bayonne region, in the middle of the 16th century. Afterward, exchanges \u2013 in particular commercial exchanges &#8211; would take place between the various Portuguese communities and the usage of this rite would extend to New York and the Dutch colonies, such as Cura\u00e7ao.<\/p>\n<p>Note that most of the songs of this playlist are accompanied by music instruments, which was not the case during Shabbat in most of synagogues. One can hear, in some of these Portuguese tunes, the influence of Western music from the 18th and 19th centuries.<\/p>\n<p><a href=\"https:\/\/www.iemj.org\/en\/les-chants-de-shabbat\/\">Read the article about Shabbat songs<\/a><br \/><a href=\"https:\/\/www.iemj.org\/en\/the-judeo-portuguese-rites-in-france-bordeaux-bayonne-paris\/\">Learn more about the Judeo-Portuguese musical traditions in France<\/a><br \/><a href=\"https:\/\/www.iemj.org\/en\/produit\/musiques-judeo-francaises-des-xviiie-et-xixe-siecles\/\">Purchase the CD Musiques jud\u00e9o-fran\u00e7aises des XVIIIe et XIXe si\u00e8cles <\/a><br \/><a href=\"https:\/\/www.iemj.org\/en\/produit\/musiques-de-la-synagogue-de-bordeaux\/\">Purchase the CD Musiques de la synagogue de Bordeaux (Portuguese rite) <\/a><\/p>\n\n\n<figure class=\"wp-block-image size-large\"><img fetchpriority=\"high\" decoding=\"async\" width=\"1024\" height=\"146\" src=\"https:\/\/www.iemj.org\/wp-content\/uploads\/2023\/01\/Bandeau-Playlist_EN2-1024x146.jpg\" alt=\"\" class=\"wp-image-93119\" srcset=\"https:\/\/www.iemj.org\/wp-content\/uploads\/2023\/01\/Bandeau-Playlist_EN2-1024x146.jpg 1024w, https:\/\/www.iemj.org\/wp-content\/uploads\/2023\/01\/Bandeau-Playlist_EN2-300x43.jpg 300w, https:\/\/www.iemj.org\/wp-content\/uploads\/2023\/01\/Bandeau-Playlist_EN2-768x110.jpg 768w, https:\/\/www.iemj.org\/wp-content\/uploads\/2023\/01\/Bandeau-Playlist_EN2-1536x220.jpg 1536w, https:\/\/www.iemj.org\/wp-content\/uploads\/2023\/01\/Bandeau-Playlist_EN2-600x86.jpg 600w, https:\/\/www.iemj.org\/wp-content\/uploads\/2023\/01\/Bandeau-Playlist_EN2.jpg 1608w\" sizes=\"(max-width: 1024px) 100vw, 1024px\" \/><\/figure>\n\n\n\n<div class=\"wp-block-file\"><a id=\"wp-block-file--media-91d12eb3-e1fd-4cdb-8b07-e0996367063b\" href=\"https:\/\/www.iemj.org\/wp-content\/uploads\/2021\/02\/01_lekha_dodi_adolphe_attia_rite_comtadin_.mp3\">Lekha dodi &#8211; Adolphe Attia (rite comtadin)<\/a><\/div>\n\n\n\n<div class=\"wp-block-file\"><a id=\"wp-block-file--media-fa5bb8dc-98cc-4e58-b2cb-567954e0b621\" href=\"https:\/\/www.iemj.org\/wp-content\/uploads\/2021\/02\/02_yitgadal_kaddish__adolphe_attia_rite_comtadin_.mp3\">Yitgadal (Kaddish) &#8211; Adolphe Attia (rite comtadin)<\/a><\/div>\n\n\n\n<div class=\"wp-block-file\"><a id=\"wp-block-file--media-ddd0df59-dc4b-493c-b47f-8b8d471078bb\" href=\"https:\/\/www.iemj.org\/wp-content\/uploads\/2021\/02\/03_az_yachir_mocheh_adolphe_attia_rite_comtadin_.mp3\">Az yachir Mocheh &#8211; Adolphe Attia (rite comtadin) <\/a><\/div>\n\n\n\n<div class=\"wp-block-file\"><a id=\"wp-block-file--media-453e2497-a4cd-4273-b84b-9f40818b5d41\" href=\"https:\/\/www.iemj.org\/wp-content\/uploads\/2021\/02\/04_tsour_michelo_nekouda_corinne_drai_et_alain_huet_rite_comtadin_extrait_.mp3\">Tsour michelo &#8211; Nekouda : Corinne Drai et Alain Huet (rite comtadin) (Extrait)<\/a><\/div>\n\n\n\n<div class=\"wp-block-file\"><a id=\"wp-block-file--media-e7a340b2-5f35-4b3b-83ae-d7476f1bed6c\" href=\"https:\/\/www.iemj.org\/wp-content\/uploads\/2021\/02\/05_hamake_partie_du_emet_choeur_orf_o_rite_portugais_bayonne_extrait_.mp3\">Hamake (partie du Emet) &#8211; Choeur Orf\u00e9o (rite portugais, Bayonne) (Extrait)<\/a><\/div>\n\n\n\n<div class=\"wp-block-file\"><a id=\"wp-block-file--media-818cf2a0-d658-474e-aa15-e9e80731c720\" href=\"https:\/\/www.iemj.org\/wp-content\/uploads\/2021\/02\/06_raou_banim_emile_jonas_malkiel_benamara_et_adolphe_attia_rite_portugais_paris_.mp3\">Raou banim &#8211; Emile Jonas &#8211; Malkiel Benamara et Adolphe Attia (rite portugais, Paris)<\/a><\/div>\n\n\n\n<div class=\"wp-block-file\"><a id=\"wp-block-file--media-744a9048-66b0-4434-affa-eefc54d85081\" href=\"https:\/\/www.iemj.org\/wp-content\/uploads\/2021\/02\/07_en_kelohenu_eliezer_abinun_rite_portugais_londres_.mp3\">En Kelohenu &#8211; Eliezer Abinun (rite portugais, Londres) <\/a><\/div>\n\n\n\n<div class=\"wp-block-file\"><a id=\"wp-block-file--media-03ed304f-ad0c-4e9b-b43e-8734e3c3fcad\" href=\"https:\/\/www.iemj.org\/wp-content\/uploads\/2021\/02\/08_keter-abraham_lopes_cardozo_rite_portugais_amsterdam_new_york_extrait_.mp3\">Keter &#8211; Abraham Lopes Cardozo (rite portugais, Amsterdam, New York) (Extrait)<\/a><\/div>\n\n\n\n<div class=\"wp-block-file\"><a id=\"wp-block-file--media-514078fd-d8d4-4c7e-a651-ed5dafda5fae\" href=\"https:\/\/www.iemj.org\/wp-content\/uploads\/2021\/02\/09_yom_hashishi-abraham_lopes_cardozo_rite_portugais_amsterdam_new_york_.mp3\">Yom Hashishi &#8211; Abraham Lopes Cardozo (rite portugais, Amsterdam, New York)<\/a><\/div>\n\n\n\n<div class=\"wp-block-file\"><a id=\"wp-block-file--media-01788cd5-3c08-435e-98c3-eba39cfe7e2d\" href=\"https:\/\/www.iemj.org\/wp-content\/uploads\/2021\/02\/10_kiddoush_du_vendredi_soir_gilbert_l_on_rite_portugais_bordeaux_.mp3\">Kiddoush du vendredi soir &#8211; Gilbert L\u00e9on (rite portugais, Bordeaux)<\/a><\/div>\n\n\n\n<div class=\"wp-block-file\"><a id=\"wp-block-file--media-67258db2-2ba2-4f3a-a922-cafa09247f38\" href=\"https:\/\/www.iemj.org\/wp-content\/uploads\/2021\/02\/11_kamti_lehalel_shimon_haliwa_rite_portugais_amsterdam_extrait_.mp3\">Kamti lehalel &#8211; Shimon Haliwa (rite portugais, Amsterdam) (Extrait) <\/a><\/div>\n\n\n\n<div class=\"wp-block-file\"><a id=\"wp-block-file--media-506b11fe-7a0b-4354-9c84-abad1d80ec59\" href=\"https:\/\/www.iemj.org\/wp-content\/uploads\/2021\/02\/12_bendigamos_rite_portugais_cura_ao_.mp3\">Bendigamos (rite portugais, Cura\u00e7ao)<\/a><\/div>\n\n\n\n<div class=\"wp-block-file\"><a id=\"wp-block-file--media-5a886222-86f3-43b3-bf79-da250ff6b30f\" href=\"https:\/\/www.iemj.org\/wp-content\/uploads\/2021\/02\/13_yigdal_rite_portugais_cura_ao_.mp3\">Yigdal (rite portugais, Cura\u00e7ao)<\/a><\/div>\n\n\n\n<div class=\"wp-block-file\"><a id=\"wp-block-file--media-1d86069d-ead9-4936-94a0-915b43533dcc\" href=\"https:\/\/www.iemj.org\/wp-content\/uploads\/2021\/02\/14_lekha_dodi_rite_portugais_cura_ao_.mp3\">Lekha dodi (rite portugais, Cura\u00e7ao)<\/a><\/div>\n","protected":false},"excerpt":{"rendered":"<p>A selection of Shabbat songs from communities of Portuguese rites (Amsterdam, London, Paris, Bordeaux, Bayonne, New York, Cura\u00e7ao\u2026) and from the Comtat Venaissin, performed by Abraham Lopes Cardoso, Shimon Haliwa,<\/p>\n","protected":false},"author":1048,"featured_media":31100,"comment_status":"closed","ping_status":"closed","sticky":false,"template":"","format":"standard","meta":{"_acf_changed":false,"footnotes":""},"categories":[1317],"tags":[],"technique":[],"squelettes":[],"sujet":[1853],"formation":[],"genre":[1116],"fonds":[],"tradition":[1142,1143],"type-de-contenu":[],"interprete-compositeur":[],"frise":[],"type-devenement":[],"tableaux-liens-externes":[],"class_list":["post-31102","post","type-post","status-publish","format-standard","has-post-thumbnail","hentry","category-playlists-en","sujet-shabbat-en","genre-liturgy","tradition-comtadin-rite-en","tradition-judeo-portuguese-rite-en"],"acf":[],"yoast_head":"<!-- This site is optimized with the Yoast SEO plugin v27.3 - https:\/\/yoast.com\/product\/yoast-seo-wordpress\/ -->\n<title>Shabbat songs in the Comtadine and Portuguese rites - Institut Europ\u00e9en des Musiques Juives<\/title>\n<meta name=\"robots\" content=\"index, follow, max-snippet:-1, max-image-preview:large, max-video-preview:-1\" \/>\n<link rel=\"canonical\" href=\"https:\/\/www.iemj.org\/en\/shabbat-songs-in-the-comtadine-and-portuguese-rites\/\" \/>\n<meta property=\"og:locale\" content=\"en_US\" \/>\n<meta property=\"og:type\" content=\"article\" \/>\n<meta property=\"og:title\" content=\"Shabbat songs in the Comtadine and Portuguese rites - Institut Europ\u00e9en des Musiques Juives\" \/>\n<meta property=\"og:description\" content=\"A selection of Shabbat songs from communities of Portuguese rites (Amsterdam, London, Paris, Bordeaux, Bayonne, New York, Cura\u00e7ao\u2026) and from the Comtat Venaissin, performed by Abraham Lopes Cardoso, Shimon Haliwa,\" \/>\n<meta property=\"og:url\" content=\"https:\/\/www.iemj.org\/en\/shabbat-songs-in-the-comtadine-and-portuguese-rites\/\" \/>\n<meta property=\"og:site_name\" content=\"Institut Europ\u00e9en des Musiques Juives\" \/>\n<meta property=\"article:publisher\" content=\"https:\/\/www.facebook.com\/MusiquesJuives\/\" \/>\n<meta property=\"article:published_time\" content=\"2021-02-17T08:11:46+00:00\" \/>\n<meta property=\"article:modified_time\" content=\"2024-02-15T16:36:34+00:00\" \/>\n<meta property=\"og:image\" content=\"https:\/\/www.iemj.org\/wp-content\/uploads\/2021\/02\/arton5026.jpg\" \/>\n\t<meta property=\"og:image:width\" content=\"500\" \/>\n\t<meta property=\"og:image:height\" content=\"500\" \/>\n\t<meta property=\"og:image:type\" content=\"image\/jpeg\" \/>\n<meta name=\"author\" content=\"Jean-Gabriel Davis\" \/>\n<meta name=\"twitter:card\" content=\"summary_large_image\" \/>\n<meta name=\"twitter:label1\" content=\"Written by\" \/>\n\t<meta name=\"twitter:data1\" content=\"Jean-Gabriel Davis\" \/>\n\t<meta name=\"twitter:label2\" content=\"Est. reading time\" \/>\n\t<meta name=\"twitter:data2\" content=\"4 minutes\" \/>\n<script type=\"application\/ld+json\" class=\"yoast-schema-graph\">{\"@context\":\"https:\\\/\\\/schema.org\",\"@graph\":[{\"@type\":\"Article\",\"@id\":\"https:\\\/\\\/www.iemj.org\\\/en\\\/shabbat-songs-in-the-comtadine-and-portuguese-rites\\\/#article\",\"isPartOf\":{\"@id\":\"https:\\\/\\\/www.iemj.org\\\/en\\\/shabbat-songs-in-the-comtadine-and-portuguese-rites\\\/\"},\"author\":{\"name\":\"Jean-Gabriel Davis\",\"@id\":\"https:\\\/\\\/www.iemj.org\\\/en\\\/#\\\/schema\\\/person\\\/c9bc1c386a3749579a2d675e72a18666\"},\"headline\":\"Shabbat songs in the Comtadine and Portuguese rites\",\"datePublished\":\"2021-02-17T08:11:46+00:00\",\"dateModified\":\"2024-02-15T16:36:34+00:00\",\"mainEntityOfPage\":{\"@id\":\"https:\\\/\\\/www.iemj.org\\\/en\\\/shabbat-songs-in-the-comtadine-and-portuguese-rites\\\/\"},\"wordCount\":652,\"publisher\":{\"@id\":\"https:\\\/\\\/www.iemj.org\\\/en\\\/#organization\"},\"image\":{\"@id\":\"https:\\\/\\\/www.iemj.org\\\/en\\\/shabbat-songs-in-the-comtadine-and-portuguese-rites\\\/#primaryimage\"},\"thumbnailUrl\":\"https:\\\/\\\/www.iemj.org\\\/wp-content\\\/uploads\\\/2021\\\/02\\\/arton5026.jpg\",\"articleSection\":[\"Playlists\"],\"inLanguage\":\"en-US\"},{\"@type\":\"WebPage\",\"@id\":\"https:\\\/\\\/www.iemj.org\\\/en\\\/shabbat-songs-in-the-comtadine-and-portuguese-rites\\\/\",\"url\":\"https:\\\/\\\/www.iemj.org\\\/en\\\/shabbat-songs-in-the-comtadine-and-portuguese-rites\\\/\",\"name\":\"Shabbat songs in the Comtadine and Portuguese rites - Institut Europ\u00e9en des Musiques Juives\",\"isPartOf\":{\"@id\":\"https:\\\/\\\/www.iemj.org\\\/en\\\/#website\"},\"primaryImageOfPage\":{\"@id\":\"https:\\\/\\\/www.iemj.org\\\/en\\\/shabbat-songs-in-the-comtadine-and-portuguese-rites\\\/#primaryimage\"},\"image\":{\"@id\":\"https:\\\/\\\/www.iemj.org\\\/en\\\/shabbat-songs-in-the-comtadine-and-portuguese-rites\\\/#primaryimage\"},\"thumbnailUrl\":\"https:\\\/\\\/www.iemj.org\\\/wp-content\\\/uploads\\\/2021\\\/02\\\/arton5026.jpg\",\"datePublished\":\"2021-02-17T08:11:46+00:00\",\"dateModified\":\"2024-02-15T16:36:34+00:00\",\"breadcrumb\":{\"@id\":\"https:\\\/\\\/www.iemj.org\\\/en\\\/shabbat-songs-in-the-comtadine-and-portuguese-rites\\\/#breadcrumb\"},\"inLanguage\":\"en-US\",\"potentialAction\":[{\"@type\":\"ReadAction\",\"target\":[\"https:\\\/\\\/www.iemj.org\\\/en\\\/shabbat-songs-in-the-comtadine-and-portuguese-rites\\\/\"]}]},{\"@type\":\"ImageObject\",\"inLanguage\":\"en-US\",\"@id\":\"https:\\\/\\\/www.iemj.org\\\/en\\\/shabbat-songs-in-the-comtadine-and-portuguese-rites\\\/#primaryimage\",\"url\":\"https:\\\/\\\/www.iemj.org\\\/wp-content\\\/uploads\\\/2021\\\/02\\\/arton5026.jpg\",\"contentUrl\":\"https:\\\/\\\/www.iemj.org\\\/wp-content\\\/uploads\\\/2021\\\/02\\\/arton5026.jpg\",\"width\":500,\"height\":500},{\"@type\":\"BreadcrumbList\",\"@id\":\"https:\\\/\\\/www.iemj.org\\\/en\\\/shabbat-songs-in-the-comtadine-and-portuguese-rites\\\/#breadcrumb\",\"itemListElement\":[{\"@type\":\"ListItem\",\"position\":1,\"name\":\"Accueil\",\"item\":\"https:\\\/\\\/www.iemj.org\\\/en\\\/\"},{\"@type\":\"ListItem\",\"position\":2,\"name\":\"Shabbat songs in the Comtadine and Portuguese rites\"}]},{\"@type\":\"WebSite\",\"@id\":\"https:\\\/\\\/www.iemj.org\\\/en\\\/#website\",\"url\":\"https:\\\/\\\/www.iemj.org\\\/en\\\/\",\"name\":\"Institut Europ\u00e9en des Musiques Juives\",\"description\":\"Des traditions musicales \u00e0 la port\u00e9e de tous\",\"publisher\":{\"@id\":\"https:\\\/\\\/www.iemj.org\\\/en\\\/#organization\"},\"potentialAction\":[{\"@type\":\"SearchAction\",\"target\":{\"@type\":\"EntryPoint\",\"urlTemplate\":\"https:\\\/\\\/www.iemj.org\\\/en\\\/?s={search_term_string}\"},\"query-input\":{\"@type\":\"PropertyValueSpecification\",\"valueRequired\":true,\"valueName\":\"search_term_string\"}}],\"inLanguage\":\"en-US\"},{\"@type\":\"Organization\",\"@id\":\"https:\\\/\\\/www.iemj.org\\\/en\\\/#organization\",\"name\":\"Institut Europ\u00e9en des Musiques Juives\",\"url\":\"https:\\\/\\\/www.iemj.org\\\/en\\\/\",\"logo\":{\"@type\":\"ImageObject\",\"inLanguage\":\"en-US\",\"@id\":\"https:\\\/\\\/www.iemj.org\\\/en\\\/#\\\/schema\\\/logo\\\/image\\\/\",\"url\":\"https:\\\/\\\/www.iemj.org\\\/wp-content\\\/uploads\\\/2021\\\/09\\\/Logo-IEMJ-Paypal.jpg\",\"contentUrl\":\"https:\\\/\\\/www.iemj.org\\\/wp-content\\\/uploads\\\/2021\\\/09\\\/Logo-IEMJ-Paypal.jpg\",\"width\":150,\"height\":50,\"caption\":\"Institut Europ\u00e9en des Musiques Juives\"},\"image\":{\"@id\":\"https:\\\/\\\/www.iemj.org\\\/en\\\/#\\\/schema\\\/logo\\\/image\\\/\"},\"sameAs\":[\"https:\\\/\\\/www.facebook.com\\\/MusiquesJuives\\\/\",\"https:\\\/\\\/www.instagram.com\\\/musiquesjuives\\\/\",\"https:\\\/\\\/www.youtube.com\\\/user\\\/musiquesjuives\"]},{\"@type\":\"Person\",\"@id\":\"https:\\\/\\\/www.iemj.org\\\/en\\\/#\\\/schema\\\/person\\\/c9bc1c386a3749579a2d675e72a18666\",\"name\":\"Jean-Gabriel Davis\",\"image\":{\"@type\":\"ImageObject\",\"inLanguage\":\"en-US\",\"@id\":\"https:\\\/\\\/secure.gravatar.com\\\/avatar\\\/2b90d67bdf392c9b3a21fab87c0fa7edaf1fb3a058172a1ffd61033fcec7aec1?s=96&d=mm&r=g\",\"url\":\"https:\\\/\\\/secure.gravatar.com\\\/avatar\\\/2b90d67bdf392c9b3a21fab87c0fa7edaf1fb3a058172a1ffd61033fcec7aec1?s=96&d=mm&r=g\",\"contentUrl\":\"https:\\\/\\\/secure.gravatar.com\\\/avatar\\\/2b90d67bdf392c9b3a21fab87c0fa7edaf1fb3a058172a1ffd61033fcec7aec1?s=96&d=mm&r=g\",\"caption\":\"Jean-Gabriel Davis\"}}]}<\/script>\n<!-- \/ Yoast SEO plugin. -->","yoast_head_json":{"title":"Shabbat songs in the Comtadine and Portuguese rites - Institut Europ\u00e9en des Musiques Juives","robots":{"index":"index","follow":"follow","max-snippet":"max-snippet:-1","max-image-preview":"max-image-preview:large","max-video-preview":"max-video-preview:-1"},"canonical":"https:\/\/www.iemj.org\/en\/shabbat-songs-in-the-comtadine-and-portuguese-rites\/","og_locale":"en_US","og_type":"article","og_title":"Shabbat songs in the Comtadine and Portuguese rites - Institut Europ\u00e9en des Musiques Juives","og_description":"A selection of Shabbat songs from communities of Portuguese rites (Amsterdam, London, Paris, Bordeaux, Bayonne, New York, Cura\u00e7ao\u2026) and from the Comtat Venaissin, performed by Abraham Lopes Cardoso, Shimon Haliwa,","og_url":"https:\/\/www.iemj.org\/en\/shabbat-songs-in-the-comtadine-and-portuguese-rites\/","og_site_name":"Institut Europ\u00e9en des Musiques Juives","article_publisher":"https:\/\/www.facebook.com\/MusiquesJuives\/","article_published_time":"2021-02-17T08:11:46+00:00","article_modified_time":"2024-02-15T16:36:34+00:00","og_image":[{"width":500,"height":500,"url":"https:\/\/www.iemj.org\/wp-content\/uploads\/2021\/02\/arton5026.jpg","type":"image\/jpeg"}],"author":"Jean-Gabriel Davis","twitter_card":"summary_large_image","twitter_misc":{"Written by":"Jean-Gabriel Davis","Est. reading time":"4 minutes"},"schema":{"@context":"https:\/\/schema.org","@graph":[{"@type":"Article","@id":"https:\/\/www.iemj.org\/en\/shabbat-songs-in-the-comtadine-and-portuguese-rites\/#article","isPartOf":{"@id":"https:\/\/www.iemj.org\/en\/shabbat-songs-in-the-comtadine-and-portuguese-rites\/"},"author":{"name":"Jean-Gabriel Davis","@id":"https:\/\/www.iemj.org\/en\/#\/schema\/person\/c9bc1c386a3749579a2d675e72a18666"},"headline":"Shabbat songs in the Comtadine and Portuguese rites","datePublished":"2021-02-17T08:11:46+00:00","dateModified":"2024-02-15T16:36:34+00:00","mainEntityOfPage":{"@id":"https:\/\/www.iemj.org\/en\/shabbat-songs-in-the-comtadine-and-portuguese-rites\/"},"wordCount":652,"publisher":{"@id":"https:\/\/www.iemj.org\/en\/#organization"},"image":{"@id":"https:\/\/www.iemj.org\/en\/shabbat-songs-in-the-comtadine-and-portuguese-rites\/#primaryimage"},"thumbnailUrl":"https:\/\/www.iemj.org\/wp-content\/uploads\/2021\/02\/arton5026.jpg","articleSection":["Playlists"],"inLanguage":"en-US"},{"@type":"WebPage","@id":"https:\/\/www.iemj.org\/en\/shabbat-songs-in-the-comtadine-and-portuguese-rites\/","url":"https:\/\/www.iemj.org\/en\/shabbat-songs-in-the-comtadine-and-portuguese-rites\/","name":"Shabbat songs in the Comtadine and Portuguese rites - Institut Europ\u00e9en des Musiques Juives","isPartOf":{"@id":"https:\/\/www.iemj.org\/en\/#website"},"primaryImageOfPage":{"@id":"https:\/\/www.iemj.org\/en\/shabbat-songs-in-the-comtadine-and-portuguese-rites\/#primaryimage"},"image":{"@id":"https:\/\/www.iemj.org\/en\/shabbat-songs-in-the-comtadine-and-portuguese-rites\/#primaryimage"},"thumbnailUrl":"https:\/\/www.iemj.org\/wp-content\/uploads\/2021\/02\/arton5026.jpg","datePublished":"2021-02-17T08:11:46+00:00","dateModified":"2024-02-15T16:36:34+00:00","breadcrumb":{"@id":"https:\/\/www.iemj.org\/en\/shabbat-songs-in-the-comtadine-and-portuguese-rites\/#breadcrumb"},"inLanguage":"en-US","potentialAction":[{"@type":"ReadAction","target":["https:\/\/www.iemj.org\/en\/shabbat-songs-in-the-comtadine-and-portuguese-rites\/"]}]},{"@type":"ImageObject","inLanguage":"en-US","@id":"https:\/\/www.iemj.org\/en\/shabbat-songs-in-the-comtadine-and-portuguese-rites\/#primaryimage","url":"https:\/\/www.iemj.org\/wp-content\/uploads\/2021\/02\/arton5026.jpg","contentUrl":"https:\/\/www.iemj.org\/wp-content\/uploads\/2021\/02\/arton5026.jpg","width":500,"height":500},{"@type":"BreadcrumbList","@id":"https:\/\/www.iemj.org\/en\/shabbat-songs-in-the-comtadine-and-portuguese-rites\/#breadcrumb","itemListElement":[{"@type":"ListItem","position":1,"name":"Accueil","item":"https:\/\/www.iemj.org\/en\/"},{"@type":"ListItem","position":2,"name":"Shabbat songs in the Comtadine and Portuguese rites"}]},{"@type":"WebSite","@id":"https:\/\/www.iemj.org\/en\/#website","url":"https:\/\/www.iemj.org\/en\/","name":"Institut Europ\u00e9en des Musiques Juives","description":"Des traditions musicales \u00e0 la port\u00e9e de tous","publisher":{"@id":"https:\/\/www.iemj.org\/en\/#organization"},"potentialAction":[{"@type":"SearchAction","target":{"@type":"EntryPoint","urlTemplate":"https:\/\/www.iemj.org\/en\/?s={search_term_string}"},"query-input":{"@type":"PropertyValueSpecification","valueRequired":true,"valueName":"search_term_string"}}],"inLanguage":"en-US"},{"@type":"Organization","@id":"https:\/\/www.iemj.org\/en\/#organization","name":"Institut Europ\u00e9en des Musiques Juives","url":"https:\/\/www.iemj.org\/en\/","logo":{"@type":"ImageObject","inLanguage":"en-US","@id":"https:\/\/www.iemj.org\/en\/#\/schema\/logo\/image\/","url":"https:\/\/www.iemj.org\/wp-content\/uploads\/2021\/09\/Logo-IEMJ-Paypal.jpg","contentUrl":"https:\/\/www.iemj.org\/wp-content\/uploads\/2021\/09\/Logo-IEMJ-Paypal.jpg","width":150,"height":50,"caption":"Institut Europ\u00e9en des Musiques Juives"},"image":{"@id":"https:\/\/www.iemj.org\/en\/#\/schema\/logo\/image\/"},"sameAs":["https:\/\/www.facebook.com\/MusiquesJuives\/","https:\/\/www.instagram.com\/musiquesjuives\/","https:\/\/www.youtube.com\/user\/musiquesjuives"]},{"@type":"Person","@id":"https:\/\/www.iemj.org\/en\/#\/schema\/person\/c9bc1c386a3749579a2d675e72a18666","name":"Jean-Gabriel Davis","image":{"@type":"ImageObject","inLanguage":"en-US","@id":"https:\/\/secure.gravatar.com\/avatar\/2b90d67bdf392c9b3a21fab87c0fa7edaf1fb3a058172a1ffd61033fcec7aec1?s=96&d=mm&r=g","url":"https:\/\/secure.gravatar.com\/avatar\/2b90d67bdf392c9b3a21fab87c0fa7edaf1fb3a058172a1ffd61033fcec7aec1?s=96&d=mm&r=g","contentUrl":"https:\/\/secure.gravatar.com\/avatar\/2b90d67bdf392c9b3a21fab87c0fa7edaf1fb3a058172a1ffd61033fcec7aec1?s=96&d=mm&r=g","caption":"Jean-Gabriel Davis"}}]}},"_links":{"self":[{"href":"https:\/\/www.iemj.org\/en\/wp-json\/wp\/v2\/posts\/31102","targetHints":{"allow":["GET"]}}],"collection":[{"href":"https:\/\/www.iemj.org\/en\/wp-json\/wp\/v2\/posts"}],"about":[{"href":"https:\/\/www.iemj.org\/en\/wp-json\/wp\/v2\/types\/post"}],"author":[{"embeddable":true,"href":"https:\/\/www.iemj.org\/en\/wp-json\/wp\/v2\/users\/1048"}],"replies":[{"embeddable":true,"href":"https:\/\/www.iemj.org\/en\/wp-json\/wp\/v2\/comments?post=31102"}],"version-history":[{"count":0,"href":"https:\/\/www.iemj.org\/en\/wp-json\/wp\/v2\/posts\/31102\/revisions"}],"wp:featuredmedia":[{"embeddable":true,"href":"https:\/\/www.iemj.org\/en\/wp-json\/wp\/v2\/media\/31100"}],"wp:attachment":[{"href":"https:\/\/www.iemj.org\/en\/wp-json\/wp\/v2\/media?parent=31102"}],"wp:term":[{"taxonomy":"category","embeddable":true,"href":"https:\/\/www.iemj.org\/en\/wp-json\/wp\/v2\/categories?post=31102"},{"taxonomy":"post_tag","embeddable":true,"href":"https:\/\/www.iemj.org\/en\/wp-json\/wp\/v2\/tags?post=31102"},{"taxonomy":"technique","embeddable":true,"href":"https:\/\/www.iemj.org\/en\/wp-json\/wp\/v2\/technique?post=31102"},{"taxonomy":"squelettes","embeddable":true,"href":"https:\/\/www.iemj.org\/en\/wp-json\/wp\/v2\/squelettes?post=31102"},{"taxonomy":"sujet","embeddable":true,"href":"https:\/\/www.iemj.org\/en\/wp-json\/wp\/v2\/sujet?post=31102"},{"taxonomy":"formation","embeddable":true,"href":"https:\/\/www.iemj.org\/en\/wp-json\/wp\/v2\/formation?post=31102"},{"taxonomy":"genre","embeddable":true,"href":"https:\/\/www.iemj.org\/en\/wp-json\/wp\/v2\/genre?post=31102"},{"taxonomy":"fonds","embeddable":true,"href":"https:\/\/www.iemj.org\/en\/wp-json\/wp\/v2\/fonds?post=31102"},{"taxonomy":"tradition","embeddable":true,"href":"https:\/\/www.iemj.org\/en\/wp-json\/wp\/v2\/tradition?post=31102"},{"taxonomy":"type-de-contenu","embeddable":true,"href":"https:\/\/www.iemj.org\/en\/wp-json\/wp\/v2\/type-de-contenu?post=31102"},{"taxonomy":"interprete-compositeur","embeddable":true,"href":"https:\/\/www.iemj.org\/en\/wp-json\/wp\/v2\/interprete-compositeur?post=31102"},{"taxonomy":"frise","embeddable":true,"href":"https:\/\/www.iemj.org\/en\/wp-json\/wp\/v2\/frise?post=31102"},{"taxonomy":"type-devenement","embeddable":true,"href":"https:\/\/www.iemj.org\/en\/wp-json\/wp\/v2\/type-devenement?post=31102"},{"taxonomy":"tableaux-liens-externes","embeddable":true,"href":"https:\/\/www.iemj.org\/en\/wp-json\/wp\/v2\/tableaux-liens-externes?post=31102"}],"curies":[{"name":"wp","href":"https:\/\/api.w.org\/{rel}","templated":true}]}}