{"id":40202,"date":"2021-03-16T11:26:00","date_gmt":"2021-03-16T10:26:00","guid":{"rendered":"https:\/\/www.iemj.org\/kantikas-i-dichas-infantiles-sefardis\/"},"modified":"2025-10-19T18:50:27","modified_gmt":"2025-10-19T16:50:27","slug":"kantikas-i-dichas-infantiles-sefardis","status":"publish","type":"post","link":"https:\/\/www.iemj.org\/en\/kantikas-i-dichas-infantiles-sefardis\/","title":{"rendered":"Kantikas i Dichas Infantiles Sefardis"},"content":{"rendered":"<h2 class=\"soustitre\">By the children\u2019s choir Estreyikas d\u2019Estambol<\/h2>\n<p><!--more--><\/p>\n<p>The children\u2019s choir of the Jewish community of Turkey, Estreyikas d\u2019Estambol (Istanbul stars), recently celebrated its 15 years of existence with the release of a new CD\u00a0<i>Kantikas i Dichas Infantiles Sefaradis<\/i>. This remarkable boxset, comprising a CD with 12 songs, a booklet and a DVD, results from the collaboration between the musicologist Susana Weich-Shahak and Izzet Bana, director of the children\u2019s choir of Istanbul\u2019s community.<\/p>\n<p>Created by Izzet Bana in September 2004, the children\u2019s choir Estreyikas d\u2019Estambol numbers today 35 girls and boys aged from 8 to 14 years old. This vocal ensemble, which is today the only children\u2019s choir in the world which sings in Judeo-Spanish, aims to help the new generation of Sefardi children to know, appreciate and re-appropriate the Judeo-Spanish culture that slowly vanishes. A particular attention is made on the fact that the children\u2019s songs and lullabies, which occupy an important place in the Sefardi culture, are performed here in their most traditional form. The vocal ensemble Estreyikas d\u2019Estambol already performed in many cultural events and festivals.<\/p>\n<p>The children\u2019s songs and lullabies of this album come from field recordings done by the musicologist\u00a0<a class=\"spip_out\" href=\"https:\/\/www.iemj.org\/en\/weich-shahak-susana\/\" target=\"_blank\" rel=\"external noopener\">Susana Weich-Shahak<\/a>, which gave birth to the publication of a book entitled &#8220;Repertorio Traditional Infantil Sefardi; Retahilas, juegos, canciones y romances de tradicion oral&#8221;, from which Izzet Bana got inspiration to make relive this repertoire among the new generations. Judeo-Spanish language, called &#8220;Espanyol&#8221; in the Ottoman countries, is a mix of Spanish with words of Turkish and Greek origin, but also French origin, because of the influence of the Alliance Isra\u00e9lite Universelle\u2019s schools in the former Ottoman Empire.<\/p>\n<p>Often sang in the cradle (<i>Durme durme chikitiko<\/i>), we find in this CD songs to remember the names of each finger, to learn how to count, to learn the letters of the hebrew alphabet (<i>Alef Avyana<\/i>) or to underline the importance of the Jewish tradition (<i>La Tora la Tora<\/i>). The DVD shows live performances of these songs.<\/p>\n<p>A nice present to offer to your children but also to all listeners interested in the Judeo-Spanish culture\u2026<\/p>\n<p><a href=\"https:\/\/istanbulsephardiccenter.com\/urun\/kantikas-i-dichas-infantiles-sefardis-2\/?lang=en&amp;v=11aedd0e4327\" target=\"_blank\" rel=\"noreferrer noopener\">Purchase the CD<\/a><\/p>\n<p><a href=\"https:\/\/istanbulsephardiccenter.com\/urun\/kantikas-i-dichas-infantiles-sefardis-2\/?lang=en&amp;v=11aedd0e4327\" target=\"_blank\" rel=\"noreferrer noopener\"><img fetchpriority=\"high\" decoding=\"async\" class=\"alignnone wp-image-38675\" src=\"https:\/\/www.iemj.org\/wp-content\/uploads\/2021\/04\/COUV4_site-CD-Kantikas-i-Dichas-300x266.jpg\" alt=\"\" width=\"693\" height=\"614\" srcset=\"https:\/\/www.iemj.org\/wp-content\/uploads\/2021\/04\/COUV4_site-CD-Kantikas-i-Dichas-300x266.jpg 300w, https:\/\/www.iemj.org\/wp-content\/uploads\/2021\/04\/COUV4_site-CD-Kantikas-i-Dichas.jpg 500w\" sizes=\"(max-width: 693px) 100vw, 693px\" \/><\/a><\/p>\n<p><img decoding=\"async\" class=\"wp-image-110607 aligncenter\" src=\"https:\/\/www.iemj.org\/wp-content\/uploads\/2024\/03\/AUDIO-PLAYER-300x39.png\" alt=\"\" width=\"900\" height=\"117\" srcset=\"https:\/\/www.iemj.org\/wp-content\/uploads\/2024\/03\/AUDIO-PLAYER-300x39.png 300w, https:\/\/www.iemj.org\/wp-content\/uploads\/2024\/03\/AUDIO-PLAYER-1024x133.png 1024w, https:\/\/www.iemj.org\/wp-content\/uploads\/2024\/03\/AUDIO-PLAYER-768x100.png 768w, https:\/\/www.iemj.org\/wp-content\/uploads\/2024\/03\/AUDIO-PLAYER-600x78.png 600w, https:\/\/www.iemj.org\/wp-content\/uploads\/2024\/03\/AUDIO-PLAYER.png 1210w\" sizes=\"(max-width: 900px) 100vw, 900px\" \/><\/p>\n","protected":false},"excerpt":{"rendered":"<p>By the children\u2019s choir Estreyikas d\u2019Estambol<\/p>\n","protected":false},"author":1045,"featured_media":38670,"comment_status":"closed","ping_status":"closed","sticky":false,"template":"","format":"standard","meta":{"_acf_changed":false,"footnotes":""},"categories":[1570,1562],"tags":[],"technique":[],"squelettes":[],"sujet":[2130],"formation":[],"genre":[1114],"fonds":[],"tradition":[],"type-de-contenu":[],"interprete-compositeur":[],"frise":[],"type-devenement":[],"tableaux-liens-externes":[],"class_list":["post-40202","post","type-post","status-publish","format-standard","has-post-thumbnail","hentry","category-cd-latest-acquisition-en","category-latest-acquisitions-en","sujet-turkey-en","genre-ladino"],"acf":[],"yoast_head":"<!-- This site is optimized with the Yoast SEO plugin v27.3 - https:\/\/yoast.com\/product\/yoast-seo-wordpress\/ -->\n<title>Kantikas i Dichas Infantiles Sefardis - Institut Europ\u00e9en des Musiques Juives<\/title>\n<meta name=\"robots\" content=\"index, follow, max-snippet:-1, max-image-preview:large, max-video-preview:-1\" \/>\n<link rel=\"canonical\" href=\"https:\/\/www.iemj.org\/en\/kantikas-i-dichas-infantiles-sefardis\/\" \/>\n<meta property=\"og:locale\" content=\"en_US\" \/>\n<meta property=\"og:type\" content=\"article\" \/>\n<meta property=\"og:title\" content=\"Kantikas i Dichas Infantiles Sefardis - Institut Europ\u00e9en des Musiques Juives\" \/>\n<meta property=\"og:description\" content=\"By the children\u2019s choir Estreyikas d\u2019Estambol\" \/>\n<meta property=\"og:url\" content=\"https:\/\/www.iemj.org\/en\/kantikas-i-dichas-infantiles-sefardis\/\" \/>\n<meta property=\"og:site_name\" content=\"Institut Europ\u00e9en des Musiques Juives\" \/>\n<meta property=\"article:publisher\" content=\"https:\/\/www.facebook.com\/MusiquesJuives\/\" \/>\n<meta property=\"article:published_time\" content=\"2021-03-16T10:26:00+00:00\" \/>\n<meta property=\"article:modified_time\" content=\"2025-10-19T16:50:27+00:00\" \/>\n<meta property=\"og:image\" content=\"https:\/\/www.iemj.org\/wp-content\/uploads\/2021\/04\/Logo-Article-CD-Kantikas-i-Dichas-e1619688247313.jpg\" \/>\n\t<meta property=\"og:image:width\" content=\"375\" \/>\n\t<meta property=\"og:image:height\" content=\"336\" \/>\n\t<meta property=\"og:image:type\" content=\"image\/jpeg\" \/>\n<meta name=\"author\" content=\"Herv\u00e9 Roten\" \/>\n<meta name=\"twitter:card\" content=\"summary_large_image\" \/>\n<meta name=\"twitter:label1\" content=\"Written by\" \/>\n\t<meta name=\"twitter:data1\" content=\"Herv\u00e9 Roten\" \/>\n\t<meta name=\"twitter:label2\" content=\"Est. reading time\" \/>\n\t<meta name=\"twitter:data2\" content=\"3 minutes\" \/>\n<script type=\"application\/ld+json\" class=\"yoast-schema-graph\">{\"@context\":\"https:\\\/\\\/schema.org\",\"@graph\":[{\"@type\":\"Article\",\"@id\":\"https:\\\/\\\/www.iemj.org\\\/en\\\/kantikas-i-dichas-infantiles-sefardis\\\/#article\",\"isPartOf\":{\"@id\":\"https:\\\/\\\/www.iemj.org\\\/en\\\/kantikas-i-dichas-infantiles-sefardis\\\/\"},\"author\":{\"name\":\"Herv\u00e9 Roten\",\"@id\":\"https:\\\/\\\/www.iemj.org\\\/en\\\/#\\\/schema\\\/person\\\/906134402c29d5c76e7b726261dd4bbd\"},\"headline\":\"Kantikas i Dichas Infantiles Sefardis\",\"datePublished\":\"2021-03-16T10:26:00+00:00\",\"dateModified\":\"2025-10-19T16:50:27+00:00\",\"mainEntityOfPage\":{\"@id\":\"https:\\\/\\\/www.iemj.org\\\/en\\\/kantikas-i-dichas-infantiles-sefardis\\\/\"},\"wordCount\":363,\"publisher\":{\"@id\":\"https:\\\/\\\/www.iemj.org\\\/en\\\/#organization\"},\"image\":{\"@id\":\"https:\\\/\\\/www.iemj.org\\\/en\\\/kantikas-i-dichas-infantiles-sefardis\\\/#primaryimage\"},\"thumbnailUrl\":\"https:\\\/\\\/www.iemj.org\\\/wp-content\\\/uploads\\\/2021\\\/04\\\/Logo-Article-CD-Kantikas-i-Dichas-e1619688247313.jpg\",\"articleSection\":[\"CD\",\"Latest Acquisitions\"],\"inLanguage\":\"en-US\"},{\"@type\":\"WebPage\",\"@id\":\"https:\\\/\\\/www.iemj.org\\\/en\\\/kantikas-i-dichas-infantiles-sefardis\\\/\",\"url\":\"https:\\\/\\\/www.iemj.org\\\/en\\\/kantikas-i-dichas-infantiles-sefardis\\\/\",\"name\":\"Kantikas i Dichas Infantiles Sefardis - Institut Europ\u00e9en des Musiques Juives\",\"isPartOf\":{\"@id\":\"https:\\\/\\\/www.iemj.org\\\/en\\\/#website\"},\"primaryImageOfPage\":{\"@id\":\"https:\\\/\\\/www.iemj.org\\\/en\\\/kantikas-i-dichas-infantiles-sefardis\\\/#primaryimage\"},\"image\":{\"@id\":\"https:\\\/\\\/www.iemj.org\\\/en\\\/kantikas-i-dichas-infantiles-sefardis\\\/#primaryimage\"},\"thumbnailUrl\":\"https:\\\/\\\/www.iemj.org\\\/wp-content\\\/uploads\\\/2021\\\/04\\\/Logo-Article-CD-Kantikas-i-Dichas-e1619688247313.jpg\",\"datePublished\":\"2021-03-16T10:26:00+00:00\",\"dateModified\":\"2025-10-19T16:50:27+00:00\",\"breadcrumb\":{\"@id\":\"https:\\\/\\\/www.iemj.org\\\/en\\\/kantikas-i-dichas-infantiles-sefardis\\\/#breadcrumb\"},\"inLanguage\":\"en-US\",\"potentialAction\":[{\"@type\":\"ReadAction\",\"target\":[\"https:\\\/\\\/www.iemj.org\\\/en\\\/kantikas-i-dichas-infantiles-sefardis\\\/\"]}]},{\"@type\":\"ImageObject\",\"inLanguage\":\"en-US\",\"@id\":\"https:\\\/\\\/www.iemj.org\\\/en\\\/kantikas-i-dichas-infantiles-sefardis\\\/#primaryimage\",\"url\":\"https:\\\/\\\/www.iemj.org\\\/wp-content\\\/uploads\\\/2021\\\/04\\\/Logo-Article-CD-Kantikas-i-Dichas-e1619688247313.jpg\",\"contentUrl\":\"https:\\\/\\\/www.iemj.org\\\/wp-content\\\/uploads\\\/2021\\\/04\\\/Logo-Article-CD-Kantikas-i-Dichas-e1619688247313.jpg\",\"width\":375,\"height\":336,\"caption\":\"logo article CD Kantikas i Dichas\"},{\"@type\":\"BreadcrumbList\",\"@id\":\"https:\\\/\\\/www.iemj.org\\\/en\\\/kantikas-i-dichas-infantiles-sefardis\\\/#breadcrumb\",\"itemListElement\":[{\"@type\":\"ListItem\",\"position\":1,\"name\":\"Accueil\",\"item\":\"https:\\\/\\\/www.iemj.org\\\/en\\\/\"},{\"@type\":\"ListItem\",\"position\":2,\"name\":\"Kantikas i Dichas Infantiles Sefardis\"}]},{\"@type\":\"WebSite\",\"@id\":\"https:\\\/\\\/www.iemj.org\\\/en\\\/#website\",\"url\":\"https:\\\/\\\/www.iemj.org\\\/en\\\/\",\"name\":\"Institut Europ\u00e9en des Musiques Juives\",\"description\":\"Des traditions musicales \u00e0 la port\u00e9e de tous\",\"publisher\":{\"@id\":\"https:\\\/\\\/www.iemj.org\\\/en\\\/#organization\"},\"potentialAction\":[{\"@type\":\"SearchAction\",\"target\":{\"@type\":\"EntryPoint\",\"urlTemplate\":\"https:\\\/\\\/www.iemj.org\\\/en\\\/?s={search_term_string}\"},\"query-input\":{\"@type\":\"PropertyValueSpecification\",\"valueRequired\":true,\"valueName\":\"search_term_string\"}}],\"inLanguage\":\"en-US\"},{\"@type\":\"Organization\",\"@id\":\"https:\\\/\\\/www.iemj.org\\\/en\\\/#organization\",\"name\":\"Institut Europ\u00e9en des Musiques Juives\",\"url\":\"https:\\\/\\\/www.iemj.org\\\/en\\\/\",\"logo\":{\"@type\":\"ImageObject\",\"inLanguage\":\"en-US\",\"@id\":\"https:\\\/\\\/www.iemj.org\\\/en\\\/#\\\/schema\\\/logo\\\/image\\\/\",\"url\":\"https:\\\/\\\/www.iemj.org\\\/wp-content\\\/uploads\\\/2021\\\/09\\\/Logo-IEMJ-Paypal.jpg\",\"contentUrl\":\"https:\\\/\\\/www.iemj.org\\\/wp-content\\\/uploads\\\/2021\\\/09\\\/Logo-IEMJ-Paypal.jpg\",\"width\":150,\"height\":50,\"caption\":\"Institut Europ\u00e9en des Musiques Juives\"},\"image\":{\"@id\":\"https:\\\/\\\/www.iemj.org\\\/en\\\/#\\\/schema\\\/logo\\\/image\\\/\"},\"sameAs\":[\"https:\\\/\\\/www.facebook.com\\\/MusiquesJuives\\\/\",\"https:\\\/\\\/www.instagram.com\\\/musiquesjuives\\\/\",\"https:\\\/\\\/www.youtube.com\\\/user\\\/musiquesjuives\"]},{\"@type\":\"Person\",\"@id\":\"https:\\\/\\\/www.iemj.org\\\/en\\\/#\\\/schema\\\/person\\\/906134402c29d5c76e7b726261dd4bbd\",\"name\":\"Herv\u00e9 Roten\",\"image\":{\"@type\":\"ImageObject\",\"inLanguage\":\"en-US\",\"@id\":\"https:\\\/\\\/secure.gravatar.com\\\/avatar\\\/f96ad2db538a26481f18384936b5cd0610c92d390c4dc382209216d455f685ff?s=96&d=mm&r=g\",\"url\":\"https:\\\/\\\/secure.gravatar.com\\\/avatar\\\/f96ad2db538a26481f18384936b5cd0610c92d390c4dc382209216d455f685ff?s=96&d=mm&r=g\",\"contentUrl\":\"https:\\\/\\\/secure.gravatar.com\\\/avatar\\\/f96ad2db538a26481f18384936b5cd0610c92d390c4dc382209216d455f685ff?s=96&d=mm&r=g\",\"caption\":\"Herv\u00e9 Roten\"}}]}<\/script>\n<!-- \/ Yoast SEO plugin. -->","yoast_head_json":{"title":"Kantikas i Dichas Infantiles Sefardis - Institut Europ\u00e9en des Musiques Juives","robots":{"index":"index","follow":"follow","max-snippet":"max-snippet:-1","max-image-preview":"max-image-preview:large","max-video-preview":"max-video-preview:-1"},"canonical":"https:\/\/www.iemj.org\/en\/kantikas-i-dichas-infantiles-sefardis\/","og_locale":"en_US","og_type":"article","og_title":"Kantikas i Dichas Infantiles Sefardis - Institut Europ\u00e9en des Musiques Juives","og_description":"By the children\u2019s choir Estreyikas d\u2019Estambol","og_url":"https:\/\/www.iemj.org\/en\/kantikas-i-dichas-infantiles-sefardis\/","og_site_name":"Institut Europ\u00e9en des Musiques Juives","article_publisher":"https:\/\/www.facebook.com\/MusiquesJuives\/","article_published_time":"2021-03-16T10:26:00+00:00","article_modified_time":"2025-10-19T16:50:27+00:00","og_image":[{"width":375,"height":336,"url":"https:\/\/www.iemj.org\/wp-content\/uploads\/2021\/04\/Logo-Article-CD-Kantikas-i-Dichas-e1619688247313.jpg","type":"image\/jpeg"}],"author":"Herv\u00e9 Roten","twitter_card":"summary_large_image","twitter_misc":{"Written by":"Herv\u00e9 Roten","Est. reading time":"3 minutes"},"schema":{"@context":"https:\/\/schema.org","@graph":[{"@type":"Article","@id":"https:\/\/www.iemj.org\/en\/kantikas-i-dichas-infantiles-sefardis\/#article","isPartOf":{"@id":"https:\/\/www.iemj.org\/en\/kantikas-i-dichas-infantiles-sefardis\/"},"author":{"name":"Herv\u00e9 Roten","@id":"https:\/\/www.iemj.org\/en\/#\/schema\/person\/906134402c29d5c76e7b726261dd4bbd"},"headline":"Kantikas i Dichas Infantiles Sefardis","datePublished":"2021-03-16T10:26:00+00:00","dateModified":"2025-10-19T16:50:27+00:00","mainEntityOfPage":{"@id":"https:\/\/www.iemj.org\/en\/kantikas-i-dichas-infantiles-sefardis\/"},"wordCount":363,"publisher":{"@id":"https:\/\/www.iemj.org\/en\/#organization"},"image":{"@id":"https:\/\/www.iemj.org\/en\/kantikas-i-dichas-infantiles-sefardis\/#primaryimage"},"thumbnailUrl":"https:\/\/www.iemj.org\/wp-content\/uploads\/2021\/04\/Logo-Article-CD-Kantikas-i-Dichas-e1619688247313.jpg","articleSection":["CD","Latest Acquisitions"],"inLanguage":"en-US"},{"@type":"WebPage","@id":"https:\/\/www.iemj.org\/en\/kantikas-i-dichas-infantiles-sefardis\/","url":"https:\/\/www.iemj.org\/en\/kantikas-i-dichas-infantiles-sefardis\/","name":"Kantikas i Dichas Infantiles Sefardis - Institut Europ\u00e9en des Musiques Juives","isPartOf":{"@id":"https:\/\/www.iemj.org\/en\/#website"},"primaryImageOfPage":{"@id":"https:\/\/www.iemj.org\/en\/kantikas-i-dichas-infantiles-sefardis\/#primaryimage"},"image":{"@id":"https:\/\/www.iemj.org\/en\/kantikas-i-dichas-infantiles-sefardis\/#primaryimage"},"thumbnailUrl":"https:\/\/www.iemj.org\/wp-content\/uploads\/2021\/04\/Logo-Article-CD-Kantikas-i-Dichas-e1619688247313.jpg","datePublished":"2021-03-16T10:26:00+00:00","dateModified":"2025-10-19T16:50:27+00:00","breadcrumb":{"@id":"https:\/\/www.iemj.org\/en\/kantikas-i-dichas-infantiles-sefardis\/#breadcrumb"},"inLanguage":"en-US","potentialAction":[{"@type":"ReadAction","target":["https:\/\/www.iemj.org\/en\/kantikas-i-dichas-infantiles-sefardis\/"]}]},{"@type":"ImageObject","inLanguage":"en-US","@id":"https:\/\/www.iemj.org\/en\/kantikas-i-dichas-infantiles-sefardis\/#primaryimage","url":"https:\/\/www.iemj.org\/wp-content\/uploads\/2021\/04\/Logo-Article-CD-Kantikas-i-Dichas-e1619688247313.jpg","contentUrl":"https:\/\/www.iemj.org\/wp-content\/uploads\/2021\/04\/Logo-Article-CD-Kantikas-i-Dichas-e1619688247313.jpg","width":375,"height":336,"caption":"logo article CD Kantikas i Dichas"},{"@type":"BreadcrumbList","@id":"https:\/\/www.iemj.org\/en\/kantikas-i-dichas-infantiles-sefardis\/#breadcrumb","itemListElement":[{"@type":"ListItem","position":1,"name":"Accueil","item":"https:\/\/www.iemj.org\/en\/"},{"@type":"ListItem","position":2,"name":"Kantikas i Dichas Infantiles Sefardis"}]},{"@type":"WebSite","@id":"https:\/\/www.iemj.org\/en\/#website","url":"https:\/\/www.iemj.org\/en\/","name":"Institut Europ\u00e9en des Musiques Juives","description":"Des traditions musicales \u00e0 la port\u00e9e de tous","publisher":{"@id":"https:\/\/www.iemj.org\/en\/#organization"},"potentialAction":[{"@type":"SearchAction","target":{"@type":"EntryPoint","urlTemplate":"https:\/\/www.iemj.org\/en\/?s={search_term_string}"},"query-input":{"@type":"PropertyValueSpecification","valueRequired":true,"valueName":"search_term_string"}}],"inLanguage":"en-US"},{"@type":"Organization","@id":"https:\/\/www.iemj.org\/en\/#organization","name":"Institut Europ\u00e9en des Musiques Juives","url":"https:\/\/www.iemj.org\/en\/","logo":{"@type":"ImageObject","inLanguage":"en-US","@id":"https:\/\/www.iemj.org\/en\/#\/schema\/logo\/image\/","url":"https:\/\/www.iemj.org\/wp-content\/uploads\/2021\/09\/Logo-IEMJ-Paypal.jpg","contentUrl":"https:\/\/www.iemj.org\/wp-content\/uploads\/2021\/09\/Logo-IEMJ-Paypal.jpg","width":150,"height":50,"caption":"Institut Europ\u00e9en des Musiques Juives"},"image":{"@id":"https:\/\/www.iemj.org\/en\/#\/schema\/logo\/image\/"},"sameAs":["https:\/\/www.facebook.com\/MusiquesJuives\/","https:\/\/www.instagram.com\/musiquesjuives\/","https:\/\/www.youtube.com\/user\/musiquesjuives"]},{"@type":"Person","@id":"https:\/\/www.iemj.org\/en\/#\/schema\/person\/906134402c29d5c76e7b726261dd4bbd","name":"Herv\u00e9 Roten","image":{"@type":"ImageObject","inLanguage":"en-US","@id":"https:\/\/secure.gravatar.com\/avatar\/f96ad2db538a26481f18384936b5cd0610c92d390c4dc382209216d455f685ff?s=96&d=mm&r=g","url":"https:\/\/secure.gravatar.com\/avatar\/f96ad2db538a26481f18384936b5cd0610c92d390c4dc382209216d455f685ff?s=96&d=mm&r=g","contentUrl":"https:\/\/secure.gravatar.com\/avatar\/f96ad2db538a26481f18384936b5cd0610c92d390c4dc382209216d455f685ff?s=96&d=mm&r=g","caption":"Herv\u00e9 Roten"}}]}},"_links":{"self":[{"href":"https:\/\/www.iemj.org\/en\/wp-json\/wp\/v2\/posts\/40202","targetHints":{"allow":["GET"]}}],"collection":[{"href":"https:\/\/www.iemj.org\/en\/wp-json\/wp\/v2\/posts"}],"about":[{"href":"https:\/\/www.iemj.org\/en\/wp-json\/wp\/v2\/types\/post"}],"author":[{"embeddable":true,"href":"https:\/\/www.iemj.org\/en\/wp-json\/wp\/v2\/users\/1045"}],"replies":[{"embeddable":true,"href":"https:\/\/www.iemj.org\/en\/wp-json\/wp\/v2\/comments?post=40202"}],"version-history":[{"count":1,"href":"https:\/\/www.iemj.org\/en\/wp-json\/wp\/v2\/posts\/40202\/revisions"}],"predecessor-version":[{"id":127228,"href":"https:\/\/www.iemj.org\/en\/wp-json\/wp\/v2\/posts\/40202\/revisions\/127228"}],"wp:featuredmedia":[{"embeddable":true,"href":"https:\/\/www.iemj.org\/en\/wp-json\/wp\/v2\/media\/38670"}],"wp:attachment":[{"href":"https:\/\/www.iemj.org\/en\/wp-json\/wp\/v2\/media?parent=40202"}],"wp:term":[{"taxonomy":"category","embeddable":true,"href":"https:\/\/www.iemj.org\/en\/wp-json\/wp\/v2\/categories?post=40202"},{"taxonomy":"post_tag","embeddable":true,"href":"https:\/\/www.iemj.org\/en\/wp-json\/wp\/v2\/tags?post=40202"},{"taxonomy":"technique","embeddable":true,"href":"https:\/\/www.iemj.org\/en\/wp-json\/wp\/v2\/technique?post=40202"},{"taxonomy":"squelettes","embeddable":true,"href":"https:\/\/www.iemj.org\/en\/wp-json\/wp\/v2\/squelettes?post=40202"},{"taxonomy":"sujet","embeddable":true,"href":"https:\/\/www.iemj.org\/en\/wp-json\/wp\/v2\/sujet?post=40202"},{"taxonomy":"formation","embeddable":true,"href":"https:\/\/www.iemj.org\/en\/wp-json\/wp\/v2\/formation?post=40202"},{"taxonomy":"genre","embeddable":true,"href":"https:\/\/www.iemj.org\/en\/wp-json\/wp\/v2\/genre?post=40202"},{"taxonomy":"fonds","embeddable":true,"href":"https:\/\/www.iemj.org\/en\/wp-json\/wp\/v2\/fonds?post=40202"},{"taxonomy":"tradition","embeddable":true,"href":"https:\/\/www.iemj.org\/en\/wp-json\/wp\/v2\/tradition?post=40202"},{"taxonomy":"type-de-contenu","embeddable":true,"href":"https:\/\/www.iemj.org\/en\/wp-json\/wp\/v2\/type-de-contenu?post=40202"},{"taxonomy":"interprete-compositeur","embeddable":true,"href":"https:\/\/www.iemj.org\/en\/wp-json\/wp\/v2\/interprete-compositeur?post=40202"},{"taxonomy":"frise","embeddable":true,"href":"https:\/\/www.iemj.org\/en\/wp-json\/wp\/v2\/frise?post=40202"},{"taxonomy":"type-devenement","embeddable":true,"href":"https:\/\/www.iemj.org\/en\/wp-json\/wp\/v2\/type-devenement?post=40202"},{"taxonomy":"tableaux-liens-externes","embeddable":true,"href":"https:\/\/www.iemj.org\/en\/wp-json\/wp\/v2\/tableaux-liens-externes?post=40202"}],"curies":[{"name":"wp","href":"https:\/\/api.w.org\/{rel}","templated":true}]}}