{"id":42552,"date":"2018-05-23T17:32:13","date_gmt":"2018-05-23T15:32:13","guid":{"rendered":"https:\/\/www.iemj.org\/fonds-ulif-copernic\/"},"modified":"2024-08-28T17:08:07","modified_gmt":"2024-08-28T15:08:07","slug":"fonds-ulif-copernic","status":"publish","type":"post","link":"https:\/\/www.iemj.org\/en\/fonds-ulif-copernic\/","title":{"rendered":"THE COPERNIC COLLECTION"},"content":{"rendered":"<p style=\"background: white; margin: 0cm 0cm 11.25pt 0cm;\"><span style=\"font-family: 'Arial','sans-serif'; color: #171717;\"><a href=\"https:\/\/judaismeenmouvement.org\/lieux\/copernic\/\" target=\"_blank\" rel=\"noopener\"><strong>The Copernic synagogue<\/strong><\/a> devotes a large and important place to music. It offers to each of its service a high quality liturgical music accompanied by the organ, a professional mixed choral and a cantor, and also prestigious concerts.<\/span><\/p>\n<p style=\"background: white; margin: 0cm 0cm 11.25pt 0cm;\"><span style=\"font-family: 'Arial','sans-serif'; color: #171717;\">Since 2008, the <span style=\"font-family: 'Arial','sans-serif';\">Copernic synagogue<\/span>\u00a0presents each year, under the direction of\u00a0<strong><span style=\"font-family: 'Arial','sans-serif';\">Bruno Fraitag<\/span><\/strong>, Vice-President, a season of high quality concerts : \u00ab Music in Copernic \u00bb. All concerts are linked, directly or indirectly to Judaism, either because it\u2019s liturgical music, either because the composers or performers are Jewish, or either because the works are inspired by Torah\/Old Testament.<\/span><\/p>\n<p style=\"background: white; margin: 0cm 0cm 11.25pt 0cm;\"><span style=\"font-family: 'Arial','sans-serif'; color: #171717;\">Almost every concert has been filmed and put on DVD, and a copy has been deposited by Bruno Fraitag at the EIJM.<\/span><\/p>\n<p style=\"background: white; margin: 0cm 0cm 11.25pt 0cm;\">The programs presented are linked to liturgical music, chamber music or jazz. In this way, the Copernic musical season featured<span style=\"font-family: 'Arial','sans-serif'; color: #171717;\">\u00a0<strong><span style=\"font-family: 'Arial','sans-serif';\">a great variety of artists<\/span><\/strong>\u00a0and\u00a0<strong><span style=\"font-family: 'Arial','sans-serif';\">performers<\/span><\/strong> (the cantor Armand Benhamou, the organist Nicole Wiener and the professional choir attached to the liturgical services of Copernic, as well as 2 amateur choirs from the community (\u00ab Ensemble Choral Copernic \u00bb and \u00ab Voci Copernic \u00bb), the pianists Jean-Fr\u00e9d\u00e9ric Neuburger, Pascal Amoyel, Jean-Fran\u00e7ois Zygel, David Greilsammer, Laurent Cabasso, Edna Stern, Laure Favre-Kahn, David Kadouch and Adam Laloum, Jonathan B\u00e9nichou, the cellist Emmanuelle Bertrand, the clarinetist Philippe Berrod, as well as the musicians first solists of the National Orchestra of France, the Orchestra of Paris and of the Paris Opera and, among the jazzmen : the quintet of Omer Avital, the trio of Shai Maestro, the saxophonist Eli Degibri, the pianists Yaron Herman and Yonathan Avishay, the clarinetist Yom, the guitarist Yotam Silberstein, etc.). <\/span><\/p>\n<p style=\"background: white; margin: 0cm 0cm 11.25pt 0cm;\"><span style=\"font-family: 'Arial','sans-serif'; color: #171717;\">Many\u00a0<strong><span style=\"font-family: 'Arial','sans-serif';\">composers<\/span><\/strong> has been featured : Haendel, Alkan, Verdi, Rossi, Rossini as well as Graciane Finzi, Serge Kaufmann, Ita\u00ef Daniel, Jean-Fran\u00e7ois Zygel, Nicolas Bacri, John Zorn, Fran\u00e7ois Me\u00efmoun, Beno\u00eet Menut, Charles Bornstein and Alexandre Tansman, a number of whose works were performed as world premieres at Copernic.<\/span><\/p>\n<p>These archives are now available in the catalogue of our collections (<strong><a href=\"http:\/\/www.rachelnet.net\/F\/?func=find-c&amp;ccl_term=WHOC%3DULIF+Copernic+&amp;local_base=iemcg&amp;x=20&amp;y=18\" target=\"_blank\" rel=\"noopener\">browse the Copernic collection<\/a><\/strong>) or by making an appointment with the European Institute of Jewish Music (<a href=\"mailto:contact@iemj.org\">contact@iemj.org<\/a>).<\/p>\n<p>\u00a0<\/p>\n<h2><strong>Watch excerpts of 2 concerts in Copernic, below<\/strong><\/h2>\n<p>\u00a0<\/p>\n<p><a href=\"https:\/\/www.iemj.org\/concert-l-ame-slave-a-copernic\/\"><img fetchpriority=\"high\" decoding=\"async\" class=\"alignleft wp-image-19757 size-full\" src=\"https:\/\/www.iemj.org\/wp-content\/uploads\/2018\/05\/concert_l_ame_slave_a_copernic500px_60.jpg\" alt=\"concert_l_ame_slave_a_copernic500px_60.jpg\" width=\"300\" height=\"221\" align=\"left\" \/><\/a><\/p>\n<p><a href=\"https:\/\/www.iemj.org\/concert-autour-de-rossi-et-rossini\/\"><img decoding=\"async\" class=\" alignright size-full wp-image-19759\" src=\"https:\/\/www.iemj.org\/wp-content\/uploads\/2018\/05\/concert_rossi_rossini_500px_60.jpg\" alt=\"concert_rossi_rossini_500px_60.jpg\" width=\"300\" height=\"221\" align=\"right\" \/><\/a><\/p>\n\n\n<p><\/p>\n","protected":false},"excerpt":{"rendered":"<p>The Copernic synagogue devotes a large and important place to music. It offers to each of its service a high quality liturgical music accompanied by the organ, a professional mixed<\/p>\n","protected":false},"author":5,"featured_media":113140,"comment_status":"closed","ping_status":"open","sticky":false,"template":"","format":"standard","meta":{"_acf_changed":false,"footnotes":""},"categories":[1584],"tags":[],"technique":[],"squelettes":[],"sujet":[],"formation":[],"genre":[],"fonds":[1128],"tradition":[],"type-de-contenu":[],"interprete-compositeur":[],"frise":[],"type-devenement":[],"tableaux-liens-externes":[],"class_list":["post-42552","post","type-post","status-publish","format-standard","has-post-thumbnail","hentry","category-main-holdings-en","fonds-copernics-fund-en"],"acf":[],"yoast_head":"<!-- This site is optimized with the Yoast SEO plugin v27.3 - https:\/\/yoast.com\/product\/yoast-seo-wordpress\/ -->\n<title>THE COPERNIC COLLECTION - Institut Europ\u00e9en des Musiques Juives<\/title>\n<meta name=\"robots\" content=\"index, follow, max-snippet:-1, max-image-preview:large, max-video-preview:-1\" \/>\n<link rel=\"canonical\" href=\"https:\/\/www.iemj.org\/en\/fonds-ulif-copernic\/\" \/>\n<meta property=\"og:locale\" content=\"en_US\" \/>\n<meta property=\"og:type\" content=\"article\" \/>\n<meta property=\"og:title\" content=\"THE COPERNIC COLLECTION - Institut Europ\u00e9en des Musiques Juives\" \/>\n<meta property=\"og:description\" content=\"The Copernic synagogue devotes a large and important place to music. It offers to each of its service a high quality liturgical music accompanied by the organ, a professional mixed\" \/>\n<meta property=\"og:url\" content=\"https:\/\/www.iemj.org\/en\/fonds-ulif-copernic\/\" \/>\n<meta property=\"og:site_name\" content=\"Institut Europ\u00e9en des Musiques Juives\" \/>\n<meta property=\"article:publisher\" content=\"https:\/\/www.facebook.com\/MusiquesJuives\/\" \/>\n<meta property=\"article:published_time\" content=\"2018-05-23T15:32:13+00:00\" \/>\n<meta property=\"article:modified_time\" content=\"2024-08-28T15:08:07+00:00\" \/>\n<meta property=\"og:image\" content=\"https:\/\/www.iemj.org\/wp-content\/uploads\/2018\/05\/logo-3.jpg\" \/>\n\t<meta property=\"og:image:width\" content=\"500\" \/>\n\t<meta property=\"og:image:height\" content=\"500\" \/>\n\t<meta property=\"og:image:type\" content=\"image\/jpeg\" \/>\n<meta name=\"author\" content=\"Jacqueline ROTEN\" \/>\n<meta name=\"twitter:card\" content=\"summary_large_image\" \/>\n<meta name=\"twitter:label1\" content=\"Written by\" \/>\n\t<meta name=\"twitter:data1\" content=\"Jacqueline ROTEN\" \/>\n\t<meta name=\"twitter:label2\" content=\"Est. reading time\" \/>\n\t<meta name=\"twitter:data2\" content=\"3 minutes\" \/>\n<script type=\"application\/ld+json\" class=\"yoast-schema-graph\">{\"@context\":\"https:\\\/\\\/schema.org\",\"@graph\":[{\"@type\":\"Article\",\"@id\":\"https:\\\/\\\/www.iemj.org\\\/en\\\/fonds-ulif-copernic\\\/#article\",\"isPartOf\":{\"@id\":\"https:\\\/\\\/www.iemj.org\\\/en\\\/fonds-ulif-copernic\\\/\"},\"author\":{\"name\":\"Jacqueline ROTEN\",\"@id\":\"https:\\\/\\\/www.iemj.org\\\/en\\\/#\\\/schema\\\/person\\\/358e26c18aca017fcc4cc15437f7279c\"},\"headline\":\"THE COPERNIC COLLECTION\",\"datePublished\":\"2018-05-23T15:32:13+00:00\",\"dateModified\":\"2024-08-28T15:08:07+00:00\",\"mainEntityOfPage\":{\"@id\":\"https:\\\/\\\/www.iemj.org\\\/en\\\/fonds-ulif-copernic\\\/\"},\"wordCount\":357,\"publisher\":{\"@id\":\"https:\\\/\\\/www.iemj.org\\\/en\\\/#organization\"},\"image\":{\"@id\":\"https:\\\/\\\/www.iemj.org\\\/en\\\/fonds-ulif-copernic\\\/#primaryimage\"},\"thumbnailUrl\":\"https:\\\/\\\/www.iemj.org\\\/wp-content\\\/uploads\\\/2018\\\/05\\\/logo-3.jpg\",\"articleSection\":[\"Main Holdings\"],\"inLanguage\":\"en-US\"},{\"@type\":\"WebPage\",\"@id\":\"https:\\\/\\\/www.iemj.org\\\/en\\\/fonds-ulif-copernic\\\/\",\"url\":\"https:\\\/\\\/www.iemj.org\\\/en\\\/fonds-ulif-copernic\\\/\",\"name\":\"THE COPERNIC COLLECTION - Institut Europ\u00e9en des Musiques Juives\",\"isPartOf\":{\"@id\":\"https:\\\/\\\/www.iemj.org\\\/en\\\/#website\"},\"primaryImageOfPage\":{\"@id\":\"https:\\\/\\\/www.iemj.org\\\/en\\\/fonds-ulif-copernic\\\/#primaryimage\"},\"image\":{\"@id\":\"https:\\\/\\\/www.iemj.org\\\/en\\\/fonds-ulif-copernic\\\/#primaryimage\"},\"thumbnailUrl\":\"https:\\\/\\\/www.iemj.org\\\/wp-content\\\/uploads\\\/2018\\\/05\\\/logo-3.jpg\",\"datePublished\":\"2018-05-23T15:32:13+00:00\",\"dateModified\":\"2024-08-28T15:08:07+00:00\",\"breadcrumb\":{\"@id\":\"https:\\\/\\\/www.iemj.org\\\/en\\\/fonds-ulif-copernic\\\/#breadcrumb\"},\"inLanguage\":\"en-US\",\"potentialAction\":[{\"@type\":\"ReadAction\",\"target\":[\"https:\\\/\\\/www.iemj.org\\\/en\\\/fonds-ulif-copernic\\\/\"]}]},{\"@type\":\"ImageObject\",\"inLanguage\":\"en-US\",\"@id\":\"https:\\\/\\\/www.iemj.org\\\/en\\\/fonds-ulif-copernic\\\/#primaryimage\",\"url\":\"https:\\\/\\\/www.iemj.org\\\/wp-content\\\/uploads\\\/2018\\\/05\\\/logo-3.jpg\",\"contentUrl\":\"https:\\\/\\\/www.iemj.org\\\/wp-content\\\/uploads\\\/2018\\\/05\\\/logo-3.jpg\",\"width\":500,\"height\":500},{\"@type\":\"BreadcrumbList\",\"@id\":\"https:\\\/\\\/www.iemj.org\\\/en\\\/fonds-ulif-copernic\\\/#breadcrumb\",\"itemListElement\":[{\"@type\":\"ListItem\",\"position\":1,\"name\":\"Accueil\",\"item\":\"https:\\\/\\\/www.iemj.org\\\/en\\\/\"},{\"@type\":\"ListItem\",\"position\":2,\"name\":\"THE COPERNIC COLLECTION\"}]},{\"@type\":\"WebSite\",\"@id\":\"https:\\\/\\\/www.iemj.org\\\/en\\\/#website\",\"url\":\"https:\\\/\\\/www.iemj.org\\\/en\\\/\",\"name\":\"Institut Europ\u00e9en des Musiques Juives\",\"description\":\"Des traditions musicales \u00e0 la port\u00e9e de tous\",\"publisher\":{\"@id\":\"https:\\\/\\\/www.iemj.org\\\/en\\\/#organization\"},\"potentialAction\":[{\"@type\":\"SearchAction\",\"target\":{\"@type\":\"EntryPoint\",\"urlTemplate\":\"https:\\\/\\\/www.iemj.org\\\/en\\\/?s={search_term_string}\"},\"query-input\":{\"@type\":\"PropertyValueSpecification\",\"valueRequired\":true,\"valueName\":\"search_term_string\"}}],\"inLanguage\":\"en-US\"},{\"@type\":\"Organization\",\"@id\":\"https:\\\/\\\/www.iemj.org\\\/en\\\/#organization\",\"name\":\"Institut Europ\u00e9en des Musiques Juives\",\"url\":\"https:\\\/\\\/www.iemj.org\\\/en\\\/\",\"logo\":{\"@type\":\"ImageObject\",\"inLanguage\":\"en-US\",\"@id\":\"https:\\\/\\\/www.iemj.org\\\/en\\\/#\\\/schema\\\/logo\\\/image\\\/\",\"url\":\"https:\\\/\\\/www.iemj.org\\\/wp-content\\\/uploads\\\/2021\\\/09\\\/Logo-IEMJ-Paypal.jpg\",\"contentUrl\":\"https:\\\/\\\/www.iemj.org\\\/wp-content\\\/uploads\\\/2021\\\/09\\\/Logo-IEMJ-Paypal.jpg\",\"width\":150,\"height\":50,\"caption\":\"Institut Europ\u00e9en des Musiques Juives\"},\"image\":{\"@id\":\"https:\\\/\\\/www.iemj.org\\\/en\\\/#\\\/schema\\\/logo\\\/image\\\/\"},\"sameAs\":[\"https:\\\/\\\/www.facebook.com\\\/MusiquesJuives\\\/\",\"https:\\\/\\\/www.instagram.com\\\/musiquesjuives\\\/\",\"https:\\\/\\\/www.youtube.com\\\/user\\\/musiquesjuives\"]},{\"@type\":\"Person\",\"@id\":\"https:\\\/\\\/www.iemj.org\\\/en\\\/#\\\/schema\\\/person\\\/358e26c18aca017fcc4cc15437f7279c\",\"name\":\"Jacqueline ROTEN\",\"image\":{\"@type\":\"ImageObject\",\"inLanguage\":\"en-US\",\"@id\":\"https:\\\/\\\/secure.gravatar.com\\\/avatar\\\/5964256d6c6957de3a3505278957e0fb2a35119ac47ea41827a65301213c810b?s=96&d=mm&r=g\",\"url\":\"https:\\\/\\\/secure.gravatar.com\\\/avatar\\\/5964256d6c6957de3a3505278957e0fb2a35119ac47ea41827a65301213c810b?s=96&d=mm&r=g\",\"contentUrl\":\"https:\\\/\\\/secure.gravatar.com\\\/avatar\\\/5964256d6c6957de3a3505278957e0fb2a35119ac47ea41827a65301213c810b?s=96&d=mm&r=g\",\"caption\":\"Jacqueline ROTEN\"}}]}<\/script>\n<!-- \/ Yoast SEO plugin. -->","yoast_head_json":{"title":"THE COPERNIC COLLECTION - Institut Europ\u00e9en des Musiques Juives","robots":{"index":"index","follow":"follow","max-snippet":"max-snippet:-1","max-image-preview":"max-image-preview:large","max-video-preview":"max-video-preview:-1"},"canonical":"https:\/\/www.iemj.org\/en\/fonds-ulif-copernic\/","og_locale":"en_US","og_type":"article","og_title":"THE COPERNIC COLLECTION - Institut Europ\u00e9en des Musiques Juives","og_description":"The Copernic synagogue devotes a large and important place to music. It offers to each of its service a high quality liturgical music accompanied by the organ, a professional mixed","og_url":"https:\/\/www.iemj.org\/en\/fonds-ulif-copernic\/","og_site_name":"Institut Europ\u00e9en des Musiques Juives","article_publisher":"https:\/\/www.facebook.com\/MusiquesJuives\/","article_published_time":"2018-05-23T15:32:13+00:00","article_modified_time":"2024-08-28T15:08:07+00:00","og_image":[{"width":500,"height":500,"url":"https:\/\/www.iemj.org\/wp-content\/uploads\/2018\/05\/logo-3.jpg","type":"image\/jpeg"}],"author":"Jacqueline ROTEN","twitter_card":"summary_large_image","twitter_misc":{"Written by":"Jacqueline ROTEN","Est. reading time":"3 minutes"},"schema":{"@context":"https:\/\/schema.org","@graph":[{"@type":"Article","@id":"https:\/\/www.iemj.org\/en\/fonds-ulif-copernic\/#article","isPartOf":{"@id":"https:\/\/www.iemj.org\/en\/fonds-ulif-copernic\/"},"author":{"name":"Jacqueline ROTEN","@id":"https:\/\/www.iemj.org\/en\/#\/schema\/person\/358e26c18aca017fcc4cc15437f7279c"},"headline":"THE COPERNIC COLLECTION","datePublished":"2018-05-23T15:32:13+00:00","dateModified":"2024-08-28T15:08:07+00:00","mainEntityOfPage":{"@id":"https:\/\/www.iemj.org\/en\/fonds-ulif-copernic\/"},"wordCount":357,"publisher":{"@id":"https:\/\/www.iemj.org\/en\/#organization"},"image":{"@id":"https:\/\/www.iemj.org\/en\/fonds-ulif-copernic\/#primaryimage"},"thumbnailUrl":"https:\/\/www.iemj.org\/wp-content\/uploads\/2018\/05\/logo-3.jpg","articleSection":["Main Holdings"],"inLanguage":"en-US"},{"@type":"WebPage","@id":"https:\/\/www.iemj.org\/en\/fonds-ulif-copernic\/","url":"https:\/\/www.iemj.org\/en\/fonds-ulif-copernic\/","name":"THE COPERNIC COLLECTION - Institut Europ\u00e9en des Musiques Juives","isPartOf":{"@id":"https:\/\/www.iemj.org\/en\/#website"},"primaryImageOfPage":{"@id":"https:\/\/www.iemj.org\/en\/fonds-ulif-copernic\/#primaryimage"},"image":{"@id":"https:\/\/www.iemj.org\/en\/fonds-ulif-copernic\/#primaryimage"},"thumbnailUrl":"https:\/\/www.iemj.org\/wp-content\/uploads\/2018\/05\/logo-3.jpg","datePublished":"2018-05-23T15:32:13+00:00","dateModified":"2024-08-28T15:08:07+00:00","breadcrumb":{"@id":"https:\/\/www.iemj.org\/en\/fonds-ulif-copernic\/#breadcrumb"},"inLanguage":"en-US","potentialAction":[{"@type":"ReadAction","target":["https:\/\/www.iemj.org\/en\/fonds-ulif-copernic\/"]}]},{"@type":"ImageObject","inLanguage":"en-US","@id":"https:\/\/www.iemj.org\/en\/fonds-ulif-copernic\/#primaryimage","url":"https:\/\/www.iemj.org\/wp-content\/uploads\/2018\/05\/logo-3.jpg","contentUrl":"https:\/\/www.iemj.org\/wp-content\/uploads\/2018\/05\/logo-3.jpg","width":500,"height":500},{"@type":"BreadcrumbList","@id":"https:\/\/www.iemj.org\/en\/fonds-ulif-copernic\/#breadcrumb","itemListElement":[{"@type":"ListItem","position":1,"name":"Accueil","item":"https:\/\/www.iemj.org\/en\/"},{"@type":"ListItem","position":2,"name":"THE COPERNIC COLLECTION"}]},{"@type":"WebSite","@id":"https:\/\/www.iemj.org\/en\/#website","url":"https:\/\/www.iemj.org\/en\/","name":"Institut Europ\u00e9en des Musiques Juives","description":"Des traditions musicales \u00e0 la port\u00e9e de tous","publisher":{"@id":"https:\/\/www.iemj.org\/en\/#organization"},"potentialAction":[{"@type":"SearchAction","target":{"@type":"EntryPoint","urlTemplate":"https:\/\/www.iemj.org\/en\/?s={search_term_string}"},"query-input":{"@type":"PropertyValueSpecification","valueRequired":true,"valueName":"search_term_string"}}],"inLanguage":"en-US"},{"@type":"Organization","@id":"https:\/\/www.iemj.org\/en\/#organization","name":"Institut Europ\u00e9en des Musiques Juives","url":"https:\/\/www.iemj.org\/en\/","logo":{"@type":"ImageObject","inLanguage":"en-US","@id":"https:\/\/www.iemj.org\/en\/#\/schema\/logo\/image\/","url":"https:\/\/www.iemj.org\/wp-content\/uploads\/2021\/09\/Logo-IEMJ-Paypal.jpg","contentUrl":"https:\/\/www.iemj.org\/wp-content\/uploads\/2021\/09\/Logo-IEMJ-Paypal.jpg","width":150,"height":50,"caption":"Institut Europ\u00e9en des Musiques Juives"},"image":{"@id":"https:\/\/www.iemj.org\/en\/#\/schema\/logo\/image\/"},"sameAs":["https:\/\/www.facebook.com\/MusiquesJuives\/","https:\/\/www.instagram.com\/musiquesjuives\/","https:\/\/www.youtube.com\/user\/musiquesjuives"]},{"@type":"Person","@id":"https:\/\/www.iemj.org\/en\/#\/schema\/person\/358e26c18aca017fcc4cc15437f7279c","name":"Jacqueline ROTEN","image":{"@type":"ImageObject","inLanguage":"en-US","@id":"https:\/\/secure.gravatar.com\/avatar\/5964256d6c6957de3a3505278957e0fb2a35119ac47ea41827a65301213c810b?s=96&d=mm&r=g","url":"https:\/\/secure.gravatar.com\/avatar\/5964256d6c6957de3a3505278957e0fb2a35119ac47ea41827a65301213c810b?s=96&d=mm&r=g","contentUrl":"https:\/\/secure.gravatar.com\/avatar\/5964256d6c6957de3a3505278957e0fb2a35119ac47ea41827a65301213c810b?s=96&d=mm&r=g","caption":"Jacqueline ROTEN"}}]}},"_links":{"self":[{"href":"https:\/\/www.iemj.org\/en\/wp-json\/wp\/v2\/posts\/42552","targetHints":{"allow":["GET"]}}],"collection":[{"href":"https:\/\/www.iemj.org\/en\/wp-json\/wp\/v2\/posts"}],"about":[{"href":"https:\/\/www.iemj.org\/en\/wp-json\/wp\/v2\/types\/post"}],"author":[{"embeddable":true,"href":"https:\/\/www.iemj.org\/en\/wp-json\/wp\/v2\/users\/5"}],"replies":[{"embeddable":true,"href":"https:\/\/www.iemj.org\/en\/wp-json\/wp\/v2\/comments?post=42552"}],"version-history":[{"count":0,"href":"https:\/\/www.iemj.org\/en\/wp-json\/wp\/v2\/posts\/42552\/revisions"}],"wp:featuredmedia":[{"embeddable":true,"href":"https:\/\/www.iemj.org\/en\/wp-json\/wp\/v2\/media\/113140"}],"wp:attachment":[{"href":"https:\/\/www.iemj.org\/en\/wp-json\/wp\/v2\/media?parent=42552"}],"wp:term":[{"taxonomy":"category","embeddable":true,"href":"https:\/\/www.iemj.org\/en\/wp-json\/wp\/v2\/categories?post=42552"},{"taxonomy":"post_tag","embeddable":true,"href":"https:\/\/www.iemj.org\/en\/wp-json\/wp\/v2\/tags?post=42552"},{"taxonomy":"technique","embeddable":true,"href":"https:\/\/www.iemj.org\/en\/wp-json\/wp\/v2\/technique?post=42552"},{"taxonomy":"squelettes","embeddable":true,"href":"https:\/\/www.iemj.org\/en\/wp-json\/wp\/v2\/squelettes?post=42552"},{"taxonomy":"sujet","embeddable":true,"href":"https:\/\/www.iemj.org\/en\/wp-json\/wp\/v2\/sujet?post=42552"},{"taxonomy":"formation","embeddable":true,"href":"https:\/\/www.iemj.org\/en\/wp-json\/wp\/v2\/formation?post=42552"},{"taxonomy":"genre","embeddable":true,"href":"https:\/\/www.iemj.org\/en\/wp-json\/wp\/v2\/genre?post=42552"},{"taxonomy":"fonds","embeddable":true,"href":"https:\/\/www.iemj.org\/en\/wp-json\/wp\/v2\/fonds?post=42552"},{"taxonomy":"tradition","embeddable":true,"href":"https:\/\/www.iemj.org\/en\/wp-json\/wp\/v2\/tradition?post=42552"},{"taxonomy":"type-de-contenu","embeddable":true,"href":"https:\/\/www.iemj.org\/en\/wp-json\/wp\/v2\/type-de-contenu?post=42552"},{"taxonomy":"interprete-compositeur","embeddable":true,"href":"https:\/\/www.iemj.org\/en\/wp-json\/wp\/v2\/interprete-compositeur?post=42552"},{"taxonomy":"frise","embeddable":true,"href":"https:\/\/www.iemj.org\/en\/wp-json\/wp\/v2\/frise?post=42552"},{"taxonomy":"type-devenement","embeddable":true,"href":"https:\/\/www.iemj.org\/en\/wp-json\/wp\/v2\/type-devenement?post=42552"},{"taxonomy":"tableaux-liens-externes","embeddable":true,"href":"https:\/\/www.iemj.org\/en\/wp-json\/wp\/v2\/tableaux-liens-externes?post=42552"}],"curies":[{"name":"wp","href":"https:\/\/api.w.org\/{rel}","templated":true}]}}