{"id":46486,"date":"2018-03-22T10:29:45","date_gmt":"2018-03-22T09:29:45","guid":{"rendered":"https:\/\/www.iemj.org\/video-alberto-hemsi-un-compositeur-au-service-de-la-culture-sefarade\/"},"modified":"2025-02-25T15:10:59","modified_gmt":"2025-02-25T14:10:59","slug":"video-alberto-hemsi-un-compositeur-au-service-de-la-culture-sefarade","status":"publish","type":"post","link":"https:\/\/www.iemj.org\/en\/video-alberto-hemsi-un-compositeur-au-service-de-la-culture-sefarade\/","title":{"rendered":"Alberto Hemsi, a composer serving Sephardic culture"},"content":{"rendered":"<p><strong>This video, made with archives from the EIJM, describes the life of the Spanish-Jewish composer <a href=\"https:\/\/www.iemj.org\/en\/hemsi-alberto-1898-1975\/\" target=\"_blank\" rel=\"noopener\">Alberto Hemsi<\/a> (1896-1975).<\/strong><span style=\"background-color: var(--bs-body-bg); color: var(--bs-body-color); font-family: var(--bs-body-font-family); font-size: var(--bs-body-font-size); font-weight: var(--bs-body-font-weight); text-align: var(--bs-body-text-align);\"><span class=\"footnote_referrer\"><a role=\"button\" tabindex=\"0\" onclick=\"footnote_moveToReference_46486_1('footnote_plugin_reference_46486_1_1');\" onkeypress=\"footnote_moveToReference_46486_1('footnote_plugin_reference_46486_1_1');\" ><sup id=\"footnote_plugin_tooltip_46486_1_1\" class=\"footnote_plugin_tooltip_text\">[1]<\/sup><\/a><span id=\"footnote_plugin_tooltip_text_46486_1_1\" class=\"footnote_tooltip\">There is some uncertainty about Alberto Hemsi\u2019s date of birth (1896, 1897 or 1898 ?). According to one of his daughters, Ketty Menasce, the date on his last passport is December 23, 1896.<\/span><\/span><script type=\"text\/javascript\"> jQuery('#footnote_plugin_tooltip_46486_1_1').tooltip({ tip: '#footnote_plugin_tooltip_text_46486_1_1', tipClass: 'footnote_tooltip', effect: 'fade', predelay: 0, fadeInSpeed: 200, delay: 400, fadeOutSpeed: 200, position: 'top center', relative: true, offset: [-7, 0], });<\/script><\/span><\/p>\n<p><!--more--><\/p>\n<p>This short film was presented by Herv\u00e9 Roten as an introduction to the concert <em>Coplas Sefardies &#8211; Judeo-Spanish Songs<\/em> by Alberto Hemsi, given in the synagogue of the liberal Jewish community of Hannover on March 22, 2018.<\/p>\n<p><a href=\"https:\/\/www.iemj.org\/en\/hemsi-alberto-1898-1975\/\" target=\"_blank\" rel=\"noreferrer noopener\" data-rich-text-format-boundary=\"true\">Learn more about Alberto Hemsi<\/a><br data-rich-text-line-break=\"true\" \/><a href=\"https:\/\/www.iemj.org\/en\/page\/3\/?search_type=product&amp;s=hemsi&amp;submit=Search\" target=\"_blank\" rel=\"noreferrer noopener\">Order the CD and music scores by Alberto Hemsi on the online shop of the EIJM<\/a><br data-rich-text-line-break=\"true\" \/><a href=\"https:\/\/www.iemj.org\/en\/fonds-alberto-hemsi\/\" target=\"_blank\" rel=\"noreferrer noopener\">Look at the Alberto Hemsi&#8217;s collection from the EIJM<\/a><\/p>\n\n\n<figure class=\"wp-block-video\"><video height=\"576\" style=\"aspect-ratio: 720 \/ 576;\" width=\"720\" controls poster=\"https:\/\/www.iemj.org\/wp-content\/uploads\/2018\/03\/Image-video-Hemsi.jpg\" src=\"https:\/\/www.iemj.org\/wp-content\/uploads\/2018\/03\/vdef_hemsi_version_ang.mp4\"><\/video><figcaption class=\"wp-element-caption\"><strong>Video: Alberto Hemsi, a composer serving Sephardic culture<\/strong><\/figcaption><\/figure>\n<div class=\"speaker-mute footnotes_reference_container\"> <div class=\"footnote_container_prepare\"><p><span role=\"button\" tabindex=\"0\" class=\"footnote_reference_container_label pointer\" onclick=\"footnote_expand_collapse_reference_container_46486_1();\">&#x202F;<\/span><span role=\"button\" tabindex=\"0\" class=\"footnote_reference_container_collapse_button\" style=\"display: none;\" onclick=\"footnote_expand_collapse_reference_container_46486_1();\">[<a id=\"footnote_reference_container_collapse_button_46486_1\">+<\/a>]<\/span><\/p><\/div> <div id=\"footnote_references_container_46486_1\" style=\"\"><table class=\"footnotes_table footnote-reference-container\"><caption class=\"accessibility\">References<\/caption> <tbody> \r\n\r\n<tr class=\"footnotes_plugin_reference_row\"> <th scope=\"row\" class=\"footnote_plugin_index_combi pointer\"  onclick=\"footnote_moveToAnchor_46486_1('footnote_plugin_tooltip_46486_1_1');\"><a id=\"footnote_plugin_reference_46486_1_1\" class=\"footnote_backlink\">1<\/a><\/th> <td class=\"footnote_plugin_text\">There is some uncertainty about Alberto Hemsi\u2019s date of birth (1896, 1897 or 1898 ?). According to one of his daughters, Ketty Menasce, the date on his last passport is December 23, 1896.<\/td><\/tr>\r\n\r\n <\/tbody> <\/table> <\/div><\/div><script type=\"text\/javascript\"> function footnote_expand_reference_container_46486_1() { jQuery('#footnote_references_container_46486_1').show(); jQuery('#footnote_reference_container_collapse_button_46486_1').text('\u2212'); } function footnote_collapse_reference_container_46486_1() { jQuery('#footnote_references_container_46486_1').hide(); jQuery('#footnote_reference_container_collapse_button_46486_1').text('+'); } function footnote_expand_collapse_reference_container_46486_1() { if (jQuery('#footnote_references_container_46486_1').is(':hidden')) { footnote_expand_reference_container_46486_1(); } else { footnote_collapse_reference_container_46486_1(); } } function footnote_moveToReference_46486_1(p_str_TargetID) { footnote_expand_reference_container_46486_1(); var l_obj_Target = jQuery('#' + p_str_TargetID); if (l_obj_Target.length) { jQuery( 'html, body' ).delay( 0 ); jQuery('html, body').animate({ scrollTop: l_obj_Target.offset().top - window.innerHeight * 0.2 }, 380); } } function footnote_moveToAnchor_46486_1(p_str_TargetID) { footnote_expand_reference_container_46486_1(); var l_obj_Target = jQuery('#' + p_str_TargetID); if (l_obj_Target.length) { jQuery( 'html, body' ).delay( 0 ); jQuery('html, body').animate({ scrollTop: l_obj_Target.offset().top - window.innerHeight * 0.2 }, 380); } }<\/script>","protected":false},"excerpt":{"rendered":"<p>This video, made with archives from the EIJM, describes the life of the Spanish-Jewish composer Alberto Hemsi (1896-1975).[1]There is some uncertainty about Alberto Hemsi\u2019s date of birth (1896, 1897 or<\/p>\n","protected":false},"author":1052,"featured_media":18850,"comment_status":"closed","ping_status":"open","sticky":false,"template":"","format":"standard","meta":{"_acf_changed":false,"footnotes":""},"categories":[952],"tags":[],"technique":[],"squelettes":[],"sujet":[],"formation":[],"genre":[],"fonds":[],"tradition":[],"type-de-contenu":[],"interprete-compositeur":[3083],"frise":[],"type-devenement":[],"tableaux-liens-externes":[],"class_list":["post-46486","post","type-post","status-publish","format-standard","has-post-thumbnail","hentry","category-tv-programs-videos-en","interprete-compositeur-alberto-hemsi-en"],"acf":[],"yoast_head":"<!-- This site is optimized with the Yoast SEO plugin v27.3 - https:\/\/yoast.com\/product\/yoast-seo-wordpress\/ -->\n<title>Alberto Hemsi, a composer serving Sephardic culture - Institut Europ\u00e9en des Musiques Juives<\/title>\n<meta name=\"robots\" content=\"index, follow, max-snippet:-1, max-image-preview:large, max-video-preview:-1\" \/>\n<link rel=\"canonical\" href=\"https:\/\/www.iemj.org\/en\/video-alberto-hemsi-un-compositeur-au-service-de-la-culture-sefarade\/\" \/>\n<meta property=\"og:locale\" content=\"en_US\" \/>\n<meta property=\"og:type\" content=\"article\" \/>\n<meta property=\"og:title\" content=\"Alberto Hemsi, a composer serving Sephardic culture - Institut Europ\u00e9en des Musiques Juives\" \/>\n<meta property=\"og:description\" content=\"This video, made with archives from the EIJM, describes the life of the Spanish-Jewish composer Alberto Hemsi (1896-1975).[1]There is some uncertainty about Alberto Hemsi\u2019s date of birth (1896, 1897 or\" \/>\n<meta property=\"og:url\" content=\"https:\/\/www.iemj.org\/en\/video-alberto-hemsi-un-compositeur-au-service-de-la-culture-sefarade\/\" \/>\n<meta property=\"og:site_name\" content=\"Institut Europ\u00e9en des Musiques Juives\" \/>\n<meta property=\"article:publisher\" content=\"https:\/\/www.facebook.com\/MusiquesJuives\/\" \/>\n<meta property=\"article:published_time\" content=\"2018-03-22T09:29:45+00:00\" \/>\n<meta property=\"article:modified_time\" content=\"2025-02-25T14:10:59+00:00\" \/>\n<meta property=\"og:image\" content=\"https:\/\/www.iemj.org\/wp-content\/uploads\/2018\/03\/arton3264-e1617888694852.jpg\" \/>\n\t<meta property=\"og:image:width\" content=\"500\" \/>\n\t<meta property=\"og:image:height\" content=\"549\" \/>\n\t<meta property=\"og:image:type\" content=\"image\/jpeg\" \/>\n<meta name=\"author\" content=\"Lea Couderc\" \/>\n<meta name=\"twitter:card\" content=\"summary_large_image\" \/>\n<meta name=\"twitter:label1\" content=\"Written by\" \/>\n\t<meta name=\"twitter:data1\" content=\"Lea Couderc\" \/>\n\t<meta name=\"twitter:label2\" content=\"Est. reading time\" \/>\n\t<meta name=\"twitter:data2\" content=\"1 minute\" \/>\n<script type=\"application\/ld+json\" class=\"yoast-schema-graph\">{\"@context\":\"https:\\\/\\\/schema.org\",\"@graph\":[{\"@type\":\"Article\",\"@id\":\"https:\\\/\\\/www.iemj.org\\\/en\\\/video-alberto-hemsi-un-compositeur-au-service-de-la-culture-sefarade\\\/#article\",\"isPartOf\":{\"@id\":\"https:\\\/\\\/www.iemj.org\\\/en\\\/video-alberto-hemsi-un-compositeur-au-service-de-la-culture-sefarade\\\/\"},\"author\":{\"name\":\"Lea Couderc\",\"@id\":\"https:\\\/\\\/www.iemj.org\\\/en\\\/#\\\/schema\\\/person\\\/e2ad57f2c4be119c7ed8ab79036807a9\"},\"headline\":\"Alberto Hemsi, a composer serving Sephardic culture\",\"datePublished\":\"2018-03-22T09:29:45+00:00\",\"dateModified\":\"2025-02-25T14:10:59+00:00\",\"mainEntityOfPage\":{\"@id\":\"https:\\\/\\\/www.iemj.org\\\/en\\\/video-alberto-hemsi-un-compositeur-au-service-de-la-culture-sefarade\\\/\"},\"wordCount\":127,\"publisher\":{\"@id\":\"https:\\\/\\\/www.iemj.org\\\/en\\\/#organization\"},\"image\":{\"@id\":\"https:\\\/\\\/www.iemj.org\\\/en\\\/video-alberto-hemsi-un-compositeur-au-service-de-la-culture-sefarade\\\/#primaryimage\"},\"thumbnailUrl\":\"https:\\\/\\\/www.iemj.org\\\/wp-content\\\/uploads\\\/2018\\\/03\\\/arton3264-e1617888694852.jpg\",\"articleSection\":[\"TV programs \\\/ Videos\"],\"inLanguage\":\"en-US\"},{\"@type\":\"WebPage\",\"@id\":\"https:\\\/\\\/www.iemj.org\\\/en\\\/video-alberto-hemsi-un-compositeur-au-service-de-la-culture-sefarade\\\/\",\"url\":\"https:\\\/\\\/www.iemj.org\\\/en\\\/video-alberto-hemsi-un-compositeur-au-service-de-la-culture-sefarade\\\/\",\"name\":\"Alberto Hemsi, a composer serving Sephardic culture - Institut Europ\u00e9en des Musiques Juives\",\"isPartOf\":{\"@id\":\"https:\\\/\\\/www.iemj.org\\\/en\\\/#website\"},\"primaryImageOfPage\":{\"@id\":\"https:\\\/\\\/www.iemj.org\\\/en\\\/video-alberto-hemsi-un-compositeur-au-service-de-la-culture-sefarade\\\/#primaryimage\"},\"image\":{\"@id\":\"https:\\\/\\\/www.iemj.org\\\/en\\\/video-alberto-hemsi-un-compositeur-au-service-de-la-culture-sefarade\\\/#primaryimage\"},\"thumbnailUrl\":\"https:\\\/\\\/www.iemj.org\\\/wp-content\\\/uploads\\\/2018\\\/03\\\/arton3264-e1617888694852.jpg\",\"datePublished\":\"2018-03-22T09:29:45+00:00\",\"dateModified\":\"2025-02-25T14:10:59+00:00\",\"breadcrumb\":{\"@id\":\"https:\\\/\\\/www.iemj.org\\\/en\\\/video-alberto-hemsi-un-compositeur-au-service-de-la-culture-sefarade\\\/#breadcrumb\"},\"inLanguage\":\"en-US\",\"potentialAction\":[{\"@type\":\"ReadAction\",\"target\":[\"https:\\\/\\\/www.iemj.org\\\/en\\\/video-alberto-hemsi-un-compositeur-au-service-de-la-culture-sefarade\\\/\"]}]},{\"@type\":\"ImageObject\",\"inLanguage\":\"en-US\",\"@id\":\"https:\\\/\\\/www.iemj.org\\\/en\\\/video-alberto-hemsi-un-compositeur-au-service-de-la-culture-sefarade\\\/#primaryimage\",\"url\":\"https:\\\/\\\/www.iemj.org\\\/wp-content\\\/uploads\\\/2018\\\/03\\\/arton3264-e1617888694852.jpg\",\"contentUrl\":\"https:\\\/\\\/www.iemj.org\\\/wp-content\\\/uploads\\\/2018\\\/03\\\/arton3264-e1617888694852.jpg\",\"width\":500,\"height\":549},{\"@type\":\"BreadcrumbList\",\"@id\":\"https:\\\/\\\/www.iemj.org\\\/en\\\/video-alberto-hemsi-un-compositeur-au-service-de-la-culture-sefarade\\\/#breadcrumb\",\"itemListElement\":[{\"@type\":\"ListItem\",\"position\":1,\"name\":\"Accueil\",\"item\":\"https:\\\/\\\/www.iemj.org\\\/en\\\/\"},{\"@type\":\"ListItem\",\"position\":2,\"name\":\"Alberto Hemsi, a composer serving Sephardic culture\"}]},{\"@type\":\"WebSite\",\"@id\":\"https:\\\/\\\/www.iemj.org\\\/en\\\/#website\",\"url\":\"https:\\\/\\\/www.iemj.org\\\/en\\\/\",\"name\":\"Institut Europ\u00e9en des Musiques Juives\",\"description\":\"Des traditions musicales \u00e0 la port\u00e9e de tous\",\"publisher\":{\"@id\":\"https:\\\/\\\/www.iemj.org\\\/en\\\/#organization\"},\"potentialAction\":[{\"@type\":\"SearchAction\",\"target\":{\"@type\":\"EntryPoint\",\"urlTemplate\":\"https:\\\/\\\/www.iemj.org\\\/en\\\/?s={search_term_string}\"},\"query-input\":{\"@type\":\"PropertyValueSpecification\",\"valueRequired\":true,\"valueName\":\"search_term_string\"}}],\"inLanguage\":\"en-US\"},{\"@type\":\"Organization\",\"@id\":\"https:\\\/\\\/www.iemj.org\\\/en\\\/#organization\",\"name\":\"Institut Europ\u00e9en des Musiques Juives\",\"url\":\"https:\\\/\\\/www.iemj.org\\\/en\\\/\",\"logo\":{\"@type\":\"ImageObject\",\"inLanguage\":\"en-US\",\"@id\":\"https:\\\/\\\/www.iemj.org\\\/en\\\/#\\\/schema\\\/logo\\\/image\\\/\",\"url\":\"https:\\\/\\\/www.iemj.org\\\/wp-content\\\/uploads\\\/2021\\\/09\\\/Logo-IEMJ-Paypal.jpg\",\"contentUrl\":\"https:\\\/\\\/www.iemj.org\\\/wp-content\\\/uploads\\\/2021\\\/09\\\/Logo-IEMJ-Paypal.jpg\",\"width\":150,\"height\":50,\"caption\":\"Institut Europ\u00e9en des Musiques Juives\"},\"image\":{\"@id\":\"https:\\\/\\\/www.iemj.org\\\/en\\\/#\\\/schema\\\/logo\\\/image\\\/\"},\"sameAs\":[\"https:\\\/\\\/www.facebook.com\\\/MusiquesJuives\\\/\",\"https:\\\/\\\/www.instagram.com\\\/musiquesjuives\\\/\",\"https:\\\/\\\/www.youtube.com\\\/user\\\/musiquesjuives\"]},{\"@type\":\"Person\",\"@id\":\"https:\\\/\\\/www.iemj.org\\\/en\\\/#\\\/schema\\\/person\\\/e2ad57f2c4be119c7ed8ab79036807a9\",\"name\":\"Lea Couderc\",\"image\":{\"@type\":\"ImageObject\",\"inLanguage\":\"en-US\",\"@id\":\"https:\\\/\\\/secure.gravatar.com\\\/avatar\\\/46ee021475d60aeff17a7e490b79dea5a5684bb392ab7fd1494027411df8ba23?s=96&d=mm&r=g\",\"url\":\"https:\\\/\\\/secure.gravatar.com\\\/avatar\\\/46ee021475d60aeff17a7e490b79dea5a5684bb392ab7fd1494027411df8ba23?s=96&d=mm&r=g\",\"contentUrl\":\"https:\\\/\\\/secure.gravatar.com\\\/avatar\\\/46ee021475d60aeff17a7e490b79dea5a5684bb392ab7fd1494027411df8ba23?s=96&d=mm&r=g\",\"caption\":\"Lea Couderc\"}}]}<\/script>\n<!-- \/ Yoast SEO plugin. -->","yoast_head_json":{"title":"Alberto Hemsi, a composer serving Sephardic culture - Institut Europ\u00e9en des Musiques Juives","robots":{"index":"index","follow":"follow","max-snippet":"max-snippet:-1","max-image-preview":"max-image-preview:large","max-video-preview":"max-video-preview:-1"},"canonical":"https:\/\/www.iemj.org\/en\/video-alberto-hemsi-un-compositeur-au-service-de-la-culture-sefarade\/","og_locale":"en_US","og_type":"article","og_title":"Alberto Hemsi, a composer serving Sephardic culture - Institut Europ\u00e9en des Musiques Juives","og_description":"This video, made with archives from the EIJM, describes the life of the Spanish-Jewish composer Alberto Hemsi (1896-1975).[1]There is some uncertainty about Alberto Hemsi\u2019s date of birth (1896, 1897 or","og_url":"https:\/\/www.iemj.org\/en\/video-alberto-hemsi-un-compositeur-au-service-de-la-culture-sefarade\/","og_site_name":"Institut Europ\u00e9en des Musiques Juives","article_publisher":"https:\/\/www.facebook.com\/MusiquesJuives\/","article_published_time":"2018-03-22T09:29:45+00:00","article_modified_time":"2025-02-25T14:10:59+00:00","og_image":[{"width":500,"height":549,"url":"https:\/\/www.iemj.org\/wp-content\/uploads\/2018\/03\/arton3264-e1617888694852.jpg","type":"image\/jpeg"}],"author":"Lea Couderc","twitter_card":"summary_large_image","twitter_misc":{"Written by":"Lea Couderc","Est. reading time":"1 minute"},"schema":{"@context":"https:\/\/schema.org","@graph":[{"@type":"Article","@id":"https:\/\/www.iemj.org\/en\/video-alberto-hemsi-un-compositeur-au-service-de-la-culture-sefarade\/#article","isPartOf":{"@id":"https:\/\/www.iemj.org\/en\/video-alberto-hemsi-un-compositeur-au-service-de-la-culture-sefarade\/"},"author":{"name":"Lea Couderc","@id":"https:\/\/www.iemj.org\/en\/#\/schema\/person\/e2ad57f2c4be119c7ed8ab79036807a9"},"headline":"Alberto Hemsi, a composer serving Sephardic culture","datePublished":"2018-03-22T09:29:45+00:00","dateModified":"2025-02-25T14:10:59+00:00","mainEntityOfPage":{"@id":"https:\/\/www.iemj.org\/en\/video-alberto-hemsi-un-compositeur-au-service-de-la-culture-sefarade\/"},"wordCount":127,"publisher":{"@id":"https:\/\/www.iemj.org\/en\/#organization"},"image":{"@id":"https:\/\/www.iemj.org\/en\/video-alberto-hemsi-un-compositeur-au-service-de-la-culture-sefarade\/#primaryimage"},"thumbnailUrl":"https:\/\/www.iemj.org\/wp-content\/uploads\/2018\/03\/arton3264-e1617888694852.jpg","articleSection":["TV programs \/ Videos"],"inLanguage":"en-US"},{"@type":"WebPage","@id":"https:\/\/www.iemj.org\/en\/video-alberto-hemsi-un-compositeur-au-service-de-la-culture-sefarade\/","url":"https:\/\/www.iemj.org\/en\/video-alberto-hemsi-un-compositeur-au-service-de-la-culture-sefarade\/","name":"Alberto Hemsi, a composer serving Sephardic culture - Institut Europ\u00e9en des Musiques Juives","isPartOf":{"@id":"https:\/\/www.iemj.org\/en\/#website"},"primaryImageOfPage":{"@id":"https:\/\/www.iemj.org\/en\/video-alberto-hemsi-un-compositeur-au-service-de-la-culture-sefarade\/#primaryimage"},"image":{"@id":"https:\/\/www.iemj.org\/en\/video-alberto-hemsi-un-compositeur-au-service-de-la-culture-sefarade\/#primaryimage"},"thumbnailUrl":"https:\/\/www.iemj.org\/wp-content\/uploads\/2018\/03\/arton3264-e1617888694852.jpg","datePublished":"2018-03-22T09:29:45+00:00","dateModified":"2025-02-25T14:10:59+00:00","breadcrumb":{"@id":"https:\/\/www.iemj.org\/en\/video-alberto-hemsi-un-compositeur-au-service-de-la-culture-sefarade\/#breadcrumb"},"inLanguage":"en-US","potentialAction":[{"@type":"ReadAction","target":["https:\/\/www.iemj.org\/en\/video-alberto-hemsi-un-compositeur-au-service-de-la-culture-sefarade\/"]}]},{"@type":"ImageObject","inLanguage":"en-US","@id":"https:\/\/www.iemj.org\/en\/video-alberto-hemsi-un-compositeur-au-service-de-la-culture-sefarade\/#primaryimage","url":"https:\/\/www.iemj.org\/wp-content\/uploads\/2018\/03\/arton3264-e1617888694852.jpg","contentUrl":"https:\/\/www.iemj.org\/wp-content\/uploads\/2018\/03\/arton3264-e1617888694852.jpg","width":500,"height":549},{"@type":"BreadcrumbList","@id":"https:\/\/www.iemj.org\/en\/video-alberto-hemsi-un-compositeur-au-service-de-la-culture-sefarade\/#breadcrumb","itemListElement":[{"@type":"ListItem","position":1,"name":"Accueil","item":"https:\/\/www.iemj.org\/en\/"},{"@type":"ListItem","position":2,"name":"Alberto Hemsi, a composer serving Sephardic culture"}]},{"@type":"WebSite","@id":"https:\/\/www.iemj.org\/en\/#website","url":"https:\/\/www.iemj.org\/en\/","name":"Institut Europ\u00e9en des Musiques Juives","description":"Des traditions musicales \u00e0 la port\u00e9e de tous","publisher":{"@id":"https:\/\/www.iemj.org\/en\/#organization"},"potentialAction":[{"@type":"SearchAction","target":{"@type":"EntryPoint","urlTemplate":"https:\/\/www.iemj.org\/en\/?s={search_term_string}"},"query-input":{"@type":"PropertyValueSpecification","valueRequired":true,"valueName":"search_term_string"}}],"inLanguage":"en-US"},{"@type":"Organization","@id":"https:\/\/www.iemj.org\/en\/#organization","name":"Institut Europ\u00e9en des Musiques Juives","url":"https:\/\/www.iemj.org\/en\/","logo":{"@type":"ImageObject","inLanguage":"en-US","@id":"https:\/\/www.iemj.org\/en\/#\/schema\/logo\/image\/","url":"https:\/\/www.iemj.org\/wp-content\/uploads\/2021\/09\/Logo-IEMJ-Paypal.jpg","contentUrl":"https:\/\/www.iemj.org\/wp-content\/uploads\/2021\/09\/Logo-IEMJ-Paypal.jpg","width":150,"height":50,"caption":"Institut Europ\u00e9en des Musiques Juives"},"image":{"@id":"https:\/\/www.iemj.org\/en\/#\/schema\/logo\/image\/"},"sameAs":["https:\/\/www.facebook.com\/MusiquesJuives\/","https:\/\/www.instagram.com\/musiquesjuives\/","https:\/\/www.youtube.com\/user\/musiquesjuives"]},{"@type":"Person","@id":"https:\/\/www.iemj.org\/en\/#\/schema\/person\/e2ad57f2c4be119c7ed8ab79036807a9","name":"Lea Couderc","image":{"@type":"ImageObject","inLanguage":"en-US","@id":"https:\/\/secure.gravatar.com\/avatar\/46ee021475d60aeff17a7e490b79dea5a5684bb392ab7fd1494027411df8ba23?s=96&d=mm&r=g","url":"https:\/\/secure.gravatar.com\/avatar\/46ee021475d60aeff17a7e490b79dea5a5684bb392ab7fd1494027411df8ba23?s=96&d=mm&r=g","contentUrl":"https:\/\/secure.gravatar.com\/avatar\/46ee021475d60aeff17a7e490b79dea5a5684bb392ab7fd1494027411df8ba23?s=96&d=mm&r=g","caption":"Lea Couderc"}}]}},"_links":{"self":[{"href":"https:\/\/www.iemj.org\/en\/wp-json\/wp\/v2\/posts\/46486","targetHints":{"allow":["GET"]}}],"collection":[{"href":"https:\/\/www.iemj.org\/en\/wp-json\/wp\/v2\/posts"}],"about":[{"href":"https:\/\/www.iemj.org\/en\/wp-json\/wp\/v2\/types\/post"}],"author":[{"embeddable":true,"href":"https:\/\/www.iemj.org\/en\/wp-json\/wp\/v2\/users\/1052"}],"replies":[{"embeddable":true,"href":"https:\/\/www.iemj.org\/en\/wp-json\/wp\/v2\/comments?post=46486"}],"version-history":[{"count":0,"href":"https:\/\/www.iemj.org\/en\/wp-json\/wp\/v2\/posts\/46486\/revisions"}],"wp:featuredmedia":[{"embeddable":true,"href":"https:\/\/www.iemj.org\/en\/wp-json\/wp\/v2\/media\/18850"}],"wp:attachment":[{"href":"https:\/\/www.iemj.org\/en\/wp-json\/wp\/v2\/media?parent=46486"}],"wp:term":[{"taxonomy":"category","embeddable":true,"href":"https:\/\/www.iemj.org\/en\/wp-json\/wp\/v2\/categories?post=46486"},{"taxonomy":"post_tag","embeddable":true,"href":"https:\/\/www.iemj.org\/en\/wp-json\/wp\/v2\/tags?post=46486"},{"taxonomy":"technique","embeddable":true,"href":"https:\/\/www.iemj.org\/en\/wp-json\/wp\/v2\/technique?post=46486"},{"taxonomy":"squelettes","embeddable":true,"href":"https:\/\/www.iemj.org\/en\/wp-json\/wp\/v2\/squelettes?post=46486"},{"taxonomy":"sujet","embeddable":true,"href":"https:\/\/www.iemj.org\/en\/wp-json\/wp\/v2\/sujet?post=46486"},{"taxonomy":"formation","embeddable":true,"href":"https:\/\/www.iemj.org\/en\/wp-json\/wp\/v2\/formation?post=46486"},{"taxonomy":"genre","embeddable":true,"href":"https:\/\/www.iemj.org\/en\/wp-json\/wp\/v2\/genre?post=46486"},{"taxonomy":"fonds","embeddable":true,"href":"https:\/\/www.iemj.org\/en\/wp-json\/wp\/v2\/fonds?post=46486"},{"taxonomy":"tradition","embeddable":true,"href":"https:\/\/www.iemj.org\/en\/wp-json\/wp\/v2\/tradition?post=46486"},{"taxonomy":"type-de-contenu","embeddable":true,"href":"https:\/\/www.iemj.org\/en\/wp-json\/wp\/v2\/type-de-contenu?post=46486"},{"taxonomy":"interprete-compositeur","embeddable":true,"href":"https:\/\/www.iemj.org\/en\/wp-json\/wp\/v2\/interprete-compositeur?post=46486"},{"taxonomy":"frise","embeddable":true,"href":"https:\/\/www.iemj.org\/en\/wp-json\/wp\/v2\/frise?post=46486"},{"taxonomy":"type-devenement","embeddable":true,"href":"https:\/\/www.iemj.org\/en\/wp-json\/wp\/v2\/type-devenement?post=46486"},{"taxonomy":"tableaux-liens-externes","embeddable":true,"href":"https:\/\/www.iemj.org\/en\/wp-json\/wp\/v2\/tableaux-liens-externes?post=46486"}],"curies":[{"name":"wp","href":"https:\/\/api.w.org\/{rel}","templated":true}]}}