{"id":46730,"date":"2019-10-02T15:34:50","date_gmt":"2019-10-02T13:34:50","guid":{"rendered":"https:\/\/www.iemj.org\/jacques-offenbach-et-ses-proches-de-la-synagogue-a-lopera\/"},"modified":"2025-08-27T11:38:55","modified_gmt":"2025-08-27T09:38:55","slug":"jacques-offenbach-et-ses-proches-de-la-synagogue-a-lopera","status":"publish","type":"post","link":"https:\/\/www.iemj.org\/en\/jacques-offenbach-et-ses-proches-de-la-synagogue-a-lopera\/","title":{"rendered":"Jacques Offenbach and friends &#8211; From the Synagogue to the Opera"},"content":{"rendered":"\n<div class=\"wp-block-group\"><div class=\"wp-block-group__inner-container is-layout-flow wp-block-group-is-layout-flow\">\n<p><!--more--><\/p>\n<p>Few music lovers know that Jacques Offenbach (1819-1880), named \u00ab the Mozart of Champs Elys\u00e9es \u00bb by Rossini, took parts of his musical inspiration from the synagogal chants that he learned in his childhood, from his father Isaac Offenbach, musician, composer and cantor in Cologne\u2019s synagogue, in Germany. <br \/>Since his arrival in Paris in 1833, and throughout his career, Jacques Offenbach would work with other music composers of Jewish origin who, like him, could move with incredible ease from the synagogue to the opera stage, from light music to synagogal chants, abolishing thus borders between genres, in the splendour of 19th century\u2019s Paris.<\/p>\n<p>Published on the occasion of the bicentenary of Jacques Offenbach\u2019s birth, this CD allows us to discover <strong>unreleased Hebrew works by Isaac and Jacques Offenbach, Giacomo Meyerbeer, Jules Erlanger, Emile Jonas, and Fromental Hal\u00e9vy<\/strong>, creator of the psalm 130 <em>Mimaamakim<\/em> [<em>De profundis<\/em>] ordered by Louis XVIII in 1820 at the Consistoire de la Seine, to commemorate the death of the Duke of Berry.<\/p>\n<p>A wonderful recording, which comes with a 32 pages booklet, performed by the vocal ensemble La Truite Lyrique and the Polyphonies H\u00e9bra\u00efques de Strasbourg conducted by Hector Sabo.<\/p>\n<p>This CD was produced thanks to the support of the <a href=\"https:\/\/www.fondationjudaisme.org\/\">Fondation du Juda\u00efsme Fran\u00e7ais<\/a>, the <a href=\"http:\/\/www.fondationshoah.org\/\">Fondation pour la M\u00e9moire de la Shoah<\/a>, the Foundations <a href=\"https:\/\/www.iemj.org\/en\/the-henriette-halphen-foundation\/\">Henriette Halphen<\/a> and Ir\u00e8ne et Jacques Darmon, under the aegis of the FJF, and the <a href=\"https:\/\/www.aiu.org\/fr\/alliance-israelite-universelle\">Alliance Isra\u00e9lite Universelle<\/a>.<\/p>\n<h2><a href=\"https:\/\/www.iemj.org\/en\/product\/jacques-offenbach-and-friends-from-the-synagogue-to-the-opera\/\">Purchase the <strong>CD Jacques Offenbach and friends &#8211; From the synagogue to the opera<\/strong> &#8211; online on the EIJM\u2019s shop<\/a><\/h2>\n\n\n\n<div class=\"wp-block-group\"><div class=\"wp-block-group__inner-container is-layout-flow wp-block-group-is-layout-flow\">\n<figure class=\"wp-block-embed is-type-video is-provider-youtube wp-block-embed-youtube wp-embed-aspect-16-9 wp-has-aspect-ratio\"><div class=\"wp-block-embed__wrapper\">\n<iframe title=\"Offenbach et ses proches #14 INVITE DE LA MATINALE LISE GUTMANN\" width=\"640\" height=\"360\" src=\"https:\/\/www.youtube.com\/embed\/k2rgdBQ4yZE?feature=oembed\" frameborder=\"0\" allow=\"accelerometer; autoplay; clipboard-write; encrypted-media; gyroscope; picture-in-picture; web-share\" referrerpolicy=\"strict-origin-when-cross-origin\" allowfullscreen><\/iframe>\n<\/div><figcaption class=\"wp-element-caption\"><strong>Watch the interview of Herv\u00e9 Roten, guest in the Matinale by Lise Gutmann on Juda\u00efques FM on October 29, 2019 for the release of the album and the IEMJ gala on &#8220;Offenbach and friends&#8221;<\/strong><\/figcaption><\/figure>\n<\/div><\/div>\n\n\n<div class=\"wp-block-image\">\n<figure class=\"aligncenter size-large\"><img fetchpriority=\"high\" decoding=\"async\" width=\"1024\" height=\"133\" src=\"https:\/\/www.iemj.org\/wp-content\/uploads\/2024\/03\/AUDIO-PLAYER-1024x133.png\" alt=\"\" class=\"wp-image-110607\" srcset=\"https:\/\/www.iemj.org\/wp-content\/uploads\/2024\/03\/AUDIO-PLAYER-1024x133.png 1024w, https:\/\/www.iemj.org\/wp-content\/uploads\/2024\/03\/AUDIO-PLAYER-300x39.png 300w, https:\/\/www.iemj.org\/wp-content\/uploads\/2024\/03\/AUDIO-PLAYER-768x100.png 768w, https:\/\/www.iemj.org\/wp-content\/uploads\/2024\/03\/AUDIO-PLAYER-600x78.png 600w, https:\/\/www.iemj.org\/wp-content\/uploads\/2024\/03\/AUDIO-PLAYER.png 1210w\" sizes=\"(max-width: 1024px) 100vw, 1024px\" \/><\/figure>\n<\/div>\n\n\n<p><\/p>\n<\/div><\/div>\n\n\n\n<p><\/p>\n","protected":false},"excerpt":{"rendered":"","protected":false},"author":5,"featured_media":24908,"comment_status":"closed","ping_status":"closed","sticky":false,"template":"","format":"standard","meta":{"_acf_changed":false,"footnotes":""},"categories":[1392,2198,1389],"tags":[],"technique":[],"squelettes":[],"sujet":[],"formation":[],"genre":[1117,1116],"fonds":[],"tradition":[],"type-de-contenu":[],"interprete-compositeur":[3203],"frise":[],"type-devenement":[],"tableaux-liens-externes":[],"class_list":["post-46730","post","type-post","status-publish","format-standard","has-post-thumbnail","hentry","category-cd-eijm-en","category-classical-music-collection-en","category-publications-en","genre-classical-music","genre-liturgy","interprete-compositeur-jacques-offenbach-en-2"],"acf":[],"yoast_head":"<!-- This site is optimized with the Yoast SEO plugin v27.3 - https:\/\/yoast.com\/product\/yoast-seo-wordpress\/ -->\n<title>Jacques Offenbach and friends - From the Synagogue to the Opera - Institut Europ\u00e9en des Musiques Juives<\/title>\n<meta name=\"robots\" content=\"index, follow, max-snippet:-1, max-image-preview:large, max-video-preview:-1\" \/>\n<link rel=\"canonical\" href=\"https:\/\/www.iemj.org\/en\/jacques-offenbach-et-ses-proches-de-la-synagogue-a-lopera\/\" \/>\n<meta property=\"og:locale\" content=\"en_US\" \/>\n<meta property=\"og:type\" content=\"article\" \/>\n<meta property=\"og:title\" content=\"Jacques Offenbach and friends - From the Synagogue to the Opera - Institut Europ\u00e9en des Musiques Juives\" \/>\n<meta property=\"og:url\" content=\"https:\/\/www.iemj.org\/en\/jacques-offenbach-et-ses-proches-de-la-synagogue-a-lopera\/\" \/>\n<meta property=\"og:site_name\" content=\"Institut Europ\u00e9en des Musiques Juives\" \/>\n<meta property=\"article:publisher\" content=\"https:\/\/www.facebook.com\/MusiquesJuives\/\" \/>\n<meta property=\"article:published_time\" content=\"2019-10-02T13:34:50+00:00\" \/>\n<meta property=\"article:modified_time\" content=\"2025-08-27T09:38:55+00:00\" \/>\n<meta property=\"og:image\" content=\"https:\/\/www.iemj.org\/wp-content\/uploads\/2019\/10\/arton4330.jpg\" \/>\n\t<meta property=\"og:image:width\" content=\"526\" \/>\n\t<meta property=\"og:image:height\" content=\"515\" \/>\n\t<meta property=\"og:image:type\" content=\"image\/jpeg\" \/>\n<meta name=\"author\" content=\"Jacqueline ROTEN\" \/>\n<meta name=\"twitter:card\" content=\"summary_large_image\" \/>\n<meta name=\"twitter:label1\" content=\"Written by\" \/>\n\t<meta name=\"twitter:data1\" content=\"Jacqueline ROTEN\" \/>\n\t<meta name=\"twitter:label2\" content=\"Est. reading time\" \/>\n\t<meta name=\"twitter:data2\" content=\"2 minutes\" \/>\n<script type=\"application\/ld+json\" class=\"yoast-schema-graph\">{\"@context\":\"https:\\\/\\\/schema.org\",\"@graph\":[{\"@type\":\"Article\",\"@id\":\"https:\\\/\\\/www.iemj.org\\\/en\\\/jacques-offenbach-et-ses-proches-de-la-synagogue-a-lopera\\\/#article\",\"isPartOf\":{\"@id\":\"https:\\\/\\\/www.iemj.org\\\/en\\\/jacques-offenbach-et-ses-proches-de-la-synagogue-a-lopera\\\/\"},\"author\":{\"name\":\"Jacqueline ROTEN\",\"@id\":\"https:\\\/\\\/www.iemj.org\\\/en\\\/#\\\/schema\\\/person\\\/358e26c18aca017fcc4cc15437f7279c\"},\"headline\":\"Jacques Offenbach and friends &#8211; From the Synagogue to the Opera\",\"datePublished\":\"2019-10-02T13:34:50+00:00\",\"dateModified\":\"2025-08-27T09:38:55+00:00\",\"mainEntityOfPage\":{\"@id\":\"https:\\\/\\\/www.iemj.org\\\/en\\\/jacques-offenbach-et-ses-proches-de-la-synagogue-a-lopera\\\/\"},\"wordCount\":313,\"publisher\":{\"@id\":\"https:\\\/\\\/www.iemj.org\\\/en\\\/#organization\"},\"image\":{\"@id\":\"https:\\\/\\\/www.iemj.org\\\/en\\\/jacques-offenbach-et-ses-proches-de-la-synagogue-a-lopera\\\/#primaryimage\"},\"thumbnailUrl\":\"https:\\\/\\\/www.iemj.org\\\/wp-content\\\/uploads\\\/2019\\\/10\\\/arton4330.jpg\",\"articleSection\":[\"CD EIJM\",\"Classical music Collection\",\"Publications\"],\"inLanguage\":\"en-US\"},{\"@type\":\"WebPage\",\"@id\":\"https:\\\/\\\/www.iemj.org\\\/en\\\/jacques-offenbach-et-ses-proches-de-la-synagogue-a-lopera\\\/\",\"url\":\"https:\\\/\\\/www.iemj.org\\\/en\\\/jacques-offenbach-et-ses-proches-de-la-synagogue-a-lopera\\\/\",\"name\":\"Jacques Offenbach and friends - From the Synagogue to the Opera - Institut Europ\u00e9en des Musiques Juives\",\"isPartOf\":{\"@id\":\"https:\\\/\\\/www.iemj.org\\\/en\\\/#website\"},\"primaryImageOfPage\":{\"@id\":\"https:\\\/\\\/www.iemj.org\\\/en\\\/jacques-offenbach-et-ses-proches-de-la-synagogue-a-lopera\\\/#primaryimage\"},\"image\":{\"@id\":\"https:\\\/\\\/www.iemj.org\\\/en\\\/jacques-offenbach-et-ses-proches-de-la-synagogue-a-lopera\\\/#primaryimage\"},\"thumbnailUrl\":\"https:\\\/\\\/www.iemj.org\\\/wp-content\\\/uploads\\\/2019\\\/10\\\/arton4330.jpg\",\"datePublished\":\"2019-10-02T13:34:50+00:00\",\"dateModified\":\"2025-08-27T09:38:55+00:00\",\"breadcrumb\":{\"@id\":\"https:\\\/\\\/www.iemj.org\\\/en\\\/jacques-offenbach-et-ses-proches-de-la-synagogue-a-lopera\\\/#breadcrumb\"},\"inLanguage\":\"en-US\",\"potentialAction\":[{\"@type\":\"ReadAction\",\"target\":[\"https:\\\/\\\/www.iemj.org\\\/en\\\/jacques-offenbach-et-ses-proches-de-la-synagogue-a-lopera\\\/\"]}]},{\"@type\":\"ImageObject\",\"inLanguage\":\"en-US\",\"@id\":\"https:\\\/\\\/www.iemj.org\\\/en\\\/jacques-offenbach-et-ses-proches-de-la-synagogue-a-lopera\\\/#primaryimage\",\"url\":\"https:\\\/\\\/www.iemj.org\\\/wp-content\\\/uploads\\\/2019\\\/10\\\/arton4330.jpg\",\"contentUrl\":\"https:\\\/\\\/www.iemj.org\\\/wp-content\\\/uploads\\\/2019\\\/10\\\/arton4330.jpg\",\"width\":526,\"height\":515},{\"@type\":\"BreadcrumbList\",\"@id\":\"https:\\\/\\\/www.iemj.org\\\/en\\\/jacques-offenbach-et-ses-proches-de-la-synagogue-a-lopera\\\/#breadcrumb\",\"itemListElement\":[{\"@type\":\"ListItem\",\"position\":1,\"name\":\"Accueil\",\"item\":\"https:\\\/\\\/www.iemj.org\\\/en\\\/\"},{\"@type\":\"ListItem\",\"position\":2,\"name\":\"Jacques Offenbach and friends &#8211; From the Synagogue to the Opera\"}]},{\"@type\":\"WebSite\",\"@id\":\"https:\\\/\\\/www.iemj.org\\\/en\\\/#website\",\"url\":\"https:\\\/\\\/www.iemj.org\\\/en\\\/\",\"name\":\"Institut Europ\u00e9en des Musiques Juives\",\"description\":\"Des traditions musicales \u00e0 la port\u00e9e de tous\",\"publisher\":{\"@id\":\"https:\\\/\\\/www.iemj.org\\\/en\\\/#organization\"},\"potentialAction\":[{\"@type\":\"SearchAction\",\"target\":{\"@type\":\"EntryPoint\",\"urlTemplate\":\"https:\\\/\\\/www.iemj.org\\\/en\\\/?s={search_term_string}\"},\"query-input\":{\"@type\":\"PropertyValueSpecification\",\"valueRequired\":true,\"valueName\":\"search_term_string\"}}],\"inLanguage\":\"en-US\"},{\"@type\":\"Organization\",\"@id\":\"https:\\\/\\\/www.iemj.org\\\/en\\\/#organization\",\"name\":\"Institut Europ\u00e9en des Musiques Juives\",\"url\":\"https:\\\/\\\/www.iemj.org\\\/en\\\/\",\"logo\":{\"@type\":\"ImageObject\",\"inLanguage\":\"en-US\",\"@id\":\"https:\\\/\\\/www.iemj.org\\\/en\\\/#\\\/schema\\\/logo\\\/image\\\/\",\"url\":\"https:\\\/\\\/www.iemj.org\\\/wp-content\\\/uploads\\\/2021\\\/09\\\/Logo-IEMJ-Paypal.jpg\",\"contentUrl\":\"https:\\\/\\\/www.iemj.org\\\/wp-content\\\/uploads\\\/2021\\\/09\\\/Logo-IEMJ-Paypal.jpg\",\"width\":150,\"height\":50,\"caption\":\"Institut Europ\u00e9en des Musiques Juives\"},\"image\":{\"@id\":\"https:\\\/\\\/www.iemj.org\\\/en\\\/#\\\/schema\\\/logo\\\/image\\\/\"},\"sameAs\":[\"https:\\\/\\\/www.facebook.com\\\/MusiquesJuives\\\/\",\"https:\\\/\\\/www.instagram.com\\\/musiquesjuives\\\/\",\"https:\\\/\\\/www.youtube.com\\\/user\\\/musiquesjuives\"]},{\"@type\":\"Person\",\"@id\":\"https:\\\/\\\/www.iemj.org\\\/en\\\/#\\\/schema\\\/person\\\/358e26c18aca017fcc4cc15437f7279c\",\"name\":\"Jacqueline ROTEN\",\"image\":{\"@type\":\"ImageObject\",\"inLanguage\":\"en-US\",\"@id\":\"https:\\\/\\\/secure.gravatar.com\\\/avatar\\\/5964256d6c6957de3a3505278957e0fb2a35119ac47ea41827a65301213c810b?s=96&d=mm&r=g\",\"url\":\"https:\\\/\\\/secure.gravatar.com\\\/avatar\\\/5964256d6c6957de3a3505278957e0fb2a35119ac47ea41827a65301213c810b?s=96&d=mm&r=g\",\"contentUrl\":\"https:\\\/\\\/secure.gravatar.com\\\/avatar\\\/5964256d6c6957de3a3505278957e0fb2a35119ac47ea41827a65301213c810b?s=96&d=mm&r=g\",\"caption\":\"Jacqueline ROTEN\"}}]}<\/script>\n<!-- \/ Yoast SEO plugin. -->","yoast_head_json":{"title":"Jacques Offenbach and friends - From the Synagogue to the Opera - Institut Europ\u00e9en des Musiques Juives","robots":{"index":"index","follow":"follow","max-snippet":"max-snippet:-1","max-image-preview":"max-image-preview:large","max-video-preview":"max-video-preview:-1"},"canonical":"https:\/\/www.iemj.org\/en\/jacques-offenbach-et-ses-proches-de-la-synagogue-a-lopera\/","og_locale":"en_US","og_type":"article","og_title":"Jacques Offenbach and friends - From the Synagogue to the Opera - Institut Europ\u00e9en des Musiques Juives","og_url":"https:\/\/www.iemj.org\/en\/jacques-offenbach-et-ses-proches-de-la-synagogue-a-lopera\/","og_site_name":"Institut Europ\u00e9en des Musiques Juives","article_publisher":"https:\/\/www.facebook.com\/MusiquesJuives\/","article_published_time":"2019-10-02T13:34:50+00:00","article_modified_time":"2025-08-27T09:38:55+00:00","og_image":[{"width":526,"height":515,"url":"https:\/\/www.iemj.org\/wp-content\/uploads\/2019\/10\/arton4330.jpg","type":"image\/jpeg"}],"author":"Jacqueline ROTEN","twitter_card":"summary_large_image","twitter_misc":{"Written by":"Jacqueline ROTEN","Est. reading time":"2 minutes"},"schema":{"@context":"https:\/\/schema.org","@graph":[{"@type":"Article","@id":"https:\/\/www.iemj.org\/en\/jacques-offenbach-et-ses-proches-de-la-synagogue-a-lopera\/#article","isPartOf":{"@id":"https:\/\/www.iemj.org\/en\/jacques-offenbach-et-ses-proches-de-la-synagogue-a-lopera\/"},"author":{"name":"Jacqueline ROTEN","@id":"https:\/\/www.iemj.org\/en\/#\/schema\/person\/358e26c18aca017fcc4cc15437f7279c"},"headline":"Jacques Offenbach and friends &#8211; From the Synagogue to the Opera","datePublished":"2019-10-02T13:34:50+00:00","dateModified":"2025-08-27T09:38:55+00:00","mainEntityOfPage":{"@id":"https:\/\/www.iemj.org\/en\/jacques-offenbach-et-ses-proches-de-la-synagogue-a-lopera\/"},"wordCount":313,"publisher":{"@id":"https:\/\/www.iemj.org\/en\/#organization"},"image":{"@id":"https:\/\/www.iemj.org\/en\/jacques-offenbach-et-ses-proches-de-la-synagogue-a-lopera\/#primaryimage"},"thumbnailUrl":"https:\/\/www.iemj.org\/wp-content\/uploads\/2019\/10\/arton4330.jpg","articleSection":["CD EIJM","Classical music Collection","Publications"],"inLanguage":"en-US"},{"@type":"WebPage","@id":"https:\/\/www.iemj.org\/en\/jacques-offenbach-et-ses-proches-de-la-synagogue-a-lopera\/","url":"https:\/\/www.iemj.org\/en\/jacques-offenbach-et-ses-proches-de-la-synagogue-a-lopera\/","name":"Jacques Offenbach and friends - From the Synagogue to the Opera - Institut Europ\u00e9en des Musiques Juives","isPartOf":{"@id":"https:\/\/www.iemj.org\/en\/#website"},"primaryImageOfPage":{"@id":"https:\/\/www.iemj.org\/en\/jacques-offenbach-et-ses-proches-de-la-synagogue-a-lopera\/#primaryimage"},"image":{"@id":"https:\/\/www.iemj.org\/en\/jacques-offenbach-et-ses-proches-de-la-synagogue-a-lopera\/#primaryimage"},"thumbnailUrl":"https:\/\/www.iemj.org\/wp-content\/uploads\/2019\/10\/arton4330.jpg","datePublished":"2019-10-02T13:34:50+00:00","dateModified":"2025-08-27T09:38:55+00:00","breadcrumb":{"@id":"https:\/\/www.iemj.org\/en\/jacques-offenbach-et-ses-proches-de-la-synagogue-a-lopera\/#breadcrumb"},"inLanguage":"en-US","potentialAction":[{"@type":"ReadAction","target":["https:\/\/www.iemj.org\/en\/jacques-offenbach-et-ses-proches-de-la-synagogue-a-lopera\/"]}]},{"@type":"ImageObject","inLanguage":"en-US","@id":"https:\/\/www.iemj.org\/en\/jacques-offenbach-et-ses-proches-de-la-synagogue-a-lopera\/#primaryimage","url":"https:\/\/www.iemj.org\/wp-content\/uploads\/2019\/10\/arton4330.jpg","contentUrl":"https:\/\/www.iemj.org\/wp-content\/uploads\/2019\/10\/arton4330.jpg","width":526,"height":515},{"@type":"BreadcrumbList","@id":"https:\/\/www.iemj.org\/en\/jacques-offenbach-et-ses-proches-de-la-synagogue-a-lopera\/#breadcrumb","itemListElement":[{"@type":"ListItem","position":1,"name":"Accueil","item":"https:\/\/www.iemj.org\/en\/"},{"@type":"ListItem","position":2,"name":"Jacques Offenbach and friends &#8211; From the Synagogue to the Opera"}]},{"@type":"WebSite","@id":"https:\/\/www.iemj.org\/en\/#website","url":"https:\/\/www.iemj.org\/en\/","name":"Institut Europ\u00e9en des Musiques Juives","description":"Des traditions musicales \u00e0 la port\u00e9e de tous","publisher":{"@id":"https:\/\/www.iemj.org\/en\/#organization"},"potentialAction":[{"@type":"SearchAction","target":{"@type":"EntryPoint","urlTemplate":"https:\/\/www.iemj.org\/en\/?s={search_term_string}"},"query-input":{"@type":"PropertyValueSpecification","valueRequired":true,"valueName":"search_term_string"}}],"inLanguage":"en-US"},{"@type":"Organization","@id":"https:\/\/www.iemj.org\/en\/#organization","name":"Institut Europ\u00e9en des Musiques Juives","url":"https:\/\/www.iemj.org\/en\/","logo":{"@type":"ImageObject","inLanguage":"en-US","@id":"https:\/\/www.iemj.org\/en\/#\/schema\/logo\/image\/","url":"https:\/\/www.iemj.org\/wp-content\/uploads\/2021\/09\/Logo-IEMJ-Paypal.jpg","contentUrl":"https:\/\/www.iemj.org\/wp-content\/uploads\/2021\/09\/Logo-IEMJ-Paypal.jpg","width":150,"height":50,"caption":"Institut Europ\u00e9en des Musiques Juives"},"image":{"@id":"https:\/\/www.iemj.org\/en\/#\/schema\/logo\/image\/"},"sameAs":["https:\/\/www.facebook.com\/MusiquesJuives\/","https:\/\/www.instagram.com\/musiquesjuives\/","https:\/\/www.youtube.com\/user\/musiquesjuives"]},{"@type":"Person","@id":"https:\/\/www.iemj.org\/en\/#\/schema\/person\/358e26c18aca017fcc4cc15437f7279c","name":"Jacqueline ROTEN","image":{"@type":"ImageObject","inLanguage":"en-US","@id":"https:\/\/secure.gravatar.com\/avatar\/5964256d6c6957de3a3505278957e0fb2a35119ac47ea41827a65301213c810b?s=96&d=mm&r=g","url":"https:\/\/secure.gravatar.com\/avatar\/5964256d6c6957de3a3505278957e0fb2a35119ac47ea41827a65301213c810b?s=96&d=mm&r=g","contentUrl":"https:\/\/secure.gravatar.com\/avatar\/5964256d6c6957de3a3505278957e0fb2a35119ac47ea41827a65301213c810b?s=96&d=mm&r=g","caption":"Jacqueline ROTEN"}}]}},"_links":{"self":[{"href":"https:\/\/www.iemj.org\/en\/wp-json\/wp\/v2\/posts\/46730","targetHints":{"allow":["GET"]}}],"collection":[{"href":"https:\/\/www.iemj.org\/en\/wp-json\/wp\/v2\/posts"}],"about":[{"href":"https:\/\/www.iemj.org\/en\/wp-json\/wp\/v2\/types\/post"}],"author":[{"embeddable":true,"href":"https:\/\/www.iemj.org\/en\/wp-json\/wp\/v2\/users\/5"}],"replies":[{"embeddable":true,"href":"https:\/\/www.iemj.org\/en\/wp-json\/wp\/v2\/comments?post=46730"}],"version-history":[{"count":0,"href":"https:\/\/www.iemj.org\/en\/wp-json\/wp\/v2\/posts\/46730\/revisions"}],"wp:featuredmedia":[{"embeddable":true,"href":"https:\/\/www.iemj.org\/en\/wp-json\/wp\/v2\/media\/24908"}],"wp:attachment":[{"href":"https:\/\/www.iemj.org\/en\/wp-json\/wp\/v2\/media?parent=46730"}],"wp:term":[{"taxonomy":"category","embeddable":true,"href":"https:\/\/www.iemj.org\/en\/wp-json\/wp\/v2\/categories?post=46730"},{"taxonomy":"post_tag","embeddable":true,"href":"https:\/\/www.iemj.org\/en\/wp-json\/wp\/v2\/tags?post=46730"},{"taxonomy":"technique","embeddable":true,"href":"https:\/\/www.iemj.org\/en\/wp-json\/wp\/v2\/technique?post=46730"},{"taxonomy":"squelettes","embeddable":true,"href":"https:\/\/www.iemj.org\/en\/wp-json\/wp\/v2\/squelettes?post=46730"},{"taxonomy":"sujet","embeddable":true,"href":"https:\/\/www.iemj.org\/en\/wp-json\/wp\/v2\/sujet?post=46730"},{"taxonomy":"formation","embeddable":true,"href":"https:\/\/www.iemj.org\/en\/wp-json\/wp\/v2\/formation?post=46730"},{"taxonomy":"genre","embeddable":true,"href":"https:\/\/www.iemj.org\/en\/wp-json\/wp\/v2\/genre?post=46730"},{"taxonomy":"fonds","embeddable":true,"href":"https:\/\/www.iemj.org\/en\/wp-json\/wp\/v2\/fonds?post=46730"},{"taxonomy":"tradition","embeddable":true,"href":"https:\/\/www.iemj.org\/en\/wp-json\/wp\/v2\/tradition?post=46730"},{"taxonomy":"type-de-contenu","embeddable":true,"href":"https:\/\/www.iemj.org\/en\/wp-json\/wp\/v2\/type-de-contenu?post=46730"},{"taxonomy":"interprete-compositeur","embeddable":true,"href":"https:\/\/www.iemj.org\/en\/wp-json\/wp\/v2\/interprete-compositeur?post=46730"},{"taxonomy":"frise","embeddable":true,"href":"https:\/\/www.iemj.org\/en\/wp-json\/wp\/v2\/frise?post=46730"},{"taxonomy":"type-devenement","embeddable":true,"href":"https:\/\/www.iemj.org\/en\/wp-json\/wp\/v2\/type-devenement?post=46730"},{"taxonomy":"tableaux-liens-externes","embeddable":true,"href":"https:\/\/www.iemj.org\/en\/wp-json\/wp\/v2\/tableaux-liens-externes?post=46730"}],"curies":[{"name":"wp","href":"https:\/\/api.w.org\/{rel}","templated":true}]}}