{"id":46804,"date":"2019-06-11T09:57:55","date_gmt":"2019-06-11T07:57:55","guid":{"rendered":"https:\/\/www.iemj.org\/concert-de-gala-de-liemj-5e-edition-de-la-synagogue-a-lopera-jacques-offenbach-et-ses-proches\/"},"modified":"2022-01-24T16:28:31","modified_gmt":"2022-01-24T15:28:31","slug":"concert-de-gala-de-liemj-5e-edition-de-la-synagogue-a-lopera-jacques-offenbach-et-ses-proches","status":"publish","type":"post","link":"https:\/\/www.iemj.org\/en\/concert-de-gala-de-liemj-5e-edition-de-la-synagogue-a-lopera-jacques-offenbach-et-ses-proches\/","title":{"rendered":"The EIJM\u2019s Gala Concert &#8211; 5th edition &#8211; From the synagogue to the opera : Jacques Offenbach and friends"},"content":{"rendered":"<p>\u00a0<\/p>\n<h2 style=\"text-align: center;\">SUNDAY 17th NOVEMBER 2019, 17 :30<\/h2>\n<h2 style=\"text-align: center;\">Salle Cortot &#8211; 78 rue Cardinet, 75017 Paris<\/h2>\n<p>\u00a0<\/p>\n<h2>From the synagogue \u00e0 l\u2019op\u00e9ra : Jacques Offenbach and friends<\/h2>\n<center><\/center>\n<h3 style=\"text-align: center;\"><strong>Original Hebrew works by Isaac and Jacques Offenbach, <\/strong><strong>Jacques Fromental Hal\u00e9vy, <\/strong><strong>Giacomo Meyerbeer, Jules Erlanger and Emile Jonas<\/strong><\/h3>\n<center>\n<h3><strong>By the Truite Lyrique\u00a0 Ensemble conducted by Hector Sabo<\/strong><\/h3>\n<p>\u00a0<\/p>\n<p>\u00a0<\/p>\n<\/center>\n<p>\u00a0<\/p>\n<p><!--more--><\/p>\n<p>Few music lovers know that <a href=\"https:\/\/www.iemj.org\/en\/offenbach-jacques-1819-1880\/\" target=\"_blank\" rel=\"noopener\">Jacques Offenbach<\/a>, called by Rossini &#8220;the Mozart of the Champs Elys\u00e9es&#8221;, drew some of his musical inspiration upon the synagogue chanting he learned as a child from his father Isaac Offenbach (1779-1850), musician, cantor and composer of religious music in the Cologne synagogue, in Germany. At the time of his arrival in Paris in 1833, and throughout his career, Jacques Offenbach (1819-1880) collaborated with other composers, who, like he, evolved from sacred synagogue music to high level lyrical art, that overtook the Parisian scene of the 19th century.<\/p>\n<p>On the occasion of the bicentenary of birth of Jacques Offenbach, the 5th edition of the European Institute of Jewish Music\u2019s Gala Concert, which will take place salle Cortot (Paris), on the 17th of November 2019 at 17h30, will present an original program entitled : \u00ab From the synagogue to the opera : Jacques Offenbach and friends \u00bb. One will hear several synagogal chorals by Jacques and Isaac Offenbach, as well as original or misknowned Hebrew works by composers friends with him, such as\u00a0<a href=\"https:\/\/www.iemj.org\/en\/halevy-jacques-francois-fromental-elie-1799-1862\/\" target=\"_blank\" rel=\"noopener\">Jacques Fromental Hal\u00e9vy<\/a> (Parisian creation by De profundis \/ Mimaamakim commissioned in 1820 by Louis XVIII for the death of his nephew the Duke of Berry), Giacomo Meyerbeer, Jules Erlanger or\u00a0<a href=\"https:\/\/www.iemj.org\/en\/jonas-emile-1827-1905\/\" target=\"_blank\" rel=\"noopener\">\u00c9mile Jonas<\/a>.<\/p>\n<p>From the synagogue\u2019s podium to the stage of the opera or operette, from synagogal chants to lyrical and light music, there is often only one dance step\u2026<\/p>\n<p>Concert followed by a\u00a0<strong>glass of friendship<\/strong>\u00a0with the artists (only for the\u00a0<strong>silver and golden tickets<\/strong>).<\/p>\n<p><strong>Fees :<\/strong> 15 \u20ac* &#8211; 25 \u20ac &#8211; 50 \u20ac** &#8211; 100 \u20ac** &#8211; 200 \u20ac**<br \/>* Fee for members of EIJM with their membership updated (limited number of tickets) &#8211; Purchasable only by bank check ordered to IEMJ, 29 rue Marcel Duchamp &#8211; 75013 Paris<br \/>** with receipt Cerfa on the donation part, which represents the price of the ticket minus 15 \u20ac<br \/>(Example : for a 100 \u20ac ticket, a Cerfa receipt of 85 \u20ac will be given)<\/p>\n<p><span style=\"font-size: x-large;\"><strong>Buy your tickets<\/strong> on the <strong><a href=\"https:\/\/www.iemj.org\/produit\/concert-de-gala-du-17-novembre-2019\/\">online shop<\/a><\/strong><\/span><\/p>\n<p><strong>Practical information:<\/strong><br \/><strong>SALLE CORTOT<\/strong>, Ecole Normale de Musique de Paris, 78 rue Cardinet, 75017 Paris<br \/>T\u00e9l : (0)1 47 63 47 48<br \/><a href=\"salle.cortot@ecolenormalecortot.com\">salle.cortot@ecolenormalecortot.com<\/a><br \/><a href=\"http:\/\/www.sallecortot.com\/\">http:\/\/www.sallecortot.com\/<\/a><br \/><a href=\"http:\/\/www.sallecortot.com\/infos_pratiques.htm\">http:\/\/www.sallecortot.com\/infos_pratiques.htm<\/a><\/p>\n<p><strong>Access:<\/strong><br \/>M\u00e9tro : ligne 3, station Malesherbes | ligne 2, station Monceau<br \/>Bus : lignes 31, 94 | Voiture : parking Villiers, 14 avenue de Villiers | Taxi : station au 155 bd Malesherbes<br \/>V\u00e9lib\u2019 : 64 rue de Tocqueville ou 20 rue de Phalsbourg<\/p>\n<p><a href=\"https:\/\/www.iemj.org\/wp-content\/uploads\/2019\/06\/communique_de_presse_gala_iemj_2019.pdf\">Download the previsionnal concert\u2019s program above (in French)<\/a><\/p>\n<p><a href=\"https:\/\/www.iemj.org\/wp-content\/uploads\/2019\/10\/flyer_gala_iemj_2019_pdf_v_light.pdf\">Download the flyer<\/a><\/p>\n<p><a href=\"https:\/\/www.iemj.org\/faire-un-don\/\" target=\"_blank\" rel=\"noopener\"><img decoding=\"async\" class=\"alignleft wp-image-14688 size-full\" src=\"https:\/\/www.iemj.org\/wp-content\/uploads\/2017\/07\/logo_faire_un_don-2.jpg\" alt=\"logo_faire_un_don-2.jpg\" width=\"132\" height=\"62\" align=\"left\" \/><\/a>You can also <a href=\"https:\/\/www.cfmj.fr\/en\/supportthe-institute\/donate-online-1737.html?lang=en\">support the European Institute of Jewish Music<\/a><a href=\"https:\/\/www.iemj.org\/faire-un-don\/\">\u00a0wit an\u00a0<\/a><a href=\"https:\/\/boutique.iemj.org\/en\/autres\/239-dons.html\">online donation<\/a><a href=\"https:\/\/www.iemj.org\/faire-un-don\/\">.<\/a> (A Cerfa receipt will be delivered).\u00a0<\/p>\n<h2>\u00a0<\/h2>\n<h2><a href=\"https:\/\/www.iemj.org\/en\/videos-du-concert-de-gala-de-linstitut-europeen-des-musiques-juives-edition-2019\/\" target=\"_blank\" rel=\"noopener\"><strong>Watch video excerpts of the concert<\/strong><\/a><\/h2>\n\n\n<p><\/p>\n","protected":false},"excerpt":{"rendered":"<p>\u00a0 SUNDAY 17th NOVEMBER 2019, 17 :30 Salle Cortot &#8211; 78 rue Cardinet, 75017 Paris \u00a0 From the synagogue \u00e0 l\u2019op\u00e9ra : Jacques Offenbach and friends Original Hebrew works by<\/p>\n","protected":false},"author":5,"featured_media":24258,"comment_status":"closed","ping_status":"open","sticky":false,"template":"","format":"standard","meta":{"_acf_changed":false,"footnotes":""},"categories":[1377,1369],"tags":[2222],"technique":[],"squelettes":[],"sujet":[],"formation":[],"genre":[],"fonds":[],"tradition":[],"type-de-contenu":[],"interprete-compositeur":[],"frise":[],"type-devenement":[],"tableaux-liens-externes":[],"class_list":["post-46804","post","type-post","status-publish","format-standard","has-post-thumbnail","hentry","category-concerts-events-en","category-events-en","tag-eijm-events-en"],"acf":[],"yoast_head":"<!-- This site is optimized with the Yoast SEO plugin v27.3 - https:\/\/yoast.com\/product\/yoast-seo-wordpress\/ -->\n<title>The EIJM\u2019s Gala Concert - 5th edition - From the synagogue to the opera : Jacques Offenbach and friends - Institut Europ\u00e9en des Musiques Juives<\/title>\n<meta name=\"robots\" content=\"index, follow, max-snippet:-1, max-image-preview:large, max-video-preview:-1\" \/>\n<link rel=\"canonical\" href=\"https:\/\/www.iemj.org\/en\/concert-de-gala-de-liemj-5e-edition-de-la-synagogue-a-lopera-jacques-offenbach-et-ses-proches\/\" \/>\n<meta property=\"og:locale\" content=\"en_US\" \/>\n<meta property=\"og:type\" content=\"article\" \/>\n<meta property=\"og:title\" content=\"The EIJM\u2019s Gala Concert - 5th edition - From the synagogue to the opera : Jacques Offenbach and friends - Institut Europ\u00e9en des Musiques Juives\" \/>\n<meta property=\"og:description\" content=\"\u00a0 SUNDAY 17th NOVEMBER 2019, 17 :30 Salle Cortot &#8211; 78 rue Cardinet, 75017 Paris \u00a0 From the synagogue \u00e0 l\u2019op\u00e9ra : Jacques Offenbach and friends Original Hebrew works by\" \/>\n<meta property=\"og:url\" content=\"https:\/\/www.iemj.org\/en\/concert-de-gala-de-liemj-5e-edition-de-la-synagogue-a-lopera-jacques-offenbach-et-ses-proches\/\" \/>\n<meta property=\"og:site_name\" content=\"Institut Europ\u00e9en des Musiques Juives\" \/>\n<meta property=\"article:publisher\" content=\"https:\/\/www.facebook.com\/MusiquesJuives\/\" \/>\n<meta property=\"article:published_time\" content=\"2019-06-11T07:57:55+00:00\" \/>\n<meta property=\"article:modified_time\" content=\"2022-01-24T15:28:31+00:00\" \/>\n<meta property=\"og:image\" content=\"https:\/\/www.iemj.org\/wp-content\/uploads\/2019\/06\/arton4205-e1622973269763.jpg\" \/>\n\t<meta property=\"og:image:width\" content=\"427\" \/>\n\t<meta property=\"og:image:height\" content=\"602\" \/>\n\t<meta property=\"og:image:type\" content=\"image\/jpeg\" \/>\n<meta name=\"author\" content=\"Jacqueline ROTEN\" \/>\n<meta name=\"twitter:card\" content=\"summary_large_image\" \/>\n<meta name=\"twitter:label1\" content=\"Written by\" \/>\n\t<meta name=\"twitter:data1\" content=\"Jacqueline ROTEN\" \/>\n\t<meta name=\"twitter:label2\" content=\"Est. reading time\" \/>\n\t<meta name=\"twitter:data2\" content=\"3 minutes\" \/>\n<script type=\"application\/ld+json\" class=\"yoast-schema-graph\">{\"@context\":\"https:\\\/\\\/schema.org\",\"@graph\":[{\"@type\":\"Article\",\"@id\":\"https:\\\/\\\/www.iemj.org\\\/en\\\/concert-de-gala-de-liemj-5e-edition-de-la-synagogue-a-lopera-jacques-offenbach-et-ses-proches\\\/#article\",\"isPartOf\":{\"@id\":\"https:\\\/\\\/www.iemj.org\\\/en\\\/concert-de-gala-de-liemj-5e-edition-de-la-synagogue-a-lopera-jacques-offenbach-et-ses-proches\\\/\"},\"author\":{\"name\":\"Jacqueline ROTEN\",\"@id\":\"https:\\\/\\\/www.iemj.org\\\/en\\\/#\\\/schema\\\/person\\\/358e26c18aca017fcc4cc15437f7279c\"},\"headline\":\"The EIJM\u2019s Gala Concert &#8211; 5th edition &#8211; From the synagogue to the opera : Jacques Offenbach and friends\",\"datePublished\":\"2019-06-11T07:57:55+00:00\",\"dateModified\":\"2022-01-24T15:28:31+00:00\",\"mainEntityOfPage\":{\"@id\":\"https:\\\/\\\/www.iemj.org\\\/en\\\/concert-de-gala-de-liemj-5e-edition-de-la-synagogue-a-lopera-jacques-offenbach-et-ses-proches\\\/\"},\"wordCount\":477,\"publisher\":{\"@id\":\"https:\\\/\\\/www.iemj.org\\\/en\\\/#organization\"},\"image\":{\"@id\":\"https:\\\/\\\/www.iemj.org\\\/en\\\/concert-de-gala-de-liemj-5e-edition-de-la-synagogue-a-lopera-jacques-offenbach-et-ses-proches\\\/#primaryimage\"},\"thumbnailUrl\":\"https:\\\/\\\/www.iemj.org\\\/wp-content\\\/uploads\\\/2019\\\/06\\\/arton4205-e1622973269763.jpg\",\"keywords\":[\"EIJM Events\"],\"articleSection\":[\"Concerts\",\"Events\"],\"inLanguage\":\"en-US\"},{\"@type\":\"WebPage\",\"@id\":\"https:\\\/\\\/www.iemj.org\\\/en\\\/concert-de-gala-de-liemj-5e-edition-de-la-synagogue-a-lopera-jacques-offenbach-et-ses-proches\\\/\",\"url\":\"https:\\\/\\\/www.iemj.org\\\/en\\\/concert-de-gala-de-liemj-5e-edition-de-la-synagogue-a-lopera-jacques-offenbach-et-ses-proches\\\/\",\"name\":\"The EIJM\u2019s Gala Concert - 5th edition - From the synagogue to the opera : Jacques Offenbach and friends - Institut Europ\u00e9en des Musiques Juives\",\"isPartOf\":{\"@id\":\"https:\\\/\\\/www.iemj.org\\\/en\\\/#website\"},\"primaryImageOfPage\":{\"@id\":\"https:\\\/\\\/www.iemj.org\\\/en\\\/concert-de-gala-de-liemj-5e-edition-de-la-synagogue-a-lopera-jacques-offenbach-et-ses-proches\\\/#primaryimage\"},\"image\":{\"@id\":\"https:\\\/\\\/www.iemj.org\\\/en\\\/concert-de-gala-de-liemj-5e-edition-de-la-synagogue-a-lopera-jacques-offenbach-et-ses-proches\\\/#primaryimage\"},\"thumbnailUrl\":\"https:\\\/\\\/www.iemj.org\\\/wp-content\\\/uploads\\\/2019\\\/06\\\/arton4205-e1622973269763.jpg\",\"datePublished\":\"2019-06-11T07:57:55+00:00\",\"dateModified\":\"2022-01-24T15:28:31+00:00\",\"breadcrumb\":{\"@id\":\"https:\\\/\\\/www.iemj.org\\\/en\\\/concert-de-gala-de-liemj-5e-edition-de-la-synagogue-a-lopera-jacques-offenbach-et-ses-proches\\\/#breadcrumb\"},\"inLanguage\":\"en-US\",\"potentialAction\":[{\"@type\":\"ReadAction\",\"target\":[\"https:\\\/\\\/www.iemj.org\\\/en\\\/concert-de-gala-de-liemj-5e-edition-de-la-synagogue-a-lopera-jacques-offenbach-et-ses-proches\\\/\"]}]},{\"@type\":\"ImageObject\",\"inLanguage\":\"en-US\",\"@id\":\"https:\\\/\\\/www.iemj.org\\\/en\\\/concert-de-gala-de-liemj-5e-edition-de-la-synagogue-a-lopera-jacques-offenbach-et-ses-proches\\\/#primaryimage\",\"url\":\"https:\\\/\\\/www.iemj.org\\\/wp-content\\\/uploads\\\/2019\\\/06\\\/arton4205-e1622973269763.jpg\",\"contentUrl\":\"https:\\\/\\\/www.iemj.org\\\/wp-content\\\/uploads\\\/2019\\\/06\\\/arton4205-e1622973269763.jpg\",\"width\":427,\"height\":602,\"caption\":\"Affiche concert gala IEMJ 2019\"},{\"@type\":\"BreadcrumbList\",\"@id\":\"https:\\\/\\\/www.iemj.org\\\/en\\\/concert-de-gala-de-liemj-5e-edition-de-la-synagogue-a-lopera-jacques-offenbach-et-ses-proches\\\/#breadcrumb\",\"itemListElement\":[{\"@type\":\"ListItem\",\"position\":1,\"name\":\"Accueil\",\"item\":\"https:\\\/\\\/www.iemj.org\\\/en\\\/\"},{\"@type\":\"ListItem\",\"position\":2,\"name\":\"The EIJM\u2019s Gala Concert &#8211; 5th edition &#8211; From the synagogue to the opera : Jacques Offenbach and friends\"}]},{\"@type\":\"WebSite\",\"@id\":\"https:\\\/\\\/www.iemj.org\\\/en\\\/#website\",\"url\":\"https:\\\/\\\/www.iemj.org\\\/en\\\/\",\"name\":\"Institut Europ\u00e9en des Musiques Juives\",\"description\":\"Des traditions musicales \u00e0 la port\u00e9e de tous\",\"publisher\":{\"@id\":\"https:\\\/\\\/www.iemj.org\\\/en\\\/#organization\"},\"potentialAction\":[{\"@type\":\"SearchAction\",\"target\":{\"@type\":\"EntryPoint\",\"urlTemplate\":\"https:\\\/\\\/www.iemj.org\\\/en\\\/?s={search_term_string}\"},\"query-input\":{\"@type\":\"PropertyValueSpecification\",\"valueRequired\":true,\"valueName\":\"search_term_string\"}}],\"inLanguage\":\"en-US\"},{\"@type\":\"Organization\",\"@id\":\"https:\\\/\\\/www.iemj.org\\\/en\\\/#organization\",\"name\":\"Institut Europ\u00e9en des Musiques Juives\",\"url\":\"https:\\\/\\\/www.iemj.org\\\/en\\\/\",\"logo\":{\"@type\":\"ImageObject\",\"inLanguage\":\"en-US\",\"@id\":\"https:\\\/\\\/www.iemj.org\\\/en\\\/#\\\/schema\\\/logo\\\/image\\\/\",\"url\":\"https:\\\/\\\/www.iemj.org\\\/wp-content\\\/uploads\\\/2021\\\/09\\\/Logo-IEMJ-Paypal.jpg\",\"contentUrl\":\"https:\\\/\\\/www.iemj.org\\\/wp-content\\\/uploads\\\/2021\\\/09\\\/Logo-IEMJ-Paypal.jpg\",\"width\":150,\"height\":50,\"caption\":\"Institut Europ\u00e9en des Musiques Juives\"},\"image\":{\"@id\":\"https:\\\/\\\/www.iemj.org\\\/en\\\/#\\\/schema\\\/logo\\\/image\\\/\"},\"sameAs\":[\"https:\\\/\\\/www.facebook.com\\\/MusiquesJuives\\\/\",\"https:\\\/\\\/www.instagram.com\\\/musiquesjuives\\\/\",\"https:\\\/\\\/www.youtube.com\\\/user\\\/musiquesjuives\"]},{\"@type\":\"Person\",\"@id\":\"https:\\\/\\\/www.iemj.org\\\/en\\\/#\\\/schema\\\/person\\\/358e26c18aca017fcc4cc15437f7279c\",\"name\":\"Jacqueline ROTEN\",\"image\":{\"@type\":\"ImageObject\",\"inLanguage\":\"en-US\",\"@id\":\"https:\\\/\\\/secure.gravatar.com\\\/avatar\\\/5964256d6c6957de3a3505278957e0fb2a35119ac47ea41827a65301213c810b?s=96&d=mm&r=g\",\"url\":\"https:\\\/\\\/secure.gravatar.com\\\/avatar\\\/5964256d6c6957de3a3505278957e0fb2a35119ac47ea41827a65301213c810b?s=96&d=mm&r=g\",\"contentUrl\":\"https:\\\/\\\/secure.gravatar.com\\\/avatar\\\/5964256d6c6957de3a3505278957e0fb2a35119ac47ea41827a65301213c810b?s=96&d=mm&r=g\",\"caption\":\"Jacqueline ROTEN\"}}]}<\/script>\n<!-- \/ Yoast SEO plugin. -->","yoast_head_json":{"title":"The EIJM\u2019s Gala Concert - 5th edition - From the synagogue to the opera : Jacques Offenbach and friends - Institut Europ\u00e9en des Musiques Juives","robots":{"index":"index","follow":"follow","max-snippet":"max-snippet:-1","max-image-preview":"max-image-preview:large","max-video-preview":"max-video-preview:-1"},"canonical":"https:\/\/www.iemj.org\/en\/concert-de-gala-de-liemj-5e-edition-de-la-synagogue-a-lopera-jacques-offenbach-et-ses-proches\/","og_locale":"en_US","og_type":"article","og_title":"The EIJM\u2019s Gala Concert - 5th edition - From the synagogue to the opera : Jacques Offenbach and friends - Institut Europ\u00e9en des Musiques Juives","og_description":"\u00a0 SUNDAY 17th NOVEMBER 2019, 17 :30 Salle Cortot &#8211; 78 rue Cardinet, 75017 Paris \u00a0 From the synagogue \u00e0 l\u2019op\u00e9ra : Jacques Offenbach and friends Original Hebrew works by","og_url":"https:\/\/www.iemj.org\/en\/concert-de-gala-de-liemj-5e-edition-de-la-synagogue-a-lopera-jacques-offenbach-et-ses-proches\/","og_site_name":"Institut Europ\u00e9en des Musiques Juives","article_publisher":"https:\/\/www.facebook.com\/MusiquesJuives\/","article_published_time":"2019-06-11T07:57:55+00:00","article_modified_time":"2022-01-24T15:28:31+00:00","og_image":[{"width":427,"height":602,"url":"https:\/\/www.iemj.org\/wp-content\/uploads\/2019\/06\/arton4205-e1622973269763.jpg","type":"image\/jpeg"}],"author":"Jacqueline ROTEN","twitter_card":"summary_large_image","twitter_misc":{"Written by":"Jacqueline ROTEN","Est. reading time":"3 minutes"},"schema":{"@context":"https:\/\/schema.org","@graph":[{"@type":"Article","@id":"https:\/\/www.iemj.org\/en\/concert-de-gala-de-liemj-5e-edition-de-la-synagogue-a-lopera-jacques-offenbach-et-ses-proches\/#article","isPartOf":{"@id":"https:\/\/www.iemj.org\/en\/concert-de-gala-de-liemj-5e-edition-de-la-synagogue-a-lopera-jacques-offenbach-et-ses-proches\/"},"author":{"name":"Jacqueline ROTEN","@id":"https:\/\/www.iemj.org\/en\/#\/schema\/person\/358e26c18aca017fcc4cc15437f7279c"},"headline":"The EIJM\u2019s Gala Concert &#8211; 5th edition &#8211; From the synagogue to the opera : Jacques Offenbach and friends","datePublished":"2019-06-11T07:57:55+00:00","dateModified":"2022-01-24T15:28:31+00:00","mainEntityOfPage":{"@id":"https:\/\/www.iemj.org\/en\/concert-de-gala-de-liemj-5e-edition-de-la-synagogue-a-lopera-jacques-offenbach-et-ses-proches\/"},"wordCount":477,"publisher":{"@id":"https:\/\/www.iemj.org\/en\/#organization"},"image":{"@id":"https:\/\/www.iemj.org\/en\/concert-de-gala-de-liemj-5e-edition-de-la-synagogue-a-lopera-jacques-offenbach-et-ses-proches\/#primaryimage"},"thumbnailUrl":"https:\/\/www.iemj.org\/wp-content\/uploads\/2019\/06\/arton4205-e1622973269763.jpg","keywords":["EIJM Events"],"articleSection":["Concerts","Events"],"inLanguage":"en-US"},{"@type":"WebPage","@id":"https:\/\/www.iemj.org\/en\/concert-de-gala-de-liemj-5e-edition-de-la-synagogue-a-lopera-jacques-offenbach-et-ses-proches\/","url":"https:\/\/www.iemj.org\/en\/concert-de-gala-de-liemj-5e-edition-de-la-synagogue-a-lopera-jacques-offenbach-et-ses-proches\/","name":"The EIJM\u2019s Gala Concert - 5th edition - From the synagogue to the opera : Jacques Offenbach and friends - Institut Europ\u00e9en des Musiques Juives","isPartOf":{"@id":"https:\/\/www.iemj.org\/en\/#website"},"primaryImageOfPage":{"@id":"https:\/\/www.iemj.org\/en\/concert-de-gala-de-liemj-5e-edition-de-la-synagogue-a-lopera-jacques-offenbach-et-ses-proches\/#primaryimage"},"image":{"@id":"https:\/\/www.iemj.org\/en\/concert-de-gala-de-liemj-5e-edition-de-la-synagogue-a-lopera-jacques-offenbach-et-ses-proches\/#primaryimage"},"thumbnailUrl":"https:\/\/www.iemj.org\/wp-content\/uploads\/2019\/06\/arton4205-e1622973269763.jpg","datePublished":"2019-06-11T07:57:55+00:00","dateModified":"2022-01-24T15:28:31+00:00","breadcrumb":{"@id":"https:\/\/www.iemj.org\/en\/concert-de-gala-de-liemj-5e-edition-de-la-synagogue-a-lopera-jacques-offenbach-et-ses-proches\/#breadcrumb"},"inLanguage":"en-US","potentialAction":[{"@type":"ReadAction","target":["https:\/\/www.iemj.org\/en\/concert-de-gala-de-liemj-5e-edition-de-la-synagogue-a-lopera-jacques-offenbach-et-ses-proches\/"]}]},{"@type":"ImageObject","inLanguage":"en-US","@id":"https:\/\/www.iemj.org\/en\/concert-de-gala-de-liemj-5e-edition-de-la-synagogue-a-lopera-jacques-offenbach-et-ses-proches\/#primaryimage","url":"https:\/\/www.iemj.org\/wp-content\/uploads\/2019\/06\/arton4205-e1622973269763.jpg","contentUrl":"https:\/\/www.iemj.org\/wp-content\/uploads\/2019\/06\/arton4205-e1622973269763.jpg","width":427,"height":602,"caption":"Affiche concert gala IEMJ 2019"},{"@type":"BreadcrumbList","@id":"https:\/\/www.iemj.org\/en\/concert-de-gala-de-liemj-5e-edition-de-la-synagogue-a-lopera-jacques-offenbach-et-ses-proches\/#breadcrumb","itemListElement":[{"@type":"ListItem","position":1,"name":"Accueil","item":"https:\/\/www.iemj.org\/en\/"},{"@type":"ListItem","position":2,"name":"The EIJM\u2019s Gala Concert &#8211; 5th edition &#8211; From the synagogue to the opera : Jacques Offenbach and friends"}]},{"@type":"WebSite","@id":"https:\/\/www.iemj.org\/en\/#website","url":"https:\/\/www.iemj.org\/en\/","name":"Institut Europ\u00e9en des Musiques Juives","description":"Des traditions musicales \u00e0 la port\u00e9e de tous","publisher":{"@id":"https:\/\/www.iemj.org\/en\/#organization"},"potentialAction":[{"@type":"SearchAction","target":{"@type":"EntryPoint","urlTemplate":"https:\/\/www.iemj.org\/en\/?s={search_term_string}"},"query-input":{"@type":"PropertyValueSpecification","valueRequired":true,"valueName":"search_term_string"}}],"inLanguage":"en-US"},{"@type":"Organization","@id":"https:\/\/www.iemj.org\/en\/#organization","name":"Institut Europ\u00e9en des Musiques Juives","url":"https:\/\/www.iemj.org\/en\/","logo":{"@type":"ImageObject","inLanguage":"en-US","@id":"https:\/\/www.iemj.org\/en\/#\/schema\/logo\/image\/","url":"https:\/\/www.iemj.org\/wp-content\/uploads\/2021\/09\/Logo-IEMJ-Paypal.jpg","contentUrl":"https:\/\/www.iemj.org\/wp-content\/uploads\/2021\/09\/Logo-IEMJ-Paypal.jpg","width":150,"height":50,"caption":"Institut Europ\u00e9en des Musiques Juives"},"image":{"@id":"https:\/\/www.iemj.org\/en\/#\/schema\/logo\/image\/"},"sameAs":["https:\/\/www.facebook.com\/MusiquesJuives\/","https:\/\/www.instagram.com\/musiquesjuives\/","https:\/\/www.youtube.com\/user\/musiquesjuives"]},{"@type":"Person","@id":"https:\/\/www.iemj.org\/en\/#\/schema\/person\/358e26c18aca017fcc4cc15437f7279c","name":"Jacqueline ROTEN","image":{"@type":"ImageObject","inLanguage":"en-US","@id":"https:\/\/secure.gravatar.com\/avatar\/5964256d6c6957de3a3505278957e0fb2a35119ac47ea41827a65301213c810b?s=96&d=mm&r=g","url":"https:\/\/secure.gravatar.com\/avatar\/5964256d6c6957de3a3505278957e0fb2a35119ac47ea41827a65301213c810b?s=96&d=mm&r=g","contentUrl":"https:\/\/secure.gravatar.com\/avatar\/5964256d6c6957de3a3505278957e0fb2a35119ac47ea41827a65301213c810b?s=96&d=mm&r=g","caption":"Jacqueline ROTEN"}}]}},"_links":{"self":[{"href":"https:\/\/www.iemj.org\/en\/wp-json\/wp\/v2\/posts\/46804","targetHints":{"allow":["GET"]}}],"collection":[{"href":"https:\/\/www.iemj.org\/en\/wp-json\/wp\/v2\/posts"}],"about":[{"href":"https:\/\/www.iemj.org\/en\/wp-json\/wp\/v2\/types\/post"}],"author":[{"embeddable":true,"href":"https:\/\/www.iemj.org\/en\/wp-json\/wp\/v2\/users\/5"}],"replies":[{"embeddable":true,"href":"https:\/\/www.iemj.org\/en\/wp-json\/wp\/v2\/comments?post=46804"}],"version-history":[{"count":0,"href":"https:\/\/www.iemj.org\/en\/wp-json\/wp\/v2\/posts\/46804\/revisions"}],"wp:featuredmedia":[{"embeddable":true,"href":"https:\/\/www.iemj.org\/en\/wp-json\/wp\/v2\/media\/24258"}],"wp:attachment":[{"href":"https:\/\/www.iemj.org\/en\/wp-json\/wp\/v2\/media?parent=46804"}],"wp:term":[{"taxonomy":"category","embeddable":true,"href":"https:\/\/www.iemj.org\/en\/wp-json\/wp\/v2\/categories?post=46804"},{"taxonomy":"post_tag","embeddable":true,"href":"https:\/\/www.iemj.org\/en\/wp-json\/wp\/v2\/tags?post=46804"},{"taxonomy":"technique","embeddable":true,"href":"https:\/\/www.iemj.org\/en\/wp-json\/wp\/v2\/technique?post=46804"},{"taxonomy":"squelettes","embeddable":true,"href":"https:\/\/www.iemj.org\/en\/wp-json\/wp\/v2\/squelettes?post=46804"},{"taxonomy":"sujet","embeddable":true,"href":"https:\/\/www.iemj.org\/en\/wp-json\/wp\/v2\/sujet?post=46804"},{"taxonomy":"formation","embeddable":true,"href":"https:\/\/www.iemj.org\/en\/wp-json\/wp\/v2\/formation?post=46804"},{"taxonomy":"genre","embeddable":true,"href":"https:\/\/www.iemj.org\/en\/wp-json\/wp\/v2\/genre?post=46804"},{"taxonomy":"fonds","embeddable":true,"href":"https:\/\/www.iemj.org\/en\/wp-json\/wp\/v2\/fonds?post=46804"},{"taxonomy":"tradition","embeddable":true,"href":"https:\/\/www.iemj.org\/en\/wp-json\/wp\/v2\/tradition?post=46804"},{"taxonomy":"type-de-contenu","embeddable":true,"href":"https:\/\/www.iemj.org\/en\/wp-json\/wp\/v2\/type-de-contenu?post=46804"},{"taxonomy":"interprete-compositeur","embeddable":true,"href":"https:\/\/www.iemj.org\/en\/wp-json\/wp\/v2\/interprete-compositeur?post=46804"},{"taxonomy":"frise","embeddable":true,"href":"https:\/\/www.iemj.org\/en\/wp-json\/wp\/v2\/frise?post=46804"},{"taxonomy":"type-devenement","embeddable":true,"href":"https:\/\/www.iemj.org\/en\/wp-json\/wp\/v2\/type-devenement?post=46804"},{"taxonomy":"tableaux-liens-externes","embeddable":true,"href":"https:\/\/www.iemj.org\/en\/wp-json\/wp\/v2\/tableaux-liens-externes?post=46804"}],"curies":[{"name":"wp","href":"https:\/\/api.w.org\/{rel}","templated":true}]}}