{"id":49176,"date":"2019-12-18T12:15:45","date_gmt":"2019-12-18T11:15:45","guid":{"rendered":"https:\/\/www.iemj.org\/chanukah-in-song-and-story\/"},"modified":"2025-09-10T10:31:59","modified_gmt":"2025-09-10T08:31:59","slug":"chanukah-in-song-and-story","status":"publish","type":"post","link":"https:\/\/www.iemj.org\/en\/chanukah-in-song-and-story\/","title":{"rendered":"Chanukah in Song and Story"},"content":{"rendered":"<p>Discover in our collections two two small format 78 RPM discs (17 cm) from the 1950\u2019s, published by New York music label Reena Record Corporation, with Chanukah songs and prayers performed by Seymour Silbermintz on piano and vocals, and an explanation of the holiday by Albert H. Arkus.<\/p>\n<p>The first disc comprises the two prayers of Chanukah recited before lighting the candles, the prayer\u00a0<em>Hanerot Halalu<\/em>\u00a0and the famous song\u00a0<em>Maoz Tzur<\/em>\u00a0sung after the lighting.<\/p>\n<p>The second disc includes several Chanukah tunes, in particular a song about doughnuts\u00a0<em>Kemach, kemach<\/em>, one about the spinning top\u00a0<em>S\u2019Veevon<\/em>\u00a0(or\u00a0<em>Sevivon sov sov sov<\/em>) and the prayer\u00a0<em>Al hanissim<\/em>\u00a0recited during Chanukah in the benediction of\u00a0<em>hoda\u2019a<\/em>\u00a0(\u00ab recognition [of the divine majesty] \u00bb) of the\u00a0\u2019<em>Amida<\/em>\u00a0(the main prayer of morning, afternoon and evening services) and during the\u00a0<em>Birkat Hamazon<\/em>\u00a0(prayer after the meals).<\/p>\n<p><img fetchpriority=\"high\" decoding=\"async\" class=\"wp-image-26427 aligncenter\" src=\"https:\/\/www.iemj.org\/wp-content\/uploads\/2019\/12\/d78-17_3_couv2_lumineuse_600px_larg.jpg\" alt=\"d78-17_3_couv2_lumineuse_600px_larg.jpg\" width=\"450\" height=\"503\" align=\"center\" srcset=\"https:\/\/www.iemj.org\/wp-content\/uploads\/2019\/12\/d78-17_3_couv2_lumineuse_600px_larg.jpg 600w, https:\/\/www.iemj.org\/wp-content\/uploads\/2019\/12\/d78-17_3_couv2_lumineuse_600px_larg-269x300.jpg 269w\" sizes=\"(max-width: 450px) 100vw, 450px\" \/><\/p>\n<p><img decoding=\"async\" class=\" alignleft size-full wp-image-26429\" src=\"https:\/\/www.iemj.org\/wp-content\/uploads\/2019\/12\/d78-17_3_couv4_lumineuse_320_px_vertic.jpg\" alt=\"d78-17_3_couv4_lumineuse_320_px_vertic.jpg\" width=\"327\" height=\"320\" align=\"left\" srcset=\"https:\/\/www.iemj.org\/wp-content\/uploads\/2019\/12\/d78-17_3_couv4_lumineuse_320_px_vertic.jpg 327w, https:\/\/www.iemj.org\/wp-content\/uploads\/2019\/12\/d78-17_3_couv4_lumineuse_320_px_vertic-300x294.jpg 300w\" sizes=\"(max-width: 327px) 100vw, 327px\" \/><img decoding=\"async\" class=\" alignright size-full wp-image-26431\" src=\"https:\/\/www.iemj.org\/wp-content\/uploads\/2019\/12\/d78-17_3a_couv_lumineuse_320px_vertic.jpg\" alt=\"d78-17_3a_couv_lumineuse_320px_vertic.jpg\" width=\"321\" height=\"320\" align=\"right\" srcset=\"https:\/\/www.iemj.org\/wp-content\/uploads\/2019\/12\/d78-17_3a_couv_lumineuse_320px_vertic.jpg 321w, https:\/\/www.iemj.org\/wp-content\/uploads\/2019\/12\/d78-17_3a_couv_lumineuse_320px_vertic-300x300.jpg 300w, https:\/\/www.iemj.org\/wp-content\/uploads\/2019\/12\/d78-17_3a_couv_lumineuse_320px_vertic-150x150.jpg 150w, https:\/\/www.iemj.org\/wp-content\/uploads\/2019\/12\/d78-17_3a_couv_lumineuse_320px_vertic-100x100.jpg 100w\" sizes=\"(max-width: 321px) 100vw, 321px\" \/><\/p>\n\n\n<figure class=\"wp-block-image size-large\"><img loading=\"lazy\" decoding=\"async\" width=\"1024\" height=\"133\" src=\"https:\/\/www.iemj.org\/wp-content\/uploads\/2024\/03\/AUDIO-PLAYER-1024x133.png\" alt=\"\" class=\"wp-image-110607\" srcset=\"https:\/\/www.iemj.org\/wp-content\/uploads\/2024\/03\/AUDIO-PLAYER-1024x133.png 1024w, https:\/\/www.iemj.org\/wp-content\/uploads\/2024\/03\/AUDIO-PLAYER-300x39.png 300w, https:\/\/www.iemj.org\/wp-content\/uploads\/2024\/03\/AUDIO-PLAYER-768x100.png 768w, https:\/\/www.iemj.org\/wp-content\/uploads\/2024\/03\/AUDIO-PLAYER-600x78.png 600w, https:\/\/www.iemj.org\/wp-content\/uploads\/2024\/03\/AUDIO-PLAYER.png 1210w\" sizes=\"(max-width: 1024px) 100vw, 1024px\" \/><\/figure>\n\n\n\n<div class=\"wp-block-file\"><a id=\"wp-block-file--media-10a8a10e-4d28-4215-95f1-99dcc24fdbfe\" href=\"https:\/\/www.iemj.org\/wp-content\/uploads\/2019\/12\/d78-17_3a_01.mp3\">The Chanukah Story<\/a><\/div>\n\n\n\n<div class=\"wp-block-file\"><a id=\"wp-block-file--media-955f6e5b-6c49-4198-b8c9-801c0d012691\" href=\"https:\/\/www.iemj.org\/wp-content\/uploads\/2019\/12\/d78-17_3a_04.mp3\">Maoz Tzur<\/a><\/div>\n\n\n\n<div class=\"wp-block-file\"><a id=\"wp-block-file--media-7b698616-2f77-4a08-8e46-a02be6e98939\" href=\"https:\/\/www.iemj.org\/wp-content\/uploads\/2019\/12\/d78-17_3b_03.mp3\">S&#8217;Veevon Sov Sov Sov<\/a><\/div>\n\n\n\n<div class=\"wp-block-file\"><a id=\"wp-block-file--media-40a0f599-51b9-4f1b-abac-f1e646677638\" href=\"https:\/\/www.iemj.org\/wp-content\/uploads\/2019\/12\/d78-17_3b_04.mp3\">Al Haniseem<\/a><\/div>\n\n\n\n<div class=\"wp-block-file\"><a id=\"wp-block-file--media-811db40b-3d92-45d2-9fe3-13a493aa8708\" href=\"https:\/\/www.iemj.org\/wp-content\/uploads\/2019\/12\/d78-17_3b_06.mp3\">Mee Y&#8217;Malel<\/a><\/div>\n","protected":false},"excerpt":{"rendered":"<p>Discover in our collections two two small format 78 RPM discs (17 cm) from the 1950\u2019s, published by New York music label Reena Record Corporation, with Chanukah songs and prayers<\/p>\n","protected":false},"author":1048,"featured_media":26425,"comment_status":"closed","ping_status":"closed","sticky":false,"template":"","format":"standard","meta":{"_acf_changed":false,"footnotes":""},"categories":[963],"tags":[],"technique":[],"squelettes":[],"sujet":[1739],"formation":[],"genre":[],"fonds":[],"tradition":[],"type-de-contenu":[],"interprete-compositeur":[],"frise":[],"type-devenement":[],"tableaux-liens-externes":[],"class_list":["post-49176","post","type-post","status-publish","format-standard","has-post-thumbnail","hentry","category-highlights-en","sujet-chanukah-en"],"acf":[],"yoast_head":"<!-- This site is optimized with the Yoast SEO plugin v27.3 - https:\/\/yoast.com\/product\/yoast-seo-wordpress\/ -->\n<title>Chanukah in Song and Story - Institut Europ\u00e9en des Musiques Juives<\/title>\n<meta name=\"robots\" content=\"index, follow, max-snippet:-1, max-image-preview:large, max-video-preview:-1\" \/>\n<link rel=\"canonical\" href=\"https:\/\/www.iemj.org\/en\/chanukah-in-song-and-story\/\" \/>\n<meta property=\"og:locale\" content=\"en_US\" \/>\n<meta property=\"og:type\" content=\"article\" \/>\n<meta property=\"og:title\" content=\"Chanukah in Song and Story - Institut Europ\u00e9en des Musiques Juives\" \/>\n<meta property=\"og:description\" content=\"Discover in our collections two two small format 78 RPM discs (17 cm) from the 1950\u2019s, published by New York music label Reena Record Corporation, with Chanukah songs and prayers\" \/>\n<meta property=\"og:url\" content=\"https:\/\/www.iemj.org\/en\/chanukah-in-song-and-story\/\" \/>\n<meta property=\"og:site_name\" content=\"Institut Europ\u00e9en des Musiques Juives\" \/>\n<meta property=\"article:publisher\" content=\"https:\/\/www.facebook.com\/MusiquesJuives\/\" \/>\n<meta property=\"article:published_time\" content=\"2019-12-18T11:15:45+00:00\" \/>\n<meta property=\"article:modified_time\" content=\"2025-09-10T08:31:59+00:00\" \/>\n<meta property=\"og:image\" content=\"https:\/\/www.iemj.org\/wp-content\/uploads\/2019\/12\/arton4441-e1618587944153.jpg\" \/>\n\t<meta property=\"og:image:width\" content=\"400\" \/>\n\t<meta property=\"og:image:height\" content=\"390\" \/>\n\t<meta property=\"og:image:type\" content=\"image\/jpeg\" \/>\n<meta name=\"author\" content=\"Jean-Gabriel Davis\" \/>\n<meta name=\"twitter:card\" content=\"summary_large_image\" \/>\n<meta name=\"twitter:label1\" content=\"Written by\" \/>\n\t<meta name=\"twitter:data1\" content=\"Jean-Gabriel Davis\" \/>\n\t<meta name=\"twitter:label2\" content=\"Est. reading time\" \/>\n\t<meta name=\"twitter:data2\" content=\"2 minutes\" \/>\n<script type=\"application\/ld+json\" class=\"yoast-schema-graph\">{\"@context\":\"https:\\\/\\\/schema.org\",\"@graph\":[{\"@type\":\"Article\",\"@id\":\"https:\\\/\\\/www.iemj.org\\\/en\\\/chanukah-in-song-and-story\\\/#article\",\"isPartOf\":{\"@id\":\"https:\\\/\\\/www.iemj.org\\\/en\\\/chanukah-in-song-and-story\\\/\"},\"author\":{\"name\":\"Jean-Gabriel Davis\",\"@id\":\"https:\\\/\\\/www.iemj.org\\\/en\\\/#\\\/schema\\\/person\\\/c9bc1c386a3749579a2d675e72a18666\"},\"headline\":\"Chanukah in Song and Story\",\"datePublished\":\"2019-12-18T11:15:45+00:00\",\"dateModified\":\"2025-09-10T08:31:59+00:00\",\"mainEntityOfPage\":{\"@id\":\"https:\\\/\\\/www.iemj.org\\\/en\\\/chanukah-in-song-and-story\\\/\"},\"wordCount\":161,\"publisher\":{\"@id\":\"https:\\\/\\\/www.iemj.org\\\/en\\\/#organization\"},\"image\":{\"@id\":\"https:\\\/\\\/www.iemj.org\\\/en\\\/chanukah-in-song-and-story\\\/#primaryimage\"},\"thumbnailUrl\":\"https:\\\/\\\/www.iemj.org\\\/wp-content\\\/uploads\\\/2019\\\/12\\\/arton4441-e1618587944153.jpg\",\"articleSection\":[\"Highlights\"],\"inLanguage\":\"en-US\"},{\"@type\":\"WebPage\",\"@id\":\"https:\\\/\\\/www.iemj.org\\\/en\\\/chanukah-in-song-and-story\\\/\",\"url\":\"https:\\\/\\\/www.iemj.org\\\/en\\\/chanukah-in-song-and-story\\\/\",\"name\":\"Chanukah in Song and Story - Institut Europ\u00e9en des Musiques Juives\",\"isPartOf\":{\"@id\":\"https:\\\/\\\/www.iemj.org\\\/en\\\/#website\"},\"primaryImageOfPage\":{\"@id\":\"https:\\\/\\\/www.iemj.org\\\/en\\\/chanukah-in-song-and-story\\\/#primaryimage\"},\"image\":{\"@id\":\"https:\\\/\\\/www.iemj.org\\\/en\\\/chanukah-in-song-and-story\\\/#primaryimage\"},\"thumbnailUrl\":\"https:\\\/\\\/www.iemj.org\\\/wp-content\\\/uploads\\\/2019\\\/12\\\/arton4441-e1618587944153.jpg\",\"datePublished\":\"2019-12-18T11:15:45+00:00\",\"dateModified\":\"2025-09-10T08:31:59+00:00\",\"breadcrumb\":{\"@id\":\"https:\\\/\\\/www.iemj.org\\\/en\\\/chanukah-in-song-and-story\\\/#breadcrumb\"},\"inLanguage\":\"en-US\",\"potentialAction\":[{\"@type\":\"ReadAction\",\"target\":[\"https:\\\/\\\/www.iemj.org\\\/en\\\/chanukah-in-song-and-story\\\/\"]}]},{\"@type\":\"ImageObject\",\"inLanguage\":\"en-US\",\"@id\":\"https:\\\/\\\/www.iemj.org\\\/en\\\/chanukah-in-song-and-story\\\/#primaryimage\",\"url\":\"https:\\\/\\\/www.iemj.org\\\/wp-content\\\/uploads\\\/2019\\\/12\\\/arton4441-e1618587944153.jpg\",\"contentUrl\":\"https:\\\/\\\/www.iemj.org\\\/wp-content\\\/uploads\\\/2019\\\/12\\\/arton4441-e1618587944153.jpg\",\"width\":400,\"height\":390},{\"@type\":\"BreadcrumbList\",\"@id\":\"https:\\\/\\\/www.iemj.org\\\/en\\\/chanukah-in-song-and-story\\\/#breadcrumb\",\"itemListElement\":[{\"@type\":\"ListItem\",\"position\":1,\"name\":\"Accueil\",\"item\":\"https:\\\/\\\/www.iemj.org\\\/en\\\/\"},{\"@type\":\"ListItem\",\"position\":2,\"name\":\"Chanukah in Song and Story\"}]},{\"@type\":\"WebSite\",\"@id\":\"https:\\\/\\\/www.iemj.org\\\/en\\\/#website\",\"url\":\"https:\\\/\\\/www.iemj.org\\\/en\\\/\",\"name\":\"Institut Europ\u00e9en des Musiques Juives\",\"description\":\"Des traditions musicales \u00e0 la port\u00e9e de tous\",\"publisher\":{\"@id\":\"https:\\\/\\\/www.iemj.org\\\/en\\\/#organization\"},\"potentialAction\":[{\"@type\":\"SearchAction\",\"target\":{\"@type\":\"EntryPoint\",\"urlTemplate\":\"https:\\\/\\\/www.iemj.org\\\/en\\\/?s={search_term_string}\"},\"query-input\":{\"@type\":\"PropertyValueSpecification\",\"valueRequired\":true,\"valueName\":\"search_term_string\"}}],\"inLanguage\":\"en-US\"},{\"@type\":\"Organization\",\"@id\":\"https:\\\/\\\/www.iemj.org\\\/en\\\/#organization\",\"name\":\"Institut Europ\u00e9en des Musiques Juives\",\"url\":\"https:\\\/\\\/www.iemj.org\\\/en\\\/\",\"logo\":{\"@type\":\"ImageObject\",\"inLanguage\":\"en-US\",\"@id\":\"https:\\\/\\\/www.iemj.org\\\/en\\\/#\\\/schema\\\/logo\\\/image\\\/\",\"url\":\"https:\\\/\\\/www.iemj.org\\\/wp-content\\\/uploads\\\/2021\\\/09\\\/Logo-IEMJ-Paypal.jpg\",\"contentUrl\":\"https:\\\/\\\/www.iemj.org\\\/wp-content\\\/uploads\\\/2021\\\/09\\\/Logo-IEMJ-Paypal.jpg\",\"width\":150,\"height\":50,\"caption\":\"Institut Europ\u00e9en des Musiques Juives\"},\"image\":{\"@id\":\"https:\\\/\\\/www.iemj.org\\\/en\\\/#\\\/schema\\\/logo\\\/image\\\/\"},\"sameAs\":[\"https:\\\/\\\/www.facebook.com\\\/MusiquesJuives\\\/\",\"https:\\\/\\\/www.instagram.com\\\/musiquesjuives\\\/\",\"https:\\\/\\\/www.youtube.com\\\/user\\\/musiquesjuives\"]},{\"@type\":\"Person\",\"@id\":\"https:\\\/\\\/www.iemj.org\\\/en\\\/#\\\/schema\\\/person\\\/c9bc1c386a3749579a2d675e72a18666\",\"name\":\"Jean-Gabriel Davis\",\"image\":{\"@type\":\"ImageObject\",\"inLanguage\":\"en-US\",\"@id\":\"https:\\\/\\\/secure.gravatar.com\\\/avatar\\\/2b90d67bdf392c9b3a21fab87c0fa7edaf1fb3a058172a1ffd61033fcec7aec1?s=96&d=mm&r=g\",\"url\":\"https:\\\/\\\/secure.gravatar.com\\\/avatar\\\/2b90d67bdf392c9b3a21fab87c0fa7edaf1fb3a058172a1ffd61033fcec7aec1?s=96&d=mm&r=g\",\"contentUrl\":\"https:\\\/\\\/secure.gravatar.com\\\/avatar\\\/2b90d67bdf392c9b3a21fab87c0fa7edaf1fb3a058172a1ffd61033fcec7aec1?s=96&d=mm&r=g\",\"caption\":\"Jean-Gabriel Davis\"}}]}<\/script>\n<!-- \/ Yoast SEO plugin. -->","yoast_head_json":{"title":"Chanukah in Song and Story - Institut Europ\u00e9en des Musiques Juives","robots":{"index":"index","follow":"follow","max-snippet":"max-snippet:-1","max-image-preview":"max-image-preview:large","max-video-preview":"max-video-preview:-1"},"canonical":"https:\/\/www.iemj.org\/en\/chanukah-in-song-and-story\/","og_locale":"en_US","og_type":"article","og_title":"Chanukah in Song and Story - Institut Europ\u00e9en des Musiques Juives","og_description":"Discover in our collections two two small format 78 RPM discs (17 cm) from the 1950\u2019s, published by New York music label Reena Record Corporation, with Chanukah songs and prayers","og_url":"https:\/\/www.iemj.org\/en\/chanukah-in-song-and-story\/","og_site_name":"Institut Europ\u00e9en des Musiques Juives","article_publisher":"https:\/\/www.facebook.com\/MusiquesJuives\/","article_published_time":"2019-12-18T11:15:45+00:00","article_modified_time":"2025-09-10T08:31:59+00:00","og_image":[{"width":400,"height":390,"url":"https:\/\/www.iemj.org\/wp-content\/uploads\/2019\/12\/arton4441-e1618587944153.jpg","type":"image\/jpeg"}],"author":"Jean-Gabriel Davis","twitter_card":"summary_large_image","twitter_misc":{"Written by":"Jean-Gabriel Davis","Est. reading time":"2 minutes"},"schema":{"@context":"https:\/\/schema.org","@graph":[{"@type":"Article","@id":"https:\/\/www.iemj.org\/en\/chanukah-in-song-and-story\/#article","isPartOf":{"@id":"https:\/\/www.iemj.org\/en\/chanukah-in-song-and-story\/"},"author":{"name":"Jean-Gabriel Davis","@id":"https:\/\/www.iemj.org\/en\/#\/schema\/person\/c9bc1c386a3749579a2d675e72a18666"},"headline":"Chanukah in Song and Story","datePublished":"2019-12-18T11:15:45+00:00","dateModified":"2025-09-10T08:31:59+00:00","mainEntityOfPage":{"@id":"https:\/\/www.iemj.org\/en\/chanukah-in-song-and-story\/"},"wordCount":161,"publisher":{"@id":"https:\/\/www.iemj.org\/en\/#organization"},"image":{"@id":"https:\/\/www.iemj.org\/en\/chanukah-in-song-and-story\/#primaryimage"},"thumbnailUrl":"https:\/\/www.iemj.org\/wp-content\/uploads\/2019\/12\/arton4441-e1618587944153.jpg","articleSection":["Highlights"],"inLanguage":"en-US"},{"@type":"WebPage","@id":"https:\/\/www.iemj.org\/en\/chanukah-in-song-and-story\/","url":"https:\/\/www.iemj.org\/en\/chanukah-in-song-and-story\/","name":"Chanukah in Song and Story - Institut Europ\u00e9en des Musiques Juives","isPartOf":{"@id":"https:\/\/www.iemj.org\/en\/#website"},"primaryImageOfPage":{"@id":"https:\/\/www.iemj.org\/en\/chanukah-in-song-and-story\/#primaryimage"},"image":{"@id":"https:\/\/www.iemj.org\/en\/chanukah-in-song-and-story\/#primaryimage"},"thumbnailUrl":"https:\/\/www.iemj.org\/wp-content\/uploads\/2019\/12\/arton4441-e1618587944153.jpg","datePublished":"2019-12-18T11:15:45+00:00","dateModified":"2025-09-10T08:31:59+00:00","breadcrumb":{"@id":"https:\/\/www.iemj.org\/en\/chanukah-in-song-and-story\/#breadcrumb"},"inLanguage":"en-US","potentialAction":[{"@type":"ReadAction","target":["https:\/\/www.iemj.org\/en\/chanukah-in-song-and-story\/"]}]},{"@type":"ImageObject","inLanguage":"en-US","@id":"https:\/\/www.iemj.org\/en\/chanukah-in-song-and-story\/#primaryimage","url":"https:\/\/www.iemj.org\/wp-content\/uploads\/2019\/12\/arton4441-e1618587944153.jpg","contentUrl":"https:\/\/www.iemj.org\/wp-content\/uploads\/2019\/12\/arton4441-e1618587944153.jpg","width":400,"height":390},{"@type":"BreadcrumbList","@id":"https:\/\/www.iemj.org\/en\/chanukah-in-song-and-story\/#breadcrumb","itemListElement":[{"@type":"ListItem","position":1,"name":"Accueil","item":"https:\/\/www.iemj.org\/en\/"},{"@type":"ListItem","position":2,"name":"Chanukah in Song and Story"}]},{"@type":"WebSite","@id":"https:\/\/www.iemj.org\/en\/#website","url":"https:\/\/www.iemj.org\/en\/","name":"Institut Europ\u00e9en des Musiques Juives","description":"Des traditions musicales \u00e0 la port\u00e9e de tous","publisher":{"@id":"https:\/\/www.iemj.org\/en\/#organization"},"potentialAction":[{"@type":"SearchAction","target":{"@type":"EntryPoint","urlTemplate":"https:\/\/www.iemj.org\/en\/?s={search_term_string}"},"query-input":{"@type":"PropertyValueSpecification","valueRequired":true,"valueName":"search_term_string"}}],"inLanguage":"en-US"},{"@type":"Organization","@id":"https:\/\/www.iemj.org\/en\/#organization","name":"Institut Europ\u00e9en des Musiques Juives","url":"https:\/\/www.iemj.org\/en\/","logo":{"@type":"ImageObject","inLanguage":"en-US","@id":"https:\/\/www.iemj.org\/en\/#\/schema\/logo\/image\/","url":"https:\/\/www.iemj.org\/wp-content\/uploads\/2021\/09\/Logo-IEMJ-Paypal.jpg","contentUrl":"https:\/\/www.iemj.org\/wp-content\/uploads\/2021\/09\/Logo-IEMJ-Paypal.jpg","width":150,"height":50,"caption":"Institut Europ\u00e9en des Musiques Juives"},"image":{"@id":"https:\/\/www.iemj.org\/en\/#\/schema\/logo\/image\/"},"sameAs":["https:\/\/www.facebook.com\/MusiquesJuives\/","https:\/\/www.instagram.com\/musiquesjuives\/","https:\/\/www.youtube.com\/user\/musiquesjuives"]},{"@type":"Person","@id":"https:\/\/www.iemj.org\/en\/#\/schema\/person\/c9bc1c386a3749579a2d675e72a18666","name":"Jean-Gabriel Davis","image":{"@type":"ImageObject","inLanguage":"en-US","@id":"https:\/\/secure.gravatar.com\/avatar\/2b90d67bdf392c9b3a21fab87c0fa7edaf1fb3a058172a1ffd61033fcec7aec1?s=96&d=mm&r=g","url":"https:\/\/secure.gravatar.com\/avatar\/2b90d67bdf392c9b3a21fab87c0fa7edaf1fb3a058172a1ffd61033fcec7aec1?s=96&d=mm&r=g","contentUrl":"https:\/\/secure.gravatar.com\/avatar\/2b90d67bdf392c9b3a21fab87c0fa7edaf1fb3a058172a1ffd61033fcec7aec1?s=96&d=mm&r=g","caption":"Jean-Gabriel Davis"}}]}},"_links":{"self":[{"href":"https:\/\/www.iemj.org\/en\/wp-json\/wp\/v2\/posts\/49176","targetHints":{"allow":["GET"]}}],"collection":[{"href":"https:\/\/www.iemj.org\/en\/wp-json\/wp\/v2\/posts"}],"about":[{"href":"https:\/\/www.iemj.org\/en\/wp-json\/wp\/v2\/types\/post"}],"author":[{"embeddable":true,"href":"https:\/\/www.iemj.org\/en\/wp-json\/wp\/v2\/users\/1048"}],"replies":[{"embeddable":true,"href":"https:\/\/www.iemj.org\/en\/wp-json\/wp\/v2\/comments?post=49176"}],"version-history":[{"count":0,"href":"https:\/\/www.iemj.org\/en\/wp-json\/wp\/v2\/posts\/49176\/revisions"}],"wp:featuredmedia":[{"embeddable":true,"href":"https:\/\/www.iemj.org\/en\/wp-json\/wp\/v2\/media\/26425"}],"wp:attachment":[{"href":"https:\/\/www.iemj.org\/en\/wp-json\/wp\/v2\/media?parent=49176"}],"wp:term":[{"taxonomy":"category","embeddable":true,"href":"https:\/\/www.iemj.org\/en\/wp-json\/wp\/v2\/categories?post=49176"},{"taxonomy":"post_tag","embeddable":true,"href":"https:\/\/www.iemj.org\/en\/wp-json\/wp\/v2\/tags?post=49176"},{"taxonomy":"technique","embeddable":true,"href":"https:\/\/www.iemj.org\/en\/wp-json\/wp\/v2\/technique?post=49176"},{"taxonomy":"squelettes","embeddable":true,"href":"https:\/\/www.iemj.org\/en\/wp-json\/wp\/v2\/squelettes?post=49176"},{"taxonomy":"sujet","embeddable":true,"href":"https:\/\/www.iemj.org\/en\/wp-json\/wp\/v2\/sujet?post=49176"},{"taxonomy":"formation","embeddable":true,"href":"https:\/\/www.iemj.org\/en\/wp-json\/wp\/v2\/formation?post=49176"},{"taxonomy":"genre","embeddable":true,"href":"https:\/\/www.iemj.org\/en\/wp-json\/wp\/v2\/genre?post=49176"},{"taxonomy":"fonds","embeddable":true,"href":"https:\/\/www.iemj.org\/en\/wp-json\/wp\/v2\/fonds?post=49176"},{"taxonomy":"tradition","embeddable":true,"href":"https:\/\/www.iemj.org\/en\/wp-json\/wp\/v2\/tradition?post=49176"},{"taxonomy":"type-de-contenu","embeddable":true,"href":"https:\/\/www.iemj.org\/en\/wp-json\/wp\/v2\/type-de-contenu?post=49176"},{"taxonomy":"interprete-compositeur","embeddable":true,"href":"https:\/\/www.iemj.org\/en\/wp-json\/wp\/v2\/interprete-compositeur?post=49176"},{"taxonomy":"frise","embeddable":true,"href":"https:\/\/www.iemj.org\/en\/wp-json\/wp\/v2\/frise?post=49176"},{"taxonomy":"type-devenement","embeddable":true,"href":"https:\/\/www.iemj.org\/en\/wp-json\/wp\/v2\/type-devenement?post=49176"},{"taxonomy":"tableaux-liens-externes","embeddable":true,"href":"https:\/\/www.iemj.org\/en\/wp-json\/wp\/v2\/tableaux-liens-externes?post=49176"}],"curies":[{"name":"wp","href":"https:\/\/api.w.org\/{rel}","templated":true}]}}