{"id":50887,"date":"2017-03-01T12:49:45","date_gmt":"2017-03-01T11:49:45","guid":{"rendered":"https:\/\/www.iemj.org\/du-salon-au-front-fernand-halphen-1872-1917-compositeur-mecene-et-chef-de-musique-militaire\/"},"modified":"2023-09-13T14:39:26","modified_gmt":"2023-09-13T12:39:26","slug":"du-salon-au-front-fernand-halphen-1872-1917-compositeur-mecene-et-chef-de-musique-militaire","status":"publish","type":"post","link":"https:\/\/www.iemj.org\/en\/du-salon-au-front-fernand-halphen-1872-1917-compositeur-mecene-et-chef-de-musique-militaire\/","title":{"rendered":"From the salon to the front: Fernand Halphen (1872-1917), composer, patron and director of military music"},"content":{"rendered":"<p>A collective work published in April 2017 under the direction of Laure Schnapper, with the collaboration of Pierre-Andr\u00e9 Meyer \u2013 Preface by Herv\u00e9 Roten, published under the auspices of EHESS, EIJM and Yuval organization, by Hermann Editions, for the centennial of the death of Fernand Halphen (1872-1917), composer and patron, who died for France.<\/p>\n<p><!--more--><\/p>\n<p>100 years ago,\u00a0<a href=\"https:\/\/www.iemj.org\/en\/halphen-fernand-1872-1917-2\/\">Fernand Halphen<\/a>\u00a0died of an illness that he caught at the military front. No one could have guessed that this son of a rich Parisian Jewish family would create and lead for two and one-half years the official orchestra of the North armies. The melodies and the chamber music that he wrote reflect the refined atmosphere of the salons of the 3rd Republic, the golden age of the French melody.<br \/>\nThe rich archive holdings that he gathered help us to know with precision the path of a French composer in a time in which Wagner and the Dreyfus Affair prevailed. Close to G. Faur\u00e9 and a student in the conservatory, where he knew R. Hahn, H. B\u00fcsser, A. Cortot, Ch. Koechlin and E. Risler, Halphen before being awarded the 2nd place in the Rome Prize, financially helped musicians throughout his life and even more, provided an important legacy for the students of the Conservatory, one that was supported by his widow Alice.<\/p>\n<h3><a href=\"https:\/\/www.iemj.org\/en\/produit\/du-salon-au-front-fernand-halphen-1872-1917\/\">Buy the book online on EIJM\u2019s shop<\/a><\/h3>\n<p>&#8212;&#8212;&#8212;&#8212;&#8212;&#8212;&#8212;&#8212;&#8212;&#8212;<\/p>\n<h3>Table of contents<\/h3>\n<p style=\"text-align: left;\">Preface by Herv\u00e9 Roten<br \/>\nIntroduction and acknowledgments by Laure Schnapper<\/p>\n<p style=\"text-align: left;\">1st part: A family of the Parisian Jewish elite<br \/>\nPierre-Andr\u00e9 Meyer,\u00a0<em>L\u2019ascension d\u2019une famille isra\u00e9lite : autour de Georges Halphen et Henriette Stern, les parents<\/em><br \/>\nBasile Baudez,\u00a0<em>Les r\u00e9sidences de Fernand Halphen<\/em><\/p>\n<p style=\"text-align: left;\">2nd part: The years of learning and relations with the musicians<br \/>\nLaure Schnapper,\u00a0<em>La classe de composition du Conservatoire et l\u2019amiti\u00e9 avec Faur\u00e9<\/em><br \/>\nJean-Christophe Branger et Philippe Blay,\u00a0<em>Autour de Massenet : Fernand Halphen, Reynaldo Hahn et Edouard Risler<\/em><\/p>\n<p style=\"text-align: left;\">3rd part: The work<br \/>\nFran\u00e7ois Le Roux,\u00a0<em>Les m\u00e9lodies : le point de vue d\u2019un interpr\u00e8te<\/em><br \/>\nAlexis Galp\u00e9rine,\u00a0<em>Halphen ou un hypoth\u00e9tique violon juif fran\u00e7ais<\/em><br \/>\nSt\u00e9phanie Moraly,\u00a0<em>La musique de chambre<\/em><\/p>\n<p style=\"text-align: left;\">4th part: The Great War<br \/>\nLaure Schnapper,\u00a0<em>Le chef de musique au 13\u00e8 R\u00e9giment d\u2019infanterie territoriale<\/em><\/p>\n<h3>&#8212;&#8212;&#8212;&#8212;&#8212;&#8212;&#8212;&#8212;&#8212;<\/h3>\n<p><span style=\"font-size: x-large;\"><strong>Pressbook (in french)<\/strong>: <\/span><\/p>\n<p><em><a href=\"https:\/\/www.nonfiction.fr\/article-8958-un_muscien_dans_la_grande_guerre.htm\">Un musicien dans la grande Guerre<\/a>,<\/em> article de St\u00e9phane Leteur\u00e9<\/p>\n<p><a href=\"https:\/\/www.europalibera.org\/a\/agenda-culturala-george-enescu-si-fernand-halphen-victor-eskenasy\/29046907.html\">Article de Victor Eskenasy<\/a> sur Radio Europa Libera du 20 f\u00e9vrier 2018<\/p>\n<p><a href=\"https:\/\/www.iemj.org\/IMG\/pdf\/f._halphen_clot_l_annee_de_l_iemj_-_actualite_juive_no1461_-_4_janvier_2018.pdf\">F. Halphen cl\u00f4t l&#8217;ann\u00e9e de l&#8217;IEMJ<\/a> &#8211; Actualit\u00e9 Juive N\u00b01461 &#8211; 4 janvier 2018 &#8211; article de Monique Feldstein<\/p>\n<p><a href=\"https:\/\/www.rncm.ac.uk\/fr\/paris-manchester-1918\/musiciens-au-front-musiciens-larriere\/fernand-halphen\/\">Article paru dans le cadre de l\u2019exposition virtuelle <strong>Paris-Manchester 1918<\/strong><\/a> propos\u00e9e par le Conservatoire de Paris et le Royal College de Manchester.<\/p>\n<p><a href=\"https:\/\/www.iemj.org\/IMG\/pdf\/f_halphen_recension_genealo-j_no131_automne_2017.pdf\">Recension G\u00e9n\u00e9aloJ n\u00b0 131<\/a><\/p>\n<p><a href=\"https:\/\/www.iemj.org\/IMG\/pdf\/article_gaussin_la_lettre_du_musicien_no493_mai_2017.pdf\">Article de Fr\u00e9d\u00e9ric Gaussin<\/a>, La lettre du Musicien n\u00b0493<\/p>\n<p><a href=\"https:\/\/www.iemj.org\/wp-content\/uploads\/2017\/03\/cr-halphen_par_joel-marie_fauquet_-_revue_de_musicologie_tome_105_-_2019_no1.pdf\">Compte rendu Fernand Halphen par Jo\u00ebl-Marie Fauquet &#8211; Revue de Musicologie Tome 105 &#8211; 2019 n\u00b01<\/a><\/p>\n","protected":false},"excerpt":{"rendered":"<p>A collective work published in April 2017 under the direction of Laure Schnapper, with the collaboration of Pierre-Andr\u00e9 Meyer \u2013 Preface by Herv\u00e9 Roten, published under the auspices of EHESS,<\/p>\n","protected":false},"author":5,"featured_media":114581,"comment_status":"closed","ping_status":"open","sticky":false,"template":"","format":"standard","meta":{"_acf_changed":false,"footnotes":""},"categories":[1399],"tags":[],"technique":[],"squelettes":[],"sujet":[],"formation":[],"genre":[],"fonds":[],"tradition":[],"type-de-contenu":[],"interprete-compositeur":[3163],"frise":[],"type-devenement":[],"tableaux-liens-externes":[],"class_list":["post-50887","post","type-post","status-publish","format-standard","has-post-thumbnail","hentry","category-books-eijm-en","interprete-compositeur-fernand-halphen-en"],"acf":[],"yoast_head":"<!-- This site is optimized with the Yoast SEO plugin v27.3 - https:\/\/yoast.com\/product\/yoast-seo-wordpress\/ -->\n<title>From the salon to the front: Fernand Halphen (1872-1917), composer, patron and director of military music - Institut Europ\u00e9en des Musiques Juives<\/title>\n<meta name=\"robots\" content=\"index, follow, max-snippet:-1, max-image-preview:large, max-video-preview:-1\" \/>\n<link rel=\"canonical\" href=\"https:\/\/www.iemj.org\/en\/du-salon-au-front-fernand-halphen-1872-1917-compositeur-mecene-et-chef-de-musique-militaire\/\" \/>\n<meta property=\"og:locale\" content=\"en_US\" \/>\n<meta property=\"og:type\" content=\"article\" \/>\n<meta property=\"og:title\" content=\"From the salon to the front: Fernand Halphen (1872-1917), composer, patron and director of military music - Institut Europ\u00e9en des Musiques Juives\" \/>\n<meta property=\"og:description\" content=\"A collective work published in April 2017 under the direction of Laure Schnapper, with the collaboration of Pierre-Andr\u00e9 Meyer \u2013 Preface by Herv\u00e9 Roten, published under the auspices of EHESS,\" \/>\n<meta property=\"og:url\" content=\"https:\/\/www.iemj.org\/en\/du-salon-au-front-fernand-halphen-1872-1917-compositeur-mecene-et-chef-de-musique-militaire\/\" \/>\n<meta property=\"og:site_name\" content=\"Institut Europ\u00e9en des Musiques Juives\" \/>\n<meta property=\"article:publisher\" content=\"https:\/\/www.facebook.com\/MusiquesJuives\/\" \/>\n<meta property=\"article:published_time\" content=\"2017-03-01T11:49:45+00:00\" \/>\n<meta property=\"article:modified_time\" content=\"2023-09-13T12:39:26+00:00\" \/>\n<meta property=\"og:image\" content=\"https:\/\/www.iemj.org\/wp-content\/uploads\/2017\/03\/Logo-Livre-du-Salon-au-front_Halphen.jpg\" \/>\n\t<meta property=\"og:image:width\" content=\"500\" \/>\n\t<meta property=\"og:image:height\" content=\"500\" \/>\n\t<meta property=\"og:image:type\" content=\"image\/jpeg\" \/>\n<meta name=\"author\" content=\"Jacqueline ROTEN\" \/>\n<meta name=\"twitter:card\" content=\"summary_large_image\" \/>\n<meta name=\"twitter:label1\" content=\"Written by\" \/>\n\t<meta name=\"twitter:data1\" content=\"Jacqueline ROTEN\" \/>\n\t<meta name=\"twitter:label2\" content=\"Est. reading time\" \/>\n\t<meta name=\"twitter:data2\" content=\"3 minutes\" \/>\n<script type=\"application\/ld+json\" class=\"yoast-schema-graph\">{\"@context\":\"https:\\\/\\\/schema.org\",\"@graph\":[{\"@type\":\"Article\",\"@id\":\"https:\\\/\\\/www.iemj.org\\\/en\\\/du-salon-au-front-fernand-halphen-1872-1917-compositeur-mecene-et-chef-de-musique-militaire\\\/#article\",\"isPartOf\":{\"@id\":\"https:\\\/\\\/www.iemj.org\\\/en\\\/du-salon-au-front-fernand-halphen-1872-1917-compositeur-mecene-et-chef-de-musique-militaire\\\/\"},\"author\":{\"name\":\"Jacqueline ROTEN\",\"@id\":\"https:\\\/\\\/www.iemj.org\\\/en\\\/#\\\/schema\\\/person\\\/358e26c18aca017fcc4cc15437f7279c\"},\"headline\":\"From the salon to the front: Fernand Halphen (1872-1917), composer, patron and director of military music\",\"datePublished\":\"2017-03-01T11:49:45+00:00\",\"dateModified\":\"2023-09-13T12:39:26+00:00\",\"mainEntityOfPage\":{\"@id\":\"https:\\\/\\\/www.iemj.org\\\/en\\\/du-salon-au-front-fernand-halphen-1872-1917-compositeur-mecene-et-chef-de-musique-militaire\\\/\"},\"wordCount\":485,\"publisher\":{\"@id\":\"https:\\\/\\\/www.iemj.org\\\/en\\\/#organization\"},\"image\":{\"@id\":\"https:\\\/\\\/www.iemj.org\\\/en\\\/du-salon-au-front-fernand-halphen-1872-1917-compositeur-mecene-et-chef-de-musique-militaire\\\/#primaryimage\"},\"thumbnailUrl\":\"https:\\\/\\\/www.iemj.org\\\/wp-content\\\/uploads\\\/2017\\\/03\\\/Logo-Livre-du-Salon-au-front_Halphen.jpg\",\"articleSection\":[\"Books EIJM\"],\"inLanguage\":\"en-US\"},{\"@type\":\"WebPage\",\"@id\":\"https:\\\/\\\/www.iemj.org\\\/en\\\/du-salon-au-front-fernand-halphen-1872-1917-compositeur-mecene-et-chef-de-musique-militaire\\\/\",\"url\":\"https:\\\/\\\/www.iemj.org\\\/en\\\/du-salon-au-front-fernand-halphen-1872-1917-compositeur-mecene-et-chef-de-musique-militaire\\\/\",\"name\":\"From the salon to the front: Fernand Halphen (1872-1917), composer, patron and director of military music - Institut Europ\u00e9en des Musiques Juives\",\"isPartOf\":{\"@id\":\"https:\\\/\\\/www.iemj.org\\\/en\\\/#website\"},\"primaryImageOfPage\":{\"@id\":\"https:\\\/\\\/www.iemj.org\\\/en\\\/du-salon-au-front-fernand-halphen-1872-1917-compositeur-mecene-et-chef-de-musique-militaire\\\/#primaryimage\"},\"image\":{\"@id\":\"https:\\\/\\\/www.iemj.org\\\/en\\\/du-salon-au-front-fernand-halphen-1872-1917-compositeur-mecene-et-chef-de-musique-militaire\\\/#primaryimage\"},\"thumbnailUrl\":\"https:\\\/\\\/www.iemj.org\\\/wp-content\\\/uploads\\\/2017\\\/03\\\/Logo-Livre-du-Salon-au-front_Halphen.jpg\",\"datePublished\":\"2017-03-01T11:49:45+00:00\",\"dateModified\":\"2023-09-13T12:39:26+00:00\",\"breadcrumb\":{\"@id\":\"https:\\\/\\\/www.iemj.org\\\/en\\\/du-salon-au-front-fernand-halphen-1872-1917-compositeur-mecene-et-chef-de-musique-militaire\\\/#breadcrumb\"},\"inLanguage\":\"en-US\",\"potentialAction\":[{\"@type\":\"ReadAction\",\"target\":[\"https:\\\/\\\/www.iemj.org\\\/en\\\/du-salon-au-front-fernand-halphen-1872-1917-compositeur-mecene-et-chef-de-musique-militaire\\\/\"]}]},{\"@type\":\"ImageObject\",\"inLanguage\":\"en-US\",\"@id\":\"https:\\\/\\\/www.iemj.org\\\/en\\\/du-salon-au-front-fernand-halphen-1872-1917-compositeur-mecene-et-chef-de-musique-militaire\\\/#primaryimage\",\"url\":\"https:\\\/\\\/www.iemj.org\\\/wp-content\\\/uploads\\\/2017\\\/03\\\/Logo-Livre-du-Salon-au-front_Halphen.jpg\",\"contentUrl\":\"https:\\\/\\\/www.iemj.org\\\/wp-content\\\/uploads\\\/2017\\\/03\\\/Logo-Livre-du-Salon-au-front_Halphen.jpg\",\"width\":500,\"height\":500},{\"@type\":\"BreadcrumbList\",\"@id\":\"https:\\\/\\\/www.iemj.org\\\/en\\\/du-salon-au-front-fernand-halphen-1872-1917-compositeur-mecene-et-chef-de-musique-militaire\\\/#breadcrumb\",\"itemListElement\":[{\"@type\":\"ListItem\",\"position\":1,\"name\":\"Accueil\",\"item\":\"https:\\\/\\\/www.iemj.org\\\/en\\\/\"},{\"@type\":\"ListItem\",\"position\":2,\"name\":\"From the salon to the front: Fernand Halphen (1872-1917), composer, patron and director of military music\"}]},{\"@type\":\"WebSite\",\"@id\":\"https:\\\/\\\/www.iemj.org\\\/en\\\/#website\",\"url\":\"https:\\\/\\\/www.iemj.org\\\/en\\\/\",\"name\":\"Institut Europ\u00e9en des Musiques Juives\",\"description\":\"Des traditions musicales \u00e0 la port\u00e9e de tous\",\"publisher\":{\"@id\":\"https:\\\/\\\/www.iemj.org\\\/en\\\/#organization\"},\"potentialAction\":[{\"@type\":\"SearchAction\",\"target\":{\"@type\":\"EntryPoint\",\"urlTemplate\":\"https:\\\/\\\/www.iemj.org\\\/en\\\/?s={search_term_string}\"},\"query-input\":{\"@type\":\"PropertyValueSpecification\",\"valueRequired\":true,\"valueName\":\"search_term_string\"}}],\"inLanguage\":\"en-US\"},{\"@type\":\"Organization\",\"@id\":\"https:\\\/\\\/www.iemj.org\\\/en\\\/#organization\",\"name\":\"Institut Europ\u00e9en des Musiques Juives\",\"url\":\"https:\\\/\\\/www.iemj.org\\\/en\\\/\",\"logo\":{\"@type\":\"ImageObject\",\"inLanguage\":\"en-US\",\"@id\":\"https:\\\/\\\/www.iemj.org\\\/en\\\/#\\\/schema\\\/logo\\\/image\\\/\",\"url\":\"https:\\\/\\\/www.iemj.org\\\/wp-content\\\/uploads\\\/2021\\\/09\\\/Logo-IEMJ-Paypal.jpg\",\"contentUrl\":\"https:\\\/\\\/www.iemj.org\\\/wp-content\\\/uploads\\\/2021\\\/09\\\/Logo-IEMJ-Paypal.jpg\",\"width\":150,\"height\":50,\"caption\":\"Institut Europ\u00e9en des Musiques Juives\"},\"image\":{\"@id\":\"https:\\\/\\\/www.iemj.org\\\/en\\\/#\\\/schema\\\/logo\\\/image\\\/\"},\"sameAs\":[\"https:\\\/\\\/www.facebook.com\\\/MusiquesJuives\\\/\",\"https:\\\/\\\/www.instagram.com\\\/musiquesjuives\\\/\",\"https:\\\/\\\/www.youtube.com\\\/user\\\/musiquesjuives\"]},{\"@type\":\"Person\",\"@id\":\"https:\\\/\\\/www.iemj.org\\\/en\\\/#\\\/schema\\\/person\\\/358e26c18aca017fcc4cc15437f7279c\",\"name\":\"Jacqueline ROTEN\",\"image\":{\"@type\":\"ImageObject\",\"inLanguage\":\"en-US\",\"@id\":\"https:\\\/\\\/secure.gravatar.com\\\/avatar\\\/5964256d6c6957de3a3505278957e0fb2a35119ac47ea41827a65301213c810b?s=96&d=mm&r=g\",\"url\":\"https:\\\/\\\/secure.gravatar.com\\\/avatar\\\/5964256d6c6957de3a3505278957e0fb2a35119ac47ea41827a65301213c810b?s=96&d=mm&r=g\",\"contentUrl\":\"https:\\\/\\\/secure.gravatar.com\\\/avatar\\\/5964256d6c6957de3a3505278957e0fb2a35119ac47ea41827a65301213c810b?s=96&d=mm&r=g\",\"caption\":\"Jacqueline ROTEN\"}}]}<\/script>\n<!-- \/ Yoast SEO plugin. -->","yoast_head_json":{"title":"From the salon to the front: Fernand Halphen (1872-1917), composer, patron and director of military music - Institut Europ\u00e9en des Musiques Juives","robots":{"index":"index","follow":"follow","max-snippet":"max-snippet:-1","max-image-preview":"max-image-preview:large","max-video-preview":"max-video-preview:-1"},"canonical":"https:\/\/www.iemj.org\/en\/du-salon-au-front-fernand-halphen-1872-1917-compositeur-mecene-et-chef-de-musique-militaire\/","og_locale":"en_US","og_type":"article","og_title":"From the salon to the front: Fernand Halphen (1872-1917), composer, patron and director of military music - Institut Europ\u00e9en des Musiques Juives","og_description":"A collective work published in April 2017 under the direction of Laure Schnapper, with the collaboration of Pierre-Andr\u00e9 Meyer \u2013 Preface by Herv\u00e9 Roten, published under the auspices of EHESS,","og_url":"https:\/\/www.iemj.org\/en\/du-salon-au-front-fernand-halphen-1872-1917-compositeur-mecene-et-chef-de-musique-militaire\/","og_site_name":"Institut Europ\u00e9en des Musiques Juives","article_publisher":"https:\/\/www.facebook.com\/MusiquesJuives\/","article_published_time":"2017-03-01T11:49:45+00:00","article_modified_time":"2023-09-13T12:39:26+00:00","og_image":[{"width":500,"height":500,"url":"https:\/\/www.iemj.org\/wp-content\/uploads\/2017\/03\/Logo-Livre-du-Salon-au-front_Halphen.jpg","type":"image\/jpeg"}],"author":"Jacqueline ROTEN","twitter_card":"summary_large_image","twitter_misc":{"Written by":"Jacqueline ROTEN","Est. reading time":"3 minutes"},"schema":{"@context":"https:\/\/schema.org","@graph":[{"@type":"Article","@id":"https:\/\/www.iemj.org\/en\/du-salon-au-front-fernand-halphen-1872-1917-compositeur-mecene-et-chef-de-musique-militaire\/#article","isPartOf":{"@id":"https:\/\/www.iemj.org\/en\/du-salon-au-front-fernand-halphen-1872-1917-compositeur-mecene-et-chef-de-musique-militaire\/"},"author":{"name":"Jacqueline ROTEN","@id":"https:\/\/www.iemj.org\/en\/#\/schema\/person\/358e26c18aca017fcc4cc15437f7279c"},"headline":"From the salon to the front: Fernand Halphen (1872-1917), composer, patron and director of military music","datePublished":"2017-03-01T11:49:45+00:00","dateModified":"2023-09-13T12:39:26+00:00","mainEntityOfPage":{"@id":"https:\/\/www.iemj.org\/en\/du-salon-au-front-fernand-halphen-1872-1917-compositeur-mecene-et-chef-de-musique-militaire\/"},"wordCount":485,"publisher":{"@id":"https:\/\/www.iemj.org\/en\/#organization"},"image":{"@id":"https:\/\/www.iemj.org\/en\/du-salon-au-front-fernand-halphen-1872-1917-compositeur-mecene-et-chef-de-musique-militaire\/#primaryimage"},"thumbnailUrl":"https:\/\/www.iemj.org\/wp-content\/uploads\/2017\/03\/Logo-Livre-du-Salon-au-front_Halphen.jpg","articleSection":["Books EIJM"],"inLanguage":"en-US"},{"@type":"WebPage","@id":"https:\/\/www.iemj.org\/en\/du-salon-au-front-fernand-halphen-1872-1917-compositeur-mecene-et-chef-de-musique-militaire\/","url":"https:\/\/www.iemj.org\/en\/du-salon-au-front-fernand-halphen-1872-1917-compositeur-mecene-et-chef-de-musique-militaire\/","name":"From the salon to the front: Fernand Halphen (1872-1917), composer, patron and director of military music - Institut Europ\u00e9en des Musiques Juives","isPartOf":{"@id":"https:\/\/www.iemj.org\/en\/#website"},"primaryImageOfPage":{"@id":"https:\/\/www.iemj.org\/en\/du-salon-au-front-fernand-halphen-1872-1917-compositeur-mecene-et-chef-de-musique-militaire\/#primaryimage"},"image":{"@id":"https:\/\/www.iemj.org\/en\/du-salon-au-front-fernand-halphen-1872-1917-compositeur-mecene-et-chef-de-musique-militaire\/#primaryimage"},"thumbnailUrl":"https:\/\/www.iemj.org\/wp-content\/uploads\/2017\/03\/Logo-Livre-du-Salon-au-front_Halphen.jpg","datePublished":"2017-03-01T11:49:45+00:00","dateModified":"2023-09-13T12:39:26+00:00","breadcrumb":{"@id":"https:\/\/www.iemj.org\/en\/du-salon-au-front-fernand-halphen-1872-1917-compositeur-mecene-et-chef-de-musique-militaire\/#breadcrumb"},"inLanguage":"en-US","potentialAction":[{"@type":"ReadAction","target":["https:\/\/www.iemj.org\/en\/du-salon-au-front-fernand-halphen-1872-1917-compositeur-mecene-et-chef-de-musique-militaire\/"]}]},{"@type":"ImageObject","inLanguage":"en-US","@id":"https:\/\/www.iemj.org\/en\/du-salon-au-front-fernand-halphen-1872-1917-compositeur-mecene-et-chef-de-musique-militaire\/#primaryimage","url":"https:\/\/www.iemj.org\/wp-content\/uploads\/2017\/03\/Logo-Livre-du-Salon-au-front_Halphen.jpg","contentUrl":"https:\/\/www.iemj.org\/wp-content\/uploads\/2017\/03\/Logo-Livre-du-Salon-au-front_Halphen.jpg","width":500,"height":500},{"@type":"BreadcrumbList","@id":"https:\/\/www.iemj.org\/en\/du-salon-au-front-fernand-halphen-1872-1917-compositeur-mecene-et-chef-de-musique-militaire\/#breadcrumb","itemListElement":[{"@type":"ListItem","position":1,"name":"Accueil","item":"https:\/\/www.iemj.org\/en\/"},{"@type":"ListItem","position":2,"name":"From the salon to the front: Fernand Halphen (1872-1917), composer, patron and director of military music"}]},{"@type":"WebSite","@id":"https:\/\/www.iemj.org\/en\/#website","url":"https:\/\/www.iemj.org\/en\/","name":"Institut Europ\u00e9en des Musiques Juives","description":"Des traditions musicales \u00e0 la port\u00e9e de tous","publisher":{"@id":"https:\/\/www.iemj.org\/en\/#organization"},"potentialAction":[{"@type":"SearchAction","target":{"@type":"EntryPoint","urlTemplate":"https:\/\/www.iemj.org\/en\/?s={search_term_string}"},"query-input":{"@type":"PropertyValueSpecification","valueRequired":true,"valueName":"search_term_string"}}],"inLanguage":"en-US"},{"@type":"Organization","@id":"https:\/\/www.iemj.org\/en\/#organization","name":"Institut Europ\u00e9en des Musiques Juives","url":"https:\/\/www.iemj.org\/en\/","logo":{"@type":"ImageObject","inLanguage":"en-US","@id":"https:\/\/www.iemj.org\/en\/#\/schema\/logo\/image\/","url":"https:\/\/www.iemj.org\/wp-content\/uploads\/2021\/09\/Logo-IEMJ-Paypal.jpg","contentUrl":"https:\/\/www.iemj.org\/wp-content\/uploads\/2021\/09\/Logo-IEMJ-Paypal.jpg","width":150,"height":50,"caption":"Institut Europ\u00e9en des Musiques Juives"},"image":{"@id":"https:\/\/www.iemj.org\/en\/#\/schema\/logo\/image\/"},"sameAs":["https:\/\/www.facebook.com\/MusiquesJuives\/","https:\/\/www.instagram.com\/musiquesjuives\/","https:\/\/www.youtube.com\/user\/musiquesjuives"]},{"@type":"Person","@id":"https:\/\/www.iemj.org\/en\/#\/schema\/person\/358e26c18aca017fcc4cc15437f7279c","name":"Jacqueline ROTEN","image":{"@type":"ImageObject","inLanguage":"en-US","@id":"https:\/\/secure.gravatar.com\/avatar\/5964256d6c6957de3a3505278957e0fb2a35119ac47ea41827a65301213c810b?s=96&d=mm&r=g","url":"https:\/\/secure.gravatar.com\/avatar\/5964256d6c6957de3a3505278957e0fb2a35119ac47ea41827a65301213c810b?s=96&d=mm&r=g","contentUrl":"https:\/\/secure.gravatar.com\/avatar\/5964256d6c6957de3a3505278957e0fb2a35119ac47ea41827a65301213c810b?s=96&d=mm&r=g","caption":"Jacqueline ROTEN"}}]}},"_links":{"self":[{"href":"https:\/\/www.iemj.org\/en\/wp-json\/wp\/v2\/posts\/50887","targetHints":{"allow":["GET"]}}],"collection":[{"href":"https:\/\/www.iemj.org\/en\/wp-json\/wp\/v2\/posts"}],"about":[{"href":"https:\/\/www.iemj.org\/en\/wp-json\/wp\/v2\/types\/post"}],"author":[{"embeddable":true,"href":"https:\/\/www.iemj.org\/en\/wp-json\/wp\/v2\/users\/5"}],"replies":[{"embeddable":true,"href":"https:\/\/www.iemj.org\/en\/wp-json\/wp\/v2\/comments?post=50887"}],"version-history":[{"count":0,"href":"https:\/\/www.iemj.org\/en\/wp-json\/wp\/v2\/posts\/50887\/revisions"}],"wp:featuredmedia":[{"embeddable":true,"href":"https:\/\/www.iemj.org\/en\/wp-json\/wp\/v2\/media\/114581"}],"wp:attachment":[{"href":"https:\/\/www.iemj.org\/en\/wp-json\/wp\/v2\/media?parent=50887"}],"wp:term":[{"taxonomy":"category","embeddable":true,"href":"https:\/\/www.iemj.org\/en\/wp-json\/wp\/v2\/categories?post=50887"},{"taxonomy":"post_tag","embeddable":true,"href":"https:\/\/www.iemj.org\/en\/wp-json\/wp\/v2\/tags?post=50887"},{"taxonomy":"technique","embeddable":true,"href":"https:\/\/www.iemj.org\/en\/wp-json\/wp\/v2\/technique?post=50887"},{"taxonomy":"squelettes","embeddable":true,"href":"https:\/\/www.iemj.org\/en\/wp-json\/wp\/v2\/squelettes?post=50887"},{"taxonomy":"sujet","embeddable":true,"href":"https:\/\/www.iemj.org\/en\/wp-json\/wp\/v2\/sujet?post=50887"},{"taxonomy":"formation","embeddable":true,"href":"https:\/\/www.iemj.org\/en\/wp-json\/wp\/v2\/formation?post=50887"},{"taxonomy":"genre","embeddable":true,"href":"https:\/\/www.iemj.org\/en\/wp-json\/wp\/v2\/genre?post=50887"},{"taxonomy":"fonds","embeddable":true,"href":"https:\/\/www.iemj.org\/en\/wp-json\/wp\/v2\/fonds?post=50887"},{"taxonomy":"tradition","embeddable":true,"href":"https:\/\/www.iemj.org\/en\/wp-json\/wp\/v2\/tradition?post=50887"},{"taxonomy":"type-de-contenu","embeddable":true,"href":"https:\/\/www.iemj.org\/en\/wp-json\/wp\/v2\/type-de-contenu?post=50887"},{"taxonomy":"interprete-compositeur","embeddable":true,"href":"https:\/\/www.iemj.org\/en\/wp-json\/wp\/v2\/interprete-compositeur?post=50887"},{"taxonomy":"frise","embeddable":true,"href":"https:\/\/www.iemj.org\/en\/wp-json\/wp\/v2\/frise?post=50887"},{"taxonomy":"type-devenement","embeddable":true,"href":"https:\/\/www.iemj.org\/en\/wp-json\/wp\/v2\/type-devenement?post=50887"},{"taxonomy":"tableaux-liens-externes","embeddable":true,"href":"https:\/\/www.iemj.org\/en\/wp-json\/wp\/v2\/tableaux-liens-externes?post=50887"}],"curies":[{"name":"wp","href":"https:\/\/api.w.org\/{rel}","templated":true}]}}