{"id":51148,"date":"2011-10-23T15:55:38","date_gmt":"2011-10-23T13:55:38","guid":{"rendered":"https:\/\/www.iemj.org\/berlinski-shalom-1918-2008\/"},"modified":"2025-09-06T18:49:35","modified_gmt":"2025-09-06T16:49:35","slug":"berlinski-shalom-1918-2008","status":"publish","type":"post","link":"https:\/\/www.iemj.org\/en\/berlinski-shalom-1918-2008\/","title":{"rendered":"Berlinski, Shalom (1918-2008)"},"content":{"rendered":"<p>Born on January 16th 1918 in Radom, a Polish town about 100 kilometers from Warsaw, Shalom Berlinski was the youngest son in a family of eight children. His father was a shoemaker, he liked to sing in the synagogue and played violin for his own pleasure.<\/p>\n<p>As a child Shalom Berlinski went to the synagogue and imitated the vocalizations of the cantor. At 8 years old, he entered the choir of the Great synagogue of Radom and sang the alto part. Progressively, he learned how to read music, at 10 years old became meshorer, and was charged to accompany almost by improvisation the baal tefillah (the conductor of the prayer).<\/p>\n<p><img decoding=\"async\" class=\" alignright wp-image-4007\" src=\"https:\/\/www.iemj.org\/wp-content\/uploads\/2011\/10\/montage_coeur_pologne-shb_-_55_.jpg\" alt=\"montage_coeur_pologne-shb_-_55_.jpg\" width=\"202\" height=\"209\" align=\"right\" \/>In 1930 he left Poland with his family and settled in France. After a short stay in a primary school of the XVIIIth arrondissement of Paris, he joined the shoe making factory of his father. On the same year he discovered the Great synagogue on the rue de la Victoire, and he was very impressed by the organ, the choirs and the cantor during that time, Mr\u00a0Henri Kahn.<\/p>\n<p>In 1935 and 1936 he took singing lessons and performed regularly as a solo in the Parisian synagogues for wedding ceremonies. In 1940 he was sent to the front and fought in the Somme. In April 1941 he was married to Sarah Katz. A few months later, the couple found refuge near Roanne. After the invasion of the free zone by the Nazis, Shalom Berlinski entered a small group of Jewish resistance fighters composed of communists and Zionists led by the rabbi Samy Klein. In August 1944 when Paris was freed, the couple goes back to the capital city.<\/p>\n<p><img decoding=\"async\" class=\" alignleft wp-image-4009\" src=\"https:\/\/www.iemj.org\/wp-content\/uploads\/2011\/10\/montage_mariage-identite_-_42_.jpg\" alt=\"montage_mariage-identite_-_42_.jpg\" width=\"179\" height=\"169\" align=\"left\" \/>In 1945, Shalom Berlinski attended the music private conservatory Ren\u00e9 Muable on rue Lepic, where he would follow the vocal technique course of the Italian tenor Umberto Valdarnini, from La Scala of Milan, for 10 years. He also attended singing courses with Maurice Franck, chief conductor at the Opera Garnier.<\/p>\n<p>In 1945 he created the Jewish Artistic Center with the aim of creating and gathering the repertoire of Jewish music and theater.In 1946, he performed Hebrew melodies with the National Orchestra directed by Manuel Rosenthal.<\/p>\n<p><img fetchpriority=\"high\" decoding=\"async\" class=\" alignright size-full wp-image-4011\" src=\"https:\/\/www.iemj.org\/wp-content\/uploads\/2011\/10\/ph_concert_pleyel_recentre_et_90_.jpg\" alt=\"ph_concert_pleyel_recentre_et_90_.jpg\" width=\"275\" height=\"185\" align=\"right\" \/><\/p>\n<p>In 1948 he was appointed first cantor at the Synagogue of rue de la Victoire (Paris), a position that he will keep for 31 years.<\/p>\n<p>Between 1953 and 1966, he performed several remarkable concerts, particularly at the Gaveau concert hall directed by Eug\u00e8ne Bigot, and at the th\u00e9\u00e2tre des Champs-Elys\u00e9es, directed by Pierre Dervaux.<\/p>\n<p>From 1959 to 1962-63, he was a producer at the O.R.T.F. (French public radio) and created with the musicologist Yvonne Tienot and the organ player Jean Bonfils two series of radio broadcasts, \u201cThe Bible and the musicians\u201d, dedicated to the musical works inspired by the bible in which he is the main performer.<\/p>\n<p><img loading=\"lazy\" decoding=\"async\" class=\" alignleft wp-image-4013\" src=\"https:\/\/www.iemj.org\/wp-content\/uploads\/2011\/10\/ph_sh.b_avec_enfants-quad_-_recentre_60_puis_75_.jpg\" alt=\"ph_sh.b_avec_enfants-quad_-_recentre_60_puis_75_.jpg\" width=\"230\" height=\"160\" align=\"left\" \/>In parallel with his religious role as a cantor for la Victoire, he taught between 1957 and 1968 the cantorial art at the Israeli Seminary of rue Vauquelin in Paris, and more specifically the singing of the Torah in the Ashkenazi ritual.<\/p>\n<p>In 1979, he stopped being the main cantor at the synagogue of la Victoire, but continued to sing for varied events until 1998. Victim of a glaucoma in 1972, he progressively lost his eyesight. Surrounded with the affection of his wife, son, step daughter and four grand children, Shalom Berlinski dies in Versailles on September 28th 2008.<\/p>\n<p><a href=\"https:\/\/www.iemj.org\/en\/shalom-berlinski-la-voix-de-la-ferveur\/\" target=\"_blank\" rel=\"noopener\">Learn more on the CD Shalom Berlinski<\/a><\/p>\n<p><a href=\"https:\/\/www.iemj.org\/en\/product\/shalom-berlinski-la-voix-de-la-ferveur\/\">Purchase the CD Shalom Berlinski.<\/a><\/p>\n<p><a href=\"https:\/\/www.iemj.org\/en\/shalom-berlinski-le-chant-du-coeur\/\" target=\"_blank\" rel=\"noopener\">Listen to the playlist : the hazanout of Shalom Berlinski<\/a><\/p>\n<p><a href=\"http:\/\/www.rachelnet.net\/F\/?func=find-c&amp;ccl_term=WRD+%3D+Shalom+AND+WRD+%3D+Berlinski&amp;local_base=iemcg\" target=\"_blank\" rel=\"noopener\">Browse our archives on Shalom Berlinski<\/a><\/p>\n","protected":false},"excerpt":{"rendered":"<p>Born on January 16th 1918 in Radom, a Polish town about 100 kilometers from Warsaw, Shalom Berlinski was the youngest son in a family of eight children. His father was<\/p>\n","protected":false},"author":1045,"featured_media":4005,"comment_status":"closed","ping_status":"open","sticky":false,"template":"","format":"standard","meta":{"_acf_changed":false,"footnotes":""},"categories":[903],"tags":[],"technique":[],"squelettes":[],"sujet":[],"formation":[],"genre":[],"fonds":[],"tradition":[],"type-de-contenu":[],"interprete-compositeur":[3294],"frise":[],"type-devenement":[],"tableaux-liens-externes":[],"class_list":["post-51148","post","type-post","status-publish","format-standard","has-post-thumbnail","hentry","category-biographies-en","interprete-compositeur-shalom-berlinski-en"],"acf":[],"yoast_head":"<!-- This site is optimized with the Yoast SEO plugin v27.3 - https:\/\/yoast.com\/product\/yoast-seo-wordpress\/ -->\n<title>Berlinski, Shalom (1918-2008) - Institut Europ\u00e9en des Musiques Juives<\/title>\n<meta name=\"robots\" content=\"index, follow, max-snippet:-1, max-image-preview:large, max-video-preview:-1\" \/>\n<link rel=\"canonical\" href=\"https:\/\/www.iemj.org\/en\/berlinski-shalom-1918-2008\/\" \/>\n<meta property=\"og:locale\" content=\"en_US\" \/>\n<meta property=\"og:type\" content=\"article\" \/>\n<meta property=\"og:title\" content=\"Berlinski, Shalom (1918-2008) - Institut Europ\u00e9en des Musiques Juives\" \/>\n<meta property=\"og:description\" content=\"Born on January 16th 1918 in Radom, a Polish town about 100 kilometers from Warsaw, Shalom Berlinski was the youngest son in a family of eight children. His father was\" \/>\n<meta property=\"og:url\" content=\"https:\/\/www.iemj.org\/en\/berlinski-shalom-1918-2008\/\" \/>\n<meta property=\"og:site_name\" content=\"Institut Europ\u00e9en des Musiques Juives\" \/>\n<meta property=\"article:publisher\" content=\"https:\/\/www.facebook.com\/MusiquesJuives\/\" \/>\n<meta property=\"article:published_time\" content=\"2011-10-23T13:55:38+00:00\" \/>\n<meta property=\"article:modified_time\" content=\"2025-09-06T16:49:35+00:00\" \/>\n<meta property=\"og:image\" content=\"https:\/\/www.iemj.org\/wp-content\/uploads\/2011\/10\/arton313-e1617031727743.jpg\" \/>\n\t<meta property=\"og:image:width\" content=\"196\" \/>\n\t<meta property=\"og:image:height\" content=\"242\" \/>\n\t<meta property=\"og:image:type\" content=\"image\/jpeg\" \/>\n<meta name=\"author\" content=\"Herv\u00e9 Roten\" \/>\n<meta name=\"twitter:card\" content=\"summary_large_image\" \/>\n<meta name=\"twitter:label1\" content=\"Written by\" \/>\n\t<meta name=\"twitter:data1\" content=\"Herv\u00e9 Roten\" \/>\n\t<meta name=\"twitter:label2\" content=\"Est. reading time\" \/>\n\t<meta name=\"twitter:data2\" content=\"5 minutes\" \/>\n<script type=\"application\/ld+json\" class=\"yoast-schema-graph\">{\"@context\":\"https:\\\/\\\/schema.org\",\"@graph\":[{\"@type\":\"Article\",\"@id\":\"https:\\\/\\\/www.iemj.org\\\/en\\\/berlinski-shalom-1918-2008\\\/#article\",\"isPartOf\":{\"@id\":\"https:\\\/\\\/www.iemj.org\\\/en\\\/berlinski-shalom-1918-2008\\\/\"},\"author\":{\"name\":\"Herv\u00e9 Roten\",\"@id\":\"https:\\\/\\\/www.iemj.org\\\/en\\\/#\\\/schema\\\/person\\\/906134402c29d5c76e7b726261dd4bbd\"},\"headline\":\"Berlinski, Shalom (1918-2008)\",\"datePublished\":\"2011-10-23T13:55:38+00:00\",\"dateModified\":\"2025-09-06T16:49:35+00:00\",\"mainEntityOfPage\":{\"@id\":\"https:\\\/\\\/www.iemj.org\\\/en\\\/berlinski-shalom-1918-2008\\\/\"},\"wordCount\":581,\"publisher\":{\"@id\":\"https:\\\/\\\/www.iemj.org\\\/en\\\/#organization\"},\"image\":{\"@id\":\"https:\\\/\\\/www.iemj.org\\\/en\\\/berlinski-shalom-1918-2008\\\/#primaryimage\"},\"thumbnailUrl\":\"https:\\\/\\\/www.iemj.org\\\/wp-content\\\/uploads\\\/2011\\\/10\\\/arton313-e1617031727743.jpg\",\"articleSection\":[\"Biographies\"],\"inLanguage\":\"en-US\"},{\"@type\":\"WebPage\",\"@id\":\"https:\\\/\\\/www.iemj.org\\\/en\\\/berlinski-shalom-1918-2008\\\/\",\"url\":\"https:\\\/\\\/www.iemj.org\\\/en\\\/berlinski-shalom-1918-2008\\\/\",\"name\":\"Berlinski, Shalom (1918-2008) - Institut Europ\u00e9en des Musiques Juives\",\"isPartOf\":{\"@id\":\"https:\\\/\\\/www.iemj.org\\\/en\\\/#website\"},\"primaryImageOfPage\":{\"@id\":\"https:\\\/\\\/www.iemj.org\\\/en\\\/berlinski-shalom-1918-2008\\\/#primaryimage\"},\"image\":{\"@id\":\"https:\\\/\\\/www.iemj.org\\\/en\\\/berlinski-shalom-1918-2008\\\/#primaryimage\"},\"thumbnailUrl\":\"https:\\\/\\\/www.iemj.org\\\/wp-content\\\/uploads\\\/2011\\\/10\\\/arton313-e1617031727743.jpg\",\"datePublished\":\"2011-10-23T13:55:38+00:00\",\"dateModified\":\"2025-09-06T16:49:35+00:00\",\"breadcrumb\":{\"@id\":\"https:\\\/\\\/www.iemj.org\\\/en\\\/berlinski-shalom-1918-2008\\\/#breadcrumb\"},\"inLanguage\":\"en-US\",\"potentialAction\":[{\"@type\":\"ReadAction\",\"target\":[\"https:\\\/\\\/www.iemj.org\\\/en\\\/berlinski-shalom-1918-2008\\\/\"]}]},{\"@type\":\"ImageObject\",\"inLanguage\":\"en-US\",\"@id\":\"https:\\\/\\\/www.iemj.org\\\/en\\\/berlinski-shalom-1918-2008\\\/#primaryimage\",\"url\":\"https:\\\/\\\/www.iemj.org\\\/wp-content\\\/uploads\\\/2011\\\/10\\\/arton313-e1617031727743.jpg\",\"contentUrl\":\"https:\\\/\\\/www.iemj.org\\\/wp-content\\\/uploads\\\/2011\\\/10\\\/arton313-e1617031727743.jpg\",\"width\":196,\"height\":242,\"caption\":\"logo bio Elsa Barraine\"},{\"@type\":\"BreadcrumbList\",\"@id\":\"https:\\\/\\\/www.iemj.org\\\/en\\\/berlinski-shalom-1918-2008\\\/#breadcrumb\",\"itemListElement\":[{\"@type\":\"ListItem\",\"position\":1,\"name\":\"Accueil\",\"item\":\"https:\\\/\\\/www.iemj.org\\\/en\\\/\"},{\"@type\":\"ListItem\",\"position\":2,\"name\":\"Berlinski, Shalom (1918-2008)\"}]},{\"@type\":\"WebSite\",\"@id\":\"https:\\\/\\\/www.iemj.org\\\/en\\\/#website\",\"url\":\"https:\\\/\\\/www.iemj.org\\\/en\\\/\",\"name\":\"Institut Europ\u00e9en des Musiques Juives\",\"description\":\"Des traditions musicales \u00e0 la port\u00e9e de tous\",\"publisher\":{\"@id\":\"https:\\\/\\\/www.iemj.org\\\/en\\\/#organization\"},\"potentialAction\":[{\"@type\":\"SearchAction\",\"target\":{\"@type\":\"EntryPoint\",\"urlTemplate\":\"https:\\\/\\\/www.iemj.org\\\/en\\\/?s={search_term_string}\"},\"query-input\":{\"@type\":\"PropertyValueSpecification\",\"valueRequired\":true,\"valueName\":\"search_term_string\"}}],\"inLanguage\":\"en-US\"},{\"@type\":\"Organization\",\"@id\":\"https:\\\/\\\/www.iemj.org\\\/en\\\/#organization\",\"name\":\"Institut Europ\u00e9en des Musiques Juives\",\"url\":\"https:\\\/\\\/www.iemj.org\\\/en\\\/\",\"logo\":{\"@type\":\"ImageObject\",\"inLanguage\":\"en-US\",\"@id\":\"https:\\\/\\\/www.iemj.org\\\/en\\\/#\\\/schema\\\/logo\\\/image\\\/\",\"url\":\"https:\\\/\\\/www.iemj.org\\\/wp-content\\\/uploads\\\/2021\\\/09\\\/Logo-IEMJ-Paypal.jpg\",\"contentUrl\":\"https:\\\/\\\/www.iemj.org\\\/wp-content\\\/uploads\\\/2021\\\/09\\\/Logo-IEMJ-Paypal.jpg\",\"width\":150,\"height\":50,\"caption\":\"Institut Europ\u00e9en des Musiques Juives\"},\"image\":{\"@id\":\"https:\\\/\\\/www.iemj.org\\\/en\\\/#\\\/schema\\\/logo\\\/image\\\/\"},\"sameAs\":[\"https:\\\/\\\/www.facebook.com\\\/MusiquesJuives\\\/\",\"https:\\\/\\\/www.instagram.com\\\/musiquesjuives\\\/\",\"https:\\\/\\\/www.youtube.com\\\/user\\\/musiquesjuives\"]},{\"@type\":\"Person\",\"@id\":\"https:\\\/\\\/www.iemj.org\\\/en\\\/#\\\/schema\\\/person\\\/906134402c29d5c76e7b726261dd4bbd\",\"name\":\"Herv\u00e9 Roten\",\"image\":{\"@type\":\"ImageObject\",\"inLanguage\":\"en-US\",\"@id\":\"https:\\\/\\\/secure.gravatar.com\\\/avatar\\\/f96ad2db538a26481f18384936b5cd0610c92d390c4dc382209216d455f685ff?s=96&d=mm&r=g\",\"url\":\"https:\\\/\\\/secure.gravatar.com\\\/avatar\\\/f96ad2db538a26481f18384936b5cd0610c92d390c4dc382209216d455f685ff?s=96&d=mm&r=g\",\"contentUrl\":\"https:\\\/\\\/secure.gravatar.com\\\/avatar\\\/f96ad2db538a26481f18384936b5cd0610c92d390c4dc382209216d455f685ff?s=96&d=mm&r=g\",\"caption\":\"Herv\u00e9 Roten\"}}]}<\/script>\n<!-- \/ Yoast SEO plugin. -->","yoast_head_json":{"title":"Berlinski, Shalom (1918-2008) - Institut Europ\u00e9en des Musiques Juives","robots":{"index":"index","follow":"follow","max-snippet":"max-snippet:-1","max-image-preview":"max-image-preview:large","max-video-preview":"max-video-preview:-1"},"canonical":"https:\/\/www.iemj.org\/en\/berlinski-shalom-1918-2008\/","og_locale":"en_US","og_type":"article","og_title":"Berlinski, Shalom (1918-2008) - Institut Europ\u00e9en des Musiques Juives","og_description":"Born on January 16th 1918 in Radom, a Polish town about 100 kilometers from Warsaw, Shalom Berlinski was the youngest son in a family of eight children. His father was","og_url":"https:\/\/www.iemj.org\/en\/berlinski-shalom-1918-2008\/","og_site_name":"Institut Europ\u00e9en des Musiques Juives","article_publisher":"https:\/\/www.facebook.com\/MusiquesJuives\/","article_published_time":"2011-10-23T13:55:38+00:00","article_modified_time":"2025-09-06T16:49:35+00:00","og_image":[{"width":196,"height":242,"url":"https:\/\/www.iemj.org\/wp-content\/uploads\/2011\/10\/arton313-e1617031727743.jpg","type":"image\/jpeg"}],"author":"Herv\u00e9 Roten","twitter_card":"summary_large_image","twitter_misc":{"Written by":"Herv\u00e9 Roten","Est. reading time":"5 minutes"},"schema":{"@context":"https:\/\/schema.org","@graph":[{"@type":"Article","@id":"https:\/\/www.iemj.org\/en\/berlinski-shalom-1918-2008\/#article","isPartOf":{"@id":"https:\/\/www.iemj.org\/en\/berlinski-shalom-1918-2008\/"},"author":{"name":"Herv\u00e9 Roten","@id":"https:\/\/www.iemj.org\/en\/#\/schema\/person\/906134402c29d5c76e7b726261dd4bbd"},"headline":"Berlinski, Shalom (1918-2008)","datePublished":"2011-10-23T13:55:38+00:00","dateModified":"2025-09-06T16:49:35+00:00","mainEntityOfPage":{"@id":"https:\/\/www.iemj.org\/en\/berlinski-shalom-1918-2008\/"},"wordCount":581,"publisher":{"@id":"https:\/\/www.iemj.org\/en\/#organization"},"image":{"@id":"https:\/\/www.iemj.org\/en\/berlinski-shalom-1918-2008\/#primaryimage"},"thumbnailUrl":"https:\/\/www.iemj.org\/wp-content\/uploads\/2011\/10\/arton313-e1617031727743.jpg","articleSection":["Biographies"],"inLanguage":"en-US"},{"@type":"WebPage","@id":"https:\/\/www.iemj.org\/en\/berlinski-shalom-1918-2008\/","url":"https:\/\/www.iemj.org\/en\/berlinski-shalom-1918-2008\/","name":"Berlinski, Shalom (1918-2008) - Institut Europ\u00e9en des Musiques Juives","isPartOf":{"@id":"https:\/\/www.iemj.org\/en\/#website"},"primaryImageOfPage":{"@id":"https:\/\/www.iemj.org\/en\/berlinski-shalom-1918-2008\/#primaryimage"},"image":{"@id":"https:\/\/www.iemj.org\/en\/berlinski-shalom-1918-2008\/#primaryimage"},"thumbnailUrl":"https:\/\/www.iemj.org\/wp-content\/uploads\/2011\/10\/arton313-e1617031727743.jpg","datePublished":"2011-10-23T13:55:38+00:00","dateModified":"2025-09-06T16:49:35+00:00","breadcrumb":{"@id":"https:\/\/www.iemj.org\/en\/berlinski-shalom-1918-2008\/#breadcrumb"},"inLanguage":"en-US","potentialAction":[{"@type":"ReadAction","target":["https:\/\/www.iemj.org\/en\/berlinski-shalom-1918-2008\/"]}]},{"@type":"ImageObject","inLanguage":"en-US","@id":"https:\/\/www.iemj.org\/en\/berlinski-shalom-1918-2008\/#primaryimage","url":"https:\/\/www.iemj.org\/wp-content\/uploads\/2011\/10\/arton313-e1617031727743.jpg","contentUrl":"https:\/\/www.iemj.org\/wp-content\/uploads\/2011\/10\/arton313-e1617031727743.jpg","width":196,"height":242,"caption":"logo bio Elsa Barraine"},{"@type":"BreadcrumbList","@id":"https:\/\/www.iemj.org\/en\/berlinski-shalom-1918-2008\/#breadcrumb","itemListElement":[{"@type":"ListItem","position":1,"name":"Accueil","item":"https:\/\/www.iemj.org\/en\/"},{"@type":"ListItem","position":2,"name":"Berlinski, Shalom (1918-2008)"}]},{"@type":"WebSite","@id":"https:\/\/www.iemj.org\/en\/#website","url":"https:\/\/www.iemj.org\/en\/","name":"Institut Europ\u00e9en des Musiques Juives","description":"Des traditions musicales \u00e0 la port\u00e9e de tous","publisher":{"@id":"https:\/\/www.iemj.org\/en\/#organization"},"potentialAction":[{"@type":"SearchAction","target":{"@type":"EntryPoint","urlTemplate":"https:\/\/www.iemj.org\/en\/?s={search_term_string}"},"query-input":{"@type":"PropertyValueSpecification","valueRequired":true,"valueName":"search_term_string"}}],"inLanguage":"en-US"},{"@type":"Organization","@id":"https:\/\/www.iemj.org\/en\/#organization","name":"Institut Europ\u00e9en des Musiques Juives","url":"https:\/\/www.iemj.org\/en\/","logo":{"@type":"ImageObject","inLanguage":"en-US","@id":"https:\/\/www.iemj.org\/en\/#\/schema\/logo\/image\/","url":"https:\/\/www.iemj.org\/wp-content\/uploads\/2021\/09\/Logo-IEMJ-Paypal.jpg","contentUrl":"https:\/\/www.iemj.org\/wp-content\/uploads\/2021\/09\/Logo-IEMJ-Paypal.jpg","width":150,"height":50,"caption":"Institut Europ\u00e9en des Musiques Juives"},"image":{"@id":"https:\/\/www.iemj.org\/en\/#\/schema\/logo\/image\/"},"sameAs":["https:\/\/www.facebook.com\/MusiquesJuives\/","https:\/\/www.instagram.com\/musiquesjuives\/","https:\/\/www.youtube.com\/user\/musiquesjuives"]},{"@type":"Person","@id":"https:\/\/www.iemj.org\/en\/#\/schema\/person\/906134402c29d5c76e7b726261dd4bbd","name":"Herv\u00e9 Roten","image":{"@type":"ImageObject","inLanguage":"en-US","@id":"https:\/\/secure.gravatar.com\/avatar\/f96ad2db538a26481f18384936b5cd0610c92d390c4dc382209216d455f685ff?s=96&d=mm&r=g","url":"https:\/\/secure.gravatar.com\/avatar\/f96ad2db538a26481f18384936b5cd0610c92d390c4dc382209216d455f685ff?s=96&d=mm&r=g","contentUrl":"https:\/\/secure.gravatar.com\/avatar\/f96ad2db538a26481f18384936b5cd0610c92d390c4dc382209216d455f685ff?s=96&d=mm&r=g","caption":"Herv\u00e9 Roten"}}]}},"_links":{"self":[{"href":"https:\/\/www.iemj.org\/en\/wp-json\/wp\/v2\/posts\/51148","targetHints":{"allow":["GET"]}}],"collection":[{"href":"https:\/\/www.iemj.org\/en\/wp-json\/wp\/v2\/posts"}],"about":[{"href":"https:\/\/www.iemj.org\/en\/wp-json\/wp\/v2\/types\/post"}],"author":[{"embeddable":true,"href":"https:\/\/www.iemj.org\/en\/wp-json\/wp\/v2\/users\/1045"}],"replies":[{"embeddable":true,"href":"https:\/\/www.iemj.org\/en\/wp-json\/wp\/v2\/comments?post=51148"}],"version-history":[{"count":0,"href":"https:\/\/www.iemj.org\/en\/wp-json\/wp\/v2\/posts\/51148\/revisions"}],"wp:featuredmedia":[{"embeddable":true,"href":"https:\/\/www.iemj.org\/en\/wp-json\/wp\/v2\/media\/4005"}],"wp:attachment":[{"href":"https:\/\/www.iemj.org\/en\/wp-json\/wp\/v2\/media?parent=51148"}],"wp:term":[{"taxonomy":"category","embeddable":true,"href":"https:\/\/www.iemj.org\/en\/wp-json\/wp\/v2\/categories?post=51148"},{"taxonomy":"post_tag","embeddable":true,"href":"https:\/\/www.iemj.org\/en\/wp-json\/wp\/v2\/tags?post=51148"},{"taxonomy":"technique","embeddable":true,"href":"https:\/\/www.iemj.org\/en\/wp-json\/wp\/v2\/technique?post=51148"},{"taxonomy":"squelettes","embeddable":true,"href":"https:\/\/www.iemj.org\/en\/wp-json\/wp\/v2\/squelettes?post=51148"},{"taxonomy":"sujet","embeddable":true,"href":"https:\/\/www.iemj.org\/en\/wp-json\/wp\/v2\/sujet?post=51148"},{"taxonomy":"formation","embeddable":true,"href":"https:\/\/www.iemj.org\/en\/wp-json\/wp\/v2\/formation?post=51148"},{"taxonomy":"genre","embeddable":true,"href":"https:\/\/www.iemj.org\/en\/wp-json\/wp\/v2\/genre?post=51148"},{"taxonomy":"fonds","embeddable":true,"href":"https:\/\/www.iemj.org\/en\/wp-json\/wp\/v2\/fonds?post=51148"},{"taxonomy":"tradition","embeddable":true,"href":"https:\/\/www.iemj.org\/en\/wp-json\/wp\/v2\/tradition?post=51148"},{"taxonomy":"type-de-contenu","embeddable":true,"href":"https:\/\/www.iemj.org\/en\/wp-json\/wp\/v2\/type-de-contenu?post=51148"},{"taxonomy":"interprete-compositeur","embeddable":true,"href":"https:\/\/www.iemj.org\/en\/wp-json\/wp\/v2\/interprete-compositeur?post=51148"},{"taxonomy":"frise","embeddable":true,"href":"https:\/\/www.iemj.org\/en\/wp-json\/wp\/v2\/frise?post=51148"},{"taxonomy":"type-devenement","embeddable":true,"href":"https:\/\/www.iemj.org\/en\/wp-json\/wp\/v2\/type-devenement?post=51148"},{"taxonomy":"tableaux-liens-externes","embeddable":true,"href":"https:\/\/www.iemj.org\/en\/wp-json\/wp\/v2\/tableaux-liens-externes?post=51148"}],"curies":[{"name":"wp","href":"https:\/\/api.w.org\/{rel}","templated":true}]}}