{"id":51363,"date":"2020-12-21T19:50:18","date_gmt":"2020-12-21T18:50:18","guid":{"rendered":"https:\/\/www.iemj.org\/la-clarinette-dans-la-musique-klezmer\/"},"modified":"2024-02-16T16:47:32","modified_gmt":"2024-02-16T15:47:32","slug":"la-clarinette-dans-la-musique-klezmer","status":"publish","type":"post","link":"https:\/\/www.iemj.org\/en\/la-clarinette-dans-la-musique-klezmer\/","title":{"rendered":"The clarinet in klezmer music"},"content":{"rendered":"<p><strong>A selection of klezmer tunes where the clarinet is predominent<\/strong><\/p>\n<p><!--more-->Naftule Brandwein, Dave Tarras, David Krakauer, Yom, Marine Goldwaser, Giora Feidman, Michael Winograd&#8230; So many names that rhime with <a href=\"https:\/\/www.iemj.org\/en\/klezmer-music-from-the-past-to-the-present\/\" target=\"_blank\" rel=\"noopener\">klezmer music<\/a>, but even more with one of its favorite instruments: the clarinet !<\/p>\n<p>This musical instrument from the woods family was created around 1690 by Johann Christoph Denner in Nuremberg. Of all wind instruments of its family, the clarinet has the largest tessitura with three octaves plus a minor sixth, constituting 45 notes altogether. It is declined in a family of about 12 instruments that can be transposed for most of them, from the double bass clarinet to the sopranino clarinet, covering thus the full register of a symphonic orchestra.<\/p>\n<p><img decoding=\"async\" class=\" alignright size-full wp-image-30245\" src=\"https:\/\/www.iemj.org\/wp-content\/uploads\/2020\/12\/image_clarinettiste.jpg\" alt=\"image_clarinettiste.jpg\" width=\"200\" height=\"139\" align=\"right\" \/>The clarinet seems to have entered the klezmer bands during the 19th century, following probably its expansion in military brass bands. At the turn of the 20th century, the disc companies encourage the recording of wind instruments at the expense of strings, of which the sound is less powerful, and thus less appropriate for the recording means of the time. This is how in the first decades of the 20th century, the clarinet overtakes the violin and becomes the predominant instrument of klezmer bands.<\/p>\n<p>Klezmer music is strongly linked to Jewish weddings and its many rituals. The clarinet &#8211; of which it is said to be the closest instrument to the human voice &#8211; borrows the many vocal ornementations of East European cantors, such as the <em>krekhts<\/em> (whine).<\/p>\n<p>Here is a selection of klezmer tunes, performed by the greatest clarinet players of yesterday and today.<\/p>\n<ul>\n<li><a href=\"https:\/\/www.iemj.org\/en\/klezmer-music-from-the-past-to-the-present\/\" target=\"_blank\" rel=\"noopener\">Read Herv\u00e9 Roten\u2019s article on klezmer music<\/a><\/li>\n<li><a href=\"http:\/\/borzy.info\/EnglishIndex.html\" target=\"_blank\" rel=\"noopener\">Look at Michel Borzykowski\u2019s website on klezmer music<\/a><\/li>\n<li><a href=\"https:\/\/www.iemj.org\/en\/product\/movsessian-and-vialatte-twenty-nigunim-for-clarinet-and-piano-printed-score\/\" target=\"_blank\" rel=\"noopener\">Listen and purchase the sheet music <em>20 nigunim for clarinet and piano<\/em> by Claudine Movsessian and Martine Vialatte<\/a><\/li>\n<li><a href=\"https:\/\/www.iemj.org\/en\/produit\/serge-kaufman-balade-klezmer-pour-violon-clarinette-et-cymbalum-partition-imprimee\/\" target=\"_blank\" rel=\"noopener\">Purchase the musical score <em>Balade Klezmer<\/em>, for clarinet, violin and cymbalum by Serge Kaufmann<\/a><\/li>\n<\/ul>\n\n\n<figure class=\"wp-block-image size-large\"><img fetchpriority=\"high\" decoding=\"async\" width=\"1024\" height=\"146\" src=\"https:\/\/www.iemj.org\/wp-content\/uploads\/2023\/01\/Bandeau-Playlist_EN2-1024x146.jpg\" alt=\"\" class=\"wp-image-93119\" srcset=\"https:\/\/www.iemj.org\/wp-content\/uploads\/2023\/01\/Bandeau-Playlist_EN2-1024x146.jpg 1024w, https:\/\/www.iemj.org\/wp-content\/uploads\/2023\/01\/Bandeau-Playlist_EN2-300x43.jpg 300w, https:\/\/www.iemj.org\/wp-content\/uploads\/2023\/01\/Bandeau-Playlist_EN2-768x110.jpg 768w, https:\/\/www.iemj.org\/wp-content\/uploads\/2023\/01\/Bandeau-Playlist_EN2-1536x220.jpg 1536w, https:\/\/www.iemj.org\/wp-content\/uploads\/2023\/01\/Bandeau-Playlist_EN2-600x86.jpg 600w, https:\/\/www.iemj.org\/wp-content\/uploads\/2023\/01\/Bandeau-Playlist_EN2.jpg 1608w\" sizes=\"(max-width: 1024px) 100vw, 1024px\" \/><\/figure>\n\n\n\n<div class=\"wp-block-file\"><a id=\"wp-block-file--media-7ee0bf65-ae8b-4a1f-9a0c-0c31052353e4\" href=\"https:\/\/www.iemj.org\/wp-content\/uploads\/2020\/12\/1._cd_275_04_dave_tarras_mayn_tayere_odessa.mp3\">Mayn tayere Odessa &#8211; Dave Tarras<\/a><\/div>\n\n\n\n<div class=\"wp-block-file\"><a id=\"wp-block-file--media-6ddf61a5-a9e4-4a59-9fed-ddd699f4e17b\" href=\"https:\/\/www.iemj.org\/wp-content\/uploads\/2020\/12\/2._d33-30_631_04_giora_feidman_chassidic_song.mp3\">Chassidic song &#8211; Giora Feidman<\/a><\/div>\n\n\n\n<div class=\"wp-block-file\"><a id=\"wp-block-file--media-a89fd8ac-2f63-486b-ba48-4436974af589\" href=\"https:\/\/www.iemj.org\/wp-content\/uploads\/2020\/12\/3._d33-30_636_01_andy_statman_zev_feldman.mp3\">A Galitsianer Tantsel &#8211; Andy Statman, Zev Feldman<\/a><\/div>\n\n\n\n<div class=\"wp-block-file\"><a id=\"wp-block-file--media-115cda07-4dae-477b-b936-ca9fbfe92bba\" href=\"https:\/\/www.iemj.org\/wp-content\/uploads\/2020\/12\/4._d33-30_11_06_naft_brand_terkish_yalle.mp3\">Terkisher Yale-ve-yove Tants &#8211; Naftule Brandwein<\/a><\/div>\n\n\n\n<div class=\"wp-block-file\"><a id=\"wp-block-file--media-e8d2d727-64d2-4490-bc37-337f005be512\" href=\"https:\/\/www.iemj.org\/wp-content\/uploads\/2020\/12\/5._cd_473_01-samuel_berthod_yubka_je_me_souviens_c_etait_a_kiev.mp3\">Je me souviens, c&#8217;\u00e9tait \u00e0 Kiev &#8211; Samuel Berthod (Extrait)<\/a><\/div>\n\n\n\n<div class=\"wp-block-file\"><a id=\"wp-block-file--media-7d705fff-d28c-442a-a5b4-7d66b8a74905\" href=\"https:\/\/www.iemj.org\/wp-content\/uploads\/2020\/12\/7._cd_1435_02_serge_kaufmann_ballade_klezmer.mp3\">Balade klezmer &#8211; Serge Kaufmann (Extrait)<\/a><\/div>\n\n\n\n<div class=\"wp-block-file\"><a id=\"wp-block-file--media-b792e030-6d08-406f-b6dd-6d28a76afe96\" href=\"https:\/\/www.iemj.org\/wp-content\/uploads\/2020\/12\/8._cd_385_06_german_goldenshteyn_zhokul_rezeshilor.mp3\">Zhokul Rezeshilor &#8211; German Goldenshteyn (Extrait)<\/a><\/div>\n\n\n\n<div class=\"wp-block-file\"><a id=\"wp-block-file--media-6d91e2a1-64b9-4740-826c-9ad325352593\" href=\"https:\/\/www.iemj.org\/wp-content\/uploads\/2020\/12\/9._d33-30_2746_11_israel_zohar_the_yiddishe_mama.mp3\">The Yiddishe mama &#8211; Israel Zohar<\/a><\/div>\n\n\n\n<div class=\"wp-block-file\"><a id=\"wp-block-file--media-d9a03e11-8400-4b25-8339-a2cd1c893173\" href=\"https:\/\/www.iemj.org\/wp-content\/uploads\/2020\/12\/10._d33-30_484_06_klezmorim_oy_tate.mp3\">Oy tate &#8211; The klezmorim<\/a><\/div>\n\n\n\n<div class=\"wp-block-file\"><a id=\"wp-block-file--media-053b84a7-c53e-4517-9c00-d71f8116af6c\" href=\"https:\/\/www.iemj.org\/wp-content\/uploads\/2020\/12\/12._cd_84_02_schechter_gregori__wild_freylech.mp3\">Wild freylach &#8211; Gregori Schechter (Extrait)<\/a><\/div>\n\n\n\n<div class=\"wp-block-file\"><a id=\"wp-block-file--media-f9335d7f-025e-4604-833c-105bfeb10201\" href=\"https:\/\/www.iemj.org\/wp-content\/uploads\/2020\/12\/13._cd_1447_02_petit_mish_mash_heide_klezmorim.mp3\">Heide klezmorim &#8211; Le Petit Mish Mash (Marine Goldwaser) (Extrait)<\/a><\/div>\n\n\n\n<div class=\"wp-block-file\"><a id=\"wp-block-file--media-ee5fcbb6-d854-41c0-98a6-268ffd97d7dd\" href=\"https:\/\/www.iemj.org\/wp-content\/uploads\/2020\/12\/14._cd_1259_07_cafe_rembrandt_torivaki.mp3\">Torivaki &#8211; Caf\u00e9 Rembrandt (Extrait)<\/a><\/div>\n\n\n\n<div class=\"wp-block-file\"><a id=\"wp-block-file--media-27226981-d3a1-45cd-97eb-d5c61a4c43f8\" href=\"https:\/\/www.iemj.org\/wp-content\/uploads\/2020\/12\/15._cd_864_02_anakronic_electro_orkestra_terk_in_america.mp3\">Terk in America &#8211; Anakronic Electro Orkestra (Extrait)<\/a><\/div>\n\n\n\n<div class=\"wp-block-file\"><a id=\"wp-block-file--media-9320b624-f6f3-423d-9319-7bb28fbc89e2\" href=\"https:\/\/www.iemj.org\/wp-content\/uploads\/2020\/12\/16._cd_1254_03_david_krakauer.mp3\">The Kozatzke \/ Der ziser &#8211; David Krakauer (Extrait)<\/a><\/div>\n\n\n\n<div class=\"wp-block-file\"><a id=\"wp-block-file--media-90ef617b-15d8-427f-989d-b18a9b1ce2e6\" href=\"https:\/\/www.iemj.org\/wp-content\/uploads\/2020\/12\/17._cd_364_11_yom_with_love.mp3\">With love &#8211; Yom (Extrait)<\/a><\/div>\n\n\n\n<div class=\"wp-block-file\"><a id=\"wp-block-file--media-fd5be447-19fa-41fc-a096-df90c3859397\" href=\"https:\/\/www.iemj.org\/wp-content\/uploads\/2020\/12\/7_-_nigun_traditionnel-2.mp3\">Nigun traditionnel &#8211; Claudine Movsessian<\/a><\/div>\n\n\n\n<div class=\"wp-block-file\"><a id=\"wp-block-file--media-fcf45912-5f65-4cd4-9995-4a1b1307497f\" href=\"https:\/\/www.iemj.org\/wp-content\/uploads\/2020\/12\/6._d33-30_1065_13_marty_levitt_little_gypsy.mp3\">Little Gypsy &#8211; Marty Levitt<\/a><\/div>\n","protected":false},"excerpt":{"rendered":"<p>A selection of klezmer tunes where the clarinet is predominent<\/p>\n","protected":false},"author":1048,"featured_media":30243,"comment_status":"closed","ping_status":"closed","sticky":false,"template":"","format":"standard","meta":{"_acf_changed":false,"footnotes":""},"categories":[1317],"tags":[],"technique":[],"squelettes":[],"sujet":[],"formation":[],"genre":[1113],"fonds":[],"tradition":[],"type-de-contenu":[],"interprete-compositeur":[],"frise":[],"type-devenement":[],"tableaux-liens-externes":[],"class_list":["post-51363","post","type-post","status-publish","format-standard","has-post-thumbnail","hentry","category-playlists-en","genre-klezmer-en"],"acf":[],"yoast_head":"<!-- This site is optimized with the Yoast SEO plugin v27.3 - https:\/\/yoast.com\/product\/yoast-seo-wordpress\/ -->\n<title>The clarinet in klezmer music - Institut Europ\u00e9en des Musiques Juives<\/title>\n<meta name=\"robots\" content=\"index, follow, max-snippet:-1, max-image-preview:large, max-video-preview:-1\" \/>\n<link rel=\"canonical\" href=\"https:\/\/www.iemj.org\/en\/la-clarinette-dans-la-musique-klezmer\/\" \/>\n<meta property=\"og:locale\" content=\"en_US\" \/>\n<meta property=\"og:type\" content=\"article\" \/>\n<meta property=\"og:title\" content=\"The clarinet in klezmer music - Institut Europ\u00e9en des Musiques Juives\" \/>\n<meta property=\"og:description\" content=\"A selection of klezmer tunes where the clarinet is predominent\" \/>\n<meta property=\"og:url\" content=\"https:\/\/www.iemj.org\/en\/la-clarinette-dans-la-musique-klezmer\/\" \/>\n<meta property=\"og:site_name\" content=\"Institut Europ\u00e9en des Musiques Juives\" \/>\n<meta property=\"article:publisher\" content=\"https:\/\/www.facebook.com\/MusiquesJuives\/\" \/>\n<meta property=\"article:published_time\" content=\"2020-12-21T18:50:18+00:00\" \/>\n<meta property=\"article:modified_time\" content=\"2024-02-16T15:47:32+00:00\" \/>\n<meta property=\"og:image\" content=\"https:\/\/www.iemj.org\/wp-content\/uploads\/2020\/12\/arton4939-e1624959669461.jpg\" \/>\n\t<meta property=\"og:image:width\" content=\"348\" \/>\n\t<meta property=\"og:image:height\" content=\"358\" \/>\n\t<meta property=\"og:image:type\" content=\"image\/jpeg\" \/>\n<meta name=\"author\" content=\"Jean-Gabriel Davis\" \/>\n<meta name=\"twitter:card\" content=\"summary_large_image\" \/>\n<meta name=\"twitter:label1\" content=\"Written by\" \/>\n\t<meta name=\"twitter:data1\" content=\"Jean-Gabriel Davis\" \/>\n\t<meta name=\"twitter:label2\" content=\"Est. reading time\" \/>\n\t<meta name=\"twitter:data2\" content=\"3 minutes\" \/>\n<script type=\"application\/ld+json\" class=\"yoast-schema-graph\">{\"@context\":\"https:\\\/\\\/schema.org\",\"@graph\":[{\"@type\":\"Article\",\"@id\":\"https:\\\/\\\/www.iemj.org\\\/en\\\/la-clarinette-dans-la-musique-klezmer\\\/#article\",\"isPartOf\":{\"@id\":\"https:\\\/\\\/www.iemj.org\\\/en\\\/la-clarinette-dans-la-musique-klezmer\\\/\"},\"author\":{\"name\":\"Jean-Gabriel Davis\",\"@id\":\"https:\\\/\\\/www.iemj.org\\\/en\\\/#\\\/schema\\\/person\\\/c9bc1c386a3749579a2d675e72a18666\"},\"headline\":\"The clarinet in klezmer music\",\"datePublished\":\"2020-12-21T18:50:18+00:00\",\"dateModified\":\"2024-02-16T15:47:32+00:00\",\"mainEntityOfPage\":{\"@id\":\"https:\\\/\\\/www.iemj.org\\\/en\\\/la-clarinette-dans-la-musique-klezmer\\\/\"},\"wordCount\":424,\"publisher\":{\"@id\":\"https:\\\/\\\/www.iemj.org\\\/en\\\/#organization\"},\"image\":{\"@id\":\"https:\\\/\\\/www.iemj.org\\\/en\\\/la-clarinette-dans-la-musique-klezmer\\\/#primaryimage\"},\"thumbnailUrl\":\"https:\\\/\\\/www.iemj.org\\\/wp-content\\\/uploads\\\/2020\\\/12\\\/arton4939-e1624959669461.jpg\",\"articleSection\":[\"Playlists\"],\"inLanguage\":\"en-US\"},{\"@type\":\"WebPage\",\"@id\":\"https:\\\/\\\/www.iemj.org\\\/en\\\/la-clarinette-dans-la-musique-klezmer\\\/\",\"url\":\"https:\\\/\\\/www.iemj.org\\\/en\\\/la-clarinette-dans-la-musique-klezmer\\\/\",\"name\":\"The clarinet in klezmer music - Institut Europ\u00e9en des Musiques Juives\",\"isPartOf\":{\"@id\":\"https:\\\/\\\/www.iemj.org\\\/en\\\/#website\"},\"primaryImageOfPage\":{\"@id\":\"https:\\\/\\\/www.iemj.org\\\/en\\\/la-clarinette-dans-la-musique-klezmer\\\/#primaryimage\"},\"image\":{\"@id\":\"https:\\\/\\\/www.iemj.org\\\/en\\\/la-clarinette-dans-la-musique-klezmer\\\/#primaryimage\"},\"thumbnailUrl\":\"https:\\\/\\\/www.iemj.org\\\/wp-content\\\/uploads\\\/2020\\\/12\\\/arton4939-e1624959669461.jpg\",\"datePublished\":\"2020-12-21T18:50:18+00:00\",\"dateModified\":\"2024-02-16T15:47:32+00:00\",\"breadcrumb\":{\"@id\":\"https:\\\/\\\/www.iemj.org\\\/en\\\/la-clarinette-dans-la-musique-klezmer\\\/#breadcrumb\"},\"inLanguage\":\"en-US\",\"potentialAction\":[{\"@type\":\"ReadAction\",\"target\":[\"https:\\\/\\\/www.iemj.org\\\/en\\\/la-clarinette-dans-la-musique-klezmer\\\/\"]}]},{\"@type\":\"ImageObject\",\"inLanguage\":\"en-US\",\"@id\":\"https:\\\/\\\/www.iemj.org\\\/en\\\/la-clarinette-dans-la-musique-klezmer\\\/#primaryimage\",\"url\":\"https:\\\/\\\/www.iemj.org\\\/wp-content\\\/uploads\\\/2020\\\/12\\\/arton4939-e1624959669461.jpg\",\"contentUrl\":\"https:\\\/\\\/www.iemj.org\\\/wp-content\\\/uploads\\\/2020\\\/12\\\/arton4939-e1624959669461.jpg\",\"width\":348,\"height\":358},{\"@type\":\"BreadcrumbList\",\"@id\":\"https:\\\/\\\/www.iemj.org\\\/en\\\/la-clarinette-dans-la-musique-klezmer\\\/#breadcrumb\",\"itemListElement\":[{\"@type\":\"ListItem\",\"position\":1,\"name\":\"Accueil\",\"item\":\"https:\\\/\\\/www.iemj.org\\\/en\\\/\"},{\"@type\":\"ListItem\",\"position\":2,\"name\":\"The clarinet in klezmer music\"}]},{\"@type\":\"WebSite\",\"@id\":\"https:\\\/\\\/www.iemj.org\\\/en\\\/#website\",\"url\":\"https:\\\/\\\/www.iemj.org\\\/en\\\/\",\"name\":\"Institut Europ\u00e9en des Musiques Juives\",\"description\":\"Des traditions musicales \u00e0 la port\u00e9e de tous\",\"publisher\":{\"@id\":\"https:\\\/\\\/www.iemj.org\\\/en\\\/#organization\"},\"potentialAction\":[{\"@type\":\"SearchAction\",\"target\":{\"@type\":\"EntryPoint\",\"urlTemplate\":\"https:\\\/\\\/www.iemj.org\\\/en\\\/?s={search_term_string}\"},\"query-input\":{\"@type\":\"PropertyValueSpecification\",\"valueRequired\":true,\"valueName\":\"search_term_string\"}}],\"inLanguage\":\"en-US\"},{\"@type\":\"Organization\",\"@id\":\"https:\\\/\\\/www.iemj.org\\\/en\\\/#organization\",\"name\":\"Institut Europ\u00e9en des Musiques Juives\",\"url\":\"https:\\\/\\\/www.iemj.org\\\/en\\\/\",\"logo\":{\"@type\":\"ImageObject\",\"inLanguage\":\"en-US\",\"@id\":\"https:\\\/\\\/www.iemj.org\\\/en\\\/#\\\/schema\\\/logo\\\/image\\\/\",\"url\":\"https:\\\/\\\/www.iemj.org\\\/wp-content\\\/uploads\\\/2021\\\/09\\\/Logo-IEMJ-Paypal.jpg\",\"contentUrl\":\"https:\\\/\\\/www.iemj.org\\\/wp-content\\\/uploads\\\/2021\\\/09\\\/Logo-IEMJ-Paypal.jpg\",\"width\":150,\"height\":50,\"caption\":\"Institut Europ\u00e9en des Musiques Juives\"},\"image\":{\"@id\":\"https:\\\/\\\/www.iemj.org\\\/en\\\/#\\\/schema\\\/logo\\\/image\\\/\"},\"sameAs\":[\"https:\\\/\\\/www.facebook.com\\\/MusiquesJuives\\\/\",\"https:\\\/\\\/www.instagram.com\\\/musiquesjuives\\\/\",\"https:\\\/\\\/www.youtube.com\\\/user\\\/musiquesjuives\"]},{\"@type\":\"Person\",\"@id\":\"https:\\\/\\\/www.iemj.org\\\/en\\\/#\\\/schema\\\/person\\\/c9bc1c386a3749579a2d675e72a18666\",\"name\":\"Jean-Gabriel Davis\",\"image\":{\"@type\":\"ImageObject\",\"inLanguage\":\"en-US\",\"@id\":\"https:\\\/\\\/secure.gravatar.com\\\/avatar\\\/2b90d67bdf392c9b3a21fab87c0fa7edaf1fb3a058172a1ffd61033fcec7aec1?s=96&d=mm&r=g\",\"url\":\"https:\\\/\\\/secure.gravatar.com\\\/avatar\\\/2b90d67bdf392c9b3a21fab87c0fa7edaf1fb3a058172a1ffd61033fcec7aec1?s=96&d=mm&r=g\",\"contentUrl\":\"https:\\\/\\\/secure.gravatar.com\\\/avatar\\\/2b90d67bdf392c9b3a21fab87c0fa7edaf1fb3a058172a1ffd61033fcec7aec1?s=96&d=mm&r=g\",\"caption\":\"Jean-Gabriel Davis\"}}]}<\/script>\n<!-- \/ Yoast SEO plugin. -->","yoast_head_json":{"title":"The clarinet in klezmer music - Institut Europ\u00e9en des Musiques Juives","robots":{"index":"index","follow":"follow","max-snippet":"max-snippet:-1","max-image-preview":"max-image-preview:large","max-video-preview":"max-video-preview:-1"},"canonical":"https:\/\/www.iemj.org\/en\/la-clarinette-dans-la-musique-klezmer\/","og_locale":"en_US","og_type":"article","og_title":"The clarinet in klezmer music - Institut Europ\u00e9en des Musiques Juives","og_description":"A selection of klezmer tunes where the clarinet is predominent","og_url":"https:\/\/www.iemj.org\/en\/la-clarinette-dans-la-musique-klezmer\/","og_site_name":"Institut Europ\u00e9en des Musiques Juives","article_publisher":"https:\/\/www.facebook.com\/MusiquesJuives\/","article_published_time":"2020-12-21T18:50:18+00:00","article_modified_time":"2024-02-16T15:47:32+00:00","og_image":[{"width":348,"height":358,"url":"https:\/\/www.iemj.org\/wp-content\/uploads\/2020\/12\/arton4939-e1624959669461.jpg","type":"image\/jpeg"}],"author":"Jean-Gabriel Davis","twitter_card":"summary_large_image","twitter_misc":{"Written by":"Jean-Gabriel Davis","Est. reading time":"3 minutes"},"schema":{"@context":"https:\/\/schema.org","@graph":[{"@type":"Article","@id":"https:\/\/www.iemj.org\/en\/la-clarinette-dans-la-musique-klezmer\/#article","isPartOf":{"@id":"https:\/\/www.iemj.org\/en\/la-clarinette-dans-la-musique-klezmer\/"},"author":{"name":"Jean-Gabriel Davis","@id":"https:\/\/www.iemj.org\/en\/#\/schema\/person\/c9bc1c386a3749579a2d675e72a18666"},"headline":"The clarinet in klezmer music","datePublished":"2020-12-21T18:50:18+00:00","dateModified":"2024-02-16T15:47:32+00:00","mainEntityOfPage":{"@id":"https:\/\/www.iemj.org\/en\/la-clarinette-dans-la-musique-klezmer\/"},"wordCount":424,"publisher":{"@id":"https:\/\/www.iemj.org\/en\/#organization"},"image":{"@id":"https:\/\/www.iemj.org\/en\/la-clarinette-dans-la-musique-klezmer\/#primaryimage"},"thumbnailUrl":"https:\/\/www.iemj.org\/wp-content\/uploads\/2020\/12\/arton4939-e1624959669461.jpg","articleSection":["Playlists"],"inLanguage":"en-US"},{"@type":"WebPage","@id":"https:\/\/www.iemj.org\/en\/la-clarinette-dans-la-musique-klezmer\/","url":"https:\/\/www.iemj.org\/en\/la-clarinette-dans-la-musique-klezmer\/","name":"The clarinet in klezmer music - Institut Europ\u00e9en des Musiques Juives","isPartOf":{"@id":"https:\/\/www.iemj.org\/en\/#website"},"primaryImageOfPage":{"@id":"https:\/\/www.iemj.org\/en\/la-clarinette-dans-la-musique-klezmer\/#primaryimage"},"image":{"@id":"https:\/\/www.iemj.org\/en\/la-clarinette-dans-la-musique-klezmer\/#primaryimage"},"thumbnailUrl":"https:\/\/www.iemj.org\/wp-content\/uploads\/2020\/12\/arton4939-e1624959669461.jpg","datePublished":"2020-12-21T18:50:18+00:00","dateModified":"2024-02-16T15:47:32+00:00","breadcrumb":{"@id":"https:\/\/www.iemj.org\/en\/la-clarinette-dans-la-musique-klezmer\/#breadcrumb"},"inLanguage":"en-US","potentialAction":[{"@type":"ReadAction","target":["https:\/\/www.iemj.org\/en\/la-clarinette-dans-la-musique-klezmer\/"]}]},{"@type":"ImageObject","inLanguage":"en-US","@id":"https:\/\/www.iemj.org\/en\/la-clarinette-dans-la-musique-klezmer\/#primaryimage","url":"https:\/\/www.iemj.org\/wp-content\/uploads\/2020\/12\/arton4939-e1624959669461.jpg","contentUrl":"https:\/\/www.iemj.org\/wp-content\/uploads\/2020\/12\/arton4939-e1624959669461.jpg","width":348,"height":358},{"@type":"BreadcrumbList","@id":"https:\/\/www.iemj.org\/en\/la-clarinette-dans-la-musique-klezmer\/#breadcrumb","itemListElement":[{"@type":"ListItem","position":1,"name":"Accueil","item":"https:\/\/www.iemj.org\/en\/"},{"@type":"ListItem","position":2,"name":"The clarinet in klezmer music"}]},{"@type":"WebSite","@id":"https:\/\/www.iemj.org\/en\/#website","url":"https:\/\/www.iemj.org\/en\/","name":"Institut Europ\u00e9en des Musiques Juives","description":"Des traditions musicales \u00e0 la port\u00e9e de tous","publisher":{"@id":"https:\/\/www.iemj.org\/en\/#organization"},"potentialAction":[{"@type":"SearchAction","target":{"@type":"EntryPoint","urlTemplate":"https:\/\/www.iemj.org\/en\/?s={search_term_string}"},"query-input":{"@type":"PropertyValueSpecification","valueRequired":true,"valueName":"search_term_string"}}],"inLanguage":"en-US"},{"@type":"Organization","@id":"https:\/\/www.iemj.org\/en\/#organization","name":"Institut Europ\u00e9en des Musiques Juives","url":"https:\/\/www.iemj.org\/en\/","logo":{"@type":"ImageObject","inLanguage":"en-US","@id":"https:\/\/www.iemj.org\/en\/#\/schema\/logo\/image\/","url":"https:\/\/www.iemj.org\/wp-content\/uploads\/2021\/09\/Logo-IEMJ-Paypal.jpg","contentUrl":"https:\/\/www.iemj.org\/wp-content\/uploads\/2021\/09\/Logo-IEMJ-Paypal.jpg","width":150,"height":50,"caption":"Institut Europ\u00e9en des Musiques Juives"},"image":{"@id":"https:\/\/www.iemj.org\/en\/#\/schema\/logo\/image\/"},"sameAs":["https:\/\/www.facebook.com\/MusiquesJuives\/","https:\/\/www.instagram.com\/musiquesjuives\/","https:\/\/www.youtube.com\/user\/musiquesjuives"]},{"@type":"Person","@id":"https:\/\/www.iemj.org\/en\/#\/schema\/person\/c9bc1c386a3749579a2d675e72a18666","name":"Jean-Gabriel Davis","image":{"@type":"ImageObject","inLanguage":"en-US","@id":"https:\/\/secure.gravatar.com\/avatar\/2b90d67bdf392c9b3a21fab87c0fa7edaf1fb3a058172a1ffd61033fcec7aec1?s=96&d=mm&r=g","url":"https:\/\/secure.gravatar.com\/avatar\/2b90d67bdf392c9b3a21fab87c0fa7edaf1fb3a058172a1ffd61033fcec7aec1?s=96&d=mm&r=g","contentUrl":"https:\/\/secure.gravatar.com\/avatar\/2b90d67bdf392c9b3a21fab87c0fa7edaf1fb3a058172a1ffd61033fcec7aec1?s=96&d=mm&r=g","caption":"Jean-Gabriel Davis"}}]}},"_links":{"self":[{"href":"https:\/\/www.iemj.org\/en\/wp-json\/wp\/v2\/posts\/51363","targetHints":{"allow":["GET"]}}],"collection":[{"href":"https:\/\/www.iemj.org\/en\/wp-json\/wp\/v2\/posts"}],"about":[{"href":"https:\/\/www.iemj.org\/en\/wp-json\/wp\/v2\/types\/post"}],"author":[{"embeddable":true,"href":"https:\/\/www.iemj.org\/en\/wp-json\/wp\/v2\/users\/1048"}],"replies":[{"embeddable":true,"href":"https:\/\/www.iemj.org\/en\/wp-json\/wp\/v2\/comments?post=51363"}],"version-history":[{"count":0,"href":"https:\/\/www.iemj.org\/en\/wp-json\/wp\/v2\/posts\/51363\/revisions"}],"wp:featuredmedia":[{"embeddable":true,"href":"https:\/\/www.iemj.org\/en\/wp-json\/wp\/v2\/media\/30243"}],"wp:attachment":[{"href":"https:\/\/www.iemj.org\/en\/wp-json\/wp\/v2\/media?parent=51363"}],"wp:term":[{"taxonomy":"category","embeddable":true,"href":"https:\/\/www.iemj.org\/en\/wp-json\/wp\/v2\/categories?post=51363"},{"taxonomy":"post_tag","embeddable":true,"href":"https:\/\/www.iemj.org\/en\/wp-json\/wp\/v2\/tags?post=51363"},{"taxonomy":"technique","embeddable":true,"href":"https:\/\/www.iemj.org\/en\/wp-json\/wp\/v2\/technique?post=51363"},{"taxonomy":"squelettes","embeddable":true,"href":"https:\/\/www.iemj.org\/en\/wp-json\/wp\/v2\/squelettes?post=51363"},{"taxonomy":"sujet","embeddable":true,"href":"https:\/\/www.iemj.org\/en\/wp-json\/wp\/v2\/sujet?post=51363"},{"taxonomy":"formation","embeddable":true,"href":"https:\/\/www.iemj.org\/en\/wp-json\/wp\/v2\/formation?post=51363"},{"taxonomy":"genre","embeddable":true,"href":"https:\/\/www.iemj.org\/en\/wp-json\/wp\/v2\/genre?post=51363"},{"taxonomy":"fonds","embeddable":true,"href":"https:\/\/www.iemj.org\/en\/wp-json\/wp\/v2\/fonds?post=51363"},{"taxonomy":"tradition","embeddable":true,"href":"https:\/\/www.iemj.org\/en\/wp-json\/wp\/v2\/tradition?post=51363"},{"taxonomy":"type-de-contenu","embeddable":true,"href":"https:\/\/www.iemj.org\/en\/wp-json\/wp\/v2\/type-de-contenu?post=51363"},{"taxonomy":"interprete-compositeur","embeddable":true,"href":"https:\/\/www.iemj.org\/en\/wp-json\/wp\/v2\/interprete-compositeur?post=51363"},{"taxonomy":"frise","embeddable":true,"href":"https:\/\/www.iemj.org\/en\/wp-json\/wp\/v2\/frise?post=51363"},{"taxonomy":"type-devenement","embeddable":true,"href":"https:\/\/www.iemj.org\/en\/wp-json\/wp\/v2\/type-devenement?post=51363"},{"taxonomy":"tableaux-liens-externes","embeddable":true,"href":"https:\/\/www.iemj.org\/en\/wp-json\/wp\/v2\/tableaux-liens-externes?post=51363"}],"curies":[{"name":"wp","href":"https:\/\/api.w.org\/{rel}","templated":true}]}}