{"id":51390,"date":"2018-10-17T12:55:02","date_gmt":"2018-10-17T10:55:02","guid":{"rendered":"https:\/\/www.iemj.org\/atlan-francoise\/"},"modified":"2022-05-19T14:53:05","modified_gmt":"2022-05-19T12:53:05","slug":"atlan-francoise","status":"publish","type":"post","link":"https:\/\/www.iemj.org\/en\/atlan-francoise\/","title":{"rendered":"Atlan, Fran\u00e7oise"},"content":{"rendered":"<p>An artist of two cultures, endowed with a unique vocal expression, style and technique, her Judeo-Berber roots brought her naturally to be a lover of the Mediterranean vocal heritage, in particular the Judeo-Spanish and Judeo-Arab traditions, while continuing her career as a lyrical singer.<\/p>\n<p>Graduate of Musicology at the university of Aix-en-Provence, Vermeil award in piano (in the class of Monique Oberdoerfer) and Gold award in chamber music, the composer Maurice Ohana encouraged her to sing, after choosing her to perform his Cantigas.<br \/>First Soprano in the Musicatreize Ensemble conducted by Roland Hayrabedian, she became the pupil of Andr\u00e9a Guiot at the Music Conservatory of Paris.<br \/>In 1998, she was the winner of the Villa Medicis Award Hors Les Murs for collecting the musical and poetical tradition of Fes in Morocco, as well as the Fondation Caisse d\u2019Epargne Award \u201cBest World Artist 2007\u201d ; she regularly gives master classes of singing in Geneva, Montreal, Aix-en-Provence, Brussels or Basel.<\/p>\n<p><img decoding=\"async\" class=\" alignright  wp-image-21261\" src=\"https:\/\/www.iemj.org\/wp-content\/uploads\/2018\/10\/img-4651_-_pour_bio_site_iemj.jpg\" alt=\"img-4651_-_pour_bio_site_iemj.jpg\" width=\"198\" height=\"218\" align=\"right\" \/><\/p>\n<p>In parallel to her international career of singer, she also was the Artistic Director of the Festival Des Andalousies Atlantiques d\u2019Essaouira (Morocco) from 2007 to 2015 and of the Festival des Musiques du Monde of Gibraltar.<br \/>The Festival des Andalousies Atlantiques has inspired, in summer 2015, the Festival D\u2019art Lyrique d\u2019Aix En Provence, as Fran\u00e7oise Atlan was invited to sing \u201cEssaouira Spirit\u201d.<br \/>In 2013 she created the Yemaya Company and the Women\u2019s Vocal ensemble Bilbilikos, an amateur band for which she recasted, among other things, the Judeo-Spanish and Arab-Andalusian repertoires for 4 voices.<\/p>\n<p><img decoding=\"async\" class=\" alignleft  wp-image-21263\" src=\"https:\/\/www.iemj.org\/wp-content\/uploads\/2018\/10\/img-4756_-_pour_bio_site_iemj.jpg\" alt=\"img-4756_-_pour_bio_site_iemj.jpg\" width=\"195\" height=\"218\" align=\"left\" \/><\/p>\n<p>Her new album \u201cAman ! Sefarad\u2026\u201d with the Ensemble Grec Enchordais, released in January 2015, was awarded by the \u201cHeart Crush\u201d of the Charles Cros Academy 2015. That same year, she performed with the Symphonic Orchestra of Montreal under the direction of Maestro Kent Nagano, as part of the season \u201cThe Imaginary Eastern\u201d, with the composer Philipp Glass. French radio station France Musique dedicated to her a one hour portrait in the show Couleurs du Monde, to celebrate the 20th year of her career.<\/p>\n<p>That same year in 2015, the Ministry of Culture ordered a musical work around the feminine vocal tradition of the Mediterranean. \u201cZelliges\u201d (1h15) was born, for vocals, oud, piano and percussion. In this piece, created during the Joutes Musicales de Correns (Var), Fran\u00e7oise Atlan blends together poems in her favorite languages, Hebrew, Arab and Castillan.<\/p>\n<p>In 2016, Francoise Atlan led a Choral Academic project, \u201cConvivencia \u201c, with over 100 junior high school pupils.<\/p>\n<p>Invited to major international stages such as Carnegie Hall in New York, the International Festival of Mexico, the Theatre of La Monnaie in Brussels, the Festival of Sacred Music of Fes, the Arsenal of Metz, the Salle Pleyel, or the Lyrical Art Festival of Aix, the singer Fran\u00e7oise Atlan recorded several discs acclaimed by the critic \u2013 Diapason d\u2019Or, Choc du Monde de La Musique, FFFF T\u00e9l\u00e9rama, Grand prix de l\u2019Acad\u00e9mie Charles Cros\u2026<\/p>\n<p><strong>Discography :<\/strong><\/p>\n<p>\u201cRomances Sefarades \u201d Buda Musique (FFFF T\u00e9l\u00e9rama)<br \/>\u201cNoches \u201d Buda Musique (Choc du Monde de La Musique)<br \/>\u201cEntre la rose et le jasmin\u201d (Diapason d\u2019Or)<br \/>\u201cCantigas de Santa Maria\u201d with Joel Cohen and the ensemble Gilles Binchois (Erato and Na\u00efve)<br \/>\u201cNawah \u201d with Palestinian singer Moneim Oudwan<br \/>\u201cAndalussiyat\u201d Universal (Prix de l\u2019acad\u00e9mie Charles Cros)<br \/>\u201cTerres Turquoise\u201d with Constantinople, Atma (Diapason d\u2019Or)<br \/>\u201cAy Amor !! \u201d with Constantinople.<br \/>\u201cAman ! Sefarad\u201d (2015) with the Ensemble En Chordais of Thessaloniki<\/p>\n<p><a href=\"http:\/\/www.rachelnet.net\/F\/?func=find-c&amp;ccl_term=WRD+%3D+francoise+atlan&amp;local_base=iemcg\">Look at our catalogue of songs of Fran\u00e7oise Atlan<\/a><\/p>\n<p><a href=\"https:\/\/www.musicme.com\/#\/Francoise-Atlan\/albums\/\">Listen to tracks of Fran\u00e7oise Atlan\u2019s albums<\/a><\/p>\n\n\n<figure class=\"wp-block-embed is-type-video is-provider-youtube wp-block-embed-youtube wp-embed-aspect-16-9 wp-has-aspect-ratio\"><div class=\"wp-block-embed__wrapper\">\n<iframe title=\"Andalouses | Fran\u00e7oise Atlan et Bahaa Ronda\" width=\"640\" height=\"360\" src=\"https:\/\/www.youtube.com\/embed\/6pvkr2nkGSs?feature=oembed\" frameborder=\"0\" allow=\"accelerometer; autoplay; clipboard-write; encrypted-media; gyroscope; picture-in-picture; web-share\" referrerpolicy=\"strict-origin-when-cross-origin\" allowfullscreen><\/iframe>\n<\/div><figcaption><strong>Los bilbilikos<\/strong><\/figcaption><\/figure>\n","protected":false},"excerpt":{"rendered":"<p>An artist of two cultures, endowed with a unique vocal expression, style and technique, her Judeo-Berber roots brought her naturally to be a lover of the Mediterranean vocal heritage, in<\/p>\n","protected":false},"author":5,"featured_media":21259,"comment_status":"closed","ping_status":"open","sticky":false,"template":"","format":"standard","meta":{"_acf_changed":false,"footnotes":""},"categories":[903],"tags":[],"technique":[],"squelettes":[],"sujet":[],"formation":[],"genre":[],"fonds":[],"tradition":[],"type-de-contenu":[],"interprete-compositeur":[],"frise":[],"type-devenement":[],"tableaux-liens-externes":[],"class_list":["post-51390","post","type-post","status-publish","format-standard","has-post-thumbnail","hentry","category-biographies-en"],"acf":[],"yoast_head":"<!-- This site is optimized with the Yoast SEO plugin v27.3 - https:\/\/yoast.com\/product\/yoast-seo-wordpress\/ -->\n<title>Atlan, Fran\u00e7oise - Institut Europ\u00e9en des Musiques Juives<\/title>\n<meta name=\"robots\" content=\"index, follow, max-snippet:-1, max-image-preview:large, max-video-preview:-1\" \/>\n<link rel=\"canonical\" href=\"https:\/\/www.iemj.org\/en\/atlan-francoise\/\" \/>\n<meta property=\"og:locale\" content=\"en_US\" \/>\n<meta property=\"og:type\" content=\"article\" \/>\n<meta property=\"og:title\" content=\"Atlan, Fran\u00e7oise - Institut Europ\u00e9en des Musiques Juives\" \/>\n<meta property=\"og:description\" content=\"An artist of two cultures, endowed with a unique vocal expression, style and technique, her Judeo-Berber roots brought her naturally to be a lover of the Mediterranean vocal heritage, in\" \/>\n<meta property=\"og:url\" content=\"https:\/\/www.iemj.org\/en\/atlan-francoise\/\" \/>\n<meta property=\"og:site_name\" content=\"Institut Europ\u00e9en des Musiques Juives\" \/>\n<meta property=\"article:publisher\" content=\"https:\/\/www.facebook.com\/MusiquesJuives\/\" \/>\n<meta property=\"article:published_time\" content=\"2018-10-17T10:55:02+00:00\" \/>\n<meta property=\"article:modified_time\" content=\"2022-05-19T12:53:05+00:00\" \/>\n<meta property=\"og:image\" content=\"https:\/\/www.iemj.org\/wp-content\/uploads\/2018\/10\/arton3682-e1624961612258.jpg\" \/>\n\t<meta property=\"og:image:width\" content=\"190\" \/>\n\t<meta property=\"og:image:height\" content=\"218\" \/>\n\t<meta property=\"og:image:type\" content=\"image\/jpeg\" \/>\n<meta name=\"author\" content=\"Jacqueline ROTEN\" \/>\n<meta name=\"twitter:card\" content=\"summary_large_image\" \/>\n<meta name=\"twitter:label1\" content=\"Written by\" \/>\n\t<meta name=\"twitter:data1\" content=\"Jacqueline ROTEN\" \/>\n\t<meta name=\"twitter:label2\" content=\"Est. reading time\" \/>\n\t<meta name=\"twitter:data2\" content=\"4 minutes\" \/>\n<script type=\"application\/ld+json\" class=\"yoast-schema-graph\">{\"@context\":\"https:\\\/\\\/schema.org\",\"@graph\":[{\"@type\":\"Article\",\"@id\":\"https:\\\/\\\/www.iemj.org\\\/en\\\/atlan-francoise\\\/#article\",\"isPartOf\":{\"@id\":\"https:\\\/\\\/www.iemj.org\\\/en\\\/atlan-francoise\\\/\"},\"author\":{\"name\":\"Jacqueline ROTEN\",\"@id\":\"https:\\\/\\\/www.iemj.org\\\/en\\\/#\\\/schema\\\/person\\\/358e26c18aca017fcc4cc15437f7279c\"},\"headline\":\"Atlan, Fran\u00e7oise\",\"datePublished\":\"2018-10-17T10:55:02+00:00\",\"dateModified\":\"2022-05-19T12:53:05+00:00\",\"mainEntityOfPage\":{\"@id\":\"https:\\\/\\\/www.iemj.org\\\/en\\\/atlan-francoise\\\/\"},\"wordCount\":587,\"publisher\":{\"@id\":\"https:\\\/\\\/www.iemj.org\\\/en\\\/#organization\"},\"image\":{\"@id\":\"https:\\\/\\\/www.iemj.org\\\/en\\\/atlan-francoise\\\/#primaryimage\"},\"thumbnailUrl\":\"https:\\\/\\\/www.iemj.org\\\/wp-content\\\/uploads\\\/2018\\\/10\\\/arton3682-e1624961612258.jpg\",\"articleSection\":[\"Biographies\"],\"inLanguage\":\"en-US\"},{\"@type\":\"WebPage\",\"@id\":\"https:\\\/\\\/www.iemj.org\\\/en\\\/atlan-francoise\\\/\",\"url\":\"https:\\\/\\\/www.iemj.org\\\/en\\\/atlan-francoise\\\/\",\"name\":\"Atlan, Fran\u00e7oise - Institut Europ\u00e9en des Musiques Juives\",\"isPartOf\":{\"@id\":\"https:\\\/\\\/www.iemj.org\\\/en\\\/#website\"},\"primaryImageOfPage\":{\"@id\":\"https:\\\/\\\/www.iemj.org\\\/en\\\/atlan-francoise\\\/#primaryimage\"},\"image\":{\"@id\":\"https:\\\/\\\/www.iemj.org\\\/en\\\/atlan-francoise\\\/#primaryimage\"},\"thumbnailUrl\":\"https:\\\/\\\/www.iemj.org\\\/wp-content\\\/uploads\\\/2018\\\/10\\\/arton3682-e1624961612258.jpg\",\"datePublished\":\"2018-10-17T10:55:02+00:00\",\"dateModified\":\"2022-05-19T12:53:05+00:00\",\"breadcrumb\":{\"@id\":\"https:\\\/\\\/www.iemj.org\\\/en\\\/atlan-francoise\\\/#breadcrumb\"},\"inLanguage\":\"en-US\",\"potentialAction\":[{\"@type\":\"ReadAction\",\"target\":[\"https:\\\/\\\/www.iemj.org\\\/en\\\/atlan-francoise\\\/\"]}]},{\"@type\":\"ImageObject\",\"inLanguage\":\"en-US\",\"@id\":\"https:\\\/\\\/www.iemj.org\\\/en\\\/atlan-francoise\\\/#primaryimage\",\"url\":\"https:\\\/\\\/www.iemj.org\\\/wp-content\\\/uploads\\\/2018\\\/10\\\/arton3682-e1624961612258.jpg\",\"contentUrl\":\"https:\\\/\\\/www.iemj.org\\\/wp-content\\\/uploads\\\/2018\\\/10\\\/arton3682-e1624961612258.jpg\",\"width\":190,\"height\":218,\"caption\":\"logo bio Fran\u00e7oise Atlan\"},{\"@type\":\"BreadcrumbList\",\"@id\":\"https:\\\/\\\/www.iemj.org\\\/en\\\/atlan-francoise\\\/#breadcrumb\",\"itemListElement\":[{\"@type\":\"ListItem\",\"position\":1,\"name\":\"Accueil\",\"item\":\"https:\\\/\\\/www.iemj.org\\\/en\\\/\"},{\"@type\":\"ListItem\",\"position\":2,\"name\":\"Atlan, Fran\u00e7oise\"}]},{\"@type\":\"WebSite\",\"@id\":\"https:\\\/\\\/www.iemj.org\\\/en\\\/#website\",\"url\":\"https:\\\/\\\/www.iemj.org\\\/en\\\/\",\"name\":\"Institut Europ\u00e9en des Musiques Juives\",\"description\":\"Des traditions musicales \u00e0 la port\u00e9e de tous\",\"publisher\":{\"@id\":\"https:\\\/\\\/www.iemj.org\\\/en\\\/#organization\"},\"potentialAction\":[{\"@type\":\"SearchAction\",\"target\":{\"@type\":\"EntryPoint\",\"urlTemplate\":\"https:\\\/\\\/www.iemj.org\\\/en\\\/?s={search_term_string}\"},\"query-input\":{\"@type\":\"PropertyValueSpecification\",\"valueRequired\":true,\"valueName\":\"search_term_string\"}}],\"inLanguage\":\"en-US\"},{\"@type\":\"Organization\",\"@id\":\"https:\\\/\\\/www.iemj.org\\\/en\\\/#organization\",\"name\":\"Institut Europ\u00e9en des Musiques Juives\",\"url\":\"https:\\\/\\\/www.iemj.org\\\/en\\\/\",\"logo\":{\"@type\":\"ImageObject\",\"inLanguage\":\"en-US\",\"@id\":\"https:\\\/\\\/www.iemj.org\\\/en\\\/#\\\/schema\\\/logo\\\/image\\\/\",\"url\":\"https:\\\/\\\/www.iemj.org\\\/wp-content\\\/uploads\\\/2021\\\/09\\\/Logo-IEMJ-Paypal.jpg\",\"contentUrl\":\"https:\\\/\\\/www.iemj.org\\\/wp-content\\\/uploads\\\/2021\\\/09\\\/Logo-IEMJ-Paypal.jpg\",\"width\":150,\"height\":50,\"caption\":\"Institut Europ\u00e9en des Musiques Juives\"},\"image\":{\"@id\":\"https:\\\/\\\/www.iemj.org\\\/en\\\/#\\\/schema\\\/logo\\\/image\\\/\"},\"sameAs\":[\"https:\\\/\\\/www.facebook.com\\\/MusiquesJuives\\\/\",\"https:\\\/\\\/www.instagram.com\\\/musiquesjuives\\\/\",\"https:\\\/\\\/www.youtube.com\\\/user\\\/musiquesjuives\"]},{\"@type\":\"Person\",\"@id\":\"https:\\\/\\\/www.iemj.org\\\/en\\\/#\\\/schema\\\/person\\\/358e26c18aca017fcc4cc15437f7279c\",\"name\":\"Jacqueline ROTEN\",\"image\":{\"@type\":\"ImageObject\",\"inLanguage\":\"en-US\",\"@id\":\"https:\\\/\\\/secure.gravatar.com\\\/avatar\\\/5964256d6c6957de3a3505278957e0fb2a35119ac47ea41827a65301213c810b?s=96&d=mm&r=g\",\"url\":\"https:\\\/\\\/secure.gravatar.com\\\/avatar\\\/5964256d6c6957de3a3505278957e0fb2a35119ac47ea41827a65301213c810b?s=96&d=mm&r=g\",\"contentUrl\":\"https:\\\/\\\/secure.gravatar.com\\\/avatar\\\/5964256d6c6957de3a3505278957e0fb2a35119ac47ea41827a65301213c810b?s=96&d=mm&r=g\",\"caption\":\"Jacqueline ROTEN\"}}]}<\/script>\n<!-- \/ Yoast SEO plugin. -->","yoast_head_json":{"title":"Atlan, Fran\u00e7oise - Institut Europ\u00e9en des Musiques Juives","robots":{"index":"index","follow":"follow","max-snippet":"max-snippet:-1","max-image-preview":"max-image-preview:large","max-video-preview":"max-video-preview:-1"},"canonical":"https:\/\/www.iemj.org\/en\/atlan-francoise\/","og_locale":"en_US","og_type":"article","og_title":"Atlan, Fran\u00e7oise - Institut Europ\u00e9en des Musiques Juives","og_description":"An artist of two cultures, endowed with a unique vocal expression, style and technique, her Judeo-Berber roots brought her naturally to be a lover of the Mediterranean vocal heritage, in","og_url":"https:\/\/www.iemj.org\/en\/atlan-francoise\/","og_site_name":"Institut Europ\u00e9en des Musiques Juives","article_publisher":"https:\/\/www.facebook.com\/MusiquesJuives\/","article_published_time":"2018-10-17T10:55:02+00:00","article_modified_time":"2022-05-19T12:53:05+00:00","og_image":[{"width":190,"height":218,"url":"https:\/\/www.iemj.org\/wp-content\/uploads\/2018\/10\/arton3682-e1624961612258.jpg","type":"image\/jpeg"}],"author":"Jacqueline ROTEN","twitter_card":"summary_large_image","twitter_misc":{"Written by":"Jacqueline ROTEN","Est. reading time":"4 minutes"},"schema":{"@context":"https:\/\/schema.org","@graph":[{"@type":"Article","@id":"https:\/\/www.iemj.org\/en\/atlan-francoise\/#article","isPartOf":{"@id":"https:\/\/www.iemj.org\/en\/atlan-francoise\/"},"author":{"name":"Jacqueline ROTEN","@id":"https:\/\/www.iemj.org\/en\/#\/schema\/person\/358e26c18aca017fcc4cc15437f7279c"},"headline":"Atlan, Fran\u00e7oise","datePublished":"2018-10-17T10:55:02+00:00","dateModified":"2022-05-19T12:53:05+00:00","mainEntityOfPage":{"@id":"https:\/\/www.iemj.org\/en\/atlan-francoise\/"},"wordCount":587,"publisher":{"@id":"https:\/\/www.iemj.org\/en\/#organization"},"image":{"@id":"https:\/\/www.iemj.org\/en\/atlan-francoise\/#primaryimage"},"thumbnailUrl":"https:\/\/www.iemj.org\/wp-content\/uploads\/2018\/10\/arton3682-e1624961612258.jpg","articleSection":["Biographies"],"inLanguage":"en-US"},{"@type":"WebPage","@id":"https:\/\/www.iemj.org\/en\/atlan-francoise\/","url":"https:\/\/www.iemj.org\/en\/atlan-francoise\/","name":"Atlan, Fran\u00e7oise - Institut Europ\u00e9en des Musiques Juives","isPartOf":{"@id":"https:\/\/www.iemj.org\/en\/#website"},"primaryImageOfPage":{"@id":"https:\/\/www.iemj.org\/en\/atlan-francoise\/#primaryimage"},"image":{"@id":"https:\/\/www.iemj.org\/en\/atlan-francoise\/#primaryimage"},"thumbnailUrl":"https:\/\/www.iemj.org\/wp-content\/uploads\/2018\/10\/arton3682-e1624961612258.jpg","datePublished":"2018-10-17T10:55:02+00:00","dateModified":"2022-05-19T12:53:05+00:00","breadcrumb":{"@id":"https:\/\/www.iemj.org\/en\/atlan-francoise\/#breadcrumb"},"inLanguage":"en-US","potentialAction":[{"@type":"ReadAction","target":["https:\/\/www.iemj.org\/en\/atlan-francoise\/"]}]},{"@type":"ImageObject","inLanguage":"en-US","@id":"https:\/\/www.iemj.org\/en\/atlan-francoise\/#primaryimage","url":"https:\/\/www.iemj.org\/wp-content\/uploads\/2018\/10\/arton3682-e1624961612258.jpg","contentUrl":"https:\/\/www.iemj.org\/wp-content\/uploads\/2018\/10\/arton3682-e1624961612258.jpg","width":190,"height":218,"caption":"logo bio Fran\u00e7oise Atlan"},{"@type":"BreadcrumbList","@id":"https:\/\/www.iemj.org\/en\/atlan-francoise\/#breadcrumb","itemListElement":[{"@type":"ListItem","position":1,"name":"Accueil","item":"https:\/\/www.iemj.org\/en\/"},{"@type":"ListItem","position":2,"name":"Atlan, Fran\u00e7oise"}]},{"@type":"WebSite","@id":"https:\/\/www.iemj.org\/en\/#website","url":"https:\/\/www.iemj.org\/en\/","name":"Institut Europ\u00e9en des Musiques Juives","description":"Des traditions musicales \u00e0 la port\u00e9e de tous","publisher":{"@id":"https:\/\/www.iemj.org\/en\/#organization"},"potentialAction":[{"@type":"SearchAction","target":{"@type":"EntryPoint","urlTemplate":"https:\/\/www.iemj.org\/en\/?s={search_term_string}"},"query-input":{"@type":"PropertyValueSpecification","valueRequired":true,"valueName":"search_term_string"}}],"inLanguage":"en-US"},{"@type":"Organization","@id":"https:\/\/www.iemj.org\/en\/#organization","name":"Institut Europ\u00e9en des Musiques Juives","url":"https:\/\/www.iemj.org\/en\/","logo":{"@type":"ImageObject","inLanguage":"en-US","@id":"https:\/\/www.iemj.org\/en\/#\/schema\/logo\/image\/","url":"https:\/\/www.iemj.org\/wp-content\/uploads\/2021\/09\/Logo-IEMJ-Paypal.jpg","contentUrl":"https:\/\/www.iemj.org\/wp-content\/uploads\/2021\/09\/Logo-IEMJ-Paypal.jpg","width":150,"height":50,"caption":"Institut Europ\u00e9en des Musiques Juives"},"image":{"@id":"https:\/\/www.iemj.org\/en\/#\/schema\/logo\/image\/"},"sameAs":["https:\/\/www.facebook.com\/MusiquesJuives\/","https:\/\/www.instagram.com\/musiquesjuives\/","https:\/\/www.youtube.com\/user\/musiquesjuives"]},{"@type":"Person","@id":"https:\/\/www.iemj.org\/en\/#\/schema\/person\/358e26c18aca017fcc4cc15437f7279c","name":"Jacqueline ROTEN","image":{"@type":"ImageObject","inLanguage":"en-US","@id":"https:\/\/secure.gravatar.com\/avatar\/5964256d6c6957de3a3505278957e0fb2a35119ac47ea41827a65301213c810b?s=96&d=mm&r=g","url":"https:\/\/secure.gravatar.com\/avatar\/5964256d6c6957de3a3505278957e0fb2a35119ac47ea41827a65301213c810b?s=96&d=mm&r=g","contentUrl":"https:\/\/secure.gravatar.com\/avatar\/5964256d6c6957de3a3505278957e0fb2a35119ac47ea41827a65301213c810b?s=96&d=mm&r=g","caption":"Jacqueline ROTEN"}}]}},"_links":{"self":[{"href":"https:\/\/www.iemj.org\/en\/wp-json\/wp\/v2\/posts\/51390","targetHints":{"allow":["GET"]}}],"collection":[{"href":"https:\/\/www.iemj.org\/en\/wp-json\/wp\/v2\/posts"}],"about":[{"href":"https:\/\/www.iemj.org\/en\/wp-json\/wp\/v2\/types\/post"}],"author":[{"embeddable":true,"href":"https:\/\/www.iemj.org\/en\/wp-json\/wp\/v2\/users\/5"}],"replies":[{"embeddable":true,"href":"https:\/\/www.iemj.org\/en\/wp-json\/wp\/v2\/comments?post=51390"}],"version-history":[{"count":0,"href":"https:\/\/www.iemj.org\/en\/wp-json\/wp\/v2\/posts\/51390\/revisions"}],"wp:featuredmedia":[{"embeddable":true,"href":"https:\/\/www.iemj.org\/en\/wp-json\/wp\/v2\/media\/21259"}],"wp:attachment":[{"href":"https:\/\/www.iemj.org\/en\/wp-json\/wp\/v2\/media?parent=51390"}],"wp:term":[{"taxonomy":"category","embeddable":true,"href":"https:\/\/www.iemj.org\/en\/wp-json\/wp\/v2\/categories?post=51390"},{"taxonomy":"post_tag","embeddable":true,"href":"https:\/\/www.iemj.org\/en\/wp-json\/wp\/v2\/tags?post=51390"},{"taxonomy":"technique","embeddable":true,"href":"https:\/\/www.iemj.org\/en\/wp-json\/wp\/v2\/technique?post=51390"},{"taxonomy":"squelettes","embeddable":true,"href":"https:\/\/www.iemj.org\/en\/wp-json\/wp\/v2\/squelettes?post=51390"},{"taxonomy":"sujet","embeddable":true,"href":"https:\/\/www.iemj.org\/en\/wp-json\/wp\/v2\/sujet?post=51390"},{"taxonomy":"formation","embeddable":true,"href":"https:\/\/www.iemj.org\/en\/wp-json\/wp\/v2\/formation?post=51390"},{"taxonomy":"genre","embeddable":true,"href":"https:\/\/www.iemj.org\/en\/wp-json\/wp\/v2\/genre?post=51390"},{"taxonomy":"fonds","embeddable":true,"href":"https:\/\/www.iemj.org\/en\/wp-json\/wp\/v2\/fonds?post=51390"},{"taxonomy":"tradition","embeddable":true,"href":"https:\/\/www.iemj.org\/en\/wp-json\/wp\/v2\/tradition?post=51390"},{"taxonomy":"type-de-contenu","embeddable":true,"href":"https:\/\/www.iemj.org\/en\/wp-json\/wp\/v2\/type-de-contenu?post=51390"},{"taxonomy":"interprete-compositeur","embeddable":true,"href":"https:\/\/www.iemj.org\/en\/wp-json\/wp\/v2\/interprete-compositeur?post=51390"},{"taxonomy":"frise","embeddable":true,"href":"https:\/\/www.iemj.org\/en\/wp-json\/wp\/v2\/frise?post=51390"},{"taxonomy":"type-devenement","embeddable":true,"href":"https:\/\/www.iemj.org\/en\/wp-json\/wp\/v2\/type-devenement?post=51390"},{"taxonomy":"tableaux-liens-externes","embeddable":true,"href":"https:\/\/www.iemj.org\/en\/wp-json\/wp\/v2\/tableaux-liens-externes?post=51390"}],"curies":[{"name":"wp","href":"https:\/\/api.w.org\/{rel}","templated":true}]}}